{"id":28793,"date":"2023-10-11T12:28:38","date_gmt":"2023-10-11T12:28:38","guid":{"rendered":"https:\/\/cvinoticias.com\/v3\/?p=28793"},"modified":"2023-10-11T12:28:38","modified_gmt":"2023-10-11T12:28:38","slug":"diputados-aprobo-el-programa-argentina-inclusiva","status":"publish","type":"post","link":"https:\/\/cvinoticias.com\/v3\/diputados-aprobo-el-programa-argentina-inclusiva\/","title":{"rendered":"Diputados aprob\u00f3 el programa Argentina Inclusiva"},"content":{"rendered":"\n<p><strong><em>La iniciativa, aprobada por unanimidad y con 243 votos, re\u00fane proyectos de legisladores de diferentes bloques.<\/em><\/strong><\/p>\n\n\n\n<p>La C\u00e1mara de Diputados aprob\u00f3 y gir\u00f3 al Senado el proyecto de ley Argentina Inclusiva, que establece la capacitaci\u00f3n y formaci\u00f3n obligatoria, permanente y actualizada en materia de discapacidad y accesibilidad universal al personal de los tres poderes del Estado.<\/p>\n\n\n\n<p>La iniciativa, aprobada por unanimidad y con 243 votos, re\u00fane proyectos de legisladores de diferentes bloques, entre ellos uno de la diputada del bloque C\u00f3rdoba Federal, Natalia de la Sota, del Frente de Todos (FDT); Silvana Ginocchio, del PRO; H\u00e9ctor Baldassi y Dina Rezinovsky.<\/p>\n\n\n\n<p>El debate cont\u00f3 en los palcos de la c\u00e1mara Baja con la presencia de representantes de diferentes asociaciones vinculadas a la discapacidad.<\/p>\n\n\n\n<p>En el marco de la sesi\u00f3n, el presidente de la Comisi\u00f3n de Discapacidad, el diputado de Juntos Somos R\u00edo Negro, Luis Di Gi\u00e1como, puso de relieve la importancia del proyecto y cuestion\u00f3, sin nombrarlo, al candidato de La Libertad Avanza (LLA), Javier Milei, \u00abque dice que no van a permitir que le roben el dinero desde el Estado para ser distribuido\u00bb.<\/p>\n\n\n\n<p>De la Sota, autora de uno de los proyectos, sostuvo que la iniciativa \u00abest\u00e1 destinada a la capacitaci\u00f3n y formaci\u00f3n en materia de discapacidad y accesibilidad universal para todos los que se desempe\u00f1an en la administraci\u00f3n p\u00fablica en todas las jerarqu\u00edas y en los tres poderes del Estado\u00bb y lament\u00f3 que \u00abmiremos a la discapacidad de reojo aunque es una realidad que nos puede llegar a todos\u00bb.<\/p>\n\n\n\n<p>Tambi\u00e9n, la diputada del FDT por Mendoza Marisa Uceda puso de relieve los logros del Gobierno nacional en materia de discapacidad y afirm\u00f3 que con esta ley \u00abes reconocer en el otro nuestra patria. No es con odio, no es con discriminaci\u00f3n, es con el compromiso que esta democracia se fortalece con todos adentro\u00bb.<\/p>\n","protected":false},"excerpt":{"rendered":"<p>La iniciativa, aprobada por unanimidad y con 243 votos, re\u00fane proyectos de legisladores de diferentes bloques. La C\u00e1mara de Diputados aprob\u00f3 y gir\u00f3 al Senado el proyecto de ley Argentina Inclusiva, que establece la capacitaci\u00f3n y formaci\u00f3n obligatoria, permanente y actualizada en materia de discapacidad y accesibilidad universal al personal de los tres poderes del [&hellip;]<\/p>\n","protected":false},"author":2,"featured_media":28794,"comment_status":"open","ping_status":"open","sticky":false,"template":"","format":"standard","meta":{"footnotes":""},"categories":[39],"tags":[],"class_list":["post-28793","post","type-post","status-publish","format-standard","has-post-thumbnail","hentry","category-nacionales"],"yoast_head":"<!-- This site is optimized with the Yoast SEO plugin v27.5 - https:\/\/yoast.com\/product\/yoast-seo-wordpress\/ -->\n<title>Diputados aprob\u00f3 el programa Argentina Inclusiva | CVI NOTICIAS<\/title>\n<meta name=\"robots\" content=\"index, follow, max-snippet:-1, max-image-preview:large, max-video-preview:-1\" \/>\n<link rel=\"canonical\" href=\"https:\/\/cvinoticias.com\/v3\/diputados-aprobo-el-programa-argentina-inclusiva\/\" \/>\n<meta property=\"og:locale\" content=\"es_ES\" \/>\n<meta property=\"og:type\" content=\"article\" \/>\n<meta property=\"og:title\" content=\"Diputados aprob\u00f3 el programa Argentina Inclusiva | CVI NOTICIAS\" \/>\n<meta property=\"og:description\" content=\"La iniciativa, aprobada por unanimidad y con 243 votos, re\u00fane proyectos de legisladores de diferentes bloques. La C\u00e1mara de Diputados aprob\u00f3 y gir\u00f3 al Senado el proyecto de ley Argentina Inclusiva, que establece la capacitaci\u00f3n y formaci\u00f3n obligatoria, permanente y actualizada en materia de discapacidad y accesibilidad universal al personal de los tres poderes del [&hellip;]\" \/>\n<meta property=\"og:url\" content=\"https:\/\/cvinoticias.com\/v3\/diputados-aprobo-el-programa-argentina-inclusiva\/\" \/>\n<meta property=\"og:site_name\" content=\"CVI NOTICIAS\" \/>\n<meta property=\"article:publisher\" content=\"https:\/\/www.facebook.com\/cvinoticias\" \/>\n<meta property=\"article:published_time\" content=\"2023-10-11T12:28:38+00:00\" \/>\n<meta property=\"og:image\" content=\"https:\/\/cvinoticias.com\/wp-content\/uploads\/2023\/10\/f608x342-182996_212719_0.jpg\" \/>\n\t<meta property=\"og:image:width\" content=\"608\" \/>\n\t<meta property=\"og:image:height\" content=\"342\" \/>\n\t<meta property=\"og:image:type\" content=\"image\/jpeg\" \/>\n<meta name=\"author\" content=\"f1000024\" \/>\n<meta name=\"twitter:card\" content=\"summary_large_image\" \/>\n<meta name=\"twitter:label1\" content=\"Escrito por\" \/>\n\t<meta name=\"twitter:data1\" content=\"f1000024\" \/>\n\t<meta name=\"twitter:label2\" content=\"Tiempo de lectura\" \/>\n\t<meta name=\"twitter:data2\" content=\"2 minutos\" \/>\n<script type=\"application\/ld+json\" class=\"yoast-schema-graph\">{\"@context\":\"https:\\\/\\\/schema.org\",\"@graph\":[{\"@type\":\"Article\",\"@id\":\"https:\\\/\\\/cvinoticias.com\\\/v3\\\/diputados-aprobo-el-programa-argentina-inclusiva\\\/#article\",\"isPartOf\":{\"@id\":\"https:\\\/\\\/cvinoticias.com\\\/v3\\\/diputados-aprobo-el-programa-argentina-inclusiva\\\/\"},\"author\":{\"name\":\"f1000024\",\"@id\":\"https:\\\/\\\/cvinoticias.com\\\/v3\\\/#\\\/schema\\\/person\\\/2db77e3c6bc03c538495d7b2b8be9b66\"},\"headline\":\"Diputados aprob\u00f3 el programa Argentina Inclusiva\",\"datePublished\":\"2023-10-11T12:28:38+00:00\",\"mainEntityOfPage\":{\"@id\":\"https:\\\/\\\/cvinoticias.com\\\/v3\\\/diputados-aprobo-el-programa-argentina-inclusiva\\\/\"},\"wordCount\":328,\"commentCount\":0,\"publisher\":{\"@id\":\"https:\\\/\\\/cvinoticias.com\\\/v3\\\/#organization\"},\"image\":{\"@id\":\"https:\\\/\\\/cvinoticias.com\\\/v3\\\/diputados-aprobo-el-programa-argentina-inclusiva\\\/#primaryimage\"},\"thumbnailUrl\":\"https:\\\/\\\/cvinoticias.com\\\/wp-content\\\/uploads\\\/2023\\\/10\\\/f608x342-182996_212719_0.jpg\",\"articleSection\":[\"Nacionales\"],\"inLanguage\":\"es\",\"potentialAction\":[{\"@type\":\"CommentAction\",\"name\":\"Comment\",\"target\":[\"https:\\\/\\\/cvinoticias.com\\\/v3\\\/diputados-aprobo-el-programa-argentina-inclusiva\\\/#respond\"]}]},{\"@type\":\"WebPage\",\"@id\":\"https:\\\/\\\/cvinoticias.com\\\/v3\\\/diputados-aprobo-el-programa-argentina-inclusiva\\\/\",\"url\":\"https:\\\/\\\/cvinoticias.com\\\/v3\\\/diputados-aprobo-el-programa-argentina-inclusiva\\\/\",\"name\":\"Diputados aprob\u00f3 el programa Argentina Inclusiva | CVI NOTICIAS\",\"isPartOf\":{\"@id\":\"https:\\\/\\\/cvinoticias.com\\\/v3\\\/#website\"},\"primaryImageOfPage\":{\"@id\":\"https:\\\/\\\/cvinoticias.com\\\/v3\\\/diputados-aprobo-el-programa-argentina-inclusiva\\\/#primaryimage\"},\"image\":{\"@id\":\"https:\\\/\\\/cvinoticias.com\\\/v3\\\/diputados-aprobo-el-programa-argentina-inclusiva\\\/#primaryimage\"},\"thumbnailUrl\":\"https:\\\/\\\/cvinoticias.com\\\/wp-content\\\/uploads\\\/2023\\\/10\\\/f608x342-182996_212719_0.jpg\",\"datePublished\":\"2023-10-11T12:28:38+00:00\",\"breadcrumb\":{\"@id\":\"https:\\\/\\\/cvinoticias.com\\\/v3\\\/diputados-aprobo-el-programa-argentina-inclusiva\\\/#breadcrumb\"},\"inLanguage\":\"es\",\"potentialAction\":[{\"@type\":\"ReadAction\",\"target\":[\"https:\\\/\\\/cvinoticias.com\\\/v3\\\/diputados-aprobo-el-programa-argentina-inclusiva\\\/\"]}]},{\"@type\":\"ImageObject\",\"inLanguage\":\"es\",\"@id\":\"https:\\\/\\\/cvinoticias.com\\\/v3\\\/diputados-aprobo-el-programa-argentina-inclusiva\\\/#primaryimage\",\"url\":\"https:\\\/\\\/cvinoticias.com\\\/wp-content\\\/uploads\\\/2023\\\/10\\\/f608x342-182996_212719_0.jpg\",\"contentUrl\":\"https:\\\/\\\/cvinoticias.com\\\/wp-content\\\/uploads\\\/2023\\\/10\\\/f608x342-182996_212719_0.jpg\",\"width\":608,\"height\":342},{\"@type\":\"BreadcrumbList\",\"@id\":\"https:\\\/\\\/cvinoticias.com\\\/v3\\\/diputados-aprobo-el-programa-argentina-inclusiva\\\/#breadcrumb\",\"itemListElement\":[{\"@type\":\"ListItem\",\"position\":1,\"name\":\"Portada\",\"item\":\"https:\\\/\\\/cvinoticias.com\\\/v3\\\/\"},{\"@type\":\"ListItem\",\"position\":2,\"name\":\"Diputados aprob\u00f3 el programa Argentina Inclusiva\"}]},{\"@type\":\"WebSite\",\"@id\":\"https:\\\/\\\/cvinoticias.com\\\/v3\\\/#website\",\"url\":\"https:\\\/\\\/cvinoticias.com\\\/v3\\\/\",\"name\":\"CVI NOTICIAS\",\"description\":\"\",\"publisher\":{\"@id\":\"https:\\\/\\\/cvinoticias.com\\\/v3\\\/#organization\"},\"alternateName\":\"CVI\",\"potentialAction\":[{\"@type\":\"SearchAction\",\"target\":{\"@type\":\"EntryPoint\",\"urlTemplate\":\"https:\\\/\\\/cvinoticias.com\\\/v3\\\/?s={search_term_string}\"},\"query-input\":{\"@type\":\"PropertyValueSpecification\",\"valueRequired\":true,\"valueName\":\"search_term_string\"}}],\"inLanguage\":\"es\"},{\"@type\":\"Organization\",\"@id\":\"https:\\\/\\\/cvinoticias.com\\\/v3\\\/#organization\",\"name\":\"CVI NOTICIAS\",\"url\":\"https:\\\/\\\/cvinoticias.com\\\/v3\\\/\",\"logo\":{\"@type\":\"ImageObject\",\"inLanguage\":\"es\",\"@id\":\"https:\\\/\\\/cvinoticias.com\\\/v3\\\/#\\\/schema\\\/logo\\\/image\\\/\",\"url\":\"https:\\\/\\\/cvinoticias.com\\\/wp-content\\\/uploads\\\/2023\\\/04\\\/cropped-cropped-cropped-cropped-cropped-3-1.png\",\"contentUrl\":\"https:\\\/\\\/cvinoticias.com\\\/wp-content\\\/uploads\\\/2023\\\/04\\\/cropped-cropped-cropped-cropped-cropped-3-1.png\",\"width\":95,\"height\":122,\"caption\":\"CVI NOTICIAS\"},\"image\":{\"@id\":\"https:\\\/\\\/cvinoticias.com\\\/v3\\\/#\\\/schema\\\/logo\\\/image\\\/\"},\"sameAs\":[\"https:\\\/\\\/www.facebook.com\\\/cvinoticias\",\"https:\\\/\\\/www.instagram.com\\\/cvinoticias\\\/\",\"https:\\\/\\\/www.youtube.com\\\/@CVINOTICIAS\"]},{\"@type\":\"Person\",\"@id\":\"https:\\\/\\\/cvinoticias.com\\\/v3\\\/#\\\/schema\\\/person\\\/2db77e3c6bc03c538495d7b2b8be9b66\",\"name\":\"f1000024\",\"image\":{\"@type\":\"ImageObject\",\"inLanguage\":\"es\",\"@id\":\"https:\\\/\\\/secure.gravatar.com\\\/avatar\\\/d4fe7459cfc51ff5129ce1a732bbef5928568b8092d412ef95611616376bbeed?s=96&d=mm&r=g\",\"url\":\"https:\\\/\\\/secure.gravatar.com\\\/avatar\\\/d4fe7459cfc51ff5129ce1a732bbef5928568b8092d412ef95611616376bbeed?s=96&d=mm&r=g\",\"contentUrl\":\"https:\\\/\\\/secure.gravatar.com\\\/avatar\\\/d4fe7459cfc51ff5129ce1a732bbef5928568b8092d412ef95611616376bbeed?s=96&d=mm&r=g\",\"caption\":\"f1000024\"},\"url\":\"https:\\\/\\\/cvinoticias.com\\\/v3\\\/author\\\/f1000024\\\/\"}]}<\/script>\n<!-- \/ Yoast SEO plugin. -->","yoast_head_json":{"title":"Diputados aprob\u00f3 el programa Argentina Inclusiva | CVI NOTICIAS","robots":{"index":"index","follow":"follow","max-snippet":"max-snippet:-1","max-image-preview":"max-image-preview:large","max-video-preview":"max-video-preview:-1"},"canonical":"https:\/\/cvinoticias.com\/v3\/diputados-aprobo-el-programa-argentina-inclusiva\/","og_locale":"es_ES","og_type":"article","og_title":"Diputados aprob\u00f3 el programa Argentina Inclusiva | CVI NOTICIAS","og_description":"La iniciativa, aprobada por unanimidad y con 243 votos, re\u00fane proyectos de legisladores de diferentes bloques. La C\u00e1mara de Diputados aprob\u00f3 y gir\u00f3 al Senado el proyecto de ley Argentina Inclusiva, que establece la capacitaci\u00f3n y formaci\u00f3n obligatoria, permanente y actualizada en materia de discapacidad y accesibilidad universal al personal de los tres poderes del [&hellip;]","og_url":"https:\/\/cvinoticias.com\/v3\/diputados-aprobo-el-programa-argentina-inclusiva\/","og_site_name":"CVI NOTICIAS","article_publisher":"https:\/\/www.facebook.com\/cvinoticias","article_published_time":"2023-10-11T12:28:38+00:00","og_image":[{"width":608,"height":342,"url":"https:\/\/cvinoticias.com\/wp-content\/uploads\/2023\/10\/f608x342-182996_212719_0.jpg","type":"image\/jpeg"}],"author":"f1000024","twitter_card":"summary_large_image","twitter_misc":{"Escrito por":"f1000024","Tiempo de lectura":"2 minutos"},"schema":{"@context":"https:\/\/schema.org","@graph":[{"@type":"Article","@id":"https:\/\/cvinoticias.com\/v3\/diputados-aprobo-el-programa-argentina-inclusiva\/#article","isPartOf":{"@id":"https:\/\/cvinoticias.com\/v3\/diputados-aprobo-el-programa-argentina-inclusiva\/"},"author":{"name":"f1000024","@id":"https:\/\/cvinoticias.com\/v3\/#\/schema\/person\/2db77e3c6bc03c538495d7b2b8be9b66"},"headline":"Diputados aprob\u00f3 el programa Argentina Inclusiva","datePublished":"2023-10-11T12:28:38+00:00","mainEntityOfPage":{"@id":"https:\/\/cvinoticias.com\/v3\/diputados-aprobo-el-programa-argentina-inclusiva\/"},"wordCount":328,"commentCount":0,"publisher":{"@id":"https:\/\/cvinoticias.com\/v3\/#organization"},"image":{"@id":"https:\/\/cvinoticias.com\/v3\/diputados-aprobo-el-programa-argentina-inclusiva\/#primaryimage"},"thumbnailUrl":"https:\/\/cvinoticias.com\/wp-content\/uploads\/2023\/10\/f608x342-182996_212719_0.jpg","articleSection":["Nacionales"],"inLanguage":"es","potentialAction":[{"@type":"CommentAction","name":"Comment","target":["https:\/\/cvinoticias.com\/v3\/diputados-aprobo-el-programa-argentina-inclusiva\/#respond"]}]},{"@type":"WebPage","@id":"https:\/\/cvinoticias.com\/v3\/diputados-aprobo-el-programa-argentina-inclusiva\/","url":"https:\/\/cvinoticias.com\/v3\/diputados-aprobo-el-programa-argentina-inclusiva\/","name":"Diputados aprob\u00f3 el programa Argentina Inclusiva | CVI NOTICIAS","isPartOf":{"@id":"https:\/\/cvinoticias.com\/v3\/#website"},"primaryImageOfPage":{"@id":"https:\/\/cvinoticias.com\/v3\/diputados-aprobo-el-programa-argentina-inclusiva\/#primaryimage"},"image":{"@id":"https:\/\/cvinoticias.com\/v3\/diputados-aprobo-el-programa-argentina-inclusiva\/#primaryimage"},"thumbnailUrl":"https:\/\/cvinoticias.com\/wp-content\/uploads\/2023\/10\/f608x342-182996_212719_0.jpg","datePublished":"2023-10-11T12:28:38+00:00","breadcrumb":{"@id":"https:\/\/cvinoticias.com\/v3\/diputados-aprobo-el-programa-argentina-inclusiva\/#breadcrumb"},"inLanguage":"es","potentialAction":[{"@type":"ReadAction","target":["https:\/\/cvinoticias.com\/v3\/diputados-aprobo-el-programa-argentina-inclusiva\/"]}]},{"@type":"ImageObject","inLanguage":"es","@id":"https:\/\/cvinoticias.com\/v3\/diputados-aprobo-el-programa-argentina-inclusiva\/#primaryimage","url":"https:\/\/cvinoticias.com\/wp-content\/uploads\/2023\/10\/f608x342-182996_212719_0.jpg","contentUrl":"https:\/\/cvinoticias.com\/wp-content\/uploads\/2023\/10\/f608x342-182996_212719_0.jpg","width":608,"height":342},{"@type":"BreadcrumbList","@id":"https:\/\/cvinoticias.com\/v3\/diputados-aprobo-el-programa-argentina-inclusiva\/#breadcrumb","itemListElement":[{"@type":"ListItem","position":1,"name":"Portada","item":"https:\/\/cvinoticias.com\/v3\/"},{"@type":"ListItem","position":2,"name":"Diputados aprob\u00f3 el programa Argentina Inclusiva"}]},{"@type":"WebSite","@id":"https:\/\/cvinoticias.com\/v3\/#website","url":"https:\/\/cvinoticias.com\/v3\/","name":"CVI NOTICIAS","description":"","publisher":{"@id":"https:\/\/cvinoticias.com\/v3\/#organization"},"alternateName":"CVI","potentialAction":[{"@type":"SearchAction","target":{"@type":"EntryPoint","urlTemplate":"https:\/\/cvinoticias.com\/v3\/?s={search_term_string}"},"query-input":{"@type":"PropertyValueSpecification","valueRequired":true,"valueName":"search_term_string"}}],"inLanguage":"es"},{"@type":"Organization","@id":"https:\/\/cvinoticias.com\/v3\/#organization","name":"CVI NOTICIAS","url":"https:\/\/cvinoticias.com\/v3\/","logo":{"@type":"ImageObject","inLanguage":"es","@id":"https:\/\/cvinoticias.com\/v3\/#\/schema\/logo\/image\/","url":"https:\/\/cvinoticias.com\/wp-content\/uploads\/2023\/04\/cropped-cropped-cropped-cropped-cropped-3-1.png","contentUrl":"https:\/\/cvinoticias.com\/wp-content\/uploads\/2023\/04\/cropped-cropped-cropped-cropped-cropped-3-1.png","width":95,"height":122,"caption":"CVI NOTICIAS"},"image":{"@id":"https:\/\/cvinoticias.com\/v3\/#\/schema\/logo\/image\/"},"sameAs":["https:\/\/www.facebook.com\/cvinoticias","https:\/\/www.instagram.com\/cvinoticias\/","https:\/\/www.youtube.com\/@CVINOTICIAS"]},{"@type":"Person","@id":"https:\/\/cvinoticias.com\/v3\/#\/schema\/person\/2db77e3c6bc03c538495d7b2b8be9b66","name":"f1000024","image":{"@type":"ImageObject","inLanguage":"es","@id":"https:\/\/secure.gravatar.com\/avatar\/d4fe7459cfc51ff5129ce1a732bbef5928568b8092d412ef95611616376bbeed?s=96&d=mm&r=g","url":"https:\/\/secure.gravatar.com\/avatar\/d4fe7459cfc51ff5129ce1a732bbef5928568b8092d412ef95611616376bbeed?s=96&d=mm&r=g","contentUrl":"https:\/\/secure.gravatar.com\/avatar\/d4fe7459cfc51ff5129ce1a732bbef5928568b8092d412ef95611616376bbeed?s=96&d=mm&r=g","caption":"f1000024"},"url":"https:\/\/cvinoticias.com\/v3\/author\/f1000024\/"}]}},"_links":{"self":[{"href":"https:\/\/cvinoticias.com\/v3\/wp-json\/wp\/v2\/posts\/28793","targetHints":{"allow":["GET"]}}],"collection":[{"href":"https:\/\/cvinoticias.com\/v3\/wp-json\/wp\/v2\/posts"}],"about":[{"href":"https:\/\/cvinoticias.com\/v3\/wp-json\/wp\/v2\/types\/post"}],"author":[{"embeddable":true,"href":"https:\/\/cvinoticias.com\/v3\/wp-json\/wp\/v2\/users\/2"}],"replies":[{"embeddable":true,"href":"https:\/\/cvinoticias.com\/v3\/wp-json\/wp\/v2\/comments?post=28793"}],"version-history":[{"count":1,"href":"https:\/\/cvinoticias.com\/v3\/wp-json\/wp\/v2\/posts\/28793\/revisions"}],"predecessor-version":[{"id":28795,"href":"https:\/\/cvinoticias.com\/v3\/wp-json\/wp\/v2\/posts\/28793\/revisions\/28795"}],"wp:featuredmedia":[{"embeddable":true,"href":"https:\/\/cvinoticias.com\/v3\/wp-json\/wp\/v2\/media\/28794"}],"wp:attachment":[{"href":"https:\/\/cvinoticias.com\/v3\/wp-json\/wp\/v2\/media?parent=28793"}],"wp:term":[{"taxonomy":"category","embeddable":true,"href":"https:\/\/cvinoticias.com\/v3\/wp-json\/wp\/v2\/categories?post=28793"},{"taxonomy":"post_tag","embeddable":true,"href":"https:\/\/cvinoticias.com\/v3\/wp-json\/wp\/v2\/tags?post=28793"}],"curies":[{"name":"wp","href":"https:\/\/api.w.org\/{rel}","templated":true}]}}