{"id":28780,"date":"2023-10-11T05:19:34","date_gmt":"2023-10-11T05:19:34","guid":{"rendered":"https:\/\/cvinoticias.com\/v3\/?p=28780"},"modified":"2023-10-11T05:19:34","modified_gmt":"2023-10-11T05:19:34","slug":"denunciaron-penalmente-a-javier-milei-tras-la-escalada-del-dolar","status":"publish","type":"post","link":"https:\/\/cvinoticias.com\/v3\/denunciaron-penalmente-a-javier-milei-tras-la-escalada-del-dolar\/","title":{"rendered":"Denunciaron penalmente a Javier Milei tras la escalada del d\u00f3lar"},"content":{"rendered":"\n<p><strong><em>La presentaci\u00f3n ante la C\u00e1mara Federal porte\u00f1a tambi\u00e9n pidi\u00f3 que la citaci\u00f3n como testigo de Patricia Bullrich, quien cuestion\u00f3 los dichos del candidato de La Libertad Avanza sobre el peso.<\/em><\/strong><\/p>\n\n\n\n<p>Javier Milei recibi\u00f3 una denuncia penal este martes por supuesta \u00abincitaci\u00f3n a la violencia econ\u00f3mica\u00bb en medio de la suba del d\u00f3lar blue a ra\u00edz de sus dichos respecto al peso. En medio de las acusaciones de la dirigencia pol\u00edtica contra el candidato presidencial, el escrito presentado ante la C\u00e1mara Federal Porte\u00f1a pidi\u00f3 la citaci\u00f3n como testigos de varios economistas que cuestionaron las palabras del l\u00edder de La Libertad Avanza, entre los que se encuentra el eventual ministro de Econom\u00eda de Patricia Bullrich, Carlos Melconian. Por el mismo motivo, tambi\u00e9n se solicit\u00f3 la presencia de la postulante presidencial de Juntos por el Cambio.<\/p>\n\n\n\n<p>De acuerdo con el texto presentado por la abogada Valeria Carreras, las expresiones de Milei \u00abno hacen otra cosa que agitar un delicado momento econ\u00f3mico nacional e internacional\u00bb.<\/p>\n\n\n\n<p>\u00abLos dichos del candidato presidencial son de gravedad institucional, sin duda, pero que tambi\u00e9n han sido un disparador de los indicadores econ\u00f3micos de las \u00faltimas 48 horas, en especial el valor del d\u00f3lar en todas sus variantes, pues ha disparado el aumento de todos\u00bb, argument\u00f3<\/p>\n\n\n\n<p>Seg\u00fan Carreras, la intenci\u00f3n del ganador de las PASO fue \u00abgenerar el clima de ebullici\u00f3n econ\u00f3mica y pol\u00edtica\u00bb y pidi\u00f3 que se investigue si los mensajes del diputado nacional representan una \u00abincitaci\u00f3n a la violencia (en este caso econ\u00f3mica) o un delito financiero\u00bb.<\/p>\n\n\n\n<p>Cabe se\u00f1alar que una entrevista radial realizada el lunes, Milei fue consultado sobre qu\u00e9 le recomendar\u00eda a alguien al que en estos d\u00edas le vence un plazo fijo.<\/p>\n\n\n\n<p>\u00abJam\u00e1s en pesos, jam\u00e1s en pesos. El peso es la moneda que emite el pol\u00edtico argentino, por ende, no puede valer ni excremento, porque esas basuras no sirven ni para abono\u00bb, fue la tajante respuesta por la que fue duramente cuestionado por presuntamente alentar la corrida cambiaria de los \u00faltimos d\u00edas.<\/p>\n","protected":false},"excerpt":{"rendered":"<p>La presentaci\u00f3n ante la C\u00e1mara Federal porte\u00f1a tambi\u00e9n pidi\u00f3 que la citaci\u00f3n como testigo de Patricia Bullrich, quien cuestion\u00f3 los dichos del candidato de La Libertad Avanza sobre el peso. Javier Milei recibi\u00f3 una denuncia penal este martes por supuesta \u00abincitaci\u00f3n a la violencia econ\u00f3mica\u00bb en medio de la suba del d\u00f3lar blue a ra\u00edz [&hellip;]<\/p>\n","protected":false},"author":2,"featured_media":28781,"comment_status":"open","ping_status":"open","sticky":false,"template":"","format":"standard","meta":{"footnotes":""},"categories":[42],"tags":[],"class_list":["post-28780","post","type-post","status-publish","format-standard","has-post-thumbnail","hentry","category-politica"],"yoast_head":"<!-- This site is optimized with the Yoast SEO plugin v27.5 - https:\/\/yoast.com\/product\/yoast-seo-wordpress\/ -->\n<title>Denunciaron penalmente a Javier Milei tras la escalada del d\u00f3lar | CVI NOTICIAS<\/title>\n<meta name=\"robots\" content=\"index, follow, max-snippet:-1, max-image-preview:large, max-video-preview:-1\" \/>\n<link rel=\"canonical\" href=\"https:\/\/cvinoticias.com\/v3\/denunciaron-penalmente-a-javier-milei-tras-la-escalada-del-dolar\/\" \/>\n<meta property=\"og:locale\" content=\"es_ES\" \/>\n<meta property=\"og:type\" content=\"article\" \/>\n<meta property=\"og:title\" content=\"Denunciaron penalmente a Javier Milei tras la escalada del d\u00f3lar | CVI NOTICIAS\" \/>\n<meta property=\"og:description\" content=\"La presentaci\u00f3n ante la C\u00e1mara Federal porte\u00f1a tambi\u00e9n pidi\u00f3 que la citaci\u00f3n como testigo de Patricia Bullrich, quien cuestion\u00f3 los dichos del candidato de La Libertad Avanza sobre el peso. Javier Milei recibi\u00f3 una denuncia penal este martes por supuesta \u00abincitaci\u00f3n a la violencia econ\u00f3mica\u00bb en medio de la suba del d\u00f3lar blue a ra\u00edz [&hellip;]\" \/>\n<meta property=\"og:url\" content=\"https:\/\/cvinoticias.com\/v3\/denunciaron-penalmente-a-javier-milei-tras-la-escalada-del-dolar\/\" \/>\n<meta property=\"og:site_name\" content=\"CVI NOTICIAS\" \/>\n<meta property=\"article:publisher\" content=\"https:\/\/www.facebook.com\/cvinoticias\" \/>\n<meta property=\"article:published_time\" content=\"2023-10-11T05:19:34+00:00\" \/>\n<meta property=\"og:image\" content=\"https:\/\/cvinoticias.com\/wp-content\/uploads\/2023\/10\/f608x342-485929_515652_2.jpeg\" \/>\n\t<meta property=\"og:image:width\" content=\"608\" \/>\n\t<meta property=\"og:image:height\" content=\"342\" \/>\n\t<meta property=\"og:image:type\" content=\"image\/jpeg\" \/>\n<meta name=\"author\" content=\"f1000024\" \/>\n<meta name=\"twitter:card\" content=\"summary_large_image\" \/>\n<meta name=\"twitter:label1\" content=\"Escrito por\" \/>\n\t<meta name=\"twitter:data1\" content=\"f1000024\" \/>\n\t<meta name=\"twitter:label2\" content=\"Tiempo de lectura\" \/>\n\t<meta name=\"twitter:data2\" content=\"2 minutos\" \/>\n<script type=\"application\/ld+json\" class=\"yoast-schema-graph\">{\"@context\":\"https:\\\/\\\/schema.org\",\"@graph\":[{\"@type\":\"Article\",\"@id\":\"https:\\\/\\\/cvinoticias.com\\\/v3\\\/denunciaron-penalmente-a-javier-milei-tras-la-escalada-del-dolar\\\/#article\",\"isPartOf\":{\"@id\":\"https:\\\/\\\/cvinoticias.com\\\/v3\\\/denunciaron-penalmente-a-javier-milei-tras-la-escalada-del-dolar\\\/\"},\"author\":{\"name\":\"f1000024\",\"@id\":\"https:\\\/\\\/cvinoticias.com\\\/v3\\\/#\\\/schema\\\/person\\\/2db77e3c6bc03c538495d7b2b8be9b66\"},\"headline\":\"Denunciaron penalmente a Javier Milei tras la escalada del d\u00f3lar\",\"datePublished\":\"2023-10-11T05:19:34+00:00\",\"mainEntityOfPage\":{\"@id\":\"https:\\\/\\\/cvinoticias.com\\\/v3\\\/denunciaron-penalmente-a-javier-milei-tras-la-escalada-del-dolar\\\/\"},\"wordCount\":372,\"commentCount\":0,\"publisher\":{\"@id\":\"https:\\\/\\\/cvinoticias.com\\\/v3\\\/#organization\"},\"image\":{\"@id\":\"https:\\\/\\\/cvinoticias.com\\\/v3\\\/denunciaron-penalmente-a-javier-milei-tras-la-escalada-del-dolar\\\/#primaryimage\"},\"thumbnailUrl\":\"https:\\\/\\\/cvinoticias.com\\\/wp-content\\\/uploads\\\/2023\\\/10\\\/f608x342-485929_515652_2.jpeg\",\"articleSection\":[\"Politica\"],\"inLanguage\":\"es\",\"potentialAction\":[{\"@type\":\"CommentAction\",\"name\":\"Comment\",\"target\":[\"https:\\\/\\\/cvinoticias.com\\\/v3\\\/denunciaron-penalmente-a-javier-milei-tras-la-escalada-del-dolar\\\/#respond\"]}]},{\"@type\":\"WebPage\",\"@id\":\"https:\\\/\\\/cvinoticias.com\\\/v3\\\/denunciaron-penalmente-a-javier-milei-tras-la-escalada-del-dolar\\\/\",\"url\":\"https:\\\/\\\/cvinoticias.com\\\/v3\\\/denunciaron-penalmente-a-javier-milei-tras-la-escalada-del-dolar\\\/\",\"name\":\"Denunciaron penalmente a Javier Milei tras la escalada del d\u00f3lar | CVI NOTICIAS\",\"isPartOf\":{\"@id\":\"https:\\\/\\\/cvinoticias.com\\\/v3\\\/#website\"},\"primaryImageOfPage\":{\"@id\":\"https:\\\/\\\/cvinoticias.com\\\/v3\\\/denunciaron-penalmente-a-javier-milei-tras-la-escalada-del-dolar\\\/#primaryimage\"},\"image\":{\"@id\":\"https:\\\/\\\/cvinoticias.com\\\/v3\\\/denunciaron-penalmente-a-javier-milei-tras-la-escalada-del-dolar\\\/#primaryimage\"},\"thumbnailUrl\":\"https:\\\/\\\/cvinoticias.com\\\/wp-content\\\/uploads\\\/2023\\\/10\\\/f608x342-485929_515652_2.jpeg\",\"datePublished\":\"2023-10-11T05:19:34+00:00\",\"breadcrumb\":{\"@id\":\"https:\\\/\\\/cvinoticias.com\\\/v3\\\/denunciaron-penalmente-a-javier-milei-tras-la-escalada-del-dolar\\\/#breadcrumb\"},\"inLanguage\":\"es\",\"potentialAction\":[{\"@type\":\"ReadAction\",\"target\":[\"https:\\\/\\\/cvinoticias.com\\\/v3\\\/denunciaron-penalmente-a-javier-milei-tras-la-escalada-del-dolar\\\/\"]}]},{\"@type\":\"ImageObject\",\"inLanguage\":\"es\",\"@id\":\"https:\\\/\\\/cvinoticias.com\\\/v3\\\/denunciaron-penalmente-a-javier-milei-tras-la-escalada-del-dolar\\\/#primaryimage\",\"url\":\"https:\\\/\\\/cvinoticias.com\\\/wp-content\\\/uploads\\\/2023\\\/10\\\/f608x342-485929_515652_2.jpeg\",\"contentUrl\":\"https:\\\/\\\/cvinoticias.com\\\/wp-content\\\/uploads\\\/2023\\\/10\\\/f608x342-485929_515652_2.jpeg\",\"width\":608,\"height\":342},{\"@type\":\"BreadcrumbList\",\"@id\":\"https:\\\/\\\/cvinoticias.com\\\/v3\\\/denunciaron-penalmente-a-javier-milei-tras-la-escalada-del-dolar\\\/#breadcrumb\",\"itemListElement\":[{\"@type\":\"ListItem\",\"position\":1,\"name\":\"Portada\",\"item\":\"https:\\\/\\\/cvinoticias.com\\\/v3\\\/\"},{\"@type\":\"ListItem\",\"position\":2,\"name\":\"Denunciaron penalmente a Javier Milei tras la escalada del d\u00f3lar\"}]},{\"@type\":\"WebSite\",\"@id\":\"https:\\\/\\\/cvinoticias.com\\\/v3\\\/#website\",\"url\":\"https:\\\/\\\/cvinoticias.com\\\/v3\\\/\",\"name\":\"CVI NOTICIAS\",\"description\":\"\",\"publisher\":{\"@id\":\"https:\\\/\\\/cvinoticias.com\\\/v3\\\/#organization\"},\"alternateName\":\"CVI\",\"potentialAction\":[{\"@type\":\"SearchAction\",\"target\":{\"@type\":\"EntryPoint\",\"urlTemplate\":\"https:\\\/\\\/cvinoticias.com\\\/v3\\\/?s={search_term_string}\"},\"query-input\":{\"@type\":\"PropertyValueSpecification\",\"valueRequired\":true,\"valueName\":\"search_term_string\"}}],\"inLanguage\":\"es\"},{\"@type\":\"Organization\",\"@id\":\"https:\\\/\\\/cvinoticias.com\\\/v3\\\/#organization\",\"name\":\"CVI NOTICIAS\",\"url\":\"https:\\\/\\\/cvinoticias.com\\\/v3\\\/\",\"logo\":{\"@type\":\"ImageObject\",\"inLanguage\":\"es\",\"@id\":\"https:\\\/\\\/cvinoticias.com\\\/v3\\\/#\\\/schema\\\/logo\\\/image\\\/\",\"url\":\"https:\\\/\\\/cvinoticias.com\\\/wp-content\\\/uploads\\\/2023\\\/04\\\/cropped-cropped-cropped-cropped-cropped-3-1.png\",\"contentUrl\":\"https:\\\/\\\/cvinoticias.com\\\/wp-content\\\/uploads\\\/2023\\\/04\\\/cropped-cropped-cropped-cropped-cropped-3-1.png\",\"width\":95,\"height\":122,\"caption\":\"CVI NOTICIAS\"},\"image\":{\"@id\":\"https:\\\/\\\/cvinoticias.com\\\/v3\\\/#\\\/schema\\\/logo\\\/image\\\/\"},\"sameAs\":[\"https:\\\/\\\/www.facebook.com\\\/cvinoticias\",\"https:\\\/\\\/www.instagram.com\\\/cvinoticias\\\/\",\"https:\\\/\\\/www.youtube.com\\\/@CVINOTICIAS\"]},{\"@type\":\"Person\",\"@id\":\"https:\\\/\\\/cvinoticias.com\\\/v3\\\/#\\\/schema\\\/person\\\/2db77e3c6bc03c538495d7b2b8be9b66\",\"name\":\"f1000024\",\"image\":{\"@type\":\"ImageObject\",\"inLanguage\":\"es\",\"@id\":\"https:\\\/\\\/secure.gravatar.com\\\/avatar\\\/d4fe7459cfc51ff5129ce1a732bbef5928568b8092d412ef95611616376bbeed?s=96&d=mm&r=g\",\"url\":\"https:\\\/\\\/secure.gravatar.com\\\/avatar\\\/d4fe7459cfc51ff5129ce1a732bbef5928568b8092d412ef95611616376bbeed?s=96&d=mm&r=g\",\"contentUrl\":\"https:\\\/\\\/secure.gravatar.com\\\/avatar\\\/d4fe7459cfc51ff5129ce1a732bbef5928568b8092d412ef95611616376bbeed?s=96&d=mm&r=g\",\"caption\":\"f1000024\"},\"url\":\"https:\\\/\\\/cvinoticias.com\\\/v3\\\/author\\\/f1000024\\\/\"}]}<\/script>\n<!-- \/ Yoast SEO plugin. -->","yoast_head_json":{"title":"Denunciaron penalmente a Javier Milei tras la escalada del d\u00f3lar | CVI NOTICIAS","robots":{"index":"index","follow":"follow","max-snippet":"max-snippet:-1","max-image-preview":"max-image-preview:large","max-video-preview":"max-video-preview:-1"},"canonical":"https:\/\/cvinoticias.com\/v3\/denunciaron-penalmente-a-javier-milei-tras-la-escalada-del-dolar\/","og_locale":"es_ES","og_type":"article","og_title":"Denunciaron penalmente a Javier Milei tras la escalada del d\u00f3lar | CVI NOTICIAS","og_description":"La presentaci\u00f3n ante la C\u00e1mara Federal porte\u00f1a tambi\u00e9n pidi\u00f3 que la citaci\u00f3n como testigo de Patricia Bullrich, quien cuestion\u00f3 los dichos del candidato de La Libertad Avanza sobre el peso. Javier Milei recibi\u00f3 una denuncia penal este martes por supuesta \u00abincitaci\u00f3n a la violencia econ\u00f3mica\u00bb en medio de la suba del d\u00f3lar blue a ra\u00edz [&hellip;]","og_url":"https:\/\/cvinoticias.com\/v3\/denunciaron-penalmente-a-javier-milei-tras-la-escalada-del-dolar\/","og_site_name":"CVI NOTICIAS","article_publisher":"https:\/\/www.facebook.com\/cvinoticias","article_published_time":"2023-10-11T05:19:34+00:00","og_image":[{"width":608,"height":342,"url":"https:\/\/cvinoticias.com\/wp-content\/uploads\/2023\/10\/f608x342-485929_515652_2.jpeg","type":"image\/jpeg"}],"author":"f1000024","twitter_card":"summary_large_image","twitter_misc":{"Escrito por":"f1000024","Tiempo de lectura":"2 minutos"},"schema":{"@context":"https:\/\/schema.org","@graph":[{"@type":"Article","@id":"https:\/\/cvinoticias.com\/v3\/denunciaron-penalmente-a-javier-milei-tras-la-escalada-del-dolar\/#article","isPartOf":{"@id":"https:\/\/cvinoticias.com\/v3\/denunciaron-penalmente-a-javier-milei-tras-la-escalada-del-dolar\/"},"author":{"name":"f1000024","@id":"https:\/\/cvinoticias.com\/v3\/#\/schema\/person\/2db77e3c6bc03c538495d7b2b8be9b66"},"headline":"Denunciaron penalmente a Javier Milei tras la escalada del d\u00f3lar","datePublished":"2023-10-11T05:19:34+00:00","mainEntityOfPage":{"@id":"https:\/\/cvinoticias.com\/v3\/denunciaron-penalmente-a-javier-milei-tras-la-escalada-del-dolar\/"},"wordCount":372,"commentCount":0,"publisher":{"@id":"https:\/\/cvinoticias.com\/v3\/#organization"},"image":{"@id":"https:\/\/cvinoticias.com\/v3\/denunciaron-penalmente-a-javier-milei-tras-la-escalada-del-dolar\/#primaryimage"},"thumbnailUrl":"https:\/\/cvinoticias.com\/wp-content\/uploads\/2023\/10\/f608x342-485929_515652_2.jpeg","articleSection":["Politica"],"inLanguage":"es","potentialAction":[{"@type":"CommentAction","name":"Comment","target":["https:\/\/cvinoticias.com\/v3\/denunciaron-penalmente-a-javier-milei-tras-la-escalada-del-dolar\/#respond"]}]},{"@type":"WebPage","@id":"https:\/\/cvinoticias.com\/v3\/denunciaron-penalmente-a-javier-milei-tras-la-escalada-del-dolar\/","url":"https:\/\/cvinoticias.com\/v3\/denunciaron-penalmente-a-javier-milei-tras-la-escalada-del-dolar\/","name":"Denunciaron penalmente a Javier Milei tras la escalada del d\u00f3lar | CVI NOTICIAS","isPartOf":{"@id":"https:\/\/cvinoticias.com\/v3\/#website"},"primaryImageOfPage":{"@id":"https:\/\/cvinoticias.com\/v3\/denunciaron-penalmente-a-javier-milei-tras-la-escalada-del-dolar\/#primaryimage"},"image":{"@id":"https:\/\/cvinoticias.com\/v3\/denunciaron-penalmente-a-javier-milei-tras-la-escalada-del-dolar\/#primaryimage"},"thumbnailUrl":"https:\/\/cvinoticias.com\/wp-content\/uploads\/2023\/10\/f608x342-485929_515652_2.jpeg","datePublished":"2023-10-11T05:19:34+00:00","breadcrumb":{"@id":"https:\/\/cvinoticias.com\/v3\/denunciaron-penalmente-a-javier-milei-tras-la-escalada-del-dolar\/#breadcrumb"},"inLanguage":"es","potentialAction":[{"@type":"ReadAction","target":["https:\/\/cvinoticias.com\/v3\/denunciaron-penalmente-a-javier-milei-tras-la-escalada-del-dolar\/"]}]},{"@type":"ImageObject","inLanguage":"es","@id":"https:\/\/cvinoticias.com\/v3\/denunciaron-penalmente-a-javier-milei-tras-la-escalada-del-dolar\/#primaryimage","url":"https:\/\/cvinoticias.com\/wp-content\/uploads\/2023\/10\/f608x342-485929_515652_2.jpeg","contentUrl":"https:\/\/cvinoticias.com\/wp-content\/uploads\/2023\/10\/f608x342-485929_515652_2.jpeg","width":608,"height":342},{"@type":"BreadcrumbList","@id":"https:\/\/cvinoticias.com\/v3\/denunciaron-penalmente-a-javier-milei-tras-la-escalada-del-dolar\/#breadcrumb","itemListElement":[{"@type":"ListItem","position":1,"name":"Portada","item":"https:\/\/cvinoticias.com\/v3\/"},{"@type":"ListItem","position":2,"name":"Denunciaron penalmente a Javier Milei tras la escalada del d\u00f3lar"}]},{"@type":"WebSite","@id":"https:\/\/cvinoticias.com\/v3\/#website","url":"https:\/\/cvinoticias.com\/v3\/","name":"CVI NOTICIAS","description":"","publisher":{"@id":"https:\/\/cvinoticias.com\/v3\/#organization"},"alternateName":"CVI","potentialAction":[{"@type":"SearchAction","target":{"@type":"EntryPoint","urlTemplate":"https:\/\/cvinoticias.com\/v3\/?s={search_term_string}"},"query-input":{"@type":"PropertyValueSpecification","valueRequired":true,"valueName":"search_term_string"}}],"inLanguage":"es"},{"@type":"Organization","@id":"https:\/\/cvinoticias.com\/v3\/#organization","name":"CVI NOTICIAS","url":"https:\/\/cvinoticias.com\/v3\/","logo":{"@type":"ImageObject","inLanguage":"es","@id":"https:\/\/cvinoticias.com\/v3\/#\/schema\/logo\/image\/","url":"https:\/\/cvinoticias.com\/wp-content\/uploads\/2023\/04\/cropped-cropped-cropped-cropped-cropped-3-1.png","contentUrl":"https:\/\/cvinoticias.com\/wp-content\/uploads\/2023\/04\/cropped-cropped-cropped-cropped-cropped-3-1.png","width":95,"height":122,"caption":"CVI NOTICIAS"},"image":{"@id":"https:\/\/cvinoticias.com\/v3\/#\/schema\/logo\/image\/"},"sameAs":["https:\/\/www.facebook.com\/cvinoticias","https:\/\/www.instagram.com\/cvinoticias\/","https:\/\/www.youtube.com\/@CVINOTICIAS"]},{"@type":"Person","@id":"https:\/\/cvinoticias.com\/v3\/#\/schema\/person\/2db77e3c6bc03c538495d7b2b8be9b66","name":"f1000024","image":{"@type":"ImageObject","inLanguage":"es","@id":"https:\/\/secure.gravatar.com\/avatar\/d4fe7459cfc51ff5129ce1a732bbef5928568b8092d412ef95611616376bbeed?s=96&d=mm&r=g","url":"https:\/\/secure.gravatar.com\/avatar\/d4fe7459cfc51ff5129ce1a732bbef5928568b8092d412ef95611616376bbeed?s=96&d=mm&r=g","contentUrl":"https:\/\/secure.gravatar.com\/avatar\/d4fe7459cfc51ff5129ce1a732bbef5928568b8092d412ef95611616376bbeed?s=96&d=mm&r=g","caption":"f1000024"},"url":"https:\/\/cvinoticias.com\/v3\/author\/f1000024\/"}]}},"_links":{"self":[{"href":"https:\/\/cvinoticias.com\/v3\/wp-json\/wp\/v2\/posts\/28780","targetHints":{"allow":["GET"]}}],"collection":[{"href":"https:\/\/cvinoticias.com\/v3\/wp-json\/wp\/v2\/posts"}],"about":[{"href":"https:\/\/cvinoticias.com\/v3\/wp-json\/wp\/v2\/types\/post"}],"author":[{"embeddable":true,"href":"https:\/\/cvinoticias.com\/v3\/wp-json\/wp\/v2\/users\/2"}],"replies":[{"embeddable":true,"href":"https:\/\/cvinoticias.com\/v3\/wp-json\/wp\/v2\/comments?post=28780"}],"version-history":[{"count":1,"href":"https:\/\/cvinoticias.com\/v3\/wp-json\/wp\/v2\/posts\/28780\/revisions"}],"predecessor-version":[{"id":28782,"href":"https:\/\/cvinoticias.com\/v3\/wp-json\/wp\/v2\/posts\/28780\/revisions\/28782"}],"wp:featuredmedia":[{"embeddable":true,"href":"https:\/\/cvinoticias.com\/v3\/wp-json\/wp\/v2\/media\/28781"}],"wp:attachment":[{"href":"https:\/\/cvinoticias.com\/v3\/wp-json\/wp\/v2\/media?parent=28780"}],"wp:term":[{"taxonomy":"category","embeddable":true,"href":"https:\/\/cvinoticias.com\/v3\/wp-json\/wp\/v2\/categories?post=28780"},{"taxonomy":"post_tag","embeddable":true,"href":"https:\/\/cvinoticias.com\/v3\/wp-json\/wp\/v2\/tags?post=28780"}],"curies":[{"name":"wp","href":"https:\/\/api.w.org\/{rel}","templated":true}]}}