{"id":28747,"date":"2023-10-10T03:31:25","date_gmt":"2023-10-10T03:31:25","guid":{"rendered":"https:\/\/cvinoticias.com\/v3\/?p=28747"},"modified":"2023-10-10T03:31:25","modified_gmt":"2023-10-10T03:31:25","slug":"el-salario-minimo-ya-perdio-un-25-entre-las-paso-y-hoy-medido-al-dolar-blue","status":"publish","type":"post","link":"https:\/\/cvinoticias.com\/v3\/el-salario-minimo-ya-perdio-un-25-entre-las-paso-y-hoy-medido-al-dolar-blue\/","title":{"rendered":"El Salario M\u00ednimo ya perdi\u00f3 un 25% entre las PASO y hoy, medido al d\u00f3lar blue"},"content":{"rendered":"\n<p><strong><em>Calculado al d\u00f3lar informal, con un incremento nominal del 17,3% y una escalada del blue del 56% en 57 d\u00edas, el salario m\u00ednimo ya perdi\u00f3 un cuarto de su valor.<\/em><\/strong><\/p>\n\n\n\n<p>El viernes 11 de agosto, la ultima jornada cambiaria antes de las PASO, el d\u00f3lar blue cotizaba 605 pesos por d\u00f3lar. Poco menos de dos meses despu\u00e9s, y tras una jornada ca\u00f3tica, la divisa norteamericana cerr\u00f3 en $945. Por su parte, en agosto el Salario M\u00ednimo Vital y M\u00f3vil, (SMVM) fue de $112.500, unos US$185,95 convirti\u00e9ndolos al blue.<\/p>\n\n\n\n<p>Ahora, habiendo tenido un ajuste de 17,33% producto de elevarse desde los $112.500 a los $132.000 anunciados el pasado 29 de septiembre por el Consejo del Salario, el salario m\u00ednimo vital y m\u00f3vil (SMVM) equivale a 139,68 d\u00f3lares blue. Un 75% del valor pre Paso. De esta forma, en 57 d\u00edas, el poder de compra de un salario m\u00ednimo vital y m\u00f3vil perdi\u00f3 un cuarto de su valor, seg\u00fan consultores especializados.<\/p>\n\n\n\n<p>Pero como las cosas pueden complicarse un poco m\u00e1s, hay que decir que ese salario se percibe, es decir, se va a cobrar reci\u00e9n a principios de noviembre, por lo que todav\u00eda queda recorrido en los pr\u00f3ximos 22 d\u00edas para que la divisa norteamericana siga pulverizando el salario, de acuerdo con los analistas del mercado laboral.<\/p>\n\n\n\n<p>De hecho, desde que se anunci\u00f3 el aumento del SMVM el 29 de septiembre a hoy, ya se borr\u00f3 la mejora antes de cobrarse. Al momento del anuncio, el salario m\u00ednimo supon\u00eda al cambio de $790 pesos unos 149,37 d\u00f3lares. Hoy, equivale a casi unos diez d\u00f3lares menos (US$9,68).<\/p>\n\n\n\n<p>La Resoluci\u00f3n 15\/2023 del ministerio de Trabajo, Empleo y Seguridad Social publicada en el Bolet\u00edn Oficial el 29 de septiembre, tambi\u00e9n public\u00f3 los valores del SMVM acordados en el Consejo Nacional del Salario para los meses de noviembre y diciembre, donde alcanzar\u00eda los 156.000 pesos, redondeando un 32,2% de aumento entre octubre y diciembre.<\/p>\n\n\n\n<p>Medidos a hoy, los 146.000 pesos a cobrar a principio de diciembre, que corresponden al mes vencido de noviembre, equivalen a US$ 154,50 y los $156.000 a los que se arribar\u00e1 por diciembre, que se percibir\u00e1n tras las fiestas en los primeros d\u00edas de enero del 2024, equivaldr\u00edan a unos US$ 165,08 de hoy. Es decir, 21 d\u00f3lares menos que antes de las Paso.<\/p>\n\n\n\n<p><strong>Desde el viernes pre Paso a hoy<\/strong><\/p>\n\n\n\n<p>El 11 de agosto, el d\u00f3lar informal avanzaba $3 hasta los $605 para la venta y de esa forma registraba su segunda mayor alza semanal del a\u00f1o al subir $31.<\/p>\n\n\n\n<p>Hasta el momento la suba m\u00e1s significativa hab\u00eda sido la de la tercera semana de abril cuando el d\u00f3lar se dispar\u00f3 $42.<\/p>\n\n\n\n<p>Con la cotizaci\u00f3n de $605 nos \u00edbamos el fin de semana a las Primarias Abiertas Simult\u00e1neas y Obligatorias, que terminaron con Javier Milei como el candidato m\u00e1s votado, dando la sorpresa.<\/p>\n\n\n\n<p>Hoy, ambas marcas fueron superadas por el incremento diario de 65 pesos.<\/p>\n\n\n\n<p>Antes de las PASO, la brecha con el tipo de cambio oficial se ubica en un 110,5%.<\/p>\n\n\n\n<p>Tras la devaluaci\u00f3n del 22% del lunes postpaso y el congelamiento del tipo de cambio en $350 hasta hoy, la brecha se encuentra en el 170%.<\/p>\n","protected":false},"excerpt":{"rendered":"<p>Calculado al d\u00f3lar informal, con un incremento nominal del 17,3% y una escalada del blue del 56% en 57 d\u00edas, el salario m\u00ednimo ya perdi\u00f3 un cuarto de su valor. El viernes 11 de agosto, la ultima jornada cambiaria antes de las PASO, el d\u00f3lar blue cotizaba 605 pesos por d\u00f3lar. Poco menos de dos [&hellip;]<\/p>\n","protected":false},"author":2,"featured_media":28748,"comment_status":"open","ping_status":"open","sticky":false,"template":"","format":"standard","meta":{"footnotes":""},"categories":[32],"tags":[],"class_list":["post-28747","post","type-post","status-publish","format-standard","has-post-thumbnail","hentry","category-economia"],"yoast_head":"<!-- This site is optimized with the Yoast SEO plugin v27.5 - https:\/\/yoast.com\/product\/yoast-seo-wordpress\/ -->\n<title>El Salario M\u00ednimo ya perdi\u00f3 un 25% entre las PASO y hoy, medido al d\u00f3lar blue | CVI NOTICIAS<\/title>\n<meta name=\"robots\" content=\"index, follow, max-snippet:-1, max-image-preview:large, max-video-preview:-1\" \/>\n<link rel=\"canonical\" href=\"https:\/\/cvinoticias.com\/v3\/el-salario-minimo-ya-perdio-un-25-entre-las-paso-y-hoy-medido-al-dolar-blue\/\" \/>\n<meta property=\"og:locale\" content=\"es_ES\" \/>\n<meta property=\"og:type\" content=\"article\" \/>\n<meta property=\"og:title\" content=\"El Salario M\u00ednimo ya perdi\u00f3 un 25% entre las PASO y hoy, medido al d\u00f3lar blue | CVI NOTICIAS\" \/>\n<meta property=\"og:description\" content=\"Calculado al d\u00f3lar informal, con un incremento nominal del 17,3% y una escalada del blue del 56% en 57 d\u00edas, el salario m\u00ednimo ya perdi\u00f3 un cuarto de su valor. El viernes 11 de agosto, la ultima jornada cambiaria antes de las PASO, el d\u00f3lar blue cotizaba 605 pesos por d\u00f3lar. Poco menos de dos [&hellip;]\" \/>\n<meta property=\"og:url\" content=\"https:\/\/cvinoticias.com\/v3\/el-salario-minimo-ya-perdio-un-25-entre-las-paso-y-hoy-medido-al-dolar-blue\/\" \/>\n<meta property=\"og:site_name\" content=\"CVI NOTICIAS\" \/>\n<meta property=\"article:publisher\" content=\"https:\/\/www.facebook.com\/cvinoticias\" \/>\n<meta property=\"article:published_time\" content=\"2023-10-10T03:31:25+00:00\" \/>\n<meta property=\"og:image\" content=\"https:\/\/cvinoticias.com\/wp-content\/uploads\/2023\/10\/7db40aeab549b3be72554def9f14f842_M.jpg\" \/>\n\t<meta property=\"og:image:width\" content=\"768\" \/>\n\t<meta property=\"og:image:height\" content=\"435\" \/>\n\t<meta property=\"og:image:type\" content=\"image\/jpeg\" \/>\n<meta name=\"author\" content=\"f1000024\" \/>\n<meta name=\"twitter:card\" content=\"summary_large_image\" \/>\n<meta name=\"twitter:label1\" content=\"Escrito por\" \/>\n\t<meta name=\"twitter:data1\" content=\"f1000024\" \/>\n\t<meta name=\"twitter:label2\" content=\"Tiempo de lectura\" \/>\n\t<meta name=\"twitter:data2\" content=\"3 minutos\" \/>\n<script type=\"application\/ld+json\" class=\"yoast-schema-graph\">{\"@context\":\"https:\\\/\\\/schema.org\",\"@graph\":[{\"@type\":\"Article\",\"@id\":\"https:\\\/\\\/cvinoticias.com\\\/v3\\\/el-salario-minimo-ya-perdio-un-25-entre-las-paso-y-hoy-medido-al-dolar-blue\\\/#article\",\"isPartOf\":{\"@id\":\"https:\\\/\\\/cvinoticias.com\\\/v3\\\/el-salario-minimo-ya-perdio-un-25-entre-las-paso-y-hoy-medido-al-dolar-blue\\\/\"},\"author\":{\"name\":\"f1000024\",\"@id\":\"https:\\\/\\\/cvinoticias.com\\\/v3\\\/#\\\/schema\\\/person\\\/2db77e3c6bc03c538495d7b2b8be9b66\"},\"headline\":\"El Salario M\u00ednimo ya perdi\u00f3 un 25% entre las PASO y hoy, medido al d\u00f3lar blue\",\"datePublished\":\"2023-10-10T03:31:25+00:00\",\"mainEntityOfPage\":{\"@id\":\"https:\\\/\\\/cvinoticias.com\\\/v3\\\/el-salario-minimo-ya-perdio-un-25-entre-las-paso-y-hoy-medido-al-dolar-blue\\\/\"},\"wordCount\":548,\"commentCount\":0,\"publisher\":{\"@id\":\"https:\\\/\\\/cvinoticias.com\\\/v3\\\/#organization\"},\"image\":{\"@id\":\"https:\\\/\\\/cvinoticias.com\\\/v3\\\/el-salario-minimo-ya-perdio-un-25-entre-las-paso-y-hoy-medido-al-dolar-blue\\\/#primaryimage\"},\"thumbnailUrl\":\"https:\\\/\\\/cvinoticias.com\\\/wp-content\\\/uploads\\\/2023\\\/10\\\/7db40aeab549b3be72554def9f14f842_M.jpg\",\"articleSection\":[\"Econom\u00eda\"],\"inLanguage\":\"es\",\"potentialAction\":[{\"@type\":\"CommentAction\",\"name\":\"Comment\",\"target\":[\"https:\\\/\\\/cvinoticias.com\\\/v3\\\/el-salario-minimo-ya-perdio-un-25-entre-las-paso-y-hoy-medido-al-dolar-blue\\\/#respond\"]}]},{\"@type\":\"WebPage\",\"@id\":\"https:\\\/\\\/cvinoticias.com\\\/v3\\\/el-salario-minimo-ya-perdio-un-25-entre-las-paso-y-hoy-medido-al-dolar-blue\\\/\",\"url\":\"https:\\\/\\\/cvinoticias.com\\\/v3\\\/el-salario-minimo-ya-perdio-un-25-entre-las-paso-y-hoy-medido-al-dolar-blue\\\/\",\"name\":\"El Salario M\u00ednimo ya perdi\u00f3 un 25% entre las PASO y hoy, medido al d\u00f3lar blue | CVI NOTICIAS\",\"isPartOf\":{\"@id\":\"https:\\\/\\\/cvinoticias.com\\\/v3\\\/#website\"},\"primaryImageOfPage\":{\"@id\":\"https:\\\/\\\/cvinoticias.com\\\/v3\\\/el-salario-minimo-ya-perdio-un-25-entre-las-paso-y-hoy-medido-al-dolar-blue\\\/#primaryimage\"},\"image\":{\"@id\":\"https:\\\/\\\/cvinoticias.com\\\/v3\\\/el-salario-minimo-ya-perdio-un-25-entre-las-paso-y-hoy-medido-al-dolar-blue\\\/#primaryimage\"},\"thumbnailUrl\":\"https:\\\/\\\/cvinoticias.com\\\/wp-content\\\/uploads\\\/2023\\\/10\\\/7db40aeab549b3be72554def9f14f842_M.jpg\",\"datePublished\":\"2023-10-10T03:31:25+00:00\",\"breadcrumb\":{\"@id\":\"https:\\\/\\\/cvinoticias.com\\\/v3\\\/el-salario-minimo-ya-perdio-un-25-entre-las-paso-y-hoy-medido-al-dolar-blue\\\/#breadcrumb\"},\"inLanguage\":\"es\",\"potentialAction\":[{\"@type\":\"ReadAction\",\"target\":[\"https:\\\/\\\/cvinoticias.com\\\/v3\\\/el-salario-minimo-ya-perdio-un-25-entre-las-paso-y-hoy-medido-al-dolar-blue\\\/\"]}]},{\"@type\":\"ImageObject\",\"inLanguage\":\"es\",\"@id\":\"https:\\\/\\\/cvinoticias.com\\\/v3\\\/el-salario-minimo-ya-perdio-un-25-entre-las-paso-y-hoy-medido-al-dolar-blue\\\/#primaryimage\",\"url\":\"https:\\\/\\\/cvinoticias.com\\\/wp-content\\\/uploads\\\/2023\\\/10\\\/7db40aeab549b3be72554def9f14f842_M.jpg\",\"contentUrl\":\"https:\\\/\\\/cvinoticias.com\\\/wp-content\\\/uploads\\\/2023\\\/10\\\/7db40aeab549b3be72554def9f14f842_M.jpg\",\"width\":768,\"height\":435},{\"@type\":\"BreadcrumbList\",\"@id\":\"https:\\\/\\\/cvinoticias.com\\\/v3\\\/el-salario-minimo-ya-perdio-un-25-entre-las-paso-y-hoy-medido-al-dolar-blue\\\/#breadcrumb\",\"itemListElement\":[{\"@type\":\"ListItem\",\"position\":1,\"name\":\"Portada\",\"item\":\"https:\\\/\\\/cvinoticias.com\\\/v3\\\/\"},{\"@type\":\"ListItem\",\"position\":2,\"name\":\"El Salario M\u00ednimo ya perdi\u00f3 un 25% entre las PASO y hoy, medido al d\u00f3lar blue\"}]},{\"@type\":\"WebSite\",\"@id\":\"https:\\\/\\\/cvinoticias.com\\\/v3\\\/#website\",\"url\":\"https:\\\/\\\/cvinoticias.com\\\/v3\\\/\",\"name\":\"CVI NOTICIAS\",\"description\":\"\",\"publisher\":{\"@id\":\"https:\\\/\\\/cvinoticias.com\\\/v3\\\/#organization\"},\"alternateName\":\"CVI\",\"potentialAction\":[{\"@type\":\"SearchAction\",\"target\":{\"@type\":\"EntryPoint\",\"urlTemplate\":\"https:\\\/\\\/cvinoticias.com\\\/v3\\\/?s={search_term_string}\"},\"query-input\":{\"@type\":\"PropertyValueSpecification\",\"valueRequired\":true,\"valueName\":\"search_term_string\"}}],\"inLanguage\":\"es\"},{\"@type\":\"Organization\",\"@id\":\"https:\\\/\\\/cvinoticias.com\\\/v3\\\/#organization\",\"name\":\"CVI NOTICIAS\",\"url\":\"https:\\\/\\\/cvinoticias.com\\\/v3\\\/\",\"logo\":{\"@type\":\"ImageObject\",\"inLanguage\":\"es\",\"@id\":\"https:\\\/\\\/cvinoticias.com\\\/v3\\\/#\\\/schema\\\/logo\\\/image\\\/\",\"url\":\"https:\\\/\\\/cvinoticias.com\\\/wp-content\\\/uploads\\\/2023\\\/04\\\/cropped-cropped-cropped-cropped-cropped-3-1.png\",\"contentUrl\":\"https:\\\/\\\/cvinoticias.com\\\/wp-content\\\/uploads\\\/2023\\\/04\\\/cropped-cropped-cropped-cropped-cropped-3-1.png\",\"width\":95,\"height\":122,\"caption\":\"CVI NOTICIAS\"},\"image\":{\"@id\":\"https:\\\/\\\/cvinoticias.com\\\/v3\\\/#\\\/schema\\\/logo\\\/image\\\/\"},\"sameAs\":[\"https:\\\/\\\/www.facebook.com\\\/cvinoticias\",\"https:\\\/\\\/www.instagram.com\\\/cvinoticias\\\/\",\"https:\\\/\\\/www.youtube.com\\\/@CVINOTICIAS\"]},{\"@type\":\"Person\",\"@id\":\"https:\\\/\\\/cvinoticias.com\\\/v3\\\/#\\\/schema\\\/person\\\/2db77e3c6bc03c538495d7b2b8be9b66\",\"name\":\"f1000024\",\"image\":{\"@type\":\"ImageObject\",\"inLanguage\":\"es\",\"@id\":\"https:\\\/\\\/secure.gravatar.com\\\/avatar\\\/d4fe7459cfc51ff5129ce1a732bbef5928568b8092d412ef95611616376bbeed?s=96&d=mm&r=g\",\"url\":\"https:\\\/\\\/secure.gravatar.com\\\/avatar\\\/d4fe7459cfc51ff5129ce1a732bbef5928568b8092d412ef95611616376bbeed?s=96&d=mm&r=g\",\"contentUrl\":\"https:\\\/\\\/secure.gravatar.com\\\/avatar\\\/d4fe7459cfc51ff5129ce1a732bbef5928568b8092d412ef95611616376bbeed?s=96&d=mm&r=g\",\"caption\":\"f1000024\"},\"url\":\"https:\\\/\\\/cvinoticias.com\\\/v3\\\/author\\\/f1000024\\\/\"}]}<\/script>\n<!-- \/ Yoast SEO plugin. -->","yoast_head_json":{"title":"El Salario M\u00ednimo ya perdi\u00f3 un 25% entre las PASO y hoy, medido al d\u00f3lar blue | CVI NOTICIAS","robots":{"index":"index","follow":"follow","max-snippet":"max-snippet:-1","max-image-preview":"max-image-preview:large","max-video-preview":"max-video-preview:-1"},"canonical":"https:\/\/cvinoticias.com\/v3\/el-salario-minimo-ya-perdio-un-25-entre-las-paso-y-hoy-medido-al-dolar-blue\/","og_locale":"es_ES","og_type":"article","og_title":"El Salario M\u00ednimo ya perdi\u00f3 un 25% entre las PASO y hoy, medido al d\u00f3lar blue | CVI NOTICIAS","og_description":"Calculado al d\u00f3lar informal, con un incremento nominal del 17,3% y una escalada del blue del 56% en 57 d\u00edas, el salario m\u00ednimo ya perdi\u00f3 un cuarto de su valor. El viernes 11 de agosto, la ultima jornada cambiaria antes de las PASO, el d\u00f3lar blue cotizaba 605 pesos por d\u00f3lar. Poco menos de dos [&hellip;]","og_url":"https:\/\/cvinoticias.com\/v3\/el-salario-minimo-ya-perdio-un-25-entre-las-paso-y-hoy-medido-al-dolar-blue\/","og_site_name":"CVI NOTICIAS","article_publisher":"https:\/\/www.facebook.com\/cvinoticias","article_published_time":"2023-10-10T03:31:25+00:00","og_image":[{"width":768,"height":435,"url":"https:\/\/cvinoticias.com\/wp-content\/uploads\/2023\/10\/7db40aeab549b3be72554def9f14f842_M.jpg","type":"image\/jpeg"}],"author":"f1000024","twitter_card":"summary_large_image","twitter_misc":{"Escrito por":"f1000024","Tiempo de lectura":"3 minutos"},"schema":{"@context":"https:\/\/schema.org","@graph":[{"@type":"Article","@id":"https:\/\/cvinoticias.com\/v3\/el-salario-minimo-ya-perdio-un-25-entre-las-paso-y-hoy-medido-al-dolar-blue\/#article","isPartOf":{"@id":"https:\/\/cvinoticias.com\/v3\/el-salario-minimo-ya-perdio-un-25-entre-las-paso-y-hoy-medido-al-dolar-blue\/"},"author":{"name":"f1000024","@id":"https:\/\/cvinoticias.com\/v3\/#\/schema\/person\/2db77e3c6bc03c538495d7b2b8be9b66"},"headline":"El Salario M\u00ednimo ya perdi\u00f3 un 25% entre las PASO y hoy, medido al d\u00f3lar blue","datePublished":"2023-10-10T03:31:25+00:00","mainEntityOfPage":{"@id":"https:\/\/cvinoticias.com\/v3\/el-salario-minimo-ya-perdio-un-25-entre-las-paso-y-hoy-medido-al-dolar-blue\/"},"wordCount":548,"commentCount":0,"publisher":{"@id":"https:\/\/cvinoticias.com\/v3\/#organization"},"image":{"@id":"https:\/\/cvinoticias.com\/v3\/el-salario-minimo-ya-perdio-un-25-entre-las-paso-y-hoy-medido-al-dolar-blue\/#primaryimage"},"thumbnailUrl":"https:\/\/cvinoticias.com\/wp-content\/uploads\/2023\/10\/7db40aeab549b3be72554def9f14f842_M.jpg","articleSection":["Econom\u00eda"],"inLanguage":"es","potentialAction":[{"@type":"CommentAction","name":"Comment","target":["https:\/\/cvinoticias.com\/v3\/el-salario-minimo-ya-perdio-un-25-entre-las-paso-y-hoy-medido-al-dolar-blue\/#respond"]}]},{"@type":"WebPage","@id":"https:\/\/cvinoticias.com\/v3\/el-salario-minimo-ya-perdio-un-25-entre-las-paso-y-hoy-medido-al-dolar-blue\/","url":"https:\/\/cvinoticias.com\/v3\/el-salario-minimo-ya-perdio-un-25-entre-las-paso-y-hoy-medido-al-dolar-blue\/","name":"El Salario M\u00ednimo ya perdi\u00f3 un 25% entre las PASO y hoy, medido al d\u00f3lar blue | CVI NOTICIAS","isPartOf":{"@id":"https:\/\/cvinoticias.com\/v3\/#website"},"primaryImageOfPage":{"@id":"https:\/\/cvinoticias.com\/v3\/el-salario-minimo-ya-perdio-un-25-entre-las-paso-y-hoy-medido-al-dolar-blue\/#primaryimage"},"image":{"@id":"https:\/\/cvinoticias.com\/v3\/el-salario-minimo-ya-perdio-un-25-entre-las-paso-y-hoy-medido-al-dolar-blue\/#primaryimage"},"thumbnailUrl":"https:\/\/cvinoticias.com\/wp-content\/uploads\/2023\/10\/7db40aeab549b3be72554def9f14f842_M.jpg","datePublished":"2023-10-10T03:31:25+00:00","breadcrumb":{"@id":"https:\/\/cvinoticias.com\/v3\/el-salario-minimo-ya-perdio-un-25-entre-las-paso-y-hoy-medido-al-dolar-blue\/#breadcrumb"},"inLanguage":"es","potentialAction":[{"@type":"ReadAction","target":["https:\/\/cvinoticias.com\/v3\/el-salario-minimo-ya-perdio-un-25-entre-las-paso-y-hoy-medido-al-dolar-blue\/"]}]},{"@type":"ImageObject","inLanguage":"es","@id":"https:\/\/cvinoticias.com\/v3\/el-salario-minimo-ya-perdio-un-25-entre-las-paso-y-hoy-medido-al-dolar-blue\/#primaryimage","url":"https:\/\/cvinoticias.com\/wp-content\/uploads\/2023\/10\/7db40aeab549b3be72554def9f14f842_M.jpg","contentUrl":"https:\/\/cvinoticias.com\/wp-content\/uploads\/2023\/10\/7db40aeab549b3be72554def9f14f842_M.jpg","width":768,"height":435},{"@type":"BreadcrumbList","@id":"https:\/\/cvinoticias.com\/v3\/el-salario-minimo-ya-perdio-un-25-entre-las-paso-y-hoy-medido-al-dolar-blue\/#breadcrumb","itemListElement":[{"@type":"ListItem","position":1,"name":"Portada","item":"https:\/\/cvinoticias.com\/v3\/"},{"@type":"ListItem","position":2,"name":"El Salario M\u00ednimo ya perdi\u00f3 un 25% entre las PASO y hoy, medido al d\u00f3lar blue"}]},{"@type":"WebSite","@id":"https:\/\/cvinoticias.com\/v3\/#website","url":"https:\/\/cvinoticias.com\/v3\/","name":"CVI NOTICIAS","description":"","publisher":{"@id":"https:\/\/cvinoticias.com\/v3\/#organization"},"alternateName":"CVI","potentialAction":[{"@type":"SearchAction","target":{"@type":"EntryPoint","urlTemplate":"https:\/\/cvinoticias.com\/v3\/?s={search_term_string}"},"query-input":{"@type":"PropertyValueSpecification","valueRequired":true,"valueName":"search_term_string"}}],"inLanguage":"es"},{"@type":"Organization","@id":"https:\/\/cvinoticias.com\/v3\/#organization","name":"CVI NOTICIAS","url":"https:\/\/cvinoticias.com\/v3\/","logo":{"@type":"ImageObject","inLanguage":"es","@id":"https:\/\/cvinoticias.com\/v3\/#\/schema\/logo\/image\/","url":"https:\/\/cvinoticias.com\/wp-content\/uploads\/2023\/04\/cropped-cropped-cropped-cropped-cropped-3-1.png","contentUrl":"https:\/\/cvinoticias.com\/wp-content\/uploads\/2023\/04\/cropped-cropped-cropped-cropped-cropped-3-1.png","width":95,"height":122,"caption":"CVI NOTICIAS"},"image":{"@id":"https:\/\/cvinoticias.com\/v3\/#\/schema\/logo\/image\/"},"sameAs":["https:\/\/www.facebook.com\/cvinoticias","https:\/\/www.instagram.com\/cvinoticias\/","https:\/\/www.youtube.com\/@CVINOTICIAS"]},{"@type":"Person","@id":"https:\/\/cvinoticias.com\/v3\/#\/schema\/person\/2db77e3c6bc03c538495d7b2b8be9b66","name":"f1000024","image":{"@type":"ImageObject","inLanguage":"es","@id":"https:\/\/secure.gravatar.com\/avatar\/d4fe7459cfc51ff5129ce1a732bbef5928568b8092d412ef95611616376bbeed?s=96&d=mm&r=g","url":"https:\/\/secure.gravatar.com\/avatar\/d4fe7459cfc51ff5129ce1a732bbef5928568b8092d412ef95611616376bbeed?s=96&d=mm&r=g","contentUrl":"https:\/\/secure.gravatar.com\/avatar\/d4fe7459cfc51ff5129ce1a732bbef5928568b8092d412ef95611616376bbeed?s=96&d=mm&r=g","caption":"f1000024"},"url":"https:\/\/cvinoticias.com\/v3\/author\/f1000024\/"}]}},"_links":{"self":[{"href":"https:\/\/cvinoticias.com\/v3\/wp-json\/wp\/v2\/posts\/28747","targetHints":{"allow":["GET"]}}],"collection":[{"href":"https:\/\/cvinoticias.com\/v3\/wp-json\/wp\/v2\/posts"}],"about":[{"href":"https:\/\/cvinoticias.com\/v3\/wp-json\/wp\/v2\/types\/post"}],"author":[{"embeddable":true,"href":"https:\/\/cvinoticias.com\/v3\/wp-json\/wp\/v2\/users\/2"}],"replies":[{"embeddable":true,"href":"https:\/\/cvinoticias.com\/v3\/wp-json\/wp\/v2\/comments?post=28747"}],"version-history":[{"count":1,"href":"https:\/\/cvinoticias.com\/v3\/wp-json\/wp\/v2\/posts\/28747\/revisions"}],"predecessor-version":[{"id":28749,"href":"https:\/\/cvinoticias.com\/v3\/wp-json\/wp\/v2\/posts\/28747\/revisions\/28749"}],"wp:featuredmedia":[{"embeddable":true,"href":"https:\/\/cvinoticias.com\/v3\/wp-json\/wp\/v2\/media\/28748"}],"wp:attachment":[{"href":"https:\/\/cvinoticias.com\/v3\/wp-json\/wp\/v2\/media?parent=28747"}],"wp:term":[{"taxonomy":"category","embeddable":true,"href":"https:\/\/cvinoticias.com\/v3\/wp-json\/wp\/v2\/categories?post=28747"},{"taxonomy":"post_tag","embeddable":true,"href":"https:\/\/cvinoticias.com\/v3\/wp-json\/wp\/v2\/tags?post=28747"}],"curies":[{"name":"wp","href":"https:\/\/api.w.org\/{rel}","templated":true}]}}