{"id":28715,"date":"2023-10-09T14:21:24","date_gmt":"2023-10-09T14:21:24","guid":{"rendered":"https:\/\/cvinoticias.com\/v3\/?p=28715"},"modified":"2023-10-09T14:21:24","modified_gmt":"2023-10-09T14:21:24","slug":"buscar-la-bandera-argentina-en-el-cuarto-oscuro","status":"publish","type":"post","link":"https:\/\/cvinoticias.com\/v3\/buscar-la-bandera-argentina-en-el-cuarto-oscuro\/","title":{"rendered":"Buscar la Bandera Argentina en el Cuarto Oscuro"},"content":{"rendered":"\n<p><strong><em>El segundo debate presidencial de cara a las elecciones generales del 22 de octubre marc\u00f3 una clara diferencia entre 5 candidatos y un presidente, que lejos de entrar en peleas poco productivas, se enfoc\u00f3 en proponer y dar esperanzas a todos los argentinos.<\/em><\/strong><\/p>\n\n\n\n<p>Los debates van m\u00e1s all\u00e1 del impacto directo en las urnas, sino que conforman un modo de progresar como pa\u00eds democr\u00e1tico, ofreciendo a los ciudadanos la posibilidad de escuchar en directo las ideas, propuestas y fundamentos de los candidatos, convirti\u00e9ndose en una herramienta pedag\u00f3gica y democratizadora, que nos ayuda a elegir mejor a nuestros representantes.<\/p>\n\n\n\n<p>El segundo debate presidencial realizado en la facultad de derecho de la UBA comenz\u00f3 con las presentaciones de los candidatos, donde Sergio Massa destac\u00f3 \u201cNo vengo con chicanas ni a pelear. Vengo a proponer. Si el 10 de diciembre me dan la oportunidad de gobernar, Argentina va a tener un gobierno de unidad nacional\u201d.<\/p>\n\n\n\n<p><strong>SEGURIDAD<\/strong><\/p>\n\n\n\n<p>En el primer eje tem\u00e1tico de seguridad, Massa propuso \u201ctransformar la Argentina en un pa\u00eds seguro\u00bb. Para lograr eso, plante\u00f3 trabajar en tres ejes, uno de ellos la prevenci\u00f3n. \u00abYa lo hice en Tigre y baj\u00e9 el 80 por ciento el delito automotor\u00bb, remarc\u00f3. Adem\u00e1s, anunci\u00f3 la creaci\u00f3n de un FBI argentino. \u00abEl otro eje es el de la lucha contra el crimen: vamos a crear una agencia federal con los mejores de las cuatro fuerzas, un FBI argentino, instalado en Central C\u00f3rdoba edificio de Rosario, para trabajar sobre corrupci\u00f3n, narcotr\u00e1fico y trata de personas\u00bb.<\/p>\n\n\n\n<p>Luego en un cruce con Bullrich por el tema Insaurralde dijo \u201cA Insaurralde le ped\u00ed la renuncia, vos nunca pediste la renuncia de Milman\u201d remarcando que no todos son iguales.<\/p>\n\n\n\n<p><strong>TRABAJO Y PRODUCCI\u00d3N<\/strong><\/p>\n\n\n\n<p>El segundo eje tem\u00e1tico fue trabajo y producci\u00f3n, donde el candidato de Uni\u00f3n por la Patria destac\u00f3 que 16 millones de argentinos ya reciben la devoluci\u00f3n del IVA y otros cientos de miles dejaron de pagar impuesto a las Ganancias, de igual manera, se\u00f1al\u00f3 que es necesario \u00abseguir haciendo\u00bb. En este aspecto, les habl\u00f3 a las personas discapacitadas y prometi\u00f3 que en un eventual gobierno suyo \u00abse termina el l\u00edmite del que tiene pensi\u00f3n no puede trabajar\u00bb.<\/p>\n\n\n\n<p>Adem\u00e1s, se refiri\u00f3 a las pymes y el sistema de desarrollo exportador. \u00abQuiero decirles que ya comenzamos a eliminar cargas sociales a las pymes, y que vamos a impulsar un sistema de simplificaci\u00f3n tributaria\u00bb<\/p>\n\n\n\n<p>En l\u00ednea con esto, dijo \u00abLa verdad es que algunos se olvidan de que llevaron a la Argentina a la peor deuda de la historia\u00bb, adem\u00e1s asegur\u00f3 que \u00abSobre las econom\u00edas regionales todos hablan, pero quien baj\u00f3 las retenciones fui yo\u00bb,<\/p>\n\n\n\n<p>En un cruce con Milei, uso su intervenci\u00f3n para frenar al economista libertario, con un \u201cHasta ac\u00e1 llegaste Javier\u201d, luego de su confrontaci\u00f3n con Bregman, \u201cTiene derecho a opinar distinto que vos\u00bb complement\u00f3 el Ministro.<\/p>\n\n\n\n<p><strong>DESARROLLO HUMANO, VIVIENDA Y PROTECCI\u00d3N DEL AMBIENTE<\/strong><\/p>\n\n\n\n<p>En el tercer eje tem\u00e1tico de desarrollo humano, vivienda y protecci\u00f3n del ambiente, esboz\u00f3 la necesidad de fomentar el cr\u00e9dito hipotecario para que las familias tengan acceso a una casa propia, tambi\u00e9n habl\u00f3 de poner en marcha un programa de entrega de lotes con servicios. Sobre \u00abla casa com\u00fan\u00bb, plante\u00f3 una reforma del C\u00f3digo Penal para que los que contaminen un r\u00edo o talen bosques de forma indiscriminada tengan penas de 3 a 8 a\u00f1os de prisi\u00f3n.<\/p>\n\n\n\n<p>En uno de sus derechos a r\u00e9plica, Massa pregunt\u00f3 sobre el Pre-Viaje, programa que trajo muchos beneficios al sector tur\u00edstico misionero, en respuesta a esto Bullrich contesto con bravuconadas a los gritos y de una manera ordinaria, terminando con un \u00abD\u00e9jate de joder\u00bb.<\/p>\n\n\n\n<p>Como consecuencia, el Ministro de Econom\u00eda de Naci\u00f3n le sugiri\u00f3 a Bullrich \u00abNo alcanza con gritar para corregir la mala performance electoral\u00bb. Adem\u00e1s, la cruz\u00f3 con respecto a la tem\u00e1tica de evasi\u00f3n fiscal, donde record\u00f3 que desde su espacio impuls\u00f3 la suba de las penas en los delitos de corrupci\u00f3n. \u00abDe manera tal, ser\u00eda bueno que votes la ley que nos permita saber qui\u00e9nes fugaron dinero a los Estados Unidos\u00bb, complet\u00f3 el Ministro.<\/p>\n\n\n\n<p>En el mismo eje tem\u00e1tico, Milei adelant\u00f3 que, si llega a la presidencia, no respetar\u00eda la adhesi\u00f3n de Argentina al acuerdo de Par\u00eds (tratado internacional sobre el cambio clim\u00e1tico). \u00abNosotros no adherimos al marxismo cultural y la decadencia\u00bb, concluy\u00f3.<\/p>\n\n\n\n<p>Para terminar, Massa dijo \u00abQuiero contarte cu\u00e1l es el camino que la Argentina tiene que elegir los pr\u00f3ximos 4 a\u00f1os: volver atr\u00e1s, un salto al vac\u00edo, o apostar a un modelo de producci\u00f3n y desarrollo\u00bb, llamando adem\u00e1s \u201ca buscar la bandera argentina en el cuarto oscuro\u00bb.<\/p>\n","protected":false},"excerpt":{"rendered":"<p>El segundo debate presidencial de cara a las elecciones generales del 22 de octubre marc\u00f3 una clara diferencia entre 5 candidatos y un presidente, que lejos de entrar en peleas poco productivas, se enfoc\u00f3 en proponer y dar esperanzas a todos los argentinos. Los debates van m\u00e1s all\u00e1 del impacto directo en las urnas, sino [&hellip;]<\/p>\n","protected":false},"author":2,"featured_media":28716,"comment_status":"open","ping_status":"open","sticky":false,"template":"","format":"standard","meta":{"footnotes":""},"categories":[39,42],"tags":[],"class_list":["post-28715","post","type-post","status-publish","format-standard","has-post-thumbnail","hentry","category-nacionales","category-politica"],"yoast_head":"<!-- This site is optimized with the Yoast SEO plugin v27.5 - https:\/\/yoast.com\/product\/yoast-seo-wordpress\/ -->\n<title>Buscar la Bandera Argentina en el Cuarto Oscuro | CVI NOTICIAS<\/title>\n<meta name=\"robots\" content=\"index, follow, max-snippet:-1, max-image-preview:large, max-video-preview:-1\" \/>\n<link rel=\"canonical\" href=\"https:\/\/cvinoticias.com\/v3\/buscar-la-bandera-argentina-en-el-cuarto-oscuro\/\" \/>\n<meta property=\"og:locale\" content=\"es_ES\" \/>\n<meta property=\"og:type\" content=\"article\" \/>\n<meta property=\"og:title\" content=\"Buscar la Bandera Argentina en el Cuarto Oscuro | CVI NOTICIAS\" \/>\n<meta property=\"og:description\" content=\"El segundo debate presidencial de cara a las elecciones generales del 22 de octubre marc\u00f3 una clara diferencia entre 5 candidatos y un presidente, que lejos de entrar en peleas poco productivas, se enfoc\u00f3 en proponer y dar esperanzas a todos los argentinos. Los debates van m\u00e1s all\u00e1 del impacto directo en las urnas, sino [&hellip;]\" \/>\n<meta property=\"og:url\" content=\"https:\/\/cvinoticias.com\/v3\/buscar-la-bandera-argentina-en-el-cuarto-oscuro\/\" \/>\n<meta property=\"og:site_name\" content=\"CVI NOTICIAS\" \/>\n<meta property=\"article:publisher\" content=\"https:\/\/www.facebook.com\/cvinoticias\" \/>\n<meta property=\"article:published_time\" content=\"2023-10-09T14:21:24+00:00\" \/>\n<meta property=\"og:image\" content=\"https:\/\/cvinoticias.com\/wp-content\/uploads\/2023\/10\/IMG-20231009-WA0112.jpg\" \/>\n\t<meta property=\"og:image:width\" content=\"1200\" \/>\n\t<meta property=\"og:image:height\" content=\"901\" \/>\n\t<meta property=\"og:image:type\" content=\"image\/jpeg\" \/>\n<meta name=\"author\" content=\"f1000024\" \/>\n<meta name=\"twitter:card\" content=\"summary_large_image\" \/>\n<meta name=\"twitter:label1\" content=\"Escrito por\" \/>\n\t<meta name=\"twitter:data1\" content=\"f1000024\" \/>\n\t<meta name=\"twitter:label2\" content=\"Tiempo de lectura\" \/>\n\t<meta name=\"twitter:data2\" content=\"4 minutos\" \/>\n<script type=\"application\/ld+json\" class=\"yoast-schema-graph\">{\"@context\":\"https:\\\/\\\/schema.org\",\"@graph\":[{\"@type\":\"Article\",\"@id\":\"https:\\\/\\\/cvinoticias.com\\\/v3\\\/buscar-la-bandera-argentina-en-el-cuarto-oscuro\\\/#article\",\"isPartOf\":{\"@id\":\"https:\\\/\\\/cvinoticias.com\\\/v3\\\/buscar-la-bandera-argentina-en-el-cuarto-oscuro\\\/\"},\"author\":{\"name\":\"f1000024\",\"@id\":\"https:\\\/\\\/cvinoticias.com\\\/v3\\\/#\\\/schema\\\/person\\\/2db77e3c6bc03c538495d7b2b8be9b66\"},\"headline\":\"Buscar la Bandera Argentina en el Cuarto Oscuro\",\"datePublished\":\"2023-10-09T14:21:24+00:00\",\"mainEntityOfPage\":{\"@id\":\"https:\\\/\\\/cvinoticias.com\\\/v3\\\/buscar-la-bandera-argentina-en-el-cuarto-oscuro\\\/\"},\"wordCount\":814,\"commentCount\":0,\"publisher\":{\"@id\":\"https:\\\/\\\/cvinoticias.com\\\/v3\\\/#organization\"},\"image\":{\"@id\":\"https:\\\/\\\/cvinoticias.com\\\/v3\\\/buscar-la-bandera-argentina-en-el-cuarto-oscuro\\\/#primaryimage\"},\"thumbnailUrl\":\"https:\\\/\\\/cvinoticias.com\\\/wp-content\\\/uploads\\\/2023\\\/10\\\/IMG-20231009-WA0112.jpg\",\"articleSection\":[\"Nacionales\",\"Politica\"],\"inLanguage\":\"es\",\"potentialAction\":[{\"@type\":\"CommentAction\",\"name\":\"Comment\",\"target\":[\"https:\\\/\\\/cvinoticias.com\\\/v3\\\/buscar-la-bandera-argentina-en-el-cuarto-oscuro\\\/#respond\"]}]},{\"@type\":\"WebPage\",\"@id\":\"https:\\\/\\\/cvinoticias.com\\\/v3\\\/buscar-la-bandera-argentina-en-el-cuarto-oscuro\\\/\",\"url\":\"https:\\\/\\\/cvinoticias.com\\\/v3\\\/buscar-la-bandera-argentina-en-el-cuarto-oscuro\\\/\",\"name\":\"Buscar la Bandera Argentina en el Cuarto Oscuro | CVI NOTICIAS\",\"isPartOf\":{\"@id\":\"https:\\\/\\\/cvinoticias.com\\\/v3\\\/#website\"},\"primaryImageOfPage\":{\"@id\":\"https:\\\/\\\/cvinoticias.com\\\/v3\\\/buscar-la-bandera-argentina-en-el-cuarto-oscuro\\\/#primaryimage\"},\"image\":{\"@id\":\"https:\\\/\\\/cvinoticias.com\\\/v3\\\/buscar-la-bandera-argentina-en-el-cuarto-oscuro\\\/#primaryimage\"},\"thumbnailUrl\":\"https:\\\/\\\/cvinoticias.com\\\/wp-content\\\/uploads\\\/2023\\\/10\\\/IMG-20231009-WA0112.jpg\",\"datePublished\":\"2023-10-09T14:21:24+00:00\",\"breadcrumb\":{\"@id\":\"https:\\\/\\\/cvinoticias.com\\\/v3\\\/buscar-la-bandera-argentina-en-el-cuarto-oscuro\\\/#breadcrumb\"},\"inLanguage\":\"es\",\"potentialAction\":[{\"@type\":\"ReadAction\",\"target\":[\"https:\\\/\\\/cvinoticias.com\\\/v3\\\/buscar-la-bandera-argentina-en-el-cuarto-oscuro\\\/\"]}]},{\"@type\":\"ImageObject\",\"inLanguage\":\"es\",\"@id\":\"https:\\\/\\\/cvinoticias.com\\\/v3\\\/buscar-la-bandera-argentina-en-el-cuarto-oscuro\\\/#primaryimage\",\"url\":\"https:\\\/\\\/cvinoticias.com\\\/wp-content\\\/uploads\\\/2023\\\/10\\\/IMG-20231009-WA0112.jpg\",\"contentUrl\":\"https:\\\/\\\/cvinoticias.com\\\/wp-content\\\/uploads\\\/2023\\\/10\\\/IMG-20231009-WA0112.jpg\",\"width\":1200,\"height\":901},{\"@type\":\"BreadcrumbList\",\"@id\":\"https:\\\/\\\/cvinoticias.com\\\/v3\\\/buscar-la-bandera-argentina-en-el-cuarto-oscuro\\\/#breadcrumb\",\"itemListElement\":[{\"@type\":\"ListItem\",\"position\":1,\"name\":\"Portada\",\"item\":\"https:\\\/\\\/cvinoticias.com\\\/v3\\\/\"},{\"@type\":\"ListItem\",\"position\":2,\"name\":\"Buscar la Bandera Argentina en el Cuarto Oscuro\"}]},{\"@type\":\"WebSite\",\"@id\":\"https:\\\/\\\/cvinoticias.com\\\/v3\\\/#website\",\"url\":\"https:\\\/\\\/cvinoticias.com\\\/v3\\\/\",\"name\":\"CVI NOTICIAS\",\"description\":\"\",\"publisher\":{\"@id\":\"https:\\\/\\\/cvinoticias.com\\\/v3\\\/#organization\"},\"alternateName\":\"CVI\",\"potentialAction\":[{\"@type\":\"SearchAction\",\"target\":{\"@type\":\"EntryPoint\",\"urlTemplate\":\"https:\\\/\\\/cvinoticias.com\\\/v3\\\/?s={search_term_string}\"},\"query-input\":{\"@type\":\"PropertyValueSpecification\",\"valueRequired\":true,\"valueName\":\"search_term_string\"}}],\"inLanguage\":\"es\"},{\"@type\":\"Organization\",\"@id\":\"https:\\\/\\\/cvinoticias.com\\\/v3\\\/#organization\",\"name\":\"CVI NOTICIAS\",\"url\":\"https:\\\/\\\/cvinoticias.com\\\/v3\\\/\",\"logo\":{\"@type\":\"ImageObject\",\"inLanguage\":\"es\",\"@id\":\"https:\\\/\\\/cvinoticias.com\\\/v3\\\/#\\\/schema\\\/logo\\\/image\\\/\",\"url\":\"https:\\\/\\\/cvinoticias.com\\\/wp-content\\\/uploads\\\/2023\\\/04\\\/cropped-cropped-cropped-cropped-cropped-3-1.png\",\"contentUrl\":\"https:\\\/\\\/cvinoticias.com\\\/wp-content\\\/uploads\\\/2023\\\/04\\\/cropped-cropped-cropped-cropped-cropped-3-1.png\",\"width\":95,\"height\":122,\"caption\":\"CVI NOTICIAS\"},\"image\":{\"@id\":\"https:\\\/\\\/cvinoticias.com\\\/v3\\\/#\\\/schema\\\/logo\\\/image\\\/\"},\"sameAs\":[\"https:\\\/\\\/www.facebook.com\\\/cvinoticias\",\"https:\\\/\\\/www.instagram.com\\\/cvinoticias\\\/\",\"https:\\\/\\\/www.youtube.com\\\/@CVINOTICIAS\"]},{\"@type\":\"Person\",\"@id\":\"https:\\\/\\\/cvinoticias.com\\\/v3\\\/#\\\/schema\\\/person\\\/2db77e3c6bc03c538495d7b2b8be9b66\",\"name\":\"f1000024\",\"image\":{\"@type\":\"ImageObject\",\"inLanguage\":\"es\",\"@id\":\"https:\\\/\\\/secure.gravatar.com\\\/avatar\\\/d4fe7459cfc51ff5129ce1a732bbef5928568b8092d412ef95611616376bbeed?s=96&d=mm&r=g\",\"url\":\"https:\\\/\\\/secure.gravatar.com\\\/avatar\\\/d4fe7459cfc51ff5129ce1a732bbef5928568b8092d412ef95611616376bbeed?s=96&d=mm&r=g\",\"contentUrl\":\"https:\\\/\\\/secure.gravatar.com\\\/avatar\\\/d4fe7459cfc51ff5129ce1a732bbef5928568b8092d412ef95611616376bbeed?s=96&d=mm&r=g\",\"caption\":\"f1000024\"},\"url\":\"https:\\\/\\\/cvinoticias.com\\\/v3\\\/author\\\/f1000024\\\/\"}]}<\/script>\n<!-- \/ Yoast SEO plugin. -->","yoast_head_json":{"title":"Buscar la Bandera Argentina en el Cuarto Oscuro | CVI NOTICIAS","robots":{"index":"index","follow":"follow","max-snippet":"max-snippet:-1","max-image-preview":"max-image-preview:large","max-video-preview":"max-video-preview:-1"},"canonical":"https:\/\/cvinoticias.com\/v3\/buscar-la-bandera-argentina-en-el-cuarto-oscuro\/","og_locale":"es_ES","og_type":"article","og_title":"Buscar la Bandera Argentina en el Cuarto Oscuro | CVI NOTICIAS","og_description":"El segundo debate presidencial de cara a las elecciones generales del 22 de octubre marc\u00f3 una clara diferencia entre 5 candidatos y un presidente, que lejos de entrar en peleas poco productivas, se enfoc\u00f3 en proponer y dar esperanzas a todos los argentinos. Los debates van m\u00e1s all\u00e1 del impacto directo en las urnas, sino [&hellip;]","og_url":"https:\/\/cvinoticias.com\/v3\/buscar-la-bandera-argentina-en-el-cuarto-oscuro\/","og_site_name":"CVI NOTICIAS","article_publisher":"https:\/\/www.facebook.com\/cvinoticias","article_published_time":"2023-10-09T14:21:24+00:00","og_image":[{"width":1200,"height":901,"url":"https:\/\/cvinoticias.com\/wp-content\/uploads\/2023\/10\/IMG-20231009-WA0112.jpg","type":"image\/jpeg"}],"author":"f1000024","twitter_card":"summary_large_image","twitter_misc":{"Escrito por":"f1000024","Tiempo de lectura":"4 minutos"},"schema":{"@context":"https:\/\/schema.org","@graph":[{"@type":"Article","@id":"https:\/\/cvinoticias.com\/v3\/buscar-la-bandera-argentina-en-el-cuarto-oscuro\/#article","isPartOf":{"@id":"https:\/\/cvinoticias.com\/v3\/buscar-la-bandera-argentina-en-el-cuarto-oscuro\/"},"author":{"name":"f1000024","@id":"https:\/\/cvinoticias.com\/v3\/#\/schema\/person\/2db77e3c6bc03c538495d7b2b8be9b66"},"headline":"Buscar la Bandera Argentina en el Cuarto Oscuro","datePublished":"2023-10-09T14:21:24+00:00","mainEntityOfPage":{"@id":"https:\/\/cvinoticias.com\/v3\/buscar-la-bandera-argentina-en-el-cuarto-oscuro\/"},"wordCount":814,"commentCount":0,"publisher":{"@id":"https:\/\/cvinoticias.com\/v3\/#organization"},"image":{"@id":"https:\/\/cvinoticias.com\/v3\/buscar-la-bandera-argentina-en-el-cuarto-oscuro\/#primaryimage"},"thumbnailUrl":"https:\/\/cvinoticias.com\/wp-content\/uploads\/2023\/10\/IMG-20231009-WA0112.jpg","articleSection":["Nacionales","Politica"],"inLanguage":"es","potentialAction":[{"@type":"CommentAction","name":"Comment","target":["https:\/\/cvinoticias.com\/v3\/buscar-la-bandera-argentina-en-el-cuarto-oscuro\/#respond"]}]},{"@type":"WebPage","@id":"https:\/\/cvinoticias.com\/v3\/buscar-la-bandera-argentina-en-el-cuarto-oscuro\/","url":"https:\/\/cvinoticias.com\/v3\/buscar-la-bandera-argentina-en-el-cuarto-oscuro\/","name":"Buscar la Bandera Argentina en el Cuarto Oscuro | CVI NOTICIAS","isPartOf":{"@id":"https:\/\/cvinoticias.com\/v3\/#website"},"primaryImageOfPage":{"@id":"https:\/\/cvinoticias.com\/v3\/buscar-la-bandera-argentina-en-el-cuarto-oscuro\/#primaryimage"},"image":{"@id":"https:\/\/cvinoticias.com\/v3\/buscar-la-bandera-argentina-en-el-cuarto-oscuro\/#primaryimage"},"thumbnailUrl":"https:\/\/cvinoticias.com\/wp-content\/uploads\/2023\/10\/IMG-20231009-WA0112.jpg","datePublished":"2023-10-09T14:21:24+00:00","breadcrumb":{"@id":"https:\/\/cvinoticias.com\/v3\/buscar-la-bandera-argentina-en-el-cuarto-oscuro\/#breadcrumb"},"inLanguage":"es","potentialAction":[{"@type":"ReadAction","target":["https:\/\/cvinoticias.com\/v3\/buscar-la-bandera-argentina-en-el-cuarto-oscuro\/"]}]},{"@type":"ImageObject","inLanguage":"es","@id":"https:\/\/cvinoticias.com\/v3\/buscar-la-bandera-argentina-en-el-cuarto-oscuro\/#primaryimage","url":"https:\/\/cvinoticias.com\/wp-content\/uploads\/2023\/10\/IMG-20231009-WA0112.jpg","contentUrl":"https:\/\/cvinoticias.com\/wp-content\/uploads\/2023\/10\/IMG-20231009-WA0112.jpg","width":1200,"height":901},{"@type":"BreadcrumbList","@id":"https:\/\/cvinoticias.com\/v3\/buscar-la-bandera-argentina-en-el-cuarto-oscuro\/#breadcrumb","itemListElement":[{"@type":"ListItem","position":1,"name":"Portada","item":"https:\/\/cvinoticias.com\/v3\/"},{"@type":"ListItem","position":2,"name":"Buscar la Bandera Argentina en el Cuarto Oscuro"}]},{"@type":"WebSite","@id":"https:\/\/cvinoticias.com\/v3\/#website","url":"https:\/\/cvinoticias.com\/v3\/","name":"CVI NOTICIAS","description":"","publisher":{"@id":"https:\/\/cvinoticias.com\/v3\/#organization"},"alternateName":"CVI","potentialAction":[{"@type":"SearchAction","target":{"@type":"EntryPoint","urlTemplate":"https:\/\/cvinoticias.com\/v3\/?s={search_term_string}"},"query-input":{"@type":"PropertyValueSpecification","valueRequired":true,"valueName":"search_term_string"}}],"inLanguage":"es"},{"@type":"Organization","@id":"https:\/\/cvinoticias.com\/v3\/#organization","name":"CVI NOTICIAS","url":"https:\/\/cvinoticias.com\/v3\/","logo":{"@type":"ImageObject","inLanguage":"es","@id":"https:\/\/cvinoticias.com\/v3\/#\/schema\/logo\/image\/","url":"https:\/\/cvinoticias.com\/wp-content\/uploads\/2023\/04\/cropped-cropped-cropped-cropped-cropped-3-1.png","contentUrl":"https:\/\/cvinoticias.com\/wp-content\/uploads\/2023\/04\/cropped-cropped-cropped-cropped-cropped-3-1.png","width":95,"height":122,"caption":"CVI NOTICIAS"},"image":{"@id":"https:\/\/cvinoticias.com\/v3\/#\/schema\/logo\/image\/"},"sameAs":["https:\/\/www.facebook.com\/cvinoticias","https:\/\/www.instagram.com\/cvinoticias\/","https:\/\/www.youtube.com\/@CVINOTICIAS"]},{"@type":"Person","@id":"https:\/\/cvinoticias.com\/v3\/#\/schema\/person\/2db77e3c6bc03c538495d7b2b8be9b66","name":"f1000024","image":{"@type":"ImageObject","inLanguage":"es","@id":"https:\/\/secure.gravatar.com\/avatar\/d4fe7459cfc51ff5129ce1a732bbef5928568b8092d412ef95611616376bbeed?s=96&d=mm&r=g","url":"https:\/\/secure.gravatar.com\/avatar\/d4fe7459cfc51ff5129ce1a732bbef5928568b8092d412ef95611616376bbeed?s=96&d=mm&r=g","contentUrl":"https:\/\/secure.gravatar.com\/avatar\/d4fe7459cfc51ff5129ce1a732bbef5928568b8092d412ef95611616376bbeed?s=96&d=mm&r=g","caption":"f1000024"},"url":"https:\/\/cvinoticias.com\/v3\/author\/f1000024\/"}]}},"_links":{"self":[{"href":"https:\/\/cvinoticias.com\/v3\/wp-json\/wp\/v2\/posts\/28715","targetHints":{"allow":["GET"]}}],"collection":[{"href":"https:\/\/cvinoticias.com\/v3\/wp-json\/wp\/v2\/posts"}],"about":[{"href":"https:\/\/cvinoticias.com\/v3\/wp-json\/wp\/v2\/types\/post"}],"author":[{"embeddable":true,"href":"https:\/\/cvinoticias.com\/v3\/wp-json\/wp\/v2\/users\/2"}],"replies":[{"embeddable":true,"href":"https:\/\/cvinoticias.com\/v3\/wp-json\/wp\/v2\/comments?post=28715"}],"version-history":[{"count":1,"href":"https:\/\/cvinoticias.com\/v3\/wp-json\/wp\/v2\/posts\/28715\/revisions"}],"predecessor-version":[{"id":28717,"href":"https:\/\/cvinoticias.com\/v3\/wp-json\/wp\/v2\/posts\/28715\/revisions\/28717"}],"wp:featuredmedia":[{"embeddable":true,"href":"https:\/\/cvinoticias.com\/v3\/wp-json\/wp\/v2\/media\/28716"}],"wp:attachment":[{"href":"https:\/\/cvinoticias.com\/v3\/wp-json\/wp\/v2\/media?parent=28715"}],"wp:term":[{"taxonomy":"category","embeddable":true,"href":"https:\/\/cvinoticias.com\/v3\/wp-json\/wp\/v2\/categories?post=28715"},{"taxonomy":"post_tag","embeddable":true,"href":"https:\/\/cvinoticias.com\/v3\/wp-json\/wp\/v2\/tags?post=28715"}],"curies":[{"name":"wp","href":"https:\/\/api.w.org\/{rel}","templated":true}]}}