{"id":28688,"date":"2023-10-08T15:04:59","date_gmt":"2023-10-08T15:04:59","guid":{"rendered":"https:\/\/cvinoticias.com\/v3\/?p=28688"},"modified":"2023-10-08T15:04:59","modified_gmt":"2023-10-08T15:04:59","slug":"una-eleccion-clave-para-misiones","status":"publish","type":"post","link":"https:\/\/cvinoticias.com\/v3\/una-eleccion-clave-para-misiones\/","title":{"rendered":"Una elecci\u00f3n clave para Misiones"},"content":{"rendered":"\n<p><em>Por Fiorella del Piano<\/em><\/p>\n\n\n\n<p><strong><em>Este 22 de octubre no solo se comienza a definir qui\u00e9n decidir\u00e1 los destinos del pa\u00eds los pr\u00f3ximos 4 a\u00f1os, sino que tambi\u00e9n se eligen los representantes de la provincia en el Congreso de la Naci\u00f3n. Es decir, quienes llevar\u00e1n la voz provincial para reclamar y gestionar obras, fondos y programas para Misiones.<\/em><\/strong><\/p>\n\n\n\n<p>El debate del domingo pasado, que tendr\u00e1 su culminaci\u00f3n esta noche, pr\u00e1cticamente consolid\u00f3 un balotaje entre Javier Milei y Sergio Massa, y cuyo dato saliente fue la deslucida participaci\u00f3n de Patricia Bullrich, quien atribuy\u00f3 su p\u00e1lida performance a una \u201cgripe\u201d. La candidata cambiemita se mostr\u00f3 dubitativa, lenta, sin comprender las preguntas y enfocada en su discurso de odio, sin propuestas a favor, con el \u00fanico recurso de la argumentaci\u00f3n \u201canti\u201d.<br>Se ha convertido en una expresi\u00f3n de sentido com\u00fan, avalada por diversos consultores y especialistas, la de que un debate televisivo no puede hacer ganar una elecci\u00f3n a nadie, pero si hacer perder votos a alg\u00fan candidato. Y eso fue lo que pas\u00f3 con la actuaci\u00f3n brindada por Bullrich, m\u00e1s cuando en ese encuentro uno de los bloques tem\u00e1ticos trat\u00f3 sobre econom\u00eda, principal problem\u00e1tica ciudadana y donde peor desempe\u00f1o exhibi\u00f3 la candidata de Juntos por el Cambio -de poco y nada sirvi\u00f3 la inclusi\u00f3n de Carlos Melconian a su equipo-.<\/p>\n\n\n\n<p><strong>La visi\u00f3n de Massa<\/strong><\/p>\n\n\n\n<p>Otro de los aspectos a resaltar del primer debate fue que el \u00fanico de los cinco candidatos que trat\u00f3 el tema federalismo fue Sergio Massa, dato de importancia para el ciudadano de las provincias, el mal llamado \u201cinterior\u201d del pa\u00eds. Adem\u00e1s de la autocr\u00edtica por lo que el Frente de Todos no pudo cumplir y los reiterados llamados a un gobierno de unidad nacional -al cual hace tiempo hab\u00eda mencionado la posibilidad de incorporar misioneros-, el tema federalismo es central en la plataforma y la visi\u00f3n pol\u00edtica del candidato de Uni\u00f3n por la Patria.<\/p>\n\n\n\n<p>En su plataforma se puede leer la necesidad de una nueva Ley de Coparticipaci\u00f3n Federal de Ingresos, que sea una \u201cherramienta que promueva la redistribuci\u00f3n de la riqueza que genera Argentina como naci\u00f3n\u201d. Dado que \u201csolo a trav\u00e9s de un desarrollo federal, apoyando a las econom\u00edas regionales, podremos concebir a una Argentina unificada\u201d. La promoci\u00f3n de las econom\u00edas provinciales es otro caballito de batalla, cuyas retenciones las elimin\u00f3 en su gesti\u00f3n como ministro de Econom\u00eda.<br>El desarrollo del Norte Grande y la generaci\u00f3n de energ\u00edas es otro de los puntos a destacar del programa de Massa, que tambi\u00e9n ha elogiado lo referente al tratamiento de la biomasa en nuestra provincia, por ejemplo.<\/p>\n\n\n\n<p>El contraste es muy fuerte con lo realizado por el gobierno de Macri al dejar las cuentas deficitarias de buena parte de las provincias argentinas, incentivando el endeudamiento en d\u00f3lares para pagar gastos corrientes -deuda que aun se sigue pagando- o lo que propone el candidato libertario al fogonear una corrida cambiaria para su inviable plan de dolarizaci\u00f3n -los movimientos de esta semana dan cuenta de eso, puesto que su propuesta es llevar el valor del peso a 0, al eliminarlo- as\u00ed como la derogaci\u00f3n de la coparticipaci\u00f3n. Un Programa de Gobierno para 40 manzanas del AMBA.<\/p>\n\n\n\n<p><strong>Bullrich en salida<\/strong><\/p>\n\n\n\n<p>Los titubeos de la ex ministra de Trabajo de De la R\u00faa en el debate realizado en Santiago del Estero continuaron esta semana con el ninguneo de su rival en la interna Horacio Rodr\u00edguez Larreta, los coqueteos de Macri con Milei y la posterior respuesta de la presidenta del PRO en uso de licencia.<\/p>\n\n\n\n<p>M\u00e1s all\u00e1 de las internas y disputas personales, lo que ocupa la centralidad del escenario es para donde pueden migrar los votos tanto de Rodr\u00edguez Larreta como del radicalismo, sector subestimado desde la formaci\u00f3n de la alianza cambiemos y fustigado recurrentemente por Milei.<br>Las propuestas econ\u00f3micas de Bullrich, cuya explicaci\u00f3n se le hizo dif\u00edcil de transmitir a la ciudadan\u00eda, agregaron m\u00e1s incertidumbre a sectores como el del comercio en Misiones, habitualmente proclive a votar a Juntos. Fundamentalmente, la idea de legalizar una econom\u00eda bimonetaria en donde se pueda elegir libremente que divisa utilizar -que tuvo como r\u00e9plica del candidato oficialista el ejemplo de Cuba y Venezuela como \u00fanicas naciones que utilizan dicho sistema- no tuvo repercusiones positivas.<br>La encrucijada de Bullrich, aislada por propios y extra\u00f1os, hace prever que el sector m\u00e1s af\u00edn a Macri ir\u00eda con la motosierra de La Libertad Avanza, mientras que Larreta y los radicales se inclinar\u00edan por un gobierno de Massa, con quien ya empezaron a tender puentes.<\/p>\n\n\n\n<p>La situaci\u00f3n es similar en Misiones, donde Goerling -candidato a Senador por JxC- trabaja solo en su campa\u00f1a, mientras que la UCR, sin candidato propio por primera vez en mucho tiempo, se encuentra totalmente distanciada y fuera de la campa\u00f1a. Ya lo hab\u00eda anticipado quien fuera uno de los hacedores del triunfo de Macri en 2015, el consultor ecuatoriano Jaime Dur\u00e1n Barba, Juntos por el Cambio va rumbo a su disoluci\u00f3n en los pr\u00f3ximos meses.<\/p>\n\n\n\n<hr class=\"wp-block-separator has-alpha-channel-opacity\"\/>\n\n\n\n<p>En el Frente Renovador sucede lo opuesto: el esquema con el que gan\u00f3 holgadamente las elecciones provinciales de mayo y las PASO de agosto en las categor\u00edas Senadores y Diputados nacionales se mantiene vigente. En aquel entonces, y tambi\u00e9n en las proyecciones para dentro de dos semanas, la Renovaci\u00f3n recibi\u00f3 votos de las vertientes Massa y Milei; con el dato sobresaliente de que el 70% de los votantes del libertario en la provincia votaron al FR en mayo.<br>El gobierno provincial y sus legisladores se han convertido en una fuente de gobernabilidad, cualquiera sea el pr\u00f3ximo presidente, al igual que en ac\u00e9rrimos defensores del misionerismo, con el reclamo constante y la gesti\u00f3n por obras, fondos y programas.<\/p>\n","protected":false},"excerpt":{"rendered":"<p>Por Fiorella del Piano Este 22 de octubre no solo se comienza a definir qui\u00e9n decidir\u00e1 los destinos del pa\u00eds los pr\u00f3ximos 4 a\u00f1os, sino que tambi\u00e9n se eligen los representantes de la provincia en el Congreso de la Naci\u00f3n. Es decir, quienes llevar\u00e1n la voz provincial para reclamar y gestionar obras, fondos y programas [&hellip;]<\/p>\n","protected":false},"author":2,"featured_media":28689,"comment_status":"open","ping_status":"open","sticky":false,"template":"","format":"standard","meta":{"footnotes":""},"categories":[42],"tags":[],"class_list":["post-28688","post","type-post","status-publish","format-standard","has-post-thumbnail","hentry","category-politica"],"yoast_head":"<!-- This site is optimized with the Yoast SEO plugin v27.5 - https:\/\/yoast.com\/product\/yoast-seo-wordpress\/ -->\n<title>Una elecci\u00f3n clave para Misiones | CVI NOTICIAS<\/title>\n<meta name=\"robots\" content=\"index, follow, max-snippet:-1, max-image-preview:large, max-video-preview:-1\" \/>\n<link rel=\"canonical\" href=\"https:\/\/cvinoticias.com\/v3\/una-eleccion-clave-para-misiones\/\" \/>\n<meta property=\"og:locale\" content=\"es_ES\" \/>\n<meta property=\"og:type\" content=\"article\" \/>\n<meta property=\"og:title\" content=\"Una elecci\u00f3n clave para Misiones | CVI NOTICIAS\" \/>\n<meta property=\"og:description\" content=\"Por Fiorella del Piano Este 22 de octubre no solo se comienza a definir qui\u00e9n decidir\u00e1 los destinos del pa\u00eds los pr\u00f3ximos 4 a\u00f1os, sino que tambi\u00e9n se eligen los representantes de la provincia en el Congreso de la Naci\u00f3n. Es decir, quienes llevar\u00e1n la voz provincial para reclamar y gestionar obras, fondos y programas [&hellip;]\" \/>\n<meta property=\"og:url\" content=\"https:\/\/cvinoticias.com\/v3\/una-eleccion-clave-para-misiones\/\" \/>\n<meta property=\"og:site_name\" content=\"CVI NOTICIAS\" \/>\n<meta property=\"article:publisher\" content=\"https:\/\/www.facebook.com\/cvinoticias\" \/>\n<meta property=\"article:published_time\" content=\"2023-10-08T15:04:59+00:00\" \/>\n<meta property=\"og:image\" content=\"https:\/\/cvinoticias.com\/wp-content\/uploads\/2023\/10\/IMG-20231007-WA0515.jpg\" \/>\n\t<meta property=\"og:image:width\" content=\"777\" \/>\n\t<meta property=\"og:image:height\" content=\"474\" \/>\n\t<meta property=\"og:image:type\" content=\"image\/jpeg\" \/>\n<meta name=\"author\" content=\"f1000024\" \/>\n<meta name=\"twitter:card\" content=\"summary_large_image\" \/>\n<meta name=\"twitter:label1\" content=\"Escrito por\" \/>\n\t<meta name=\"twitter:data1\" content=\"f1000024\" \/>\n\t<meta name=\"twitter:label2\" content=\"Tiempo de lectura\" \/>\n\t<meta name=\"twitter:data2\" content=\"5 minutos\" \/>\n<script type=\"application\/ld+json\" class=\"yoast-schema-graph\">{\"@context\":\"https:\\\/\\\/schema.org\",\"@graph\":[{\"@type\":\"Article\",\"@id\":\"https:\\\/\\\/cvinoticias.com\\\/v3\\\/una-eleccion-clave-para-misiones\\\/#article\",\"isPartOf\":{\"@id\":\"https:\\\/\\\/cvinoticias.com\\\/v3\\\/una-eleccion-clave-para-misiones\\\/\"},\"author\":{\"name\":\"f1000024\",\"@id\":\"https:\\\/\\\/cvinoticias.com\\\/v3\\\/#\\\/schema\\\/person\\\/2db77e3c6bc03c538495d7b2b8be9b66\"},\"headline\":\"Una elecci\u00f3n clave para Misiones\",\"datePublished\":\"2023-10-08T15:04:59+00:00\",\"mainEntityOfPage\":{\"@id\":\"https:\\\/\\\/cvinoticias.com\\\/v3\\\/una-eleccion-clave-para-misiones\\\/\"},\"wordCount\":1013,\"commentCount\":0,\"publisher\":{\"@id\":\"https:\\\/\\\/cvinoticias.com\\\/v3\\\/#organization\"},\"image\":{\"@id\":\"https:\\\/\\\/cvinoticias.com\\\/v3\\\/una-eleccion-clave-para-misiones\\\/#primaryimage\"},\"thumbnailUrl\":\"https:\\\/\\\/cvinoticias.com\\\/wp-content\\\/uploads\\\/2023\\\/10\\\/IMG-20231007-WA0515.jpg\",\"articleSection\":[\"Politica\"],\"inLanguage\":\"es\",\"potentialAction\":[{\"@type\":\"CommentAction\",\"name\":\"Comment\",\"target\":[\"https:\\\/\\\/cvinoticias.com\\\/v3\\\/una-eleccion-clave-para-misiones\\\/#respond\"]}]},{\"@type\":\"WebPage\",\"@id\":\"https:\\\/\\\/cvinoticias.com\\\/v3\\\/una-eleccion-clave-para-misiones\\\/\",\"url\":\"https:\\\/\\\/cvinoticias.com\\\/v3\\\/una-eleccion-clave-para-misiones\\\/\",\"name\":\"Una elecci\u00f3n clave para Misiones | CVI NOTICIAS\",\"isPartOf\":{\"@id\":\"https:\\\/\\\/cvinoticias.com\\\/v3\\\/#website\"},\"primaryImageOfPage\":{\"@id\":\"https:\\\/\\\/cvinoticias.com\\\/v3\\\/una-eleccion-clave-para-misiones\\\/#primaryimage\"},\"image\":{\"@id\":\"https:\\\/\\\/cvinoticias.com\\\/v3\\\/una-eleccion-clave-para-misiones\\\/#primaryimage\"},\"thumbnailUrl\":\"https:\\\/\\\/cvinoticias.com\\\/wp-content\\\/uploads\\\/2023\\\/10\\\/IMG-20231007-WA0515.jpg\",\"datePublished\":\"2023-10-08T15:04:59+00:00\",\"breadcrumb\":{\"@id\":\"https:\\\/\\\/cvinoticias.com\\\/v3\\\/una-eleccion-clave-para-misiones\\\/#breadcrumb\"},\"inLanguage\":\"es\",\"potentialAction\":[{\"@type\":\"ReadAction\",\"target\":[\"https:\\\/\\\/cvinoticias.com\\\/v3\\\/una-eleccion-clave-para-misiones\\\/\"]}]},{\"@type\":\"ImageObject\",\"inLanguage\":\"es\",\"@id\":\"https:\\\/\\\/cvinoticias.com\\\/v3\\\/una-eleccion-clave-para-misiones\\\/#primaryimage\",\"url\":\"https:\\\/\\\/cvinoticias.com\\\/wp-content\\\/uploads\\\/2023\\\/10\\\/IMG-20231007-WA0515.jpg\",\"contentUrl\":\"https:\\\/\\\/cvinoticias.com\\\/wp-content\\\/uploads\\\/2023\\\/10\\\/IMG-20231007-WA0515.jpg\",\"width\":777,\"height\":474},{\"@type\":\"BreadcrumbList\",\"@id\":\"https:\\\/\\\/cvinoticias.com\\\/v3\\\/una-eleccion-clave-para-misiones\\\/#breadcrumb\",\"itemListElement\":[{\"@type\":\"ListItem\",\"position\":1,\"name\":\"Portada\",\"item\":\"https:\\\/\\\/cvinoticias.com\\\/v3\\\/\"},{\"@type\":\"ListItem\",\"position\":2,\"name\":\"Una elecci\u00f3n clave para Misiones\"}]},{\"@type\":\"WebSite\",\"@id\":\"https:\\\/\\\/cvinoticias.com\\\/v3\\\/#website\",\"url\":\"https:\\\/\\\/cvinoticias.com\\\/v3\\\/\",\"name\":\"CVI NOTICIAS\",\"description\":\"\",\"publisher\":{\"@id\":\"https:\\\/\\\/cvinoticias.com\\\/v3\\\/#organization\"},\"alternateName\":\"CVI\",\"potentialAction\":[{\"@type\":\"SearchAction\",\"target\":{\"@type\":\"EntryPoint\",\"urlTemplate\":\"https:\\\/\\\/cvinoticias.com\\\/v3\\\/?s={search_term_string}\"},\"query-input\":{\"@type\":\"PropertyValueSpecification\",\"valueRequired\":true,\"valueName\":\"search_term_string\"}}],\"inLanguage\":\"es\"},{\"@type\":\"Organization\",\"@id\":\"https:\\\/\\\/cvinoticias.com\\\/v3\\\/#organization\",\"name\":\"CVI NOTICIAS\",\"url\":\"https:\\\/\\\/cvinoticias.com\\\/v3\\\/\",\"logo\":{\"@type\":\"ImageObject\",\"inLanguage\":\"es\",\"@id\":\"https:\\\/\\\/cvinoticias.com\\\/v3\\\/#\\\/schema\\\/logo\\\/image\\\/\",\"url\":\"https:\\\/\\\/cvinoticias.com\\\/wp-content\\\/uploads\\\/2023\\\/04\\\/cropped-cropped-cropped-cropped-cropped-3-1.png\",\"contentUrl\":\"https:\\\/\\\/cvinoticias.com\\\/wp-content\\\/uploads\\\/2023\\\/04\\\/cropped-cropped-cropped-cropped-cropped-3-1.png\",\"width\":95,\"height\":122,\"caption\":\"CVI NOTICIAS\"},\"image\":{\"@id\":\"https:\\\/\\\/cvinoticias.com\\\/v3\\\/#\\\/schema\\\/logo\\\/image\\\/\"},\"sameAs\":[\"https:\\\/\\\/www.facebook.com\\\/cvinoticias\",\"https:\\\/\\\/www.instagram.com\\\/cvinoticias\\\/\",\"https:\\\/\\\/www.youtube.com\\\/@CVINOTICIAS\"]},{\"@type\":\"Person\",\"@id\":\"https:\\\/\\\/cvinoticias.com\\\/v3\\\/#\\\/schema\\\/person\\\/2db77e3c6bc03c538495d7b2b8be9b66\",\"name\":\"f1000024\",\"image\":{\"@type\":\"ImageObject\",\"inLanguage\":\"es\",\"@id\":\"https:\\\/\\\/secure.gravatar.com\\\/avatar\\\/d4fe7459cfc51ff5129ce1a732bbef5928568b8092d412ef95611616376bbeed?s=96&d=mm&r=g\",\"url\":\"https:\\\/\\\/secure.gravatar.com\\\/avatar\\\/d4fe7459cfc51ff5129ce1a732bbef5928568b8092d412ef95611616376bbeed?s=96&d=mm&r=g\",\"contentUrl\":\"https:\\\/\\\/secure.gravatar.com\\\/avatar\\\/d4fe7459cfc51ff5129ce1a732bbef5928568b8092d412ef95611616376bbeed?s=96&d=mm&r=g\",\"caption\":\"f1000024\"},\"url\":\"https:\\\/\\\/cvinoticias.com\\\/v3\\\/author\\\/f1000024\\\/\"}]}<\/script>\n<!-- \/ Yoast SEO plugin. -->","yoast_head_json":{"title":"Una elecci\u00f3n clave para Misiones | CVI NOTICIAS","robots":{"index":"index","follow":"follow","max-snippet":"max-snippet:-1","max-image-preview":"max-image-preview:large","max-video-preview":"max-video-preview:-1"},"canonical":"https:\/\/cvinoticias.com\/v3\/una-eleccion-clave-para-misiones\/","og_locale":"es_ES","og_type":"article","og_title":"Una elecci\u00f3n clave para Misiones | CVI NOTICIAS","og_description":"Por Fiorella del Piano Este 22 de octubre no solo se comienza a definir qui\u00e9n decidir\u00e1 los destinos del pa\u00eds los pr\u00f3ximos 4 a\u00f1os, sino que tambi\u00e9n se eligen los representantes de la provincia en el Congreso de la Naci\u00f3n. Es decir, quienes llevar\u00e1n la voz provincial para reclamar y gestionar obras, fondos y programas [&hellip;]","og_url":"https:\/\/cvinoticias.com\/v3\/una-eleccion-clave-para-misiones\/","og_site_name":"CVI NOTICIAS","article_publisher":"https:\/\/www.facebook.com\/cvinoticias","article_published_time":"2023-10-08T15:04:59+00:00","og_image":[{"width":777,"height":474,"url":"https:\/\/cvinoticias.com\/wp-content\/uploads\/2023\/10\/IMG-20231007-WA0515.jpg","type":"image\/jpeg"}],"author":"f1000024","twitter_card":"summary_large_image","twitter_misc":{"Escrito por":"f1000024","Tiempo de lectura":"5 minutos"},"schema":{"@context":"https:\/\/schema.org","@graph":[{"@type":"Article","@id":"https:\/\/cvinoticias.com\/v3\/una-eleccion-clave-para-misiones\/#article","isPartOf":{"@id":"https:\/\/cvinoticias.com\/v3\/una-eleccion-clave-para-misiones\/"},"author":{"name":"f1000024","@id":"https:\/\/cvinoticias.com\/v3\/#\/schema\/person\/2db77e3c6bc03c538495d7b2b8be9b66"},"headline":"Una elecci\u00f3n clave para Misiones","datePublished":"2023-10-08T15:04:59+00:00","mainEntityOfPage":{"@id":"https:\/\/cvinoticias.com\/v3\/una-eleccion-clave-para-misiones\/"},"wordCount":1013,"commentCount":0,"publisher":{"@id":"https:\/\/cvinoticias.com\/v3\/#organization"},"image":{"@id":"https:\/\/cvinoticias.com\/v3\/una-eleccion-clave-para-misiones\/#primaryimage"},"thumbnailUrl":"https:\/\/cvinoticias.com\/wp-content\/uploads\/2023\/10\/IMG-20231007-WA0515.jpg","articleSection":["Politica"],"inLanguage":"es","potentialAction":[{"@type":"CommentAction","name":"Comment","target":["https:\/\/cvinoticias.com\/v3\/una-eleccion-clave-para-misiones\/#respond"]}]},{"@type":"WebPage","@id":"https:\/\/cvinoticias.com\/v3\/una-eleccion-clave-para-misiones\/","url":"https:\/\/cvinoticias.com\/v3\/una-eleccion-clave-para-misiones\/","name":"Una elecci\u00f3n clave para Misiones | CVI NOTICIAS","isPartOf":{"@id":"https:\/\/cvinoticias.com\/v3\/#website"},"primaryImageOfPage":{"@id":"https:\/\/cvinoticias.com\/v3\/una-eleccion-clave-para-misiones\/#primaryimage"},"image":{"@id":"https:\/\/cvinoticias.com\/v3\/una-eleccion-clave-para-misiones\/#primaryimage"},"thumbnailUrl":"https:\/\/cvinoticias.com\/wp-content\/uploads\/2023\/10\/IMG-20231007-WA0515.jpg","datePublished":"2023-10-08T15:04:59+00:00","breadcrumb":{"@id":"https:\/\/cvinoticias.com\/v3\/una-eleccion-clave-para-misiones\/#breadcrumb"},"inLanguage":"es","potentialAction":[{"@type":"ReadAction","target":["https:\/\/cvinoticias.com\/v3\/una-eleccion-clave-para-misiones\/"]}]},{"@type":"ImageObject","inLanguage":"es","@id":"https:\/\/cvinoticias.com\/v3\/una-eleccion-clave-para-misiones\/#primaryimage","url":"https:\/\/cvinoticias.com\/wp-content\/uploads\/2023\/10\/IMG-20231007-WA0515.jpg","contentUrl":"https:\/\/cvinoticias.com\/wp-content\/uploads\/2023\/10\/IMG-20231007-WA0515.jpg","width":777,"height":474},{"@type":"BreadcrumbList","@id":"https:\/\/cvinoticias.com\/v3\/una-eleccion-clave-para-misiones\/#breadcrumb","itemListElement":[{"@type":"ListItem","position":1,"name":"Portada","item":"https:\/\/cvinoticias.com\/v3\/"},{"@type":"ListItem","position":2,"name":"Una elecci\u00f3n clave para Misiones"}]},{"@type":"WebSite","@id":"https:\/\/cvinoticias.com\/v3\/#website","url":"https:\/\/cvinoticias.com\/v3\/","name":"CVI NOTICIAS","description":"","publisher":{"@id":"https:\/\/cvinoticias.com\/v3\/#organization"},"alternateName":"CVI","potentialAction":[{"@type":"SearchAction","target":{"@type":"EntryPoint","urlTemplate":"https:\/\/cvinoticias.com\/v3\/?s={search_term_string}"},"query-input":{"@type":"PropertyValueSpecification","valueRequired":true,"valueName":"search_term_string"}}],"inLanguage":"es"},{"@type":"Organization","@id":"https:\/\/cvinoticias.com\/v3\/#organization","name":"CVI NOTICIAS","url":"https:\/\/cvinoticias.com\/v3\/","logo":{"@type":"ImageObject","inLanguage":"es","@id":"https:\/\/cvinoticias.com\/v3\/#\/schema\/logo\/image\/","url":"https:\/\/cvinoticias.com\/wp-content\/uploads\/2023\/04\/cropped-cropped-cropped-cropped-cropped-3-1.png","contentUrl":"https:\/\/cvinoticias.com\/wp-content\/uploads\/2023\/04\/cropped-cropped-cropped-cropped-cropped-3-1.png","width":95,"height":122,"caption":"CVI NOTICIAS"},"image":{"@id":"https:\/\/cvinoticias.com\/v3\/#\/schema\/logo\/image\/"},"sameAs":["https:\/\/www.facebook.com\/cvinoticias","https:\/\/www.instagram.com\/cvinoticias\/","https:\/\/www.youtube.com\/@CVINOTICIAS"]},{"@type":"Person","@id":"https:\/\/cvinoticias.com\/v3\/#\/schema\/person\/2db77e3c6bc03c538495d7b2b8be9b66","name":"f1000024","image":{"@type":"ImageObject","inLanguage":"es","@id":"https:\/\/secure.gravatar.com\/avatar\/d4fe7459cfc51ff5129ce1a732bbef5928568b8092d412ef95611616376bbeed?s=96&d=mm&r=g","url":"https:\/\/secure.gravatar.com\/avatar\/d4fe7459cfc51ff5129ce1a732bbef5928568b8092d412ef95611616376bbeed?s=96&d=mm&r=g","contentUrl":"https:\/\/secure.gravatar.com\/avatar\/d4fe7459cfc51ff5129ce1a732bbef5928568b8092d412ef95611616376bbeed?s=96&d=mm&r=g","caption":"f1000024"},"url":"https:\/\/cvinoticias.com\/v3\/author\/f1000024\/"}]}},"_links":{"self":[{"href":"https:\/\/cvinoticias.com\/v3\/wp-json\/wp\/v2\/posts\/28688","targetHints":{"allow":["GET"]}}],"collection":[{"href":"https:\/\/cvinoticias.com\/v3\/wp-json\/wp\/v2\/posts"}],"about":[{"href":"https:\/\/cvinoticias.com\/v3\/wp-json\/wp\/v2\/types\/post"}],"author":[{"embeddable":true,"href":"https:\/\/cvinoticias.com\/v3\/wp-json\/wp\/v2\/users\/2"}],"replies":[{"embeddable":true,"href":"https:\/\/cvinoticias.com\/v3\/wp-json\/wp\/v2\/comments?post=28688"}],"version-history":[{"count":1,"href":"https:\/\/cvinoticias.com\/v3\/wp-json\/wp\/v2\/posts\/28688\/revisions"}],"predecessor-version":[{"id":28690,"href":"https:\/\/cvinoticias.com\/v3\/wp-json\/wp\/v2\/posts\/28688\/revisions\/28690"}],"wp:featuredmedia":[{"embeddable":true,"href":"https:\/\/cvinoticias.com\/v3\/wp-json\/wp\/v2\/media\/28689"}],"wp:attachment":[{"href":"https:\/\/cvinoticias.com\/v3\/wp-json\/wp\/v2\/media?parent=28688"}],"wp:term":[{"taxonomy":"category","embeddable":true,"href":"https:\/\/cvinoticias.com\/v3\/wp-json\/wp\/v2\/categories?post=28688"},{"taxonomy":"post_tag","embeddable":true,"href":"https:\/\/cvinoticias.com\/v3\/wp-json\/wp\/v2\/tags?post=28688"}],"curies":[{"name":"wp","href":"https:\/\/api.w.org\/{rel}","templated":true}]}}