{"id":28607,"date":"2023-10-06T11:10:27","date_gmt":"2023-10-06T11:10:27","guid":{"rendered":"https:\/\/cvinoticias.com\/v3\/?p=28607"},"modified":"2023-10-06T11:10:27","modified_gmt":"2023-10-06T11:10:27","slug":"martin-cesino-trabajamos-y-militamos-por-los-derechos-adquiridos-por-la-provincia-defendiendo-la-lista-de-innovacion-federal","status":"publish","type":"post","link":"https:\/\/cvinoticias.com\/v3\/martin-cesino-trabajamos-y-militamos-por-los-derechos-adquiridos-por-la-provincia-defendiendo-la-lista-de-innovacion-federal\/","title":{"rendered":"Martin Cesino \u00abTrabajamos y militamos por los derechos adquiridos por la provincia defendiendo la lista de Innovaci\u00f3n Federal\u00bb"},"content":{"rendered":"\n<p><strong><em>El presidente del bloque Renovador y diputado provincial, Dr. Martin Cesino sostuvo que Misiones siempre ha marcado una agenda muy clara y asegur\u00f3 que los candidatos que conforman la lista de Innovaci\u00f3n Federal buscar\u00e1n ser el puente con naci\u00f3n para garantizar todas las pol\u00edticas p\u00fablicas que necesitan los misioneros.<\/em><\/strong><\/p>\n\n\n\n<p>El diputado Martin Cesino afirm\u00f3 \u00abnosotros buscamos el mismo acompa\u00f1amiento que hemos tenido en toda la provincia a nuestros candidatos a senadores y diputados, as\u00ed como a nuestro presidente y a Sergio Massa, que el misionero lo ha hecho con mucha responsabilidad, con mucho compromiso con ese voto \u00fatil\u00bb.<\/p>\n\n\n\n<p>Asimismo se\u00f1al\u00f3 que \u00abnecesitamos hombres y mujeres que realmente representen a la provincia de Misiones, ser el puente entre nuestras futuras autoridades como va a ser Hugo Passalacqua a partir del 10 de diciembre y Lucas Romero Spinelli con el presidente en todas aquellas pol\u00edticas p\u00fablicas que necesitamos los misioneros en obras p\u00fablicas, la coparticipaci\u00f3n, de todo lo que tiene que ver con la salud, la educaci\u00f3n, acompa\u00f1ando cada uno de los sectores productivos, econ\u00f3micos y tur\u00edsticos de la provincia de Misiones\u00bb.<\/p>\n\n\n\n<p>\u00abPor eso uno entiende que venimos trabajando todo lo que formamos parte de Frente Renovador de la Concordia con cada uno de los intendentes en la provincia de Misiones, cada uno de los intendentes de la zona sur y en cada uno de los municipios entendiendo la importancia de trabajar y militar por todos los derechos adquiridos en estos a\u00f1os por la provincia, defendiendo la lista de Innovaci\u00f3n Federal. Y fundamentalmente a aquella persona que ha entendido y ha escuchado siempre al misionero y misionera como es Sergio Massa en seguir consolidando y seguir entendiendo la importancia del federalismo, pero fundamentalmente cuidando y protegiendo cada uno de los derechos adquiridos por todos los argentinos y nuestra provincia\u00bb.<\/p>\n\n\n\n<p>Cesino brind\u00f3 su opini\u00f3n sobre el debate residencial del pasado domingo y dijo que \u00abuno que ha visto el debate y ha visto a cada uno de los candidatos, Massa se ha mostrado como lo ha hecho en todo este tiempo en el mismo momento que ha tomado la gran responsabilidad de ser el ministro de econom\u00eda de la Argentina, ha visitado cada una de las provincias y ha tenido esta responsabilidad de ser candidato a presidente, se mostr\u00f3 serio, responsable comprometido y c\u00f3modo. \u00c9l siempre fue el \u00fanico que dijo como va a buscar y corregir, en ese momento que sea presidente de los argentinos, cada una de aquellas cuestiones que hoy tiene el pa\u00eds en las que se van a presentar a partir del 10 de diciembre entendiendo la importancia de que escuchar y buscar eso que tanto queremos los misioneros y los argentinos es el federalismo, entendiendo que cada una de las pol\u00edticas p\u00fablicas son importantes y necesarias para cada vecino\u00bb.<\/p>\n\n\n\n<p>\u00abSiempre ha defendido no solo las ideas de \u00e9l sino las ideas de todos los argentinos y cada una de las provincias. Muchas de las cuestiones que se les ha planteado de la provincia de Misiones de la salud, la educaci\u00f3n, la tecnolog\u00eda el acompa\u00f1amiento de cada uno y de los distintos sectores econ\u00f3micos y productivos, lo ha hecho Massa dentro de la quita de retenciones, del impuesto a las ganancias, lo que es el Ahora Misiones. Es decir, muchas de esas ideas son dadas por nuestra provincia, por las autoridades, ya sea por el presidente de la C\u00e1mara el Ingeniero Carlos Rovira.( ANG)<\/p>\n","protected":false},"excerpt":{"rendered":"<p>El presidente del bloque Renovador y diputado provincial, Dr. Martin Cesino sostuvo que Misiones siempre ha marcado una agenda muy clara y asegur\u00f3 que los candidatos que conforman la lista de Innovaci\u00f3n Federal buscar\u00e1n ser el puente con naci\u00f3n para garantizar todas las pol\u00edticas p\u00fablicas que necesitan los misioneros. El diputado Martin Cesino afirm\u00f3 \u00abnosotros [&hellip;]<\/p>\n","protected":false},"author":2,"featured_media":28608,"comment_status":"open","ping_status":"open","sticky":false,"template":"","format":"standard","meta":{"footnotes":""},"categories":[42],"tags":[],"class_list":["post-28607","post","type-post","status-publish","format-standard","has-post-thumbnail","hentry","category-politica"],"yoast_head":"<!-- This site is optimized with the Yoast SEO plugin v27.5 - https:\/\/yoast.com\/product\/yoast-seo-wordpress\/ -->\n<title>Martin Cesino &quot;Trabajamos y militamos por los derechos adquiridos por la provincia defendiendo la lista de Innovaci\u00f3n Federal&quot; | CVI NOTICIAS<\/title>\n<meta name=\"robots\" content=\"index, follow, max-snippet:-1, max-image-preview:large, max-video-preview:-1\" \/>\n<link rel=\"canonical\" href=\"https:\/\/cvinoticias.com\/v3\/martin-cesino-trabajamos-y-militamos-por-los-derechos-adquiridos-por-la-provincia-defendiendo-la-lista-de-innovacion-federal\/\" \/>\n<meta property=\"og:locale\" content=\"es_ES\" \/>\n<meta property=\"og:type\" content=\"article\" \/>\n<meta property=\"og:title\" content=\"Martin Cesino &quot;Trabajamos y militamos por los derechos adquiridos por la provincia defendiendo la lista de Innovaci\u00f3n Federal&quot; | CVI NOTICIAS\" \/>\n<meta property=\"og:description\" content=\"El presidente del bloque Renovador y diputado provincial, Dr. Martin Cesino sostuvo que Misiones siempre ha marcado una agenda muy clara y asegur\u00f3 que los candidatos que conforman la lista de Innovaci\u00f3n Federal buscar\u00e1n ser el puente con naci\u00f3n para garantizar todas las pol\u00edticas p\u00fablicas que necesitan los misioneros. El diputado Martin Cesino afirm\u00f3 \u00abnosotros [&hellip;]\" \/>\n<meta property=\"og:url\" content=\"https:\/\/cvinoticias.com\/v3\/martin-cesino-trabajamos-y-militamos-por-los-derechos-adquiridos-por-la-provincia-defendiendo-la-lista-de-innovacion-federal\/\" \/>\n<meta property=\"og:site_name\" content=\"CVI NOTICIAS\" \/>\n<meta property=\"article:publisher\" content=\"https:\/\/www.facebook.com\/cvinoticias\" \/>\n<meta property=\"article:published_time\" content=\"2023-10-06T11:10:27+00:00\" \/>\n<meta property=\"og:image\" content=\"https:\/\/cvinoticias.com\/wp-content\/uploads\/2023\/10\/IMG-20230720-WA0127.jpg\" \/>\n\t<meta property=\"og:image:width\" content=\"720\" \/>\n\t<meta property=\"og:image:height\" content=\"480\" \/>\n\t<meta property=\"og:image:type\" content=\"image\/jpeg\" \/>\n<meta name=\"author\" content=\"f1000024\" \/>\n<meta name=\"twitter:card\" content=\"summary_large_image\" \/>\n<meta name=\"twitter:label1\" content=\"Escrito por\" \/>\n\t<meta name=\"twitter:data1\" content=\"f1000024\" \/>\n\t<meta name=\"twitter:label2\" content=\"Tiempo de lectura\" \/>\n\t<meta name=\"twitter:data2\" content=\"3 minutos\" \/>\n<script type=\"application\/ld+json\" class=\"yoast-schema-graph\">{\"@context\":\"https:\\\/\\\/schema.org\",\"@graph\":[{\"@type\":\"Article\",\"@id\":\"https:\\\/\\\/cvinoticias.com\\\/v3\\\/martin-cesino-trabajamos-y-militamos-por-los-derechos-adquiridos-por-la-provincia-defendiendo-la-lista-de-innovacion-federal\\\/#article\",\"isPartOf\":{\"@id\":\"https:\\\/\\\/cvinoticias.com\\\/v3\\\/martin-cesino-trabajamos-y-militamos-por-los-derechos-adquiridos-por-la-provincia-defendiendo-la-lista-de-innovacion-federal\\\/\"},\"author\":{\"name\":\"f1000024\",\"@id\":\"https:\\\/\\\/cvinoticias.com\\\/v3\\\/#\\\/schema\\\/person\\\/2db77e3c6bc03c538495d7b2b8be9b66\"},\"headline\":\"Martin Cesino \u00abTrabajamos y militamos por los derechos adquiridos por la provincia defendiendo la lista de Innovaci\u00f3n Federal\u00bb\",\"datePublished\":\"2023-10-06T11:10:27+00:00\",\"mainEntityOfPage\":{\"@id\":\"https:\\\/\\\/cvinoticias.com\\\/v3\\\/martin-cesino-trabajamos-y-militamos-por-los-derechos-adquiridos-por-la-provincia-defendiendo-la-lista-de-innovacion-federal\\\/\"},\"wordCount\":610,\"commentCount\":0,\"publisher\":{\"@id\":\"https:\\\/\\\/cvinoticias.com\\\/v3\\\/#organization\"},\"image\":{\"@id\":\"https:\\\/\\\/cvinoticias.com\\\/v3\\\/martin-cesino-trabajamos-y-militamos-por-los-derechos-adquiridos-por-la-provincia-defendiendo-la-lista-de-innovacion-federal\\\/#primaryimage\"},\"thumbnailUrl\":\"https:\\\/\\\/cvinoticias.com\\\/wp-content\\\/uploads\\\/2023\\\/10\\\/IMG-20230720-WA0127.jpg\",\"articleSection\":[\"Politica\"],\"inLanguage\":\"es\",\"potentialAction\":[{\"@type\":\"CommentAction\",\"name\":\"Comment\",\"target\":[\"https:\\\/\\\/cvinoticias.com\\\/v3\\\/martin-cesino-trabajamos-y-militamos-por-los-derechos-adquiridos-por-la-provincia-defendiendo-la-lista-de-innovacion-federal\\\/#respond\"]}]},{\"@type\":\"WebPage\",\"@id\":\"https:\\\/\\\/cvinoticias.com\\\/v3\\\/martin-cesino-trabajamos-y-militamos-por-los-derechos-adquiridos-por-la-provincia-defendiendo-la-lista-de-innovacion-federal\\\/\",\"url\":\"https:\\\/\\\/cvinoticias.com\\\/v3\\\/martin-cesino-trabajamos-y-militamos-por-los-derechos-adquiridos-por-la-provincia-defendiendo-la-lista-de-innovacion-federal\\\/\",\"name\":\"Martin Cesino \\\"Trabajamos y militamos por los derechos adquiridos por la provincia defendiendo la lista de Innovaci\u00f3n Federal\\\" | CVI NOTICIAS\",\"isPartOf\":{\"@id\":\"https:\\\/\\\/cvinoticias.com\\\/v3\\\/#website\"},\"primaryImageOfPage\":{\"@id\":\"https:\\\/\\\/cvinoticias.com\\\/v3\\\/martin-cesino-trabajamos-y-militamos-por-los-derechos-adquiridos-por-la-provincia-defendiendo-la-lista-de-innovacion-federal\\\/#primaryimage\"},\"image\":{\"@id\":\"https:\\\/\\\/cvinoticias.com\\\/v3\\\/martin-cesino-trabajamos-y-militamos-por-los-derechos-adquiridos-por-la-provincia-defendiendo-la-lista-de-innovacion-federal\\\/#primaryimage\"},\"thumbnailUrl\":\"https:\\\/\\\/cvinoticias.com\\\/wp-content\\\/uploads\\\/2023\\\/10\\\/IMG-20230720-WA0127.jpg\",\"datePublished\":\"2023-10-06T11:10:27+00:00\",\"breadcrumb\":{\"@id\":\"https:\\\/\\\/cvinoticias.com\\\/v3\\\/martin-cesino-trabajamos-y-militamos-por-los-derechos-adquiridos-por-la-provincia-defendiendo-la-lista-de-innovacion-federal\\\/#breadcrumb\"},\"inLanguage\":\"es\",\"potentialAction\":[{\"@type\":\"ReadAction\",\"target\":[\"https:\\\/\\\/cvinoticias.com\\\/v3\\\/martin-cesino-trabajamos-y-militamos-por-los-derechos-adquiridos-por-la-provincia-defendiendo-la-lista-de-innovacion-federal\\\/\"]}]},{\"@type\":\"ImageObject\",\"inLanguage\":\"es\",\"@id\":\"https:\\\/\\\/cvinoticias.com\\\/v3\\\/martin-cesino-trabajamos-y-militamos-por-los-derechos-adquiridos-por-la-provincia-defendiendo-la-lista-de-innovacion-federal\\\/#primaryimage\",\"url\":\"https:\\\/\\\/cvinoticias.com\\\/wp-content\\\/uploads\\\/2023\\\/10\\\/IMG-20230720-WA0127.jpg\",\"contentUrl\":\"https:\\\/\\\/cvinoticias.com\\\/wp-content\\\/uploads\\\/2023\\\/10\\\/IMG-20230720-WA0127.jpg\",\"width\":720,\"height\":480},{\"@type\":\"BreadcrumbList\",\"@id\":\"https:\\\/\\\/cvinoticias.com\\\/v3\\\/martin-cesino-trabajamos-y-militamos-por-los-derechos-adquiridos-por-la-provincia-defendiendo-la-lista-de-innovacion-federal\\\/#breadcrumb\",\"itemListElement\":[{\"@type\":\"ListItem\",\"position\":1,\"name\":\"Portada\",\"item\":\"https:\\\/\\\/cvinoticias.com\\\/v3\\\/\"},{\"@type\":\"ListItem\",\"position\":2,\"name\":\"Martin Cesino \u00abTrabajamos y militamos por los derechos adquiridos por la provincia defendiendo la lista de Innovaci\u00f3n Federal\u00bb\"}]},{\"@type\":\"WebSite\",\"@id\":\"https:\\\/\\\/cvinoticias.com\\\/v3\\\/#website\",\"url\":\"https:\\\/\\\/cvinoticias.com\\\/v3\\\/\",\"name\":\"CVI NOTICIAS\",\"description\":\"\",\"publisher\":{\"@id\":\"https:\\\/\\\/cvinoticias.com\\\/v3\\\/#organization\"},\"alternateName\":\"CVI\",\"potentialAction\":[{\"@type\":\"SearchAction\",\"target\":{\"@type\":\"EntryPoint\",\"urlTemplate\":\"https:\\\/\\\/cvinoticias.com\\\/v3\\\/?s={search_term_string}\"},\"query-input\":{\"@type\":\"PropertyValueSpecification\",\"valueRequired\":true,\"valueName\":\"search_term_string\"}}],\"inLanguage\":\"es\"},{\"@type\":\"Organization\",\"@id\":\"https:\\\/\\\/cvinoticias.com\\\/v3\\\/#organization\",\"name\":\"CVI NOTICIAS\",\"url\":\"https:\\\/\\\/cvinoticias.com\\\/v3\\\/\",\"logo\":{\"@type\":\"ImageObject\",\"inLanguage\":\"es\",\"@id\":\"https:\\\/\\\/cvinoticias.com\\\/v3\\\/#\\\/schema\\\/logo\\\/image\\\/\",\"url\":\"https:\\\/\\\/cvinoticias.com\\\/wp-content\\\/uploads\\\/2023\\\/04\\\/cropped-cropped-cropped-cropped-cropped-3-1.png\",\"contentUrl\":\"https:\\\/\\\/cvinoticias.com\\\/wp-content\\\/uploads\\\/2023\\\/04\\\/cropped-cropped-cropped-cropped-cropped-3-1.png\",\"width\":95,\"height\":122,\"caption\":\"CVI NOTICIAS\"},\"image\":{\"@id\":\"https:\\\/\\\/cvinoticias.com\\\/v3\\\/#\\\/schema\\\/logo\\\/image\\\/\"},\"sameAs\":[\"https:\\\/\\\/www.facebook.com\\\/cvinoticias\",\"https:\\\/\\\/www.instagram.com\\\/cvinoticias\\\/\",\"https:\\\/\\\/www.youtube.com\\\/@CVINOTICIAS\"]},{\"@type\":\"Person\",\"@id\":\"https:\\\/\\\/cvinoticias.com\\\/v3\\\/#\\\/schema\\\/person\\\/2db77e3c6bc03c538495d7b2b8be9b66\",\"name\":\"f1000024\",\"image\":{\"@type\":\"ImageObject\",\"inLanguage\":\"es\",\"@id\":\"https:\\\/\\\/secure.gravatar.com\\\/avatar\\\/d4fe7459cfc51ff5129ce1a732bbef5928568b8092d412ef95611616376bbeed?s=96&d=mm&r=g\",\"url\":\"https:\\\/\\\/secure.gravatar.com\\\/avatar\\\/d4fe7459cfc51ff5129ce1a732bbef5928568b8092d412ef95611616376bbeed?s=96&d=mm&r=g\",\"contentUrl\":\"https:\\\/\\\/secure.gravatar.com\\\/avatar\\\/d4fe7459cfc51ff5129ce1a732bbef5928568b8092d412ef95611616376bbeed?s=96&d=mm&r=g\",\"caption\":\"f1000024\"},\"url\":\"https:\\\/\\\/cvinoticias.com\\\/v3\\\/author\\\/f1000024\\\/\"}]}<\/script>\n<!-- \/ Yoast SEO plugin. -->","yoast_head_json":{"title":"Martin Cesino \"Trabajamos y militamos por los derechos adquiridos por la provincia defendiendo la lista de Innovaci\u00f3n Federal\" | CVI NOTICIAS","robots":{"index":"index","follow":"follow","max-snippet":"max-snippet:-1","max-image-preview":"max-image-preview:large","max-video-preview":"max-video-preview:-1"},"canonical":"https:\/\/cvinoticias.com\/v3\/martin-cesino-trabajamos-y-militamos-por-los-derechos-adquiridos-por-la-provincia-defendiendo-la-lista-de-innovacion-federal\/","og_locale":"es_ES","og_type":"article","og_title":"Martin Cesino \"Trabajamos y militamos por los derechos adquiridos por la provincia defendiendo la lista de Innovaci\u00f3n Federal\" | CVI NOTICIAS","og_description":"El presidente del bloque Renovador y diputado provincial, Dr. Martin Cesino sostuvo que Misiones siempre ha marcado una agenda muy clara y asegur\u00f3 que los candidatos que conforman la lista de Innovaci\u00f3n Federal buscar\u00e1n ser el puente con naci\u00f3n para garantizar todas las pol\u00edticas p\u00fablicas que necesitan los misioneros. El diputado Martin Cesino afirm\u00f3 \u00abnosotros [&hellip;]","og_url":"https:\/\/cvinoticias.com\/v3\/martin-cesino-trabajamos-y-militamos-por-los-derechos-adquiridos-por-la-provincia-defendiendo-la-lista-de-innovacion-federal\/","og_site_name":"CVI NOTICIAS","article_publisher":"https:\/\/www.facebook.com\/cvinoticias","article_published_time":"2023-10-06T11:10:27+00:00","og_image":[{"width":720,"height":480,"url":"https:\/\/cvinoticias.com\/wp-content\/uploads\/2023\/10\/IMG-20230720-WA0127.jpg","type":"image\/jpeg"}],"author":"f1000024","twitter_card":"summary_large_image","twitter_misc":{"Escrito por":"f1000024","Tiempo de lectura":"3 minutos"},"schema":{"@context":"https:\/\/schema.org","@graph":[{"@type":"Article","@id":"https:\/\/cvinoticias.com\/v3\/martin-cesino-trabajamos-y-militamos-por-los-derechos-adquiridos-por-la-provincia-defendiendo-la-lista-de-innovacion-federal\/#article","isPartOf":{"@id":"https:\/\/cvinoticias.com\/v3\/martin-cesino-trabajamos-y-militamos-por-los-derechos-adquiridos-por-la-provincia-defendiendo-la-lista-de-innovacion-federal\/"},"author":{"name":"f1000024","@id":"https:\/\/cvinoticias.com\/v3\/#\/schema\/person\/2db77e3c6bc03c538495d7b2b8be9b66"},"headline":"Martin Cesino \u00abTrabajamos y militamos por los derechos adquiridos por la provincia defendiendo la lista de Innovaci\u00f3n Federal\u00bb","datePublished":"2023-10-06T11:10:27+00:00","mainEntityOfPage":{"@id":"https:\/\/cvinoticias.com\/v3\/martin-cesino-trabajamos-y-militamos-por-los-derechos-adquiridos-por-la-provincia-defendiendo-la-lista-de-innovacion-federal\/"},"wordCount":610,"commentCount":0,"publisher":{"@id":"https:\/\/cvinoticias.com\/v3\/#organization"},"image":{"@id":"https:\/\/cvinoticias.com\/v3\/martin-cesino-trabajamos-y-militamos-por-los-derechos-adquiridos-por-la-provincia-defendiendo-la-lista-de-innovacion-federal\/#primaryimage"},"thumbnailUrl":"https:\/\/cvinoticias.com\/wp-content\/uploads\/2023\/10\/IMG-20230720-WA0127.jpg","articleSection":["Politica"],"inLanguage":"es","potentialAction":[{"@type":"CommentAction","name":"Comment","target":["https:\/\/cvinoticias.com\/v3\/martin-cesino-trabajamos-y-militamos-por-los-derechos-adquiridos-por-la-provincia-defendiendo-la-lista-de-innovacion-federal\/#respond"]}]},{"@type":"WebPage","@id":"https:\/\/cvinoticias.com\/v3\/martin-cesino-trabajamos-y-militamos-por-los-derechos-adquiridos-por-la-provincia-defendiendo-la-lista-de-innovacion-federal\/","url":"https:\/\/cvinoticias.com\/v3\/martin-cesino-trabajamos-y-militamos-por-los-derechos-adquiridos-por-la-provincia-defendiendo-la-lista-de-innovacion-federal\/","name":"Martin Cesino \"Trabajamos y militamos por los derechos adquiridos por la provincia defendiendo la lista de Innovaci\u00f3n Federal\" | CVI NOTICIAS","isPartOf":{"@id":"https:\/\/cvinoticias.com\/v3\/#website"},"primaryImageOfPage":{"@id":"https:\/\/cvinoticias.com\/v3\/martin-cesino-trabajamos-y-militamos-por-los-derechos-adquiridos-por-la-provincia-defendiendo-la-lista-de-innovacion-federal\/#primaryimage"},"image":{"@id":"https:\/\/cvinoticias.com\/v3\/martin-cesino-trabajamos-y-militamos-por-los-derechos-adquiridos-por-la-provincia-defendiendo-la-lista-de-innovacion-federal\/#primaryimage"},"thumbnailUrl":"https:\/\/cvinoticias.com\/wp-content\/uploads\/2023\/10\/IMG-20230720-WA0127.jpg","datePublished":"2023-10-06T11:10:27+00:00","breadcrumb":{"@id":"https:\/\/cvinoticias.com\/v3\/martin-cesino-trabajamos-y-militamos-por-los-derechos-adquiridos-por-la-provincia-defendiendo-la-lista-de-innovacion-federal\/#breadcrumb"},"inLanguage":"es","potentialAction":[{"@type":"ReadAction","target":["https:\/\/cvinoticias.com\/v3\/martin-cesino-trabajamos-y-militamos-por-los-derechos-adquiridos-por-la-provincia-defendiendo-la-lista-de-innovacion-federal\/"]}]},{"@type":"ImageObject","inLanguage":"es","@id":"https:\/\/cvinoticias.com\/v3\/martin-cesino-trabajamos-y-militamos-por-los-derechos-adquiridos-por-la-provincia-defendiendo-la-lista-de-innovacion-federal\/#primaryimage","url":"https:\/\/cvinoticias.com\/wp-content\/uploads\/2023\/10\/IMG-20230720-WA0127.jpg","contentUrl":"https:\/\/cvinoticias.com\/wp-content\/uploads\/2023\/10\/IMG-20230720-WA0127.jpg","width":720,"height":480},{"@type":"BreadcrumbList","@id":"https:\/\/cvinoticias.com\/v3\/martin-cesino-trabajamos-y-militamos-por-los-derechos-adquiridos-por-la-provincia-defendiendo-la-lista-de-innovacion-federal\/#breadcrumb","itemListElement":[{"@type":"ListItem","position":1,"name":"Portada","item":"https:\/\/cvinoticias.com\/v3\/"},{"@type":"ListItem","position":2,"name":"Martin Cesino \u00abTrabajamos y militamos por los derechos adquiridos por la provincia defendiendo la lista de Innovaci\u00f3n Federal\u00bb"}]},{"@type":"WebSite","@id":"https:\/\/cvinoticias.com\/v3\/#website","url":"https:\/\/cvinoticias.com\/v3\/","name":"CVI NOTICIAS","description":"","publisher":{"@id":"https:\/\/cvinoticias.com\/v3\/#organization"},"alternateName":"CVI","potentialAction":[{"@type":"SearchAction","target":{"@type":"EntryPoint","urlTemplate":"https:\/\/cvinoticias.com\/v3\/?s={search_term_string}"},"query-input":{"@type":"PropertyValueSpecification","valueRequired":true,"valueName":"search_term_string"}}],"inLanguage":"es"},{"@type":"Organization","@id":"https:\/\/cvinoticias.com\/v3\/#organization","name":"CVI NOTICIAS","url":"https:\/\/cvinoticias.com\/v3\/","logo":{"@type":"ImageObject","inLanguage":"es","@id":"https:\/\/cvinoticias.com\/v3\/#\/schema\/logo\/image\/","url":"https:\/\/cvinoticias.com\/wp-content\/uploads\/2023\/04\/cropped-cropped-cropped-cropped-cropped-3-1.png","contentUrl":"https:\/\/cvinoticias.com\/wp-content\/uploads\/2023\/04\/cropped-cropped-cropped-cropped-cropped-3-1.png","width":95,"height":122,"caption":"CVI NOTICIAS"},"image":{"@id":"https:\/\/cvinoticias.com\/v3\/#\/schema\/logo\/image\/"},"sameAs":["https:\/\/www.facebook.com\/cvinoticias","https:\/\/www.instagram.com\/cvinoticias\/","https:\/\/www.youtube.com\/@CVINOTICIAS"]},{"@type":"Person","@id":"https:\/\/cvinoticias.com\/v3\/#\/schema\/person\/2db77e3c6bc03c538495d7b2b8be9b66","name":"f1000024","image":{"@type":"ImageObject","inLanguage":"es","@id":"https:\/\/secure.gravatar.com\/avatar\/d4fe7459cfc51ff5129ce1a732bbef5928568b8092d412ef95611616376bbeed?s=96&d=mm&r=g","url":"https:\/\/secure.gravatar.com\/avatar\/d4fe7459cfc51ff5129ce1a732bbef5928568b8092d412ef95611616376bbeed?s=96&d=mm&r=g","contentUrl":"https:\/\/secure.gravatar.com\/avatar\/d4fe7459cfc51ff5129ce1a732bbef5928568b8092d412ef95611616376bbeed?s=96&d=mm&r=g","caption":"f1000024"},"url":"https:\/\/cvinoticias.com\/v3\/author\/f1000024\/"}]}},"_links":{"self":[{"href":"https:\/\/cvinoticias.com\/v3\/wp-json\/wp\/v2\/posts\/28607","targetHints":{"allow":["GET"]}}],"collection":[{"href":"https:\/\/cvinoticias.com\/v3\/wp-json\/wp\/v2\/posts"}],"about":[{"href":"https:\/\/cvinoticias.com\/v3\/wp-json\/wp\/v2\/types\/post"}],"author":[{"embeddable":true,"href":"https:\/\/cvinoticias.com\/v3\/wp-json\/wp\/v2\/users\/2"}],"replies":[{"embeddable":true,"href":"https:\/\/cvinoticias.com\/v3\/wp-json\/wp\/v2\/comments?post=28607"}],"version-history":[{"count":1,"href":"https:\/\/cvinoticias.com\/v3\/wp-json\/wp\/v2\/posts\/28607\/revisions"}],"predecessor-version":[{"id":28609,"href":"https:\/\/cvinoticias.com\/v3\/wp-json\/wp\/v2\/posts\/28607\/revisions\/28609"}],"wp:featuredmedia":[{"embeddable":true,"href":"https:\/\/cvinoticias.com\/v3\/wp-json\/wp\/v2\/media\/28608"}],"wp:attachment":[{"href":"https:\/\/cvinoticias.com\/v3\/wp-json\/wp\/v2\/media?parent=28607"}],"wp:term":[{"taxonomy":"category","embeddable":true,"href":"https:\/\/cvinoticias.com\/v3\/wp-json\/wp\/v2\/categories?post=28607"},{"taxonomy":"post_tag","embeddable":true,"href":"https:\/\/cvinoticias.com\/v3\/wp-json\/wp\/v2\/tags?post=28607"}],"curies":[{"name":"wp","href":"https:\/\/api.w.org\/{rel}","templated":true}]}}