{"id":28587,"date":"2023-10-05T12:01:48","date_gmt":"2023-10-05T12:01:48","guid":{"rendered":"https:\/\/cvinoticias.com\/v3\/?p=28587"},"modified":"2023-10-05T12:01:48","modified_gmt":"2023-10-05T12:01:48","slug":"el-gobierno-oficializo-la-suspension-de-retenciones-para-productos-lacteos","status":"publish","type":"post","link":"https:\/\/cvinoticias.com\/v3\/el-gobierno-oficializo-la-suspension-de-retenciones-para-productos-lacteos\/","title":{"rendered":"El Gobierno oficializ\u00f3 la suspensi\u00f3n de retenciones para productos l\u00e1cteos"},"content":{"rendered":"\n<p><strong><em>El gobierno nacional oficializ\u00f3 la suspensi\u00f3n de las retenciones para algunos productos l\u00e1cteos, decisi\u00f3n que estar\u00e1 vigente hasta el 31 de diciembre pr\u00f3ximo. La medida, que hab\u00eda sido anunciada por el ministro de Econom\u00eda, Sergio Massa, se formaliz\u00f3 este mi\u00e9rcoles con la publicaci\u00f3n en el Bolet\u00edn Oficial del decreto 506\/2023.<\/em><\/strong><\/p>\n\n\n\n<p>\u00abSusp\u00e9ndense, hasta el 31 de diciembre de 2023, inclusive, para las mercader\u00edas comprendidas en las posiciones arancelarias de la Nomenclatura Com\u00fan del Mercosur, las al\u00edcuotas del Derecho de Exportaci\u00f3n hoy vigentes, resultando de aplicaci\u00f3n, desde la entrada en vigencia del presente decreto y hasta aquella fecha, inclusive, la al\u00edcuota del 0%\u00bb, de acuerdo al texto oficial.<\/p>\n\n\n\n<p>Las mercader\u00edas incluidas son: leche entera en polvo, leche descremada en polvo, queso de pasta dura, queso de pasta blanda, otros quesos, manteca de leche, crema de leche y otros productos l\u00e1cteos grasos. Las retenciones sobre estos productos estaban fijadas en 4,5%, y ahora pasan al 0% hasta fin de a\u00f1o.<\/p>\n\n\n\n<p>El Ejecutivo justific\u00f3 la suspensi\u00f3n al se\u00f1alar que la baja de los precios internacionales para los productos l\u00e1cteos, registrada a partir del segundo semestre de este a\u00f1o, \u00abgenera una menor capacidad de pago de las industrias hacia los productores\u00bb.<\/p>\n\n\n\n<p>\u00abEn este contexto de baja de precios internacionales y una d\u00e9bil demanda del principal consumidor mundial, la producci\u00f3n nacional entra en el per\u00edodo de crecimiento estacional con una perspectiva de aumento en los niveles de producci\u00f3n que redundar\u00e1 en una ca\u00edda en los precios a pagar al productor\u00bb, enfatiz\u00f3.<\/p>\n\n\n\n<p>El decreto agreg\u00f3 que para \u00abmejorar el nivel de ingresos de los productores y de la industria, promover el desarrollo e incentivo de la producci\u00f3n y el agregado de valor nacional, impulsar las ventas a mercados externos, mejorar la competitividad de la cadena y fortalecer el arraigo y permanencia de la poblaci\u00f3n rural en cada regi\u00f3n de nuestro pa\u00eds, deviene necesario suspender temporalmente los Derechos de Exportaci\u00f3n\u00bb para productos l\u00e1cteos.<\/p>\n\n\n\n<p>Cuando Massa anunci\u00f3 la suspensi\u00f3n de las retenciones a los l\u00e1cteos, hace dos semanas, tambi\u00e9n anticip\u00f3 la ampliaci\u00f3n del Programa Impulso Tambero, tanto en su extensi\u00f3n -ya que estar\u00e1 vigente hasta fin de a\u00f1o- como en el monto del subsidio, que aumentar\u00e1 un 20%.<\/p>\n","protected":false},"excerpt":{"rendered":"<p>El gobierno nacional oficializ\u00f3 la suspensi\u00f3n de las retenciones para algunos productos l\u00e1cteos, decisi\u00f3n que estar\u00e1 vigente hasta el 31 de diciembre pr\u00f3ximo. La medida, que hab\u00eda sido anunciada por el ministro de Econom\u00eda, Sergio Massa, se formaliz\u00f3 este mi\u00e9rcoles con la publicaci\u00f3n en el Bolet\u00edn Oficial del decreto 506\/2023. \u00abSusp\u00e9ndense, hasta el 31 de [&hellip;]<\/p>\n","protected":false},"author":2,"featured_media":28588,"comment_status":"open","ping_status":"open","sticky":false,"template":"","format":"standard","meta":{"footnotes":""},"categories":[32],"tags":[],"class_list":["post-28587","post","type-post","status-publish","format-standard","has-post-thumbnail","hentry","category-economia"],"yoast_head":"<!-- This site is optimized with the Yoast SEO plugin v27.4 - https:\/\/yoast.com\/product\/yoast-seo-wordpress\/ -->\n<title>El Gobierno oficializ\u00f3 la suspensi\u00f3n de retenciones para productos l\u00e1cteos | CVI NOTICIAS<\/title>\n<meta name=\"robots\" content=\"index, follow, max-snippet:-1, max-image-preview:large, max-video-preview:-1\" \/>\n<link rel=\"canonical\" href=\"https:\/\/cvinoticias.com\/v3\/el-gobierno-oficializo-la-suspension-de-retenciones-para-productos-lacteos\/\" \/>\n<meta property=\"og:locale\" content=\"es_ES\" \/>\n<meta property=\"og:type\" content=\"article\" \/>\n<meta property=\"og:title\" content=\"El Gobierno oficializ\u00f3 la suspensi\u00f3n de retenciones para productos l\u00e1cteos | CVI NOTICIAS\" \/>\n<meta property=\"og:description\" content=\"El gobierno nacional oficializ\u00f3 la suspensi\u00f3n de las retenciones para algunos productos l\u00e1cteos, decisi\u00f3n que estar\u00e1 vigente hasta el 31 de diciembre pr\u00f3ximo. La medida, que hab\u00eda sido anunciada por el ministro de Econom\u00eda, Sergio Massa, se formaliz\u00f3 este mi\u00e9rcoles con la publicaci\u00f3n en el Bolet\u00edn Oficial del decreto 506\/2023. \u00abSusp\u00e9ndense, hasta el 31 de [&hellip;]\" \/>\n<meta property=\"og:url\" content=\"https:\/\/cvinoticias.com\/v3\/el-gobierno-oficializo-la-suspension-de-retenciones-para-productos-lacteos\/\" \/>\n<meta property=\"og:site_name\" content=\"CVI NOTICIAS\" \/>\n<meta property=\"article:publisher\" content=\"https:\/\/www.facebook.com\/cvinoticias\" \/>\n<meta property=\"article:published_time\" content=\"2023-10-05T12:01:48+00:00\" \/>\n<meta property=\"og:image\" content=\"https:\/\/cvinoticias.com\/wp-content\/uploads\/2023\/10\/lacteos_retenciones.png_529145118.png\" \/>\n\t<meta property=\"og:image:width\" content=\"368\" \/>\n\t<meta property=\"og:image:height\" content=\"207\" \/>\n\t<meta property=\"og:image:type\" content=\"image\/png\" \/>\n<meta name=\"author\" content=\"f1000024\" \/>\n<meta name=\"twitter:card\" content=\"summary_large_image\" \/>\n<meta name=\"twitter:label1\" content=\"Escrito por\" \/>\n\t<meta name=\"twitter:data1\" content=\"f1000024\" \/>\n\t<meta name=\"twitter:label2\" content=\"Tiempo de lectura\" \/>\n\t<meta name=\"twitter:data2\" content=\"2 minutos\" \/>\n<script type=\"application\/ld+json\" class=\"yoast-schema-graph\">{\"@context\":\"https:\\\/\\\/schema.org\",\"@graph\":[{\"@type\":\"Article\",\"@id\":\"https:\\\/\\\/cvinoticias.com\\\/v3\\\/el-gobierno-oficializo-la-suspension-de-retenciones-para-productos-lacteos\\\/#article\",\"isPartOf\":{\"@id\":\"https:\\\/\\\/cvinoticias.com\\\/v3\\\/el-gobierno-oficializo-la-suspension-de-retenciones-para-productos-lacteos\\\/\"},\"author\":{\"name\":\"f1000024\",\"@id\":\"https:\\\/\\\/cvinoticias.com\\\/v3\\\/#\\\/schema\\\/person\\\/2db77e3c6bc03c538495d7b2b8be9b66\"},\"headline\":\"El Gobierno oficializ\u00f3 la suspensi\u00f3n de retenciones para productos l\u00e1cteos\",\"datePublished\":\"2023-10-05T12:01:48+00:00\",\"mainEntityOfPage\":{\"@id\":\"https:\\\/\\\/cvinoticias.com\\\/v3\\\/el-gobierno-oficializo-la-suspension-de-retenciones-para-productos-lacteos\\\/\"},\"wordCount\":403,\"commentCount\":0,\"publisher\":{\"@id\":\"https:\\\/\\\/cvinoticias.com\\\/v3\\\/#organization\"},\"image\":{\"@id\":\"https:\\\/\\\/cvinoticias.com\\\/v3\\\/el-gobierno-oficializo-la-suspension-de-retenciones-para-productos-lacteos\\\/#primaryimage\"},\"thumbnailUrl\":\"https:\\\/\\\/cvinoticias.com\\\/wp-content\\\/uploads\\\/2023\\\/10\\\/lacteos_retenciones.png_529145118.png\",\"articleSection\":[\"Econom\u00eda\"],\"inLanguage\":\"es\",\"potentialAction\":[{\"@type\":\"CommentAction\",\"name\":\"Comment\",\"target\":[\"https:\\\/\\\/cvinoticias.com\\\/v3\\\/el-gobierno-oficializo-la-suspension-de-retenciones-para-productos-lacteos\\\/#respond\"]}]},{\"@type\":\"WebPage\",\"@id\":\"https:\\\/\\\/cvinoticias.com\\\/v3\\\/el-gobierno-oficializo-la-suspension-de-retenciones-para-productos-lacteos\\\/\",\"url\":\"https:\\\/\\\/cvinoticias.com\\\/v3\\\/el-gobierno-oficializo-la-suspension-de-retenciones-para-productos-lacteos\\\/\",\"name\":\"El Gobierno oficializ\u00f3 la suspensi\u00f3n de retenciones para productos l\u00e1cteos | CVI NOTICIAS\",\"isPartOf\":{\"@id\":\"https:\\\/\\\/cvinoticias.com\\\/v3\\\/#website\"},\"primaryImageOfPage\":{\"@id\":\"https:\\\/\\\/cvinoticias.com\\\/v3\\\/el-gobierno-oficializo-la-suspension-de-retenciones-para-productos-lacteos\\\/#primaryimage\"},\"image\":{\"@id\":\"https:\\\/\\\/cvinoticias.com\\\/v3\\\/el-gobierno-oficializo-la-suspension-de-retenciones-para-productos-lacteos\\\/#primaryimage\"},\"thumbnailUrl\":\"https:\\\/\\\/cvinoticias.com\\\/wp-content\\\/uploads\\\/2023\\\/10\\\/lacteos_retenciones.png_529145118.png\",\"datePublished\":\"2023-10-05T12:01:48+00:00\",\"breadcrumb\":{\"@id\":\"https:\\\/\\\/cvinoticias.com\\\/v3\\\/el-gobierno-oficializo-la-suspension-de-retenciones-para-productos-lacteos\\\/#breadcrumb\"},\"inLanguage\":\"es\",\"potentialAction\":[{\"@type\":\"ReadAction\",\"target\":[\"https:\\\/\\\/cvinoticias.com\\\/v3\\\/el-gobierno-oficializo-la-suspension-de-retenciones-para-productos-lacteos\\\/\"]}]},{\"@type\":\"ImageObject\",\"inLanguage\":\"es\",\"@id\":\"https:\\\/\\\/cvinoticias.com\\\/v3\\\/el-gobierno-oficializo-la-suspension-de-retenciones-para-productos-lacteos\\\/#primaryimage\",\"url\":\"https:\\\/\\\/cvinoticias.com\\\/wp-content\\\/uploads\\\/2023\\\/10\\\/lacteos_retenciones.png_529145118.png\",\"contentUrl\":\"https:\\\/\\\/cvinoticias.com\\\/wp-content\\\/uploads\\\/2023\\\/10\\\/lacteos_retenciones.png_529145118.png\",\"width\":368,\"height\":207},{\"@type\":\"BreadcrumbList\",\"@id\":\"https:\\\/\\\/cvinoticias.com\\\/v3\\\/el-gobierno-oficializo-la-suspension-de-retenciones-para-productos-lacteos\\\/#breadcrumb\",\"itemListElement\":[{\"@type\":\"ListItem\",\"position\":1,\"name\":\"Portada\",\"item\":\"https:\\\/\\\/cvinoticias.com\\\/v3\\\/\"},{\"@type\":\"ListItem\",\"position\":2,\"name\":\"El Gobierno oficializ\u00f3 la suspensi\u00f3n de retenciones para productos l\u00e1cteos\"}]},{\"@type\":\"WebSite\",\"@id\":\"https:\\\/\\\/cvinoticias.com\\\/v3\\\/#website\",\"url\":\"https:\\\/\\\/cvinoticias.com\\\/v3\\\/\",\"name\":\"CVI NOTICIAS\",\"description\":\"\",\"publisher\":{\"@id\":\"https:\\\/\\\/cvinoticias.com\\\/v3\\\/#organization\"},\"alternateName\":\"CVI\",\"potentialAction\":[{\"@type\":\"SearchAction\",\"target\":{\"@type\":\"EntryPoint\",\"urlTemplate\":\"https:\\\/\\\/cvinoticias.com\\\/v3\\\/?s={search_term_string}\"},\"query-input\":{\"@type\":\"PropertyValueSpecification\",\"valueRequired\":true,\"valueName\":\"search_term_string\"}}],\"inLanguage\":\"es\"},{\"@type\":\"Organization\",\"@id\":\"https:\\\/\\\/cvinoticias.com\\\/v3\\\/#organization\",\"name\":\"CVI NOTICIAS\",\"url\":\"https:\\\/\\\/cvinoticias.com\\\/v3\\\/\",\"logo\":{\"@type\":\"ImageObject\",\"inLanguage\":\"es\",\"@id\":\"https:\\\/\\\/cvinoticias.com\\\/v3\\\/#\\\/schema\\\/logo\\\/image\\\/\",\"url\":\"https:\\\/\\\/cvinoticias.com\\\/wp-content\\\/uploads\\\/2023\\\/04\\\/cropped-cropped-cropped-cropped-cropped-3-1.png\",\"contentUrl\":\"https:\\\/\\\/cvinoticias.com\\\/wp-content\\\/uploads\\\/2023\\\/04\\\/cropped-cropped-cropped-cropped-cropped-3-1.png\",\"width\":95,\"height\":122,\"caption\":\"CVI NOTICIAS\"},\"image\":{\"@id\":\"https:\\\/\\\/cvinoticias.com\\\/v3\\\/#\\\/schema\\\/logo\\\/image\\\/\"},\"sameAs\":[\"https:\\\/\\\/www.facebook.com\\\/cvinoticias\",\"https:\\\/\\\/www.instagram.com\\\/cvinoticias\\\/\",\"https:\\\/\\\/www.youtube.com\\\/@CVINOTICIAS\"]},{\"@type\":\"Person\",\"@id\":\"https:\\\/\\\/cvinoticias.com\\\/v3\\\/#\\\/schema\\\/person\\\/2db77e3c6bc03c538495d7b2b8be9b66\",\"name\":\"f1000024\",\"image\":{\"@type\":\"ImageObject\",\"inLanguage\":\"es\",\"@id\":\"https:\\\/\\\/secure.gravatar.com\\\/avatar\\\/d4fe7459cfc51ff5129ce1a732bbef5928568b8092d412ef95611616376bbeed?s=96&d=mm&r=g\",\"url\":\"https:\\\/\\\/secure.gravatar.com\\\/avatar\\\/d4fe7459cfc51ff5129ce1a732bbef5928568b8092d412ef95611616376bbeed?s=96&d=mm&r=g\",\"contentUrl\":\"https:\\\/\\\/secure.gravatar.com\\\/avatar\\\/d4fe7459cfc51ff5129ce1a732bbef5928568b8092d412ef95611616376bbeed?s=96&d=mm&r=g\",\"caption\":\"f1000024\"},\"url\":\"https:\\\/\\\/cvinoticias.com\\\/v3\\\/author\\\/f1000024\\\/\"}]}<\/script>\n<!-- \/ Yoast SEO plugin. -->","yoast_head_json":{"title":"El Gobierno oficializ\u00f3 la suspensi\u00f3n de retenciones para productos l\u00e1cteos | CVI NOTICIAS","robots":{"index":"index","follow":"follow","max-snippet":"max-snippet:-1","max-image-preview":"max-image-preview:large","max-video-preview":"max-video-preview:-1"},"canonical":"https:\/\/cvinoticias.com\/v3\/el-gobierno-oficializo-la-suspension-de-retenciones-para-productos-lacteos\/","og_locale":"es_ES","og_type":"article","og_title":"El Gobierno oficializ\u00f3 la suspensi\u00f3n de retenciones para productos l\u00e1cteos | CVI NOTICIAS","og_description":"El gobierno nacional oficializ\u00f3 la suspensi\u00f3n de las retenciones para algunos productos l\u00e1cteos, decisi\u00f3n que estar\u00e1 vigente hasta el 31 de diciembre pr\u00f3ximo. La medida, que hab\u00eda sido anunciada por el ministro de Econom\u00eda, Sergio Massa, se formaliz\u00f3 este mi\u00e9rcoles con la publicaci\u00f3n en el Bolet\u00edn Oficial del decreto 506\/2023. \u00abSusp\u00e9ndense, hasta el 31 de [&hellip;]","og_url":"https:\/\/cvinoticias.com\/v3\/el-gobierno-oficializo-la-suspension-de-retenciones-para-productos-lacteos\/","og_site_name":"CVI NOTICIAS","article_publisher":"https:\/\/www.facebook.com\/cvinoticias","article_published_time":"2023-10-05T12:01:48+00:00","og_image":[{"width":368,"height":207,"url":"https:\/\/cvinoticias.com\/wp-content\/uploads\/2023\/10\/lacteos_retenciones.png_529145118.png","type":"image\/png"}],"author":"f1000024","twitter_card":"summary_large_image","twitter_misc":{"Escrito por":"f1000024","Tiempo de lectura":"2 minutos"},"schema":{"@context":"https:\/\/schema.org","@graph":[{"@type":"Article","@id":"https:\/\/cvinoticias.com\/v3\/el-gobierno-oficializo-la-suspension-de-retenciones-para-productos-lacteos\/#article","isPartOf":{"@id":"https:\/\/cvinoticias.com\/v3\/el-gobierno-oficializo-la-suspension-de-retenciones-para-productos-lacteos\/"},"author":{"name":"f1000024","@id":"https:\/\/cvinoticias.com\/v3\/#\/schema\/person\/2db77e3c6bc03c538495d7b2b8be9b66"},"headline":"El Gobierno oficializ\u00f3 la suspensi\u00f3n de retenciones para productos l\u00e1cteos","datePublished":"2023-10-05T12:01:48+00:00","mainEntityOfPage":{"@id":"https:\/\/cvinoticias.com\/v3\/el-gobierno-oficializo-la-suspension-de-retenciones-para-productos-lacteos\/"},"wordCount":403,"commentCount":0,"publisher":{"@id":"https:\/\/cvinoticias.com\/v3\/#organization"},"image":{"@id":"https:\/\/cvinoticias.com\/v3\/el-gobierno-oficializo-la-suspension-de-retenciones-para-productos-lacteos\/#primaryimage"},"thumbnailUrl":"https:\/\/cvinoticias.com\/wp-content\/uploads\/2023\/10\/lacteos_retenciones.png_529145118.png","articleSection":["Econom\u00eda"],"inLanguage":"es","potentialAction":[{"@type":"CommentAction","name":"Comment","target":["https:\/\/cvinoticias.com\/v3\/el-gobierno-oficializo-la-suspension-de-retenciones-para-productos-lacteos\/#respond"]}]},{"@type":"WebPage","@id":"https:\/\/cvinoticias.com\/v3\/el-gobierno-oficializo-la-suspension-de-retenciones-para-productos-lacteos\/","url":"https:\/\/cvinoticias.com\/v3\/el-gobierno-oficializo-la-suspension-de-retenciones-para-productos-lacteos\/","name":"El Gobierno oficializ\u00f3 la suspensi\u00f3n de retenciones para productos l\u00e1cteos | CVI NOTICIAS","isPartOf":{"@id":"https:\/\/cvinoticias.com\/v3\/#website"},"primaryImageOfPage":{"@id":"https:\/\/cvinoticias.com\/v3\/el-gobierno-oficializo-la-suspension-de-retenciones-para-productos-lacteos\/#primaryimage"},"image":{"@id":"https:\/\/cvinoticias.com\/v3\/el-gobierno-oficializo-la-suspension-de-retenciones-para-productos-lacteos\/#primaryimage"},"thumbnailUrl":"https:\/\/cvinoticias.com\/wp-content\/uploads\/2023\/10\/lacteos_retenciones.png_529145118.png","datePublished":"2023-10-05T12:01:48+00:00","breadcrumb":{"@id":"https:\/\/cvinoticias.com\/v3\/el-gobierno-oficializo-la-suspension-de-retenciones-para-productos-lacteos\/#breadcrumb"},"inLanguage":"es","potentialAction":[{"@type":"ReadAction","target":["https:\/\/cvinoticias.com\/v3\/el-gobierno-oficializo-la-suspension-de-retenciones-para-productos-lacteos\/"]}]},{"@type":"ImageObject","inLanguage":"es","@id":"https:\/\/cvinoticias.com\/v3\/el-gobierno-oficializo-la-suspension-de-retenciones-para-productos-lacteos\/#primaryimage","url":"https:\/\/cvinoticias.com\/wp-content\/uploads\/2023\/10\/lacteos_retenciones.png_529145118.png","contentUrl":"https:\/\/cvinoticias.com\/wp-content\/uploads\/2023\/10\/lacteos_retenciones.png_529145118.png","width":368,"height":207},{"@type":"BreadcrumbList","@id":"https:\/\/cvinoticias.com\/v3\/el-gobierno-oficializo-la-suspension-de-retenciones-para-productos-lacteos\/#breadcrumb","itemListElement":[{"@type":"ListItem","position":1,"name":"Portada","item":"https:\/\/cvinoticias.com\/v3\/"},{"@type":"ListItem","position":2,"name":"El Gobierno oficializ\u00f3 la suspensi\u00f3n de retenciones para productos l\u00e1cteos"}]},{"@type":"WebSite","@id":"https:\/\/cvinoticias.com\/v3\/#website","url":"https:\/\/cvinoticias.com\/v3\/","name":"CVI NOTICIAS","description":"","publisher":{"@id":"https:\/\/cvinoticias.com\/v3\/#organization"},"alternateName":"CVI","potentialAction":[{"@type":"SearchAction","target":{"@type":"EntryPoint","urlTemplate":"https:\/\/cvinoticias.com\/v3\/?s={search_term_string}"},"query-input":{"@type":"PropertyValueSpecification","valueRequired":true,"valueName":"search_term_string"}}],"inLanguage":"es"},{"@type":"Organization","@id":"https:\/\/cvinoticias.com\/v3\/#organization","name":"CVI NOTICIAS","url":"https:\/\/cvinoticias.com\/v3\/","logo":{"@type":"ImageObject","inLanguage":"es","@id":"https:\/\/cvinoticias.com\/v3\/#\/schema\/logo\/image\/","url":"https:\/\/cvinoticias.com\/wp-content\/uploads\/2023\/04\/cropped-cropped-cropped-cropped-cropped-3-1.png","contentUrl":"https:\/\/cvinoticias.com\/wp-content\/uploads\/2023\/04\/cropped-cropped-cropped-cropped-cropped-3-1.png","width":95,"height":122,"caption":"CVI NOTICIAS"},"image":{"@id":"https:\/\/cvinoticias.com\/v3\/#\/schema\/logo\/image\/"},"sameAs":["https:\/\/www.facebook.com\/cvinoticias","https:\/\/www.instagram.com\/cvinoticias\/","https:\/\/www.youtube.com\/@CVINOTICIAS"]},{"@type":"Person","@id":"https:\/\/cvinoticias.com\/v3\/#\/schema\/person\/2db77e3c6bc03c538495d7b2b8be9b66","name":"f1000024","image":{"@type":"ImageObject","inLanguage":"es","@id":"https:\/\/secure.gravatar.com\/avatar\/d4fe7459cfc51ff5129ce1a732bbef5928568b8092d412ef95611616376bbeed?s=96&d=mm&r=g","url":"https:\/\/secure.gravatar.com\/avatar\/d4fe7459cfc51ff5129ce1a732bbef5928568b8092d412ef95611616376bbeed?s=96&d=mm&r=g","contentUrl":"https:\/\/secure.gravatar.com\/avatar\/d4fe7459cfc51ff5129ce1a732bbef5928568b8092d412ef95611616376bbeed?s=96&d=mm&r=g","caption":"f1000024"},"url":"https:\/\/cvinoticias.com\/v3\/author\/f1000024\/"}]}},"_links":{"self":[{"href":"https:\/\/cvinoticias.com\/v3\/wp-json\/wp\/v2\/posts\/28587","targetHints":{"allow":["GET"]}}],"collection":[{"href":"https:\/\/cvinoticias.com\/v3\/wp-json\/wp\/v2\/posts"}],"about":[{"href":"https:\/\/cvinoticias.com\/v3\/wp-json\/wp\/v2\/types\/post"}],"author":[{"embeddable":true,"href":"https:\/\/cvinoticias.com\/v3\/wp-json\/wp\/v2\/users\/2"}],"replies":[{"embeddable":true,"href":"https:\/\/cvinoticias.com\/v3\/wp-json\/wp\/v2\/comments?post=28587"}],"version-history":[{"count":1,"href":"https:\/\/cvinoticias.com\/v3\/wp-json\/wp\/v2\/posts\/28587\/revisions"}],"predecessor-version":[{"id":28589,"href":"https:\/\/cvinoticias.com\/v3\/wp-json\/wp\/v2\/posts\/28587\/revisions\/28589"}],"wp:featuredmedia":[{"embeddable":true,"href":"https:\/\/cvinoticias.com\/v3\/wp-json\/wp\/v2\/media\/28588"}],"wp:attachment":[{"href":"https:\/\/cvinoticias.com\/v3\/wp-json\/wp\/v2\/media?parent=28587"}],"wp:term":[{"taxonomy":"category","embeddable":true,"href":"https:\/\/cvinoticias.com\/v3\/wp-json\/wp\/v2\/categories?post=28587"},{"taxonomy":"post_tag","embeddable":true,"href":"https:\/\/cvinoticias.com\/v3\/wp-json\/wp\/v2\/tags?post=28587"}],"curies":[{"name":"wp","href":"https:\/\/api.w.org\/{rel}","templated":true}]}}