{"id":28577,"date":"2023-10-05T03:50:39","date_gmt":"2023-10-05T03:50:39","guid":{"rendered":"https:\/\/cvinoticias.com\/v3\/?p=28577"},"modified":"2023-10-05T03:50:39","modified_gmt":"2023-10-05T03:50:39","slug":"argentina-uruguay-y-paraguay-inauguraran-el-mundial-2030","status":"publish","type":"post","link":"https:\/\/cvinoticias.com\/v3\/argentina-uruguay-y-paraguay-inauguraran-el-mundial-2030\/","title":{"rendered":"Argentina, Uruguay y Paraguay inaugurar\u00e1n el Mundial 2030"},"content":{"rendered":"\n<p><em><strong>Lo confirm\u00f3 la Conmebol a trav\u00e9s de su presidente, Alejandro Dom\u00ednguez. Al anuncio se sumaron el titular de la AFA, Claudio Tapia, y el mandatario uruguayo, Luis Lacalle Pou. Los partidos inaugurales ser\u00e1n en Sudam\u00e9rica, aunque el resto de la Copa del Mundo se jugar\u00e1 en dos pa\u00edses de Europa y uno de \u00c1frica.<\/strong><\/em><\/p>\n\n\n\n<p>La Conmebol anunci\u00f3 este mi\u00e9rcoles que Argentina, Uruguay y Paraguay ser\u00e1n las sedes inaugurales del Mundial 2030. Lo hizo oficial el presidente de la confederaci\u00f3n, Alejandro Dom\u00ednguez, mensaje al que despu\u00e9s se sumaron el titular de la Asociaci\u00f3n del F\u00fatbol Argentino (AFA), Claudio Tapia, y el mandatario uruguayo, Luis Lacalle Pou.<\/p>\n\n\n\n<p>Los primeros partidos de la Copa del Mundo del centenario, a 100 a\u00f1os de Uruguay 1930, ser\u00e1n en Sudam\u00e9rica. Sin embargo, el resto de la competencia, incluida la final, se jugar\u00e1 en dos pa\u00edses de Europa y uno de \u00c1frica: Espa\u00f1a, Portugal y Marruecos..<\/p>\n\n\n\n<figure class=\"wp-block-image size-full\"><a href=\"https:\/\/cvinoticias.com\/wp-content\/uploads\/2023\/10\/F7ml-d6WsAAj48j.jpeg\"><img decoding=\"async\" width=\"675\" height=\"900\" data-src=\"https:\/\/cvinoticias.com\/wp-content\/uploads\/2023\/10\/F7ml-d6WsAAj48j.jpeg\" alt=\"\" class=\"wp-image-28578 lazyload\" data-srcset=\"https:\/\/cvinoticias.com\/wp-content\/uploads\/2023\/10\/F7ml-d6WsAAj48j.jpeg 675w, https:\/\/cvinoticias.com\/wp-content\/uploads\/2023\/10\/F7ml-d6WsAAj48j-225x300.jpeg 225w\" data-sizes=\"(max-width: 675px) 100vw, 675px\" src=\"data:image\/svg+xml;base64,PHN2ZyB3aWR0aD0iMSIgaGVpZ2h0PSIxIiB4bWxucz0iaHR0cDovL3d3dy53My5vcmcvMjAwMC9zdmciPjwvc3ZnPg==\" style=\"--smush-placeholder-width: 675px; --smush-placeholder-aspect-ratio: 675\/900;\" \/><\/a><\/figure>\n\n\n\n<p>Entre los pocos detalles que se conocieron por el momento sobre c\u00f3mo ser\u00e1 el formato de disputa, trascendi\u00f3 que la selecci\u00f3n albiceleste debutar\u00e1 de local en sede a definir.<\/p>\n\n\n\n<p>Del anuncio tambi\u00e9n se desprende que tanto Argentina como Uruguay y Paraguay ya estar\u00edan clasificados al Mundial 2030 como anfitriones, al igual que Portugal, Espa\u00f1a y Marruecos.<\/p>\n\n\n\n<p>\u201cCre\u00edmos en grande. El Mundial Centenario 2030 comienza donde todo se inici\u00f3. \u00a1Uruguay, Argentina y Paraguay ser\u00e1n sedes de los partidos inaugurales del Mundial Centenario!\u201d, afirm\u00f3 Dom\u00ednguez en sus redes sociales.<\/p>\n\n\n\n<p>\u00abSe acaba de confirmar en el Consejo de la FIFA que Argentina, Paraguay y Uruguay inaugurar\u00e1n el Mundial 2030. Se decidi\u00f3 unir a 3 continentes. Habr\u00e1 tres inauguraciones. La Copa del Mundo iniciar\u00e1 en el Estadio Centenario\u00bb, manifest\u00f3 luego el mandatario de la Conmebol, en una conferencia de prensa junto a Tapia y otros directivos de los pa\u00edses involucrados desde Luque, Paraguay.<\/p>\n\n\n\n<p>\u00abTanto en Uruguay como en Argentina y Paraguay van a haber tres inauguraciones, no solo partidos. Tambi\u00e9n todos los festejos previos. La FIFA dar\u00e1 m\u00e1s detalles, pero es un hecho hist\u00f3rico\u00bb, expres\u00f3.<\/p>\n\n\n\n<p>Y agreg\u00f3: \u00abLa decisi\u00f3n est\u00e1 tomada, pero ahora la FIFA tiene que hacer todos los trabajos para que las ciudades cumplan las normas para albergar un Mundial\u00bb.<\/p>\n\n\n\n<p>\u00abNuestro pa\u00eds tendr\u00e1 el orgullo de albergar el partido inaugural de Argentina en el 2030. \u00a1Nos unimos a esta celebraci\u00f3n mundialista!\u00bb, expres\u00f3 por su lado el Chiqui Tapia en redes sociales.<\/p>\n\n\n\n<p>Por su parte, Lacalle Pou tambi\u00e9n celebr\u00f3 desde el otro lado del r\u00edo De la Plata. \u201c\u00a1Uruguayos campeones! 100 a\u00f1os despu\u00e9s Uruguay y nuestro Centenario estar\u00e1n el centro de las miradas del mundo para vivir la inauguraci\u00f3n del Mundial Centenario 2030. Este reconocimiento hace justicia con aquellos pioneros que construyeron la historia del f\u00fatbol. \u00a1Gracias!\u201d, exclam\u00f3 el dirigente del Partido Nacional.<\/p>\n","protected":false},"excerpt":{"rendered":"<p>Lo confirm\u00f3 la Conmebol a trav\u00e9s de su presidente, Alejandro Dom\u00ednguez. Al anuncio se sumaron el titular de la AFA, Claudio Tapia, y el mandatario uruguayo, Luis Lacalle Pou. Los partidos inaugurales ser\u00e1n en Sudam\u00e9rica, aunque el resto de la Copa del Mundo se jugar\u00e1 en dos pa\u00edses de Europa y uno de \u00c1frica. La [&hellip;]<\/p>\n","protected":false},"author":2,"featured_media":28579,"comment_status":"open","ping_status":"open","sticky":false,"template":"","format":"standard","meta":{"footnotes":""},"categories":[24],"tags":[],"class_list":["post-28577","post","type-post","status-publish","format-standard","has-post-thumbnail","hentry","category-deportes"],"yoast_head":"<!-- This site is optimized with the Yoast SEO plugin v27.5 - https:\/\/yoast.com\/product\/yoast-seo-wordpress\/ -->\n<title>Argentina, Uruguay y Paraguay inaugurar\u00e1n el Mundial 2030 | CVI NOTICIAS<\/title>\n<meta name=\"robots\" content=\"index, follow, max-snippet:-1, max-image-preview:large, max-video-preview:-1\" \/>\n<link rel=\"canonical\" href=\"https:\/\/cvinoticias.com\/v3\/argentina-uruguay-y-paraguay-inauguraran-el-mundial-2030\/\" \/>\n<meta property=\"og:locale\" content=\"es_ES\" \/>\n<meta property=\"og:type\" content=\"article\" \/>\n<meta property=\"og:title\" content=\"Argentina, Uruguay y Paraguay inaugurar\u00e1n el Mundial 2030 | CVI NOTICIAS\" \/>\n<meta property=\"og:description\" content=\"Lo confirm\u00f3 la Conmebol a trav\u00e9s de su presidente, Alejandro Dom\u00ednguez. Al anuncio se sumaron el titular de la AFA, Claudio Tapia, y el mandatario uruguayo, Luis Lacalle Pou. Los partidos inaugurales ser\u00e1n en Sudam\u00e9rica, aunque el resto de la Copa del Mundo se jugar\u00e1 en dos pa\u00edses de Europa y uno de \u00c1frica. La [&hellip;]\" \/>\n<meta property=\"og:url\" content=\"https:\/\/cvinoticias.com\/v3\/argentina-uruguay-y-paraguay-inauguraran-el-mundial-2030\/\" \/>\n<meta property=\"og:site_name\" content=\"CVI NOTICIAS\" \/>\n<meta property=\"article:publisher\" content=\"https:\/\/www.facebook.com\/cvinoticias\" \/>\n<meta property=\"article:published_time\" content=\"2023-10-05T03:50:39+00:00\" \/>\n<meta property=\"og:image\" content=\"https:\/\/cvinoticias.com\/wp-content\/uploads\/2023\/10\/f7mrvrsxeaacawo_crop1696434515747.jpeg_529145118.jpeg\" \/>\n\t<meta property=\"og:image:width\" content=\"368\" \/>\n\t<meta property=\"og:image:height\" content=\"207\" \/>\n\t<meta property=\"og:image:type\" content=\"image\/jpeg\" \/>\n<meta name=\"author\" content=\"f1000024\" \/>\n<meta name=\"twitter:card\" content=\"summary_large_image\" \/>\n<meta name=\"twitter:label1\" content=\"Escrito por\" \/>\n\t<meta name=\"twitter:data1\" content=\"f1000024\" \/>\n\t<meta name=\"twitter:label2\" content=\"Tiempo de lectura\" \/>\n\t<meta name=\"twitter:data2\" content=\"2 minutos\" \/>\n<script type=\"application\/ld+json\" class=\"yoast-schema-graph\">{\"@context\":\"https:\\\/\\\/schema.org\",\"@graph\":[{\"@type\":\"Article\",\"@id\":\"https:\\\/\\\/cvinoticias.com\\\/v3\\\/argentina-uruguay-y-paraguay-inauguraran-el-mundial-2030\\\/#article\",\"isPartOf\":{\"@id\":\"https:\\\/\\\/cvinoticias.com\\\/v3\\\/argentina-uruguay-y-paraguay-inauguraran-el-mundial-2030\\\/\"},\"author\":{\"name\":\"f1000024\",\"@id\":\"https:\\\/\\\/cvinoticias.com\\\/v3\\\/#\\\/schema\\\/person\\\/2db77e3c6bc03c538495d7b2b8be9b66\"},\"headline\":\"Argentina, Uruguay y Paraguay inaugurar\u00e1n el Mundial 2030\",\"datePublished\":\"2023-10-05T03:50:39+00:00\",\"mainEntityOfPage\":{\"@id\":\"https:\\\/\\\/cvinoticias.com\\\/v3\\\/argentina-uruguay-y-paraguay-inauguraran-el-mundial-2030\\\/\"},\"wordCount\":487,\"commentCount\":0,\"publisher\":{\"@id\":\"https:\\\/\\\/cvinoticias.com\\\/v3\\\/#organization\"},\"image\":{\"@id\":\"https:\\\/\\\/cvinoticias.com\\\/v3\\\/argentina-uruguay-y-paraguay-inauguraran-el-mundial-2030\\\/#primaryimage\"},\"thumbnailUrl\":\"https:\\\/\\\/cvinoticias.com\\\/wp-content\\\/uploads\\\/2023\\\/10\\\/f7mrvrsxeaacawo_crop1696434515747.jpeg_529145118.jpeg\",\"articleSection\":[\"Deportes\"],\"inLanguage\":\"es\",\"potentialAction\":[{\"@type\":\"CommentAction\",\"name\":\"Comment\",\"target\":[\"https:\\\/\\\/cvinoticias.com\\\/v3\\\/argentina-uruguay-y-paraguay-inauguraran-el-mundial-2030\\\/#respond\"]}]},{\"@type\":\"WebPage\",\"@id\":\"https:\\\/\\\/cvinoticias.com\\\/v3\\\/argentina-uruguay-y-paraguay-inauguraran-el-mundial-2030\\\/\",\"url\":\"https:\\\/\\\/cvinoticias.com\\\/v3\\\/argentina-uruguay-y-paraguay-inauguraran-el-mundial-2030\\\/\",\"name\":\"Argentina, Uruguay y Paraguay inaugurar\u00e1n el Mundial 2030 | CVI NOTICIAS\",\"isPartOf\":{\"@id\":\"https:\\\/\\\/cvinoticias.com\\\/v3\\\/#website\"},\"primaryImageOfPage\":{\"@id\":\"https:\\\/\\\/cvinoticias.com\\\/v3\\\/argentina-uruguay-y-paraguay-inauguraran-el-mundial-2030\\\/#primaryimage\"},\"image\":{\"@id\":\"https:\\\/\\\/cvinoticias.com\\\/v3\\\/argentina-uruguay-y-paraguay-inauguraran-el-mundial-2030\\\/#primaryimage\"},\"thumbnailUrl\":\"https:\\\/\\\/cvinoticias.com\\\/wp-content\\\/uploads\\\/2023\\\/10\\\/f7mrvrsxeaacawo_crop1696434515747.jpeg_529145118.jpeg\",\"datePublished\":\"2023-10-05T03:50:39+00:00\",\"breadcrumb\":{\"@id\":\"https:\\\/\\\/cvinoticias.com\\\/v3\\\/argentina-uruguay-y-paraguay-inauguraran-el-mundial-2030\\\/#breadcrumb\"},\"inLanguage\":\"es\",\"potentialAction\":[{\"@type\":\"ReadAction\",\"target\":[\"https:\\\/\\\/cvinoticias.com\\\/v3\\\/argentina-uruguay-y-paraguay-inauguraran-el-mundial-2030\\\/\"]}]},{\"@type\":\"ImageObject\",\"inLanguage\":\"es\",\"@id\":\"https:\\\/\\\/cvinoticias.com\\\/v3\\\/argentina-uruguay-y-paraguay-inauguraran-el-mundial-2030\\\/#primaryimage\",\"url\":\"https:\\\/\\\/cvinoticias.com\\\/wp-content\\\/uploads\\\/2023\\\/10\\\/f7mrvrsxeaacawo_crop1696434515747.jpeg_529145118.jpeg\",\"contentUrl\":\"https:\\\/\\\/cvinoticias.com\\\/wp-content\\\/uploads\\\/2023\\\/10\\\/f7mrvrsxeaacawo_crop1696434515747.jpeg_529145118.jpeg\",\"width\":368,\"height\":207},{\"@type\":\"BreadcrumbList\",\"@id\":\"https:\\\/\\\/cvinoticias.com\\\/v3\\\/argentina-uruguay-y-paraguay-inauguraran-el-mundial-2030\\\/#breadcrumb\",\"itemListElement\":[{\"@type\":\"ListItem\",\"position\":1,\"name\":\"Portada\",\"item\":\"https:\\\/\\\/cvinoticias.com\\\/v3\\\/\"},{\"@type\":\"ListItem\",\"position\":2,\"name\":\"Argentina, Uruguay y Paraguay inaugurar\u00e1n el Mundial 2030\"}]},{\"@type\":\"WebSite\",\"@id\":\"https:\\\/\\\/cvinoticias.com\\\/v3\\\/#website\",\"url\":\"https:\\\/\\\/cvinoticias.com\\\/v3\\\/\",\"name\":\"CVI NOTICIAS\",\"description\":\"\",\"publisher\":{\"@id\":\"https:\\\/\\\/cvinoticias.com\\\/v3\\\/#organization\"},\"alternateName\":\"CVI\",\"potentialAction\":[{\"@type\":\"SearchAction\",\"target\":{\"@type\":\"EntryPoint\",\"urlTemplate\":\"https:\\\/\\\/cvinoticias.com\\\/v3\\\/?s={search_term_string}\"},\"query-input\":{\"@type\":\"PropertyValueSpecification\",\"valueRequired\":true,\"valueName\":\"search_term_string\"}}],\"inLanguage\":\"es\"},{\"@type\":\"Organization\",\"@id\":\"https:\\\/\\\/cvinoticias.com\\\/v3\\\/#organization\",\"name\":\"CVI NOTICIAS\",\"url\":\"https:\\\/\\\/cvinoticias.com\\\/v3\\\/\",\"logo\":{\"@type\":\"ImageObject\",\"inLanguage\":\"es\",\"@id\":\"https:\\\/\\\/cvinoticias.com\\\/v3\\\/#\\\/schema\\\/logo\\\/image\\\/\",\"url\":\"https:\\\/\\\/cvinoticias.com\\\/wp-content\\\/uploads\\\/2023\\\/04\\\/cropped-cropped-cropped-cropped-cropped-3-1.png\",\"contentUrl\":\"https:\\\/\\\/cvinoticias.com\\\/wp-content\\\/uploads\\\/2023\\\/04\\\/cropped-cropped-cropped-cropped-cropped-3-1.png\",\"width\":95,\"height\":122,\"caption\":\"CVI NOTICIAS\"},\"image\":{\"@id\":\"https:\\\/\\\/cvinoticias.com\\\/v3\\\/#\\\/schema\\\/logo\\\/image\\\/\"},\"sameAs\":[\"https:\\\/\\\/www.facebook.com\\\/cvinoticias\",\"https:\\\/\\\/www.instagram.com\\\/cvinoticias\\\/\",\"https:\\\/\\\/www.youtube.com\\\/@CVINOTICIAS\"]},{\"@type\":\"Person\",\"@id\":\"https:\\\/\\\/cvinoticias.com\\\/v3\\\/#\\\/schema\\\/person\\\/2db77e3c6bc03c538495d7b2b8be9b66\",\"name\":\"f1000024\",\"image\":{\"@type\":\"ImageObject\",\"inLanguage\":\"es\",\"@id\":\"https:\\\/\\\/secure.gravatar.com\\\/avatar\\\/d4fe7459cfc51ff5129ce1a732bbef5928568b8092d412ef95611616376bbeed?s=96&d=mm&r=g\",\"url\":\"https:\\\/\\\/secure.gravatar.com\\\/avatar\\\/d4fe7459cfc51ff5129ce1a732bbef5928568b8092d412ef95611616376bbeed?s=96&d=mm&r=g\",\"contentUrl\":\"https:\\\/\\\/secure.gravatar.com\\\/avatar\\\/d4fe7459cfc51ff5129ce1a732bbef5928568b8092d412ef95611616376bbeed?s=96&d=mm&r=g\",\"caption\":\"f1000024\"},\"url\":\"https:\\\/\\\/cvinoticias.com\\\/v3\\\/author\\\/f1000024\\\/\"}]}<\/script>\n<!-- \/ Yoast SEO plugin. -->","yoast_head_json":{"title":"Argentina, Uruguay y Paraguay inaugurar\u00e1n el Mundial 2030 | CVI NOTICIAS","robots":{"index":"index","follow":"follow","max-snippet":"max-snippet:-1","max-image-preview":"max-image-preview:large","max-video-preview":"max-video-preview:-1"},"canonical":"https:\/\/cvinoticias.com\/v3\/argentina-uruguay-y-paraguay-inauguraran-el-mundial-2030\/","og_locale":"es_ES","og_type":"article","og_title":"Argentina, Uruguay y Paraguay inaugurar\u00e1n el Mundial 2030 | CVI NOTICIAS","og_description":"Lo confirm\u00f3 la Conmebol a trav\u00e9s de su presidente, Alejandro Dom\u00ednguez. Al anuncio se sumaron el titular de la AFA, Claudio Tapia, y el mandatario uruguayo, Luis Lacalle Pou. Los partidos inaugurales ser\u00e1n en Sudam\u00e9rica, aunque el resto de la Copa del Mundo se jugar\u00e1 en dos pa\u00edses de Europa y uno de \u00c1frica. La [&hellip;]","og_url":"https:\/\/cvinoticias.com\/v3\/argentina-uruguay-y-paraguay-inauguraran-el-mundial-2030\/","og_site_name":"CVI NOTICIAS","article_publisher":"https:\/\/www.facebook.com\/cvinoticias","article_published_time":"2023-10-05T03:50:39+00:00","og_image":[{"width":368,"height":207,"url":"https:\/\/cvinoticias.com\/wp-content\/uploads\/2023\/10\/f7mrvrsxeaacawo_crop1696434515747.jpeg_529145118.jpeg","type":"image\/jpeg"}],"author":"f1000024","twitter_card":"summary_large_image","twitter_misc":{"Escrito por":"f1000024","Tiempo de lectura":"2 minutos"},"schema":{"@context":"https:\/\/schema.org","@graph":[{"@type":"Article","@id":"https:\/\/cvinoticias.com\/v3\/argentina-uruguay-y-paraguay-inauguraran-el-mundial-2030\/#article","isPartOf":{"@id":"https:\/\/cvinoticias.com\/v3\/argentina-uruguay-y-paraguay-inauguraran-el-mundial-2030\/"},"author":{"name":"f1000024","@id":"https:\/\/cvinoticias.com\/v3\/#\/schema\/person\/2db77e3c6bc03c538495d7b2b8be9b66"},"headline":"Argentina, Uruguay y Paraguay inaugurar\u00e1n el Mundial 2030","datePublished":"2023-10-05T03:50:39+00:00","mainEntityOfPage":{"@id":"https:\/\/cvinoticias.com\/v3\/argentina-uruguay-y-paraguay-inauguraran-el-mundial-2030\/"},"wordCount":487,"commentCount":0,"publisher":{"@id":"https:\/\/cvinoticias.com\/v3\/#organization"},"image":{"@id":"https:\/\/cvinoticias.com\/v3\/argentina-uruguay-y-paraguay-inauguraran-el-mundial-2030\/#primaryimage"},"thumbnailUrl":"https:\/\/cvinoticias.com\/wp-content\/uploads\/2023\/10\/f7mrvrsxeaacawo_crop1696434515747.jpeg_529145118.jpeg","articleSection":["Deportes"],"inLanguage":"es","potentialAction":[{"@type":"CommentAction","name":"Comment","target":["https:\/\/cvinoticias.com\/v3\/argentina-uruguay-y-paraguay-inauguraran-el-mundial-2030\/#respond"]}]},{"@type":"WebPage","@id":"https:\/\/cvinoticias.com\/v3\/argentina-uruguay-y-paraguay-inauguraran-el-mundial-2030\/","url":"https:\/\/cvinoticias.com\/v3\/argentina-uruguay-y-paraguay-inauguraran-el-mundial-2030\/","name":"Argentina, Uruguay y Paraguay inaugurar\u00e1n el Mundial 2030 | CVI NOTICIAS","isPartOf":{"@id":"https:\/\/cvinoticias.com\/v3\/#website"},"primaryImageOfPage":{"@id":"https:\/\/cvinoticias.com\/v3\/argentina-uruguay-y-paraguay-inauguraran-el-mundial-2030\/#primaryimage"},"image":{"@id":"https:\/\/cvinoticias.com\/v3\/argentina-uruguay-y-paraguay-inauguraran-el-mundial-2030\/#primaryimage"},"thumbnailUrl":"https:\/\/cvinoticias.com\/wp-content\/uploads\/2023\/10\/f7mrvrsxeaacawo_crop1696434515747.jpeg_529145118.jpeg","datePublished":"2023-10-05T03:50:39+00:00","breadcrumb":{"@id":"https:\/\/cvinoticias.com\/v3\/argentina-uruguay-y-paraguay-inauguraran-el-mundial-2030\/#breadcrumb"},"inLanguage":"es","potentialAction":[{"@type":"ReadAction","target":["https:\/\/cvinoticias.com\/v3\/argentina-uruguay-y-paraguay-inauguraran-el-mundial-2030\/"]}]},{"@type":"ImageObject","inLanguage":"es","@id":"https:\/\/cvinoticias.com\/v3\/argentina-uruguay-y-paraguay-inauguraran-el-mundial-2030\/#primaryimage","url":"https:\/\/cvinoticias.com\/wp-content\/uploads\/2023\/10\/f7mrvrsxeaacawo_crop1696434515747.jpeg_529145118.jpeg","contentUrl":"https:\/\/cvinoticias.com\/wp-content\/uploads\/2023\/10\/f7mrvrsxeaacawo_crop1696434515747.jpeg_529145118.jpeg","width":368,"height":207},{"@type":"BreadcrumbList","@id":"https:\/\/cvinoticias.com\/v3\/argentina-uruguay-y-paraguay-inauguraran-el-mundial-2030\/#breadcrumb","itemListElement":[{"@type":"ListItem","position":1,"name":"Portada","item":"https:\/\/cvinoticias.com\/v3\/"},{"@type":"ListItem","position":2,"name":"Argentina, Uruguay y Paraguay inaugurar\u00e1n el Mundial 2030"}]},{"@type":"WebSite","@id":"https:\/\/cvinoticias.com\/v3\/#website","url":"https:\/\/cvinoticias.com\/v3\/","name":"CVI NOTICIAS","description":"","publisher":{"@id":"https:\/\/cvinoticias.com\/v3\/#organization"},"alternateName":"CVI","potentialAction":[{"@type":"SearchAction","target":{"@type":"EntryPoint","urlTemplate":"https:\/\/cvinoticias.com\/v3\/?s={search_term_string}"},"query-input":{"@type":"PropertyValueSpecification","valueRequired":true,"valueName":"search_term_string"}}],"inLanguage":"es"},{"@type":"Organization","@id":"https:\/\/cvinoticias.com\/v3\/#organization","name":"CVI NOTICIAS","url":"https:\/\/cvinoticias.com\/v3\/","logo":{"@type":"ImageObject","inLanguage":"es","@id":"https:\/\/cvinoticias.com\/v3\/#\/schema\/logo\/image\/","url":"https:\/\/cvinoticias.com\/wp-content\/uploads\/2023\/04\/cropped-cropped-cropped-cropped-cropped-3-1.png","contentUrl":"https:\/\/cvinoticias.com\/wp-content\/uploads\/2023\/04\/cropped-cropped-cropped-cropped-cropped-3-1.png","width":95,"height":122,"caption":"CVI NOTICIAS"},"image":{"@id":"https:\/\/cvinoticias.com\/v3\/#\/schema\/logo\/image\/"},"sameAs":["https:\/\/www.facebook.com\/cvinoticias","https:\/\/www.instagram.com\/cvinoticias\/","https:\/\/www.youtube.com\/@CVINOTICIAS"]},{"@type":"Person","@id":"https:\/\/cvinoticias.com\/v3\/#\/schema\/person\/2db77e3c6bc03c538495d7b2b8be9b66","name":"f1000024","image":{"@type":"ImageObject","inLanguage":"es","@id":"https:\/\/secure.gravatar.com\/avatar\/d4fe7459cfc51ff5129ce1a732bbef5928568b8092d412ef95611616376bbeed?s=96&d=mm&r=g","url":"https:\/\/secure.gravatar.com\/avatar\/d4fe7459cfc51ff5129ce1a732bbef5928568b8092d412ef95611616376bbeed?s=96&d=mm&r=g","contentUrl":"https:\/\/secure.gravatar.com\/avatar\/d4fe7459cfc51ff5129ce1a732bbef5928568b8092d412ef95611616376bbeed?s=96&d=mm&r=g","caption":"f1000024"},"url":"https:\/\/cvinoticias.com\/v3\/author\/f1000024\/"}]}},"_links":{"self":[{"href":"https:\/\/cvinoticias.com\/v3\/wp-json\/wp\/v2\/posts\/28577","targetHints":{"allow":["GET"]}}],"collection":[{"href":"https:\/\/cvinoticias.com\/v3\/wp-json\/wp\/v2\/posts"}],"about":[{"href":"https:\/\/cvinoticias.com\/v3\/wp-json\/wp\/v2\/types\/post"}],"author":[{"embeddable":true,"href":"https:\/\/cvinoticias.com\/v3\/wp-json\/wp\/v2\/users\/2"}],"replies":[{"embeddable":true,"href":"https:\/\/cvinoticias.com\/v3\/wp-json\/wp\/v2\/comments?post=28577"}],"version-history":[{"count":1,"href":"https:\/\/cvinoticias.com\/v3\/wp-json\/wp\/v2\/posts\/28577\/revisions"}],"predecessor-version":[{"id":28580,"href":"https:\/\/cvinoticias.com\/v3\/wp-json\/wp\/v2\/posts\/28577\/revisions\/28580"}],"wp:featuredmedia":[{"embeddable":true,"href":"https:\/\/cvinoticias.com\/v3\/wp-json\/wp\/v2\/media\/28579"}],"wp:attachment":[{"href":"https:\/\/cvinoticias.com\/v3\/wp-json\/wp\/v2\/media?parent=28577"}],"wp:term":[{"taxonomy":"category","embeddable":true,"href":"https:\/\/cvinoticias.com\/v3\/wp-json\/wp\/v2\/categories?post=28577"},{"taxonomy":"post_tag","embeddable":true,"href":"https:\/\/cvinoticias.com\/v3\/wp-json\/wp\/v2\/tags?post=28577"}],"curies":[{"name":"wp","href":"https:\/\/api.w.org\/{rel}","templated":true}]}}