{"id":28430,"date":"2023-10-01T02:50:58","date_gmt":"2023-10-01T02:50:58","guid":{"rendered":"https:\/\/cvinoticias.com\/v3\/?p=28430"},"modified":"2023-10-01T02:50:58","modified_gmt":"2023-10-01T02:50:58","slug":"se-realiza-la-49a-peregrinacion-a-lujan","status":"publish","type":"post","link":"https:\/\/cvinoticias.com\/v3\/se-realiza-la-49a-peregrinacion-a-lujan\/","title":{"rendered":"Se realiza la 49\u00aa Peregrinaci\u00f3n a Luj\u00e1n"},"content":{"rendered":"\n<p><strong><em>La procesi\u00f3n se inicia este s\u00e1bado desde el santuario de San Cayetano en Liniers hasta llegar a la Bas\u00edlica.<\/em><\/strong><\/p>\n\n\n\n<p>Con el lema \u00abMadre, estamos en tus manos, danos fuerza para unirnos\u00bb, este s\u00e1bado inici\u00f3 desde el santuario de San Cayetano, en el barrio porte\u00f1o de Liniers, la 49\u00b0 Peregrinaci\u00f3n Juvenil a Luj\u00e1n. La idea es llegar el domingo a la Bas\u00edlica de Luj\u00e1n, en la provincia de Buenos Aires, en un caminata de 60 kil\u00f3metros.<\/p>\n\n\n\n<p>Se convoc\u00f3 a los asistentes a llevar una peque\u00f1a vela para encender a la medianoche del s\u00e1bado en la ruta con el objetivo de \u00abiluminar las intenciones de todos y cada uno de los argentinos\u00bb. Habr\u00e1 un operativo especial de polic\u00edas, personal m\u00e9dico, voluntarios y personal de otros organismos de apoyo.<\/p>\n\n\n\n<p>El domingo, el arzobispo de Buenos Aires, monse\u00f1or Jorge Ignacio Garc\u00eda Cuerva, presidir\u00e1 la tradicional misa de las 7 en el altar levantado en la plaza seca frente a la Bas\u00edlica de Luj\u00e1n.<\/p>\n\n\n\n<p>Habr\u00e1 m\u00e1s de 60 puestos sanitarios y puestos de apoyo a los que se puede acceder en forma gratuita, con alrededor de 6.000 servidores en esos puntos.<\/p>\n\n\n\n<p>Desde la Comisi\u00f3n Arquidiocesana de Piedad Popular, aseguraron que \u00aben 49 a\u00f1os que lleva la Peregrinaci\u00f3n Juvenil a Luj\u00e1n, qued\u00f3 demostrado que la decisi\u00f3n de caminar hacia la Virgencita es espont\u00e1nea y multitudinaria, por lo que es imposible prever qu\u00e9 cantidad de personas caminar\u00e1n rumbo a la Bas\u00edlica de la Patrona de los argentinos\u00bb.<\/p>\n","protected":false},"excerpt":{"rendered":"<p>La procesi\u00f3n se inicia este s\u00e1bado desde el santuario de San Cayetano en Liniers hasta llegar a la Bas\u00edlica. Con el lema \u00abMadre, estamos en tus manos, danos fuerza para unirnos\u00bb, este s\u00e1bado inici\u00f3 desde el santuario de San Cayetano, en el barrio porte\u00f1o de Liniers, la 49\u00b0 Peregrinaci\u00f3n Juvenil a Luj\u00e1n. La idea es [&hellip;]<\/p>\n","protected":false},"author":2,"featured_media":28431,"comment_status":"open","ping_status":"open","sticky":false,"template":"","format":"standard","meta":{"footnotes":""},"categories":[44],"tags":[],"class_list":["post-28430","post","type-post","status-publish","format-standard","has-post-thumbnail","hentry","category-religion"],"yoast_head":"<!-- This site is optimized with the Yoast SEO plugin v27.5 - https:\/\/yoast.com\/product\/yoast-seo-wordpress\/ -->\n<title>Se realiza la 49\u00aa Peregrinaci\u00f3n a Luj\u00e1n | CVI NOTICIAS<\/title>\n<meta name=\"robots\" content=\"index, follow, max-snippet:-1, max-image-preview:large, max-video-preview:-1\" \/>\n<link rel=\"canonical\" href=\"https:\/\/cvinoticias.com\/v3\/se-realiza-la-49a-peregrinacion-a-lujan\/\" \/>\n<meta property=\"og:locale\" content=\"es_ES\" \/>\n<meta property=\"og:type\" content=\"article\" \/>\n<meta property=\"og:title\" content=\"Se realiza la 49\u00aa Peregrinaci\u00f3n a Luj\u00e1n | CVI NOTICIAS\" \/>\n<meta property=\"og:description\" content=\"La procesi\u00f3n se inicia este s\u00e1bado desde el santuario de San Cayetano en Liniers hasta llegar a la Bas\u00edlica. Con el lema \u00abMadre, estamos en tus manos, danos fuerza para unirnos\u00bb, este s\u00e1bado inici\u00f3 desde el santuario de San Cayetano, en el barrio porte\u00f1o de Liniers, la 49\u00b0 Peregrinaci\u00f3n Juvenil a Luj\u00e1n. La idea es [&hellip;]\" \/>\n<meta property=\"og:url\" content=\"https:\/\/cvinoticias.com\/v3\/se-realiza-la-49a-peregrinacion-a-lujan\/\" \/>\n<meta property=\"og:site_name\" content=\"CVI NOTICIAS\" \/>\n<meta property=\"article:publisher\" content=\"https:\/\/www.facebook.com\/cvinoticias\" \/>\n<meta property=\"article:published_time\" content=\"2023-10-01T02:50:58+00:00\" \/>\n<meta property=\"og:image\" content=\"https:\/\/cvinoticias.com\/wp-content\/uploads\/2023\/10\/0000033248.jpg\" \/>\n\t<meta property=\"og:image:width\" content=\"800\" \/>\n\t<meta property=\"og:image:height\" content=\"514\" \/>\n\t<meta property=\"og:image:type\" content=\"image\/jpeg\" \/>\n<meta name=\"author\" content=\"f1000024\" \/>\n<meta name=\"twitter:card\" content=\"summary_large_image\" \/>\n<meta name=\"twitter:label1\" content=\"Escrito por\" \/>\n\t<meta name=\"twitter:data1\" content=\"f1000024\" \/>\n\t<meta name=\"twitter:label2\" content=\"Tiempo de lectura\" \/>\n\t<meta name=\"twitter:data2\" content=\"1 minuto\" \/>\n<script type=\"application\/ld+json\" class=\"yoast-schema-graph\">{\"@context\":\"https:\\\/\\\/schema.org\",\"@graph\":[{\"@type\":\"Article\",\"@id\":\"https:\\\/\\\/cvinoticias.com\\\/v3\\\/se-realiza-la-49a-peregrinacion-a-lujan\\\/#article\",\"isPartOf\":{\"@id\":\"https:\\\/\\\/cvinoticias.com\\\/v3\\\/se-realiza-la-49a-peregrinacion-a-lujan\\\/\"},\"author\":{\"name\":\"f1000024\",\"@id\":\"https:\\\/\\\/cvinoticias.com\\\/v3\\\/#\\\/schema\\\/person\\\/2db77e3c6bc03c538495d7b2b8be9b66\"},\"headline\":\"Se realiza la 49\u00aa Peregrinaci\u00f3n a Luj\u00e1n\",\"datePublished\":\"2023-10-01T02:50:58+00:00\",\"mainEntityOfPage\":{\"@id\":\"https:\\\/\\\/cvinoticias.com\\\/v3\\\/se-realiza-la-49a-peregrinacion-a-lujan\\\/\"},\"wordCount\":269,\"commentCount\":0,\"publisher\":{\"@id\":\"https:\\\/\\\/cvinoticias.com\\\/v3\\\/#organization\"},\"image\":{\"@id\":\"https:\\\/\\\/cvinoticias.com\\\/v3\\\/se-realiza-la-49a-peregrinacion-a-lujan\\\/#primaryimage\"},\"thumbnailUrl\":\"https:\\\/\\\/cvinoticias.com\\\/wp-content\\\/uploads\\\/2023\\\/10\\\/0000033248.jpg\",\"articleSection\":[\"Religi\u00f3n\"],\"inLanguage\":\"es\",\"potentialAction\":[{\"@type\":\"CommentAction\",\"name\":\"Comment\",\"target\":[\"https:\\\/\\\/cvinoticias.com\\\/v3\\\/se-realiza-la-49a-peregrinacion-a-lujan\\\/#respond\"]}]},{\"@type\":\"WebPage\",\"@id\":\"https:\\\/\\\/cvinoticias.com\\\/v3\\\/se-realiza-la-49a-peregrinacion-a-lujan\\\/\",\"url\":\"https:\\\/\\\/cvinoticias.com\\\/v3\\\/se-realiza-la-49a-peregrinacion-a-lujan\\\/\",\"name\":\"Se realiza la 49\u00aa Peregrinaci\u00f3n a Luj\u00e1n | CVI NOTICIAS\",\"isPartOf\":{\"@id\":\"https:\\\/\\\/cvinoticias.com\\\/v3\\\/#website\"},\"primaryImageOfPage\":{\"@id\":\"https:\\\/\\\/cvinoticias.com\\\/v3\\\/se-realiza-la-49a-peregrinacion-a-lujan\\\/#primaryimage\"},\"image\":{\"@id\":\"https:\\\/\\\/cvinoticias.com\\\/v3\\\/se-realiza-la-49a-peregrinacion-a-lujan\\\/#primaryimage\"},\"thumbnailUrl\":\"https:\\\/\\\/cvinoticias.com\\\/wp-content\\\/uploads\\\/2023\\\/10\\\/0000033248.jpg\",\"datePublished\":\"2023-10-01T02:50:58+00:00\",\"breadcrumb\":{\"@id\":\"https:\\\/\\\/cvinoticias.com\\\/v3\\\/se-realiza-la-49a-peregrinacion-a-lujan\\\/#breadcrumb\"},\"inLanguage\":\"es\",\"potentialAction\":[{\"@type\":\"ReadAction\",\"target\":[\"https:\\\/\\\/cvinoticias.com\\\/v3\\\/se-realiza-la-49a-peregrinacion-a-lujan\\\/\"]}]},{\"@type\":\"ImageObject\",\"inLanguage\":\"es\",\"@id\":\"https:\\\/\\\/cvinoticias.com\\\/v3\\\/se-realiza-la-49a-peregrinacion-a-lujan\\\/#primaryimage\",\"url\":\"https:\\\/\\\/cvinoticias.com\\\/wp-content\\\/uploads\\\/2023\\\/10\\\/0000033248.jpg\",\"contentUrl\":\"https:\\\/\\\/cvinoticias.com\\\/wp-content\\\/uploads\\\/2023\\\/10\\\/0000033248.jpg\",\"width\":800,\"height\":514},{\"@type\":\"BreadcrumbList\",\"@id\":\"https:\\\/\\\/cvinoticias.com\\\/v3\\\/se-realiza-la-49a-peregrinacion-a-lujan\\\/#breadcrumb\",\"itemListElement\":[{\"@type\":\"ListItem\",\"position\":1,\"name\":\"Portada\",\"item\":\"https:\\\/\\\/cvinoticias.com\\\/v3\\\/\"},{\"@type\":\"ListItem\",\"position\":2,\"name\":\"Se realiza la 49\u00aa Peregrinaci\u00f3n a Luj\u00e1n\"}]},{\"@type\":\"WebSite\",\"@id\":\"https:\\\/\\\/cvinoticias.com\\\/v3\\\/#website\",\"url\":\"https:\\\/\\\/cvinoticias.com\\\/v3\\\/\",\"name\":\"CVI NOTICIAS\",\"description\":\"\",\"publisher\":{\"@id\":\"https:\\\/\\\/cvinoticias.com\\\/v3\\\/#organization\"},\"alternateName\":\"CVI\",\"potentialAction\":[{\"@type\":\"SearchAction\",\"target\":{\"@type\":\"EntryPoint\",\"urlTemplate\":\"https:\\\/\\\/cvinoticias.com\\\/v3\\\/?s={search_term_string}\"},\"query-input\":{\"@type\":\"PropertyValueSpecification\",\"valueRequired\":true,\"valueName\":\"search_term_string\"}}],\"inLanguage\":\"es\"},{\"@type\":\"Organization\",\"@id\":\"https:\\\/\\\/cvinoticias.com\\\/v3\\\/#organization\",\"name\":\"CVI NOTICIAS\",\"url\":\"https:\\\/\\\/cvinoticias.com\\\/v3\\\/\",\"logo\":{\"@type\":\"ImageObject\",\"inLanguage\":\"es\",\"@id\":\"https:\\\/\\\/cvinoticias.com\\\/v3\\\/#\\\/schema\\\/logo\\\/image\\\/\",\"url\":\"https:\\\/\\\/cvinoticias.com\\\/wp-content\\\/uploads\\\/2023\\\/04\\\/cropped-cropped-cropped-cropped-cropped-3-1.png\",\"contentUrl\":\"https:\\\/\\\/cvinoticias.com\\\/wp-content\\\/uploads\\\/2023\\\/04\\\/cropped-cropped-cropped-cropped-cropped-3-1.png\",\"width\":95,\"height\":122,\"caption\":\"CVI NOTICIAS\"},\"image\":{\"@id\":\"https:\\\/\\\/cvinoticias.com\\\/v3\\\/#\\\/schema\\\/logo\\\/image\\\/\"},\"sameAs\":[\"https:\\\/\\\/www.facebook.com\\\/cvinoticias\",\"https:\\\/\\\/www.instagram.com\\\/cvinoticias\\\/\",\"https:\\\/\\\/www.youtube.com\\\/@CVINOTICIAS\"]},{\"@type\":\"Person\",\"@id\":\"https:\\\/\\\/cvinoticias.com\\\/v3\\\/#\\\/schema\\\/person\\\/2db77e3c6bc03c538495d7b2b8be9b66\",\"name\":\"f1000024\",\"image\":{\"@type\":\"ImageObject\",\"inLanguage\":\"es\",\"@id\":\"https:\\\/\\\/secure.gravatar.com\\\/avatar\\\/d4fe7459cfc51ff5129ce1a732bbef5928568b8092d412ef95611616376bbeed?s=96&d=mm&r=g\",\"url\":\"https:\\\/\\\/secure.gravatar.com\\\/avatar\\\/d4fe7459cfc51ff5129ce1a732bbef5928568b8092d412ef95611616376bbeed?s=96&d=mm&r=g\",\"contentUrl\":\"https:\\\/\\\/secure.gravatar.com\\\/avatar\\\/d4fe7459cfc51ff5129ce1a732bbef5928568b8092d412ef95611616376bbeed?s=96&d=mm&r=g\",\"caption\":\"f1000024\"},\"url\":\"https:\\\/\\\/cvinoticias.com\\\/v3\\\/author\\\/f1000024\\\/\"}]}<\/script>\n<!-- \/ Yoast SEO plugin. -->","yoast_head_json":{"title":"Se realiza la 49\u00aa Peregrinaci\u00f3n a Luj\u00e1n | CVI NOTICIAS","robots":{"index":"index","follow":"follow","max-snippet":"max-snippet:-1","max-image-preview":"max-image-preview:large","max-video-preview":"max-video-preview:-1"},"canonical":"https:\/\/cvinoticias.com\/v3\/se-realiza-la-49a-peregrinacion-a-lujan\/","og_locale":"es_ES","og_type":"article","og_title":"Se realiza la 49\u00aa Peregrinaci\u00f3n a Luj\u00e1n | CVI NOTICIAS","og_description":"La procesi\u00f3n se inicia este s\u00e1bado desde el santuario de San Cayetano en Liniers hasta llegar a la Bas\u00edlica. Con el lema \u00abMadre, estamos en tus manos, danos fuerza para unirnos\u00bb, este s\u00e1bado inici\u00f3 desde el santuario de San Cayetano, en el barrio porte\u00f1o de Liniers, la 49\u00b0 Peregrinaci\u00f3n Juvenil a Luj\u00e1n. La idea es [&hellip;]","og_url":"https:\/\/cvinoticias.com\/v3\/se-realiza-la-49a-peregrinacion-a-lujan\/","og_site_name":"CVI NOTICIAS","article_publisher":"https:\/\/www.facebook.com\/cvinoticias","article_published_time":"2023-10-01T02:50:58+00:00","og_image":[{"width":800,"height":514,"url":"https:\/\/cvinoticias.com\/wp-content\/uploads\/2023\/10\/0000033248.jpg","type":"image\/jpeg"}],"author":"f1000024","twitter_card":"summary_large_image","twitter_misc":{"Escrito por":"f1000024","Tiempo de lectura":"1 minuto"},"schema":{"@context":"https:\/\/schema.org","@graph":[{"@type":"Article","@id":"https:\/\/cvinoticias.com\/v3\/se-realiza-la-49a-peregrinacion-a-lujan\/#article","isPartOf":{"@id":"https:\/\/cvinoticias.com\/v3\/se-realiza-la-49a-peregrinacion-a-lujan\/"},"author":{"name":"f1000024","@id":"https:\/\/cvinoticias.com\/v3\/#\/schema\/person\/2db77e3c6bc03c538495d7b2b8be9b66"},"headline":"Se realiza la 49\u00aa Peregrinaci\u00f3n a Luj\u00e1n","datePublished":"2023-10-01T02:50:58+00:00","mainEntityOfPage":{"@id":"https:\/\/cvinoticias.com\/v3\/se-realiza-la-49a-peregrinacion-a-lujan\/"},"wordCount":269,"commentCount":0,"publisher":{"@id":"https:\/\/cvinoticias.com\/v3\/#organization"},"image":{"@id":"https:\/\/cvinoticias.com\/v3\/se-realiza-la-49a-peregrinacion-a-lujan\/#primaryimage"},"thumbnailUrl":"https:\/\/cvinoticias.com\/wp-content\/uploads\/2023\/10\/0000033248.jpg","articleSection":["Religi\u00f3n"],"inLanguage":"es","potentialAction":[{"@type":"CommentAction","name":"Comment","target":["https:\/\/cvinoticias.com\/v3\/se-realiza-la-49a-peregrinacion-a-lujan\/#respond"]}]},{"@type":"WebPage","@id":"https:\/\/cvinoticias.com\/v3\/se-realiza-la-49a-peregrinacion-a-lujan\/","url":"https:\/\/cvinoticias.com\/v3\/se-realiza-la-49a-peregrinacion-a-lujan\/","name":"Se realiza la 49\u00aa Peregrinaci\u00f3n a Luj\u00e1n | CVI NOTICIAS","isPartOf":{"@id":"https:\/\/cvinoticias.com\/v3\/#website"},"primaryImageOfPage":{"@id":"https:\/\/cvinoticias.com\/v3\/se-realiza-la-49a-peregrinacion-a-lujan\/#primaryimage"},"image":{"@id":"https:\/\/cvinoticias.com\/v3\/se-realiza-la-49a-peregrinacion-a-lujan\/#primaryimage"},"thumbnailUrl":"https:\/\/cvinoticias.com\/wp-content\/uploads\/2023\/10\/0000033248.jpg","datePublished":"2023-10-01T02:50:58+00:00","breadcrumb":{"@id":"https:\/\/cvinoticias.com\/v3\/se-realiza-la-49a-peregrinacion-a-lujan\/#breadcrumb"},"inLanguage":"es","potentialAction":[{"@type":"ReadAction","target":["https:\/\/cvinoticias.com\/v3\/se-realiza-la-49a-peregrinacion-a-lujan\/"]}]},{"@type":"ImageObject","inLanguage":"es","@id":"https:\/\/cvinoticias.com\/v3\/se-realiza-la-49a-peregrinacion-a-lujan\/#primaryimage","url":"https:\/\/cvinoticias.com\/wp-content\/uploads\/2023\/10\/0000033248.jpg","contentUrl":"https:\/\/cvinoticias.com\/wp-content\/uploads\/2023\/10\/0000033248.jpg","width":800,"height":514},{"@type":"BreadcrumbList","@id":"https:\/\/cvinoticias.com\/v3\/se-realiza-la-49a-peregrinacion-a-lujan\/#breadcrumb","itemListElement":[{"@type":"ListItem","position":1,"name":"Portada","item":"https:\/\/cvinoticias.com\/v3\/"},{"@type":"ListItem","position":2,"name":"Se realiza la 49\u00aa Peregrinaci\u00f3n a Luj\u00e1n"}]},{"@type":"WebSite","@id":"https:\/\/cvinoticias.com\/v3\/#website","url":"https:\/\/cvinoticias.com\/v3\/","name":"CVI NOTICIAS","description":"","publisher":{"@id":"https:\/\/cvinoticias.com\/v3\/#organization"},"alternateName":"CVI","potentialAction":[{"@type":"SearchAction","target":{"@type":"EntryPoint","urlTemplate":"https:\/\/cvinoticias.com\/v3\/?s={search_term_string}"},"query-input":{"@type":"PropertyValueSpecification","valueRequired":true,"valueName":"search_term_string"}}],"inLanguage":"es"},{"@type":"Organization","@id":"https:\/\/cvinoticias.com\/v3\/#organization","name":"CVI NOTICIAS","url":"https:\/\/cvinoticias.com\/v3\/","logo":{"@type":"ImageObject","inLanguage":"es","@id":"https:\/\/cvinoticias.com\/v3\/#\/schema\/logo\/image\/","url":"https:\/\/cvinoticias.com\/wp-content\/uploads\/2023\/04\/cropped-cropped-cropped-cropped-cropped-3-1.png","contentUrl":"https:\/\/cvinoticias.com\/wp-content\/uploads\/2023\/04\/cropped-cropped-cropped-cropped-cropped-3-1.png","width":95,"height":122,"caption":"CVI NOTICIAS"},"image":{"@id":"https:\/\/cvinoticias.com\/v3\/#\/schema\/logo\/image\/"},"sameAs":["https:\/\/www.facebook.com\/cvinoticias","https:\/\/www.instagram.com\/cvinoticias\/","https:\/\/www.youtube.com\/@CVINOTICIAS"]},{"@type":"Person","@id":"https:\/\/cvinoticias.com\/v3\/#\/schema\/person\/2db77e3c6bc03c538495d7b2b8be9b66","name":"f1000024","image":{"@type":"ImageObject","inLanguage":"es","@id":"https:\/\/secure.gravatar.com\/avatar\/d4fe7459cfc51ff5129ce1a732bbef5928568b8092d412ef95611616376bbeed?s=96&d=mm&r=g","url":"https:\/\/secure.gravatar.com\/avatar\/d4fe7459cfc51ff5129ce1a732bbef5928568b8092d412ef95611616376bbeed?s=96&d=mm&r=g","contentUrl":"https:\/\/secure.gravatar.com\/avatar\/d4fe7459cfc51ff5129ce1a732bbef5928568b8092d412ef95611616376bbeed?s=96&d=mm&r=g","caption":"f1000024"},"url":"https:\/\/cvinoticias.com\/v3\/author\/f1000024\/"}]}},"_links":{"self":[{"href":"https:\/\/cvinoticias.com\/v3\/wp-json\/wp\/v2\/posts\/28430","targetHints":{"allow":["GET"]}}],"collection":[{"href":"https:\/\/cvinoticias.com\/v3\/wp-json\/wp\/v2\/posts"}],"about":[{"href":"https:\/\/cvinoticias.com\/v3\/wp-json\/wp\/v2\/types\/post"}],"author":[{"embeddable":true,"href":"https:\/\/cvinoticias.com\/v3\/wp-json\/wp\/v2\/users\/2"}],"replies":[{"embeddable":true,"href":"https:\/\/cvinoticias.com\/v3\/wp-json\/wp\/v2\/comments?post=28430"}],"version-history":[{"count":1,"href":"https:\/\/cvinoticias.com\/v3\/wp-json\/wp\/v2\/posts\/28430\/revisions"}],"predecessor-version":[{"id":28432,"href":"https:\/\/cvinoticias.com\/v3\/wp-json\/wp\/v2\/posts\/28430\/revisions\/28432"}],"wp:featuredmedia":[{"embeddable":true,"href":"https:\/\/cvinoticias.com\/v3\/wp-json\/wp\/v2\/media\/28431"}],"wp:attachment":[{"href":"https:\/\/cvinoticias.com\/v3\/wp-json\/wp\/v2\/media?parent=28430"}],"wp:term":[{"taxonomy":"category","embeddable":true,"href":"https:\/\/cvinoticias.com\/v3\/wp-json\/wp\/v2\/categories?post=28430"},{"taxonomy":"post_tag","embeddable":true,"href":"https:\/\/cvinoticias.com\/v3\/wp-json\/wp\/v2\/tags?post=28430"}],"curies":[{"name":"wp","href":"https:\/\/api.w.org\/{rel}","templated":true}]}}