{"id":28409,"date":"2023-09-29T10:16:08","date_gmt":"2023-09-29T10:16:08","guid":{"rendered":"https:\/\/cvinoticias.com\/v3\/?p=28409"},"modified":"2023-09-29T10:16:08","modified_gmt":"2023-09-29T10:16:08","slug":"advierten-aumentos-en-el-precio-de-la-nafta","status":"publish","type":"post","link":"https:\/\/cvinoticias.com\/v3\/advierten-aumentos-en-el-precio-de-la-nafta\/","title":{"rendered":"Advierten aumentos en el precio de la nafta"},"content":{"rendered":"\n<p><strong><em>Un nuevo componente impositivo en los combustibles afectar\u00eda en el precio de los mismos para los clientes finales.<\/em><\/strong><\/p>\n\n\n\n<p>La Federaci\u00f3n del Interior de Trabajadores de Estaciones de Servicio y Garages de la Rep\u00fablica Argentina (FITESGRA), advirti\u00f3 sobre los efectos que causar\u00e1 en el sector de petr\u00f3leo y gas un nuevo componente impositivo en los combustibles.<\/p>\n\n\n\n<p>Leer tambi\u00e9n: Finalizaron los sorteos de adjudicaci\u00f3n de casas del IPV<\/p>\n\n\n\n<p>De acuerdo con el presupuesto presentado por el Gobierno nacional en su art\u00edculo 80, se prev\u00e9 la imposici\u00f3n de una nueva Tasa de Control de Calidad de Nafta y Gasoil, por la cual, las empresas productoras, importadoras y refinadoras de nafta o gasoil, deber\u00e1n abonar hasta un 0,33% del precio de salida del producto en forma mensual, por cada litro producido o importado.<\/p>\n\n\n\n<p>Bajo este panorama, dirigentes de FITESGRA se\u00f1alaron que este nuevo impuesto puede llegar a perjudicar a las estaciones de servicio, especialmente aquellas que se abastecen de producto importado, aunque aclararon que todav\u00eda est\u00e1n revisando los detalles.<\/p>\n\n\n\n<p>En este sentido, remarcaron que \u201csi bien el proyecto contempla diferentes tipos de beneficios fiscales para la importaci\u00f3n y exportaci\u00f3n de crudo, como tambi\u00e9n de fomento al gas, contrariamente a ello puede perjudicar al eslab\u00f3n m\u00e1s d\u00e9bil de la cadena\u201d.<\/p>\n\n\n\n<p>Los referentes gremiales se\u00f1alaron que, de concretarse su aprobaci\u00f3n, el nuevo costo probablemente sea trasladado a los precios, dado que \u201cninguna refinadora ni importadora de combustibles va a absorber esta tasa\u201d.<\/p>\n\n\n\n<p>\u201cPuede haber consecuencias negativas para el expendedor, ya sea por una baja en el volumen de ventas, como tambi\u00e9n por un nuevo achicamiento en el escaso margen de rentabilidad de los establecimientos\u201d, concluyeron.<\/p>\n","protected":false},"excerpt":{"rendered":"<p>Un nuevo componente impositivo en los combustibles afectar\u00eda en el precio de los mismos para los clientes finales. La Federaci\u00f3n del Interior de Trabajadores de Estaciones de Servicio y Garages de la Rep\u00fablica Argentina (FITESGRA), advirti\u00f3 sobre los efectos que causar\u00e1 en el sector de petr\u00f3leo y gas un nuevo componente impositivo en los combustibles. [&hellip;]<\/p>\n","protected":false},"author":2,"featured_media":28410,"comment_status":"open","ping_status":"open","sticky":false,"template":"","format":"standard","meta":{"footnotes":""},"categories":[35],"tags":[],"class_list":["post-28409","post","type-post","status-publish","format-standard","has-post-thumbnail","hentry","category-informacion-general"],"yoast_head":"<!-- This site is optimized with the Yoast SEO plugin v27.5 - https:\/\/yoast.com\/product\/yoast-seo-wordpress\/ -->\n<title>Advierten aumentos en el precio de la nafta | CVI NOTICIAS<\/title>\n<meta name=\"robots\" content=\"index, follow, max-snippet:-1, max-image-preview:large, max-video-preview:-1\" \/>\n<link rel=\"canonical\" href=\"https:\/\/cvinoticias.com\/v3\/advierten-aumentos-en-el-precio-de-la-nafta\/\" \/>\n<meta property=\"og:locale\" content=\"es_ES\" \/>\n<meta property=\"og:type\" content=\"article\" \/>\n<meta property=\"og:title\" content=\"Advierten aumentos en el precio de la nafta | CVI NOTICIAS\" \/>\n<meta property=\"og:description\" content=\"Un nuevo componente impositivo en los combustibles afectar\u00eda en el precio de los mismos para los clientes finales. La Federaci\u00f3n del Interior de Trabajadores de Estaciones de Servicio y Garages de la Rep\u00fablica Argentina (FITESGRA), advirti\u00f3 sobre los efectos que causar\u00e1 en el sector de petr\u00f3leo y gas un nuevo componente impositivo en los combustibles. [&hellip;]\" \/>\n<meta property=\"og:url\" content=\"https:\/\/cvinoticias.com\/v3\/advierten-aumentos-en-el-precio-de-la-nafta\/\" \/>\n<meta property=\"og:site_name\" content=\"CVI NOTICIAS\" \/>\n<meta property=\"article:publisher\" content=\"https:\/\/www.facebook.com\/cvinoticias\" \/>\n<meta property=\"article:published_time\" content=\"2023-09-29T10:16:08+00:00\" \/>\n<meta property=\"og:image\" content=\"https:\/\/cvinoticias.com\/wp-content\/uploads\/2023\/09\/f768x1-124889_125016_5050.jpg\" \/>\n\t<meta property=\"og:image:width\" content=\"768\" \/>\n\t<meta property=\"og:image:height\" content=\"426\" \/>\n\t<meta property=\"og:image:type\" content=\"image\/jpeg\" \/>\n<meta name=\"author\" content=\"f1000024\" \/>\n<meta name=\"twitter:card\" content=\"summary_large_image\" \/>\n<meta name=\"twitter:label1\" content=\"Escrito por\" \/>\n\t<meta name=\"twitter:data1\" content=\"f1000024\" \/>\n\t<meta name=\"twitter:label2\" content=\"Tiempo de lectura\" \/>\n\t<meta name=\"twitter:data2\" content=\"1 minuto\" \/>\n<script type=\"application\/ld+json\" class=\"yoast-schema-graph\">{\"@context\":\"https:\\\/\\\/schema.org\",\"@graph\":[{\"@type\":\"Article\",\"@id\":\"https:\\\/\\\/cvinoticias.com\\\/v3\\\/advierten-aumentos-en-el-precio-de-la-nafta\\\/#article\",\"isPartOf\":{\"@id\":\"https:\\\/\\\/cvinoticias.com\\\/v3\\\/advierten-aumentos-en-el-precio-de-la-nafta\\\/\"},\"author\":{\"name\":\"f1000024\",\"@id\":\"https:\\\/\\\/cvinoticias.com\\\/v3\\\/#\\\/schema\\\/person\\\/2db77e3c6bc03c538495d7b2b8be9b66\"},\"headline\":\"Advierten aumentos en el precio de la nafta\",\"datePublished\":\"2023-09-29T10:16:08+00:00\",\"mainEntityOfPage\":{\"@id\":\"https:\\\/\\\/cvinoticias.com\\\/v3\\\/advierten-aumentos-en-el-precio-de-la-nafta\\\/\"},\"wordCount\":296,\"commentCount\":0,\"publisher\":{\"@id\":\"https:\\\/\\\/cvinoticias.com\\\/v3\\\/#organization\"},\"image\":{\"@id\":\"https:\\\/\\\/cvinoticias.com\\\/v3\\\/advierten-aumentos-en-el-precio-de-la-nafta\\\/#primaryimage\"},\"thumbnailUrl\":\"https:\\\/\\\/cvinoticias.com\\\/wp-content\\\/uploads\\\/2023\\\/09\\\/f768x1-124889_125016_5050.jpg\",\"articleSection\":[\"Informaci\u00f3n General\"],\"inLanguage\":\"es\",\"potentialAction\":[{\"@type\":\"CommentAction\",\"name\":\"Comment\",\"target\":[\"https:\\\/\\\/cvinoticias.com\\\/v3\\\/advierten-aumentos-en-el-precio-de-la-nafta\\\/#respond\"]}]},{\"@type\":\"WebPage\",\"@id\":\"https:\\\/\\\/cvinoticias.com\\\/v3\\\/advierten-aumentos-en-el-precio-de-la-nafta\\\/\",\"url\":\"https:\\\/\\\/cvinoticias.com\\\/v3\\\/advierten-aumentos-en-el-precio-de-la-nafta\\\/\",\"name\":\"Advierten aumentos en el precio de la nafta | CVI NOTICIAS\",\"isPartOf\":{\"@id\":\"https:\\\/\\\/cvinoticias.com\\\/v3\\\/#website\"},\"primaryImageOfPage\":{\"@id\":\"https:\\\/\\\/cvinoticias.com\\\/v3\\\/advierten-aumentos-en-el-precio-de-la-nafta\\\/#primaryimage\"},\"image\":{\"@id\":\"https:\\\/\\\/cvinoticias.com\\\/v3\\\/advierten-aumentos-en-el-precio-de-la-nafta\\\/#primaryimage\"},\"thumbnailUrl\":\"https:\\\/\\\/cvinoticias.com\\\/wp-content\\\/uploads\\\/2023\\\/09\\\/f768x1-124889_125016_5050.jpg\",\"datePublished\":\"2023-09-29T10:16:08+00:00\",\"breadcrumb\":{\"@id\":\"https:\\\/\\\/cvinoticias.com\\\/v3\\\/advierten-aumentos-en-el-precio-de-la-nafta\\\/#breadcrumb\"},\"inLanguage\":\"es\",\"potentialAction\":[{\"@type\":\"ReadAction\",\"target\":[\"https:\\\/\\\/cvinoticias.com\\\/v3\\\/advierten-aumentos-en-el-precio-de-la-nafta\\\/\"]}]},{\"@type\":\"ImageObject\",\"inLanguage\":\"es\",\"@id\":\"https:\\\/\\\/cvinoticias.com\\\/v3\\\/advierten-aumentos-en-el-precio-de-la-nafta\\\/#primaryimage\",\"url\":\"https:\\\/\\\/cvinoticias.com\\\/wp-content\\\/uploads\\\/2023\\\/09\\\/f768x1-124889_125016_5050.jpg\",\"contentUrl\":\"https:\\\/\\\/cvinoticias.com\\\/wp-content\\\/uploads\\\/2023\\\/09\\\/f768x1-124889_125016_5050.jpg\",\"width\":768,\"height\":426},{\"@type\":\"BreadcrumbList\",\"@id\":\"https:\\\/\\\/cvinoticias.com\\\/v3\\\/advierten-aumentos-en-el-precio-de-la-nafta\\\/#breadcrumb\",\"itemListElement\":[{\"@type\":\"ListItem\",\"position\":1,\"name\":\"Portada\",\"item\":\"https:\\\/\\\/cvinoticias.com\\\/v3\\\/\"},{\"@type\":\"ListItem\",\"position\":2,\"name\":\"Advierten aumentos en el precio de la nafta\"}]},{\"@type\":\"WebSite\",\"@id\":\"https:\\\/\\\/cvinoticias.com\\\/v3\\\/#website\",\"url\":\"https:\\\/\\\/cvinoticias.com\\\/v3\\\/\",\"name\":\"CVI NOTICIAS\",\"description\":\"\",\"publisher\":{\"@id\":\"https:\\\/\\\/cvinoticias.com\\\/v3\\\/#organization\"},\"alternateName\":\"CVI\",\"potentialAction\":[{\"@type\":\"SearchAction\",\"target\":{\"@type\":\"EntryPoint\",\"urlTemplate\":\"https:\\\/\\\/cvinoticias.com\\\/v3\\\/?s={search_term_string}\"},\"query-input\":{\"@type\":\"PropertyValueSpecification\",\"valueRequired\":true,\"valueName\":\"search_term_string\"}}],\"inLanguage\":\"es\"},{\"@type\":\"Organization\",\"@id\":\"https:\\\/\\\/cvinoticias.com\\\/v3\\\/#organization\",\"name\":\"CVI NOTICIAS\",\"url\":\"https:\\\/\\\/cvinoticias.com\\\/v3\\\/\",\"logo\":{\"@type\":\"ImageObject\",\"inLanguage\":\"es\",\"@id\":\"https:\\\/\\\/cvinoticias.com\\\/v3\\\/#\\\/schema\\\/logo\\\/image\\\/\",\"url\":\"https:\\\/\\\/cvinoticias.com\\\/wp-content\\\/uploads\\\/2023\\\/04\\\/cropped-cropped-cropped-cropped-cropped-3-1.png\",\"contentUrl\":\"https:\\\/\\\/cvinoticias.com\\\/wp-content\\\/uploads\\\/2023\\\/04\\\/cropped-cropped-cropped-cropped-cropped-3-1.png\",\"width\":95,\"height\":122,\"caption\":\"CVI NOTICIAS\"},\"image\":{\"@id\":\"https:\\\/\\\/cvinoticias.com\\\/v3\\\/#\\\/schema\\\/logo\\\/image\\\/\"},\"sameAs\":[\"https:\\\/\\\/www.facebook.com\\\/cvinoticias\",\"https:\\\/\\\/www.instagram.com\\\/cvinoticias\\\/\",\"https:\\\/\\\/www.youtube.com\\\/@CVINOTICIAS\"]},{\"@type\":\"Person\",\"@id\":\"https:\\\/\\\/cvinoticias.com\\\/v3\\\/#\\\/schema\\\/person\\\/2db77e3c6bc03c538495d7b2b8be9b66\",\"name\":\"f1000024\",\"image\":{\"@type\":\"ImageObject\",\"inLanguage\":\"es\",\"@id\":\"https:\\\/\\\/secure.gravatar.com\\\/avatar\\\/d4fe7459cfc51ff5129ce1a732bbef5928568b8092d412ef95611616376bbeed?s=96&d=mm&r=g\",\"url\":\"https:\\\/\\\/secure.gravatar.com\\\/avatar\\\/d4fe7459cfc51ff5129ce1a732bbef5928568b8092d412ef95611616376bbeed?s=96&d=mm&r=g\",\"contentUrl\":\"https:\\\/\\\/secure.gravatar.com\\\/avatar\\\/d4fe7459cfc51ff5129ce1a732bbef5928568b8092d412ef95611616376bbeed?s=96&d=mm&r=g\",\"caption\":\"f1000024\"},\"url\":\"https:\\\/\\\/cvinoticias.com\\\/v3\\\/author\\\/f1000024\\\/\"}]}<\/script>\n<!-- \/ Yoast SEO plugin. -->","yoast_head_json":{"title":"Advierten aumentos en el precio de la nafta | CVI NOTICIAS","robots":{"index":"index","follow":"follow","max-snippet":"max-snippet:-1","max-image-preview":"max-image-preview:large","max-video-preview":"max-video-preview:-1"},"canonical":"https:\/\/cvinoticias.com\/v3\/advierten-aumentos-en-el-precio-de-la-nafta\/","og_locale":"es_ES","og_type":"article","og_title":"Advierten aumentos en el precio de la nafta | CVI NOTICIAS","og_description":"Un nuevo componente impositivo en los combustibles afectar\u00eda en el precio de los mismos para los clientes finales. La Federaci\u00f3n del Interior de Trabajadores de Estaciones de Servicio y Garages de la Rep\u00fablica Argentina (FITESGRA), advirti\u00f3 sobre los efectos que causar\u00e1 en el sector de petr\u00f3leo y gas un nuevo componente impositivo en los combustibles. [&hellip;]","og_url":"https:\/\/cvinoticias.com\/v3\/advierten-aumentos-en-el-precio-de-la-nafta\/","og_site_name":"CVI NOTICIAS","article_publisher":"https:\/\/www.facebook.com\/cvinoticias","article_published_time":"2023-09-29T10:16:08+00:00","og_image":[{"width":768,"height":426,"url":"https:\/\/cvinoticias.com\/wp-content\/uploads\/2023\/09\/f768x1-124889_125016_5050.jpg","type":"image\/jpeg"}],"author":"f1000024","twitter_card":"summary_large_image","twitter_misc":{"Escrito por":"f1000024","Tiempo de lectura":"1 minuto"},"schema":{"@context":"https:\/\/schema.org","@graph":[{"@type":"Article","@id":"https:\/\/cvinoticias.com\/v3\/advierten-aumentos-en-el-precio-de-la-nafta\/#article","isPartOf":{"@id":"https:\/\/cvinoticias.com\/v3\/advierten-aumentos-en-el-precio-de-la-nafta\/"},"author":{"name":"f1000024","@id":"https:\/\/cvinoticias.com\/v3\/#\/schema\/person\/2db77e3c6bc03c538495d7b2b8be9b66"},"headline":"Advierten aumentos en el precio de la nafta","datePublished":"2023-09-29T10:16:08+00:00","mainEntityOfPage":{"@id":"https:\/\/cvinoticias.com\/v3\/advierten-aumentos-en-el-precio-de-la-nafta\/"},"wordCount":296,"commentCount":0,"publisher":{"@id":"https:\/\/cvinoticias.com\/v3\/#organization"},"image":{"@id":"https:\/\/cvinoticias.com\/v3\/advierten-aumentos-en-el-precio-de-la-nafta\/#primaryimage"},"thumbnailUrl":"https:\/\/cvinoticias.com\/wp-content\/uploads\/2023\/09\/f768x1-124889_125016_5050.jpg","articleSection":["Informaci\u00f3n General"],"inLanguage":"es","potentialAction":[{"@type":"CommentAction","name":"Comment","target":["https:\/\/cvinoticias.com\/v3\/advierten-aumentos-en-el-precio-de-la-nafta\/#respond"]}]},{"@type":"WebPage","@id":"https:\/\/cvinoticias.com\/v3\/advierten-aumentos-en-el-precio-de-la-nafta\/","url":"https:\/\/cvinoticias.com\/v3\/advierten-aumentos-en-el-precio-de-la-nafta\/","name":"Advierten aumentos en el precio de la nafta | CVI NOTICIAS","isPartOf":{"@id":"https:\/\/cvinoticias.com\/v3\/#website"},"primaryImageOfPage":{"@id":"https:\/\/cvinoticias.com\/v3\/advierten-aumentos-en-el-precio-de-la-nafta\/#primaryimage"},"image":{"@id":"https:\/\/cvinoticias.com\/v3\/advierten-aumentos-en-el-precio-de-la-nafta\/#primaryimage"},"thumbnailUrl":"https:\/\/cvinoticias.com\/wp-content\/uploads\/2023\/09\/f768x1-124889_125016_5050.jpg","datePublished":"2023-09-29T10:16:08+00:00","breadcrumb":{"@id":"https:\/\/cvinoticias.com\/v3\/advierten-aumentos-en-el-precio-de-la-nafta\/#breadcrumb"},"inLanguage":"es","potentialAction":[{"@type":"ReadAction","target":["https:\/\/cvinoticias.com\/v3\/advierten-aumentos-en-el-precio-de-la-nafta\/"]}]},{"@type":"ImageObject","inLanguage":"es","@id":"https:\/\/cvinoticias.com\/v3\/advierten-aumentos-en-el-precio-de-la-nafta\/#primaryimage","url":"https:\/\/cvinoticias.com\/wp-content\/uploads\/2023\/09\/f768x1-124889_125016_5050.jpg","contentUrl":"https:\/\/cvinoticias.com\/wp-content\/uploads\/2023\/09\/f768x1-124889_125016_5050.jpg","width":768,"height":426},{"@type":"BreadcrumbList","@id":"https:\/\/cvinoticias.com\/v3\/advierten-aumentos-en-el-precio-de-la-nafta\/#breadcrumb","itemListElement":[{"@type":"ListItem","position":1,"name":"Portada","item":"https:\/\/cvinoticias.com\/v3\/"},{"@type":"ListItem","position":2,"name":"Advierten aumentos en el precio de la nafta"}]},{"@type":"WebSite","@id":"https:\/\/cvinoticias.com\/v3\/#website","url":"https:\/\/cvinoticias.com\/v3\/","name":"CVI NOTICIAS","description":"","publisher":{"@id":"https:\/\/cvinoticias.com\/v3\/#organization"},"alternateName":"CVI","potentialAction":[{"@type":"SearchAction","target":{"@type":"EntryPoint","urlTemplate":"https:\/\/cvinoticias.com\/v3\/?s={search_term_string}"},"query-input":{"@type":"PropertyValueSpecification","valueRequired":true,"valueName":"search_term_string"}}],"inLanguage":"es"},{"@type":"Organization","@id":"https:\/\/cvinoticias.com\/v3\/#organization","name":"CVI NOTICIAS","url":"https:\/\/cvinoticias.com\/v3\/","logo":{"@type":"ImageObject","inLanguage":"es","@id":"https:\/\/cvinoticias.com\/v3\/#\/schema\/logo\/image\/","url":"https:\/\/cvinoticias.com\/wp-content\/uploads\/2023\/04\/cropped-cropped-cropped-cropped-cropped-3-1.png","contentUrl":"https:\/\/cvinoticias.com\/wp-content\/uploads\/2023\/04\/cropped-cropped-cropped-cropped-cropped-3-1.png","width":95,"height":122,"caption":"CVI NOTICIAS"},"image":{"@id":"https:\/\/cvinoticias.com\/v3\/#\/schema\/logo\/image\/"},"sameAs":["https:\/\/www.facebook.com\/cvinoticias","https:\/\/www.instagram.com\/cvinoticias\/","https:\/\/www.youtube.com\/@CVINOTICIAS"]},{"@type":"Person","@id":"https:\/\/cvinoticias.com\/v3\/#\/schema\/person\/2db77e3c6bc03c538495d7b2b8be9b66","name":"f1000024","image":{"@type":"ImageObject","inLanguage":"es","@id":"https:\/\/secure.gravatar.com\/avatar\/d4fe7459cfc51ff5129ce1a732bbef5928568b8092d412ef95611616376bbeed?s=96&d=mm&r=g","url":"https:\/\/secure.gravatar.com\/avatar\/d4fe7459cfc51ff5129ce1a732bbef5928568b8092d412ef95611616376bbeed?s=96&d=mm&r=g","contentUrl":"https:\/\/secure.gravatar.com\/avatar\/d4fe7459cfc51ff5129ce1a732bbef5928568b8092d412ef95611616376bbeed?s=96&d=mm&r=g","caption":"f1000024"},"url":"https:\/\/cvinoticias.com\/v3\/author\/f1000024\/"}]}},"_links":{"self":[{"href":"https:\/\/cvinoticias.com\/v3\/wp-json\/wp\/v2\/posts\/28409","targetHints":{"allow":["GET"]}}],"collection":[{"href":"https:\/\/cvinoticias.com\/v3\/wp-json\/wp\/v2\/posts"}],"about":[{"href":"https:\/\/cvinoticias.com\/v3\/wp-json\/wp\/v2\/types\/post"}],"author":[{"embeddable":true,"href":"https:\/\/cvinoticias.com\/v3\/wp-json\/wp\/v2\/users\/2"}],"replies":[{"embeddable":true,"href":"https:\/\/cvinoticias.com\/v3\/wp-json\/wp\/v2\/comments?post=28409"}],"version-history":[{"count":1,"href":"https:\/\/cvinoticias.com\/v3\/wp-json\/wp\/v2\/posts\/28409\/revisions"}],"predecessor-version":[{"id":28411,"href":"https:\/\/cvinoticias.com\/v3\/wp-json\/wp\/v2\/posts\/28409\/revisions\/28411"}],"wp:featuredmedia":[{"embeddable":true,"href":"https:\/\/cvinoticias.com\/v3\/wp-json\/wp\/v2\/media\/28410"}],"wp:attachment":[{"href":"https:\/\/cvinoticias.com\/v3\/wp-json\/wp\/v2\/media?parent=28409"}],"wp:term":[{"taxonomy":"category","embeddable":true,"href":"https:\/\/cvinoticias.com\/v3\/wp-json\/wp\/v2\/categories?post=28409"},{"taxonomy":"post_tag","embeddable":true,"href":"https:\/\/cvinoticias.com\/v3\/wp-json\/wp\/v2\/tags?post=28409"}],"curies":[{"name":"wp","href":"https:\/\/api.w.org\/{rel}","templated":true}]}}