{"id":28406,"date":"2023-09-29T10:08:36","date_gmt":"2023-09-29T10:08:36","guid":{"rendered":"https:\/\/cvinoticias.com\/v3\/?p=28406"},"modified":"2023-09-29T10:08:36","modified_gmt":"2023-09-29T10:08:36","slug":"el-indice-mas-doloroso-el-562-de-los-ninos-hasta-14-anos-son-pobres-y-el-136-son-indigentes","status":"publish","type":"post","link":"https:\/\/cvinoticias.com\/v3\/el-indice-mas-doloroso-el-562-de-los-ninos-hasta-14-anos-son-pobres-y-el-136-son-indigentes\/","title":{"rendered":"El \u00edndice m\u00e1s doloroso: el 56,2% de los ni\u00f1os hasta 14 a\u00f1os son pobres, y el 13,6% son indigentes"},"content":{"rendered":"\n<p><strong><em>Este dato representa una suba de m\u00e1s de 5 puntos en 12 meses. La situaci\u00f3n m\u00e1s cr\u00edtica pareciera estar, seg\u00fan Indec, en la franja de entre 12 y 17 a\u00f1os en la que el 59,4% de los chicos no tienen la canasta b\u00e1sica total cubierta.<\/em><\/strong><\/p>\n\n\n\n<p>Tras darse a conocer el \u00edndice de pobreza del primer semestre del a\u00f1o se determin\u00f3 el dato m\u00e1s cruel: la pobreza entre los chicos de hasta 14 a\u00f1os alcanz\u00f3 el 56,2%. Mientras que la indigencia en el sector de la sociedad con ese rango etario fue de 13,6%, inform\u00f3 este mi\u00e9rcoles el Indec.<\/p>\n\n\n\n<p>El informe difundido mostr\u00f3 un avance de la pobreza y la indigencia hasta 40,1% y 9,3%, respectivamente, en Argentina. Como suele suceder, los ni\u00f1os y adolescentes fueron la porci\u00f3n de la sociedad con mayores \u00edndices cr\u00edticos.<\/p>\n\n\n\n<p>El 56,2% de los chicos de hasta 14 a\u00f1os no llegan a tener cubierta la canasta b\u00e1sica total que incluye alimentaci\u00f3n, salud, educaci\u00f3n y vestimenta. La cifra contrasta con el 50,9% que mostraban las estad\u00edsticas oficiales un a\u00f1o atr\u00e1s y con el 54,2% del segundo semestre de 2022.<\/p>\n\n\n\n<p>Representa una suba de m\u00e1s de 5 puntos en un a\u00f1o.<\/p>\n\n\n\n<p>Por su parte, la proporci\u00f3n de chicos que no tienen cubierta la canasta alimentaria alcanz\u00f3 en la primera parte del a\u00f1o el 13,6 por ciento. Este \u00edndice tambi\u00e9n representa un incremento, de casi un punto porcentual respecto al mismo per\u00edodo de 2022 con 12,7 por ciento. Y tambi\u00e9n en comparaci\u00f3n con fines de 2022, cuando hab\u00eda sido de 12 por ciento.<\/p>\n\n\n\n<p>En tanto, seg\u00fan el registro medido con rangos etarios, el organismo estad\u00edstico concluy\u00f3 que el 39,1% de los ni\u00f1os de hasta 5 a\u00f1os son pobres y el 12,5%, indigente.<\/p>\n\n\n\n<p>Entre los 6 y 11 a\u00f1os la incidencia es de 44,9% y 13,6%, respectivamente.<\/p>\n\n\n\n<p>La situaci\u00f3n m\u00e1s cr\u00edtica pareciera estar, seg\u00fan Indec, en la franja de entre 12 y 17 a\u00f1os. En ese caso, el 59,4% de los chicos no tienen la canasta b\u00e1sica total cubierta, y el 16,4% ni siquiera la canasta alimentaria.<\/p>\n\n\n\n<p>El dato de pobreza general del primer trimestre de este a\u00f1o, del 40,1% a nivel nacional, es el m\u00e1s alto registrado por el Indec desde el pico del 42% alcanzado durante la crisis de la pandemia en 2020.<\/p>\n\n\n\n<p>Ahora, los expertos estiman que este dato podr\u00eda empeorar en el segundo semestre del 2023 por la aceleraci\u00f3n de la inflaci\u00f3n, que este a\u00f1o podr\u00eda llegar hasta el 190% seg\u00fan algunas estimaciones privadas.<\/p>\n","protected":false},"excerpt":{"rendered":"<p>Este dato representa una suba de m\u00e1s de 5 puntos en 12 meses. La situaci\u00f3n m\u00e1s cr\u00edtica pareciera estar, seg\u00fan Indec, en la franja de entre 12 y 17 a\u00f1os en la que el 59,4% de los chicos no tienen la canasta b\u00e1sica total cubierta. Tras darse a conocer el \u00edndice de pobreza del primer [&hellip;]<\/p>\n","protected":false},"author":2,"featured_media":28407,"comment_status":"open","ping_status":"open","sticky":false,"template":"","format":"standard","meta":{"footnotes":""},"categories":[47],"tags":[],"class_list":["post-28406","post","type-post","status-publish","format-standard","has-post-thumbnail","hentry","category-sociedad"],"yoast_head":"<!-- This site is optimized with the Yoast SEO plugin v27.5 - https:\/\/yoast.com\/product\/yoast-seo-wordpress\/ -->\n<title>El \u00edndice m\u00e1s doloroso: el 56,2% de los ni\u00f1os hasta 14 a\u00f1os son pobres, y el 13,6% son indigentes | CVI NOTICIAS<\/title>\n<meta name=\"robots\" content=\"index, follow, max-snippet:-1, max-image-preview:large, max-video-preview:-1\" \/>\n<link rel=\"canonical\" href=\"https:\/\/cvinoticias.com\/v3\/el-indice-mas-doloroso-el-562-de-los-ninos-hasta-14-anos-son-pobres-y-el-136-son-indigentes\/\" \/>\n<meta property=\"og:locale\" content=\"es_ES\" \/>\n<meta property=\"og:type\" content=\"article\" \/>\n<meta property=\"og:title\" content=\"El \u00edndice m\u00e1s doloroso: el 56,2% de los ni\u00f1os hasta 14 a\u00f1os son pobres, y el 13,6% son indigentes | CVI NOTICIAS\" \/>\n<meta property=\"og:description\" content=\"Este dato representa una suba de m\u00e1s de 5 puntos en 12 meses. La situaci\u00f3n m\u00e1s cr\u00edtica pareciera estar, seg\u00fan Indec, en la franja de entre 12 y 17 a\u00f1os en la que el 59,4% de los chicos no tienen la canasta b\u00e1sica total cubierta. Tras darse a conocer el \u00edndice de pobreza del primer [&hellip;]\" \/>\n<meta property=\"og:url\" content=\"https:\/\/cvinoticias.com\/v3\/el-indice-mas-doloroso-el-562-de-los-ninos-hasta-14-anos-son-pobres-y-el-136-son-indigentes\/\" \/>\n<meta property=\"og:site_name\" content=\"CVI NOTICIAS\" \/>\n<meta property=\"article:publisher\" content=\"https:\/\/www.facebook.com\/cvinoticias\" \/>\n<meta property=\"article:published_time\" content=\"2023-09-29T10:08:36+00:00\" \/>\n<meta property=\"og:image\" content=\"https:\/\/cvinoticias.com\/wp-content\/uploads\/2023\/09\/Screenshot_20230929_070818_Facebook.jpg\" \/>\n\t<meta property=\"og:image:width\" content=\"1080\" \/>\n\t<meta property=\"og:image:height\" content=\"708\" \/>\n\t<meta property=\"og:image:type\" content=\"image\/jpeg\" \/>\n<meta name=\"author\" content=\"f1000024\" \/>\n<meta name=\"twitter:card\" content=\"summary_large_image\" \/>\n<meta name=\"twitter:label1\" content=\"Escrito por\" \/>\n\t<meta name=\"twitter:data1\" content=\"f1000024\" \/>\n\t<meta name=\"twitter:label2\" content=\"Tiempo de lectura\" \/>\n\t<meta name=\"twitter:data2\" content=\"2 minutos\" \/>\n<script type=\"application\/ld+json\" class=\"yoast-schema-graph\">{\"@context\":\"https:\\\/\\\/schema.org\",\"@graph\":[{\"@type\":\"Article\",\"@id\":\"https:\\\/\\\/cvinoticias.com\\\/v3\\\/el-indice-mas-doloroso-el-562-de-los-ninos-hasta-14-anos-son-pobres-y-el-136-son-indigentes\\\/#article\",\"isPartOf\":{\"@id\":\"https:\\\/\\\/cvinoticias.com\\\/v3\\\/el-indice-mas-doloroso-el-562-de-los-ninos-hasta-14-anos-son-pobres-y-el-136-son-indigentes\\\/\"},\"author\":{\"name\":\"f1000024\",\"@id\":\"https:\\\/\\\/cvinoticias.com\\\/v3\\\/#\\\/schema\\\/person\\\/2db77e3c6bc03c538495d7b2b8be9b66\"},\"headline\":\"El \u00edndice m\u00e1s doloroso: el 56,2% de los ni\u00f1os hasta 14 a\u00f1os son pobres, y el 13,6% son indigentes\",\"datePublished\":\"2023-09-29T10:08:36+00:00\",\"mainEntityOfPage\":{\"@id\":\"https:\\\/\\\/cvinoticias.com\\\/v3\\\/el-indice-mas-doloroso-el-562-de-los-ninos-hasta-14-anos-son-pobres-y-el-136-son-indigentes\\\/\"},\"wordCount\":439,\"commentCount\":0,\"publisher\":{\"@id\":\"https:\\\/\\\/cvinoticias.com\\\/v3\\\/#organization\"},\"image\":{\"@id\":\"https:\\\/\\\/cvinoticias.com\\\/v3\\\/el-indice-mas-doloroso-el-562-de-los-ninos-hasta-14-anos-son-pobres-y-el-136-son-indigentes\\\/#primaryimage\"},\"thumbnailUrl\":\"https:\\\/\\\/cvinoticias.com\\\/wp-content\\\/uploads\\\/2023\\\/09\\\/Screenshot_20230929_070818_Facebook.jpg\",\"articleSection\":[\"Sociedad\"],\"inLanguage\":\"es\",\"potentialAction\":[{\"@type\":\"CommentAction\",\"name\":\"Comment\",\"target\":[\"https:\\\/\\\/cvinoticias.com\\\/v3\\\/el-indice-mas-doloroso-el-562-de-los-ninos-hasta-14-anos-son-pobres-y-el-136-son-indigentes\\\/#respond\"]}]},{\"@type\":\"WebPage\",\"@id\":\"https:\\\/\\\/cvinoticias.com\\\/v3\\\/el-indice-mas-doloroso-el-562-de-los-ninos-hasta-14-anos-son-pobres-y-el-136-son-indigentes\\\/\",\"url\":\"https:\\\/\\\/cvinoticias.com\\\/v3\\\/el-indice-mas-doloroso-el-562-de-los-ninos-hasta-14-anos-son-pobres-y-el-136-son-indigentes\\\/\",\"name\":\"El \u00edndice m\u00e1s doloroso: el 56,2% de los ni\u00f1os hasta 14 a\u00f1os son pobres, y el 13,6% son indigentes | CVI NOTICIAS\",\"isPartOf\":{\"@id\":\"https:\\\/\\\/cvinoticias.com\\\/v3\\\/#website\"},\"primaryImageOfPage\":{\"@id\":\"https:\\\/\\\/cvinoticias.com\\\/v3\\\/el-indice-mas-doloroso-el-562-de-los-ninos-hasta-14-anos-son-pobres-y-el-136-son-indigentes\\\/#primaryimage\"},\"image\":{\"@id\":\"https:\\\/\\\/cvinoticias.com\\\/v3\\\/el-indice-mas-doloroso-el-562-de-los-ninos-hasta-14-anos-son-pobres-y-el-136-son-indigentes\\\/#primaryimage\"},\"thumbnailUrl\":\"https:\\\/\\\/cvinoticias.com\\\/wp-content\\\/uploads\\\/2023\\\/09\\\/Screenshot_20230929_070818_Facebook.jpg\",\"datePublished\":\"2023-09-29T10:08:36+00:00\",\"breadcrumb\":{\"@id\":\"https:\\\/\\\/cvinoticias.com\\\/v3\\\/el-indice-mas-doloroso-el-562-de-los-ninos-hasta-14-anos-son-pobres-y-el-136-son-indigentes\\\/#breadcrumb\"},\"inLanguage\":\"es\",\"potentialAction\":[{\"@type\":\"ReadAction\",\"target\":[\"https:\\\/\\\/cvinoticias.com\\\/v3\\\/el-indice-mas-doloroso-el-562-de-los-ninos-hasta-14-anos-son-pobres-y-el-136-son-indigentes\\\/\"]}]},{\"@type\":\"ImageObject\",\"inLanguage\":\"es\",\"@id\":\"https:\\\/\\\/cvinoticias.com\\\/v3\\\/el-indice-mas-doloroso-el-562-de-los-ninos-hasta-14-anos-son-pobres-y-el-136-son-indigentes\\\/#primaryimage\",\"url\":\"https:\\\/\\\/cvinoticias.com\\\/wp-content\\\/uploads\\\/2023\\\/09\\\/Screenshot_20230929_070818_Facebook.jpg\",\"contentUrl\":\"https:\\\/\\\/cvinoticias.com\\\/wp-content\\\/uploads\\\/2023\\\/09\\\/Screenshot_20230929_070818_Facebook.jpg\",\"width\":1080,\"height\":708},{\"@type\":\"BreadcrumbList\",\"@id\":\"https:\\\/\\\/cvinoticias.com\\\/v3\\\/el-indice-mas-doloroso-el-562-de-los-ninos-hasta-14-anos-son-pobres-y-el-136-son-indigentes\\\/#breadcrumb\",\"itemListElement\":[{\"@type\":\"ListItem\",\"position\":1,\"name\":\"Portada\",\"item\":\"https:\\\/\\\/cvinoticias.com\\\/v3\\\/\"},{\"@type\":\"ListItem\",\"position\":2,\"name\":\"El \u00edndice m\u00e1s doloroso: el 56,2% de los ni\u00f1os hasta 14 a\u00f1os son pobres, y el 13,6% son indigentes\"}]},{\"@type\":\"WebSite\",\"@id\":\"https:\\\/\\\/cvinoticias.com\\\/v3\\\/#website\",\"url\":\"https:\\\/\\\/cvinoticias.com\\\/v3\\\/\",\"name\":\"CVI NOTICIAS\",\"description\":\"\",\"publisher\":{\"@id\":\"https:\\\/\\\/cvinoticias.com\\\/v3\\\/#organization\"},\"alternateName\":\"CVI\",\"potentialAction\":[{\"@type\":\"SearchAction\",\"target\":{\"@type\":\"EntryPoint\",\"urlTemplate\":\"https:\\\/\\\/cvinoticias.com\\\/v3\\\/?s={search_term_string}\"},\"query-input\":{\"@type\":\"PropertyValueSpecification\",\"valueRequired\":true,\"valueName\":\"search_term_string\"}}],\"inLanguage\":\"es\"},{\"@type\":\"Organization\",\"@id\":\"https:\\\/\\\/cvinoticias.com\\\/v3\\\/#organization\",\"name\":\"CVI NOTICIAS\",\"url\":\"https:\\\/\\\/cvinoticias.com\\\/v3\\\/\",\"logo\":{\"@type\":\"ImageObject\",\"inLanguage\":\"es\",\"@id\":\"https:\\\/\\\/cvinoticias.com\\\/v3\\\/#\\\/schema\\\/logo\\\/image\\\/\",\"url\":\"https:\\\/\\\/cvinoticias.com\\\/wp-content\\\/uploads\\\/2023\\\/04\\\/cropped-cropped-cropped-cropped-cropped-3-1.png\",\"contentUrl\":\"https:\\\/\\\/cvinoticias.com\\\/wp-content\\\/uploads\\\/2023\\\/04\\\/cropped-cropped-cropped-cropped-cropped-3-1.png\",\"width\":95,\"height\":122,\"caption\":\"CVI NOTICIAS\"},\"image\":{\"@id\":\"https:\\\/\\\/cvinoticias.com\\\/v3\\\/#\\\/schema\\\/logo\\\/image\\\/\"},\"sameAs\":[\"https:\\\/\\\/www.facebook.com\\\/cvinoticias\",\"https:\\\/\\\/www.instagram.com\\\/cvinoticias\\\/\",\"https:\\\/\\\/www.youtube.com\\\/@CVINOTICIAS\"]},{\"@type\":\"Person\",\"@id\":\"https:\\\/\\\/cvinoticias.com\\\/v3\\\/#\\\/schema\\\/person\\\/2db77e3c6bc03c538495d7b2b8be9b66\",\"name\":\"f1000024\",\"image\":{\"@type\":\"ImageObject\",\"inLanguage\":\"es\",\"@id\":\"https:\\\/\\\/secure.gravatar.com\\\/avatar\\\/d4fe7459cfc51ff5129ce1a732bbef5928568b8092d412ef95611616376bbeed?s=96&d=mm&r=g\",\"url\":\"https:\\\/\\\/secure.gravatar.com\\\/avatar\\\/d4fe7459cfc51ff5129ce1a732bbef5928568b8092d412ef95611616376bbeed?s=96&d=mm&r=g\",\"contentUrl\":\"https:\\\/\\\/secure.gravatar.com\\\/avatar\\\/d4fe7459cfc51ff5129ce1a732bbef5928568b8092d412ef95611616376bbeed?s=96&d=mm&r=g\",\"caption\":\"f1000024\"},\"url\":\"https:\\\/\\\/cvinoticias.com\\\/v3\\\/author\\\/f1000024\\\/\"}]}<\/script>\n<!-- \/ Yoast SEO plugin. -->","yoast_head_json":{"title":"El \u00edndice m\u00e1s doloroso: el 56,2% de los ni\u00f1os hasta 14 a\u00f1os son pobres, y el 13,6% son indigentes | CVI NOTICIAS","robots":{"index":"index","follow":"follow","max-snippet":"max-snippet:-1","max-image-preview":"max-image-preview:large","max-video-preview":"max-video-preview:-1"},"canonical":"https:\/\/cvinoticias.com\/v3\/el-indice-mas-doloroso-el-562-de-los-ninos-hasta-14-anos-son-pobres-y-el-136-son-indigentes\/","og_locale":"es_ES","og_type":"article","og_title":"El \u00edndice m\u00e1s doloroso: el 56,2% de los ni\u00f1os hasta 14 a\u00f1os son pobres, y el 13,6% son indigentes | CVI NOTICIAS","og_description":"Este dato representa una suba de m\u00e1s de 5 puntos en 12 meses. La situaci\u00f3n m\u00e1s cr\u00edtica pareciera estar, seg\u00fan Indec, en la franja de entre 12 y 17 a\u00f1os en la que el 59,4% de los chicos no tienen la canasta b\u00e1sica total cubierta. Tras darse a conocer el \u00edndice de pobreza del primer [&hellip;]","og_url":"https:\/\/cvinoticias.com\/v3\/el-indice-mas-doloroso-el-562-de-los-ninos-hasta-14-anos-son-pobres-y-el-136-son-indigentes\/","og_site_name":"CVI NOTICIAS","article_publisher":"https:\/\/www.facebook.com\/cvinoticias","article_published_time":"2023-09-29T10:08:36+00:00","og_image":[{"width":1080,"height":708,"url":"https:\/\/cvinoticias.com\/wp-content\/uploads\/2023\/09\/Screenshot_20230929_070818_Facebook.jpg","type":"image\/jpeg"}],"author":"f1000024","twitter_card":"summary_large_image","twitter_misc":{"Escrito por":"f1000024","Tiempo de lectura":"2 minutos"},"schema":{"@context":"https:\/\/schema.org","@graph":[{"@type":"Article","@id":"https:\/\/cvinoticias.com\/v3\/el-indice-mas-doloroso-el-562-de-los-ninos-hasta-14-anos-son-pobres-y-el-136-son-indigentes\/#article","isPartOf":{"@id":"https:\/\/cvinoticias.com\/v3\/el-indice-mas-doloroso-el-562-de-los-ninos-hasta-14-anos-son-pobres-y-el-136-son-indigentes\/"},"author":{"name":"f1000024","@id":"https:\/\/cvinoticias.com\/v3\/#\/schema\/person\/2db77e3c6bc03c538495d7b2b8be9b66"},"headline":"El \u00edndice m\u00e1s doloroso: el 56,2% de los ni\u00f1os hasta 14 a\u00f1os son pobres, y el 13,6% son indigentes","datePublished":"2023-09-29T10:08:36+00:00","mainEntityOfPage":{"@id":"https:\/\/cvinoticias.com\/v3\/el-indice-mas-doloroso-el-562-de-los-ninos-hasta-14-anos-son-pobres-y-el-136-son-indigentes\/"},"wordCount":439,"commentCount":0,"publisher":{"@id":"https:\/\/cvinoticias.com\/v3\/#organization"},"image":{"@id":"https:\/\/cvinoticias.com\/v3\/el-indice-mas-doloroso-el-562-de-los-ninos-hasta-14-anos-son-pobres-y-el-136-son-indigentes\/#primaryimage"},"thumbnailUrl":"https:\/\/cvinoticias.com\/wp-content\/uploads\/2023\/09\/Screenshot_20230929_070818_Facebook.jpg","articleSection":["Sociedad"],"inLanguage":"es","potentialAction":[{"@type":"CommentAction","name":"Comment","target":["https:\/\/cvinoticias.com\/v3\/el-indice-mas-doloroso-el-562-de-los-ninos-hasta-14-anos-son-pobres-y-el-136-son-indigentes\/#respond"]}]},{"@type":"WebPage","@id":"https:\/\/cvinoticias.com\/v3\/el-indice-mas-doloroso-el-562-de-los-ninos-hasta-14-anos-son-pobres-y-el-136-son-indigentes\/","url":"https:\/\/cvinoticias.com\/v3\/el-indice-mas-doloroso-el-562-de-los-ninos-hasta-14-anos-son-pobres-y-el-136-son-indigentes\/","name":"El \u00edndice m\u00e1s doloroso: el 56,2% de los ni\u00f1os hasta 14 a\u00f1os son pobres, y el 13,6% son indigentes | CVI NOTICIAS","isPartOf":{"@id":"https:\/\/cvinoticias.com\/v3\/#website"},"primaryImageOfPage":{"@id":"https:\/\/cvinoticias.com\/v3\/el-indice-mas-doloroso-el-562-de-los-ninos-hasta-14-anos-son-pobres-y-el-136-son-indigentes\/#primaryimage"},"image":{"@id":"https:\/\/cvinoticias.com\/v3\/el-indice-mas-doloroso-el-562-de-los-ninos-hasta-14-anos-son-pobres-y-el-136-son-indigentes\/#primaryimage"},"thumbnailUrl":"https:\/\/cvinoticias.com\/wp-content\/uploads\/2023\/09\/Screenshot_20230929_070818_Facebook.jpg","datePublished":"2023-09-29T10:08:36+00:00","breadcrumb":{"@id":"https:\/\/cvinoticias.com\/v3\/el-indice-mas-doloroso-el-562-de-los-ninos-hasta-14-anos-son-pobres-y-el-136-son-indigentes\/#breadcrumb"},"inLanguage":"es","potentialAction":[{"@type":"ReadAction","target":["https:\/\/cvinoticias.com\/v3\/el-indice-mas-doloroso-el-562-de-los-ninos-hasta-14-anos-son-pobres-y-el-136-son-indigentes\/"]}]},{"@type":"ImageObject","inLanguage":"es","@id":"https:\/\/cvinoticias.com\/v3\/el-indice-mas-doloroso-el-562-de-los-ninos-hasta-14-anos-son-pobres-y-el-136-son-indigentes\/#primaryimage","url":"https:\/\/cvinoticias.com\/wp-content\/uploads\/2023\/09\/Screenshot_20230929_070818_Facebook.jpg","contentUrl":"https:\/\/cvinoticias.com\/wp-content\/uploads\/2023\/09\/Screenshot_20230929_070818_Facebook.jpg","width":1080,"height":708},{"@type":"BreadcrumbList","@id":"https:\/\/cvinoticias.com\/v3\/el-indice-mas-doloroso-el-562-de-los-ninos-hasta-14-anos-son-pobres-y-el-136-son-indigentes\/#breadcrumb","itemListElement":[{"@type":"ListItem","position":1,"name":"Portada","item":"https:\/\/cvinoticias.com\/v3\/"},{"@type":"ListItem","position":2,"name":"El \u00edndice m\u00e1s doloroso: el 56,2% de los ni\u00f1os hasta 14 a\u00f1os son pobres, y el 13,6% son indigentes"}]},{"@type":"WebSite","@id":"https:\/\/cvinoticias.com\/v3\/#website","url":"https:\/\/cvinoticias.com\/v3\/","name":"CVI NOTICIAS","description":"","publisher":{"@id":"https:\/\/cvinoticias.com\/v3\/#organization"},"alternateName":"CVI","potentialAction":[{"@type":"SearchAction","target":{"@type":"EntryPoint","urlTemplate":"https:\/\/cvinoticias.com\/v3\/?s={search_term_string}"},"query-input":{"@type":"PropertyValueSpecification","valueRequired":true,"valueName":"search_term_string"}}],"inLanguage":"es"},{"@type":"Organization","@id":"https:\/\/cvinoticias.com\/v3\/#organization","name":"CVI NOTICIAS","url":"https:\/\/cvinoticias.com\/v3\/","logo":{"@type":"ImageObject","inLanguage":"es","@id":"https:\/\/cvinoticias.com\/v3\/#\/schema\/logo\/image\/","url":"https:\/\/cvinoticias.com\/wp-content\/uploads\/2023\/04\/cropped-cropped-cropped-cropped-cropped-3-1.png","contentUrl":"https:\/\/cvinoticias.com\/wp-content\/uploads\/2023\/04\/cropped-cropped-cropped-cropped-cropped-3-1.png","width":95,"height":122,"caption":"CVI NOTICIAS"},"image":{"@id":"https:\/\/cvinoticias.com\/v3\/#\/schema\/logo\/image\/"},"sameAs":["https:\/\/www.facebook.com\/cvinoticias","https:\/\/www.instagram.com\/cvinoticias\/","https:\/\/www.youtube.com\/@CVINOTICIAS"]},{"@type":"Person","@id":"https:\/\/cvinoticias.com\/v3\/#\/schema\/person\/2db77e3c6bc03c538495d7b2b8be9b66","name":"f1000024","image":{"@type":"ImageObject","inLanguage":"es","@id":"https:\/\/secure.gravatar.com\/avatar\/d4fe7459cfc51ff5129ce1a732bbef5928568b8092d412ef95611616376bbeed?s=96&d=mm&r=g","url":"https:\/\/secure.gravatar.com\/avatar\/d4fe7459cfc51ff5129ce1a732bbef5928568b8092d412ef95611616376bbeed?s=96&d=mm&r=g","contentUrl":"https:\/\/secure.gravatar.com\/avatar\/d4fe7459cfc51ff5129ce1a732bbef5928568b8092d412ef95611616376bbeed?s=96&d=mm&r=g","caption":"f1000024"},"url":"https:\/\/cvinoticias.com\/v3\/author\/f1000024\/"}]}},"_links":{"self":[{"href":"https:\/\/cvinoticias.com\/v3\/wp-json\/wp\/v2\/posts\/28406","targetHints":{"allow":["GET"]}}],"collection":[{"href":"https:\/\/cvinoticias.com\/v3\/wp-json\/wp\/v2\/posts"}],"about":[{"href":"https:\/\/cvinoticias.com\/v3\/wp-json\/wp\/v2\/types\/post"}],"author":[{"embeddable":true,"href":"https:\/\/cvinoticias.com\/v3\/wp-json\/wp\/v2\/users\/2"}],"replies":[{"embeddable":true,"href":"https:\/\/cvinoticias.com\/v3\/wp-json\/wp\/v2\/comments?post=28406"}],"version-history":[{"count":1,"href":"https:\/\/cvinoticias.com\/v3\/wp-json\/wp\/v2\/posts\/28406\/revisions"}],"predecessor-version":[{"id":28408,"href":"https:\/\/cvinoticias.com\/v3\/wp-json\/wp\/v2\/posts\/28406\/revisions\/28408"}],"wp:featuredmedia":[{"embeddable":true,"href":"https:\/\/cvinoticias.com\/v3\/wp-json\/wp\/v2\/media\/28407"}],"wp:attachment":[{"href":"https:\/\/cvinoticias.com\/v3\/wp-json\/wp\/v2\/media?parent=28406"}],"wp:term":[{"taxonomy":"category","embeddable":true,"href":"https:\/\/cvinoticias.com\/v3\/wp-json\/wp\/v2\/categories?post=28406"},{"taxonomy":"post_tag","embeddable":true,"href":"https:\/\/cvinoticias.com\/v3\/wp-json\/wp\/v2\/tags?post=28406"}],"curies":[{"name":"wp","href":"https:\/\/api.w.org\/{rel}","templated":true}]}}