{"id":28397,"date":"2023-09-29T08:56:03","date_gmt":"2023-09-29T08:56:03","guid":{"rendered":"https:\/\/cvinoticias.com\/v3\/?p=28397"},"modified":"2023-09-29T08:56:03","modified_gmt":"2023-09-29T08:56:03","slug":"ya-accedieron-al-refuerzo-de-47-000-mas-de-250-000-trabajadores-informales","status":"publish","type":"post","link":"https:\/\/cvinoticias.com\/v3\/ya-accedieron-al-refuerzo-de-47-000-mas-de-250-000-trabajadores-informales\/","title":{"rendered":"Ya accedieron al refuerzo de $47.000 m\u00e1s de 250.000 trabajadores informales"},"content":{"rendered":"\n<p><strong><em>La inscripci\u00f3n se encuentra disponible todos los d\u00edas de 14 a 22, y permanecer\u00e1 abierta durante todo octubre, a trav\u00e9s de la web o de la aplicaci\u00f3n de la Anses.<\/em><\/strong><\/p>\n\n\n\n<p>M\u00e1s de 250.000 personas ya accedieron al refuerzo de ingresos para trabajadores informales desde que abri\u00f3 este mi\u00e9rcoles la inscripci\u00f3n a la asistencia, inform\u00f3 la Administraci\u00f3n Nacional de la Seguridad Social (Anses).<\/p>\n\n\n\n<p>La medida fue anunciada el martes pasado por el ministro de Econom\u00eda, Sergio Massa, y la directora ejecutiva del organismo, Fernanda Raverta.<\/p>\n\n\n\n<p>El refuerzo implica un pago de $47.000 en octubre y otro del mismo valor en noviembre, y ser\u00e1 compensado a trav\u00e9s del cobro de un anticipo extraordinario de Ganancias a grandes contribuyentes, detall\u00f3 la Anses en un comunicado.<\/p>\n\n\n\n<p>La inscripci\u00f3n se encuentra disponible todos los d\u00edas de 14 a 22 ,y permanecer\u00e1 abierta durante todo octubre y podr\u00e1 realizarse exclusivamente a trav\u00e9s de la web del organismo (www.anses.gob.ar) o de la aplicaci\u00f3n Mi ANSES.<\/p>\n\n\n\n<p><strong>Qui\u00e9nes pueden acceder<\/strong><\/p>\n\n\n\n<p>Las condiciones para acceder a este refuerzo de ingresos son: ser trabajadores y trabajadoras informales de entre 18 y 64 a\u00f1os, y no contar con ingresos registrados ni ser titular de ning\u00fan tipo de asistencia econ\u00f3mica del Estado, como la Asignaci\u00f3n Universal por Hijo (AUH), las becas Progresar o el Potenciar Trabajo.<\/p>\n\n\n\n<p>En este sentido, la Anses record\u00f3 que para acceder a este refuerzo de ingresos no deber\u00e1n tener: trabajo registrado (relaci\u00f3n de dependencia, aut\u00f3nomos, monotributo, monotributo social y casas particulares).<\/p>\n\n\n\n<p>Jubilaci\u00f3n o pensi\u00f3n; AUH, Asignaci\u00f3n Universal por Embarazo (AUE), Asignaciones familiares o Progresar; Planes sociales (por ejemplo, Potenciar Trabajo); Prestaci\u00f3n por desempleo.<\/p>\n\n\n\n<p>El organismo previsional adem\u00e1s remarc\u00f3 que realizar\u00e1 una evaluaci\u00f3n socioecon\u00f3mica y patrimonial (consumo, bienes, cobertura de salud, etc.) de los solicitantes.<\/p>\n\n\n\n<p>Asimismo, recalc\u00f3 que este refuerzo es exclusivamente para aquellas personas que no fueron alcanzadas por ninguna de las medidas de acompa\u00f1amiento otorgadas en las \u00faltimas semanas para trabajadores en relaci\u00f3n de dependencia del sector p\u00fablico y privado, jubilados y pensionados, madres de la AUH y AUE, titulares de las becas Progresar, Potenciar Trabajo, titulares de prestaci\u00f3n por Desempleo, trabajadoras de casas particulares, trabajadores monotributistas, y trabajadores aut\u00f3nomos.<\/p>\n","protected":false},"excerpt":{"rendered":"<p>La inscripci\u00f3n se encuentra disponible todos los d\u00edas de 14 a 22, y permanecer\u00e1 abierta durante todo octubre, a trav\u00e9s de la web o de la aplicaci\u00f3n de la Anses. M\u00e1s de 250.000 personas ya accedieron al refuerzo de ingresos para trabajadores informales desde que abri\u00f3 este mi\u00e9rcoles la inscripci\u00f3n a la asistencia, inform\u00f3 la [&hellip;]<\/p>\n","protected":false},"author":2,"featured_media":28398,"comment_status":"open","ping_status":"open","sticky":false,"template":"","format":"standard","meta":{"footnotes":""},"categories":[35],"tags":[],"class_list":["post-28397","post","type-post","status-publish","format-standard","has-post-thumbnail","hentry","category-informacion-general"],"yoast_head":"<!-- This site is optimized with the Yoast SEO plugin v27.5 - https:\/\/yoast.com\/product\/yoast-seo-wordpress\/ -->\n<title>Ya accedieron al refuerzo de $47.000 m\u00e1s de 250.000 trabajadores informales | CVI NOTICIAS<\/title>\n<meta name=\"robots\" content=\"index, follow, max-snippet:-1, max-image-preview:large, max-video-preview:-1\" \/>\n<link rel=\"canonical\" href=\"https:\/\/cvinoticias.com\/v3\/ya-accedieron-al-refuerzo-de-47-000-mas-de-250-000-trabajadores-informales\/\" \/>\n<meta property=\"og:locale\" content=\"es_ES\" \/>\n<meta property=\"og:type\" content=\"article\" \/>\n<meta property=\"og:title\" content=\"Ya accedieron al refuerzo de $47.000 m\u00e1s de 250.000 trabajadores informales | CVI NOTICIAS\" \/>\n<meta property=\"og:description\" content=\"La inscripci\u00f3n se encuentra disponible todos los d\u00edas de 14 a 22, y permanecer\u00e1 abierta durante todo octubre, a trav\u00e9s de la web o de la aplicaci\u00f3n de la Anses. M\u00e1s de 250.000 personas ya accedieron al refuerzo de ingresos para trabajadores informales desde que abri\u00f3 este mi\u00e9rcoles la inscripci\u00f3n a la asistencia, inform\u00f3 la [&hellip;]\" \/>\n<meta property=\"og:url\" content=\"https:\/\/cvinoticias.com\/v3\/ya-accedieron-al-refuerzo-de-47-000-mas-de-250-000-trabajadores-informales\/\" \/>\n<meta property=\"og:site_name\" content=\"CVI NOTICIAS\" \/>\n<meta property=\"article:publisher\" content=\"https:\/\/www.facebook.com\/cvinoticias\" \/>\n<meta property=\"article:published_time\" content=\"2023-09-29T08:56:03+00:00\" \/>\n<meta property=\"og:image\" content=\"https:\/\/cvinoticias.com\/wp-content\/uploads\/2023\/09\/IMG-20230928-WA0388.jpg\" \/>\n\t<meta property=\"og:image:width\" content=\"1600\" \/>\n\t<meta property=\"og:image:height\" content=\"900\" \/>\n\t<meta property=\"og:image:type\" content=\"image\/jpeg\" \/>\n<meta name=\"author\" content=\"f1000024\" \/>\n<meta name=\"twitter:card\" content=\"summary_large_image\" \/>\n<meta name=\"twitter:label1\" content=\"Escrito por\" \/>\n\t<meta name=\"twitter:data1\" content=\"f1000024\" \/>\n\t<meta name=\"twitter:label2\" content=\"Tiempo de lectura\" \/>\n\t<meta name=\"twitter:data2\" content=\"2 minutos\" \/>\n<script type=\"application\/ld+json\" class=\"yoast-schema-graph\">{\"@context\":\"https:\\\/\\\/schema.org\",\"@graph\":[{\"@type\":\"Article\",\"@id\":\"https:\\\/\\\/cvinoticias.com\\\/v3\\\/ya-accedieron-al-refuerzo-de-47-000-mas-de-250-000-trabajadores-informales\\\/#article\",\"isPartOf\":{\"@id\":\"https:\\\/\\\/cvinoticias.com\\\/v3\\\/ya-accedieron-al-refuerzo-de-47-000-mas-de-250-000-trabajadores-informales\\\/\"},\"author\":{\"name\":\"f1000024\",\"@id\":\"https:\\\/\\\/cvinoticias.com\\\/v3\\\/#\\\/schema\\\/person\\\/2db77e3c6bc03c538495d7b2b8be9b66\"},\"headline\":\"Ya accedieron al refuerzo de $47.000 m\u00e1s de 250.000 trabajadores informales\",\"datePublished\":\"2023-09-29T08:56:03+00:00\",\"mainEntityOfPage\":{\"@id\":\"https:\\\/\\\/cvinoticias.com\\\/v3\\\/ya-accedieron-al-refuerzo-de-47-000-mas-de-250-000-trabajadores-informales\\\/\"},\"wordCount\":391,\"commentCount\":0,\"publisher\":{\"@id\":\"https:\\\/\\\/cvinoticias.com\\\/v3\\\/#organization\"},\"image\":{\"@id\":\"https:\\\/\\\/cvinoticias.com\\\/v3\\\/ya-accedieron-al-refuerzo-de-47-000-mas-de-250-000-trabajadores-informales\\\/#primaryimage\"},\"thumbnailUrl\":\"https:\\\/\\\/cvinoticias.com\\\/wp-content\\\/uploads\\\/2023\\\/09\\\/IMG-20230928-WA0388.jpg\",\"articleSection\":[\"Informaci\u00f3n General\"],\"inLanguage\":\"es\",\"potentialAction\":[{\"@type\":\"CommentAction\",\"name\":\"Comment\",\"target\":[\"https:\\\/\\\/cvinoticias.com\\\/v3\\\/ya-accedieron-al-refuerzo-de-47-000-mas-de-250-000-trabajadores-informales\\\/#respond\"]}]},{\"@type\":\"WebPage\",\"@id\":\"https:\\\/\\\/cvinoticias.com\\\/v3\\\/ya-accedieron-al-refuerzo-de-47-000-mas-de-250-000-trabajadores-informales\\\/\",\"url\":\"https:\\\/\\\/cvinoticias.com\\\/v3\\\/ya-accedieron-al-refuerzo-de-47-000-mas-de-250-000-trabajadores-informales\\\/\",\"name\":\"Ya accedieron al refuerzo de $47.000 m\u00e1s de 250.000 trabajadores informales | CVI NOTICIAS\",\"isPartOf\":{\"@id\":\"https:\\\/\\\/cvinoticias.com\\\/v3\\\/#website\"},\"primaryImageOfPage\":{\"@id\":\"https:\\\/\\\/cvinoticias.com\\\/v3\\\/ya-accedieron-al-refuerzo-de-47-000-mas-de-250-000-trabajadores-informales\\\/#primaryimage\"},\"image\":{\"@id\":\"https:\\\/\\\/cvinoticias.com\\\/v3\\\/ya-accedieron-al-refuerzo-de-47-000-mas-de-250-000-trabajadores-informales\\\/#primaryimage\"},\"thumbnailUrl\":\"https:\\\/\\\/cvinoticias.com\\\/wp-content\\\/uploads\\\/2023\\\/09\\\/IMG-20230928-WA0388.jpg\",\"datePublished\":\"2023-09-29T08:56:03+00:00\",\"breadcrumb\":{\"@id\":\"https:\\\/\\\/cvinoticias.com\\\/v3\\\/ya-accedieron-al-refuerzo-de-47-000-mas-de-250-000-trabajadores-informales\\\/#breadcrumb\"},\"inLanguage\":\"es\",\"potentialAction\":[{\"@type\":\"ReadAction\",\"target\":[\"https:\\\/\\\/cvinoticias.com\\\/v3\\\/ya-accedieron-al-refuerzo-de-47-000-mas-de-250-000-trabajadores-informales\\\/\"]}]},{\"@type\":\"ImageObject\",\"inLanguage\":\"es\",\"@id\":\"https:\\\/\\\/cvinoticias.com\\\/v3\\\/ya-accedieron-al-refuerzo-de-47-000-mas-de-250-000-trabajadores-informales\\\/#primaryimage\",\"url\":\"https:\\\/\\\/cvinoticias.com\\\/wp-content\\\/uploads\\\/2023\\\/09\\\/IMG-20230928-WA0388.jpg\",\"contentUrl\":\"https:\\\/\\\/cvinoticias.com\\\/wp-content\\\/uploads\\\/2023\\\/09\\\/IMG-20230928-WA0388.jpg\",\"width\":1600,\"height\":900},{\"@type\":\"BreadcrumbList\",\"@id\":\"https:\\\/\\\/cvinoticias.com\\\/v3\\\/ya-accedieron-al-refuerzo-de-47-000-mas-de-250-000-trabajadores-informales\\\/#breadcrumb\",\"itemListElement\":[{\"@type\":\"ListItem\",\"position\":1,\"name\":\"Portada\",\"item\":\"https:\\\/\\\/cvinoticias.com\\\/v3\\\/\"},{\"@type\":\"ListItem\",\"position\":2,\"name\":\"Ya accedieron al refuerzo de $47.000 m\u00e1s de 250.000 trabajadores informales\"}]},{\"@type\":\"WebSite\",\"@id\":\"https:\\\/\\\/cvinoticias.com\\\/v3\\\/#website\",\"url\":\"https:\\\/\\\/cvinoticias.com\\\/v3\\\/\",\"name\":\"CVI NOTICIAS\",\"description\":\"\",\"publisher\":{\"@id\":\"https:\\\/\\\/cvinoticias.com\\\/v3\\\/#organization\"},\"alternateName\":\"CVI\",\"potentialAction\":[{\"@type\":\"SearchAction\",\"target\":{\"@type\":\"EntryPoint\",\"urlTemplate\":\"https:\\\/\\\/cvinoticias.com\\\/v3\\\/?s={search_term_string}\"},\"query-input\":{\"@type\":\"PropertyValueSpecification\",\"valueRequired\":true,\"valueName\":\"search_term_string\"}}],\"inLanguage\":\"es\"},{\"@type\":\"Organization\",\"@id\":\"https:\\\/\\\/cvinoticias.com\\\/v3\\\/#organization\",\"name\":\"CVI NOTICIAS\",\"url\":\"https:\\\/\\\/cvinoticias.com\\\/v3\\\/\",\"logo\":{\"@type\":\"ImageObject\",\"inLanguage\":\"es\",\"@id\":\"https:\\\/\\\/cvinoticias.com\\\/v3\\\/#\\\/schema\\\/logo\\\/image\\\/\",\"url\":\"https:\\\/\\\/cvinoticias.com\\\/wp-content\\\/uploads\\\/2023\\\/04\\\/cropped-cropped-cropped-cropped-cropped-3-1.png\",\"contentUrl\":\"https:\\\/\\\/cvinoticias.com\\\/wp-content\\\/uploads\\\/2023\\\/04\\\/cropped-cropped-cropped-cropped-cropped-3-1.png\",\"width\":95,\"height\":122,\"caption\":\"CVI NOTICIAS\"},\"image\":{\"@id\":\"https:\\\/\\\/cvinoticias.com\\\/v3\\\/#\\\/schema\\\/logo\\\/image\\\/\"},\"sameAs\":[\"https:\\\/\\\/www.facebook.com\\\/cvinoticias\",\"https:\\\/\\\/www.instagram.com\\\/cvinoticias\\\/\",\"https:\\\/\\\/www.youtube.com\\\/@CVINOTICIAS\"]},{\"@type\":\"Person\",\"@id\":\"https:\\\/\\\/cvinoticias.com\\\/v3\\\/#\\\/schema\\\/person\\\/2db77e3c6bc03c538495d7b2b8be9b66\",\"name\":\"f1000024\",\"image\":{\"@type\":\"ImageObject\",\"inLanguage\":\"es\",\"@id\":\"https:\\\/\\\/secure.gravatar.com\\\/avatar\\\/d4fe7459cfc51ff5129ce1a732bbef5928568b8092d412ef95611616376bbeed?s=96&d=mm&r=g\",\"url\":\"https:\\\/\\\/secure.gravatar.com\\\/avatar\\\/d4fe7459cfc51ff5129ce1a732bbef5928568b8092d412ef95611616376bbeed?s=96&d=mm&r=g\",\"contentUrl\":\"https:\\\/\\\/secure.gravatar.com\\\/avatar\\\/d4fe7459cfc51ff5129ce1a732bbef5928568b8092d412ef95611616376bbeed?s=96&d=mm&r=g\",\"caption\":\"f1000024\"},\"url\":\"https:\\\/\\\/cvinoticias.com\\\/v3\\\/author\\\/f1000024\\\/\"}]}<\/script>\n<!-- \/ Yoast SEO plugin. -->","yoast_head_json":{"title":"Ya accedieron al refuerzo de $47.000 m\u00e1s de 250.000 trabajadores informales | CVI NOTICIAS","robots":{"index":"index","follow":"follow","max-snippet":"max-snippet:-1","max-image-preview":"max-image-preview:large","max-video-preview":"max-video-preview:-1"},"canonical":"https:\/\/cvinoticias.com\/v3\/ya-accedieron-al-refuerzo-de-47-000-mas-de-250-000-trabajadores-informales\/","og_locale":"es_ES","og_type":"article","og_title":"Ya accedieron al refuerzo de $47.000 m\u00e1s de 250.000 trabajadores informales | CVI NOTICIAS","og_description":"La inscripci\u00f3n se encuentra disponible todos los d\u00edas de 14 a 22, y permanecer\u00e1 abierta durante todo octubre, a trav\u00e9s de la web o de la aplicaci\u00f3n de la Anses. M\u00e1s de 250.000 personas ya accedieron al refuerzo de ingresos para trabajadores informales desde que abri\u00f3 este mi\u00e9rcoles la inscripci\u00f3n a la asistencia, inform\u00f3 la [&hellip;]","og_url":"https:\/\/cvinoticias.com\/v3\/ya-accedieron-al-refuerzo-de-47-000-mas-de-250-000-trabajadores-informales\/","og_site_name":"CVI NOTICIAS","article_publisher":"https:\/\/www.facebook.com\/cvinoticias","article_published_time":"2023-09-29T08:56:03+00:00","og_image":[{"width":1600,"height":900,"url":"https:\/\/cvinoticias.com\/wp-content\/uploads\/2023\/09\/IMG-20230928-WA0388.jpg","type":"image\/jpeg"}],"author":"f1000024","twitter_card":"summary_large_image","twitter_misc":{"Escrito por":"f1000024","Tiempo de lectura":"2 minutos"},"schema":{"@context":"https:\/\/schema.org","@graph":[{"@type":"Article","@id":"https:\/\/cvinoticias.com\/v3\/ya-accedieron-al-refuerzo-de-47-000-mas-de-250-000-trabajadores-informales\/#article","isPartOf":{"@id":"https:\/\/cvinoticias.com\/v3\/ya-accedieron-al-refuerzo-de-47-000-mas-de-250-000-trabajadores-informales\/"},"author":{"name":"f1000024","@id":"https:\/\/cvinoticias.com\/v3\/#\/schema\/person\/2db77e3c6bc03c538495d7b2b8be9b66"},"headline":"Ya accedieron al refuerzo de $47.000 m\u00e1s de 250.000 trabajadores informales","datePublished":"2023-09-29T08:56:03+00:00","mainEntityOfPage":{"@id":"https:\/\/cvinoticias.com\/v3\/ya-accedieron-al-refuerzo-de-47-000-mas-de-250-000-trabajadores-informales\/"},"wordCount":391,"commentCount":0,"publisher":{"@id":"https:\/\/cvinoticias.com\/v3\/#organization"},"image":{"@id":"https:\/\/cvinoticias.com\/v3\/ya-accedieron-al-refuerzo-de-47-000-mas-de-250-000-trabajadores-informales\/#primaryimage"},"thumbnailUrl":"https:\/\/cvinoticias.com\/wp-content\/uploads\/2023\/09\/IMG-20230928-WA0388.jpg","articleSection":["Informaci\u00f3n General"],"inLanguage":"es","potentialAction":[{"@type":"CommentAction","name":"Comment","target":["https:\/\/cvinoticias.com\/v3\/ya-accedieron-al-refuerzo-de-47-000-mas-de-250-000-trabajadores-informales\/#respond"]}]},{"@type":"WebPage","@id":"https:\/\/cvinoticias.com\/v3\/ya-accedieron-al-refuerzo-de-47-000-mas-de-250-000-trabajadores-informales\/","url":"https:\/\/cvinoticias.com\/v3\/ya-accedieron-al-refuerzo-de-47-000-mas-de-250-000-trabajadores-informales\/","name":"Ya accedieron al refuerzo de $47.000 m\u00e1s de 250.000 trabajadores informales | CVI NOTICIAS","isPartOf":{"@id":"https:\/\/cvinoticias.com\/v3\/#website"},"primaryImageOfPage":{"@id":"https:\/\/cvinoticias.com\/v3\/ya-accedieron-al-refuerzo-de-47-000-mas-de-250-000-trabajadores-informales\/#primaryimage"},"image":{"@id":"https:\/\/cvinoticias.com\/v3\/ya-accedieron-al-refuerzo-de-47-000-mas-de-250-000-trabajadores-informales\/#primaryimage"},"thumbnailUrl":"https:\/\/cvinoticias.com\/wp-content\/uploads\/2023\/09\/IMG-20230928-WA0388.jpg","datePublished":"2023-09-29T08:56:03+00:00","breadcrumb":{"@id":"https:\/\/cvinoticias.com\/v3\/ya-accedieron-al-refuerzo-de-47-000-mas-de-250-000-trabajadores-informales\/#breadcrumb"},"inLanguage":"es","potentialAction":[{"@type":"ReadAction","target":["https:\/\/cvinoticias.com\/v3\/ya-accedieron-al-refuerzo-de-47-000-mas-de-250-000-trabajadores-informales\/"]}]},{"@type":"ImageObject","inLanguage":"es","@id":"https:\/\/cvinoticias.com\/v3\/ya-accedieron-al-refuerzo-de-47-000-mas-de-250-000-trabajadores-informales\/#primaryimage","url":"https:\/\/cvinoticias.com\/wp-content\/uploads\/2023\/09\/IMG-20230928-WA0388.jpg","contentUrl":"https:\/\/cvinoticias.com\/wp-content\/uploads\/2023\/09\/IMG-20230928-WA0388.jpg","width":1600,"height":900},{"@type":"BreadcrumbList","@id":"https:\/\/cvinoticias.com\/v3\/ya-accedieron-al-refuerzo-de-47-000-mas-de-250-000-trabajadores-informales\/#breadcrumb","itemListElement":[{"@type":"ListItem","position":1,"name":"Portada","item":"https:\/\/cvinoticias.com\/v3\/"},{"@type":"ListItem","position":2,"name":"Ya accedieron al refuerzo de $47.000 m\u00e1s de 250.000 trabajadores informales"}]},{"@type":"WebSite","@id":"https:\/\/cvinoticias.com\/v3\/#website","url":"https:\/\/cvinoticias.com\/v3\/","name":"CVI NOTICIAS","description":"","publisher":{"@id":"https:\/\/cvinoticias.com\/v3\/#organization"},"alternateName":"CVI","potentialAction":[{"@type":"SearchAction","target":{"@type":"EntryPoint","urlTemplate":"https:\/\/cvinoticias.com\/v3\/?s={search_term_string}"},"query-input":{"@type":"PropertyValueSpecification","valueRequired":true,"valueName":"search_term_string"}}],"inLanguage":"es"},{"@type":"Organization","@id":"https:\/\/cvinoticias.com\/v3\/#organization","name":"CVI NOTICIAS","url":"https:\/\/cvinoticias.com\/v3\/","logo":{"@type":"ImageObject","inLanguage":"es","@id":"https:\/\/cvinoticias.com\/v3\/#\/schema\/logo\/image\/","url":"https:\/\/cvinoticias.com\/wp-content\/uploads\/2023\/04\/cropped-cropped-cropped-cropped-cropped-3-1.png","contentUrl":"https:\/\/cvinoticias.com\/wp-content\/uploads\/2023\/04\/cropped-cropped-cropped-cropped-cropped-3-1.png","width":95,"height":122,"caption":"CVI NOTICIAS"},"image":{"@id":"https:\/\/cvinoticias.com\/v3\/#\/schema\/logo\/image\/"},"sameAs":["https:\/\/www.facebook.com\/cvinoticias","https:\/\/www.instagram.com\/cvinoticias\/","https:\/\/www.youtube.com\/@CVINOTICIAS"]},{"@type":"Person","@id":"https:\/\/cvinoticias.com\/v3\/#\/schema\/person\/2db77e3c6bc03c538495d7b2b8be9b66","name":"f1000024","image":{"@type":"ImageObject","inLanguage":"es","@id":"https:\/\/secure.gravatar.com\/avatar\/d4fe7459cfc51ff5129ce1a732bbef5928568b8092d412ef95611616376bbeed?s=96&d=mm&r=g","url":"https:\/\/secure.gravatar.com\/avatar\/d4fe7459cfc51ff5129ce1a732bbef5928568b8092d412ef95611616376bbeed?s=96&d=mm&r=g","contentUrl":"https:\/\/secure.gravatar.com\/avatar\/d4fe7459cfc51ff5129ce1a732bbef5928568b8092d412ef95611616376bbeed?s=96&d=mm&r=g","caption":"f1000024"},"url":"https:\/\/cvinoticias.com\/v3\/author\/f1000024\/"}]}},"_links":{"self":[{"href":"https:\/\/cvinoticias.com\/v3\/wp-json\/wp\/v2\/posts\/28397","targetHints":{"allow":["GET"]}}],"collection":[{"href":"https:\/\/cvinoticias.com\/v3\/wp-json\/wp\/v2\/posts"}],"about":[{"href":"https:\/\/cvinoticias.com\/v3\/wp-json\/wp\/v2\/types\/post"}],"author":[{"embeddable":true,"href":"https:\/\/cvinoticias.com\/v3\/wp-json\/wp\/v2\/users\/2"}],"replies":[{"embeddable":true,"href":"https:\/\/cvinoticias.com\/v3\/wp-json\/wp\/v2\/comments?post=28397"}],"version-history":[{"count":1,"href":"https:\/\/cvinoticias.com\/v3\/wp-json\/wp\/v2\/posts\/28397\/revisions"}],"predecessor-version":[{"id":28399,"href":"https:\/\/cvinoticias.com\/v3\/wp-json\/wp\/v2\/posts\/28397\/revisions\/28399"}],"wp:featuredmedia":[{"embeddable":true,"href":"https:\/\/cvinoticias.com\/v3\/wp-json\/wp\/v2\/media\/28398"}],"wp:attachment":[{"href":"https:\/\/cvinoticias.com\/v3\/wp-json\/wp\/v2\/media?parent=28397"}],"wp:term":[{"taxonomy":"category","embeddable":true,"href":"https:\/\/cvinoticias.com\/v3\/wp-json\/wp\/v2\/categories?post=28397"},{"taxonomy":"post_tag","embeddable":true,"href":"https:\/\/cvinoticias.com\/v3\/wp-json\/wp\/v2\/tags?post=28397"}],"curies":[{"name":"wp","href":"https:\/\/api.w.org\/{rel}","templated":true}]}}