{"id":28387,"date":"2023-09-28T12:05:24","date_gmt":"2023-09-28T12:05:24","guid":{"rendered":"https:\/\/cvinoticias.com\/v3\/?p=28387"},"modified":"2023-09-28T12:05:24","modified_gmt":"2023-09-28T12:05:24","slug":"misiones-exporta-conocimiento-cordoba-se-interesa-por-biofabrica-y-firman-convenios","status":"publish","type":"post","link":"https:\/\/cvinoticias.com\/v3\/misiones-exporta-conocimiento-cordoba-se-interesa-por-biofabrica-y-firman-convenios\/","title":{"rendered":"Misiones exporta conocimiento: C\u00f3rdoba se interesa por Biof\u00e1brica y firman convenios"},"content":{"rendered":"\n<p><strong><em>En Villa Mar\u00eda se firmaron dos acuerdos de cooperaci\u00f3n entre ambas provincias. Uno de ellos fue suscripto entre Biof\u00e1brica Misiones y el Ministerio de Industria, Comercio y Miner\u00eda cordob\u00e9s, y el otro, entre la Silicon Misiones y la Universidad Tecnol\u00f3gica Nacional, Facultad Regional Villa Mar\u00eda. El objetivo es articular acciones para el impulso de la innovaci\u00f3n tecnol\u00f3gica y el talento humano.<\/em><\/strong><\/p>\n\n\n\n<p>Eduardo Accastello, ministro de Industria, Comercio y Miner\u00eda de C\u00f3rdoba, presidi\u00f3 el acto de firma de convenios de vinculaci\u00f3n con dos instituciones del Gobierno de Misiones, con el objetivo de coordinar esfuerzos y llevar adelante acciones de cooperaci\u00f3n de acuerdo con las posibilidades y la experiencia de instituciones misioneras que redunden en beneficio de la comunidad.<\/p>\n\n\n\n<p>El primero de los acuerdos fue suscripto entre el Ministerio de Industria, Comercio y Miner\u00eda de la provincia de C\u00f3rdoba y Biof\u00e1brica Misiones S.A: mientras que el segundo, tuvo lugar entre la Universidad Tecnol\u00f3gica Nacional, Facultad Regional Villa Mar\u00eda (UTN VM) y Silicon Misiones S.A.P.E.M.<\/p>\n\n\n\n<figure class=\"wp-block-image size-full\"><a href=\"https:\/\/cvinoticias.com\/wp-content\/uploads\/2023\/09\/IMG-20230928-WA0034.jpg\"><img decoding=\"async\" width=\"900\" height=\"506\" data-src=\"https:\/\/cvinoticias.com\/wp-content\/uploads\/2023\/09\/IMG-20230928-WA0034.jpg\" alt=\"\" class=\"wp-image-28388 lazyload\" data-srcset=\"https:\/\/cvinoticias.com\/wp-content\/uploads\/2023\/09\/IMG-20230928-WA0034.jpg 900w, https:\/\/cvinoticias.com\/wp-content\/uploads\/2023\/09\/IMG-20230928-WA0034-300x169.jpg 300w, https:\/\/cvinoticias.com\/wp-content\/uploads\/2023\/09\/IMG-20230928-WA0034-768x432.jpg 768w\" data-sizes=\"(max-width: 900px) 100vw, 900px\" src=\"data:image\/svg+xml;base64,PHN2ZyB3aWR0aD0iMSIgaGVpZ2h0PSIxIiB4bWxucz0iaHR0cDovL3d3dy53My5vcmcvMjAwMC9zdmciPjwvc3ZnPg==\" style=\"--smush-placeholder-width: 900px; --smush-placeholder-aspect-ratio: 900\/506;\" \/><\/a><\/figure>\n\n\n\n<p>Accastello manifest\u00f3 su agradecimiento con el Gobierno de Misiones por trabajar para hacer realidad estos convenios que van a permitir el desarrollo de la biotecnolog\u00eda y el desarrollo de los j\u00f3venes talentos en C\u00f3rdoba, tal como ya se concreta en Misiones.<\/p>\n\n\n\n<p>Asimismo, se\u00f1al\u00f3 que el convenio firmado con el Ministerio de Industria es para que \u201clos 55 Parques Industriales puedan desarrollar un plan de forestaci\u00f3n integral\u201d, incorporando al trabajo que se viene desarrollando y la experiencia de la Biof\u00e1brica de Misiones. Adem\u00e1s, mencion\u00f3 que hay una cl\u00e1usula que permite que aquellos municipios que quieran adherirse a este plan, puedan hacerlo.<\/p>\n\n\n\n<p>Por su parte, el decano de la UTN VM Gast\u00f3n Cena resalt\u00f3 la importancia de ambos convenios, que buscan impulsar la biotecnolog\u00eda y fomentar los talentos relacionados a la econom\u00eda del conocimiento.<\/p>\n\n\n\n<p>En tanto, la presidenta de Silicon Misiones, Siomara Vitto, subray\u00f3 la relevancia de la vinculaci\u00f3n estrat\u00e9gica y la colaboraci\u00f3n entre ambas provincias y tambi\u00e9n entre la UTN VM y la entidad que preside.<\/p>\n\n\n\n<p>\u201cEsperamos poder realizar cursos y talleres de formaci\u00f3n en oficios en conjunto con ustedes aqu\u00ed en Villa Mar\u00eda\u201d, afirm\u00f3 y agreg\u00f3 que la creaci\u00f3n y desarrollo de tecnolog\u00edas inmersivas es uno de los caminos en los que se podr\u00eda trabajar articuladamente tambi\u00e9n con el municipio de Villa Mar\u00eda.<\/p>\n\n\n\n<p>Quien tambi\u00e9n hizo uso de la palabra fue el presidente de Biof\u00e1brica Misiones, Leonardo Mart\u00edn Morz\u00e1n, al comentar que en un principio se realizaba la propagaci\u00f3n masiva de plantines con t\u00e9cnicas in vitro mediante biotecnolog\u00eda, a lo que luego se sumaron la producci\u00f3n de bioinsumos, cannabis medicinal y de tomates mediante la semihidropon\u00eda.<\/p>\n\n\n\n<p>\u201cEn Biof\u00e1brica producimos 250 mil plantines de algarrobo que se trajeron a C\u00f3rdoba para reforestar las \u00e1reas afectadas por los incendios. Y tambi\u00e9n, vino un modelo a escala de la Biof\u00e1brica, que es m\u00f3vil, reducido a un contenedor mar\u00edtimo en el que se pueden producir vitroplantas, siendo C\u00f3rdoba una de las tres provincias que lo tienen en Argentina\u201d, detall\u00f3.<\/p>\n\n\n\n<p>Estuvieron tambi\u00e9n presentes la vicepresidenta de Silicon Misiones, Alicia Beatriz Penayo, autoridades del Cl\u00faster de Impulso Tecnol\u00f3gico y representantes de los distintos claustros de la comunidad educativa cordobesa.<\/p>\n","protected":false},"excerpt":{"rendered":"<p>En Villa Mar\u00eda se firmaron dos acuerdos de cooperaci\u00f3n entre ambas provincias. Uno de ellos fue suscripto entre Biof\u00e1brica Misiones y el Ministerio de Industria, Comercio y Miner\u00eda cordob\u00e9s, y el otro, entre la Silicon Misiones y la Universidad Tecnol\u00f3gica Nacional, Facultad Regional Villa Mar\u00eda. El objetivo es articular acciones para el impulso de la [&hellip;]<\/p>\n","protected":false},"author":2,"featured_media":28389,"comment_status":"open","ping_status":"open","sticky":false,"template":"","format":"standard","meta":{"footnotes":""},"categories":[35],"tags":[],"class_list":["post-28387","post","type-post","status-publish","format-standard","has-post-thumbnail","hentry","category-informacion-general"],"yoast_head":"<!-- This site is optimized with the Yoast SEO plugin v27.5 - https:\/\/yoast.com\/product\/yoast-seo-wordpress\/ -->\n<title>Misiones exporta conocimiento: C\u00f3rdoba se interesa por Biof\u00e1brica y firman convenios | CVI NOTICIAS<\/title>\n<meta name=\"robots\" content=\"index, follow, max-snippet:-1, max-image-preview:large, max-video-preview:-1\" \/>\n<link rel=\"canonical\" href=\"https:\/\/cvinoticias.com\/v3\/misiones-exporta-conocimiento-cordoba-se-interesa-por-biofabrica-y-firman-convenios\/\" \/>\n<meta property=\"og:locale\" content=\"es_ES\" \/>\n<meta property=\"og:type\" content=\"article\" \/>\n<meta property=\"og:title\" content=\"Misiones exporta conocimiento: C\u00f3rdoba se interesa por Biof\u00e1brica y firman convenios | CVI NOTICIAS\" \/>\n<meta property=\"og:description\" content=\"En Villa Mar\u00eda se firmaron dos acuerdos de cooperaci\u00f3n entre ambas provincias. Uno de ellos fue suscripto entre Biof\u00e1brica Misiones y el Ministerio de Industria, Comercio y Miner\u00eda cordob\u00e9s, y el otro, entre la Silicon Misiones y la Universidad Tecnol\u00f3gica Nacional, Facultad Regional Villa Mar\u00eda. El objetivo es articular acciones para el impulso de la [&hellip;]\" \/>\n<meta property=\"og:url\" content=\"https:\/\/cvinoticias.com\/v3\/misiones-exporta-conocimiento-cordoba-se-interesa-por-biofabrica-y-firman-convenios\/\" \/>\n<meta property=\"og:site_name\" content=\"CVI NOTICIAS\" \/>\n<meta property=\"article:publisher\" content=\"https:\/\/www.facebook.com\/cvinoticias\" \/>\n<meta property=\"article:published_time\" content=\"2023-09-28T12:05:24+00:00\" \/>\n<meta property=\"og:image\" content=\"https:\/\/cvinoticias.com\/wp-content\/uploads\/2023\/09\/IMG-20230928-WA0035.jpg\" \/>\n\t<meta property=\"og:image:width\" content=\"900\" \/>\n\t<meta property=\"og:image:height\" content=\"506\" \/>\n\t<meta property=\"og:image:type\" content=\"image\/jpeg\" \/>\n<meta name=\"author\" content=\"f1000024\" \/>\n<meta name=\"twitter:card\" content=\"summary_large_image\" \/>\n<meta name=\"twitter:label1\" content=\"Escrito por\" \/>\n\t<meta name=\"twitter:data1\" content=\"f1000024\" \/>\n\t<meta name=\"twitter:label2\" content=\"Tiempo de lectura\" \/>\n\t<meta name=\"twitter:data2\" content=\"3 minutos\" \/>\n<script type=\"application\/ld+json\" class=\"yoast-schema-graph\">{\"@context\":\"https:\\\/\\\/schema.org\",\"@graph\":[{\"@type\":\"Article\",\"@id\":\"https:\\\/\\\/cvinoticias.com\\\/v3\\\/misiones-exporta-conocimiento-cordoba-se-interesa-por-biofabrica-y-firman-convenios\\\/#article\",\"isPartOf\":{\"@id\":\"https:\\\/\\\/cvinoticias.com\\\/v3\\\/misiones-exporta-conocimiento-cordoba-se-interesa-por-biofabrica-y-firman-convenios\\\/\"},\"author\":{\"name\":\"f1000024\",\"@id\":\"https:\\\/\\\/cvinoticias.com\\\/v3\\\/#\\\/schema\\\/person\\\/2db77e3c6bc03c538495d7b2b8be9b66\"},\"headline\":\"Misiones exporta conocimiento: C\u00f3rdoba se interesa por Biof\u00e1brica y firman convenios\",\"datePublished\":\"2023-09-28T12:05:24+00:00\",\"mainEntityOfPage\":{\"@id\":\"https:\\\/\\\/cvinoticias.com\\\/v3\\\/misiones-exporta-conocimiento-cordoba-se-interesa-por-biofabrica-y-firman-convenios\\\/\"},\"wordCount\":590,\"commentCount\":0,\"publisher\":{\"@id\":\"https:\\\/\\\/cvinoticias.com\\\/v3\\\/#organization\"},\"image\":{\"@id\":\"https:\\\/\\\/cvinoticias.com\\\/v3\\\/misiones-exporta-conocimiento-cordoba-se-interesa-por-biofabrica-y-firman-convenios\\\/#primaryimage\"},\"thumbnailUrl\":\"https:\\\/\\\/cvinoticias.com\\\/wp-content\\\/uploads\\\/2023\\\/09\\\/IMG-20230928-WA0035.jpg\",\"articleSection\":[\"Informaci\u00f3n General\"],\"inLanguage\":\"es\",\"potentialAction\":[{\"@type\":\"CommentAction\",\"name\":\"Comment\",\"target\":[\"https:\\\/\\\/cvinoticias.com\\\/v3\\\/misiones-exporta-conocimiento-cordoba-se-interesa-por-biofabrica-y-firman-convenios\\\/#respond\"]}]},{\"@type\":\"WebPage\",\"@id\":\"https:\\\/\\\/cvinoticias.com\\\/v3\\\/misiones-exporta-conocimiento-cordoba-se-interesa-por-biofabrica-y-firman-convenios\\\/\",\"url\":\"https:\\\/\\\/cvinoticias.com\\\/v3\\\/misiones-exporta-conocimiento-cordoba-se-interesa-por-biofabrica-y-firman-convenios\\\/\",\"name\":\"Misiones exporta conocimiento: C\u00f3rdoba se interesa por Biof\u00e1brica y firman convenios | CVI NOTICIAS\",\"isPartOf\":{\"@id\":\"https:\\\/\\\/cvinoticias.com\\\/v3\\\/#website\"},\"primaryImageOfPage\":{\"@id\":\"https:\\\/\\\/cvinoticias.com\\\/v3\\\/misiones-exporta-conocimiento-cordoba-se-interesa-por-biofabrica-y-firman-convenios\\\/#primaryimage\"},\"image\":{\"@id\":\"https:\\\/\\\/cvinoticias.com\\\/v3\\\/misiones-exporta-conocimiento-cordoba-se-interesa-por-biofabrica-y-firman-convenios\\\/#primaryimage\"},\"thumbnailUrl\":\"https:\\\/\\\/cvinoticias.com\\\/wp-content\\\/uploads\\\/2023\\\/09\\\/IMG-20230928-WA0035.jpg\",\"datePublished\":\"2023-09-28T12:05:24+00:00\",\"breadcrumb\":{\"@id\":\"https:\\\/\\\/cvinoticias.com\\\/v3\\\/misiones-exporta-conocimiento-cordoba-se-interesa-por-biofabrica-y-firman-convenios\\\/#breadcrumb\"},\"inLanguage\":\"es\",\"potentialAction\":[{\"@type\":\"ReadAction\",\"target\":[\"https:\\\/\\\/cvinoticias.com\\\/v3\\\/misiones-exporta-conocimiento-cordoba-se-interesa-por-biofabrica-y-firman-convenios\\\/\"]}]},{\"@type\":\"ImageObject\",\"inLanguage\":\"es\",\"@id\":\"https:\\\/\\\/cvinoticias.com\\\/v3\\\/misiones-exporta-conocimiento-cordoba-se-interesa-por-biofabrica-y-firman-convenios\\\/#primaryimage\",\"url\":\"https:\\\/\\\/cvinoticias.com\\\/wp-content\\\/uploads\\\/2023\\\/09\\\/IMG-20230928-WA0035.jpg\",\"contentUrl\":\"https:\\\/\\\/cvinoticias.com\\\/wp-content\\\/uploads\\\/2023\\\/09\\\/IMG-20230928-WA0035.jpg\",\"width\":900,\"height\":506},{\"@type\":\"BreadcrumbList\",\"@id\":\"https:\\\/\\\/cvinoticias.com\\\/v3\\\/misiones-exporta-conocimiento-cordoba-se-interesa-por-biofabrica-y-firman-convenios\\\/#breadcrumb\",\"itemListElement\":[{\"@type\":\"ListItem\",\"position\":1,\"name\":\"Portada\",\"item\":\"https:\\\/\\\/cvinoticias.com\\\/v3\\\/\"},{\"@type\":\"ListItem\",\"position\":2,\"name\":\"Misiones exporta conocimiento: C\u00f3rdoba se interesa por Biof\u00e1brica y firman convenios\"}]},{\"@type\":\"WebSite\",\"@id\":\"https:\\\/\\\/cvinoticias.com\\\/v3\\\/#website\",\"url\":\"https:\\\/\\\/cvinoticias.com\\\/v3\\\/\",\"name\":\"CVI NOTICIAS\",\"description\":\"\",\"publisher\":{\"@id\":\"https:\\\/\\\/cvinoticias.com\\\/v3\\\/#organization\"},\"alternateName\":\"CVI\",\"potentialAction\":[{\"@type\":\"SearchAction\",\"target\":{\"@type\":\"EntryPoint\",\"urlTemplate\":\"https:\\\/\\\/cvinoticias.com\\\/v3\\\/?s={search_term_string}\"},\"query-input\":{\"@type\":\"PropertyValueSpecification\",\"valueRequired\":true,\"valueName\":\"search_term_string\"}}],\"inLanguage\":\"es\"},{\"@type\":\"Organization\",\"@id\":\"https:\\\/\\\/cvinoticias.com\\\/v3\\\/#organization\",\"name\":\"CVI NOTICIAS\",\"url\":\"https:\\\/\\\/cvinoticias.com\\\/v3\\\/\",\"logo\":{\"@type\":\"ImageObject\",\"inLanguage\":\"es\",\"@id\":\"https:\\\/\\\/cvinoticias.com\\\/v3\\\/#\\\/schema\\\/logo\\\/image\\\/\",\"url\":\"https:\\\/\\\/cvinoticias.com\\\/wp-content\\\/uploads\\\/2023\\\/04\\\/cropped-cropped-cropped-cropped-cropped-3-1.png\",\"contentUrl\":\"https:\\\/\\\/cvinoticias.com\\\/wp-content\\\/uploads\\\/2023\\\/04\\\/cropped-cropped-cropped-cropped-cropped-3-1.png\",\"width\":95,\"height\":122,\"caption\":\"CVI NOTICIAS\"},\"image\":{\"@id\":\"https:\\\/\\\/cvinoticias.com\\\/v3\\\/#\\\/schema\\\/logo\\\/image\\\/\"},\"sameAs\":[\"https:\\\/\\\/www.facebook.com\\\/cvinoticias\",\"https:\\\/\\\/www.instagram.com\\\/cvinoticias\\\/\",\"https:\\\/\\\/www.youtube.com\\\/@CVINOTICIAS\"]},{\"@type\":\"Person\",\"@id\":\"https:\\\/\\\/cvinoticias.com\\\/v3\\\/#\\\/schema\\\/person\\\/2db77e3c6bc03c538495d7b2b8be9b66\",\"name\":\"f1000024\",\"image\":{\"@type\":\"ImageObject\",\"inLanguage\":\"es\",\"@id\":\"https:\\\/\\\/secure.gravatar.com\\\/avatar\\\/d4fe7459cfc51ff5129ce1a732bbef5928568b8092d412ef95611616376bbeed?s=96&d=mm&r=g\",\"url\":\"https:\\\/\\\/secure.gravatar.com\\\/avatar\\\/d4fe7459cfc51ff5129ce1a732bbef5928568b8092d412ef95611616376bbeed?s=96&d=mm&r=g\",\"contentUrl\":\"https:\\\/\\\/secure.gravatar.com\\\/avatar\\\/d4fe7459cfc51ff5129ce1a732bbef5928568b8092d412ef95611616376bbeed?s=96&d=mm&r=g\",\"caption\":\"f1000024\"},\"url\":\"https:\\\/\\\/cvinoticias.com\\\/v3\\\/author\\\/f1000024\\\/\"}]}<\/script>\n<!-- \/ Yoast SEO plugin. -->","yoast_head_json":{"title":"Misiones exporta conocimiento: C\u00f3rdoba se interesa por Biof\u00e1brica y firman convenios | CVI NOTICIAS","robots":{"index":"index","follow":"follow","max-snippet":"max-snippet:-1","max-image-preview":"max-image-preview:large","max-video-preview":"max-video-preview:-1"},"canonical":"https:\/\/cvinoticias.com\/v3\/misiones-exporta-conocimiento-cordoba-se-interesa-por-biofabrica-y-firman-convenios\/","og_locale":"es_ES","og_type":"article","og_title":"Misiones exporta conocimiento: C\u00f3rdoba se interesa por Biof\u00e1brica y firman convenios | CVI NOTICIAS","og_description":"En Villa Mar\u00eda se firmaron dos acuerdos de cooperaci\u00f3n entre ambas provincias. Uno de ellos fue suscripto entre Biof\u00e1brica Misiones y el Ministerio de Industria, Comercio y Miner\u00eda cordob\u00e9s, y el otro, entre la Silicon Misiones y la Universidad Tecnol\u00f3gica Nacional, Facultad Regional Villa Mar\u00eda. El objetivo es articular acciones para el impulso de la [&hellip;]","og_url":"https:\/\/cvinoticias.com\/v3\/misiones-exporta-conocimiento-cordoba-se-interesa-por-biofabrica-y-firman-convenios\/","og_site_name":"CVI NOTICIAS","article_publisher":"https:\/\/www.facebook.com\/cvinoticias","article_published_time":"2023-09-28T12:05:24+00:00","og_image":[{"width":900,"height":506,"url":"https:\/\/cvinoticias.com\/wp-content\/uploads\/2023\/09\/IMG-20230928-WA0035.jpg","type":"image\/jpeg"}],"author":"f1000024","twitter_card":"summary_large_image","twitter_misc":{"Escrito por":"f1000024","Tiempo de lectura":"3 minutos"},"schema":{"@context":"https:\/\/schema.org","@graph":[{"@type":"Article","@id":"https:\/\/cvinoticias.com\/v3\/misiones-exporta-conocimiento-cordoba-se-interesa-por-biofabrica-y-firman-convenios\/#article","isPartOf":{"@id":"https:\/\/cvinoticias.com\/v3\/misiones-exporta-conocimiento-cordoba-se-interesa-por-biofabrica-y-firman-convenios\/"},"author":{"name":"f1000024","@id":"https:\/\/cvinoticias.com\/v3\/#\/schema\/person\/2db77e3c6bc03c538495d7b2b8be9b66"},"headline":"Misiones exporta conocimiento: C\u00f3rdoba se interesa por Biof\u00e1brica y firman convenios","datePublished":"2023-09-28T12:05:24+00:00","mainEntityOfPage":{"@id":"https:\/\/cvinoticias.com\/v3\/misiones-exporta-conocimiento-cordoba-se-interesa-por-biofabrica-y-firman-convenios\/"},"wordCount":590,"commentCount":0,"publisher":{"@id":"https:\/\/cvinoticias.com\/v3\/#organization"},"image":{"@id":"https:\/\/cvinoticias.com\/v3\/misiones-exporta-conocimiento-cordoba-se-interesa-por-biofabrica-y-firman-convenios\/#primaryimage"},"thumbnailUrl":"https:\/\/cvinoticias.com\/wp-content\/uploads\/2023\/09\/IMG-20230928-WA0035.jpg","articleSection":["Informaci\u00f3n General"],"inLanguage":"es","potentialAction":[{"@type":"CommentAction","name":"Comment","target":["https:\/\/cvinoticias.com\/v3\/misiones-exporta-conocimiento-cordoba-se-interesa-por-biofabrica-y-firman-convenios\/#respond"]}]},{"@type":"WebPage","@id":"https:\/\/cvinoticias.com\/v3\/misiones-exporta-conocimiento-cordoba-se-interesa-por-biofabrica-y-firman-convenios\/","url":"https:\/\/cvinoticias.com\/v3\/misiones-exporta-conocimiento-cordoba-se-interesa-por-biofabrica-y-firman-convenios\/","name":"Misiones exporta conocimiento: C\u00f3rdoba se interesa por Biof\u00e1brica y firman convenios | CVI NOTICIAS","isPartOf":{"@id":"https:\/\/cvinoticias.com\/v3\/#website"},"primaryImageOfPage":{"@id":"https:\/\/cvinoticias.com\/v3\/misiones-exporta-conocimiento-cordoba-se-interesa-por-biofabrica-y-firman-convenios\/#primaryimage"},"image":{"@id":"https:\/\/cvinoticias.com\/v3\/misiones-exporta-conocimiento-cordoba-se-interesa-por-biofabrica-y-firman-convenios\/#primaryimage"},"thumbnailUrl":"https:\/\/cvinoticias.com\/wp-content\/uploads\/2023\/09\/IMG-20230928-WA0035.jpg","datePublished":"2023-09-28T12:05:24+00:00","breadcrumb":{"@id":"https:\/\/cvinoticias.com\/v3\/misiones-exporta-conocimiento-cordoba-se-interesa-por-biofabrica-y-firman-convenios\/#breadcrumb"},"inLanguage":"es","potentialAction":[{"@type":"ReadAction","target":["https:\/\/cvinoticias.com\/v3\/misiones-exporta-conocimiento-cordoba-se-interesa-por-biofabrica-y-firman-convenios\/"]}]},{"@type":"ImageObject","inLanguage":"es","@id":"https:\/\/cvinoticias.com\/v3\/misiones-exporta-conocimiento-cordoba-se-interesa-por-biofabrica-y-firman-convenios\/#primaryimage","url":"https:\/\/cvinoticias.com\/wp-content\/uploads\/2023\/09\/IMG-20230928-WA0035.jpg","contentUrl":"https:\/\/cvinoticias.com\/wp-content\/uploads\/2023\/09\/IMG-20230928-WA0035.jpg","width":900,"height":506},{"@type":"BreadcrumbList","@id":"https:\/\/cvinoticias.com\/v3\/misiones-exporta-conocimiento-cordoba-se-interesa-por-biofabrica-y-firman-convenios\/#breadcrumb","itemListElement":[{"@type":"ListItem","position":1,"name":"Portada","item":"https:\/\/cvinoticias.com\/v3\/"},{"@type":"ListItem","position":2,"name":"Misiones exporta conocimiento: C\u00f3rdoba se interesa por Biof\u00e1brica y firman convenios"}]},{"@type":"WebSite","@id":"https:\/\/cvinoticias.com\/v3\/#website","url":"https:\/\/cvinoticias.com\/v3\/","name":"CVI NOTICIAS","description":"","publisher":{"@id":"https:\/\/cvinoticias.com\/v3\/#organization"},"alternateName":"CVI","potentialAction":[{"@type":"SearchAction","target":{"@type":"EntryPoint","urlTemplate":"https:\/\/cvinoticias.com\/v3\/?s={search_term_string}"},"query-input":{"@type":"PropertyValueSpecification","valueRequired":true,"valueName":"search_term_string"}}],"inLanguage":"es"},{"@type":"Organization","@id":"https:\/\/cvinoticias.com\/v3\/#organization","name":"CVI NOTICIAS","url":"https:\/\/cvinoticias.com\/v3\/","logo":{"@type":"ImageObject","inLanguage":"es","@id":"https:\/\/cvinoticias.com\/v3\/#\/schema\/logo\/image\/","url":"https:\/\/cvinoticias.com\/wp-content\/uploads\/2023\/04\/cropped-cropped-cropped-cropped-cropped-3-1.png","contentUrl":"https:\/\/cvinoticias.com\/wp-content\/uploads\/2023\/04\/cropped-cropped-cropped-cropped-cropped-3-1.png","width":95,"height":122,"caption":"CVI NOTICIAS"},"image":{"@id":"https:\/\/cvinoticias.com\/v3\/#\/schema\/logo\/image\/"},"sameAs":["https:\/\/www.facebook.com\/cvinoticias","https:\/\/www.instagram.com\/cvinoticias\/","https:\/\/www.youtube.com\/@CVINOTICIAS"]},{"@type":"Person","@id":"https:\/\/cvinoticias.com\/v3\/#\/schema\/person\/2db77e3c6bc03c538495d7b2b8be9b66","name":"f1000024","image":{"@type":"ImageObject","inLanguage":"es","@id":"https:\/\/secure.gravatar.com\/avatar\/d4fe7459cfc51ff5129ce1a732bbef5928568b8092d412ef95611616376bbeed?s=96&d=mm&r=g","url":"https:\/\/secure.gravatar.com\/avatar\/d4fe7459cfc51ff5129ce1a732bbef5928568b8092d412ef95611616376bbeed?s=96&d=mm&r=g","contentUrl":"https:\/\/secure.gravatar.com\/avatar\/d4fe7459cfc51ff5129ce1a732bbef5928568b8092d412ef95611616376bbeed?s=96&d=mm&r=g","caption":"f1000024"},"url":"https:\/\/cvinoticias.com\/v3\/author\/f1000024\/"}]}},"_links":{"self":[{"href":"https:\/\/cvinoticias.com\/v3\/wp-json\/wp\/v2\/posts\/28387","targetHints":{"allow":["GET"]}}],"collection":[{"href":"https:\/\/cvinoticias.com\/v3\/wp-json\/wp\/v2\/posts"}],"about":[{"href":"https:\/\/cvinoticias.com\/v3\/wp-json\/wp\/v2\/types\/post"}],"author":[{"embeddable":true,"href":"https:\/\/cvinoticias.com\/v3\/wp-json\/wp\/v2\/users\/2"}],"replies":[{"embeddable":true,"href":"https:\/\/cvinoticias.com\/v3\/wp-json\/wp\/v2\/comments?post=28387"}],"version-history":[{"count":1,"href":"https:\/\/cvinoticias.com\/v3\/wp-json\/wp\/v2\/posts\/28387\/revisions"}],"predecessor-version":[{"id":28390,"href":"https:\/\/cvinoticias.com\/v3\/wp-json\/wp\/v2\/posts\/28387\/revisions\/28390"}],"wp:featuredmedia":[{"embeddable":true,"href":"https:\/\/cvinoticias.com\/v3\/wp-json\/wp\/v2\/media\/28389"}],"wp:attachment":[{"href":"https:\/\/cvinoticias.com\/v3\/wp-json\/wp\/v2\/media?parent=28387"}],"wp:term":[{"taxonomy":"category","embeddable":true,"href":"https:\/\/cvinoticias.com\/v3\/wp-json\/wp\/v2\/categories?post=28387"},{"taxonomy":"post_tag","embeddable":true,"href":"https:\/\/cvinoticias.com\/v3\/wp-json\/wp\/v2\/tags?post=28387"}],"curies":[{"name":"wp","href":"https:\/\/api.w.org\/{rel}","templated":true}]}}