{"id":28379,"date":"2023-09-28T08:51:02","date_gmt":"2023-09-28T08:51:02","guid":{"rendered":"https:\/\/cvinoticias.com\/v3\/?p=28379"},"modified":"2023-09-28T08:51:02","modified_gmt":"2023-09-28T08:51:02","slug":"mercaderia-incautada-por-la-aduana-y-valuada-en-284-millones-de-dolares-fue-entregada-a-sectores-populares","status":"publish","type":"post","link":"https:\/\/cvinoticias.com\/v3\/mercaderia-incautada-por-la-aduana-y-valuada-en-284-millones-de-dolares-fue-entregada-a-sectores-populares\/","title":{"rendered":"Mercader\u00eda incautada por la Aduana y valuada en 284 millones de d\u00f3lares fue entregada a sectores populares"},"content":{"rendered":"\n<p>Se realiz\u00f3 la adjudicaci\u00f3n del \u00faltimo contenedor, de 1.216 involucrados, en una causa en la que interviene el Juzgado Nacional en lo Penal Econ\u00f3mico N\u00b0 6. Articulaci\u00f3n entre Aduana, el Ministerio de Desarrollo Social y la justicia para que las 45 toneladas de productos lleguen a sectores vulnerables de la sociedad.<\/p>\n\n\n\n<p>La Direcci\u00f3n General de Aduanas, a cargo de Guillermo Michel, concluy\u00f3 la hist\u00f3rica donaci\u00f3n de bienes en infracci\u00f3n valuados en USD 284 millones. En esta oportunidad, se realiz\u00f3 la \u00faltima adjudicaci\u00f3n, que consisti\u00f3 en la entrega de 45 toneladas de mercader\u00eda.<\/p>\n\n\n\n<figure class=\"wp-block-image size-large\"><a href=\"https:\/\/cvinoticias.com\/wp-content\/uploads\/2023\/09\/6514a4f3411b9770204789.jpg\"><img decoding=\"async\" width=\"1024\" height=\"683\" data-src=\"https:\/\/cvinoticias.com\/wp-content\/uploads\/2023\/09\/6514a4f3411b9770204789-1024x683.jpg\" alt=\"\" class=\"wp-image-28381 lazyload\" data-srcset=\"https:\/\/cvinoticias.com\/wp-content\/uploads\/2023\/09\/6514a4f3411b9770204789-1024x683.jpg 1024w, https:\/\/cvinoticias.com\/wp-content\/uploads\/2023\/09\/6514a4f3411b9770204789-300x200.jpg 300w, https:\/\/cvinoticias.com\/wp-content\/uploads\/2023\/09\/6514a4f3411b9770204789-768x512.jpg 768w, https:\/\/cvinoticias.com\/wp-content\/uploads\/2023\/09\/6514a4f3411b9770204789-1536x1024.jpg 1536w, https:\/\/cvinoticias.com\/wp-content\/uploads\/2023\/09\/6514a4f3411b9770204789-2048x1365.jpg 2048w\" data-sizes=\"(max-width: 1024px) 100vw, 1024px\" src=\"data:image\/svg+xml;base64,PHN2ZyB3aWR0aD0iMSIgaGVpZ2h0PSIxIiB4bWxucz0iaHR0cDovL3d3dy53My5vcmcvMjAwMC9zdmciPjwvc3ZnPg==\" style=\"--smush-placeholder-width: 1024px; --smush-placeholder-aspect-ratio: 1024\/683;\" \/><\/a><\/figure>\n\n\n\n<p>En la causa interviene el Juzgado Nacional en lo Penal Econ\u00f3mico N\u00b0 6, a cargo del juez Marcelo Aguinsky y supone un antecedente hist\u00f3rico, ya que gran parte de la mercader\u00eda en infracci\u00f3n consist\u00eda en productos con fraude marcario. Las mercanc\u00edas de ese tipo tienden a ser destruidas por indicaci\u00f3n de las empresas con la concesi\u00f3n de la explotaci\u00f3n de las marcas en nuestro pa\u00eds \u2014sin embargo, en este caso, accedieron a que la mercader\u00eda fuera donada.<\/p>\n\n\n\n<p>As\u00ed, solo el 22% de la mercader\u00eda involucrada en la causa (cuyo valor asciende a USD 364 millones) fue destruida. Entre lo donado hay carteras, gorras, bufandas, camisetas, calzoncillos, botines, termos, cuchillos, distintos elementos de bazar, cintas m\u00e9tricas, juguetes y mochilas.<\/p>\n\n\n\n<figure class=\"wp-block-image size-large\"><a href=\"https:\/\/cvinoticias.com\/wp-content\/uploads\/2023\/09\/6514a4f33f354557874472.jpg\"><img decoding=\"async\" width=\"1024\" height=\"683\" data-src=\"https:\/\/cvinoticias.com\/wp-content\/uploads\/2023\/09\/6514a4f33f354557874472-1024x683.jpg\" alt=\"\" class=\"wp-image-28380 lazyload\" data-srcset=\"https:\/\/cvinoticias.com\/wp-content\/uploads\/2023\/09\/6514a4f33f354557874472-1024x683.jpg 1024w, https:\/\/cvinoticias.com\/wp-content\/uploads\/2023\/09\/6514a4f33f354557874472-300x200.jpg 300w, https:\/\/cvinoticias.com\/wp-content\/uploads\/2023\/09\/6514a4f33f354557874472-768x512.jpg 768w, https:\/\/cvinoticias.com\/wp-content\/uploads\/2023\/09\/6514a4f33f354557874472-1536x1024.jpg 1536w, https:\/\/cvinoticias.com\/wp-content\/uploads\/2023\/09\/6514a4f33f354557874472-2048x1365.jpg 2048w\" data-sizes=\"(max-width: 1024px) 100vw, 1024px\" src=\"data:image\/svg+xml;base64,PHN2ZyB3aWR0aD0iMSIgaGVpZ2h0PSIxIiB4bWxucz0iaHR0cDovL3d3dy53My5vcmcvMjAwMC9zdmciPjwvc3ZnPg==\" style=\"--smush-placeholder-width: 1024px; --smush-placeholder-aspect-ratio: 1024\/683;\" \/><\/a><\/figure>\n\n\n\n<p><br>\u201cQuiero felicitar a todos los aduaneros y aduaneras, esto es un m\u00e9rito de ellos. Trabajaron todos los d\u00edas verificando entre cinco y seis contenedores por d\u00eda para concluir con todo esto. Tambi\u00e9n colabor\u00f3 el Ej\u00e9rcito con toda la parte de log\u00edstica\u201d, destac\u00f3 Michel.<\/p>\n\n\n\n<p>Por otro lado, dijo que \u201cesta acci\u00f3n demuestra la coordinaci\u00f3n de la Aduana, del Ministerio de Desarrollo Social y de la Justicia\u201d. \u201cAdem\u00e1s de evitar el fraude marcario y el contrabando, estas acciones permiten volcar estas mercader\u00edas a la gente y sean aprovechadas por los sectores m\u00e1s vulnerables de la sociedad\u201d, ponder\u00f3.<\/p>\n\n\n\n<p>La causa involucr\u00f3 1216 contenedores que conten\u00edan la mercader\u00eda de la cual no se pod\u00eda disponer. Sin embargo, la actual gesti\u00f3n de la Aduana, con el aval de la justicia y de las firmas, logr\u00f3 donar el total de la carga. Uno de los principales compromisos del organismo es asegurar que las mercader\u00edas en infracci\u00f3n, incautadas por el Estado nacional, sean devueltas en forma provechosa a la sociedad, integrando un ciclo virtuoso.<\/p>\n\n\n\n<p>De la entrega tambi\u00e9n participaron el magistrado Marcelo Aguinsky; Victoria Tolosa Paz, ministra de Desarrollo Social de la Naci\u00f3n; Rosana Lodovico, subdirectora general de Operaciones Aduaneras Metropolitanas y Emmanuel Poletto, secretario de la C\u00e1mara del Juguete.<\/p>\n\n\n\n<p><\/p>\n","protected":false},"excerpt":{"rendered":"<p>Se realiz\u00f3 la adjudicaci\u00f3n del \u00faltimo contenedor, de 1.216 involucrados, en una causa en la que interviene el Juzgado Nacional en lo Penal Econ\u00f3mico N\u00b0 6. Articulaci\u00f3n entre Aduana, el Ministerio de Desarrollo Social y la justicia para que las 45 toneladas de productos lleguen a sectores vulnerables de la sociedad. La Direcci\u00f3n General de [&hellip;]<\/p>\n","protected":false},"author":2,"featured_media":28382,"comment_status":"open","ping_status":"open","sticky":false,"template":"","format":"standard","meta":{"footnotes":""},"categories":[35],"tags":[],"class_list":["post-28379","post","type-post","status-publish","format-standard","has-post-thumbnail","hentry","category-informacion-general"],"yoast_head":"<!-- This site is optimized with the Yoast SEO plugin v27.5 - https:\/\/yoast.com\/product\/yoast-seo-wordpress\/ -->\n<title>Mercader\u00eda incautada por la Aduana y valuada en 284 millones de d\u00f3lares fue entregada a sectores populares | CVI NOTICIAS<\/title>\n<meta name=\"robots\" content=\"index, follow, max-snippet:-1, max-image-preview:large, max-video-preview:-1\" \/>\n<link rel=\"canonical\" href=\"https:\/\/cvinoticias.com\/v3\/mercaderia-incautada-por-la-aduana-y-valuada-en-284-millones-de-dolares-fue-entregada-a-sectores-populares\/\" \/>\n<meta property=\"og:locale\" content=\"es_ES\" \/>\n<meta property=\"og:type\" content=\"article\" \/>\n<meta property=\"og:title\" content=\"Mercader\u00eda incautada por la Aduana y valuada en 284 millones de d\u00f3lares fue entregada a sectores populares | CVI NOTICIAS\" \/>\n<meta property=\"og:description\" content=\"Se realiz\u00f3 la adjudicaci\u00f3n del \u00faltimo contenedor, de 1.216 involucrados, en una causa en la que interviene el Juzgado Nacional en lo Penal Econ\u00f3mico N\u00b0 6. Articulaci\u00f3n entre Aduana, el Ministerio de Desarrollo Social y la justicia para que las 45 toneladas de productos lleguen a sectores vulnerables de la sociedad. La Direcci\u00f3n General de [&hellip;]\" \/>\n<meta property=\"og:url\" content=\"https:\/\/cvinoticias.com\/v3\/mercaderia-incautada-por-la-aduana-y-valuada-en-284-millones-de-dolares-fue-entregada-a-sectores-populares\/\" \/>\n<meta property=\"og:site_name\" content=\"CVI NOTICIAS\" \/>\n<meta property=\"article:publisher\" content=\"https:\/\/www.facebook.com\/cvinoticias\" \/>\n<meta property=\"article:published_time\" content=\"2023-09-28T08:51:02+00:00\" \/>\n<meta property=\"og:image\" content=\"https:\/\/cvinoticias.com\/wp-content\/uploads\/2023\/09\/Screenshot_20230928_054328_Chrome.jpg\" \/>\n\t<meta property=\"og:image:width\" content=\"1026\" \/>\n\t<meta property=\"og:image:height\" content=\"602\" \/>\n\t<meta property=\"og:image:type\" content=\"image\/jpeg\" \/>\n<meta name=\"author\" content=\"f1000024\" \/>\n<meta name=\"twitter:card\" content=\"summary_large_image\" \/>\n<meta name=\"twitter:label1\" content=\"Escrito por\" \/>\n\t<meta name=\"twitter:data1\" content=\"f1000024\" \/>\n\t<meta name=\"twitter:label2\" content=\"Tiempo de lectura\" \/>\n\t<meta name=\"twitter:data2\" content=\"2 minutos\" \/>\n<script type=\"application\/ld+json\" class=\"yoast-schema-graph\">{\"@context\":\"https:\\\/\\\/schema.org\",\"@graph\":[{\"@type\":\"Article\",\"@id\":\"https:\\\/\\\/cvinoticias.com\\\/v3\\\/mercaderia-incautada-por-la-aduana-y-valuada-en-284-millones-de-dolares-fue-entregada-a-sectores-populares\\\/#article\",\"isPartOf\":{\"@id\":\"https:\\\/\\\/cvinoticias.com\\\/v3\\\/mercaderia-incautada-por-la-aduana-y-valuada-en-284-millones-de-dolares-fue-entregada-a-sectores-populares\\\/\"},\"author\":{\"name\":\"f1000024\",\"@id\":\"https:\\\/\\\/cvinoticias.com\\\/v3\\\/#\\\/schema\\\/person\\\/2db77e3c6bc03c538495d7b2b8be9b66\"},\"headline\":\"Mercader\u00eda incautada por la Aduana y valuada en 284 millones de d\u00f3lares fue entregada a sectores populares\",\"datePublished\":\"2023-09-28T08:51:02+00:00\",\"mainEntityOfPage\":{\"@id\":\"https:\\\/\\\/cvinoticias.com\\\/v3\\\/mercaderia-incautada-por-la-aduana-y-valuada-en-284-millones-de-dolares-fue-entregada-a-sectores-populares\\\/\"},\"wordCount\":464,\"commentCount\":0,\"publisher\":{\"@id\":\"https:\\\/\\\/cvinoticias.com\\\/v3\\\/#organization\"},\"image\":{\"@id\":\"https:\\\/\\\/cvinoticias.com\\\/v3\\\/mercaderia-incautada-por-la-aduana-y-valuada-en-284-millones-de-dolares-fue-entregada-a-sectores-populares\\\/#primaryimage\"},\"thumbnailUrl\":\"https:\\\/\\\/cvinoticias.com\\\/wp-content\\\/uploads\\\/2023\\\/09\\\/Screenshot_20230928_054328_Chrome.jpg\",\"articleSection\":[\"Informaci\u00f3n General\"],\"inLanguage\":\"es\",\"potentialAction\":[{\"@type\":\"CommentAction\",\"name\":\"Comment\",\"target\":[\"https:\\\/\\\/cvinoticias.com\\\/v3\\\/mercaderia-incautada-por-la-aduana-y-valuada-en-284-millones-de-dolares-fue-entregada-a-sectores-populares\\\/#respond\"]}]},{\"@type\":\"WebPage\",\"@id\":\"https:\\\/\\\/cvinoticias.com\\\/v3\\\/mercaderia-incautada-por-la-aduana-y-valuada-en-284-millones-de-dolares-fue-entregada-a-sectores-populares\\\/\",\"url\":\"https:\\\/\\\/cvinoticias.com\\\/v3\\\/mercaderia-incautada-por-la-aduana-y-valuada-en-284-millones-de-dolares-fue-entregada-a-sectores-populares\\\/\",\"name\":\"Mercader\u00eda incautada por la Aduana y valuada en 284 millones de d\u00f3lares fue entregada a sectores populares | CVI NOTICIAS\",\"isPartOf\":{\"@id\":\"https:\\\/\\\/cvinoticias.com\\\/v3\\\/#website\"},\"primaryImageOfPage\":{\"@id\":\"https:\\\/\\\/cvinoticias.com\\\/v3\\\/mercaderia-incautada-por-la-aduana-y-valuada-en-284-millones-de-dolares-fue-entregada-a-sectores-populares\\\/#primaryimage\"},\"image\":{\"@id\":\"https:\\\/\\\/cvinoticias.com\\\/v3\\\/mercaderia-incautada-por-la-aduana-y-valuada-en-284-millones-de-dolares-fue-entregada-a-sectores-populares\\\/#primaryimage\"},\"thumbnailUrl\":\"https:\\\/\\\/cvinoticias.com\\\/wp-content\\\/uploads\\\/2023\\\/09\\\/Screenshot_20230928_054328_Chrome.jpg\",\"datePublished\":\"2023-09-28T08:51:02+00:00\",\"breadcrumb\":{\"@id\":\"https:\\\/\\\/cvinoticias.com\\\/v3\\\/mercaderia-incautada-por-la-aduana-y-valuada-en-284-millones-de-dolares-fue-entregada-a-sectores-populares\\\/#breadcrumb\"},\"inLanguage\":\"es\",\"potentialAction\":[{\"@type\":\"ReadAction\",\"target\":[\"https:\\\/\\\/cvinoticias.com\\\/v3\\\/mercaderia-incautada-por-la-aduana-y-valuada-en-284-millones-de-dolares-fue-entregada-a-sectores-populares\\\/\"]}]},{\"@type\":\"ImageObject\",\"inLanguage\":\"es\",\"@id\":\"https:\\\/\\\/cvinoticias.com\\\/v3\\\/mercaderia-incautada-por-la-aduana-y-valuada-en-284-millones-de-dolares-fue-entregada-a-sectores-populares\\\/#primaryimage\",\"url\":\"https:\\\/\\\/cvinoticias.com\\\/wp-content\\\/uploads\\\/2023\\\/09\\\/Screenshot_20230928_054328_Chrome.jpg\",\"contentUrl\":\"https:\\\/\\\/cvinoticias.com\\\/wp-content\\\/uploads\\\/2023\\\/09\\\/Screenshot_20230928_054328_Chrome.jpg\",\"width\":1026,\"height\":602},{\"@type\":\"BreadcrumbList\",\"@id\":\"https:\\\/\\\/cvinoticias.com\\\/v3\\\/mercaderia-incautada-por-la-aduana-y-valuada-en-284-millones-de-dolares-fue-entregada-a-sectores-populares\\\/#breadcrumb\",\"itemListElement\":[{\"@type\":\"ListItem\",\"position\":1,\"name\":\"Portada\",\"item\":\"https:\\\/\\\/cvinoticias.com\\\/v3\\\/\"},{\"@type\":\"ListItem\",\"position\":2,\"name\":\"Mercader\u00eda incautada por la Aduana y valuada en 284 millones de d\u00f3lares fue entregada a sectores populares\"}]},{\"@type\":\"WebSite\",\"@id\":\"https:\\\/\\\/cvinoticias.com\\\/v3\\\/#website\",\"url\":\"https:\\\/\\\/cvinoticias.com\\\/v3\\\/\",\"name\":\"CVI NOTICIAS\",\"description\":\"\",\"publisher\":{\"@id\":\"https:\\\/\\\/cvinoticias.com\\\/v3\\\/#organization\"},\"alternateName\":\"CVI\",\"potentialAction\":[{\"@type\":\"SearchAction\",\"target\":{\"@type\":\"EntryPoint\",\"urlTemplate\":\"https:\\\/\\\/cvinoticias.com\\\/v3\\\/?s={search_term_string}\"},\"query-input\":{\"@type\":\"PropertyValueSpecification\",\"valueRequired\":true,\"valueName\":\"search_term_string\"}}],\"inLanguage\":\"es\"},{\"@type\":\"Organization\",\"@id\":\"https:\\\/\\\/cvinoticias.com\\\/v3\\\/#organization\",\"name\":\"CVI NOTICIAS\",\"url\":\"https:\\\/\\\/cvinoticias.com\\\/v3\\\/\",\"logo\":{\"@type\":\"ImageObject\",\"inLanguage\":\"es\",\"@id\":\"https:\\\/\\\/cvinoticias.com\\\/v3\\\/#\\\/schema\\\/logo\\\/image\\\/\",\"url\":\"https:\\\/\\\/cvinoticias.com\\\/wp-content\\\/uploads\\\/2023\\\/04\\\/cropped-cropped-cropped-cropped-cropped-3-1.png\",\"contentUrl\":\"https:\\\/\\\/cvinoticias.com\\\/wp-content\\\/uploads\\\/2023\\\/04\\\/cropped-cropped-cropped-cropped-cropped-3-1.png\",\"width\":95,\"height\":122,\"caption\":\"CVI NOTICIAS\"},\"image\":{\"@id\":\"https:\\\/\\\/cvinoticias.com\\\/v3\\\/#\\\/schema\\\/logo\\\/image\\\/\"},\"sameAs\":[\"https:\\\/\\\/www.facebook.com\\\/cvinoticias\",\"https:\\\/\\\/www.instagram.com\\\/cvinoticias\\\/\",\"https:\\\/\\\/www.youtube.com\\\/@CVINOTICIAS\"]},{\"@type\":\"Person\",\"@id\":\"https:\\\/\\\/cvinoticias.com\\\/v3\\\/#\\\/schema\\\/person\\\/2db77e3c6bc03c538495d7b2b8be9b66\",\"name\":\"f1000024\",\"image\":{\"@type\":\"ImageObject\",\"inLanguage\":\"es\",\"@id\":\"https:\\\/\\\/secure.gravatar.com\\\/avatar\\\/d4fe7459cfc51ff5129ce1a732bbef5928568b8092d412ef95611616376bbeed?s=96&d=mm&r=g\",\"url\":\"https:\\\/\\\/secure.gravatar.com\\\/avatar\\\/d4fe7459cfc51ff5129ce1a732bbef5928568b8092d412ef95611616376bbeed?s=96&d=mm&r=g\",\"contentUrl\":\"https:\\\/\\\/secure.gravatar.com\\\/avatar\\\/d4fe7459cfc51ff5129ce1a732bbef5928568b8092d412ef95611616376bbeed?s=96&d=mm&r=g\",\"caption\":\"f1000024\"},\"url\":\"https:\\\/\\\/cvinoticias.com\\\/v3\\\/author\\\/f1000024\\\/\"}]}<\/script>\n<!-- \/ Yoast SEO plugin. -->","yoast_head_json":{"title":"Mercader\u00eda incautada por la Aduana y valuada en 284 millones de d\u00f3lares fue entregada a sectores populares | CVI NOTICIAS","robots":{"index":"index","follow":"follow","max-snippet":"max-snippet:-1","max-image-preview":"max-image-preview:large","max-video-preview":"max-video-preview:-1"},"canonical":"https:\/\/cvinoticias.com\/v3\/mercaderia-incautada-por-la-aduana-y-valuada-en-284-millones-de-dolares-fue-entregada-a-sectores-populares\/","og_locale":"es_ES","og_type":"article","og_title":"Mercader\u00eda incautada por la Aduana y valuada en 284 millones de d\u00f3lares fue entregada a sectores populares | CVI NOTICIAS","og_description":"Se realiz\u00f3 la adjudicaci\u00f3n del \u00faltimo contenedor, de 1.216 involucrados, en una causa en la que interviene el Juzgado Nacional en lo Penal Econ\u00f3mico N\u00b0 6. Articulaci\u00f3n entre Aduana, el Ministerio de Desarrollo Social y la justicia para que las 45 toneladas de productos lleguen a sectores vulnerables de la sociedad. La Direcci\u00f3n General de [&hellip;]","og_url":"https:\/\/cvinoticias.com\/v3\/mercaderia-incautada-por-la-aduana-y-valuada-en-284-millones-de-dolares-fue-entregada-a-sectores-populares\/","og_site_name":"CVI NOTICIAS","article_publisher":"https:\/\/www.facebook.com\/cvinoticias","article_published_time":"2023-09-28T08:51:02+00:00","og_image":[{"width":1026,"height":602,"url":"https:\/\/cvinoticias.com\/wp-content\/uploads\/2023\/09\/Screenshot_20230928_054328_Chrome.jpg","type":"image\/jpeg"}],"author":"f1000024","twitter_card":"summary_large_image","twitter_misc":{"Escrito por":"f1000024","Tiempo de lectura":"2 minutos"},"schema":{"@context":"https:\/\/schema.org","@graph":[{"@type":"Article","@id":"https:\/\/cvinoticias.com\/v3\/mercaderia-incautada-por-la-aduana-y-valuada-en-284-millones-de-dolares-fue-entregada-a-sectores-populares\/#article","isPartOf":{"@id":"https:\/\/cvinoticias.com\/v3\/mercaderia-incautada-por-la-aduana-y-valuada-en-284-millones-de-dolares-fue-entregada-a-sectores-populares\/"},"author":{"name":"f1000024","@id":"https:\/\/cvinoticias.com\/v3\/#\/schema\/person\/2db77e3c6bc03c538495d7b2b8be9b66"},"headline":"Mercader\u00eda incautada por la Aduana y valuada en 284 millones de d\u00f3lares fue entregada a sectores populares","datePublished":"2023-09-28T08:51:02+00:00","mainEntityOfPage":{"@id":"https:\/\/cvinoticias.com\/v3\/mercaderia-incautada-por-la-aduana-y-valuada-en-284-millones-de-dolares-fue-entregada-a-sectores-populares\/"},"wordCount":464,"commentCount":0,"publisher":{"@id":"https:\/\/cvinoticias.com\/v3\/#organization"},"image":{"@id":"https:\/\/cvinoticias.com\/v3\/mercaderia-incautada-por-la-aduana-y-valuada-en-284-millones-de-dolares-fue-entregada-a-sectores-populares\/#primaryimage"},"thumbnailUrl":"https:\/\/cvinoticias.com\/wp-content\/uploads\/2023\/09\/Screenshot_20230928_054328_Chrome.jpg","articleSection":["Informaci\u00f3n General"],"inLanguage":"es","potentialAction":[{"@type":"CommentAction","name":"Comment","target":["https:\/\/cvinoticias.com\/v3\/mercaderia-incautada-por-la-aduana-y-valuada-en-284-millones-de-dolares-fue-entregada-a-sectores-populares\/#respond"]}]},{"@type":"WebPage","@id":"https:\/\/cvinoticias.com\/v3\/mercaderia-incautada-por-la-aduana-y-valuada-en-284-millones-de-dolares-fue-entregada-a-sectores-populares\/","url":"https:\/\/cvinoticias.com\/v3\/mercaderia-incautada-por-la-aduana-y-valuada-en-284-millones-de-dolares-fue-entregada-a-sectores-populares\/","name":"Mercader\u00eda incautada por la Aduana y valuada en 284 millones de d\u00f3lares fue entregada a sectores populares | CVI NOTICIAS","isPartOf":{"@id":"https:\/\/cvinoticias.com\/v3\/#website"},"primaryImageOfPage":{"@id":"https:\/\/cvinoticias.com\/v3\/mercaderia-incautada-por-la-aduana-y-valuada-en-284-millones-de-dolares-fue-entregada-a-sectores-populares\/#primaryimage"},"image":{"@id":"https:\/\/cvinoticias.com\/v3\/mercaderia-incautada-por-la-aduana-y-valuada-en-284-millones-de-dolares-fue-entregada-a-sectores-populares\/#primaryimage"},"thumbnailUrl":"https:\/\/cvinoticias.com\/wp-content\/uploads\/2023\/09\/Screenshot_20230928_054328_Chrome.jpg","datePublished":"2023-09-28T08:51:02+00:00","breadcrumb":{"@id":"https:\/\/cvinoticias.com\/v3\/mercaderia-incautada-por-la-aduana-y-valuada-en-284-millones-de-dolares-fue-entregada-a-sectores-populares\/#breadcrumb"},"inLanguage":"es","potentialAction":[{"@type":"ReadAction","target":["https:\/\/cvinoticias.com\/v3\/mercaderia-incautada-por-la-aduana-y-valuada-en-284-millones-de-dolares-fue-entregada-a-sectores-populares\/"]}]},{"@type":"ImageObject","inLanguage":"es","@id":"https:\/\/cvinoticias.com\/v3\/mercaderia-incautada-por-la-aduana-y-valuada-en-284-millones-de-dolares-fue-entregada-a-sectores-populares\/#primaryimage","url":"https:\/\/cvinoticias.com\/wp-content\/uploads\/2023\/09\/Screenshot_20230928_054328_Chrome.jpg","contentUrl":"https:\/\/cvinoticias.com\/wp-content\/uploads\/2023\/09\/Screenshot_20230928_054328_Chrome.jpg","width":1026,"height":602},{"@type":"BreadcrumbList","@id":"https:\/\/cvinoticias.com\/v3\/mercaderia-incautada-por-la-aduana-y-valuada-en-284-millones-de-dolares-fue-entregada-a-sectores-populares\/#breadcrumb","itemListElement":[{"@type":"ListItem","position":1,"name":"Portada","item":"https:\/\/cvinoticias.com\/v3\/"},{"@type":"ListItem","position":2,"name":"Mercader\u00eda incautada por la Aduana y valuada en 284 millones de d\u00f3lares fue entregada a sectores populares"}]},{"@type":"WebSite","@id":"https:\/\/cvinoticias.com\/v3\/#website","url":"https:\/\/cvinoticias.com\/v3\/","name":"CVI NOTICIAS","description":"","publisher":{"@id":"https:\/\/cvinoticias.com\/v3\/#organization"},"alternateName":"CVI","potentialAction":[{"@type":"SearchAction","target":{"@type":"EntryPoint","urlTemplate":"https:\/\/cvinoticias.com\/v3\/?s={search_term_string}"},"query-input":{"@type":"PropertyValueSpecification","valueRequired":true,"valueName":"search_term_string"}}],"inLanguage":"es"},{"@type":"Organization","@id":"https:\/\/cvinoticias.com\/v3\/#organization","name":"CVI NOTICIAS","url":"https:\/\/cvinoticias.com\/v3\/","logo":{"@type":"ImageObject","inLanguage":"es","@id":"https:\/\/cvinoticias.com\/v3\/#\/schema\/logo\/image\/","url":"https:\/\/cvinoticias.com\/wp-content\/uploads\/2023\/04\/cropped-cropped-cropped-cropped-cropped-3-1.png","contentUrl":"https:\/\/cvinoticias.com\/wp-content\/uploads\/2023\/04\/cropped-cropped-cropped-cropped-cropped-3-1.png","width":95,"height":122,"caption":"CVI NOTICIAS"},"image":{"@id":"https:\/\/cvinoticias.com\/v3\/#\/schema\/logo\/image\/"},"sameAs":["https:\/\/www.facebook.com\/cvinoticias","https:\/\/www.instagram.com\/cvinoticias\/","https:\/\/www.youtube.com\/@CVINOTICIAS"]},{"@type":"Person","@id":"https:\/\/cvinoticias.com\/v3\/#\/schema\/person\/2db77e3c6bc03c538495d7b2b8be9b66","name":"f1000024","image":{"@type":"ImageObject","inLanguage":"es","@id":"https:\/\/secure.gravatar.com\/avatar\/d4fe7459cfc51ff5129ce1a732bbef5928568b8092d412ef95611616376bbeed?s=96&d=mm&r=g","url":"https:\/\/secure.gravatar.com\/avatar\/d4fe7459cfc51ff5129ce1a732bbef5928568b8092d412ef95611616376bbeed?s=96&d=mm&r=g","contentUrl":"https:\/\/secure.gravatar.com\/avatar\/d4fe7459cfc51ff5129ce1a732bbef5928568b8092d412ef95611616376bbeed?s=96&d=mm&r=g","caption":"f1000024"},"url":"https:\/\/cvinoticias.com\/v3\/author\/f1000024\/"}]}},"_links":{"self":[{"href":"https:\/\/cvinoticias.com\/v3\/wp-json\/wp\/v2\/posts\/28379","targetHints":{"allow":["GET"]}}],"collection":[{"href":"https:\/\/cvinoticias.com\/v3\/wp-json\/wp\/v2\/posts"}],"about":[{"href":"https:\/\/cvinoticias.com\/v3\/wp-json\/wp\/v2\/types\/post"}],"author":[{"embeddable":true,"href":"https:\/\/cvinoticias.com\/v3\/wp-json\/wp\/v2\/users\/2"}],"replies":[{"embeddable":true,"href":"https:\/\/cvinoticias.com\/v3\/wp-json\/wp\/v2\/comments?post=28379"}],"version-history":[{"count":1,"href":"https:\/\/cvinoticias.com\/v3\/wp-json\/wp\/v2\/posts\/28379\/revisions"}],"predecessor-version":[{"id":28383,"href":"https:\/\/cvinoticias.com\/v3\/wp-json\/wp\/v2\/posts\/28379\/revisions\/28383"}],"wp:featuredmedia":[{"embeddable":true,"href":"https:\/\/cvinoticias.com\/v3\/wp-json\/wp\/v2\/media\/28382"}],"wp:attachment":[{"href":"https:\/\/cvinoticias.com\/v3\/wp-json\/wp\/v2\/media?parent=28379"}],"wp:term":[{"taxonomy":"category","embeddable":true,"href":"https:\/\/cvinoticias.com\/v3\/wp-json\/wp\/v2\/categories?post=28379"},{"taxonomy":"post_tag","embeddable":true,"href":"https:\/\/cvinoticias.com\/v3\/wp-json\/wp\/v2\/tags?post=28379"}],"curies":[{"name":"wp","href":"https:\/\/api.w.org\/{rel}","templated":true}]}}