{"id":28373,"date":"2023-09-28T08:24:38","date_gmt":"2023-09-28T08:24:38","guid":{"rendered":"https:\/\/cvinoticias.com\/v3\/?p=28373"},"modified":"2023-09-28T08:24:38","modified_gmt":"2023-09-28T08:24:38","slug":"ya-esta-en-vigencia-la-veda-para-actos-de-gobierno-por-las-elecciones","status":"publish","type":"post","link":"https:\/\/cvinoticias.com\/v3\/ya-esta-en-vigencia-la-veda-para-actos-de-gobierno-por-las-elecciones\/","title":{"rendered":"Ya esta en vigencia la veda para actos de Gobierno por las elecciones"},"content":{"rendered":"\n<p><strong><em>Se trata de la prohibici\u00f3n dispuesta por la C\u00e1mara Nacional electoral para los 25 d\u00edas previos a las elecciones generales.<\/em><\/strong><\/p>\n\n\n\n<p>De acuerdo al Cronograma dispuesto por la C\u00e1mara Nacional electoral, desde este mi\u00e9rcoles 27, empez\u00f3 a regir la veda para los actos de Gobierno, donde, tanto el Poder Ejecutivo Nacional como las administraciones provinciales y municipales tienen prohibido realizar anuncios de gesti\u00f3n que puedan promover la captaci\u00f3n del voto.<\/p>\n\n\n\n<p>Entre las prohibiciones est\u00e1, la realizaci\u00f3n de actos inaugurales de obras p\u00fablicas y el lanzamiento o promoci\u00f3n de planes, proyectos o programas de alcance colectivo.<\/p>\n\n\n\n<p>Seg\u00fan explicita el art\u00edculo 64 del C\u00f3digo Electoral Nacional (Ley 19.945), \u00abdurante la campa\u00f1a electoral la publicidad de los actos de gobierno no podr\u00e1 contener elementos que promuevan o desincentiven expresamente la captaci\u00f3n del sufragio a favor de ninguno de los candidatos a cargos p\u00fablicos electivos, ni de las agrupaciones pol\u00edticas por las que compiten\u00bb.<\/p>\n\n\n\n<p>En la categor\u00eda para presidente, los perjudicados ser\u00e1n Sergio Massa y Juan Schiaretti, los candidatos que se encuentra en funciones por sus roles en el Ministerio de Econom\u00eda y en la gobernaci\u00f3n de C\u00f3rdoba respectivamente.<\/p>\n\n\n\n<p>El mismo art\u00edculo 64 establece, adem\u00e1s, la obligatoriedad de los debates presidenciales, \u00abcon la finalidad de dar a conocer y debatir ante el electorado las plataformas electorales de los partidos, frentes o agrupaciones pol\u00edticas\u00bb.<\/p>\n","protected":false},"excerpt":{"rendered":"<p>Se trata de la prohibici\u00f3n dispuesta por la C\u00e1mara Nacional electoral para los 25 d\u00edas previos a las elecciones generales. De acuerdo al Cronograma dispuesto por la C\u00e1mara Nacional electoral, desde este mi\u00e9rcoles 27, empez\u00f3 a regir la veda para los actos de Gobierno, donde, tanto el Poder Ejecutivo Nacional como las administraciones provinciales y [&hellip;]<\/p>\n","protected":false},"author":2,"featured_media":28374,"comment_status":"open","ping_status":"open","sticky":false,"template":"","format":"standard","meta":{"footnotes":""},"categories":[42],"tags":[],"class_list":["post-28373","post","type-post","status-publish","format-standard","has-post-thumbnail","hentry","category-politica"],"yoast_head":"<!-- This site is optimized with the Yoast SEO plugin v27.5 - https:\/\/yoast.com\/product\/yoast-seo-wordpress\/ -->\n<title>Ya esta en vigencia la veda para actos de Gobierno por las elecciones | CVI NOTICIAS<\/title>\n<meta name=\"robots\" content=\"index, follow, max-snippet:-1, max-image-preview:large, max-video-preview:-1\" \/>\n<link rel=\"canonical\" href=\"https:\/\/cvinoticias.com\/v3\/ya-esta-en-vigencia-la-veda-para-actos-de-gobierno-por-las-elecciones\/\" \/>\n<meta property=\"og:locale\" content=\"es_ES\" \/>\n<meta property=\"og:type\" content=\"article\" \/>\n<meta property=\"og:title\" content=\"Ya esta en vigencia la veda para actos de Gobierno por las elecciones | CVI NOTICIAS\" \/>\n<meta property=\"og:description\" content=\"Se trata de la prohibici\u00f3n dispuesta por la C\u00e1mara Nacional electoral para los 25 d\u00edas previos a las elecciones generales. De acuerdo al Cronograma dispuesto por la C\u00e1mara Nacional electoral, desde este mi\u00e9rcoles 27, empez\u00f3 a regir la veda para los actos de Gobierno, donde, tanto el Poder Ejecutivo Nacional como las administraciones provinciales y [&hellip;]\" \/>\n<meta property=\"og:url\" content=\"https:\/\/cvinoticias.com\/v3\/ya-esta-en-vigencia-la-veda-para-actos-de-gobierno-por-las-elecciones\/\" \/>\n<meta property=\"og:site_name\" content=\"CVI NOTICIAS\" \/>\n<meta property=\"article:publisher\" content=\"https:\/\/www.facebook.com\/cvinoticias\" \/>\n<meta property=\"article:published_time\" content=\"2023-09-28T08:24:38+00:00\" \/>\n<meta property=\"og:image\" content=\"https:\/\/cvinoticias.com\/wp-content\/uploads\/2023\/09\/0000146803.jpg\" \/>\n\t<meta property=\"og:image:width\" content=\"1200\" \/>\n\t<meta property=\"og:image:height\" content=\"726\" \/>\n\t<meta property=\"og:image:type\" content=\"image\/jpeg\" \/>\n<meta name=\"author\" content=\"f1000024\" \/>\n<meta name=\"twitter:card\" content=\"summary_large_image\" \/>\n<meta name=\"twitter:label1\" content=\"Escrito por\" \/>\n\t<meta name=\"twitter:data1\" content=\"f1000024\" \/>\n\t<meta name=\"twitter:label2\" content=\"Tiempo de lectura\" \/>\n\t<meta name=\"twitter:data2\" content=\"1 minuto\" \/>\n<script type=\"application\/ld+json\" class=\"yoast-schema-graph\">{\"@context\":\"https:\\\/\\\/schema.org\",\"@graph\":[{\"@type\":\"Article\",\"@id\":\"https:\\\/\\\/cvinoticias.com\\\/v3\\\/ya-esta-en-vigencia-la-veda-para-actos-de-gobierno-por-las-elecciones\\\/#article\",\"isPartOf\":{\"@id\":\"https:\\\/\\\/cvinoticias.com\\\/v3\\\/ya-esta-en-vigencia-la-veda-para-actos-de-gobierno-por-las-elecciones\\\/\"},\"author\":{\"name\":\"f1000024\",\"@id\":\"https:\\\/\\\/cvinoticias.com\\\/v3\\\/#\\\/schema\\\/person\\\/2db77e3c6bc03c538495d7b2b8be9b66\"},\"headline\":\"Ya esta en vigencia la veda para actos de Gobierno por las elecciones\",\"datePublished\":\"2023-09-28T08:24:38+00:00\",\"mainEntityOfPage\":{\"@id\":\"https:\\\/\\\/cvinoticias.com\\\/v3\\\/ya-esta-en-vigencia-la-veda-para-actos-de-gobierno-por-las-elecciones\\\/\"},\"wordCount\":251,\"commentCount\":0,\"publisher\":{\"@id\":\"https:\\\/\\\/cvinoticias.com\\\/v3\\\/#organization\"},\"image\":{\"@id\":\"https:\\\/\\\/cvinoticias.com\\\/v3\\\/ya-esta-en-vigencia-la-veda-para-actos-de-gobierno-por-las-elecciones\\\/#primaryimage\"},\"thumbnailUrl\":\"https:\\\/\\\/cvinoticias.com\\\/wp-content\\\/uploads\\\/2023\\\/09\\\/0000146803.jpg\",\"articleSection\":[\"Politica\"],\"inLanguage\":\"es\",\"potentialAction\":[{\"@type\":\"CommentAction\",\"name\":\"Comment\",\"target\":[\"https:\\\/\\\/cvinoticias.com\\\/v3\\\/ya-esta-en-vigencia-la-veda-para-actos-de-gobierno-por-las-elecciones\\\/#respond\"]}]},{\"@type\":\"WebPage\",\"@id\":\"https:\\\/\\\/cvinoticias.com\\\/v3\\\/ya-esta-en-vigencia-la-veda-para-actos-de-gobierno-por-las-elecciones\\\/\",\"url\":\"https:\\\/\\\/cvinoticias.com\\\/v3\\\/ya-esta-en-vigencia-la-veda-para-actos-de-gobierno-por-las-elecciones\\\/\",\"name\":\"Ya esta en vigencia la veda para actos de Gobierno por las elecciones | CVI NOTICIAS\",\"isPartOf\":{\"@id\":\"https:\\\/\\\/cvinoticias.com\\\/v3\\\/#website\"},\"primaryImageOfPage\":{\"@id\":\"https:\\\/\\\/cvinoticias.com\\\/v3\\\/ya-esta-en-vigencia-la-veda-para-actos-de-gobierno-por-las-elecciones\\\/#primaryimage\"},\"image\":{\"@id\":\"https:\\\/\\\/cvinoticias.com\\\/v3\\\/ya-esta-en-vigencia-la-veda-para-actos-de-gobierno-por-las-elecciones\\\/#primaryimage\"},\"thumbnailUrl\":\"https:\\\/\\\/cvinoticias.com\\\/wp-content\\\/uploads\\\/2023\\\/09\\\/0000146803.jpg\",\"datePublished\":\"2023-09-28T08:24:38+00:00\",\"breadcrumb\":{\"@id\":\"https:\\\/\\\/cvinoticias.com\\\/v3\\\/ya-esta-en-vigencia-la-veda-para-actos-de-gobierno-por-las-elecciones\\\/#breadcrumb\"},\"inLanguage\":\"es\",\"potentialAction\":[{\"@type\":\"ReadAction\",\"target\":[\"https:\\\/\\\/cvinoticias.com\\\/v3\\\/ya-esta-en-vigencia-la-veda-para-actos-de-gobierno-por-las-elecciones\\\/\"]}]},{\"@type\":\"ImageObject\",\"inLanguage\":\"es\",\"@id\":\"https:\\\/\\\/cvinoticias.com\\\/v3\\\/ya-esta-en-vigencia-la-veda-para-actos-de-gobierno-por-las-elecciones\\\/#primaryimage\",\"url\":\"https:\\\/\\\/cvinoticias.com\\\/wp-content\\\/uploads\\\/2023\\\/09\\\/0000146803.jpg\",\"contentUrl\":\"https:\\\/\\\/cvinoticias.com\\\/wp-content\\\/uploads\\\/2023\\\/09\\\/0000146803.jpg\",\"width\":1200,\"height\":726},{\"@type\":\"BreadcrumbList\",\"@id\":\"https:\\\/\\\/cvinoticias.com\\\/v3\\\/ya-esta-en-vigencia-la-veda-para-actos-de-gobierno-por-las-elecciones\\\/#breadcrumb\",\"itemListElement\":[{\"@type\":\"ListItem\",\"position\":1,\"name\":\"Portada\",\"item\":\"https:\\\/\\\/cvinoticias.com\\\/v3\\\/\"},{\"@type\":\"ListItem\",\"position\":2,\"name\":\"Ya esta en vigencia la veda para actos de Gobierno por las elecciones\"}]},{\"@type\":\"WebSite\",\"@id\":\"https:\\\/\\\/cvinoticias.com\\\/v3\\\/#website\",\"url\":\"https:\\\/\\\/cvinoticias.com\\\/v3\\\/\",\"name\":\"CVI NOTICIAS\",\"description\":\"\",\"publisher\":{\"@id\":\"https:\\\/\\\/cvinoticias.com\\\/v3\\\/#organization\"},\"alternateName\":\"CVI\",\"potentialAction\":[{\"@type\":\"SearchAction\",\"target\":{\"@type\":\"EntryPoint\",\"urlTemplate\":\"https:\\\/\\\/cvinoticias.com\\\/v3\\\/?s={search_term_string}\"},\"query-input\":{\"@type\":\"PropertyValueSpecification\",\"valueRequired\":true,\"valueName\":\"search_term_string\"}}],\"inLanguage\":\"es\"},{\"@type\":\"Organization\",\"@id\":\"https:\\\/\\\/cvinoticias.com\\\/v3\\\/#organization\",\"name\":\"CVI NOTICIAS\",\"url\":\"https:\\\/\\\/cvinoticias.com\\\/v3\\\/\",\"logo\":{\"@type\":\"ImageObject\",\"inLanguage\":\"es\",\"@id\":\"https:\\\/\\\/cvinoticias.com\\\/v3\\\/#\\\/schema\\\/logo\\\/image\\\/\",\"url\":\"https:\\\/\\\/cvinoticias.com\\\/wp-content\\\/uploads\\\/2023\\\/04\\\/cropped-cropped-cropped-cropped-cropped-3-1.png\",\"contentUrl\":\"https:\\\/\\\/cvinoticias.com\\\/wp-content\\\/uploads\\\/2023\\\/04\\\/cropped-cropped-cropped-cropped-cropped-3-1.png\",\"width\":95,\"height\":122,\"caption\":\"CVI NOTICIAS\"},\"image\":{\"@id\":\"https:\\\/\\\/cvinoticias.com\\\/v3\\\/#\\\/schema\\\/logo\\\/image\\\/\"},\"sameAs\":[\"https:\\\/\\\/www.facebook.com\\\/cvinoticias\",\"https:\\\/\\\/www.instagram.com\\\/cvinoticias\\\/\",\"https:\\\/\\\/www.youtube.com\\\/@CVINOTICIAS\"]},{\"@type\":\"Person\",\"@id\":\"https:\\\/\\\/cvinoticias.com\\\/v3\\\/#\\\/schema\\\/person\\\/2db77e3c6bc03c538495d7b2b8be9b66\",\"name\":\"f1000024\",\"image\":{\"@type\":\"ImageObject\",\"inLanguage\":\"es\",\"@id\":\"https:\\\/\\\/secure.gravatar.com\\\/avatar\\\/d4fe7459cfc51ff5129ce1a732bbef5928568b8092d412ef95611616376bbeed?s=96&d=mm&r=g\",\"url\":\"https:\\\/\\\/secure.gravatar.com\\\/avatar\\\/d4fe7459cfc51ff5129ce1a732bbef5928568b8092d412ef95611616376bbeed?s=96&d=mm&r=g\",\"contentUrl\":\"https:\\\/\\\/secure.gravatar.com\\\/avatar\\\/d4fe7459cfc51ff5129ce1a732bbef5928568b8092d412ef95611616376bbeed?s=96&d=mm&r=g\",\"caption\":\"f1000024\"},\"url\":\"https:\\\/\\\/cvinoticias.com\\\/v3\\\/author\\\/f1000024\\\/\"}]}<\/script>\n<!-- \/ Yoast SEO plugin. -->","yoast_head_json":{"title":"Ya esta en vigencia la veda para actos de Gobierno por las elecciones | CVI NOTICIAS","robots":{"index":"index","follow":"follow","max-snippet":"max-snippet:-1","max-image-preview":"max-image-preview:large","max-video-preview":"max-video-preview:-1"},"canonical":"https:\/\/cvinoticias.com\/v3\/ya-esta-en-vigencia-la-veda-para-actos-de-gobierno-por-las-elecciones\/","og_locale":"es_ES","og_type":"article","og_title":"Ya esta en vigencia la veda para actos de Gobierno por las elecciones | CVI NOTICIAS","og_description":"Se trata de la prohibici\u00f3n dispuesta por la C\u00e1mara Nacional electoral para los 25 d\u00edas previos a las elecciones generales. De acuerdo al Cronograma dispuesto por la C\u00e1mara Nacional electoral, desde este mi\u00e9rcoles 27, empez\u00f3 a regir la veda para los actos de Gobierno, donde, tanto el Poder Ejecutivo Nacional como las administraciones provinciales y [&hellip;]","og_url":"https:\/\/cvinoticias.com\/v3\/ya-esta-en-vigencia-la-veda-para-actos-de-gobierno-por-las-elecciones\/","og_site_name":"CVI NOTICIAS","article_publisher":"https:\/\/www.facebook.com\/cvinoticias","article_published_time":"2023-09-28T08:24:38+00:00","og_image":[{"width":1200,"height":726,"url":"https:\/\/cvinoticias.com\/wp-content\/uploads\/2023\/09\/0000146803.jpg","type":"image\/jpeg"}],"author":"f1000024","twitter_card":"summary_large_image","twitter_misc":{"Escrito por":"f1000024","Tiempo de lectura":"1 minuto"},"schema":{"@context":"https:\/\/schema.org","@graph":[{"@type":"Article","@id":"https:\/\/cvinoticias.com\/v3\/ya-esta-en-vigencia-la-veda-para-actos-de-gobierno-por-las-elecciones\/#article","isPartOf":{"@id":"https:\/\/cvinoticias.com\/v3\/ya-esta-en-vigencia-la-veda-para-actos-de-gobierno-por-las-elecciones\/"},"author":{"name":"f1000024","@id":"https:\/\/cvinoticias.com\/v3\/#\/schema\/person\/2db77e3c6bc03c538495d7b2b8be9b66"},"headline":"Ya esta en vigencia la veda para actos de Gobierno por las elecciones","datePublished":"2023-09-28T08:24:38+00:00","mainEntityOfPage":{"@id":"https:\/\/cvinoticias.com\/v3\/ya-esta-en-vigencia-la-veda-para-actos-de-gobierno-por-las-elecciones\/"},"wordCount":251,"commentCount":0,"publisher":{"@id":"https:\/\/cvinoticias.com\/v3\/#organization"},"image":{"@id":"https:\/\/cvinoticias.com\/v3\/ya-esta-en-vigencia-la-veda-para-actos-de-gobierno-por-las-elecciones\/#primaryimage"},"thumbnailUrl":"https:\/\/cvinoticias.com\/wp-content\/uploads\/2023\/09\/0000146803.jpg","articleSection":["Politica"],"inLanguage":"es","potentialAction":[{"@type":"CommentAction","name":"Comment","target":["https:\/\/cvinoticias.com\/v3\/ya-esta-en-vigencia-la-veda-para-actos-de-gobierno-por-las-elecciones\/#respond"]}]},{"@type":"WebPage","@id":"https:\/\/cvinoticias.com\/v3\/ya-esta-en-vigencia-la-veda-para-actos-de-gobierno-por-las-elecciones\/","url":"https:\/\/cvinoticias.com\/v3\/ya-esta-en-vigencia-la-veda-para-actos-de-gobierno-por-las-elecciones\/","name":"Ya esta en vigencia la veda para actos de Gobierno por las elecciones | CVI NOTICIAS","isPartOf":{"@id":"https:\/\/cvinoticias.com\/v3\/#website"},"primaryImageOfPage":{"@id":"https:\/\/cvinoticias.com\/v3\/ya-esta-en-vigencia-la-veda-para-actos-de-gobierno-por-las-elecciones\/#primaryimage"},"image":{"@id":"https:\/\/cvinoticias.com\/v3\/ya-esta-en-vigencia-la-veda-para-actos-de-gobierno-por-las-elecciones\/#primaryimage"},"thumbnailUrl":"https:\/\/cvinoticias.com\/wp-content\/uploads\/2023\/09\/0000146803.jpg","datePublished":"2023-09-28T08:24:38+00:00","breadcrumb":{"@id":"https:\/\/cvinoticias.com\/v3\/ya-esta-en-vigencia-la-veda-para-actos-de-gobierno-por-las-elecciones\/#breadcrumb"},"inLanguage":"es","potentialAction":[{"@type":"ReadAction","target":["https:\/\/cvinoticias.com\/v3\/ya-esta-en-vigencia-la-veda-para-actos-de-gobierno-por-las-elecciones\/"]}]},{"@type":"ImageObject","inLanguage":"es","@id":"https:\/\/cvinoticias.com\/v3\/ya-esta-en-vigencia-la-veda-para-actos-de-gobierno-por-las-elecciones\/#primaryimage","url":"https:\/\/cvinoticias.com\/wp-content\/uploads\/2023\/09\/0000146803.jpg","contentUrl":"https:\/\/cvinoticias.com\/wp-content\/uploads\/2023\/09\/0000146803.jpg","width":1200,"height":726},{"@type":"BreadcrumbList","@id":"https:\/\/cvinoticias.com\/v3\/ya-esta-en-vigencia-la-veda-para-actos-de-gobierno-por-las-elecciones\/#breadcrumb","itemListElement":[{"@type":"ListItem","position":1,"name":"Portada","item":"https:\/\/cvinoticias.com\/v3\/"},{"@type":"ListItem","position":2,"name":"Ya esta en vigencia la veda para actos de Gobierno por las elecciones"}]},{"@type":"WebSite","@id":"https:\/\/cvinoticias.com\/v3\/#website","url":"https:\/\/cvinoticias.com\/v3\/","name":"CVI NOTICIAS","description":"","publisher":{"@id":"https:\/\/cvinoticias.com\/v3\/#organization"},"alternateName":"CVI","potentialAction":[{"@type":"SearchAction","target":{"@type":"EntryPoint","urlTemplate":"https:\/\/cvinoticias.com\/v3\/?s={search_term_string}"},"query-input":{"@type":"PropertyValueSpecification","valueRequired":true,"valueName":"search_term_string"}}],"inLanguage":"es"},{"@type":"Organization","@id":"https:\/\/cvinoticias.com\/v3\/#organization","name":"CVI NOTICIAS","url":"https:\/\/cvinoticias.com\/v3\/","logo":{"@type":"ImageObject","inLanguage":"es","@id":"https:\/\/cvinoticias.com\/v3\/#\/schema\/logo\/image\/","url":"https:\/\/cvinoticias.com\/wp-content\/uploads\/2023\/04\/cropped-cropped-cropped-cropped-cropped-3-1.png","contentUrl":"https:\/\/cvinoticias.com\/wp-content\/uploads\/2023\/04\/cropped-cropped-cropped-cropped-cropped-3-1.png","width":95,"height":122,"caption":"CVI NOTICIAS"},"image":{"@id":"https:\/\/cvinoticias.com\/v3\/#\/schema\/logo\/image\/"},"sameAs":["https:\/\/www.facebook.com\/cvinoticias","https:\/\/www.instagram.com\/cvinoticias\/","https:\/\/www.youtube.com\/@CVINOTICIAS"]},{"@type":"Person","@id":"https:\/\/cvinoticias.com\/v3\/#\/schema\/person\/2db77e3c6bc03c538495d7b2b8be9b66","name":"f1000024","image":{"@type":"ImageObject","inLanguage":"es","@id":"https:\/\/secure.gravatar.com\/avatar\/d4fe7459cfc51ff5129ce1a732bbef5928568b8092d412ef95611616376bbeed?s=96&d=mm&r=g","url":"https:\/\/secure.gravatar.com\/avatar\/d4fe7459cfc51ff5129ce1a732bbef5928568b8092d412ef95611616376bbeed?s=96&d=mm&r=g","contentUrl":"https:\/\/secure.gravatar.com\/avatar\/d4fe7459cfc51ff5129ce1a732bbef5928568b8092d412ef95611616376bbeed?s=96&d=mm&r=g","caption":"f1000024"},"url":"https:\/\/cvinoticias.com\/v3\/author\/f1000024\/"}]}},"_links":{"self":[{"href":"https:\/\/cvinoticias.com\/v3\/wp-json\/wp\/v2\/posts\/28373","targetHints":{"allow":["GET"]}}],"collection":[{"href":"https:\/\/cvinoticias.com\/v3\/wp-json\/wp\/v2\/posts"}],"about":[{"href":"https:\/\/cvinoticias.com\/v3\/wp-json\/wp\/v2\/types\/post"}],"author":[{"embeddable":true,"href":"https:\/\/cvinoticias.com\/v3\/wp-json\/wp\/v2\/users\/2"}],"replies":[{"embeddable":true,"href":"https:\/\/cvinoticias.com\/v3\/wp-json\/wp\/v2\/comments?post=28373"}],"version-history":[{"count":1,"href":"https:\/\/cvinoticias.com\/v3\/wp-json\/wp\/v2\/posts\/28373\/revisions"}],"predecessor-version":[{"id":28375,"href":"https:\/\/cvinoticias.com\/v3\/wp-json\/wp\/v2\/posts\/28373\/revisions\/28375"}],"wp:featuredmedia":[{"embeddable":true,"href":"https:\/\/cvinoticias.com\/v3\/wp-json\/wp\/v2\/media\/28374"}],"wp:attachment":[{"href":"https:\/\/cvinoticias.com\/v3\/wp-json\/wp\/v2\/media?parent=28373"}],"wp:term":[{"taxonomy":"category","embeddable":true,"href":"https:\/\/cvinoticias.com\/v3\/wp-json\/wp\/v2\/categories?post=28373"},{"taxonomy":"post_tag","embeddable":true,"href":"https:\/\/cvinoticias.com\/v3\/wp-json\/wp\/v2\/tags?post=28373"}],"curies":[{"name":"wp","href":"https:\/\/api.w.org\/{rel}","templated":true}]}}