{"id":28370,"date":"2023-09-28T08:11:07","date_gmt":"2023-09-28T08:11:07","guid":{"rendered":"https:\/\/cvinoticias.com\/v3\/?p=28370"},"modified":"2023-09-28T08:11:07","modified_gmt":"2023-09-28T08:11:07","slug":"aprobaron-un-aumento-del-322-del-salario-minimo-vital-y-movil-y-en-diciembre-sera-de-156-mil-pesos","status":"publish","type":"post","link":"https:\/\/cvinoticias.com\/v3\/aprobaron-un-aumento-del-322-del-salario-minimo-vital-y-movil-y-en-diciembre-sera-de-156-mil-pesos\/","title":{"rendered":"Aprobaron un aumento del 32,2% del salario m\u00ednimo, vital y m\u00f3vil y en diciembre ser\u00e1 de 156 mil pesos"},"content":{"rendered":"\n<p><strong><em>Sindicalistas de la CGT y de la CTA de los Trabajadores y las c\u00e1maras empresarias aprobaron en la Comisi\u00f3n del Salario M\u00ednimo, Vital y M\u00f3vil un aumento de ese ingreso para el trimestre octubre-diciembre del 32,2%, informaron fuentes gremiales.<\/em><\/strong><\/p>\n\n\n\n<p>Con el respaldo de la CGT, que colideran H\u00e9ctor Daer, Carlos Acu\u00f1a y Pablo Moyano, y la Central de los Trabajadores Argentinos (CTA), al mando de Hugo Yasky, las partes convinieron ese monto en tres tramos, por lo que el ingreso m\u00ednimo, vital y m\u00f3vil ser\u00e1 en diciembre de 156 mil pesos en relaci\u00f3n con los 118 mil pesos actuales.<\/p>\n\n\n\n<p>Al ratificar su posici\u00f3n hist\u00f3rica, la Central de los Trabajadores de la Argentina Aut\u00f3noma (CTAA), que colideran Hugo Godoy y Ricardo Peidro, vot\u00f3 en contra de esa propuesta y ratific\u00f3 el reclamo de incremento de como m\u00ednimo el 44 por ciento para ese personal.<\/p>\n\n\n\n<p>\u00abA diciembre pr\u00f3ximo el m\u00ednimo ser\u00e1 de tan solo 156 mil pesos, por lo que ese ingreso se mantendr\u00e1 entonces por debajo de la canasta de indigencia\u00bb, sostuvo la CTA Aut\u00f3noma al rechazar la propuesta, que respaldaron la CGT y la CTA de los Trabajadores.<\/p>\n\n\n\n<p>La ministra de Trabajo, Raquel &#8216;Kelly&#8217; Olmos, hab\u00eda dicho que el objetivo de la reuni\u00f3n del Consejo de Salario era \u00abavanzar en la adecuaci\u00f3n del salario m\u00ednimo, vital y m\u00f3vil e introducir un cambio importante en el seguro de desempleo\u00bb.<\/p>\n\n\n\n<p>En declaraciones radiales dijo que las partes iban a \u00abtrabajar con ese horizonte de actualizaci\u00f3n y de mejora del salario, recordando siempre que es algo que sobre todo impacta sobre los ingresos complementarios de los sectores de la econom\u00eda popular\u00bb.<\/p>\n\n\n\n<p>\u00abEl objetivo es avanzar en la adecuaci\u00f3n del salario e introducir un cambio importante en el seguro de desempleo. Entendemos que ha quedado desfasado, lo cual desestimula la formalizaci\u00f3n. Lo que hoy llamamos planes sociales generan una ventaja superior al seguro de desempleo; pensamos que hay que adecuarlo\u00bb, explic\u00f3.<\/p>\n","protected":false},"excerpt":{"rendered":"<p>Sindicalistas de la CGT y de la CTA de los Trabajadores y las c\u00e1maras empresarias aprobaron en la Comisi\u00f3n del Salario M\u00ednimo, Vital y M\u00f3vil un aumento de ese ingreso para el trimestre octubre-diciembre del 32,2%, informaron fuentes gremiales. Con el respaldo de la CGT, que colideran H\u00e9ctor Daer, Carlos Acu\u00f1a y Pablo Moyano, y [&hellip;]<\/p>\n","protected":false},"author":2,"featured_media":28371,"comment_status":"open","ping_status":"open","sticky":false,"template":"","format":"standard","meta":{"footnotes":""},"categories":[32],"tags":[],"class_list":["post-28370","post","type-post","status-publish","format-standard","has-post-thumbnail","hentry","category-economia"],"yoast_head":"<!-- This site is optimized with the Yoast SEO plugin v27.4 - https:\/\/yoast.com\/product\/yoast-seo-wordpress\/ -->\n<title>Aprobaron un aumento del 32,2% del salario m\u00ednimo, vital y m\u00f3vil y en diciembre ser\u00e1 de 156 mil pesos | CVI NOTICIAS<\/title>\n<meta name=\"robots\" content=\"index, follow, max-snippet:-1, max-image-preview:large, max-video-preview:-1\" \/>\n<link rel=\"canonical\" href=\"https:\/\/cvinoticias.com\/v3\/aprobaron-un-aumento-del-322-del-salario-minimo-vital-y-movil-y-en-diciembre-sera-de-156-mil-pesos\/\" \/>\n<meta property=\"og:locale\" content=\"es_ES\" \/>\n<meta property=\"og:type\" content=\"article\" \/>\n<meta property=\"og:title\" content=\"Aprobaron un aumento del 32,2% del salario m\u00ednimo, vital y m\u00f3vil y en diciembre ser\u00e1 de 156 mil pesos | CVI NOTICIAS\" \/>\n<meta property=\"og:description\" content=\"Sindicalistas de la CGT y de la CTA de los Trabajadores y las c\u00e1maras empresarias aprobaron en la Comisi\u00f3n del Salario M\u00ednimo, Vital y M\u00f3vil un aumento de ese ingreso para el trimestre octubre-diciembre del 32,2%, informaron fuentes gremiales. Con el respaldo de la CGT, que colideran H\u00e9ctor Daer, Carlos Acu\u00f1a y Pablo Moyano, y [&hellip;]\" \/>\n<meta property=\"og:url\" content=\"https:\/\/cvinoticias.com\/v3\/aprobaron-un-aumento-del-322-del-salario-minimo-vital-y-movil-y-en-diciembre-sera-de-156-mil-pesos\/\" \/>\n<meta property=\"og:site_name\" content=\"CVI NOTICIAS\" \/>\n<meta property=\"article:publisher\" content=\"https:\/\/www.facebook.com\/cvinoticias\" \/>\n<meta property=\"article:published_time\" content=\"2023-09-28T08:11:07+00:00\" \/>\n<meta property=\"og:image\" content=\"https:\/\/cvinoticias.com\/wp-content\/uploads\/2023\/09\/Screenshot_20230928_051044_Facebook.jpg\" \/>\n\t<meta property=\"og:image:width\" content=\"1079\" \/>\n\t<meta property=\"og:image:height\" content=\"557\" \/>\n\t<meta property=\"og:image:type\" content=\"image\/jpeg\" \/>\n<meta name=\"author\" content=\"f1000024\" \/>\n<meta name=\"twitter:card\" content=\"summary_large_image\" \/>\n<meta name=\"twitter:label1\" content=\"Escrito por\" \/>\n\t<meta name=\"twitter:data1\" content=\"f1000024\" \/>\n\t<meta name=\"twitter:label2\" content=\"Tiempo de lectura\" \/>\n\t<meta name=\"twitter:data2\" content=\"2 minutos\" \/>\n<script type=\"application\/ld+json\" class=\"yoast-schema-graph\">{\"@context\":\"https:\\\/\\\/schema.org\",\"@graph\":[{\"@type\":\"Article\",\"@id\":\"https:\\\/\\\/cvinoticias.com\\\/v3\\\/aprobaron-un-aumento-del-322-del-salario-minimo-vital-y-movil-y-en-diciembre-sera-de-156-mil-pesos\\\/#article\",\"isPartOf\":{\"@id\":\"https:\\\/\\\/cvinoticias.com\\\/v3\\\/aprobaron-un-aumento-del-322-del-salario-minimo-vital-y-movil-y-en-diciembre-sera-de-156-mil-pesos\\\/\"},\"author\":{\"name\":\"f1000024\",\"@id\":\"https:\\\/\\\/cvinoticias.com\\\/v3\\\/#\\\/schema\\\/person\\\/2db77e3c6bc03c538495d7b2b8be9b66\"},\"headline\":\"Aprobaron un aumento del 32,2% del salario m\u00ednimo, vital y m\u00f3vil y en diciembre ser\u00e1 de 156 mil pesos\",\"datePublished\":\"2023-09-28T08:11:07+00:00\",\"mainEntityOfPage\":{\"@id\":\"https:\\\/\\\/cvinoticias.com\\\/v3\\\/aprobaron-un-aumento-del-322-del-salario-minimo-vital-y-movil-y-en-diciembre-sera-de-156-mil-pesos\\\/\"},\"wordCount\":356,\"commentCount\":0,\"publisher\":{\"@id\":\"https:\\\/\\\/cvinoticias.com\\\/v3\\\/#organization\"},\"image\":{\"@id\":\"https:\\\/\\\/cvinoticias.com\\\/v3\\\/aprobaron-un-aumento-del-322-del-salario-minimo-vital-y-movil-y-en-diciembre-sera-de-156-mil-pesos\\\/#primaryimage\"},\"thumbnailUrl\":\"https:\\\/\\\/cvinoticias.com\\\/wp-content\\\/uploads\\\/2023\\\/09\\\/Screenshot_20230928_051044_Facebook.jpg\",\"articleSection\":[\"Econom\u00eda\"],\"inLanguage\":\"es\",\"potentialAction\":[{\"@type\":\"CommentAction\",\"name\":\"Comment\",\"target\":[\"https:\\\/\\\/cvinoticias.com\\\/v3\\\/aprobaron-un-aumento-del-322-del-salario-minimo-vital-y-movil-y-en-diciembre-sera-de-156-mil-pesos\\\/#respond\"]}]},{\"@type\":\"WebPage\",\"@id\":\"https:\\\/\\\/cvinoticias.com\\\/v3\\\/aprobaron-un-aumento-del-322-del-salario-minimo-vital-y-movil-y-en-diciembre-sera-de-156-mil-pesos\\\/\",\"url\":\"https:\\\/\\\/cvinoticias.com\\\/v3\\\/aprobaron-un-aumento-del-322-del-salario-minimo-vital-y-movil-y-en-diciembre-sera-de-156-mil-pesos\\\/\",\"name\":\"Aprobaron un aumento del 32,2% del salario m\u00ednimo, vital y m\u00f3vil y en diciembre ser\u00e1 de 156 mil pesos | CVI NOTICIAS\",\"isPartOf\":{\"@id\":\"https:\\\/\\\/cvinoticias.com\\\/v3\\\/#website\"},\"primaryImageOfPage\":{\"@id\":\"https:\\\/\\\/cvinoticias.com\\\/v3\\\/aprobaron-un-aumento-del-322-del-salario-minimo-vital-y-movil-y-en-diciembre-sera-de-156-mil-pesos\\\/#primaryimage\"},\"image\":{\"@id\":\"https:\\\/\\\/cvinoticias.com\\\/v3\\\/aprobaron-un-aumento-del-322-del-salario-minimo-vital-y-movil-y-en-diciembre-sera-de-156-mil-pesos\\\/#primaryimage\"},\"thumbnailUrl\":\"https:\\\/\\\/cvinoticias.com\\\/wp-content\\\/uploads\\\/2023\\\/09\\\/Screenshot_20230928_051044_Facebook.jpg\",\"datePublished\":\"2023-09-28T08:11:07+00:00\",\"breadcrumb\":{\"@id\":\"https:\\\/\\\/cvinoticias.com\\\/v3\\\/aprobaron-un-aumento-del-322-del-salario-minimo-vital-y-movil-y-en-diciembre-sera-de-156-mil-pesos\\\/#breadcrumb\"},\"inLanguage\":\"es\",\"potentialAction\":[{\"@type\":\"ReadAction\",\"target\":[\"https:\\\/\\\/cvinoticias.com\\\/v3\\\/aprobaron-un-aumento-del-322-del-salario-minimo-vital-y-movil-y-en-diciembre-sera-de-156-mil-pesos\\\/\"]}]},{\"@type\":\"ImageObject\",\"inLanguage\":\"es\",\"@id\":\"https:\\\/\\\/cvinoticias.com\\\/v3\\\/aprobaron-un-aumento-del-322-del-salario-minimo-vital-y-movil-y-en-diciembre-sera-de-156-mil-pesos\\\/#primaryimage\",\"url\":\"https:\\\/\\\/cvinoticias.com\\\/wp-content\\\/uploads\\\/2023\\\/09\\\/Screenshot_20230928_051044_Facebook.jpg\",\"contentUrl\":\"https:\\\/\\\/cvinoticias.com\\\/wp-content\\\/uploads\\\/2023\\\/09\\\/Screenshot_20230928_051044_Facebook.jpg\",\"width\":1079,\"height\":557},{\"@type\":\"BreadcrumbList\",\"@id\":\"https:\\\/\\\/cvinoticias.com\\\/v3\\\/aprobaron-un-aumento-del-322-del-salario-minimo-vital-y-movil-y-en-diciembre-sera-de-156-mil-pesos\\\/#breadcrumb\",\"itemListElement\":[{\"@type\":\"ListItem\",\"position\":1,\"name\":\"Portada\",\"item\":\"https:\\\/\\\/cvinoticias.com\\\/v3\\\/\"},{\"@type\":\"ListItem\",\"position\":2,\"name\":\"Aprobaron un aumento del 32,2% del salario m\u00ednimo, vital y m\u00f3vil y en diciembre ser\u00e1 de 156 mil pesos\"}]},{\"@type\":\"WebSite\",\"@id\":\"https:\\\/\\\/cvinoticias.com\\\/v3\\\/#website\",\"url\":\"https:\\\/\\\/cvinoticias.com\\\/v3\\\/\",\"name\":\"CVI NOTICIAS\",\"description\":\"\",\"publisher\":{\"@id\":\"https:\\\/\\\/cvinoticias.com\\\/v3\\\/#organization\"},\"alternateName\":\"CVI\",\"potentialAction\":[{\"@type\":\"SearchAction\",\"target\":{\"@type\":\"EntryPoint\",\"urlTemplate\":\"https:\\\/\\\/cvinoticias.com\\\/v3\\\/?s={search_term_string}\"},\"query-input\":{\"@type\":\"PropertyValueSpecification\",\"valueRequired\":true,\"valueName\":\"search_term_string\"}}],\"inLanguage\":\"es\"},{\"@type\":\"Organization\",\"@id\":\"https:\\\/\\\/cvinoticias.com\\\/v3\\\/#organization\",\"name\":\"CVI NOTICIAS\",\"url\":\"https:\\\/\\\/cvinoticias.com\\\/v3\\\/\",\"logo\":{\"@type\":\"ImageObject\",\"inLanguage\":\"es\",\"@id\":\"https:\\\/\\\/cvinoticias.com\\\/v3\\\/#\\\/schema\\\/logo\\\/image\\\/\",\"url\":\"https:\\\/\\\/cvinoticias.com\\\/wp-content\\\/uploads\\\/2023\\\/04\\\/cropped-cropped-cropped-cropped-cropped-3-1.png\",\"contentUrl\":\"https:\\\/\\\/cvinoticias.com\\\/wp-content\\\/uploads\\\/2023\\\/04\\\/cropped-cropped-cropped-cropped-cropped-3-1.png\",\"width\":95,\"height\":122,\"caption\":\"CVI NOTICIAS\"},\"image\":{\"@id\":\"https:\\\/\\\/cvinoticias.com\\\/v3\\\/#\\\/schema\\\/logo\\\/image\\\/\"},\"sameAs\":[\"https:\\\/\\\/www.facebook.com\\\/cvinoticias\",\"https:\\\/\\\/www.instagram.com\\\/cvinoticias\\\/\",\"https:\\\/\\\/www.youtube.com\\\/@CVINOTICIAS\"]},{\"@type\":\"Person\",\"@id\":\"https:\\\/\\\/cvinoticias.com\\\/v3\\\/#\\\/schema\\\/person\\\/2db77e3c6bc03c538495d7b2b8be9b66\",\"name\":\"f1000024\",\"image\":{\"@type\":\"ImageObject\",\"inLanguage\":\"es\",\"@id\":\"https:\\\/\\\/secure.gravatar.com\\\/avatar\\\/d4fe7459cfc51ff5129ce1a732bbef5928568b8092d412ef95611616376bbeed?s=96&d=mm&r=g\",\"url\":\"https:\\\/\\\/secure.gravatar.com\\\/avatar\\\/d4fe7459cfc51ff5129ce1a732bbef5928568b8092d412ef95611616376bbeed?s=96&d=mm&r=g\",\"contentUrl\":\"https:\\\/\\\/secure.gravatar.com\\\/avatar\\\/d4fe7459cfc51ff5129ce1a732bbef5928568b8092d412ef95611616376bbeed?s=96&d=mm&r=g\",\"caption\":\"f1000024\"},\"url\":\"https:\\\/\\\/cvinoticias.com\\\/v3\\\/author\\\/f1000024\\\/\"}]}<\/script>\n<!-- \/ Yoast SEO plugin. -->","yoast_head_json":{"title":"Aprobaron un aumento del 32,2% del salario m\u00ednimo, vital y m\u00f3vil y en diciembre ser\u00e1 de 156 mil pesos | CVI NOTICIAS","robots":{"index":"index","follow":"follow","max-snippet":"max-snippet:-1","max-image-preview":"max-image-preview:large","max-video-preview":"max-video-preview:-1"},"canonical":"https:\/\/cvinoticias.com\/v3\/aprobaron-un-aumento-del-322-del-salario-minimo-vital-y-movil-y-en-diciembre-sera-de-156-mil-pesos\/","og_locale":"es_ES","og_type":"article","og_title":"Aprobaron un aumento del 32,2% del salario m\u00ednimo, vital y m\u00f3vil y en diciembre ser\u00e1 de 156 mil pesos | CVI NOTICIAS","og_description":"Sindicalistas de la CGT y de la CTA de los Trabajadores y las c\u00e1maras empresarias aprobaron en la Comisi\u00f3n del Salario M\u00ednimo, Vital y M\u00f3vil un aumento de ese ingreso para el trimestre octubre-diciembre del 32,2%, informaron fuentes gremiales. Con el respaldo de la CGT, que colideran H\u00e9ctor Daer, Carlos Acu\u00f1a y Pablo Moyano, y [&hellip;]","og_url":"https:\/\/cvinoticias.com\/v3\/aprobaron-un-aumento-del-322-del-salario-minimo-vital-y-movil-y-en-diciembre-sera-de-156-mil-pesos\/","og_site_name":"CVI NOTICIAS","article_publisher":"https:\/\/www.facebook.com\/cvinoticias","article_published_time":"2023-09-28T08:11:07+00:00","og_image":[{"width":1079,"height":557,"url":"https:\/\/cvinoticias.com\/wp-content\/uploads\/2023\/09\/Screenshot_20230928_051044_Facebook.jpg","type":"image\/jpeg"}],"author":"f1000024","twitter_card":"summary_large_image","twitter_misc":{"Escrito por":"f1000024","Tiempo de lectura":"2 minutos"},"schema":{"@context":"https:\/\/schema.org","@graph":[{"@type":"Article","@id":"https:\/\/cvinoticias.com\/v3\/aprobaron-un-aumento-del-322-del-salario-minimo-vital-y-movil-y-en-diciembre-sera-de-156-mil-pesos\/#article","isPartOf":{"@id":"https:\/\/cvinoticias.com\/v3\/aprobaron-un-aumento-del-322-del-salario-minimo-vital-y-movil-y-en-diciembre-sera-de-156-mil-pesos\/"},"author":{"name":"f1000024","@id":"https:\/\/cvinoticias.com\/v3\/#\/schema\/person\/2db77e3c6bc03c538495d7b2b8be9b66"},"headline":"Aprobaron un aumento del 32,2% del salario m\u00ednimo, vital y m\u00f3vil y en diciembre ser\u00e1 de 156 mil pesos","datePublished":"2023-09-28T08:11:07+00:00","mainEntityOfPage":{"@id":"https:\/\/cvinoticias.com\/v3\/aprobaron-un-aumento-del-322-del-salario-minimo-vital-y-movil-y-en-diciembre-sera-de-156-mil-pesos\/"},"wordCount":356,"commentCount":0,"publisher":{"@id":"https:\/\/cvinoticias.com\/v3\/#organization"},"image":{"@id":"https:\/\/cvinoticias.com\/v3\/aprobaron-un-aumento-del-322-del-salario-minimo-vital-y-movil-y-en-diciembre-sera-de-156-mil-pesos\/#primaryimage"},"thumbnailUrl":"https:\/\/cvinoticias.com\/wp-content\/uploads\/2023\/09\/Screenshot_20230928_051044_Facebook.jpg","articleSection":["Econom\u00eda"],"inLanguage":"es","potentialAction":[{"@type":"CommentAction","name":"Comment","target":["https:\/\/cvinoticias.com\/v3\/aprobaron-un-aumento-del-322-del-salario-minimo-vital-y-movil-y-en-diciembre-sera-de-156-mil-pesos\/#respond"]}]},{"@type":"WebPage","@id":"https:\/\/cvinoticias.com\/v3\/aprobaron-un-aumento-del-322-del-salario-minimo-vital-y-movil-y-en-diciembre-sera-de-156-mil-pesos\/","url":"https:\/\/cvinoticias.com\/v3\/aprobaron-un-aumento-del-322-del-salario-minimo-vital-y-movil-y-en-diciembre-sera-de-156-mil-pesos\/","name":"Aprobaron un aumento del 32,2% del salario m\u00ednimo, vital y m\u00f3vil y en diciembre ser\u00e1 de 156 mil pesos | CVI NOTICIAS","isPartOf":{"@id":"https:\/\/cvinoticias.com\/v3\/#website"},"primaryImageOfPage":{"@id":"https:\/\/cvinoticias.com\/v3\/aprobaron-un-aumento-del-322-del-salario-minimo-vital-y-movil-y-en-diciembre-sera-de-156-mil-pesos\/#primaryimage"},"image":{"@id":"https:\/\/cvinoticias.com\/v3\/aprobaron-un-aumento-del-322-del-salario-minimo-vital-y-movil-y-en-diciembre-sera-de-156-mil-pesos\/#primaryimage"},"thumbnailUrl":"https:\/\/cvinoticias.com\/wp-content\/uploads\/2023\/09\/Screenshot_20230928_051044_Facebook.jpg","datePublished":"2023-09-28T08:11:07+00:00","breadcrumb":{"@id":"https:\/\/cvinoticias.com\/v3\/aprobaron-un-aumento-del-322-del-salario-minimo-vital-y-movil-y-en-diciembre-sera-de-156-mil-pesos\/#breadcrumb"},"inLanguage":"es","potentialAction":[{"@type":"ReadAction","target":["https:\/\/cvinoticias.com\/v3\/aprobaron-un-aumento-del-322-del-salario-minimo-vital-y-movil-y-en-diciembre-sera-de-156-mil-pesos\/"]}]},{"@type":"ImageObject","inLanguage":"es","@id":"https:\/\/cvinoticias.com\/v3\/aprobaron-un-aumento-del-322-del-salario-minimo-vital-y-movil-y-en-diciembre-sera-de-156-mil-pesos\/#primaryimage","url":"https:\/\/cvinoticias.com\/wp-content\/uploads\/2023\/09\/Screenshot_20230928_051044_Facebook.jpg","contentUrl":"https:\/\/cvinoticias.com\/wp-content\/uploads\/2023\/09\/Screenshot_20230928_051044_Facebook.jpg","width":1079,"height":557},{"@type":"BreadcrumbList","@id":"https:\/\/cvinoticias.com\/v3\/aprobaron-un-aumento-del-322-del-salario-minimo-vital-y-movil-y-en-diciembre-sera-de-156-mil-pesos\/#breadcrumb","itemListElement":[{"@type":"ListItem","position":1,"name":"Portada","item":"https:\/\/cvinoticias.com\/v3\/"},{"@type":"ListItem","position":2,"name":"Aprobaron un aumento del 32,2% del salario m\u00ednimo, vital y m\u00f3vil y en diciembre ser\u00e1 de 156 mil pesos"}]},{"@type":"WebSite","@id":"https:\/\/cvinoticias.com\/v3\/#website","url":"https:\/\/cvinoticias.com\/v3\/","name":"CVI NOTICIAS","description":"","publisher":{"@id":"https:\/\/cvinoticias.com\/v3\/#organization"},"alternateName":"CVI","potentialAction":[{"@type":"SearchAction","target":{"@type":"EntryPoint","urlTemplate":"https:\/\/cvinoticias.com\/v3\/?s={search_term_string}"},"query-input":{"@type":"PropertyValueSpecification","valueRequired":true,"valueName":"search_term_string"}}],"inLanguage":"es"},{"@type":"Organization","@id":"https:\/\/cvinoticias.com\/v3\/#organization","name":"CVI NOTICIAS","url":"https:\/\/cvinoticias.com\/v3\/","logo":{"@type":"ImageObject","inLanguage":"es","@id":"https:\/\/cvinoticias.com\/v3\/#\/schema\/logo\/image\/","url":"https:\/\/cvinoticias.com\/wp-content\/uploads\/2023\/04\/cropped-cropped-cropped-cropped-cropped-3-1.png","contentUrl":"https:\/\/cvinoticias.com\/wp-content\/uploads\/2023\/04\/cropped-cropped-cropped-cropped-cropped-3-1.png","width":95,"height":122,"caption":"CVI NOTICIAS"},"image":{"@id":"https:\/\/cvinoticias.com\/v3\/#\/schema\/logo\/image\/"},"sameAs":["https:\/\/www.facebook.com\/cvinoticias","https:\/\/www.instagram.com\/cvinoticias\/","https:\/\/www.youtube.com\/@CVINOTICIAS"]},{"@type":"Person","@id":"https:\/\/cvinoticias.com\/v3\/#\/schema\/person\/2db77e3c6bc03c538495d7b2b8be9b66","name":"f1000024","image":{"@type":"ImageObject","inLanguage":"es","@id":"https:\/\/secure.gravatar.com\/avatar\/d4fe7459cfc51ff5129ce1a732bbef5928568b8092d412ef95611616376bbeed?s=96&d=mm&r=g","url":"https:\/\/secure.gravatar.com\/avatar\/d4fe7459cfc51ff5129ce1a732bbef5928568b8092d412ef95611616376bbeed?s=96&d=mm&r=g","contentUrl":"https:\/\/secure.gravatar.com\/avatar\/d4fe7459cfc51ff5129ce1a732bbef5928568b8092d412ef95611616376bbeed?s=96&d=mm&r=g","caption":"f1000024"},"url":"https:\/\/cvinoticias.com\/v3\/author\/f1000024\/"}]}},"_links":{"self":[{"href":"https:\/\/cvinoticias.com\/v3\/wp-json\/wp\/v2\/posts\/28370","targetHints":{"allow":["GET"]}}],"collection":[{"href":"https:\/\/cvinoticias.com\/v3\/wp-json\/wp\/v2\/posts"}],"about":[{"href":"https:\/\/cvinoticias.com\/v3\/wp-json\/wp\/v2\/types\/post"}],"author":[{"embeddable":true,"href":"https:\/\/cvinoticias.com\/v3\/wp-json\/wp\/v2\/users\/2"}],"replies":[{"embeddable":true,"href":"https:\/\/cvinoticias.com\/v3\/wp-json\/wp\/v2\/comments?post=28370"}],"version-history":[{"count":1,"href":"https:\/\/cvinoticias.com\/v3\/wp-json\/wp\/v2\/posts\/28370\/revisions"}],"predecessor-version":[{"id":28372,"href":"https:\/\/cvinoticias.com\/v3\/wp-json\/wp\/v2\/posts\/28370\/revisions\/28372"}],"wp:featuredmedia":[{"embeddable":true,"href":"https:\/\/cvinoticias.com\/v3\/wp-json\/wp\/v2\/media\/28371"}],"wp:attachment":[{"href":"https:\/\/cvinoticias.com\/v3\/wp-json\/wp\/v2\/media?parent=28370"}],"wp:term":[{"taxonomy":"category","embeddable":true,"href":"https:\/\/cvinoticias.com\/v3\/wp-json\/wp\/v2\/categories?post=28370"},{"taxonomy":"post_tag","embeddable":true,"href":"https:\/\/cvinoticias.com\/v3\/wp-json\/wp\/v2\/tags?post=28370"}],"curies":[{"name":"wp","href":"https:\/\/api.w.org\/{rel}","templated":true}]}}