{"id":28352,"date":"2023-09-27T13:09:12","date_gmt":"2023-09-27T13:09:12","guid":{"rendered":"https:\/\/cvinoticias.com\/v3\/?p=28352"},"modified":"2023-09-27T13:09:12","modified_gmt":"2023-09-27T13:09:12","slug":"ganancias-la-afip-modifico-el-regimen-de-retencion-para-profesionales-autonomos","status":"publish","type":"post","link":"https:\/\/cvinoticias.com\/v3\/ganancias-la-afip-modifico-el-regimen-de-retencion-para-profesionales-autonomos\/","title":{"rendered":"Ganancias: la AFIP modific\u00f3 el r\u00e9gimen de retenci\u00f3n para profesionales aut\u00f3nomos"},"content":{"rendered":"\n<p><strong><em>El organismo actualiz\u00f3 los importes de la escala y\/o al\u00edcuotas aplicables para el c\u00e1lculo de la retenci\u00f3n cuando se trate de pagos por el ejercicio de profesiones liberales u oficios.<\/em><\/strong><\/p>\n\n\n\n<p>La AFIP modific\u00f3 el r\u00e9gimen de retenci\u00f3n de Ganancias y actualiz\u00f3 los importes de la escala y al\u00edcuotas para los pagos que deben realizar profesionales aut\u00f3nomos. La medida se formaliz\u00f3 por medio de la Resoluci\u00f3n General 5423\/2023, publicada este mi\u00e9rcoles en el Bolet\u00edn Oficial.<\/p>\n\n\n\n<p>Se trata de la modificaci\u00f3n de otra Resoluci\u00f3n General, la 830, que estableci\u00f3 un r\u00e9gimen de retenci\u00f3n y excepcional de ingreso del impuesto a las Ganancias sobre los pagos de determinadas rentas de distintas categor\u00edas, as\u00ed como sus ajustes, intereses y actualizaciones, siempre que correspondan a beneficiarios del pa\u00eds y no se encuentren exentos o excluidos del gravamen.<\/p>\n\n\n\n<p>La semana pasada, el Ministerio de Econom\u00eda hab\u00eda encomendado a la AFIP la adecuaci\u00f3n de ese r\u00e9gimen de retenci\u00f3n, con el fin de \u00abactualizar los importes de la escala y\/o al\u00edcuotas aplicables para el c\u00e1lculo de la retenci\u00f3n cuando se trate de pagos por el ejercicio de profesiones liberales u oficios\u00bb.<\/p>\n\n\n\n<p>Ahora, el ente recaudador modific\u00f3 el r\u00e9gimen para adecuarlo \u00aba los nuevos par\u00e1metros que deben considerarse para practicar la retenci\u00f3n correspondiente a las rentas originadas\u00bb en distintas actividades.<\/p>\n\n\n\n<p>De ese modo, el organismo cre\u00f3 el c\u00f3digo de r\u00e9gimen 119, aplicable exclusivamente a profesiones liberales y oficios; a la vez, fij\u00f3 un piso no sujeto a retenci\u00f3n de $160.000 y una nueva escala.<\/p>\n\n\n\n<p>Esa nueva escala se determinar\u00e1 una vez superado ese piso, momento en el que se practicar\u00e1n las siguientes retenciones, de aplicaci\u00f3n para los pagos realizados a partir del 1 de octubre:<\/p>\n\n\n\n<ul class=\"wp-block-list\">\n<li>Para los importes de hasta $ 71.000, la retenci\u00f3n ser\u00e1 de 5%.<\/li>\n<\/ul>\n\n\n\n<p>&#8212; Entre $ 71.000 y $ 142.000, se retendr\u00e1n $ 3.550 m\u00e1s el 9% sobre el excedente de $ 71.000.<\/p>\n\n\n\n<p>&#8212; Entre $ 142.000 y $ 213.000 ser\u00e1n $ 9.940, m\u00e1s 12% sobre el excedente de $ 142.000.<\/p>\n\n\n\n<p>&#8212; Entre $ 213.000 y $ 284.000 ser\u00e1n $ 18.460, m\u00e1s 15% sobre el excedente de $ 213.000.<\/p>\n\n\n\n<p>&#8212; Entre $ 284.000 y $ 426.000 ser\u00e1n $ 29.110, m\u00e1s 19% sobre el excedente de $ 284.000.<\/p>\n\n\n\n<p>&#8212; Entre $ 426.000 y $ 568.000 ser\u00e1n $ 56.090, m\u00e1s 23% sobre el excedente de $ 426.000.<\/p>\n\n\n\n<p>&#8212; Entre $ 568.000 y $ 852.000 ser\u00e1n $ 88.750, m\u00e1s 27% sobre el excedente de $ 568.000.<\/p>\n\n\n\n<p>&#8212; De $ 852.000 en adelante ser\u00e1n $ 165.430, m\u00e1s 31% sobre el excedente de $ 852.000.<\/p>\n","protected":false},"excerpt":{"rendered":"<p>El organismo actualiz\u00f3 los importes de la escala y\/o al\u00edcuotas aplicables para el c\u00e1lculo de la retenci\u00f3n cuando se trate de pagos por el ejercicio de profesiones liberales u oficios. La AFIP modific\u00f3 el r\u00e9gimen de retenci\u00f3n de Ganancias y actualiz\u00f3 los importes de la escala y al\u00edcuotas para los pagos que deben realizar profesionales [&hellip;]<\/p>\n","protected":false},"author":2,"featured_media":28353,"comment_status":"open","ping_status":"open","sticky":false,"template":"","format":"standard","meta":{"footnotes":""},"categories":[35],"tags":[],"class_list":["post-28352","post","type-post","status-publish","format-standard","has-post-thumbnail","hentry","category-informacion-general"],"yoast_head":"<!-- This site is optimized with the Yoast SEO plugin v27.5 - https:\/\/yoast.com\/product\/yoast-seo-wordpress\/ -->\n<title>Ganancias: la AFIP modific\u00f3 el r\u00e9gimen de retenci\u00f3n para profesionales aut\u00f3nomos | CVI NOTICIAS<\/title>\n<meta name=\"robots\" content=\"index, follow, max-snippet:-1, max-image-preview:large, max-video-preview:-1\" \/>\n<link rel=\"canonical\" href=\"https:\/\/cvinoticias.com\/v3\/ganancias-la-afip-modifico-el-regimen-de-retencion-para-profesionales-autonomos\/\" \/>\n<meta property=\"og:locale\" content=\"es_ES\" \/>\n<meta property=\"og:type\" content=\"article\" \/>\n<meta property=\"og:title\" content=\"Ganancias: la AFIP modific\u00f3 el r\u00e9gimen de retenci\u00f3n para profesionales aut\u00f3nomos | CVI NOTICIAS\" \/>\n<meta property=\"og:description\" content=\"El organismo actualiz\u00f3 los importes de la escala y\/o al\u00edcuotas aplicables para el c\u00e1lculo de la retenci\u00f3n cuando se trate de pagos por el ejercicio de profesiones liberales u oficios. La AFIP modific\u00f3 el r\u00e9gimen de retenci\u00f3n de Ganancias y actualiz\u00f3 los importes de la escala y al\u00edcuotas para los pagos que deben realizar profesionales [&hellip;]\" \/>\n<meta property=\"og:url\" content=\"https:\/\/cvinoticias.com\/v3\/ganancias-la-afip-modifico-el-regimen-de-retencion-para-profesionales-autonomos\/\" \/>\n<meta property=\"og:site_name\" content=\"CVI NOTICIAS\" \/>\n<meta property=\"article:publisher\" content=\"https:\/\/www.facebook.com\/cvinoticias\" \/>\n<meta property=\"article:published_time\" content=\"2023-09-27T13:09:12+00:00\" \/>\n<meta property=\"og:image\" content=\"https:\/\/cvinoticias.com\/wp-content\/uploads\/2023\/09\/335b433a8c5fa65304d9c34b0738e6a4_M.jpg\" \/>\n\t<meta property=\"og:image:width\" content=\"768\" \/>\n\t<meta property=\"og:image:height\" content=\"408\" \/>\n\t<meta property=\"og:image:type\" content=\"image\/jpeg\" \/>\n<meta name=\"author\" content=\"f1000024\" \/>\n<meta name=\"twitter:card\" content=\"summary_large_image\" \/>\n<meta name=\"twitter:label1\" content=\"Escrito por\" \/>\n\t<meta name=\"twitter:data1\" content=\"f1000024\" \/>\n\t<meta name=\"twitter:label2\" content=\"Tiempo de lectura\" \/>\n\t<meta name=\"twitter:data2\" content=\"2 minutos\" \/>\n<script type=\"application\/ld+json\" class=\"yoast-schema-graph\">{\"@context\":\"https:\\\/\\\/schema.org\",\"@graph\":[{\"@type\":\"Article\",\"@id\":\"https:\\\/\\\/cvinoticias.com\\\/v3\\\/ganancias-la-afip-modifico-el-regimen-de-retencion-para-profesionales-autonomos\\\/#article\",\"isPartOf\":{\"@id\":\"https:\\\/\\\/cvinoticias.com\\\/v3\\\/ganancias-la-afip-modifico-el-regimen-de-retencion-para-profesionales-autonomos\\\/\"},\"author\":{\"name\":\"f1000024\",\"@id\":\"https:\\\/\\\/cvinoticias.com\\\/v3\\\/#\\\/schema\\\/person\\\/2db77e3c6bc03c538495d7b2b8be9b66\"},\"headline\":\"Ganancias: la AFIP modific\u00f3 el r\u00e9gimen de retenci\u00f3n para profesionales aut\u00f3nomos\",\"datePublished\":\"2023-09-27T13:09:12+00:00\",\"mainEntityOfPage\":{\"@id\":\"https:\\\/\\\/cvinoticias.com\\\/v3\\\/ganancias-la-afip-modifico-el-regimen-de-retencion-para-profesionales-autonomos\\\/\"},\"wordCount\":409,\"commentCount\":0,\"publisher\":{\"@id\":\"https:\\\/\\\/cvinoticias.com\\\/v3\\\/#organization\"},\"image\":{\"@id\":\"https:\\\/\\\/cvinoticias.com\\\/v3\\\/ganancias-la-afip-modifico-el-regimen-de-retencion-para-profesionales-autonomos\\\/#primaryimage\"},\"thumbnailUrl\":\"https:\\\/\\\/cvinoticias.com\\\/wp-content\\\/uploads\\\/2023\\\/09\\\/335b433a8c5fa65304d9c34b0738e6a4_M.jpg\",\"articleSection\":[\"Informaci\u00f3n General\"],\"inLanguage\":\"es\",\"potentialAction\":[{\"@type\":\"CommentAction\",\"name\":\"Comment\",\"target\":[\"https:\\\/\\\/cvinoticias.com\\\/v3\\\/ganancias-la-afip-modifico-el-regimen-de-retencion-para-profesionales-autonomos\\\/#respond\"]}]},{\"@type\":\"WebPage\",\"@id\":\"https:\\\/\\\/cvinoticias.com\\\/v3\\\/ganancias-la-afip-modifico-el-regimen-de-retencion-para-profesionales-autonomos\\\/\",\"url\":\"https:\\\/\\\/cvinoticias.com\\\/v3\\\/ganancias-la-afip-modifico-el-regimen-de-retencion-para-profesionales-autonomos\\\/\",\"name\":\"Ganancias: la AFIP modific\u00f3 el r\u00e9gimen de retenci\u00f3n para profesionales aut\u00f3nomos | CVI NOTICIAS\",\"isPartOf\":{\"@id\":\"https:\\\/\\\/cvinoticias.com\\\/v3\\\/#website\"},\"primaryImageOfPage\":{\"@id\":\"https:\\\/\\\/cvinoticias.com\\\/v3\\\/ganancias-la-afip-modifico-el-regimen-de-retencion-para-profesionales-autonomos\\\/#primaryimage\"},\"image\":{\"@id\":\"https:\\\/\\\/cvinoticias.com\\\/v3\\\/ganancias-la-afip-modifico-el-regimen-de-retencion-para-profesionales-autonomos\\\/#primaryimage\"},\"thumbnailUrl\":\"https:\\\/\\\/cvinoticias.com\\\/wp-content\\\/uploads\\\/2023\\\/09\\\/335b433a8c5fa65304d9c34b0738e6a4_M.jpg\",\"datePublished\":\"2023-09-27T13:09:12+00:00\",\"breadcrumb\":{\"@id\":\"https:\\\/\\\/cvinoticias.com\\\/v3\\\/ganancias-la-afip-modifico-el-regimen-de-retencion-para-profesionales-autonomos\\\/#breadcrumb\"},\"inLanguage\":\"es\",\"potentialAction\":[{\"@type\":\"ReadAction\",\"target\":[\"https:\\\/\\\/cvinoticias.com\\\/v3\\\/ganancias-la-afip-modifico-el-regimen-de-retencion-para-profesionales-autonomos\\\/\"]}]},{\"@type\":\"ImageObject\",\"inLanguage\":\"es\",\"@id\":\"https:\\\/\\\/cvinoticias.com\\\/v3\\\/ganancias-la-afip-modifico-el-regimen-de-retencion-para-profesionales-autonomos\\\/#primaryimage\",\"url\":\"https:\\\/\\\/cvinoticias.com\\\/wp-content\\\/uploads\\\/2023\\\/09\\\/335b433a8c5fa65304d9c34b0738e6a4_M.jpg\",\"contentUrl\":\"https:\\\/\\\/cvinoticias.com\\\/wp-content\\\/uploads\\\/2023\\\/09\\\/335b433a8c5fa65304d9c34b0738e6a4_M.jpg\",\"width\":768,\"height\":408},{\"@type\":\"BreadcrumbList\",\"@id\":\"https:\\\/\\\/cvinoticias.com\\\/v3\\\/ganancias-la-afip-modifico-el-regimen-de-retencion-para-profesionales-autonomos\\\/#breadcrumb\",\"itemListElement\":[{\"@type\":\"ListItem\",\"position\":1,\"name\":\"Portada\",\"item\":\"https:\\\/\\\/cvinoticias.com\\\/v3\\\/\"},{\"@type\":\"ListItem\",\"position\":2,\"name\":\"Ganancias: la AFIP modific\u00f3 el r\u00e9gimen de retenci\u00f3n para profesionales aut\u00f3nomos\"}]},{\"@type\":\"WebSite\",\"@id\":\"https:\\\/\\\/cvinoticias.com\\\/v3\\\/#website\",\"url\":\"https:\\\/\\\/cvinoticias.com\\\/v3\\\/\",\"name\":\"CVI NOTICIAS\",\"description\":\"\",\"publisher\":{\"@id\":\"https:\\\/\\\/cvinoticias.com\\\/v3\\\/#organization\"},\"alternateName\":\"CVI\",\"potentialAction\":[{\"@type\":\"SearchAction\",\"target\":{\"@type\":\"EntryPoint\",\"urlTemplate\":\"https:\\\/\\\/cvinoticias.com\\\/v3\\\/?s={search_term_string}\"},\"query-input\":{\"@type\":\"PropertyValueSpecification\",\"valueRequired\":true,\"valueName\":\"search_term_string\"}}],\"inLanguage\":\"es\"},{\"@type\":\"Organization\",\"@id\":\"https:\\\/\\\/cvinoticias.com\\\/v3\\\/#organization\",\"name\":\"CVI NOTICIAS\",\"url\":\"https:\\\/\\\/cvinoticias.com\\\/v3\\\/\",\"logo\":{\"@type\":\"ImageObject\",\"inLanguage\":\"es\",\"@id\":\"https:\\\/\\\/cvinoticias.com\\\/v3\\\/#\\\/schema\\\/logo\\\/image\\\/\",\"url\":\"https:\\\/\\\/cvinoticias.com\\\/wp-content\\\/uploads\\\/2023\\\/04\\\/cropped-cropped-cropped-cropped-cropped-3-1.png\",\"contentUrl\":\"https:\\\/\\\/cvinoticias.com\\\/wp-content\\\/uploads\\\/2023\\\/04\\\/cropped-cropped-cropped-cropped-cropped-3-1.png\",\"width\":95,\"height\":122,\"caption\":\"CVI NOTICIAS\"},\"image\":{\"@id\":\"https:\\\/\\\/cvinoticias.com\\\/v3\\\/#\\\/schema\\\/logo\\\/image\\\/\"},\"sameAs\":[\"https:\\\/\\\/www.facebook.com\\\/cvinoticias\",\"https:\\\/\\\/www.instagram.com\\\/cvinoticias\\\/\",\"https:\\\/\\\/www.youtube.com\\\/@CVINOTICIAS\"]},{\"@type\":\"Person\",\"@id\":\"https:\\\/\\\/cvinoticias.com\\\/v3\\\/#\\\/schema\\\/person\\\/2db77e3c6bc03c538495d7b2b8be9b66\",\"name\":\"f1000024\",\"image\":{\"@type\":\"ImageObject\",\"inLanguage\":\"es\",\"@id\":\"https:\\\/\\\/secure.gravatar.com\\\/avatar\\\/d4fe7459cfc51ff5129ce1a732bbef5928568b8092d412ef95611616376bbeed?s=96&d=mm&r=g\",\"url\":\"https:\\\/\\\/secure.gravatar.com\\\/avatar\\\/d4fe7459cfc51ff5129ce1a732bbef5928568b8092d412ef95611616376bbeed?s=96&d=mm&r=g\",\"contentUrl\":\"https:\\\/\\\/secure.gravatar.com\\\/avatar\\\/d4fe7459cfc51ff5129ce1a732bbef5928568b8092d412ef95611616376bbeed?s=96&d=mm&r=g\",\"caption\":\"f1000024\"},\"url\":\"https:\\\/\\\/cvinoticias.com\\\/v3\\\/author\\\/f1000024\\\/\"}]}<\/script>\n<!-- \/ Yoast SEO plugin. -->","yoast_head_json":{"title":"Ganancias: la AFIP modific\u00f3 el r\u00e9gimen de retenci\u00f3n para profesionales aut\u00f3nomos | CVI NOTICIAS","robots":{"index":"index","follow":"follow","max-snippet":"max-snippet:-1","max-image-preview":"max-image-preview:large","max-video-preview":"max-video-preview:-1"},"canonical":"https:\/\/cvinoticias.com\/v3\/ganancias-la-afip-modifico-el-regimen-de-retencion-para-profesionales-autonomos\/","og_locale":"es_ES","og_type":"article","og_title":"Ganancias: la AFIP modific\u00f3 el r\u00e9gimen de retenci\u00f3n para profesionales aut\u00f3nomos | CVI NOTICIAS","og_description":"El organismo actualiz\u00f3 los importes de la escala y\/o al\u00edcuotas aplicables para el c\u00e1lculo de la retenci\u00f3n cuando se trate de pagos por el ejercicio de profesiones liberales u oficios. La AFIP modific\u00f3 el r\u00e9gimen de retenci\u00f3n de Ganancias y actualiz\u00f3 los importes de la escala y al\u00edcuotas para los pagos que deben realizar profesionales [&hellip;]","og_url":"https:\/\/cvinoticias.com\/v3\/ganancias-la-afip-modifico-el-regimen-de-retencion-para-profesionales-autonomos\/","og_site_name":"CVI NOTICIAS","article_publisher":"https:\/\/www.facebook.com\/cvinoticias","article_published_time":"2023-09-27T13:09:12+00:00","og_image":[{"width":768,"height":408,"url":"https:\/\/cvinoticias.com\/wp-content\/uploads\/2023\/09\/335b433a8c5fa65304d9c34b0738e6a4_M.jpg","type":"image\/jpeg"}],"author":"f1000024","twitter_card":"summary_large_image","twitter_misc":{"Escrito por":"f1000024","Tiempo de lectura":"2 minutos"},"schema":{"@context":"https:\/\/schema.org","@graph":[{"@type":"Article","@id":"https:\/\/cvinoticias.com\/v3\/ganancias-la-afip-modifico-el-regimen-de-retencion-para-profesionales-autonomos\/#article","isPartOf":{"@id":"https:\/\/cvinoticias.com\/v3\/ganancias-la-afip-modifico-el-regimen-de-retencion-para-profesionales-autonomos\/"},"author":{"name":"f1000024","@id":"https:\/\/cvinoticias.com\/v3\/#\/schema\/person\/2db77e3c6bc03c538495d7b2b8be9b66"},"headline":"Ganancias: la AFIP modific\u00f3 el r\u00e9gimen de retenci\u00f3n para profesionales aut\u00f3nomos","datePublished":"2023-09-27T13:09:12+00:00","mainEntityOfPage":{"@id":"https:\/\/cvinoticias.com\/v3\/ganancias-la-afip-modifico-el-regimen-de-retencion-para-profesionales-autonomos\/"},"wordCount":409,"commentCount":0,"publisher":{"@id":"https:\/\/cvinoticias.com\/v3\/#organization"},"image":{"@id":"https:\/\/cvinoticias.com\/v3\/ganancias-la-afip-modifico-el-regimen-de-retencion-para-profesionales-autonomos\/#primaryimage"},"thumbnailUrl":"https:\/\/cvinoticias.com\/wp-content\/uploads\/2023\/09\/335b433a8c5fa65304d9c34b0738e6a4_M.jpg","articleSection":["Informaci\u00f3n General"],"inLanguage":"es","potentialAction":[{"@type":"CommentAction","name":"Comment","target":["https:\/\/cvinoticias.com\/v3\/ganancias-la-afip-modifico-el-regimen-de-retencion-para-profesionales-autonomos\/#respond"]}]},{"@type":"WebPage","@id":"https:\/\/cvinoticias.com\/v3\/ganancias-la-afip-modifico-el-regimen-de-retencion-para-profesionales-autonomos\/","url":"https:\/\/cvinoticias.com\/v3\/ganancias-la-afip-modifico-el-regimen-de-retencion-para-profesionales-autonomos\/","name":"Ganancias: la AFIP modific\u00f3 el r\u00e9gimen de retenci\u00f3n para profesionales aut\u00f3nomos | CVI NOTICIAS","isPartOf":{"@id":"https:\/\/cvinoticias.com\/v3\/#website"},"primaryImageOfPage":{"@id":"https:\/\/cvinoticias.com\/v3\/ganancias-la-afip-modifico-el-regimen-de-retencion-para-profesionales-autonomos\/#primaryimage"},"image":{"@id":"https:\/\/cvinoticias.com\/v3\/ganancias-la-afip-modifico-el-regimen-de-retencion-para-profesionales-autonomos\/#primaryimage"},"thumbnailUrl":"https:\/\/cvinoticias.com\/wp-content\/uploads\/2023\/09\/335b433a8c5fa65304d9c34b0738e6a4_M.jpg","datePublished":"2023-09-27T13:09:12+00:00","breadcrumb":{"@id":"https:\/\/cvinoticias.com\/v3\/ganancias-la-afip-modifico-el-regimen-de-retencion-para-profesionales-autonomos\/#breadcrumb"},"inLanguage":"es","potentialAction":[{"@type":"ReadAction","target":["https:\/\/cvinoticias.com\/v3\/ganancias-la-afip-modifico-el-regimen-de-retencion-para-profesionales-autonomos\/"]}]},{"@type":"ImageObject","inLanguage":"es","@id":"https:\/\/cvinoticias.com\/v3\/ganancias-la-afip-modifico-el-regimen-de-retencion-para-profesionales-autonomos\/#primaryimage","url":"https:\/\/cvinoticias.com\/wp-content\/uploads\/2023\/09\/335b433a8c5fa65304d9c34b0738e6a4_M.jpg","contentUrl":"https:\/\/cvinoticias.com\/wp-content\/uploads\/2023\/09\/335b433a8c5fa65304d9c34b0738e6a4_M.jpg","width":768,"height":408},{"@type":"BreadcrumbList","@id":"https:\/\/cvinoticias.com\/v3\/ganancias-la-afip-modifico-el-regimen-de-retencion-para-profesionales-autonomos\/#breadcrumb","itemListElement":[{"@type":"ListItem","position":1,"name":"Portada","item":"https:\/\/cvinoticias.com\/v3\/"},{"@type":"ListItem","position":2,"name":"Ganancias: la AFIP modific\u00f3 el r\u00e9gimen de retenci\u00f3n para profesionales aut\u00f3nomos"}]},{"@type":"WebSite","@id":"https:\/\/cvinoticias.com\/v3\/#website","url":"https:\/\/cvinoticias.com\/v3\/","name":"CVI NOTICIAS","description":"","publisher":{"@id":"https:\/\/cvinoticias.com\/v3\/#organization"},"alternateName":"CVI","potentialAction":[{"@type":"SearchAction","target":{"@type":"EntryPoint","urlTemplate":"https:\/\/cvinoticias.com\/v3\/?s={search_term_string}"},"query-input":{"@type":"PropertyValueSpecification","valueRequired":true,"valueName":"search_term_string"}}],"inLanguage":"es"},{"@type":"Organization","@id":"https:\/\/cvinoticias.com\/v3\/#organization","name":"CVI NOTICIAS","url":"https:\/\/cvinoticias.com\/v3\/","logo":{"@type":"ImageObject","inLanguage":"es","@id":"https:\/\/cvinoticias.com\/v3\/#\/schema\/logo\/image\/","url":"https:\/\/cvinoticias.com\/wp-content\/uploads\/2023\/04\/cropped-cropped-cropped-cropped-cropped-3-1.png","contentUrl":"https:\/\/cvinoticias.com\/wp-content\/uploads\/2023\/04\/cropped-cropped-cropped-cropped-cropped-3-1.png","width":95,"height":122,"caption":"CVI NOTICIAS"},"image":{"@id":"https:\/\/cvinoticias.com\/v3\/#\/schema\/logo\/image\/"},"sameAs":["https:\/\/www.facebook.com\/cvinoticias","https:\/\/www.instagram.com\/cvinoticias\/","https:\/\/www.youtube.com\/@CVINOTICIAS"]},{"@type":"Person","@id":"https:\/\/cvinoticias.com\/v3\/#\/schema\/person\/2db77e3c6bc03c538495d7b2b8be9b66","name":"f1000024","image":{"@type":"ImageObject","inLanguage":"es","@id":"https:\/\/secure.gravatar.com\/avatar\/d4fe7459cfc51ff5129ce1a732bbef5928568b8092d412ef95611616376bbeed?s=96&d=mm&r=g","url":"https:\/\/secure.gravatar.com\/avatar\/d4fe7459cfc51ff5129ce1a732bbef5928568b8092d412ef95611616376bbeed?s=96&d=mm&r=g","contentUrl":"https:\/\/secure.gravatar.com\/avatar\/d4fe7459cfc51ff5129ce1a732bbef5928568b8092d412ef95611616376bbeed?s=96&d=mm&r=g","caption":"f1000024"},"url":"https:\/\/cvinoticias.com\/v3\/author\/f1000024\/"}]}},"_links":{"self":[{"href":"https:\/\/cvinoticias.com\/v3\/wp-json\/wp\/v2\/posts\/28352","targetHints":{"allow":["GET"]}}],"collection":[{"href":"https:\/\/cvinoticias.com\/v3\/wp-json\/wp\/v2\/posts"}],"about":[{"href":"https:\/\/cvinoticias.com\/v3\/wp-json\/wp\/v2\/types\/post"}],"author":[{"embeddable":true,"href":"https:\/\/cvinoticias.com\/v3\/wp-json\/wp\/v2\/users\/2"}],"replies":[{"embeddable":true,"href":"https:\/\/cvinoticias.com\/v3\/wp-json\/wp\/v2\/comments?post=28352"}],"version-history":[{"count":1,"href":"https:\/\/cvinoticias.com\/v3\/wp-json\/wp\/v2\/posts\/28352\/revisions"}],"predecessor-version":[{"id":28354,"href":"https:\/\/cvinoticias.com\/v3\/wp-json\/wp\/v2\/posts\/28352\/revisions\/28354"}],"wp:featuredmedia":[{"embeddable":true,"href":"https:\/\/cvinoticias.com\/v3\/wp-json\/wp\/v2\/media\/28353"}],"wp:attachment":[{"href":"https:\/\/cvinoticias.com\/v3\/wp-json\/wp\/v2\/media?parent=28352"}],"wp:term":[{"taxonomy":"category","embeddable":true,"href":"https:\/\/cvinoticias.com\/v3\/wp-json\/wp\/v2\/categories?post=28352"},{"taxonomy":"post_tag","embeddable":true,"href":"https:\/\/cvinoticias.com\/v3\/wp-json\/wp\/v2\/tags?post=28352"}],"curies":[{"name":"wp","href":"https:\/\/api.w.org\/{rel}","templated":true}]}}