{"id":28341,"date":"2023-09-27T11:46:23","date_gmt":"2023-09-27T11:46:23","guid":{"rendered":"https:\/\/cvinoticias.com\/v3\/?p=28341"},"modified":"2023-09-27T11:46:23","modified_gmt":"2023-09-27T11:46:23","slug":"anses-activo-una-sala-de-espera-virtual-por-la-demanda-de-creditos","status":"publish","type":"post","link":"https:\/\/cvinoticias.com\/v3\/anses-activo-una-sala-de-espera-virtual-por-la-demanda-de-creditos\/","title":{"rendered":"Ans\u00e9s activ\u00f3 una sala de espera virtual por la demanda de cr\u00e9ditos"},"content":{"rendered":"\n<p><strong><em>Ya se inscribieron m\u00e1s de 200 mil personas y para evitar que la plataforma colapse, el organismo previsional cre\u00f3 una fila virtual para trabajadores en relaci\u00f3n de dependencia.<\/em><\/strong><\/p>\n\n\n\n<p>La alta demanda de cr\u00e9ditos para trabajadores registrados de hasta 400 mil pesos y el bono para desempleados gener\u00f3 que la Administraci\u00f3n Nacional de la Seguridad Social (Ans\u00e9s) activara una \u201csala de espera virtual\u201d para que su p\u00e1gina web no colapse.<\/p>\n\n\n\n<p>Desde el lunes 18 de septiembre, se registraron m\u00e1s de 200 mil solicitudes. Ese d\u00eda se abri\u00f3 la inscripci\u00f3n para los pr\u00e9stamos destinados a trabajadores registrados que aporten al Sistema Integrado Previsional Argentino (SIPA) y su salario no est\u00e9 alcanzado por el Impuesto a las Ganancias.<\/p>\n\n\n\n<p>Entonces, para evitar que se colapse la p\u00e1gina, Ans\u00e9s agreg\u00f3 una fila virtual para ingresar a la secci\u00f3n \u201cMi Ans\u00e9s\u201d para todos los que quieran acceder a la nueva l\u00ednea de cr\u00e9ditos con tasas preferenciales del 50% (TNA) y a devolver en 24, 36 o 48 cuotas.<\/p>\n\n\n\n<p>Por el momento, la demora es de 20 minutos aproximadamente, aseguraron desde la administraci\u00f3n.<\/p>\n\n\n\n<p><strong>Pasos para tramitar el Cr\u00e9dito Ans\u00e9s para trabajadores<\/strong><\/p>\n\n\n\n<p>-Ingresar a mi ANSES de lunes a viernes de 10 a 20, con CUIL y Clave de la Seguridad Social.<br>-Elegir el monto y la cantidad de cuotas del cr\u00e9dito a solicitar.<br>-Acercarse a una oficina Ans\u00e9s sin turno con su DNI y el c\u00f3digo recibido dentro de los 10 d\u00edas posteriores a la solicitud.<br>-Una vez autorizado el cr\u00e9dito, 7 d\u00edas h\u00e1biles despu\u00e9s se acreditar\u00e1 el monto solicitado en la tarjeta de cr\u00e9dito asociada a la cuenta sueldo.<\/p>\n\n\n\n<p>Ans\u00e9s remarc\u00f3 que los titulares del cr\u00e9dito de hasta $400.000 no podr\u00e1n retirarlo en efectivo, depositarlo en un plazo fijo ni acceder al mercado oficial de cambios hasta que finalice la vigencia del pr\u00e9stamo.<\/p>\n","protected":false},"excerpt":{"rendered":"<p>Ya se inscribieron m\u00e1s de 200 mil personas y para evitar que la plataforma colapse, el organismo previsional cre\u00f3 una fila virtual para trabajadores en relaci\u00f3n de dependencia. La alta demanda de cr\u00e9ditos para trabajadores registrados de hasta 400 mil pesos y el bono para desempleados gener\u00f3 que la Administraci\u00f3n Nacional de la Seguridad Social [&hellip;]<\/p>\n","protected":false},"author":2,"featured_media":28342,"comment_status":"open","ping_status":"open","sticky":false,"template":"","format":"standard","meta":{"footnotes":""},"categories":[35],"tags":[],"class_list":["post-28341","post","type-post","status-publish","format-standard","has-post-thumbnail","hentry","category-informacion-general"],"yoast_head":"<!-- This site is optimized with the Yoast SEO plugin v27.5 - https:\/\/yoast.com\/product\/yoast-seo-wordpress\/ -->\n<title>Ans\u00e9s activ\u00f3 una sala de espera virtual por la demanda de cr\u00e9ditos | CVI NOTICIAS<\/title>\n<meta name=\"robots\" content=\"index, follow, max-snippet:-1, max-image-preview:large, max-video-preview:-1\" \/>\n<link rel=\"canonical\" href=\"https:\/\/cvinoticias.com\/v3\/anses-activo-una-sala-de-espera-virtual-por-la-demanda-de-creditos\/\" \/>\n<meta property=\"og:locale\" content=\"es_ES\" \/>\n<meta property=\"og:type\" content=\"article\" \/>\n<meta property=\"og:title\" content=\"Ans\u00e9s activ\u00f3 una sala de espera virtual por la demanda de cr\u00e9ditos | CVI NOTICIAS\" \/>\n<meta property=\"og:description\" content=\"Ya se inscribieron m\u00e1s de 200 mil personas y para evitar que la plataforma colapse, el organismo previsional cre\u00f3 una fila virtual para trabajadores en relaci\u00f3n de dependencia. La alta demanda de cr\u00e9ditos para trabajadores registrados de hasta 400 mil pesos y el bono para desempleados gener\u00f3 que la Administraci\u00f3n Nacional de la Seguridad Social [&hellip;]\" \/>\n<meta property=\"og:url\" content=\"https:\/\/cvinoticias.com\/v3\/anses-activo-una-sala-de-espera-virtual-por-la-demanda-de-creditos\/\" \/>\n<meta property=\"og:site_name\" content=\"CVI NOTICIAS\" \/>\n<meta property=\"article:publisher\" content=\"https:\/\/www.facebook.com\/cvinoticias\" \/>\n<meta property=\"article:published_time\" content=\"2023-09-27T11:46:23+00:00\" \/>\n<meta property=\"og:image\" content=\"https:\/\/cvinoticias.com\/wp-content\/uploads\/2023\/09\/anses.jpg_529145118.jpg\" \/>\n\t<meta property=\"og:image:width\" content=\"368\" \/>\n\t<meta property=\"og:image:height\" content=\"207\" \/>\n\t<meta property=\"og:image:type\" content=\"image\/jpeg\" \/>\n<meta name=\"author\" content=\"f1000024\" \/>\n<meta name=\"twitter:card\" content=\"summary_large_image\" \/>\n<meta name=\"twitter:label1\" content=\"Escrito por\" \/>\n\t<meta name=\"twitter:data1\" content=\"f1000024\" \/>\n\t<meta name=\"twitter:label2\" content=\"Tiempo de lectura\" \/>\n\t<meta name=\"twitter:data2\" content=\"2 minutos\" \/>\n<script type=\"application\/ld+json\" class=\"yoast-schema-graph\">{\"@context\":\"https:\\\/\\\/schema.org\",\"@graph\":[{\"@type\":\"Article\",\"@id\":\"https:\\\/\\\/cvinoticias.com\\\/v3\\\/anses-activo-una-sala-de-espera-virtual-por-la-demanda-de-creditos\\\/#article\",\"isPartOf\":{\"@id\":\"https:\\\/\\\/cvinoticias.com\\\/v3\\\/anses-activo-una-sala-de-espera-virtual-por-la-demanda-de-creditos\\\/\"},\"author\":{\"name\":\"f1000024\",\"@id\":\"https:\\\/\\\/cvinoticias.com\\\/v3\\\/#\\\/schema\\\/person\\\/2db77e3c6bc03c538495d7b2b8be9b66\"},\"headline\":\"Ans\u00e9s activ\u00f3 una sala de espera virtual por la demanda de cr\u00e9ditos\",\"datePublished\":\"2023-09-27T11:46:23+00:00\",\"mainEntityOfPage\":{\"@id\":\"https:\\\/\\\/cvinoticias.com\\\/v3\\\/anses-activo-una-sala-de-espera-virtual-por-la-demanda-de-creditos\\\/\"},\"wordCount\":329,\"commentCount\":0,\"publisher\":{\"@id\":\"https:\\\/\\\/cvinoticias.com\\\/v3\\\/#organization\"},\"image\":{\"@id\":\"https:\\\/\\\/cvinoticias.com\\\/v3\\\/anses-activo-una-sala-de-espera-virtual-por-la-demanda-de-creditos\\\/#primaryimage\"},\"thumbnailUrl\":\"https:\\\/\\\/cvinoticias.com\\\/wp-content\\\/uploads\\\/2023\\\/09\\\/anses.jpg_529145118.jpg\",\"articleSection\":[\"Informaci\u00f3n General\"],\"inLanguage\":\"es\",\"potentialAction\":[{\"@type\":\"CommentAction\",\"name\":\"Comment\",\"target\":[\"https:\\\/\\\/cvinoticias.com\\\/v3\\\/anses-activo-una-sala-de-espera-virtual-por-la-demanda-de-creditos\\\/#respond\"]}]},{\"@type\":\"WebPage\",\"@id\":\"https:\\\/\\\/cvinoticias.com\\\/v3\\\/anses-activo-una-sala-de-espera-virtual-por-la-demanda-de-creditos\\\/\",\"url\":\"https:\\\/\\\/cvinoticias.com\\\/v3\\\/anses-activo-una-sala-de-espera-virtual-por-la-demanda-de-creditos\\\/\",\"name\":\"Ans\u00e9s activ\u00f3 una sala de espera virtual por la demanda de cr\u00e9ditos | CVI NOTICIAS\",\"isPartOf\":{\"@id\":\"https:\\\/\\\/cvinoticias.com\\\/v3\\\/#website\"},\"primaryImageOfPage\":{\"@id\":\"https:\\\/\\\/cvinoticias.com\\\/v3\\\/anses-activo-una-sala-de-espera-virtual-por-la-demanda-de-creditos\\\/#primaryimage\"},\"image\":{\"@id\":\"https:\\\/\\\/cvinoticias.com\\\/v3\\\/anses-activo-una-sala-de-espera-virtual-por-la-demanda-de-creditos\\\/#primaryimage\"},\"thumbnailUrl\":\"https:\\\/\\\/cvinoticias.com\\\/wp-content\\\/uploads\\\/2023\\\/09\\\/anses.jpg_529145118.jpg\",\"datePublished\":\"2023-09-27T11:46:23+00:00\",\"breadcrumb\":{\"@id\":\"https:\\\/\\\/cvinoticias.com\\\/v3\\\/anses-activo-una-sala-de-espera-virtual-por-la-demanda-de-creditos\\\/#breadcrumb\"},\"inLanguage\":\"es\",\"potentialAction\":[{\"@type\":\"ReadAction\",\"target\":[\"https:\\\/\\\/cvinoticias.com\\\/v3\\\/anses-activo-una-sala-de-espera-virtual-por-la-demanda-de-creditos\\\/\"]}]},{\"@type\":\"ImageObject\",\"inLanguage\":\"es\",\"@id\":\"https:\\\/\\\/cvinoticias.com\\\/v3\\\/anses-activo-una-sala-de-espera-virtual-por-la-demanda-de-creditos\\\/#primaryimage\",\"url\":\"https:\\\/\\\/cvinoticias.com\\\/wp-content\\\/uploads\\\/2023\\\/09\\\/anses.jpg_529145118.jpg\",\"contentUrl\":\"https:\\\/\\\/cvinoticias.com\\\/wp-content\\\/uploads\\\/2023\\\/09\\\/anses.jpg_529145118.jpg\",\"width\":368,\"height\":207},{\"@type\":\"BreadcrumbList\",\"@id\":\"https:\\\/\\\/cvinoticias.com\\\/v3\\\/anses-activo-una-sala-de-espera-virtual-por-la-demanda-de-creditos\\\/#breadcrumb\",\"itemListElement\":[{\"@type\":\"ListItem\",\"position\":1,\"name\":\"Portada\",\"item\":\"https:\\\/\\\/cvinoticias.com\\\/v3\\\/\"},{\"@type\":\"ListItem\",\"position\":2,\"name\":\"Ans\u00e9s activ\u00f3 una sala de espera virtual por la demanda de cr\u00e9ditos\"}]},{\"@type\":\"WebSite\",\"@id\":\"https:\\\/\\\/cvinoticias.com\\\/v3\\\/#website\",\"url\":\"https:\\\/\\\/cvinoticias.com\\\/v3\\\/\",\"name\":\"CVI NOTICIAS\",\"description\":\"\",\"publisher\":{\"@id\":\"https:\\\/\\\/cvinoticias.com\\\/v3\\\/#organization\"},\"alternateName\":\"CVI\",\"potentialAction\":[{\"@type\":\"SearchAction\",\"target\":{\"@type\":\"EntryPoint\",\"urlTemplate\":\"https:\\\/\\\/cvinoticias.com\\\/v3\\\/?s={search_term_string}\"},\"query-input\":{\"@type\":\"PropertyValueSpecification\",\"valueRequired\":true,\"valueName\":\"search_term_string\"}}],\"inLanguage\":\"es\"},{\"@type\":\"Organization\",\"@id\":\"https:\\\/\\\/cvinoticias.com\\\/v3\\\/#organization\",\"name\":\"CVI NOTICIAS\",\"url\":\"https:\\\/\\\/cvinoticias.com\\\/v3\\\/\",\"logo\":{\"@type\":\"ImageObject\",\"inLanguage\":\"es\",\"@id\":\"https:\\\/\\\/cvinoticias.com\\\/v3\\\/#\\\/schema\\\/logo\\\/image\\\/\",\"url\":\"https:\\\/\\\/cvinoticias.com\\\/wp-content\\\/uploads\\\/2023\\\/04\\\/cropped-cropped-cropped-cropped-cropped-3-1.png\",\"contentUrl\":\"https:\\\/\\\/cvinoticias.com\\\/wp-content\\\/uploads\\\/2023\\\/04\\\/cropped-cropped-cropped-cropped-cropped-3-1.png\",\"width\":95,\"height\":122,\"caption\":\"CVI NOTICIAS\"},\"image\":{\"@id\":\"https:\\\/\\\/cvinoticias.com\\\/v3\\\/#\\\/schema\\\/logo\\\/image\\\/\"},\"sameAs\":[\"https:\\\/\\\/www.facebook.com\\\/cvinoticias\",\"https:\\\/\\\/www.instagram.com\\\/cvinoticias\\\/\",\"https:\\\/\\\/www.youtube.com\\\/@CVINOTICIAS\"]},{\"@type\":\"Person\",\"@id\":\"https:\\\/\\\/cvinoticias.com\\\/v3\\\/#\\\/schema\\\/person\\\/2db77e3c6bc03c538495d7b2b8be9b66\",\"name\":\"f1000024\",\"image\":{\"@type\":\"ImageObject\",\"inLanguage\":\"es\",\"@id\":\"https:\\\/\\\/secure.gravatar.com\\\/avatar\\\/d4fe7459cfc51ff5129ce1a732bbef5928568b8092d412ef95611616376bbeed?s=96&d=mm&r=g\",\"url\":\"https:\\\/\\\/secure.gravatar.com\\\/avatar\\\/d4fe7459cfc51ff5129ce1a732bbef5928568b8092d412ef95611616376bbeed?s=96&d=mm&r=g\",\"contentUrl\":\"https:\\\/\\\/secure.gravatar.com\\\/avatar\\\/d4fe7459cfc51ff5129ce1a732bbef5928568b8092d412ef95611616376bbeed?s=96&d=mm&r=g\",\"caption\":\"f1000024\"},\"url\":\"https:\\\/\\\/cvinoticias.com\\\/v3\\\/author\\\/f1000024\\\/\"}]}<\/script>\n<!-- \/ Yoast SEO plugin. -->","yoast_head_json":{"title":"Ans\u00e9s activ\u00f3 una sala de espera virtual por la demanda de cr\u00e9ditos | CVI NOTICIAS","robots":{"index":"index","follow":"follow","max-snippet":"max-snippet:-1","max-image-preview":"max-image-preview:large","max-video-preview":"max-video-preview:-1"},"canonical":"https:\/\/cvinoticias.com\/v3\/anses-activo-una-sala-de-espera-virtual-por-la-demanda-de-creditos\/","og_locale":"es_ES","og_type":"article","og_title":"Ans\u00e9s activ\u00f3 una sala de espera virtual por la demanda de cr\u00e9ditos | CVI NOTICIAS","og_description":"Ya se inscribieron m\u00e1s de 200 mil personas y para evitar que la plataforma colapse, el organismo previsional cre\u00f3 una fila virtual para trabajadores en relaci\u00f3n de dependencia. La alta demanda de cr\u00e9ditos para trabajadores registrados de hasta 400 mil pesos y el bono para desempleados gener\u00f3 que la Administraci\u00f3n Nacional de la Seguridad Social [&hellip;]","og_url":"https:\/\/cvinoticias.com\/v3\/anses-activo-una-sala-de-espera-virtual-por-la-demanda-de-creditos\/","og_site_name":"CVI NOTICIAS","article_publisher":"https:\/\/www.facebook.com\/cvinoticias","article_published_time":"2023-09-27T11:46:23+00:00","og_image":[{"width":368,"height":207,"url":"https:\/\/cvinoticias.com\/wp-content\/uploads\/2023\/09\/anses.jpg_529145118.jpg","type":"image\/jpeg"}],"author":"f1000024","twitter_card":"summary_large_image","twitter_misc":{"Escrito por":"f1000024","Tiempo de lectura":"2 minutos"},"schema":{"@context":"https:\/\/schema.org","@graph":[{"@type":"Article","@id":"https:\/\/cvinoticias.com\/v3\/anses-activo-una-sala-de-espera-virtual-por-la-demanda-de-creditos\/#article","isPartOf":{"@id":"https:\/\/cvinoticias.com\/v3\/anses-activo-una-sala-de-espera-virtual-por-la-demanda-de-creditos\/"},"author":{"name":"f1000024","@id":"https:\/\/cvinoticias.com\/v3\/#\/schema\/person\/2db77e3c6bc03c538495d7b2b8be9b66"},"headline":"Ans\u00e9s activ\u00f3 una sala de espera virtual por la demanda de cr\u00e9ditos","datePublished":"2023-09-27T11:46:23+00:00","mainEntityOfPage":{"@id":"https:\/\/cvinoticias.com\/v3\/anses-activo-una-sala-de-espera-virtual-por-la-demanda-de-creditos\/"},"wordCount":329,"commentCount":0,"publisher":{"@id":"https:\/\/cvinoticias.com\/v3\/#organization"},"image":{"@id":"https:\/\/cvinoticias.com\/v3\/anses-activo-una-sala-de-espera-virtual-por-la-demanda-de-creditos\/#primaryimage"},"thumbnailUrl":"https:\/\/cvinoticias.com\/wp-content\/uploads\/2023\/09\/anses.jpg_529145118.jpg","articleSection":["Informaci\u00f3n General"],"inLanguage":"es","potentialAction":[{"@type":"CommentAction","name":"Comment","target":["https:\/\/cvinoticias.com\/v3\/anses-activo-una-sala-de-espera-virtual-por-la-demanda-de-creditos\/#respond"]}]},{"@type":"WebPage","@id":"https:\/\/cvinoticias.com\/v3\/anses-activo-una-sala-de-espera-virtual-por-la-demanda-de-creditos\/","url":"https:\/\/cvinoticias.com\/v3\/anses-activo-una-sala-de-espera-virtual-por-la-demanda-de-creditos\/","name":"Ans\u00e9s activ\u00f3 una sala de espera virtual por la demanda de cr\u00e9ditos | CVI NOTICIAS","isPartOf":{"@id":"https:\/\/cvinoticias.com\/v3\/#website"},"primaryImageOfPage":{"@id":"https:\/\/cvinoticias.com\/v3\/anses-activo-una-sala-de-espera-virtual-por-la-demanda-de-creditos\/#primaryimage"},"image":{"@id":"https:\/\/cvinoticias.com\/v3\/anses-activo-una-sala-de-espera-virtual-por-la-demanda-de-creditos\/#primaryimage"},"thumbnailUrl":"https:\/\/cvinoticias.com\/wp-content\/uploads\/2023\/09\/anses.jpg_529145118.jpg","datePublished":"2023-09-27T11:46:23+00:00","breadcrumb":{"@id":"https:\/\/cvinoticias.com\/v3\/anses-activo-una-sala-de-espera-virtual-por-la-demanda-de-creditos\/#breadcrumb"},"inLanguage":"es","potentialAction":[{"@type":"ReadAction","target":["https:\/\/cvinoticias.com\/v3\/anses-activo-una-sala-de-espera-virtual-por-la-demanda-de-creditos\/"]}]},{"@type":"ImageObject","inLanguage":"es","@id":"https:\/\/cvinoticias.com\/v3\/anses-activo-una-sala-de-espera-virtual-por-la-demanda-de-creditos\/#primaryimage","url":"https:\/\/cvinoticias.com\/wp-content\/uploads\/2023\/09\/anses.jpg_529145118.jpg","contentUrl":"https:\/\/cvinoticias.com\/wp-content\/uploads\/2023\/09\/anses.jpg_529145118.jpg","width":368,"height":207},{"@type":"BreadcrumbList","@id":"https:\/\/cvinoticias.com\/v3\/anses-activo-una-sala-de-espera-virtual-por-la-demanda-de-creditos\/#breadcrumb","itemListElement":[{"@type":"ListItem","position":1,"name":"Portada","item":"https:\/\/cvinoticias.com\/v3\/"},{"@type":"ListItem","position":2,"name":"Ans\u00e9s activ\u00f3 una sala de espera virtual por la demanda de cr\u00e9ditos"}]},{"@type":"WebSite","@id":"https:\/\/cvinoticias.com\/v3\/#website","url":"https:\/\/cvinoticias.com\/v3\/","name":"CVI NOTICIAS","description":"","publisher":{"@id":"https:\/\/cvinoticias.com\/v3\/#organization"},"alternateName":"CVI","potentialAction":[{"@type":"SearchAction","target":{"@type":"EntryPoint","urlTemplate":"https:\/\/cvinoticias.com\/v3\/?s={search_term_string}"},"query-input":{"@type":"PropertyValueSpecification","valueRequired":true,"valueName":"search_term_string"}}],"inLanguage":"es"},{"@type":"Organization","@id":"https:\/\/cvinoticias.com\/v3\/#organization","name":"CVI NOTICIAS","url":"https:\/\/cvinoticias.com\/v3\/","logo":{"@type":"ImageObject","inLanguage":"es","@id":"https:\/\/cvinoticias.com\/v3\/#\/schema\/logo\/image\/","url":"https:\/\/cvinoticias.com\/wp-content\/uploads\/2023\/04\/cropped-cropped-cropped-cropped-cropped-3-1.png","contentUrl":"https:\/\/cvinoticias.com\/wp-content\/uploads\/2023\/04\/cropped-cropped-cropped-cropped-cropped-3-1.png","width":95,"height":122,"caption":"CVI NOTICIAS"},"image":{"@id":"https:\/\/cvinoticias.com\/v3\/#\/schema\/logo\/image\/"},"sameAs":["https:\/\/www.facebook.com\/cvinoticias","https:\/\/www.instagram.com\/cvinoticias\/","https:\/\/www.youtube.com\/@CVINOTICIAS"]},{"@type":"Person","@id":"https:\/\/cvinoticias.com\/v3\/#\/schema\/person\/2db77e3c6bc03c538495d7b2b8be9b66","name":"f1000024","image":{"@type":"ImageObject","inLanguage":"es","@id":"https:\/\/secure.gravatar.com\/avatar\/d4fe7459cfc51ff5129ce1a732bbef5928568b8092d412ef95611616376bbeed?s=96&d=mm&r=g","url":"https:\/\/secure.gravatar.com\/avatar\/d4fe7459cfc51ff5129ce1a732bbef5928568b8092d412ef95611616376bbeed?s=96&d=mm&r=g","contentUrl":"https:\/\/secure.gravatar.com\/avatar\/d4fe7459cfc51ff5129ce1a732bbef5928568b8092d412ef95611616376bbeed?s=96&d=mm&r=g","caption":"f1000024"},"url":"https:\/\/cvinoticias.com\/v3\/author\/f1000024\/"}]}},"_links":{"self":[{"href":"https:\/\/cvinoticias.com\/v3\/wp-json\/wp\/v2\/posts\/28341","targetHints":{"allow":["GET"]}}],"collection":[{"href":"https:\/\/cvinoticias.com\/v3\/wp-json\/wp\/v2\/posts"}],"about":[{"href":"https:\/\/cvinoticias.com\/v3\/wp-json\/wp\/v2\/types\/post"}],"author":[{"embeddable":true,"href":"https:\/\/cvinoticias.com\/v3\/wp-json\/wp\/v2\/users\/2"}],"replies":[{"embeddable":true,"href":"https:\/\/cvinoticias.com\/v3\/wp-json\/wp\/v2\/comments?post=28341"}],"version-history":[{"count":1,"href":"https:\/\/cvinoticias.com\/v3\/wp-json\/wp\/v2\/posts\/28341\/revisions"}],"predecessor-version":[{"id":28343,"href":"https:\/\/cvinoticias.com\/v3\/wp-json\/wp\/v2\/posts\/28341\/revisions\/28343"}],"wp:featuredmedia":[{"embeddable":true,"href":"https:\/\/cvinoticias.com\/v3\/wp-json\/wp\/v2\/media\/28342"}],"wp:attachment":[{"href":"https:\/\/cvinoticias.com\/v3\/wp-json\/wp\/v2\/media?parent=28341"}],"wp:term":[{"taxonomy":"category","embeddable":true,"href":"https:\/\/cvinoticias.com\/v3\/wp-json\/wp\/v2\/categories?post=28341"},{"taxonomy":"post_tag","embeddable":true,"href":"https:\/\/cvinoticias.com\/v3\/wp-json\/wp\/v2\/tags?post=28341"}],"curies":[{"name":"wp","href":"https:\/\/api.w.org\/{rel}","templated":true}]}}