{"id":28338,"date":"2023-09-27T11:35:41","date_gmt":"2023-09-27T11:35:41","guid":{"rendered":"https:\/\/cvinoticias.com\/v3\/?p=28338"},"modified":"2023-09-27T11:35:41","modified_gmt":"2023-09-27T11:35:41","slug":"organizaciones-sociales-se-movilizan-para-reclamar-aumento-del-salario-minimo","status":"publish","type":"post","link":"https:\/\/cvinoticias.com\/v3\/organizaciones-sociales-se-movilizan-para-reclamar-aumento-del-salario-minimo\/","title":{"rendered":"Organizaciones sociales se movilizan para reclamar aumento del salario m\u00ednimo"},"content":{"rendered":"\n<p><strong><em>Se concentrar\u00e1n hoy en el Obelisco desde el mediod\u00eda, y luego marchar\u00e1n al Ministerio de Trabajo, Secretar\u00eda de Econom\u00eda Social y al INDEC.<\/em><\/strong><\/p>\n\n\n\n<p>La agrupaci\u00f3n Libres del Sur y las organizaciones sociales nucleadas en el bloque de Unidad Piquetera se movilizar\u00e1n hoy, desde las 12, para reclamar un aumento del salario m\u00ednimo, al considerar que se encuentra \u00abdebajo del nivel de indigencia\u00bb y que su incremento \u00abes una responsabilidad directa del Gobierno\u00bb.<\/p>\n\n\n\n<p>\u00abEl deterioro de los salarios es responsabilidad directa del Gobierno. El salario m\u00ednimo deber\u00eda ser igual a la canasta b\u00e1sica que mide la pobreza. Hoy, ese haber est\u00e1 por debajo del nivel de indigencia\u00bb, se\u00f1al\u00f3 Silvia Saravia, dirigente nacional de Libres del Sur a trav\u00e9s de un comunicado.<\/p>\n\n\n\n<p>Las organizaciones sociales se concentrar\u00e1n hoy en el marco de la reuni\u00f3n del Consejo del Salario M\u00ednimo, Vital y M\u00f3vil, que se desarrollar\u00e1 a partir de las 14 bajo una modalidad virtual, seg\u00fan indicaron fuentes del Ministerio de Trabajo.<\/p>\n\n\n\n<p>La concentraci\u00f3n de las organizaciones de Libres del Sur y Unidad Piquetera se llevar\u00e1 a cabo en el Obelisco desde el mediod\u00eda, y luego sus integrantes marchar\u00e1n hacia la sede de la cartera laboral, ubicada en Alem 650, onde pedir\u00e1n una reuni\u00f3n a sus autoridades.<\/p>\n\n\n\n<p>En tanto, otro grupo de manifestantes se dirigir\u00e1n a la Secretar\u00eda de Econom\u00eda Social que dirige Emilio P\u00e9rsico y que se encuentra en el Ministerio de Desarrollo Social, en Belgrano y 9 de Julio.<\/p>\n\n\n\n<p>Luego, a las 15, otra delegaci\u00f3n de manifestantes se dirigir\u00e1 al Instituto Nacional de Estad\u00edstica y Censos (INDEC), seg\u00fan consignaron voceros de la organizaci\u00f3n de estas protestas.<\/p>\n","protected":false},"excerpt":{"rendered":"<p>Se concentrar\u00e1n hoy en el Obelisco desde el mediod\u00eda, y luego marchar\u00e1n al Ministerio de Trabajo, Secretar\u00eda de Econom\u00eda Social y al INDEC. La agrupaci\u00f3n Libres del Sur y las organizaciones sociales nucleadas en el bloque de Unidad Piquetera se movilizar\u00e1n hoy, desde las 12, para reclamar un aumento del salario m\u00ednimo, al considerar que [&hellip;]<\/p>\n","protected":false},"author":2,"featured_media":28340,"comment_status":"open","ping_status":"open","sticky":false,"template":"","format":"standard","meta":{"footnotes":""},"categories":[35],"tags":[],"class_list":["post-28338","post","type-post","status-publish","format-standard","has-post-thumbnail","hentry","category-informacion-general"],"yoast_head":"<!-- This site is optimized with the Yoast SEO plugin v27.5 - https:\/\/yoast.com\/product\/yoast-seo-wordpress\/ -->\n<title>Organizaciones sociales se movilizan para reclamar aumento del salario m\u00ednimo | CVI NOTICIAS<\/title>\n<meta name=\"robots\" content=\"index, follow, max-snippet:-1, max-image-preview:large, max-video-preview:-1\" \/>\n<link rel=\"canonical\" href=\"https:\/\/cvinoticias.com\/v3\/organizaciones-sociales-se-movilizan-para-reclamar-aumento-del-salario-minimo\/\" \/>\n<meta property=\"og:locale\" content=\"es_ES\" \/>\n<meta property=\"og:type\" content=\"article\" \/>\n<meta property=\"og:title\" content=\"Organizaciones sociales se movilizan para reclamar aumento del salario m\u00ednimo | CVI NOTICIAS\" \/>\n<meta property=\"og:description\" content=\"Se concentrar\u00e1n hoy en el Obelisco desde el mediod\u00eda, y luego marchar\u00e1n al Ministerio de Trabajo, Secretar\u00eda de Econom\u00eda Social y al INDEC. La agrupaci\u00f3n Libres del Sur y las organizaciones sociales nucleadas en el bloque de Unidad Piquetera se movilizar\u00e1n hoy, desde las 12, para reclamar un aumento del salario m\u00ednimo, al considerar que [&hellip;]\" \/>\n<meta property=\"og:url\" content=\"https:\/\/cvinoticias.com\/v3\/organizaciones-sociales-se-movilizan-para-reclamar-aumento-del-salario-minimo\/\" \/>\n<meta property=\"og:site_name\" content=\"CVI NOTICIAS\" \/>\n<meta property=\"article:publisher\" content=\"https:\/\/www.facebook.com\/cvinoticias\" \/>\n<meta property=\"article:published_time\" content=\"2023-09-27T11:35:41+00:00\" \/>\n<meta property=\"og:image\" content=\"https:\/\/cvinoticias.com\/wp-content\/uploads\/2023\/09\/f608x342-184764_214487_7.jpg\" \/>\n\t<meta property=\"og:image:width\" content=\"608\" \/>\n\t<meta property=\"og:image:height\" content=\"342\" \/>\n\t<meta property=\"og:image:type\" content=\"image\/jpeg\" \/>\n<meta name=\"author\" content=\"f1000024\" \/>\n<meta name=\"twitter:card\" content=\"summary_large_image\" \/>\n<meta name=\"twitter:label1\" content=\"Escrito por\" \/>\n\t<meta name=\"twitter:data1\" content=\"f1000024\" \/>\n\t<meta name=\"twitter:label2\" content=\"Tiempo de lectura\" \/>\n\t<meta name=\"twitter:data2\" content=\"1 minuto\" \/>\n<script type=\"application\/ld+json\" class=\"yoast-schema-graph\">{\"@context\":\"https:\\\/\\\/schema.org\",\"@graph\":[{\"@type\":\"Article\",\"@id\":\"https:\\\/\\\/cvinoticias.com\\\/v3\\\/organizaciones-sociales-se-movilizan-para-reclamar-aumento-del-salario-minimo\\\/#article\",\"isPartOf\":{\"@id\":\"https:\\\/\\\/cvinoticias.com\\\/v3\\\/organizaciones-sociales-se-movilizan-para-reclamar-aumento-del-salario-minimo\\\/\"},\"author\":{\"name\":\"f1000024\",\"@id\":\"https:\\\/\\\/cvinoticias.com\\\/v3\\\/#\\\/schema\\\/person\\\/2db77e3c6bc03c538495d7b2b8be9b66\"},\"headline\":\"Organizaciones sociales se movilizan para reclamar aumento del salario m\u00ednimo\",\"datePublished\":\"2023-09-27T11:35:41+00:00\",\"mainEntityOfPage\":{\"@id\":\"https:\\\/\\\/cvinoticias.com\\\/v3\\\/organizaciones-sociales-se-movilizan-para-reclamar-aumento-del-salario-minimo\\\/\"},\"wordCount\":302,\"commentCount\":0,\"publisher\":{\"@id\":\"https:\\\/\\\/cvinoticias.com\\\/v3\\\/#organization\"},\"image\":{\"@id\":\"https:\\\/\\\/cvinoticias.com\\\/v3\\\/organizaciones-sociales-se-movilizan-para-reclamar-aumento-del-salario-minimo\\\/#primaryimage\"},\"thumbnailUrl\":\"https:\\\/\\\/cvinoticias.com\\\/wp-content\\\/uploads\\\/2023\\\/09\\\/f608x342-184764_214487_7.jpg\",\"articleSection\":[\"Informaci\u00f3n General\"],\"inLanguage\":\"es\",\"potentialAction\":[{\"@type\":\"CommentAction\",\"name\":\"Comment\",\"target\":[\"https:\\\/\\\/cvinoticias.com\\\/v3\\\/organizaciones-sociales-se-movilizan-para-reclamar-aumento-del-salario-minimo\\\/#respond\"]}]},{\"@type\":\"WebPage\",\"@id\":\"https:\\\/\\\/cvinoticias.com\\\/v3\\\/organizaciones-sociales-se-movilizan-para-reclamar-aumento-del-salario-minimo\\\/\",\"url\":\"https:\\\/\\\/cvinoticias.com\\\/v3\\\/organizaciones-sociales-se-movilizan-para-reclamar-aumento-del-salario-minimo\\\/\",\"name\":\"Organizaciones sociales se movilizan para reclamar aumento del salario m\u00ednimo | CVI NOTICIAS\",\"isPartOf\":{\"@id\":\"https:\\\/\\\/cvinoticias.com\\\/v3\\\/#website\"},\"primaryImageOfPage\":{\"@id\":\"https:\\\/\\\/cvinoticias.com\\\/v3\\\/organizaciones-sociales-se-movilizan-para-reclamar-aumento-del-salario-minimo\\\/#primaryimage\"},\"image\":{\"@id\":\"https:\\\/\\\/cvinoticias.com\\\/v3\\\/organizaciones-sociales-se-movilizan-para-reclamar-aumento-del-salario-minimo\\\/#primaryimage\"},\"thumbnailUrl\":\"https:\\\/\\\/cvinoticias.com\\\/wp-content\\\/uploads\\\/2023\\\/09\\\/f608x342-184764_214487_7.jpg\",\"datePublished\":\"2023-09-27T11:35:41+00:00\",\"breadcrumb\":{\"@id\":\"https:\\\/\\\/cvinoticias.com\\\/v3\\\/organizaciones-sociales-se-movilizan-para-reclamar-aumento-del-salario-minimo\\\/#breadcrumb\"},\"inLanguage\":\"es\",\"potentialAction\":[{\"@type\":\"ReadAction\",\"target\":[\"https:\\\/\\\/cvinoticias.com\\\/v3\\\/organizaciones-sociales-se-movilizan-para-reclamar-aumento-del-salario-minimo\\\/\"]}]},{\"@type\":\"ImageObject\",\"inLanguage\":\"es\",\"@id\":\"https:\\\/\\\/cvinoticias.com\\\/v3\\\/organizaciones-sociales-se-movilizan-para-reclamar-aumento-del-salario-minimo\\\/#primaryimage\",\"url\":\"https:\\\/\\\/cvinoticias.com\\\/wp-content\\\/uploads\\\/2023\\\/09\\\/f608x342-184764_214487_7.jpg\",\"contentUrl\":\"https:\\\/\\\/cvinoticias.com\\\/wp-content\\\/uploads\\\/2023\\\/09\\\/f608x342-184764_214487_7.jpg\",\"width\":608,\"height\":342},{\"@type\":\"BreadcrumbList\",\"@id\":\"https:\\\/\\\/cvinoticias.com\\\/v3\\\/organizaciones-sociales-se-movilizan-para-reclamar-aumento-del-salario-minimo\\\/#breadcrumb\",\"itemListElement\":[{\"@type\":\"ListItem\",\"position\":1,\"name\":\"Portada\",\"item\":\"https:\\\/\\\/cvinoticias.com\\\/v3\\\/\"},{\"@type\":\"ListItem\",\"position\":2,\"name\":\"Organizaciones sociales se movilizan para reclamar aumento del salario m\u00ednimo\"}]},{\"@type\":\"WebSite\",\"@id\":\"https:\\\/\\\/cvinoticias.com\\\/v3\\\/#website\",\"url\":\"https:\\\/\\\/cvinoticias.com\\\/v3\\\/\",\"name\":\"CVI NOTICIAS\",\"description\":\"\",\"publisher\":{\"@id\":\"https:\\\/\\\/cvinoticias.com\\\/v3\\\/#organization\"},\"alternateName\":\"CVI\",\"potentialAction\":[{\"@type\":\"SearchAction\",\"target\":{\"@type\":\"EntryPoint\",\"urlTemplate\":\"https:\\\/\\\/cvinoticias.com\\\/v3\\\/?s={search_term_string}\"},\"query-input\":{\"@type\":\"PropertyValueSpecification\",\"valueRequired\":true,\"valueName\":\"search_term_string\"}}],\"inLanguage\":\"es\"},{\"@type\":\"Organization\",\"@id\":\"https:\\\/\\\/cvinoticias.com\\\/v3\\\/#organization\",\"name\":\"CVI NOTICIAS\",\"url\":\"https:\\\/\\\/cvinoticias.com\\\/v3\\\/\",\"logo\":{\"@type\":\"ImageObject\",\"inLanguage\":\"es\",\"@id\":\"https:\\\/\\\/cvinoticias.com\\\/v3\\\/#\\\/schema\\\/logo\\\/image\\\/\",\"url\":\"https:\\\/\\\/cvinoticias.com\\\/wp-content\\\/uploads\\\/2023\\\/04\\\/cropped-cropped-cropped-cropped-cropped-3-1.png\",\"contentUrl\":\"https:\\\/\\\/cvinoticias.com\\\/wp-content\\\/uploads\\\/2023\\\/04\\\/cropped-cropped-cropped-cropped-cropped-3-1.png\",\"width\":95,\"height\":122,\"caption\":\"CVI NOTICIAS\"},\"image\":{\"@id\":\"https:\\\/\\\/cvinoticias.com\\\/v3\\\/#\\\/schema\\\/logo\\\/image\\\/\"},\"sameAs\":[\"https:\\\/\\\/www.facebook.com\\\/cvinoticias\",\"https:\\\/\\\/www.instagram.com\\\/cvinoticias\\\/\",\"https:\\\/\\\/www.youtube.com\\\/@CVINOTICIAS\"]},{\"@type\":\"Person\",\"@id\":\"https:\\\/\\\/cvinoticias.com\\\/v3\\\/#\\\/schema\\\/person\\\/2db77e3c6bc03c538495d7b2b8be9b66\",\"name\":\"f1000024\",\"image\":{\"@type\":\"ImageObject\",\"inLanguage\":\"es\",\"@id\":\"https:\\\/\\\/secure.gravatar.com\\\/avatar\\\/d4fe7459cfc51ff5129ce1a732bbef5928568b8092d412ef95611616376bbeed?s=96&d=mm&r=g\",\"url\":\"https:\\\/\\\/secure.gravatar.com\\\/avatar\\\/d4fe7459cfc51ff5129ce1a732bbef5928568b8092d412ef95611616376bbeed?s=96&d=mm&r=g\",\"contentUrl\":\"https:\\\/\\\/secure.gravatar.com\\\/avatar\\\/d4fe7459cfc51ff5129ce1a732bbef5928568b8092d412ef95611616376bbeed?s=96&d=mm&r=g\",\"caption\":\"f1000024\"},\"url\":\"https:\\\/\\\/cvinoticias.com\\\/v3\\\/author\\\/f1000024\\\/\"}]}<\/script>\n<!-- \/ Yoast SEO plugin. -->","yoast_head_json":{"title":"Organizaciones sociales se movilizan para reclamar aumento del salario m\u00ednimo | CVI NOTICIAS","robots":{"index":"index","follow":"follow","max-snippet":"max-snippet:-1","max-image-preview":"max-image-preview:large","max-video-preview":"max-video-preview:-1"},"canonical":"https:\/\/cvinoticias.com\/v3\/organizaciones-sociales-se-movilizan-para-reclamar-aumento-del-salario-minimo\/","og_locale":"es_ES","og_type":"article","og_title":"Organizaciones sociales se movilizan para reclamar aumento del salario m\u00ednimo | CVI NOTICIAS","og_description":"Se concentrar\u00e1n hoy en el Obelisco desde el mediod\u00eda, y luego marchar\u00e1n al Ministerio de Trabajo, Secretar\u00eda de Econom\u00eda Social y al INDEC. La agrupaci\u00f3n Libres del Sur y las organizaciones sociales nucleadas en el bloque de Unidad Piquetera se movilizar\u00e1n hoy, desde las 12, para reclamar un aumento del salario m\u00ednimo, al considerar que [&hellip;]","og_url":"https:\/\/cvinoticias.com\/v3\/organizaciones-sociales-se-movilizan-para-reclamar-aumento-del-salario-minimo\/","og_site_name":"CVI NOTICIAS","article_publisher":"https:\/\/www.facebook.com\/cvinoticias","article_published_time":"2023-09-27T11:35:41+00:00","og_image":[{"width":608,"height":342,"url":"https:\/\/cvinoticias.com\/wp-content\/uploads\/2023\/09\/f608x342-184764_214487_7.jpg","type":"image\/jpeg"}],"author":"f1000024","twitter_card":"summary_large_image","twitter_misc":{"Escrito por":"f1000024","Tiempo de lectura":"1 minuto"},"schema":{"@context":"https:\/\/schema.org","@graph":[{"@type":"Article","@id":"https:\/\/cvinoticias.com\/v3\/organizaciones-sociales-se-movilizan-para-reclamar-aumento-del-salario-minimo\/#article","isPartOf":{"@id":"https:\/\/cvinoticias.com\/v3\/organizaciones-sociales-se-movilizan-para-reclamar-aumento-del-salario-minimo\/"},"author":{"name":"f1000024","@id":"https:\/\/cvinoticias.com\/v3\/#\/schema\/person\/2db77e3c6bc03c538495d7b2b8be9b66"},"headline":"Organizaciones sociales se movilizan para reclamar aumento del salario m\u00ednimo","datePublished":"2023-09-27T11:35:41+00:00","mainEntityOfPage":{"@id":"https:\/\/cvinoticias.com\/v3\/organizaciones-sociales-se-movilizan-para-reclamar-aumento-del-salario-minimo\/"},"wordCount":302,"commentCount":0,"publisher":{"@id":"https:\/\/cvinoticias.com\/v3\/#organization"},"image":{"@id":"https:\/\/cvinoticias.com\/v3\/organizaciones-sociales-se-movilizan-para-reclamar-aumento-del-salario-minimo\/#primaryimage"},"thumbnailUrl":"https:\/\/cvinoticias.com\/wp-content\/uploads\/2023\/09\/f608x342-184764_214487_7.jpg","articleSection":["Informaci\u00f3n General"],"inLanguage":"es","potentialAction":[{"@type":"CommentAction","name":"Comment","target":["https:\/\/cvinoticias.com\/v3\/organizaciones-sociales-se-movilizan-para-reclamar-aumento-del-salario-minimo\/#respond"]}]},{"@type":"WebPage","@id":"https:\/\/cvinoticias.com\/v3\/organizaciones-sociales-se-movilizan-para-reclamar-aumento-del-salario-minimo\/","url":"https:\/\/cvinoticias.com\/v3\/organizaciones-sociales-se-movilizan-para-reclamar-aumento-del-salario-minimo\/","name":"Organizaciones sociales se movilizan para reclamar aumento del salario m\u00ednimo | CVI NOTICIAS","isPartOf":{"@id":"https:\/\/cvinoticias.com\/v3\/#website"},"primaryImageOfPage":{"@id":"https:\/\/cvinoticias.com\/v3\/organizaciones-sociales-se-movilizan-para-reclamar-aumento-del-salario-minimo\/#primaryimage"},"image":{"@id":"https:\/\/cvinoticias.com\/v3\/organizaciones-sociales-se-movilizan-para-reclamar-aumento-del-salario-minimo\/#primaryimage"},"thumbnailUrl":"https:\/\/cvinoticias.com\/wp-content\/uploads\/2023\/09\/f608x342-184764_214487_7.jpg","datePublished":"2023-09-27T11:35:41+00:00","breadcrumb":{"@id":"https:\/\/cvinoticias.com\/v3\/organizaciones-sociales-se-movilizan-para-reclamar-aumento-del-salario-minimo\/#breadcrumb"},"inLanguage":"es","potentialAction":[{"@type":"ReadAction","target":["https:\/\/cvinoticias.com\/v3\/organizaciones-sociales-se-movilizan-para-reclamar-aumento-del-salario-minimo\/"]}]},{"@type":"ImageObject","inLanguage":"es","@id":"https:\/\/cvinoticias.com\/v3\/organizaciones-sociales-se-movilizan-para-reclamar-aumento-del-salario-minimo\/#primaryimage","url":"https:\/\/cvinoticias.com\/wp-content\/uploads\/2023\/09\/f608x342-184764_214487_7.jpg","contentUrl":"https:\/\/cvinoticias.com\/wp-content\/uploads\/2023\/09\/f608x342-184764_214487_7.jpg","width":608,"height":342},{"@type":"BreadcrumbList","@id":"https:\/\/cvinoticias.com\/v3\/organizaciones-sociales-se-movilizan-para-reclamar-aumento-del-salario-minimo\/#breadcrumb","itemListElement":[{"@type":"ListItem","position":1,"name":"Portada","item":"https:\/\/cvinoticias.com\/v3\/"},{"@type":"ListItem","position":2,"name":"Organizaciones sociales se movilizan para reclamar aumento del salario m\u00ednimo"}]},{"@type":"WebSite","@id":"https:\/\/cvinoticias.com\/v3\/#website","url":"https:\/\/cvinoticias.com\/v3\/","name":"CVI NOTICIAS","description":"","publisher":{"@id":"https:\/\/cvinoticias.com\/v3\/#organization"},"alternateName":"CVI","potentialAction":[{"@type":"SearchAction","target":{"@type":"EntryPoint","urlTemplate":"https:\/\/cvinoticias.com\/v3\/?s={search_term_string}"},"query-input":{"@type":"PropertyValueSpecification","valueRequired":true,"valueName":"search_term_string"}}],"inLanguage":"es"},{"@type":"Organization","@id":"https:\/\/cvinoticias.com\/v3\/#organization","name":"CVI NOTICIAS","url":"https:\/\/cvinoticias.com\/v3\/","logo":{"@type":"ImageObject","inLanguage":"es","@id":"https:\/\/cvinoticias.com\/v3\/#\/schema\/logo\/image\/","url":"https:\/\/cvinoticias.com\/wp-content\/uploads\/2023\/04\/cropped-cropped-cropped-cropped-cropped-3-1.png","contentUrl":"https:\/\/cvinoticias.com\/wp-content\/uploads\/2023\/04\/cropped-cropped-cropped-cropped-cropped-3-1.png","width":95,"height":122,"caption":"CVI NOTICIAS"},"image":{"@id":"https:\/\/cvinoticias.com\/v3\/#\/schema\/logo\/image\/"},"sameAs":["https:\/\/www.facebook.com\/cvinoticias","https:\/\/www.instagram.com\/cvinoticias\/","https:\/\/www.youtube.com\/@CVINOTICIAS"]},{"@type":"Person","@id":"https:\/\/cvinoticias.com\/v3\/#\/schema\/person\/2db77e3c6bc03c538495d7b2b8be9b66","name":"f1000024","image":{"@type":"ImageObject","inLanguage":"es","@id":"https:\/\/secure.gravatar.com\/avatar\/d4fe7459cfc51ff5129ce1a732bbef5928568b8092d412ef95611616376bbeed?s=96&d=mm&r=g","url":"https:\/\/secure.gravatar.com\/avatar\/d4fe7459cfc51ff5129ce1a732bbef5928568b8092d412ef95611616376bbeed?s=96&d=mm&r=g","contentUrl":"https:\/\/secure.gravatar.com\/avatar\/d4fe7459cfc51ff5129ce1a732bbef5928568b8092d412ef95611616376bbeed?s=96&d=mm&r=g","caption":"f1000024"},"url":"https:\/\/cvinoticias.com\/v3\/author\/f1000024\/"}]}},"_links":{"self":[{"href":"https:\/\/cvinoticias.com\/v3\/wp-json\/wp\/v2\/posts\/28338","targetHints":{"allow":["GET"]}}],"collection":[{"href":"https:\/\/cvinoticias.com\/v3\/wp-json\/wp\/v2\/posts"}],"about":[{"href":"https:\/\/cvinoticias.com\/v3\/wp-json\/wp\/v2\/types\/post"}],"author":[{"embeddable":true,"href":"https:\/\/cvinoticias.com\/v3\/wp-json\/wp\/v2\/users\/2"}],"replies":[{"embeddable":true,"href":"https:\/\/cvinoticias.com\/v3\/wp-json\/wp\/v2\/comments?post=28338"}],"version-history":[{"count":1,"href":"https:\/\/cvinoticias.com\/v3\/wp-json\/wp\/v2\/posts\/28338\/revisions"}],"predecessor-version":[{"id":28339,"href":"https:\/\/cvinoticias.com\/v3\/wp-json\/wp\/v2\/posts\/28338\/revisions\/28339"}],"wp:featuredmedia":[{"embeddable":true,"href":"https:\/\/cvinoticias.com\/v3\/wp-json\/wp\/v2\/media\/28340"}],"wp:attachment":[{"href":"https:\/\/cvinoticias.com\/v3\/wp-json\/wp\/v2\/media?parent=28338"}],"wp:term":[{"taxonomy":"category","embeddable":true,"href":"https:\/\/cvinoticias.com\/v3\/wp-json\/wp\/v2\/categories?post=28338"},{"taxonomy":"post_tag","embeddable":true,"href":"https:\/\/cvinoticias.com\/v3\/wp-json\/wp\/v2\/tags?post=28338"}],"curies":[{"name":"wp","href":"https:\/\/api.w.org\/{rel}","templated":true}]}}