{"id":28318,"date":"2023-09-26T12:52:54","date_gmt":"2023-09-26T12:52:54","guid":{"rendered":"https:\/\/cvinoticias.com\/v3\/?p=28318"},"modified":"2023-09-26T12:52:54","modified_gmt":"2023-09-26T12:52:54","slug":"el-gobierno-oficializo-el-bono-de-20-mil-para-desempleados-todos-los-detalles","status":"publish","type":"post","link":"https:\/\/cvinoticias.com\/v3\/el-gobierno-oficializo-el-bono-de-20-mil-para-desempleados-todos-los-detalles\/","title":{"rendered":"El Gobierno oficializ\u00f3 el bono de $20 mil para desempleados: todos los detalles"},"content":{"rendered":"\n<p><strong><em>El Ministerio de Trabajo, a cargo de \u00abKelly\u00bb Olmos, oficializ\u00f3 la resoluci\u00f3n que establece el pago de un bono para desempleados de $20.000.<\/em><\/strong><\/p>\n\n\n\n<p>El ministerio de Trabajo, Empleo y Seguridad Social de la Naci\u00f3n ha anunciado el pago de un bono extraordinario de 20 mil pesos para aquellos que reciben prestaciones por desempleo1. La medida fue establecida mediante la Resoluci\u00f3n 1209\/2023, publicada en el Bolet\u00edn Oficial. <\/p>\n\n\n\n<p><strong>A continuaci\u00f3n, se detallan los aspectos m\u00e1s relevantes:<\/strong><\/p>\n\n\n\n<ul class=\"wp-block-list\">\n<li>El bono ser\u00e1 abonado por la Administraci\u00f3n Nacional de la Seguridad Social (Anses).<\/li>\n\n\n\n<li>El monto total del bono es de 20 mil pesos1.<\/li>\n\n\n\n<li>El pago se realizar\u00e1 en dos cuotas iguales de 10 mil pesos cada una.<\/li>\n\n\n\n<li>Las cuotas ser\u00e1n abonadas en los meses de septiembre y octubre.<\/li>\n\n\n\n<li>El bono est\u00e1 destinado a las personas que son titulares de las prestaciones por desempleo reguladas por las Leyes Nros. 24.013 y 25.371 y sus modificatorias.<\/li>\n<\/ul>\n\n\n\n<p>Es importante destacar que, seg\u00fan lo establecido en el art\u00edculo dos de la resoluci\u00f3n, si un trabajador o trabajadora solo tiene derecho a percibir la prestaci\u00f3n por desempleo en uno de los meses mencionados, solo se le otorgar\u00e1 la cuota correspondiente a ese mes.<\/p>\n","protected":false},"excerpt":{"rendered":"<p>El Ministerio de Trabajo, a cargo de \u00abKelly\u00bb Olmos, oficializ\u00f3 la resoluci\u00f3n que establece el pago de un bono para desempleados de $20.000. El ministerio de Trabajo, Empleo y Seguridad Social de la Naci\u00f3n ha anunciado el pago de un bono extraordinario de 20 mil pesos para aquellos que reciben prestaciones por desempleo1. La medida [&hellip;]<\/p>\n","protected":false},"author":2,"featured_media":28319,"comment_status":"open","ping_status":"open","sticky":false,"template":"","format":"standard","meta":{"footnotes":""},"categories":[35],"tags":[],"class_list":["post-28318","post","type-post","status-publish","format-standard","has-post-thumbnail","hentry","category-informacion-general"],"yoast_head":"<!-- This site is optimized with the Yoast SEO plugin v27.5 - https:\/\/yoast.com\/product\/yoast-seo-wordpress\/ -->\n<title>El Gobierno oficializ\u00f3 el bono de $20 mil para desempleados: todos los detalles | CVI NOTICIAS<\/title>\n<meta name=\"robots\" content=\"index, follow, max-snippet:-1, max-image-preview:large, max-video-preview:-1\" \/>\n<link rel=\"canonical\" href=\"https:\/\/cvinoticias.com\/v3\/el-gobierno-oficializo-el-bono-de-20-mil-para-desempleados-todos-los-detalles\/\" \/>\n<meta property=\"og:locale\" content=\"es_ES\" \/>\n<meta property=\"og:type\" content=\"article\" \/>\n<meta property=\"og:title\" content=\"El Gobierno oficializ\u00f3 el bono de $20 mil para desempleados: todos los detalles | CVI NOTICIAS\" \/>\n<meta property=\"og:description\" content=\"El Ministerio de Trabajo, a cargo de \u00abKelly\u00bb Olmos, oficializ\u00f3 la resoluci\u00f3n que establece el pago de un bono para desempleados de $20.000. El ministerio de Trabajo, Empleo y Seguridad Social de la Naci\u00f3n ha anunciado el pago de un bono extraordinario de 20 mil pesos para aquellos que reciben prestaciones por desempleo1. La medida [&hellip;]\" \/>\n<meta property=\"og:url\" content=\"https:\/\/cvinoticias.com\/v3\/el-gobierno-oficializo-el-bono-de-20-mil-para-desempleados-todos-los-detalles\/\" \/>\n<meta property=\"og:site_name\" content=\"CVI NOTICIAS\" \/>\n<meta property=\"article:publisher\" content=\"https:\/\/www.facebook.com\/cvinoticias\" \/>\n<meta property=\"article:published_time\" content=\"2023-09-26T12:52:54+00:00\" \/>\n<meta property=\"og:image\" content=\"https:\/\/cvinoticias.com\/wp-content\/uploads\/2023\/09\/suma-fija-bono-dinero-2309jde20.jpg\" \/>\n\t<meta property=\"og:image:width\" content=\"1920\" \/>\n\t<meta property=\"og:image:height\" content=\"1080\" \/>\n\t<meta property=\"og:image:type\" content=\"image\/jpeg\" \/>\n<meta name=\"author\" content=\"f1000024\" \/>\n<meta name=\"twitter:card\" content=\"summary_large_image\" \/>\n<meta name=\"twitter:label1\" content=\"Escrito por\" \/>\n\t<meta name=\"twitter:data1\" content=\"f1000024\" \/>\n\t<meta name=\"twitter:label2\" content=\"Tiempo de lectura\" \/>\n\t<meta name=\"twitter:data2\" content=\"1 minuto\" \/>\n<script type=\"application\/ld+json\" class=\"yoast-schema-graph\">{\"@context\":\"https:\\\/\\\/schema.org\",\"@graph\":[{\"@type\":\"Article\",\"@id\":\"https:\\\/\\\/cvinoticias.com\\\/v3\\\/el-gobierno-oficializo-el-bono-de-20-mil-para-desempleados-todos-los-detalles\\\/#article\",\"isPartOf\":{\"@id\":\"https:\\\/\\\/cvinoticias.com\\\/v3\\\/el-gobierno-oficializo-el-bono-de-20-mil-para-desempleados-todos-los-detalles\\\/\"},\"author\":{\"name\":\"f1000024\",\"@id\":\"https:\\\/\\\/cvinoticias.com\\\/v3\\\/#\\\/schema\\\/person\\\/2db77e3c6bc03c538495d7b2b8be9b66\"},\"headline\":\"El Gobierno oficializ\u00f3 el bono de $20 mil para desempleados: todos los detalles\",\"datePublished\":\"2023-09-26T12:52:54+00:00\",\"mainEntityOfPage\":{\"@id\":\"https:\\\/\\\/cvinoticias.com\\\/v3\\\/el-gobierno-oficializo-el-bono-de-20-mil-para-desempleados-todos-los-detalles\\\/\"},\"wordCount\":209,\"commentCount\":0,\"publisher\":{\"@id\":\"https:\\\/\\\/cvinoticias.com\\\/v3\\\/#organization\"},\"image\":{\"@id\":\"https:\\\/\\\/cvinoticias.com\\\/v3\\\/el-gobierno-oficializo-el-bono-de-20-mil-para-desempleados-todos-los-detalles\\\/#primaryimage\"},\"thumbnailUrl\":\"https:\\\/\\\/cvinoticias.com\\\/wp-content\\\/uploads\\\/2023\\\/09\\\/suma-fija-bono-dinero-2309jde20.jpg\",\"articleSection\":[\"Informaci\u00f3n General\"],\"inLanguage\":\"es\",\"potentialAction\":[{\"@type\":\"CommentAction\",\"name\":\"Comment\",\"target\":[\"https:\\\/\\\/cvinoticias.com\\\/v3\\\/el-gobierno-oficializo-el-bono-de-20-mil-para-desempleados-todos-los-detalles\\\/#respond\"]}]},{\"@type\":\"WebPage\",\"@id\":\"https:\\\/\\\/cvinoticias.com\\\/v3\\\/el-gobierno-oficializo-el-bono-de-20-mil-para-desempleados-todos-los-detalles\\\/\",\"url\":\"https:\\\/\\\/cvinoticias.com\\\/v3\\\/el-gobierno-oficializo-el-bono-de-20-mil-para-desempleados-todos-los-detalles\\\/\",\"name\":\"El Gobierno oficializ\u00f3 el bono de $20 mil para desempleados: todos los detalles | CVI NOTICIAS\",\"isPartOf\":{\"@id\":\"https:\\\/\\\/cvinoticias.com\\\/v3\\\/#website\"},\"primaryImageOfPage\":{\"@id\":\"https:\\\/\\\/cvinoticias.com\\\/v3\\\/el-gobierno-oficializo-el-bono-de-20-mil-para-desempleados-todos-los-detalles\\\/#primaryimage\"},\"image\":{\"@id\":\"https:\\\/\\\/cvinoticias.com\\\/v3\\\/el-gobierno-oficializo-el-bono-de-20-mil-para-desempleados-todos-los-detalles\\\/#primaryimage\"},\"thumbnailUrl\":\"https:\\\/\\\/cvinoticias.com\\\/wp-content\\\/uploads\\\/2023\\\/09\\\/suma-fija-bono-dinero-2309jde20.jpg\",\"datePublished\":\"2023-09-26T12:52:54+00:00\",\"breadcrumb\":{\"@id\":\"https:\\\/\\\/cvinoticias.com\\\/v3\\\/el-gobierno-oficializo-el-bono-de-20-mil-para-desempleados-todos-los-detalles\\\/#breadcrumb\"},\"inLanguage\":\"es\",\"potentialAction\":[{\"@type\":\"ReadAction\",\"target\":[\"https:\\\/\\\/cvinoticias.com\\\/v3\\\/el-gobierno-oficializo-el-bono-de-20-mil-para-desempleados-todos-los-detalles\\\/\"]}]},{\"@type\":\"ImageObject\",\"inLanguage\":\"es\",\"@id\":\"https:\\\/\\\/cvinoticias.com\\\/v3\\\/el-gobierno-oficializo-el-bono-de-20-mil-para-desempleados-todos-los-detalles\\\/#primaryimage\",\"url\":\"https:\\\/\\\/cvinoticias.com\\\/wp-content\\\/uploads\\\/2023\\\/09\\\/suma-fija-bono-dinero-2309jde20.jpg\",\"contentUrl\":\"https:\\\/\\\/cvinoticias.com\\\/wp-content\\\/uploads\\\/2023\\\/09\\\/suma-fija-bono-dinero-2309jde20.jpg\",\"width\":1920,\"height\":1080},{\"@type\":\"BreadcrumbList\",\"@id\":\"https:\\\/\\\/cvinoticias.com\\\/v3\\\/el-gobierno-oficializo-el-bono-de-20-mil-para-desempleados-todos-los-detalles\\\/#breadcrumb\",\"itemListElement\":[{\"@type\":\"ListItem\",\"position\":1,\"name\":\"Portada\",\"item\":\"https:\\\/\\\/cvinoticias.com\\\/v3\\\/\"},{\"@type\":\"ListItem\",\"position\":2,\"name\":\"El Gobierno oficializ\u00f3 el bono de $20 mil para desempleados: todos los detalles\"}]},{\"@type\":\"WebSite\",\"@id\":\"https:\\\/\\\/cvinoticias.com\\\/v3\\\/#website\",\"url\":\"https:\\\/\\\/cvinoticias.com\\\/v3\\\/\",\"name\":\"CVI NOTICIAS\",\"description\":\"\",\"publisher\":{\"@id\":\"https:\\\/\\\/cvinoticias.com\\\/v3\\\/#organization\"},\"alternateName\":\"CVI\",\"potentialAction\":[{\"@type\":\"SearchAction\",\"target\":{\"@type\":\"EntryPoint\",\"urlTemplate\":\"https:\\\/\\\/cvinoticias.com\\\/v3\\\/?s={search_term_string}\"},\"query-input\":{\"@type\":\"PropertyValueSpecification\",\"valueRequired\":true,\"valueName\":\"search_term_string\"}}],\"inLanguage\":\"es\"},{\"@type\":\"Organization\",\"@id\":\"https:\\\/\\\/cvinoticias.com\\\/v3\\\/#organization\",\"name\":\"CVI NOTICIAS\",\"url\":\"https:\\\/\\\/cvinoticias.com\\\/v3\\\/\",\"logo\":{\"@type\":\"ImageObject\",\"inLanguage\":\"es\",\"@id\":\"https:\\\/\\\/cvinoticias.com\\\/v3\\\/#\\\/schema\\\/logo\\\/image\\\/\",\"url\":\"https:\\\/\\\/cvinoticias.com\\\/wp-content\\\/uploads\\\/2023\\\/04\\\/cropped-cropped-cropped-cropped-cropped-3-1.png\",\"contentUrl\":\"https:\\\/\\\/cvinoticias.com\\\/wp-content\\\/uploads\\\/2023\\\/04\\\/cropped-cropped-cropped-cropped-cropped-3-1.png\",\"width\":95,\"height\":122,\"caption\":\"CVI NOTICIAS\"},\"image\":{\"@id\":\"https:\\\/\\\/cvinoticias.com\\\/v3\\\/#\\\/schema\\\/logo\\\/image\\\/\"},\"sameAs\":[\"https:\\\/\\\/www.facebook.com\\\/cvinoticias\",\"https:\\\/\\\/www.instagram.com\\\/cvinoticias\\\/\",\"https:\\\/\\\/www.youtube.com\\\/@CVINOTICIAS\"]},{\"@type\":\"Person\",\"@id\":\"https:\\\/\\\/cvinoticias.com\\\/v3\\\/#\\\/schema\\\/person\\\/2db77e3c6bc03c538495d7b2b8be9b66\",\"name\":\"f1000024\",\"image\":{\"@type\":\"ImageObject\",\"inLanguage\":\"es\",\"@id\":\"https:\\\/\\\/secure.gravatar.com\\\/avatar\\\/d4fe7459cfc51ff5129ce1a732bbef5928568b8092d412ef95611616376bbeed?s=96&d=mm&r=g\",\"url\":\"https:\\\/\\\/secure.gravatar.com\\\/avatar\\\/d4fe7459cfc51ff5129ce1a732bbef5928568b8092d412ef95611616376bbeed?s=96&d=mm&r=g\",\"contentUrl\":\"https:\\\/\\\/secure.gravatar.com\\\/avatar\\\/d4fe7459cfc51ff5129ce1a732bbef5928568b8092d412ef95611616376bbeed?s=96&d=mm&r=g\",\"caption\":\"f1000024\"},\"url\":\"https:\\\/\\\/cvinoticias.com\\\/v3\\\/author\\\/f1000024\\\/\"}]}<\/script>\n<!-- \/ Yoast SEO plugin. -->","yoast_head_json":{"title":"El Gobierno oficializ\u00f3 el bono de $20 mil para desempleados: todos los detalles | CVI NOTICIAS","robots":{"index":"index","follow":"follow","max-snippet":"max-snippet:-1","max-image-preview":"max-image-preview:large","max-video-preview":"max-video-preview:-1"},"canonical":"https:\/\/cvinoticias.com\/v3\/el-gobierno-oficializo-el-bono-de-20-mil-para-desempleados-todos-los-detalles\/","og_locale":"es_ES","og_type":"article","og_title":"El Gobierno oficializ\u00f3 el bono de $20 mil para desempleados: todos los detalles | CVI NOTICIAS","og_description":"El Ministerio de Trabajo, a cargo de \u00abKelly\u00bb Olmos, oficializ\u00f3 la resoluci\u00f3n que establece el pago de un bono para desempleados de $20.000. El ministerio de Trabajo, Empleo y Seguridad Social de la Naci\u00f3n ha anunciado el pago de un bono extraordinario de 20 mil pesos para aquellos que reciben prestaciones por desempleo1. La medida [&hellip;]","og_url":"https:\/\/cvinoticias.com\/v3\/el-gobierno-oficializo-el-bono-de-20-mil-para-desempleados-todos-los-detalles\/","og_site_name":"CVI NOTICIAS","article_publisher":"https:\/\/www.facebook.com\/cvinoticias","article_published_time":"2023-09-26T12:52:54+00:00","og_image":[{"width":1920,"height":1080,"url":"https:\/\/cvinoticias.com\/wp-content\/uploads\/2023\/09\/suma-fija-bono-dinero-2309jde20.jpg","type":"image\/jpeg"}],"author":"f1000024","twitter_card":"summary_large_image","twitter_misc":{"Escrito por":"f1000024","Tiempo de lectura":"1 minuto"},"schema":{"@context":"https:\/\/schema.org","@graph":[{"@type":"Article","@id":"https:\/\/cvinoticias.com\/v3\/el-gobierno-oficializo-el-bono-de-20-mil-para-desempleados-todos-los-detalles\/#article","isPartOf":{"@id":"https:\/\/cvinoticias.com\/v3\/el-gobierno-oficializo-el-bono-de-20-mil-para-desempleados-todos-los-detalles\/"},"author":{"name":"f1000024","@id":"https:\/\/cvinoticias.com\/v3\/#\/schema\/person\/2db77e3c6bc03c538495d7b2b8be9b66"},"headline":"El Gobierno oficializ\u00f3 el bono de $20 mil para desempleados: todos los detalles","datePublished":"2023-09-26T12:52:54+00:00","mainEntityOfPage":{"@id":"https:\/\/cvinoticias.com\/v3\/el-gobierno-oficializo-el-bono-de-20-mil-para-desempleados-todos-los-detalles\/"},"wordCount":209,"commentCount":0,"publisher":{"@id":"https:\/\/cvinoticias.com\/v3\/#organization"},"image":{"@id":"https:\/\/cvinoticias.com\/v3\/el-gobierno-oficializo-el-bono-de-20-mil-para-desempleados-todos-los-detalles\/#primaryimage"},"thumbnailUrl":"https:\/\/cvinoticias.com\/wp-content\/uploads\/2023\/09\/suma-fija-bono-dinero-2309jde20.jpg","articleSection":["Informaci\u00f3n General"],"inLanguage":"es","potentialAction":[{"@type":"CommentAction","name":"Comment","target":["https:\/\/cvinoticias.com\/v3\/el-gobierno-oficializo-el-bono-de-20-mil-para-desempleados-todos-los-detalles\/#respond"]}]},{"@type":"WebPage","@id":"https:\/\/cvinoticias.com\/v3\/el-gobierno-oficializo-el-bono-de-20-mil-para-desempleados-todos-los-detalles\/","url":"https:\/\/cvinoticias.com\/v3\/el-gobierno-oficializo-el-bono-de-20-mil-para-desempleados-todos-los-detalles\/","name":"El Gobierno oficializ\u00f3 el bono de $20 mil para desempleados: todos los detalles | CVI NOTICIAS","isPartOf":{"@id":"https:\/\/cvinoticias.com\/v3\/#website"},"primaryImageOfPage":{"@id":"https:\/\/cvinoticias.com\/v3\/el-gobierno-oficializo-el-bono-de-20-mil-para-desempleados-todos-los-detalles\/#primaryimage"},"image":{"@id":"https:\/\/cvinoticias.com\/v3\/el-gobierno-oficializo-el-bono-de-20-mil-para-desempleados-todos-los-detalles\/#primaryimage"},"thumbnailUrl":"https:\/\/cvinoticias.com\/wp-content\/uploads\/2023\/09\/suma-fija-bono-dinero-2309jde20.jpg","datePublished":"2023-09-26T12:52:54+00:00","breadcrumb":{"@id":"https:\/\/cvinoticias.com\/v3\/el-gobierno-oficializo-el-bono-de-20-mil-para-desempleados-todos-los-detalles\/#breadcrumb"},"inLanguage":"es","potentialAction":[{"@type":"ReadAction","target":["https:\/\/cvinoticias.com\/v3\/el-gobierno-oficializo-el-bono-de-20-mil-para-desempleados-todos-los-detalles\/"]}]},{"@type":"ImageObject","inLanguage":"es","@id":"https:\/\/cvinoticias.com\/v3\/el-gobierno-oficializo-el-bono-de-20-mil-para-desempleados-todos-los-detalles\/#primaryimage","url":"https:\/\/cvinoticias.com\/wp-content\/uploads\/2023\/09\/suma-fija-bono-dinero-2309jde20.jpg","contentUrl":"https:\/\/cvinoticias.com\/wp-content\/uploads\/2023\/09\/suma-fija-bono-dinero-2309jde20.jpg","width":1920,"height":1080},{"@type":"BreadcrumbList","@id":"https:\/\/cvinoticias.com\/v3\/el-gobierno-oficializo-el-bono-de-20-mil-para-desempleados-todos-los-detalles\/#breadcrumb","itemListElement":[{"@type":"ListItem","position":1,"name":"Portada","item":"https:\/\/cvinoticias.com\/v3\/"},{"@type":"ListItem","position":2,"name":"El Gobierno oficializ\u00f3 el bono de $20 mil para desempleados: todos los detalles"}]},{"@type":"WebSite","@id":"https:\/\/cvinoticias.com\/v3\/#website","url":"https:\/\/cvinoticias.com\/v3\/","name":"CVI NOTICIAS","description":"","publisher":{"@id":"https:\/\/cvinoticias.com\/v3\/#organization"},"alternateName":"CVI","potentialAction":[{"@type":"SearchAction","target":{"@type":"EntryPoint","urlTemplate":"https:\/\/cvinoticias.com\/v3\/?s={search_term_string}"},"query-input":{"@type":"PropertyValueSpecification","valueRequired":true,"valueName":"search_term_string"}}],"inLanguage":"es"},{"@type":"Organization","@id":"https:\/\/cvinoticias.com\/v3\/#organization","name":"CVI NOTICIAS","url":"https:\/\/cvinoticias.com\/v3\/","logo":{"@type":"ImageObject","inLanguage":"es","@id":"https:\/\/cvinoticias.com\/v3\/#\/schema\/logo\/image\/","url":"https:\/\/cvinoticias.com\/wp-content\/uploads\/2023\/04\/cropped-cropped-cropped-cropped-cropped-3-1.png","contentUrl":"https:\/\/cvinoticias.com\/wp-content\/uploads\/2023\/04\/cropped-cropped-cropped-cropped-cropped-3-1.png","width":95,"height":122,"caption":"CVI NOTICIAS"},"image":{"@id":"https:\/\/cvinoticias.com\/v3\/#\/schema\/logo\/image\/"},"sameAs":["https:\/\/www.facebook.com\/cvinoticias","https:\/\/www.instagram.com\/cvinoticias\/","https:\/\/www.youtube.com\/@CVINOTICIAS"]},{"@type":"Person","@id":"https:\/\/cvinoticias.com\/v3\/#\/schema\/person\/2db77e3c6bc03c538495d7b2b8be9b66","name":"f1000024","image":{"@type":"ImageObject","inLanguage":"es","@id":"https:\/\/secure.gravatar.com\/avatar\/d4fe7459cfc51ff5129ce1a732bbef5928568b8092d412ef95611616376bbeed?s=96&d=mm&r=g","url":"https:\/\/secure.gravatar.com\/avatar\/d4fe7459cfc51ff5129ce1a732bbef5928568b8092d412ef95611616376bbeed?s=96&d=mm&r=g","contentUrl":"https:\/\/secure.gravatar.com\/avatar\/d4fe7459cfc51ff5129ce1a732bbef5928568b8092d412ef95611616376bbeed?s=96&d=mm&r=g","caption":"f1000024"},"url":"https:\/\/cvinoticias.com\/v3\/author\/f1000024\/"}]}},"_links":{"self":[{"href":"https:\/\/cvinoticias.com\/v3\/wp-json\/wp\/v2\/posts\/28318","targetHints":{"allow":["GET"]}}],"collection":[{"href":"https:\/\/cvinoticias.com\/v3\/wp-json\/wp\/v2\/posts"}],"about":[{"href":"https:\/\/cvinoticias.com\/v3\/wp-json\/wp\/v2\/types\/post"}],"author":[{"embeddable":true,"href":"https:\/\/cvinoticias.com\/v3\/wp-json\/wp\/v2\/users\/2"}],"replies":[{"embeddable":true,"href":"https:\/\/cvinoticias.com\/v3\/wp-json\/wp\/v2\/comments?post=28318"}],"version-history":[{"count":1,"href":"https:\/\/cvinoticias.com\/v3\/wp-json\/wp\/v2\/posts\/28318\/revisions"}],"predecessor-version":[{"id":28320,"href":"https:\/\/cvinoticias.com\/v3\/wp-json\/wp\/v2\/posts\/28318\/revisions\/28320"}],"wp:featuredmedia":[{"embeddable":true,"href":"https:\/\/cvinoticias.com\/v3\/wp-json\/wp\/v2\/media\/28319"}],"wp:attachment":[{"href":"https:\/\/cvinoticias.com\/v3\/wp-json\/wp\/v2\/media?parent=28318"}],"wp:term":[{"taxonomy":"category","embeddable":true,"href":"https:\/\/cvinoticias.com\/v3\/wp-json\/wp\/v2\/categories?post=28318"},{"taxonomy":"post_tag","embeddable":true,"href":"https:\/\/cvinoticias.com\/v3\/wp-json\/wp\/v2\/tags?post=28318"}],"curies":[{"name":"wp","href":"https:\/\/api.w.org\/{rel}","templated":true}]}}