{"id":28309,"date":"2023-09-26T12:19:46","date_gmt":"2023-09-26T12:19:46","guid":{"rendered":"https:\/\/cvinoticias.com\/v3\/?p=28309"},"modified":"2023-09-26T12:19:46","modified_gmt":"2023-09-26T12:19:46","slug":"diputados-retoma-el-debate-sobre-la-reduccion-de-la-jornada-laboral","status":"publish","type":"post","link":"https:\/\/cvinoticias.com\/v3\/diputados-retoma-el-debate-sobre-la-reduccion-de-la-jornada-laboral\/","title":{"rendered":"Diputados retoma el debate sobre la reducci\u00f3n de la jornada laboral"},"content":{"rendered":"\n<p><strong><em>La Comisi\u00f3n de Legislaci\u00f3n del Trabajo de la C\u00e1mara de Diputados debatir\u00e1 este martes un conjunto de proyectos de legisladores de diferentes bancadas que plantean la reducci\u00f3n de la jornada laboral.<\/em><\/strong><\/p>\n\n\n\n<p>Durante la reuni\u00f3n de la comisi\u00f3n, que preside la diputada Vanesa Siley (Frente de Todos), prevista para las 13, se analizar\u00e1n siete expedientes sobre la reducci\u00f3n de la jornada laboral tanto del oficialismo como de la oposici\u00f3n.<\/p>\n\n\n\n<p>De esas propuestas, cinco corresponden al oficialismo -presentadas por Claudia Ormaechea, Hugo Yasky, Sergio Palazzo, Eduardo Vald\u00e9s y M\u00f3nica Litza- y dos de legisladores de la oposici\u00f3n, impulsados por el socialismo (Enrique Estevez) y el Frente de Izquierda (Nicol\u00e1s del Ca\u00f1o).<\/p>\n\n\n\n<p>Del encuentro participar\u00e1n la ministra de Trabajo, Raquel &#8216;Kelly&#8217; Olmos; la embajadora de Chile, B\u00e1rbara Figueroa Sandoval; la secretaria Internacional de Cooperaci\u00f3n y Migraciones de Comisiones Obreras de Espa\u00f1a, Cristina Faciaben; representantes de la CGT, CTA de los Trabajadores y Aut\u00f3noma y especialistas de la Uni\u00f3n Industrial Argentina (UIA), as\u00ed como de la Corriente de Abogados laboralistas &#8216;7 de Julio&#8217;.<\/p>\n\n\n\n<p>La idea de la comisi\u00f3n es impulsar un \u00abdi\u00e1logo tripartito con las instituciones invitadas a participar\u00bb, seg\u00fan se inform\u00f3.<\/p>\n\n\n\n<p>En una primera reuni\u00f3n de la comisi\u00f3n, en mayo pasado, Yasky hab\u00eda se\u00f1alado que la idea \u00abes reducir horas en la jornada laboral de manera tal que en la semana se completen 40 horas de trabajo\u00bb.<\/p>\n\n\n\n<p>Por su parte, Ormaechea, diputada y dirigente de la Asociaci\u00f3n Bancaria, dijo que se \u00abplantea una reducci\u00f3n a 36 horas\u00bb.<\/p>\n\n\n\n<p><strong>Para generar m\u00e1s empleo<\/strong><\/p>\n\n\n\n<p>En mayo pasado, en el marco de la conmemoraci\u00f3n del D\u00eda Internacional de los Trabajadores, la CGT se pronunci\u00f3 a favor de la reducci\u00f3n de la jornada de trabajo semanal, que actualmente es de 48 horas, al sostener que ese sistema ya es \u00abuna antig\u00fcedad\u00bb, y que hay que avanzar en la legislaci\u00f3n \u00abcomo medio de generar m\u00e1s empleo y distribuir mejor el beneficio extraordinario del capital\u00bb.<\/p>\n\n\n\n<p>La ministra de Trabajo, Raquel &#8216;Kelly&#8217; Olmos, tambi\u00e9n se manifest\u00f3 en favor de la reducci\u00f3n de la jornada laboral y plante\u00f3 la posibilidad de que \u00abse emita un despacho de consenso para que pueda aprobarse efectivamente esta iniciativa, que est\u00e1 alcanzando importantes niveles de acuerdo\u00bb.<\/p>\n\n\n\n<p>Fuentes parlamentarias del oficialismo adelantaron que \u00abla idea es acordar un proyecto que contemple textos presentados por legisladores de varios bloques que podr\u00edan confluir en una iniciativa para llevar de 48 a 40 o 36 horas la jornada semanal, con lo que se busca mejorar la productividad y generar empleo\u00bb.<\/p>\n","protected":false},"excerpt":{"rendered":"<p>La Comisi\u00f3n de Legislaci\u00f3n del Trabajo de la C\u00e1mara de Diputados debatir\u00e1 este martes un conjunto de proyectos de legisladores de diferentes bancadas que plantean la reducci\u00f3n de la jornada laboral. Durante la reuni\u00f3n de la comisi\u00f3n, que preside la diputada Vanesa Siley (Frente de Todos), prevista para las 13, se analizar\u00e1n siete expedientes sobre [&hellip;]<\/p>\n","protected":false},"author":2,"featured_media":28310,"comment_status":"open","ping_status":"open","sticky":false,"template":"","format":"standard","meta":{"footnotes":""},"categories":[39],"tags":[],"class_list":["post-28309","post","type-post","status-publish","format-standard","has-post-thumbnail","hentry","category-nacionales"],"yoast_head":"<!-- This site is optimized with the Yoast SEO plugin v27.5 - https:\/\/yoast.com\/product\/yoast-seo-wordpress\/ -->\n<title>Diputados retoma el debate sobre la reducci\u00f3n de la jornada laboral | CVI NOTICIAS<\/title>\n<meta name=\"robots\" content=\"index, follow, max-snippet:-1, max-image-preview:large, max-video-preview:-1\" \/>\n<link rel=\"canonical\" href=\"https:\/\/cvinoticias.com\/v3\/diputados-retoma-el-debate-sobre-la-reduccion-de-la-jornada-laboral\/\" \/>\n<meta property=\"og:locale\" content=\"es_ES\" \/>\n<meta property=\"og:type\" content=\"article\" \/>\n<meta property=\"og:title\" content=\"Diputados retoma el debate sobre la reducci\u00f3n de la jornada laboral | CVI NOTICIAS\" \/>\n<meta property=\"og:description\" content=\"La Comisi\u00f3n de Legislaci\u00f3n del Trabajo de la C\u00e1mara de Diputados debatir\u00e1 este martes un conjunto de proyectos de legisladores de diferentes bancadas que plantean la reducci\u00f3n de la jornada laboral. Durante la reuni\u00f3n de la comisi\u00f3n, que preside la diputada Vanesa Siley (Frente de Todos), prevista para las 13, se analizar\u00e1n siete expedientes sobre [&hellip;]\" \/>\n<meta property=\"og:url\" content=\"https:\/\/cvinoticias.com\/v3\/diputados-retoma-el-debate-sobre-la-reduccion-de-la-jornada-laboral\/\" \/>\n<meta property=\"og:site_name\" content=\"CVI NOTICIAS\" \/>\n<meta property=\"article:publisher\" content=\"https:\/\/www.facebook.com\/cvinoticias\" \/>\n<meta property=\"article:published_time\" content=\"2023-09-26T12:19:46+00:00\" \/>\n<meta property=\"og:image\" content=\"https:\/\/cvinoticias.com\/wp-content\/uploads\/2023\/09\/Screenshot_20230926_091930_Facebook.jpg\" \/>\n\t<meta property=\"og:image:width\" content=\"1080\" \/>\n\t<meta property=\"og:image:height\" content=\"808\" \/>\n\t<meta property=\"og:image:type\" content=\"image\/jpeg\" \/>\n<meta name=\"author\" content=\"f1000024\" \/>\n<meta name=\"twitter:card\" content=\"summary_large_image\" \/>\n<meta name=\"twitter:label1\" content=\"Escrito por\" \/>\n\t<meta name=\"twitter:data1\" content=\"f1000024\" \/>\n\t<meta name=\"twitter:label2\" content=\"Tiempo de lectura\" \/>\n\t<meta name=\"twitter:data2\" content=\"2 minutos\" \/>\n<script type=\"application\/ld+json\" class=\"yoast-schema-graph\">{\"@context\":\"https:\\\/\\\/schema.org\",\"@graph\":[{\"@type\":\"Article\",\"@id\":\"https:\\\/\\\/cvinoticias.com\\\/v3\\\/diputados-retoma-el-debate-sobre-la-reduccion-de-la-jornada-laboral\\\/#article\",\"isPartOf\":{\"@id\":\"https:\\\/\\\/cvinoticias.com\\\/v3\\\/diputados-retoma-el-debate-sobre-la-reduccion-de-la-jornada-laboral\\\/\"},\"author\":{\"name\":\"f1000024\",\"@id\":\"https:\\\/\\\/cvinoticias.com\\\/v3\\\/#\\\/schema\\\/person\\\/2db77e3c6bc03c538495d7b2b8be9b66\"},\"headline\":\"Diputados retoma el debate sobre la reducci\u00f3n de la jornada laboral\",\"datePublished\":\"2023-09-26T12:19:46+00:00\",\"mainEntityOfPage\":{\"@id\":\"https:\\\/\\\/cvinoticias.com\\\/v3\\\/diputados-retoma-el-debate-sobre-la-reduccion-de-la-jornada-laboral\\\/\"},\"wordCount\":454,\"commentCount\":0,\"publisher\":{\"@id\":\"https:\\\/\\\/cvinoticias.com\\\/v3\\\/#organization\"},\"image\":{\"@id\":\"https:\\\/\\\/cvinoticias.com\\\/v3\\\/diputados-retoma-el-debate-sobre-la-reduccion-de-la-jornada-laboral\\\/#primaryimage\"},\"thumbnailUrl\":\"https:\\\/\\\/cvinoticias.com\\\/wp-content\\\/uploads\\\/2023\\\/09\\\/Screenshot_20230926_091930_Facebook.jpg\",\"articleSection\":[\"Nacionales\"],\"inLanguage\":\"es\",\"potentialAction\":[{\"@type\":\"CommentAction\",\"name\":\"Comment\",\"target\":[\"https:\\\/\\\/cvinoticias.com\\\/v3\\\/diputados-retoma-el-debate-sobre-la-reduccion-de-la-jornada-laboral\\\/#respond\"]}]},{\"@type\":\"WebPage\",\"@id\":\"https:\\\/\\\/cvinoticias.com\\\/v3\\\/diputados-retoma-el-debate-sobre-la-reduccion-de-la-jornada-laboral\\\/\",\"url\":\"https:\\\/\\\/cvinoticias.com\\\/v3\\\/diputados-retoma-el-debate-sobre-la-reduccion-de-la-jornada-laboral\\\/\",\"name\":\"Diputados retoma el debate sobre la reducci\u00f3n de la jornada laboral | CVI NOTICIAS\",\"isPartOf\":{\"@id\":\"https:\\\/\\\/cvinoticias.com\\\/v3\\\/#website\"},\"primaryImageOfPage\":{\"@id\":\"https:\\\/\\\/cvinoticias.com\\\/v3\\\/diputados-retoma-el-debate-sobre-la-reduccion-de-la-jornada-laboral\\\/#primaryimage\"},\"image\":{\"@id\":\"https:\\\/\\\/cvinoticias.com\\\/v3\\\/diputados-retoma-el-debate-sobre-la-reduccion-de-la-jornada-laboral\\\/#primaryimage\"},\"thumbnailUrl\":\"https:\\\/\\\/cvinoticias.com\\\/wp-content\\\/uploads\\\/2023\\\/09\\\/Screenshot_20230926_091930_Facebook.jpg\",\"datePublished\":\"2023-09-26T12:19:46+00:00\",\"breadcrumb\":{\"@id\":\"https:\\\/\\\/cvinoticias.com\\\/v3\\\/diputados-retoma-el-debate-sobre-la-reduccion-de-la-jornada-laboral\\\/#breadcrumb\"},\"inLanguage\":\"es\",\"potentialAction\":[{\"@type\":\"ReadAction\",\"target\":[\"https:\\\/\\\/cvinoticias.com\\\/v3\\\/diputados-retoma-el-debate-sobre-la-reduccion-de-la-jornada-laboral\\\/\"]}]},{\"@type\":\"ImageObject\",\"inLanguage\":\"es\",\"@id\":\"https:\\\/\\\/cvinoticias.com\\\/v3\\\/diputados-retoma-el-debate-sobre-la-reduccion-de-la-jornada-laboral\\\/#primaryimage\",\"url\":\"https:\\\/\\\/cvinoticias.com\\\/wp-content\\\/uploads\\\/2023\\\/09\\\/Screenshot_20230926_091930_Facebook.jpg\",\"contentUrl\":\"https:\\\/\\\/cvinoticias.com\\\/wp-content\\\/uploads\\\/2023\\\/09\\\/Screenshot_20230926_091930_Facebook.jpg\",\"width\":1080,\"height\":808},{\"@type\":\"BreadcrumbList\",\"@id\":\"https:\\\/\\\/cvinoticias.com\\\/v3\\\/diputados-retoma-el-debate-sobre-la-reduccion-de-la-jornada-laboral\\\/#breadcrumb\",\"itemListElement\":[{\"@type\":\"ListItem\",\"position\":1,\"name\":\"Portada\",\"item\":\"https:\\\/\\\/cvinoticias.com\\\/v3\\\/\"},{\"@type\":\"ListItem\",\"position\":2,\"name\":\"Diputados retoma el debate sobre la reducci\u00f3n de la jornada laboral\"}]},{\"@type\":\"WebSite\",\"@id\":\"https:\\\/\\\/cvinoticias.com\\\/v3\\\/#website\",\"url\":\"https:\\\/\\\/cvinoticias.com\\\/v3\\\/\",\"name\":\"CVI NOTICIAS\",\"description\":\"\",\"publisher\":{\"@id\":\"https:\\\/\\\/cvinoticias.com\\\/v3\\\/#organization\"},\"alternateName\":\"CVI\",\"potentialAction\":[{\"@type\":\"SearchAction\",\"target\":{\"@type\":\"EntryPoint\",\"urlTemplate\":\"https:\\\/\\\/cvinoticias.com\\\/v3\\\/?s={search_term_string}\"},\"query-input\":{\"@type\":\"PropertyValueSpecification\",\"valueRequired\":true,\"valueName\":\"search_term_string\"}}],\"inLanguage\":\"es\"},{\"@type\":\"Organization\",\"@id\":\"https:\\\/\\\/cvinoticias.com\\\/v3\\\/#organization\",\"name\":\"CVI NOTICIAS\",\"url\":\"https:\\\/\\\/cvinoticias.com\\\/v3\\\/\",\"logo\":{\"@type\":\"ImageObject\",\"inLanguage\":\"es\",\"@id\":\"https:\\\/\\\/cvinoticias.com\\\/v3\\\/#\\\/schema\\\/logo\\\/image\\\/\",\"url\":\"https:\\\/\\\/cvinoticias.com\\\/wp-content\\\/uploads\\\/2023\\\/04\\\/cropped-cropped-cropped-cropped-cropped-3-1.png\",\"contentUrl\":\"https:\\\/\\\/cvinoticias.com\\\/wp-content\\\/uploads\\\/2023\\\/04\\\/cropped-cropped-cropped-cropped-cropped-3-1.png\",\"width\":95,\"height\":122,\"caption\":\"CVI NOTICIAS\"},\"image\":{\"@id\":\"https:\\\/\\\/cvinoticias.com\\\/v3\\\/#\\\/schema\\\/logo\\\/image\\\/\"},\"sameAs\":[\"https:\\\/\\\/www.facebook.com\\\/cvinoticias\",\"https:\\\/\\\/www.instagram.com\\\/cvinoticias\\\/\",\"https:\\\/\\\/www.youtube.com\\\/@CVINOTICIAS\"]},{\"@type\":\"Person\",\"@id\":\"https:\\\/\\\/cvinoticias.com\\\/v3\\\/#\\\/schema\\\/person\\\/2db77e3c6bc03c538495d7b2b8be9b66\",\"name\":\"f1000024\",\"image\":{\"@type\":\"ImageObject\",\"inLanguage\":\"es\",\"@id\":\"https:\\\/\\\/secure.gravatar.com\\\/avatar\\\/d4fe7459cfc51ff5129ce1a732bbef5928568b8092d412ef95611616376bbeed?s=96&d=mm&r=g\",\"url\":\"https:\\\/\\\/secure.gravatar.com\\\/avatar\\\/d4fe7459cfc51ff5129ce1a732bbef5928568b8092d412ef95611616376bbeed?s=96&d=mm&r=g\",\"contentUrl\":\"https:\\\/\\\/secure.gravatar.com\\\/avatar\\\/d4fe7459cfc51ff5129ce1a732bbef5928568b8092d412ef95611616376bbeed?s=96&d=mm&r=g\",\"caption\":\"f1000024\"},\"url\":\"https:\\\/\\\/cvinoticias.com\\\/v3\\\/author\\\/f1000024\\\/\"}]}<\/script>\n<!-- \/ Yoast SEO plugin. -->","yoast_head_json":{"title":"Diputados retoma el debate sobre la reducci\u00f3n de la jornada laboral | CVI NOTICIAS","robots":{"index":"index","follow":"follow","max-snippet":"max-snippet:-1","max-image-preview":"max-image-preview:large","max-video-preview":"max-video-preview:-1"},"canonical":"https:\/\/cvinoticias.com\/v3\/diputados-retoma-el-debate-sobre-la-reduccion-de-la-jornada-laboral\/","og_locale":"es_ES","og_type":"article","og_title":"Diputados retoma el debate sobre la reducci\u00f3n de la jornada laboral | CVI NOTICIAS","og_description":"La Comisi\u00f3n de Legislaci\u00f3n del Trabajo de la C\u00e1mara de Diputados debatir\u00e1 este martes un conjunto de proyectos de legisladores de diferentes bancadas que plantean la reducci\u00f3n de la jornada laboral. Durante la reuni\u00f3n de la comisi\u00f3n, que preside la diputada Vanesa Siley (Frente de Todos), prevista para las 13, se analizar\u00e1n siete expedientes sobre [&hellip;]","og_url":"https:\/\/cvinoticias.com\/v3\/diputados-retoma-el-debate-sobre-la-reduccion-de-la-jornada-laboral\/","og_site_name":"CVI NOTICIAS","article_publisher":"https:\/\/www.facebook.com\/cvinoticias","article_published_time":"2023-09-26T12:19:46+00:00","og_image":[{"width":1080,"height":808,"url":"https:\/\/cvinoticias.com\/wp-content\/uploads\/2023\/09\/Screenshot_20230926_091930_Facebook.jpg","type":"image\/jpeg"}],"author":"f1000024","twitter_card":"summary_large_image","twitter_misc":{"Escrito por":"f1000024","Tiempo de lectura":"2 minutos"},"schema":{"@context":"https:\/\/schema.org","@graph":[{"@type":"Article","@id":"https:\/\/cvinoticias.com\/v3\/diputados-retoma-el-debate-sobre-la-reduccion-de-la-jornada-laboral\/#article","isPartOf":{"@id":"https:\/\/cvinoticias.com\/v3\/diputados-retoma-el-debate-sobre-la-reduccion-de-la-jornada-laboral\/"},"author":{"name":"f1000024","@id":"https:\/\/cvinoticias.com\/v3\/#\/schema\/person\/2db77e3c6bc03c538495d7b2b8be9b66"},"headline":"Diputados retoma el debate sobre la reducci\u00f3n de la jornada laboral","datePublished":"2023-09-26T12:19:46+00:00","mainEntityOfPage":{"@id":"https:\/\/cvinoticias.com\/v3\/diputados-retoma-el-debate-sobre-la-reduccion-de-la-jornada-laboral\/"},"wordCount":454,"commentCount":0,"publisher":{"@id":"https:\/\/cvinoticias.com\/v3\/#organization"},"image":{"@id":"https:\/\/cvinoticias.com\/v3\/diputados-retoma-el-debate-sobre-la-reduccion-de-la-jornada-laboral\/#primaryimage"},"thumbnailUrl":"https:\/\/cvinoticias.com\/wp-content\/uploads\/2023\/09\/Screenshot_20230926_091930_Facebook.jpg","articleSection":["Nacionales"],"inLanguage":"es","potentialAction":[{"@type":"CommentAction","name":"Comment","target":["https:\/\/cvinoticias.com\/v3\/diputados-retoma-el-debate-sobre-la-reduccion-de-la-jornada-laboral\/#respond"]}]},{"@type":"WebPage","@id":"https:\/\/cvinoticias.com\/v3\/diputados-retoma-el-debate-sobre-la-reduccion-de-la-jornada-laboral\/","url":"https:\/\/cvinoticias.com\/v3\/diputados-retoma-el-debate-sobre-la-reduccion-de-la-jornada-laboral\/","name":"Diputados retoma el debate sobre la reducci\u00f3n de la jornada laboral | CVI NOTICIAS","isPartOf":{"@id":"https:\/\/cvinoticias.com\/v3\/#website"},"primaryImageOfPage":{"@id":"https:\/\/cvinoticias.com\/v3\/diputados-retoma-el-debate-sobre-la-reduccion-de-la-jornada-laboral\/#primaryimage"},"image":{"@id":"https:\/\/cvinoticias.com\/v3\/diputados-retoma-el-debate-sobre-la-reduccion-de-la-jornada-laboral\/#primaryimage"},"thumbnailUrl":"https:\/\/cvinoticias.com\/wp-content\/uploads\/2023\/09\/Screenshot_20230926_091930_Facebook.jpg","datePublished":"2023-09-26T12:19:46+00:00","breadcrumb":{"@id":"https:\/\/cvinoticias.com\/v3\/diputados-retoma-el-debate-sobre-la-reduccion-de-la-jornada-laboral\/#breadcrumb"},"inLanguage":"es","potentialAction":[{"@type":"ReadAction","target":["https:\/\/cvinoticias.com\/v3\/diputados-retoma-el-debate-sobre-la-reduccion-de-la-jornada-laboral\/"]}]},{"@type":"ImageObject","inLanguage":"es","@id":"https:\/\/cvinoticias.com\/v3\/diputados-retoma-el-debate-sobre-la-reduccion-de-la-jornada-laboral\/#primaryimage","url":"https:\/\/cvinoticias.com\/wp-content\/uploads\/2023\/09\/Screenshot_20230926_091930_Facebook.jpg","contentUrl":"https:\/\/cvinoticias.com\/wp-content\/uploads\/2023\/09\/Screenshot_20230926_091930_Facebook.jpg","width":1080,"height":808},{"@type":"BreadcrumbList","@id":"https:\/\/cvinoticias.com\/v3\/diputados-retoma-el-debate-sobre-la-reduccion-de-la-jornada-laboral\/#breadcrumb","itemListElement":[{"@type":"ListItem","position":1,"name":"Portada","item":"https:\/\/cvinoticias.com\/v3\/"},{"@type":"ListItem","position":2,"name":"Diputados retoma el debate sobre la reducci\u00f3n de la jornada laboral"}]},{"@type":"WebSite","@id":"https:\/\/cvinoticias.com\/v3\/#website","url":"https:\/\/cvinoticias.com\/v3\/","name":"CVI NOTICIAS","description":"","publisher":{"@id":"https:\/\/cvinoticias.com\/v3\/#organization"},"alternateName":"CVI","potentialAction":[{"@type":"SearchAction","target":{"@type":"EntryPoint","urlTemplate":"https:\/\/cvinoticias.com\/v3\/?s={search_term_string}"},"query-input":{"@type":"PropertyValueSpecification","valueRequired":true,"valueName":"search_term_string"}}],"inLanguage":"es"},{"@type":"Organization","@id":"https:\/\/cvinoticias.com\/v3\/#organization","name":"CVI NOTICIAS","url":"https:\/\/cvinoticias.com\/v3\/","logo":{"@type":"ImageObject","inLanguage":"es","@id":"https:\/\/cvinoticias.com\/v3\/#\/schema\/logo\/image\/","url":"https:\/\/cvinoticias.com\/wp-content\/uploads\/2023\/04\/cropped-cropped-cropped-cropped-cropped-3-1.png","contentUrl":"https:\/\/cvinoticias.com\/wp-content\/uploads\/2023\/04\/cropped-cropped-cropped-cropped-cropped-3-1.png","width":95,"height":122,"caption":"CVI NOTICIAS"},"image":{"@id":"https:\/\/cvinoticias.com\/v3\/#\/schema\/logo\/image\/"},"sameAs":["https:\/\/www.facebook.com\/cvinoticias","https:\/\/www.instagram.com\/cvinoticias\/","https:\/\/www.youtube.com\/@CVINOTICIAS"]},{"@type":"Person","@id":"https:\/\/cvinoticias.com\/v3\/#\/schema\/person\/2db77e3c6bc03c538495d7b2b8be9b66","name":"f1000024","image":{"@type":"ImageObject","inLanguage":"es","@id":"https:\/\/secure.gravatar.com\/avatar\/d4fe7459cfc51ff5129ce1a732bbef5928568b8092d412ef95611616376bbeed?s=96&d=mm&r=g","url":"https:\/\/secure.gravatar.com\/avatar\/d4fe7459cfc51ff5129ce1a732bbef5928568b8092d412ef95611616376bbeed?s=96&d=mm&r=g","contentUrl":"https:\/\/secure.gravatar.com\/avatar\/d4fe7459cfc51ff5129ce1a732bbef5928568b8092d412ef95611616376bbeed?s=96&d=mm&r=g","caption":"f1000024"},"url":"https:\/\/cvinoticias.com\/v3\/author\/f1000024\/"}]}},"_links":{"self":[{"href":"https:\/\/cvinoticias.com\/v3\/wp-json\/wp\/v2\/posts\/28309","targetHints":{"allow":["GET"]}}],"collection":[{"href":"https:\/\/cvinoticias.com\/v3\/wp-json\/wp\/v2\/posts"}],"about":[{"href":"https:\/\/cvinoticias.com\/v3\/wp-json\/wp\/v2\/types\/post"}],"author":[{"embeddable":true,"href":"https:\/\/cvinoticias.com\/v3\/wp-json\/wp\/v2\/users\/2"}],"replies":[{"embeddable":true,"href":"https:\/\/cvinoticias.com\/v3\/wp-json\/wp\/v2\/comments?post=28309"}],"version-history":[{"count":1,"href":"https:\/\/cvinoticias.com\/v3\/wp-json\/wp\/v2\/posts\/28309\/revisions"}],"predecessor-version":[{"id":28311,"href":"https:\/\/cvinoticias.com\/v3\/wp-json\/wp\/v2\/posts\/28309\/revisions\/28311"}],"wp:featuredmedia":[{"embeddable":true,"href":"https:\/\/cvinoticias.com\/v3\/wp-json\/wp\/v2\/media\/28310"}],"wp:attachment":[{"href":"https:\/\/cvinoticias.com\/v3\/wp-json\/wp\/v2\/media?parent=28309"}],"wp:term":[{"taxonomy":"category","embeddable":true,"href":"https:\/\/cvinoticias.com\/v3\/wp-json\/wp\/v2\/categories?post=28309"},{"taxonomy":"post_tag","embeddable":true,"href":"https:\/\/cvinoticias.com\/v3\/wp-json\/wp\/v2\/tags?post=28309"}],"curies":[{"name":"wp","href":"https:\/\/api.w.org\/{rel}","templated":true}]}}