{"id":28306,"date":"2023-09-26T11:28:35","date_gmt":"2023-09-26T11:28:35","guid":{"rendered":"https:\/\/cvinoticias.com\/v3\/?p=28306"},"modified":"2023-09-26T11:28:35","modified_gmt":"2023-09-26T11:28:35","slug":"hoy-se-celebra-el-dia-mundial-de-prevencion-del-embarazo-no-planificado-en-adolescentes","status":"publish","type":"post","link":"https:\/\/cvinoticias.com\/v3\/hoy-se-celebra-el-dia-mundial-de-prevencion-del-embarazo-no-planificado-en-adolescentes\/","title":{"rendered":"Hoy se celebra el D\u00eda Mundial de Prevenci\u00f3n del Embarazo no Planificado en Adolescentes"},"content":{"rendered":"\n<p><strong><em>El 26 de septiembre se celebra en varios pa\u00edses el D\u00eda Mundial de Prevenci\u00f3n del Embarazo no Planificado en Adolescentes.<\/em><\/strong><\/p>\n\n\n\n<p><strong>Origen de esta efem\u00e9ride<\/strong><\/p>\n\n\n\n<p>Esta fecha surgi\u00f3 en 2003 en Uruguay, cuando varias instituciones p\u00fablicas y privadas se sintieron alarmadas por la cantidad de embarazos precoces que hab\u00eda en las escuelas. Entre ellas la m\u00e1s involucrada hasta los d\u00edas presentes es Bayer Schering Pharma.<\/p>\n\n\n\n<p><strong>\u00bfPor qu\u00e9 se celebra?<\/strong><\/p>\n\n\n\n<p>La idea al celebrar este d\u00eda es educar a los j\u00f3venes del mundo sobre m\u00e9todos anticonceptivos eficaces y su importancia.<\/p>\n\n\n\n<p>El mensaje se no limita simplemente a evitar los embarazos no deseados. Tambi\u00e9n al contagio de enfermedades ven\u00e9reas y al conocimiento de los estudiantes sobre el desarrollo de su propio cuerpo.<\/p>\n\n\n\n<p><strong>Los embarazos no planificados siguen siendo un grave problema en la actualidad<\/strong><\/p>\n\n\n\n<p>A pesar que desde el a\u00f1o 1990 se registr\u00f3 un descenso en el n\u00famero de embarazos en adolescentes, a\u00fan hoy en d\u00eda un 11% de los ni\u00f1os que llegan al mundo, lo hacen desde el vientre de ni\u00f1as cuya edad oscila entre los 15 y 19 a\u00f1os.<\/p>\n\n\n\n<p>La gran mayor\u00eda de estos casos ocurren en comunidades de muy bajos ingresos, trayendo como consecuencia en muchos de estos casos el deceso de la madre durante las labores de parto o el fallecimiento del beb\u00e9.<\/p>\n\n\n\n<p>Eso sin contar que cada a\u00f1o, 3 millones de j\u00f3venes deciden practicarse abortos que tambi\u00e9n les puede conducir a la muerte o las puede dejar est\u00e9riles de por vida.<\/p>\n\n\n\n<p>Con el objetivo de acabar con esta realidad la Organizaci\u00f3n Mundial de la Salud (OMS) ha propuesto a los pa\u00edses miembros de la ONU adoptar los siguientes 6 objetivos:<\/p>\n\n\n\n<p>-Reducir el n\u00famero de matrimonios en los que la mujer sea menor a los 18 a\u00f1os de edad.<br>-Fomentar la compresi\u00f3n y el apoyo en los j\u00f3venes para evitar los embarazos en menores de 20 a\u00f1os.<br>-Aumentar el uso de los anticonceptivos.<br>-Reducir las relaciones sexuales forzadas en adolescentes.<br>-Reducir y penar las pr\u00e1cticas de aborto en adolescentes.<br>-Incrementar el uso de servicios ginecol\u00f3gicos, prenatales, natales y posnatales en adolescentes.<\/p>\n","protected":false},"excerpt":{"rendered":"<p>El 26 de septiembre se celebra en varios pa\u00edses el D\u00eda Mundial de Prevenci\u00f3n del Embarazo no Planificado en Adolescentes. Origen de esta efem\u00e9ride Esta fecha surgi\u00f3 en 2003 en Uruguay, cuando varias instituciones p\u00fablicas y privadas se sintieron alarmadas por la cantidad de embarazos precoces que hab\u00eda en las escuelas. Entre ellas la m\u00e1s [&hellip;]<\/p>\n","protected":false},"author":2,"featured_media":28307,"comment_status":"open","ping_status":"open","sticky":false,"template":"","format":"standard","meta":{"footnotes":""},"categories":[35],"tags":[],"class_list":["post-28306","post","type-post","status-publish","format-standard","has-post-thumbnail","hentry","category-informacion-general"],"yoast_head":"<!-- This site is optimized with the Yoast SEO plugin v27.5 - https:\/\/yoast.com\/product\/yoast-seo-wordpress\/ -->\n<title>Hoy se celebra el D\u00eda Mundial de Prevenci\u00f3n del Embarazo no Planificado en Adolescentes | CVI NOTICIAS<\/title>\n<meta name=\"robots\" content=\"index, follow, max-snippet:-1, max-image-preview:large, max-video-preview:-1\" \/>\n<link rel=\"canonical\" href=\"https:\/\/cvinoticias.com\/v3\/hoy-se-celebra-el-dia-mundial-de-prevencion-del-embarazo-no-planificado-en-adolescentes\/\" \/>\n<meta property=\"og:locale\" content=\"es_ES\" \/>\n<meta property=\"og:type\" content=\"article\" \/>\n<meta property=\"og:title\" content=\"Hoy se celebra el D\u00eda Mundial de Prevenci\u00f3n del Embarazo no Planificado en Adolescentes | CVI NOTICIAS\" \/>\n<meta property=\"og:description\" content=\"El 26 de septiembre se celebra en varios pa\u00edses el D\u00eda Mundial de Prevenci\u00f3n del Embarazo no Planificado en Adolescentes. Origen de esta efem\u00e9ride Esta fecha surgi\u00f3 en 2003 en Uruguay, cuando varias instituciones p\u00fablicas y privadas se sintieron alarmadas por la cantidad de embarazos precoces que hab\u00eda en las escuelas. Entre ellas la m\u00e1s [&hellip;]\" \/>\n<meta property=\"og:url\" content=\"https:\/\/cvinoticias.com\/v3\/hoy-se-celebra-el-dia-mundial-de-prevencion-del-embarazo-no-planificado-en-adolescentes\/\" \/>\n<meta property=\"og:site_name\" content=\"CVI NOTICIAS\" \/>\n<meta property=\"article:publisher\" content=\"https:\/\/www.facebook.com\/cvinoticias\" \/>\n<meta property=\"article:published_time\" content=\"2023-09-26T11:28:35+00:00\" \/>\n<meta property=\"og:image\" content=\"https:\/\/cvinoticias.com\/wp-content\/uploads\/2023\/09\/resize_1695724292.jpg\" \/>\n\t<meta property=\"og:image:width\" content=\"753\" \/>\n\t<meta property=\"og:image:height\" content=\"548\" \/>\n\t<meta property=\"og:image:type\" content=\"image\/jpeg\" \/>\n<meta name=\"author\" content=\"f1000024\" \/>\n<meta name=\"twitter:card\" content=\"summary_large_image\" \/>\n<meta name=\"twitter:label1\" content=\"Escrito por\" \/>\n\t<meta name=\"twitter:data1\" content=\"f1000024\" \/>\n\t<meta name=\"twitter:label2\" content=\"Tiempo de lectura\" \/>\n\t<meta name=\"twitter:data2\" content=\"2 minutos\" \/>\n<script type=\"application\/ld+json\" class=\"yoast-schema-graph\">{\"@context\":\"https:\\\/\\\/schema.org\",\"@graph\":[{\"@type\":\"Article\",\"@id\":\"https:\\\/\\\/cvinoticias.com\\\/v3\\\/hoy-se-celebra-el-dia-mundial-de-prevencion-del-embarazo-no-planificado-en-adolescentes\\\/#article\",\"isPartOf\":{\"@id\":\"https:\\\/\\\/cvinoticias.com\\\/v3\\\/hoy-se-celebra-el-dia-mundial-de-prevencion-del-embarazo-no-planificado-en-adolescentes\\\/\"},\"author\":{\"name\":\"f1000024\",\"@id\":\"https:\\\/\\\/cvinoticias.com\\\/v3\\\/#\\\/schema\\\/person\\\/2db77e3c6bc03c538495d7b2b8be9b66\"},\"headline\":\"Hoy se celebra el D\u00eda Mundial de Prevenci\u00f3n del Embarazo no Planificado en Adolescentes\",\"datePublished\":\"2023-09-26T11:28:35+00:00\",\"mainEntityOfPage\":{\"@id\":\"https:\\\/\\\/cvinoticias.com\\\/v3\\\/hoy-se-celebra-el-dia-mundial-de-prevencion-del-embarazo-no-planificado-en-adolescentes\\\/\"},\"wordCount\":382,\"commentCount\":0,\"publisher\":{\"@id\":\"https:\\\/\\\/cvinoticias.com\\\/v3\\\/#organization\"},\"image\":{\"@id\":\"https:\\\/\\\/cvinoticias.com\\\/v3\\\/hoy-se-celebra-el-dia-mundial-de-prevencion-del-embarazo-no-planificado-en-adolescentes\\\/#primaryimage\"},\"thumbnailUrl\":\"https:\\\/\\\/cvinoticias.com\\\/wp-content\\\/uploads\\\/2023\\\/09\\\/resize_1695724292.jpg\",\"articleSection\":[\"Informaci\u00f3n General\"],\"inLanguage\":\"es\",\"potentialAction\":[{\"@type\":\"CommentAction\",\"name\":\"Comment\",\"target\":[\"https:\\\/\\\/cvinoticias.com\\\/v3\\\/hoy-se-celebra-el-dia-mundial-de-prevencion-del-embarazo-no-planificado-en-adolescentes\\\/#respond\"]}]},{\"@type\":\"WebPage\",\"@id\":\"https:\\\/\\\/cvinoticias.com\\\/v3\\\/hoy-se-celebra-el-dia-mundial-de-prevencion-del-embarazo-no-planificado-en-adolescentes\\\/\",\"url\":\"https:\\\/\\\/cvinoticias.com\\\/v3\\\/hoy-se-celebra-el-dia-mundial-de-prevencion-del-embarazo-no-planificado-en-adolescentes\\\/\",\"name\":\"Hoy se celebra el D\u00eda Mundial de Prevenci\u00f3n del Embarazo no Planificado en Adolescentes | CVI NOTICIAS\",\"isPartOf\":{\"@id\":\"https:\\\/\\\/cvinoticias.com\\\/v3\\\/#website\"},\"primaryImageOfPage\":{\"@id\":\"https:\\\/\\\/cvinoticias.com\\\/v3\\\/hoy-se-celebra-el-dia-mundial-de-prevencion-del-embarazo-no-planificado-en-adolescentes\\\/#primaryimage\"},\"image\":{\"@id\":\"https:\\\/\\\/cvinoticias.com\\\/v3\\\/hoy-se-celebra-el-dia-mundial-de-prevencion-del-embarazo-no-planificado-en-adolescentes\\\/#primaryimage\"},\"thumbnailUrl\":\"https:\\\/\\\/cvinoticias.com\\\/wp-content\\\/uploads\\\/2023\\\/09\\\/resize_1695724292.jpg\",\"datePublished\":\"2023-09-26T11:28:35+00:00\",\"breadcrumb\":{\"@id\":\"https:\\\/\\\/cvinoticias.com\\\/v3\\\/hoy-se-celebra-el-dia-mundial-de-prevencion-del-embarazo-no-planificado-en-adolescentes\\\/#breadcrumb\"},\"inLanguage\":\"es\",\"potentialAction\":[{\"@type\":\"ReadAction\",\"target\":[\"https:\\\/\\\/cvinoticias.com\\\/v3\\\/hoy-se-celebra-el-dia-mundial-de-prevencion-del-embarazo-no-planificado-en-adolescentes\\\/\"]}]},{\"@type\":\"ImageObject\",\"inLanguage\":\"es\",\"@id\":\"https:\\\/\\\/cvinoticias.com\\\/v3\\\/hoy-se-celebra-el-dia-mundial-de-prevencion-del-embarazo-no-planificado-en-adolescentes\\\/#primaryimage\",\"url\":\"https:\\\/\\\/cvinoticias.com\\\/wp-content\\\/uploads\\\/2023\\\/09\\\/resize_1695724292.jpg\",\"contentUrl\":\"https:\\\/\\\/cvinoticias.com\\\/wp-content\\\/uploads\\\/2023\\\/09\\\/resize_1695724292.jpg\",\"width\":753,\"height\":548},{\"@type\":\"BreadcrumbList\",\"@id\":\"https:\\\/\\\/cvinoticias.com\\\/v3\\\/hoy-se-celebra-el-dia-mundial-de-prevencion-del-embarazo-no-planificado-en-adolescentes\\\/#breadcrumb\",\"itemListElement\":[{\"@type\":\"ListItem\",\"position\":1,\"name\":\"Portada\",\"item\":\"https:\\\/\\\/cvinoticias.com\\\/v3\\\/\"},{\"@type\":\"ListItem\",\"position\":2,\"name\":\"Hoy se celebra el D\u00eda Mundial de Prevenci\u00f3n del Embarazo no Planificado en Adolescentes\"}]},{\"@type\":\"WebSite\",\"@id\":\"https:\\\/\\\/cvinoticias.com\\\/v3\\\/#website\",\"url\":\"https:\\\/\\\/cvinoticias.com\\\/v3\\\/\",\"name\":\"CVI NOTICIAS\",\"description\":\"\",\"publisher\":{\"@id\":\"https:\\\/\\\/cvinoticias.com\\\/v3\\\/#organization\"},\"alternateName\":\"CVI\",\"potentialAction\":[{\"@type\":\"SearchAction\",\"target\":{\"@type\":\"EntryPoint\",\"urlTemplate\":\"https:\\\/\\\/cvinoticias.com\\\/v3\\\/?s={search_term_string}\"},\"query-input\":{\"@type\":\"PropertyValueSpecification\",\"valueRequired\":true,\"valueName\":\"search_term_string\"}}],\"inLanguage\":\"es\"},{\"@type\":\"Organization\",\"@id\":\"https:\\\/\\\/cvinoticias.com\\\/v3\\\/#organization\",\"name\":\"CVI NOTICIAS\",\"url\":\"https:\\\/\\\/cvinoticias.com\\\/v3\\\/\",\"logo\":{\"@type\":\"ImageObject\",\"inLanguage\":\"es\",\"@id\":\"https:\\\/\\\/cvinoticias.com\\\/v3\\\/#\\\/schema\\\/logo\\\/image\\\/\",\"url\":\"https:\\\/\\\/cvinoticias.com\\\/wp-content\\\/uploads\\\/2023\\\/04\\\/cropped-cropped-cropped-cropped-cropped-3-1.png\",\"contentUrl\":\"https:\\\/\\\/cvinoticias.com\\\/wp-content\\\/uploads\\\/2023\\\/04\\\/cropped-cropped-cropped-cropped-cropped-3-1.png\",\"width\":95,\"height\":122,\"caption\":\"CVI NOTICIAS\"},\"image\":{\"@id\":\"https:\\\/\\\/cvinoticias.com\\\/v3\\\/#\\\/schema\\\/logo\\\/image\\\/\"},\"sameAs\":[\"https:\\\/\\\/www.facebook.com\\\/cvinoticias\",\"https:\\\/\\\/www.instagram.com\\\/cvinoticias\\\/\",\"https:\\\/\\\/www.youtube.com\\\/@CVINOTICIAS\"]},{\"@type\":\"Person\",\"@id\":\"https:\\\/\\\/cvinoticias.com\\\/v3\\\/#\\\/schema\\\/person\\\/2db77e3c6bc03c538495d7b2b8be9b66\",\"name\":\"f1000024\",\"image\":{\"@type\":\"ImageObject\",\"inLanguage\":\"es\",\"@id\":\"https:\\\/\\\/secure.gravatar.com\\\/avatar\\\/d4fe7459cfc51ff5129ce1a732bbef5928568b8092d412ef95611616376bbeed?s=96&d=mm&r=g\",\"url\":\"https:\\\/\\\/secure.gravatar.com\\\/avatar\\\/d4fe7459cfc51ff5129ce1a732bbef5928568b8092d412ef95611616376bbeed?s=96&d=mm&r=g\",\"contentUrl\":\"https:\\\/\\\/secure.gravatar.com\\\/avatar\\\/d4fe7459cfc51ff5129ce1a732bbef5928568b8092d412ef95611616376bbeed?s=96&d=mm&r=g\",\"caption\":\"f1000024\"},\"url\":\"https:\\\/\\\/cvinoticias.com\\\/v3\\\/author\\\/f1000024\\\/\"}]}<\/script>\n<!-- \/ Yoast SEO plugin. -->","yoast_head_json":{"title":"Hoy se celebra el D\u00eda Mundial de Prevenci\u00f3n del Embarazo no Planificado en Adolescentes | CVI NOTICIAS","robots":{"index":"index","follow":"follow","max-snippet":"max-snippet:-1","max-image-preview":"max-image-preview:large","max-video-preview":"max-video-preview:-1"},"canonical":"https:\/\/cvinoticias.com\/v3\/hoy-se-celebra-el-dia-mundial-de-prevencion-del-embarazo-no-planificado-en-adolescentes\/","og_locale":"es_ES","og_type":"article","og_title":"Hoy se celebra el D\u00eda Mundial de Prevenci\u00f3n del Embarazo no Planificado en Adolescentes | CVI NOTICIAS","og_description":"El 26 de septiembre se celebra en varios pa\u00edses el D\u00eda Mundial de Prevenci\u00f3n del Embarazo no Planificado en Adolescentes. Origen de esta efem\u00e9ride Esta fecha surgi\u00f3 en 2003 en Uruguay, cuando varias instituciones p\u00fablicas y privadas se sintieron alarmadas por la cantidad de embarazos precoces que hab\u00eda en las escuelas. Entre ellas la m\u00e1s [&hellip;]","og_url":"https:\/\/cvinoticias.com\/v3\/hoy-se-celebra-el-dia-mundial-de-prevencion-del-embarazo-no-planificado-en-adolescentes\/","og_site_name":"CVI NOTICIAS","article_publisher":"https:\/\/www.facebook.com\/cvinoticias","article_published_time":"2023-09-26T11:28:35+00:00","og_image":[{"width":753,"height":548,"url":"https:\/\/cvinoticias.com\/wp-content\/uploads\/2023\/09\/resize_1695724292.jpg","type":"image\/jpeg"}],"author":"f1000024","twitter_card":"summary_large_image","twitter_misc":{"Escrito por":"f1000024","Tiempo de lectura":"2 minutos"},"schema":{"@context":"https:\/\/schema.org","@graph":[{"@type":"Article","@id":"https:\/\/cvinoticias.com\/v3\/hoy-se-celebra-el-dia-mundial-de-prevencion-del-embarazo-no-planificado-en-adolescentes\/#article","isPartOf":{"@id":"https:\/\/cvinoticias.com\/v3\/hoy-se-celebra-el-dia-mundial-de-prevencion-del-embarazo-no-planificado-en-adolescentes\/"},"author":{"name":"f1000024","@id":"https:\/\/cvinoticias.com\/v3\/#\/schema\/person\/2db77e3c6bc03c538495d7b2b8be9b66"},"headline":"Hoy se celebra el D\u00eda Mundial de Prevenci\u00f3n del Embarazo no Planificado en Adolescentes","datePublished":"2023-09-26T11:28:35+00:00","mainEntityOfPage":{"@id":"https:\/\/cvinoticias.com\/v3\/hoy-se-celebra-el-dia-mundial-de-prevencion-del-embarazo-no-planificado-en-adolescentes\/"},"wordCount":382,"commentCount":0,"publisher":{"@id":"https:\/\/cvinoticias.com\/v3\/#organization"},"image":{"@id":"https:\/\/cvinoticias.com\/v3\/hoy-se-celebra-el-dia-mundial-de-prevencion-del-embarazo-no-planificado-en-adolescentes\/#primaryimage"},"thumbnailUrl":"https:\/\/cvinoticias.com\/wp-content\/uploads\/2023\/09\/resize_1695724292.jpg","articleSection":["Informaci\u00f3n General"],"inLanguage":"es","potentialAction":[{"@type":"CommentAction","name":"Comment","target":["https:\/\/cvinoticias.com\/v3\/hoy-se-celebra-el-dia-mundial-de-prevencion-del-embarazo-no-planificado-en-adolescentes\/#respond"]}]},{"@type":"WebPage","@id":"https:\/\/cvinoticias.com\/v3\/hoy-se-celebra-el-dia-mundial-de-prevencion-del-embarazo-no-planificado-en-adolescentes\/","url":"https:\/\/cvinoticias.com\/v3\/hoy-se-celebra-el-dia-mundial-de-prevencion-del-embarazo-no-planificado-en-adolescentes\/","name":"Hoy se celebra el D\u00eda Mundial de Prevenci\u00f3n del Embarazo no Planificado en Adolescentes | CVI NOTICIAS","isPartOf":{"@id":"https:\/\/cvinoticias.com\/v3\/#website"},"primaryImageOfPage":{"@id":"https:\/\/cvinoticias.com\/v3\/hoy-se-celebra-el-dia-mundial-de-prevencion-del-embarazo-no-planificado-en-adolescentes\/#primaryimage"},"image":{"@id":"https:\/\/cvinoticias.com\/v3\/hoy-se-celebra-el-dia-mundial-de-prevencion-del-embarazo-no-planificado-en-adolescentes\/#primaryimage"},"thumbnailUrl":"https:\/\/cvinoticias.com\/wp-content\/uploads\/2023\/09\/resize_1695724292.jpg","datePublished":"2023-09-26T11:28:35+00:00","breadcrumb":{"@id":"https:\/\/cvinoticias.com\/v3\/hoy-se-celebra-el-dia-mundial-de-prevencion-del-embarazo-no-planificado-en-adolescentes\/#breadcrumb"},"inLanguage":"es","potentialAction":[{"@type":"ReadAction","target":["https:\/\/cvinoticias.com\/v3\/hoy-se-celebra-el-dia-mundial-de-prevencion-del-embarazo-no-planificado-en-adolescentes\/"]}]},{"@type":"ImageObject","inLanguage":"es","@id":"https:\/\/cvinoticias.com\/v3\/hoy-se-celebra-el-dia-mundial-de-prevencion-del-embarazo-no-planificado-en-adolescentes\/#primaryimage","url":"https:\/\/cvinoticias.com\/wp-content\/uploads\/2023\/09\/resize_1695724292.jpg","contentUrl":"https:\/\/cvinoticias.com\/wp-content\/uploads\/2023\/09\/resize_1695724292.jpg","width":753,"height":548},{"@type":"BreadcrumbList","@id":"https:\/\/cvinoticias.com\/v3\/hoy-se-celebra-el-dia-mundial-de-prevencion-del-embarazo-no-planificado-en-adolescentes\/#breadcrumb","itemListElement":[{"@type":"ListItem","position":1,"name":"Portada","item":"https:\/\/cvinoticias.com\/v3\/"},{"@type":"ListItem","position":2,"name":"Hoy se celebra el D\u00eda Mundial de Prevenci\u00f3n del Embarazo no Planificado en Adolescentes"}]},{"@type":"WebSite","@id":"https:\/\/cvinoticias.com\/v3\/#website","url":"https:\/\/cvinoticias.com\/v3\/","name":"CVI NOTICIAS","description":"","publisher":{"@id":"https:\/\/cvinoticias.com\/v3\/#organization"},"alternateName":"CVI","potentialAction":[{"@type":"SearchAction","target":{"@type":"EntryPoint","urlTemplate":"https:\/\/cvinoticias.com\/v3\/?s={search_term_string}"},"query-input":{"@type":"PropertyValueSpecification","valueRequired":true,"valueName":"search_term_string"}}],"inLanguage":"es"},{"@type":"Organization","@id":"https:\/\/cvinoticias.com\/v3\/#organization","name":"CVI NOTICIAS","url":"https:\/\/cvinoticias.com\/v3\/","logo":{"@type":"ImageObject","inLanguage":"es","@id":"https:\/\/cvinoticias.com\/v3\/#\/schema\/logo\/image\/","url":"https:\/\/cvinoticias.com\/wp-content\/uploads\/2023\/04\/cropped-cropped-cropped-cropped-cropped-3-1.png","contentUrl":"https:\/\/cvinoticias.com\/wp-content\/uploads\/2023\/04\/cropped-cropped-cropped-cropped-cropped-3-1.png","width":95,"height":122,"caption":"CVI NOTICIAS"},"image":{"@id":"https:\/\/cvinoticias.com\/v3\/#\/schema\/logo\/image\/"},"sameAs":["https:\/\/www.facebook.com\/cvinoticias","https:\/\/www.instagram.com\/cvinoticias\/","https:\/\/www.youtube.com\/@CVINOTICIAS"]},{"@type":"Person","@id":"https:\/\/cvinoticias.com\/v3\/#\/schema\/person\/2db77e3c6bc03c538495d7b2b8be9b66","name":"f1000024","image":{"@type":"ImageObject","inLanguage":"es","@id":"https:\/\/secure.gravatar.com\/avatar\/d4fe7459cfc51ff5129ce1a732bbef5928568b8092d412ef95611616376bbeed?s=96&d=mm&r=g","url":"https:\/\/secure.gravatar.com\/avatar\/d4fe7459cfc51ff5129ce1a732bbef5928568b8092d412ef95611616376bbeed?s=96&d=mm&r=g","contentUrl":"https:\/\/secure.gravatar.com\/avatar\/d4fe7459cfc51ff5129ce1a732bbef5928568b8092d412ef95611616376bbeed?s=96&d=mm&r=g","caption":"f1000024"},"url":"https:\/\/cvinoticias.com\/v3\/author\/f1000024\/"}]}},"_links":{"self":[{"href":"https:\/\/cvinoticias.com\/v3\/wp-json\/wp\/v2\/posts\/28306","targetHints":{"allow":["GET"]}}],"collection":[{"href":"https:\/\/cvinoticias.com\/v3\/wp-json\/wp\/v2\/posts"}],"about":[{"href":"https:\/\/cvinoticias.com\/v3\/wp-json\/wp\/v2\/types\/post"}],"author":[{"embeddable":true,"href":"https:\/\/cvinoticias.com\/v3\/wp-json\/wp\/v2\/users\/2"}],"replies":[{"embeddable":true,"href":"https:\/\/cvinoticias.com\/v3\/wp-json\/wp\/v2\/comments?post=28306"}],"version-history":[{"count":1,"href":"https:\/\/cvinoticias.com\/v3\/wp-json\/wp\/v2\/posts\/28306\/revisions"}],"predecessor-version":[{"id":28308,"href":"https:\/\/cvinoticias.com\/v3\/wp-json\/wp\/v2\/posts\/28306\/revisions\/28308"}],"wp:featuredmedia":[{"embeddable":true,"href":"https:\/\/cvinoticias.com\/v3\/wp-json\/wp\/v2\/media\/28307"}],"wp:attachment":[{"href":"https:\/\/cvinoticias.com\/v3\/wp-json\/wp\/v2\/media?parent=28306"}],"wp:term":[{"taxonomy":"category","embeddable":true,"href":"https:\/\/cvinoticias.com\/v3\/wp-json\/wp\/v2\/categories?post=28306"},{"taxonomy":"post_tag","embeddable":true,"href":"https:\/\/cvinoticias.com\/v3\/wp-json\/wp\/v2\/tags?post=28306"}],"curies":[{"name":"wp","href":"https:\/\/api.w.org\/{rel}","templated":true}]}}