{"id":28300,"date":"2023-09-26T06:34:00","date_gmt":"2023-09-26T06:34:00","guid":{"rendered":"https:\/\/cvinoticias.com\/v3\/?p=28300"},"modified":"2023-09-26T06:34:00","modified_gmt":"2023-09-26T06:34:00","slug":"este-martes-se-anunciaran-medidas-para-trabajadores-informales","status":"publish","type":"post","link":"https:\/\/cvinoticias.com\/v3\/este-martes-se-anunciaran-medidas-para-trabajadores-informales\/","title":{"rendered":"Este martes se anunciar\u00e1n medidas para trabajadores informales"},"content":{"rendered":"\n<p><strong><em>El ministro de econom\u00eda Sergio Massa y la titular de ANSES dar\u00e1n los detalles de los beneficios para un sector que hab\u00eda quedado relegado.<\/em><\/strong><\/p>\n\n\n\n<p>Sergio Massa y Fernanda Raverta, presentar\u00e1n este martes una serie de anuncios de impacto en la econom\u00eda, que traer\u00e1n beneficios para un universo de m\u00e1s de 3 millones de trabajadores de la econom\u00eda informal.<\/p>\n\n\n\n<p>El refuerzo de ingresos estar\u00e1 dirigido a uno de los sectores m\u00e1s relegados y castigados por el efecto negativo de la inflaci\u00f3n y la devaluaci\u00f3n.<\/p>\n\n\n\n<p>La conferencia estaba prevista para este lunes a las 19, pero finalmente pospuso para este martes a las 13 horas por \u00abrazones de agenda\u00bb.<\/p>\n\n\n\n<p>Desde Econom\u00eda aseguraron que en ese momento se brindar\u00e1n detalles sobre las nuevas medidas aunque hasta el momento no dieron detalles del monto del bono, aunque se estima extraoficialmente que rondar\u00eda los $50.000 para equipararlo al que recibieron las trabajadoras de casas particulares registradas y los beneficiarios del programa Potenciar Trabajo.<\/p>\n\n\n\n<p>La semana pasada, el titular del Palacio de Hacienda hab\u00eda adelantado en entrevistas televisivas que en las pr\u00f3ximas medidas econ\u00f3micas a implementarse se iba a \u201ctratar de ayudar\u201d a los trabajadores informales, para \u201cenfrentar la situaci\u00f3n que represent\u00f3 la devaluaci\u00f3n que el FMI le impuso a la Argentina\u201d.<\/p>\n\n\n\n<p>\u201cA ellos los tenemos que ayudar\u201d y por eso \u201cestamos trabajando en alguna medida\u201d que a\u00fan no est\u00e1 del todo definida pero que \u201cen los pr\u00f3ximos d\u00edas la vamos a resolver\u201d, hab\u00eda adelantado el ministro.<\/p>\n","protected":false},"excerpt":{"rendered":"<p>El ministro de econom\u00eda Sergio Massa y la titular de ANSES dar\u00e1n los detalles de los beneficios para un sector que hab\u00eda quedado relegado. Sergio Massa y Fernanda Raverta, presentar\u00e1n este martes una serie de anuncios de impacto en la econom\u00eda, que traer\u00e1n beneficios para un universo de m\u00e1s de 3 millones de trabajadores de [&hellip;]<\/p>\n","protected":false},"author":2,"featured_media":28301,"comment_status":"open","ping_status":"open","sticky":false,"template":"","format":"standard","meta":{"footnotes":""},"categories":[39],"tags":[],"class_list":["post-28300","post","type-post","status-publish","format-standard","has-post-thumbnail","hentry","category-nacionales"],"yoast_head":"<!-- This site is optimized with the Yoast SEO plugin v27.5 - https:\/\/yoast.com\/product\/yoast-seo-wordpress\/ -->\n<title>Este martes se anunciar\u00e1n medidas para trabajadores informales | CVI NOTICIAS<\/title>\n<meta name=\"robots\" content=\"index, follow, max-snippet:-1, max-image-preview:large, max-video-preview:-1\" \/>\n<link rel=\"canonical\" href=\"https:\/\/cvinoticias.com\/v3\/este-martes-se-anunciaran-medidas-para-trabajadores-informales\/\" \/>\n<meta property=\"og:locale\" content=\"es_ES\" \/>\n<meta property=\"og:type\" content=\"article\" \/>\n<meta property=\"og:title\" content=\"Este martes se anunciar\u00e1n medidas para trabajadores informales | CVI NOTICIAS\" \/>\n<meta property=\"og:description\" content=\"El ministro de econom\u00eda Sergio Massa y la titular de ANSES dar\u00e1n los detalles de los beneficios para un sector que hab\u00eda quedado relegado. Sergio Massa y Fernanda Raverta, presentar\u00e1n este martes una serie de anuncios de impacto en la econom\u00eda, que traer\u00e1n beneficios para un universo de m\u00e1s de 3 millones de trabajadores de [&hellip;]\" \/>\n<meta property=\"og:url\" content=\"https:\/\/cvinoticias.com\/v3\/este-martes-se-anunciaran-medidas-para-trabajadores-informales\/\" \/>\n<meta property=\"og:site_name\" content=\"CVI NOTICIAS\" \/>\n<meta property=\"article:publisher\" content=\"https:\/\/www.facebook.com\/cvinoticias\" \/>\n<meta property=\"article:published_time\" content=\"2023-09-26T06:34:00+00:00\" \/>\n<meta property=\"og:image\" content=\"https:\/\/cvinoticias.com\/wp-content\/uploads\/2023\/09\/0000146577.jpg\" \/>\n\t<meta property=\"og:image:width\" content=\"987\" \/>\n\t<meta property=\"og:image:height\" content=\"555\" \/>\n\t<meta property=\"og:image:type\" content=\"image\/jpeg\" \/>\n<meta name=\"author\" content=\"f1000024\" \/>\n<meta name=\"twitter:card\" content=\"summary_large_image\" \/>\n<meta name=\"twitter:label1\" content=\"Escrito por\" \/>\n\t<meta name=\"twitter:data1\" content=\"f1000024\" \/>\n\t<meta name=\"twitter:label2\" content=\"Tiempo de lectura\" \/>\n\t<meta name=\"twitter:data2\" content=\"1 minuto\" \/>\n<script type=\"application\/ld+json\" class=\"yoast-schema-graph\">{\"@context\":\"https:\\\/\\\/schema.org\",\"@graph\":[{\"@type\":\"Article\",\"@id\":\"https:\\\/\\\/cvinoticias.com\\\/v3\\\/este-martes-se-anunciaran-medidas-para-trabajadores-informales\\\/#article\",\"isPartOf\":{\"@id\":\"https:\\\/\\\/cvinoticias.com\\\/v3\\\/este-martes-se-anunciaran-medidas-para-trabajadores-informales\\\/\"},\"author\":{\"name\":\"f1000024\",\"@id\":\"https:\\\/\\\/cvinoticias.com\\\/v3\\\/#\\\/schema\\\/person\\\/2db77e3c6bc03c538495d7b2b8be9b66\"},\"headline\":\"Este martes se anunciar\u00e1n medidas para trabajadores informales\",\"datePublished\":\"2023-09-26T06:34:00+00:00\",\"mainEntityOfPage\":{\"@id\":\"https:\\\/\\\/cvinoticias.com\\\/v3\\\/este-martes-se-anunciaran-medidas-para-trabajadores-informales\\\/\"},\"wordCount\":269,\"commentCount\":0,\"publisher\":{\"@id\":\"https:\\\/\\\/cvinoticias.com\\\/v3\\\/#organization\"},\"image\":{\"@id\":\"https:\\\/\\\/cvinoticias.com\\\/v3\\\/este-martes-se-anunciaran-medidas-para-trabajadores-informales\\\/#primaryimage\"},\"thumbnailUrl\":\"https:\\\/\\\/cvinoticias.com\\\/wp-content\\\/uploads\\\/2023\\\/09\\\/0000146577.jpg\",\"articleSection\":[\"Nacionales\"],\"inLanguage\":\"es\",\"potentialAction\":[{\"@type\":\"CommentAction\",\"name\":\"Comment\",\"target\":[\"https:\\\/\\\/cvinoticias.com\\\/v3\\\/este-martes-se-anunciaran-medidas-para-trabajadores-informales\\\/#respond\"]}]},{\"@type\":\"WebPage\",\"@id\":\"https:\\\/\\\/cvinoticias.com\\\/v3\\\/este-martes-se-anunciaran-medidas-para-trabajadores-informales\\\/\",\"url\":\"https:\\\/\\\/cvinoticias.com\\\/v3\\\/este-martes-se-anunciaran-medidas-para-trabajadores-informales\\\/\",\"name\":\"Este martes se anunciar\u00e1n medidas para trabajadores informales | CVI NOTICIAS\",\"isPartOf\":{\"@id\":\"https:\\\/\\\/cvinoticias.com\\\/v3\\\/#website\"},\"primaryImageOfPage\":{\"@id\":\"https:\\\/\\\/cvinoticias.com\\\/v3\\\/este-martes-se-anunciaran-medidas-para-trabajadores-informales\\\/#primaryimage\"},\"image\":{\"@id\":\"https:\\\/\\\/cvinoticias.com\\\/v3\\\/este-martes-se-anunciaran-medidas-para-trabajadores-informales\\\/#primaryimage\"},\"thumbnailUrl\":\"https:\\\/\\\/cvinoticias.com\\\/wp-content\\\/uploads\\\/2023\\\/09\\\/0000146577.jpg\",\"datePublished\":\"2023-09-26T06:34:00+00:00\",\"breadcrumb\":{\"@id\":\"https:\\\/\\\/cvinoticias.com\\\/v3\\\/este-martes-se-anunciaran-medidas-para-trabajadores-informales\\\/#breadcrumb\"},\"inLanguage\":\"es\",\"potentialAction\":[{\"@type\":\"ReadAction\",\"target\":[\"https:\\\/\\\/cvinoticias.com\\\/v3\\\/este-martes-se-anunciaran-medidas-para-trabajadores-informales\\\/\"]}]},{\"@type\":\"ImageObject\",\"inLanguage\":\"es\",\"@id\":\"https:\\\/\\\/cvinoticias.com\\\/v3\\\/este-martes-se-anunciaran-medidas-para-trabajadores-informales\\\/#primaryimage\",\"url\":\"https:\\\/\\\/cvinoticias.com\\\/wp-content\\\/uploads\\\/2023\\\/09\\\/0000146577.jpg\",\"contentUrl\":\"https:\\\/\\\/cvinoticias.com\\\/wp-content\\\/uploads\\\/2023\\\/09\\\/0000146577.jpg\",\"width\":987,\"height\":555},{\"@type\":\"BreadcrumbList\",\"@id\":\"https:\\\/\\\/cvinoticias.com\\\/v3\\\/este-martes-se-anunciaran-medidas-para-trabajadores-informales\\\/#breadcrumb\",\"itemListElement\":[{\"@type\":\"ListItem\",\"position\":1,\"name\":\"Portada\",\"item\":\"https:\\\/\\\/cvinoticias.com\\\/v3\\\/\"},{\"@type\":\"ListItem\",\"position\":2,\"name\":\"Este martes se anunciar\u00e1n medidas para trabajadores informales\"}]},{\"@type\":\"WebSite\",\"@id\":\"https:\\\/\\\/cvinoticias.com\\\/v3\\\/#website\",\"url\":\"https:\\\/\\\/cvinoticias.com\\\/v3\\\/\",\"name\":\"CVI NOTICIAS\",\"description\":\"\",\"publisher\":{\"@id\":\"https:\\\/\\\/cvinoticias.com\\\/v3\\\/#organization\"},\"alternateName\":\"CVI\",\"potentialAction\":[{\"@type\":\"SearchAction\",\"target\":{\"@type\":\"EntryPoint\",\"urlTemplate\":\"https:\\\/\\\/cvinoticias.com\\\/v3\\\/?s={search_term_string}\"},\"query-input\":{\"@type\":\"PropertyValueSpecification\",\"valueRequired\":true,\"valueName\":\"search_term_string\"}}],\"inLanguage\":\"es\"},{\"@type\":\"Organization\",\"@id\":\"https:\\\/\\\/cvinoticias.com\\\/v3\\\/#organization\",\"name\":\"CVI NOTICIAS\",\"url\":\"https:\\\/\\\/cvinoticias.com\\\/v3\\\/\",\"logo\":{\"@type\":\"ImageObject\",\"inLanguage\":\"es\",\"@id\":\"https:\\\/\\\/cvinoticias.com\\\/v3\\\/#\\\/schema\\\/logo\\\/image\\\/\",\"url\":\"https:\\\/\\\/cvinoticias.com\\\/wp-content\\\/uploads\\\/2023\\\/04\\\/cropped-cropped-cropped-cropped-cropped-3-1.png\",\"contentUrl\":\"https:\\\/\\\/cvinoticias.com\\\/wp-content\\\/uploads\\\/2023\\\/04\\\/cropped-cropped-cropped-cropped-cropped-3-1.png\",\"width\":95,\"height\":122,\"caption\":\"CVI NOTICIAS\"},\"image\":{\"@id\":\"https:\\\/\\\/cvinoticias.com\\\/v3\\\/#\\\/schema\\\/logo\\\/image\\\/\"},\"sameAs\":[\"https:\\\/\\\/www.facebook.com\\\/cvinoticias\",\"https:\\\/\\\/www.instagram.com\\\/cvinoticias\\\/\",\"https:\\\/\\\/www.youtube.com\\\/@CVINOTICIAS\"]},{\"@type\":\"Person\",\"@id\":\"https:\\\/\\\/cvinoticias.com\\\/v3\\\/#\\\/schema\\\/person\\\/2db77e3c6bc03c538495d7b2b8be9b66\",\"name\":\"f1000024\",\"image\":{\"@type\":\"ImageObject\",\"inLanguage\":\"es\",\"@id\":\"https:\\\/\\\/secure.gravatar.com\\\/avatar\\\/d4fe7459cfc51ff5129ce1a732bbef5928568b8092d412ef95611616376bbeed?s=96&d=mm&r=g\",\"url\":\"https:\\\/\\\/secure.gravatar.com\\\/avatar\\\/d4fe7459cfc51ff5129ce1a732bbef5928568b8092d412ef95611616376bbeed?s=96&d=mm&r=g\",\"contentUrl\":\"https:\\\/\\\/secure.gravatar.com\\\/avatar\\\/d4fe7459cfc51ff5129ce1a732bbef5928568b8092d412ef95611616376bbeed?s=96&d=mm&r=g\",\"caption\":\"f1000024\"},\"url\":\"https:\\\/\\\/cvinoticias.com\\\/v3\\\/author\\\/f1000024\\\/\"}]}<\/script>\n<!-- \/ Yoast SEO plugin. -->","yoast_head_json":{"title":"Este martes se anunciar\u00e1n medidas para trabajadores informales | CVI NOTICIAS","robots":{"index":"index","follow":"follow","max-snippet":"max-snippet:-1","max-image-preview":"max-image-preview:large","max-video-preview":"max-video-preview:-1"},"canonical":"https:\/\/cvinoticias.com\/v3\/este-martes-se-anunciaran-medidas-para-trabajadores-informales\/","og_locale":"es_ES","og_type":"article","og_title":"Este martes se anunciar\u00e1n medidas para trabajadores informales | CVI NOTICIAS","og_description":"El ministro de econom\u00eda Sergio Massa y la titular de ANSES dar\u00e1n los detalles de los beneficios para un sector que hab\u00eda quedado relegado. Sergio Massa y Fernanda Raverta, presentar\u00e1n este martes una serie de anuncios de impacto en la econom\u00eda, que traer\u00e1n beneficios para un universo de m\u00e1s de 3 millones de trabajadores de [&hellip;]","og_url":"https:\/\/cvinoticias.com\/v3\/este-martes-se-anunciaran-medidas-para-trabajadores-informales\/","og_site_name":"CVI NOTICIAS","article_publisher":"https:\/\/www.facebook.com\/cvinoticias","article_published_time":"2023-09-26T06:34:00+00:00","og_image":[{"width":987,"height":555,"url":"https:\/\/cvinoticias.com\/wp-content\/uploads\/2023\/09\/0000146577.jpg","type":"image\/jpeg"}],"author":"f1000024","twitter_card":"summary_large_image","twitter_misc":{"Escrito por":"f1000024","Tiempo de lectura":"1 minuto"},"schema":{"@context":"https:\/\/schema.org","@graph":[{"@type":"Article","@id":"https:\/\/cvinoticias.com\/v3\/este-martes-se-anunciaran-medidas-para-trabajadores-informales\/#article","isPartOf":{"@id":"https:\/\/cvinoticias.com\/v3\/este-martes-se-anunciaran-medidas-para-trabajadores-informales\/"},"author":{"name":"f1000024","@id":"https:\/\/cvinoticias.com\/v3\/#\/schema\/person\/2db77e3c6bc03c538495d7b2b8be9b66"},"headline":"Este martes se anunciar\u00e1n medidas para trabajadores informales","datePublished":"2023-09-26T06:34:00+00:00","mainEntityOfPage":{"@id":"https:\/\/cvinoticias.com\/v3\/este-martes-se-anunciaran-medidas-para-trabajadores-informales\/"},"wordCount":269,"commentCount":0,"publisher":{"@id":"https:\/\/cvinoticias.com\/v3\/#organization"},"image":{"@id":"https:\/\/cvinoticias.com\/v3\/este-martes-se-anunciaran-medidas-para-trabajadores-informales\/#primaryimage"},"thumbnailUrl":"https:\/\/cvinoticias.com\/wp-content\/uploads\/2023\/09\/0000146577.jpg","articleSection":["Nacionales"],"inLanguage":"es","potentialAction":[{"@type":"CommentAction","name":"Comment","target":["https:\/\/cvinoticias.com\/v3\/este-martes-se-anunciaran-medidas-para-trabajadores-informales\/#respond"]}]},{"@type":"WebPage","@id":"https:\/\/cvinoticias.com\/v3\/este-martes-se-anunciaran-medidas-para-trabajadores-informales\/","url":"https:\/\/cvinoticias.com\/v3\/este-martes-se-anunciaran-medidas-para-trabajadores-informales\/","name":"Este martes se anunciar\u00e1n medidas para trabajadores informales | CVI NOTICIAS","isPartOf":{"@id":"https:\/\/cvinoticias.com\/v3\/#website"},"primaryImageOfPage":{"@id":"https:\/\/cvinoticias.com\/v3\/este-martes-se-anunciaran-medidas-para-trabajadores-informales\/#primaryimage"},"image":{"@id":"https:\/\/cvinoticias.com\/v3\/este-martes-se-anunciaran-medidas-para-trabajadores-informales\/#primaryimage"},"thumbnailUrl":"https:\/\/cvinoticias.com\/wp-content\/uploads\/2023\/09\/0000146577.jpg","datePublished":"2023-09-26T06:34:00+00:00","breadcrumb":{"@id":"https:\/\/cvinoticias.com\/v3\/este-martes-se-anunciaran-medidas-para-trabajadores-informales\/#breadcrumb"},"inLanguage":"es","potentialAction":[{"@type":"ReadAction","target":["https:\/\/cvinoticias.com\/v3\/este-martes-se-anunciaran-medidas-para-trabajadores-informales\/"]}]},{"@type":"ImageObject","inLanguage":"es","@id":"https:\/\/cvinoticias.com\/v3\/este-martes-se-anunciaran-medidas-para-trabajadores-informales\/#primaryimage","url":"https:\/\/cvinoticias.com\/wp-content\/uploads\/2023\/09\/0000146577.jpg","contentUrl":"https:\/\/cvinoticias.com\/wp-content\/uploads\/2023\/09\/0000146577.jpg","width":987,"height":555},{"@type":"BreadcrumbList","@id":"https:\/\/cvinoticias.com\/v3\/este-martes-se-anunciaran-medidas-para-trabajadores-informales\/#breadcrumb","itemListElement":[{"@type":"ListItem","position":1,"name":"Portada","item":"https:\/\/cvinoticias.com\/v3\/"},{"@type":"ListItem","position":2,"name":"Este martes se anunciar\u00e1n medidas para trabajadores informales"}]},{"@type":"WebSite","@id":"https:\/\/cvinoticias.com\/v3\/#website","url":"https:\/\/cvinoticias.com\/v3\/","name":"CVI NOTICIAS","description":"","publisher":{"@id":"https:\/\/cvinoticias.com\/v3\/#organization"},"alternateName":"CVI","potentialAction":[{"@type":"SearchAction","target":{"@type":"EntryPoint","urlTemplate":"https:\/\/cvinoticias.com\/v3\/?s={search_term_string}"},"query-input":{"@type":"PropertyValueSpecification","valueRequired":true,"valueName":"search_term_string"}}],"inLanguage":"es"},{"@type":"Organization","@id":"https:\/\/cvinoticias.com\/v3\/#organization","name":"CVI NOTICIAS","url":"https:\/\/cvinoticias.com\/v3\/","logo":{"@type":"ImageObject","inLanguage":"es","@id":"https:\/\/cvinoticias.com\/v3\/#\/schema\/logo\/image\/","url":"https:\/\/cvinoticias.com\/wp-content\/uploads\/2023\/04\/cropped-cropped-cropped-cropped-cropped-3-1.png","contentUrl":"https:\/\/cvinoticias.com\/wp-content\/uploads\/2023\/04\/cropped-cropped-cropped-cropped-cropped-3-1.png","width":95,"height":122,"caption":"CVI NOTICIAS"},"image":{"@id":"https:\/\/cvinoticias.com\/v3\/#\/schema\/logo\/image\/"},"sameAs":["https:\/\/www.facebook.com\/cvinoticias","https:\/\/www.instagram.com\/cvinoticias\/","https:\/\/www.youtube.com\/@CVINOTICIAS"]},{"@type":"Person","@id":"https:\/\/cvinoticias.com\/v3\/#\/schema\/person\/2db77e3c6bc03c538495d7b2b8be9b66","name":"f1000024","image":{"@type":"ImageObject","inLanguage":"es","@id":"https:\/\/secure.gravatar.com\/avatar\/d4fe7459cfc51ff5129ce1a732bbef5928568b8092d412ef95611616376bbeed?s=96&d=mm&r=g","url":"https:\/\/secure.gravatar.com\/avatar\/d4fe7459cfc51ff5129ce1a732bbef5928568b8092d412ef95611616376bbeed?s=96&d=mm&r=g","contentUrl":"https:\/\/secure.gravatar.com\/avatar\/d4fe7459cfc51ff5129ce1a732bbef5928568b8092d412ef95611616376bbeed?s=96&d=mm&r=g","caption":"f1000024"},"url":"https:\/\/cvinoticias.com\/v3\/author\/f1000024\/"}]}},"_links":{"self":[{"href":"https:\/\/cvinoticias.com\/v3\/wp-json\/wp\/v2\/posts\/28300","targetHints":{"allow":["GET"]}}],"collection":[{"href":"https:\/\/cvinoticias.com\/v3\/wp-json\/wp\/v2\/posts"}],"about":[{"href":"https:\/\/cvinoticias.com\/v3\/wp-json\/wp\/v2\/types\/post"}],"author":[{"embeddable":true,"href":"https:\/\/cvinoticias.com\/v3\/wp-json\/wp\/v2\/users\/2"}],"replies":[{"embeddable":true,"href":"https:\/\/cvinoticias.com\/v3\/wp-json\/wp\/v2\/comments?post=28300"}],"version-history":[{"count":1,"href":"https:\/\/cvinoticias.com\/v3\/wp-json\/wp\/v2\/posts\/28300\/revisions"}],"predecessor-version":[{"id":28302,"href":"https:\/\/cvinoticias.com\/v3\/wp-json\/wp\/v2\/posts\/28300\/revisions\/28302"}],"wp:featuredmedia":[{"embeddable":true,"href":"https:\/\/cvinoticias.com\/v3\/wp-json\/wp\/v2\/media\/28301"}],"wp:attachment":[{"href":"https:\/\/cvinoticias.com\/v3\/wp-json\/wp\/v2\/media?parent=28300"}],"wp:term":[{"taxonomy":"category","embeddable":true,"href":"https:\/\/cvinoticias.com\/v3\/wp-json\/wp\/v2\/categories?post=28300"},{"taxonomy":"post_tag","embeddable":true,"href":"https:\/\/cvinoticias.com\/v3\/wp-json\/wp\/v2\/tags?post=28300"}],"curies":[{"name":"wp","href":"https:\/\/api.w.org\/{rel}","templated":true}]}}