{"id":28297,"date":"2023-09-26T06:27:25","date_gmt":"2023-09-26T06:27:25","guid":{"rendered":"https:\/\/cvinoticias.com\/v3\/?p=28297"},"modified":"2023-09-26T06:27:25","modified_gmt":"2023-09-26T06:27:25","slug":"el-gobierno-preve-nuevos-aumentos-del-salario-minimo-vital-y-movil","status":"publish","type":"post","link":"https:\/\/cvinoticias.com\/v3\/el-gobierno-preve-nuevos-aumentos-del-salario-minimo-vital-y-movil\/","title":{"rendered":"El gobierno prev\u00e9 nuevos aumentos del Salario M\u00ednimo Vital y M\u00f3vil"},"content":{"rendered":"\n<p><strong><em>Los incrementos ser\u00edan para el \u00faltimo trimestre del a\u00f1o y las paritarias docentes y del sector p\u00fablico constituyen \u00abreferencias posibles\u00bb, se\u00f1al\u00f3 la ministra de Trabajo de la Naci\u00f3n<\/em><\/strong><\/p>\n\n\n\n<p>La ministra de Trabajo, Raquel \u00abKelly\u00bb Olmos, sostuvo este lunes que el Gobierno prev\u00e9 m\u00e1s incrementos del Salario M\u00ednimo Vital y M\u00f3vil para el \u00faltimo trimestre del a\u00f1o, en la antesala de la reuni\u00f3n del Consejo del Salario del mi\u00e9rcoles pr\u00f3ximo.<\/p>\n\n\n\n<p>\u00abLa perspectiva es prever el incremento del salario m\u00ednimo para los meses de octubre y noviembre y, probablemente, tambi\u00e9n para diciembre\u00bb, sostuvo la funcionaria.<\/p>\n\n\n\n<p>En di\u00e1logo con El Destape Radio, la titular de la cartera laboral se\u00f1al\u00f3 que se prev\u00e9 \u00abincorporar modificaciones\u00bb al Salario M\u00ednimo que \u00ablo actualicen m\u00e1s adecuadamente\u00bb porque, explic\u00f3, \u00abfue perdiendo valor adquisitivo\u00bb.<\/p>\n\n\n\n<p>Sobre la posibilidad de utilizar a la paritaria docente como par\u00e1metro de actualizaci\u00f3n del haber m\u00ednimo, indic\u00f3 que \u00abes posible\u00bb pero explic\u00f3 que \u00abno se puede adelantar porque hay que ver las propuestas\u00bb.<\/p>\n\n\n\n<p>De todas maneras, se\u00f1al\u00f3 que \u00abla paritaria docente y la del sector p\u00fablico\u00bb son \u00abreferencias posibles\u00bb.<\/p>\n\n\n\n<p>En cuanto a la eliminaci\u00f3n de la cuarta categor\u00eda del Impuesto a las Ganancias, dijo estar \u00aba disposici\u00f3n de ambas c\u00e1maras\u00bb del Congreso en \u00abtodo lo que represente ampliar informaci\u00f3n\u00bb.<\/p>\n\n\n\n<p>Y critic\u00f3 a la oposici\u00f3n representada por Juntos por el Cambio (Jxc) por ser \u00abextraordinariamente mezquina\u00bb al no haber acompa\u00f1ado la media sanci\u00f3n del proyecto en Diputados.<\/p>\n\n\n\n<p>\u00abEl macrismo en el Gobierno lo primero que hizo fue desgravar a los m\u00e1s ricos\u00bb, dijo, y a\u00f1adi\u00f3: \u00abDejaron sin efecto beneficios para pymes y le bajaron impuestos a los sectores concentrados. Se ve que no piensan lo mismo de los impuestos que afectan a los trabajadores\u00bb.<\/p>\n\n\n\n<p>La reuni\u00f3n del Consejo del Salario M\u00ednimo fue convocada para el mi\u00e9rcoles a las 14 y se realizar\u00e1 de forma virtual.<\/p>\n","protected":false},"excerpt":{"rendered":"<p>Los incrementos ser\u00edan para el \u00faltimo trimestre del a\u00f1o y las paritarias docentes y del sector p\u00fablico constituyen \u00abreferencias posibles\u00bb, se\u00f1al\u00f3 la ministra de Trabajo de la Naci\u00f3n La ministra de Trabajo, Raquel \u00abKelly\u00bb Olmos, sostuvo este lunes que el Gobierno prev\u00e9 m\u00e1s incrementos del Salario M\u00ednimo Vital y M\u00f3vil para el \u00faltimo trimestre del [&hellip;]<\/p>\n","protected":false},"author":2,"featured_media":28298,"comment_status":"open","ping_status":"open","sticky":false,"template":"","format":"standard","meta":{"footnotes":""},"categories":[32],"tags":[],"class_list":["post-28297","post","type-post","status-publish","format-standard","has-post-thumbnail","hentry","category-economia"],"yoast_head":"<!-- This site is optimized with the Yoast SEO plugin v27.4 - https:\/\/yoast.com\/product\/yoast-seo-wordpress\/ -->\n<title>El gobierno prev\u00e9 nuevos aumentos del Salario M\u00ednimo Vital y M\u00f3vil | CVI NOTICIAS<\/title>\n<meta name=\"robots\" content=\"index, follow, max-snippet:-1, max-image-preview:large, max-video-preview:-1\" \/>\n<link rel=\"canonical\" href=\"https:\/\/cvinoticias.com\/v3\/el-gobierno-preve-nuevos-aumentos-del-salario-minimo-vital-y-movil\/\" \/>\n<meta property=\"og:locale\" content=\"es_ES\" \/>\n<meta property=\"og:type\" content=\"article\" \/>\n<meta property=\"og:title\" content=\"El gobierno prev\u00e9 nuevos aumentos del Salario M\u00ednimo Vital y M\u00f3vil | CVI NOTICIAS\" \/>\n<meta property=\"og:description\" content=\"Los incrementos ser\u00edan para el \u00faltimo trimestre del a\u00f1o y las paritarias docentes y del sector p\u00fablico constituyen \u00abreferencias posibles\u00bb, se\u00f1al\u00f3 la ministra de Trabajo de la Naci\u00f3n La ministra de Trabajo, Raquel \u00abKelly\u00bb Olmos, sostuvo este lunes que el Gobierno prev\u00e9 m\u00e1s incrementos del Salario M\u00ednimo Vital y M\u00f3vil para el \u00faltimo trimestre del [&hellip;]\" \/>\n<meta property=\"og:url\" content=\"https:\/\/cvinoticias.com\/v3\/el-gobierno-preve-nuevos-aumentos-del-salario-minimo-vital-y-movil\/\" \/>\n<meta property=\"og:site_name\" content=\"CVI NOTICIAS\" \/>\n<meta property=\"article:publisher\" content=\"https:\/\/www.facebook.com\/cvinoticias\" \/>\n<meta property=\"article:published_time\" content=\"2023-09-26T06:27:25+00:00\" \/>\n<meta property=\"og:image\" content=\"https:\/\/cvinoticias.com\/wp-content\/uploads\/2023\/09\/Screenshot_20230926_032658_Facebook.jpg\" \/>\n\t<meta property=\"og:image:width\" content=\"1079\" \/>\n\t<meta property=\"og:image:height\" content=\"660\" \/>\n\t<meta property=\"og:image:type\" content=\"image\/jpeg\" \/>\n<meta name=\"author\" content=\"f1000024\" \/>\n<meta name=\"twitter:card\" content=\"summary_large_image\" \/>\n<meta name=\"twitter:label1\" content=\"Escrito por\" \/>\n\t<meta name=\"twitter:data1\" content=\"f1000024\" \/>\n\t<meta name=\"twitter:label2\" content=\"Tiempo de lectura\" \/>\n\t<meta name=\"twitter:data2\" content=\"2 minutos\" \/>\n<script type=\"application\/ld+json\" class=\"yoast-schema-graph\">{\"@context\":\"https:\\\/\\\/schema.org\",\"@graph\":[{\"@type\":\"Article\",\"@id\":\"https:\\\/\\\/cvinoticias.com\\\/v3\\\/el-gobierno-preve-nuevos-aumentos-del-salario-minimo-vital-y-movil\\\/#article\",\"isPartOf\":{\"@id\":\"https:\\\/\\\/cvinoticias.com\\\/v3\\\/el-gobierno-preve-nuevos-aumentos-del-salario-minimo-vital-y-movil\\\/\"},\"author\":{\"name\":\"f1000024\",\"@id\":\"https:\\\/\\\/cvinoticias.com\\\/v3\\\/#\\\/schema\\\/person\\\/2db77e3c6bc03c538495d7b2b8be9b66\"},\"headline\":\"El gobierno prev\u00e9 nuevos aumentos del Salario M\u00ednimo Vital y M\u00f3vil\",\"datePublished\":\"2023-09-26T06:27:25+00:00\",\"mainEntityOfPage\":{\"@id\":\"https:\\\/\\\/cvinoticias.com\\\/v3\\\/el-gobierno-preve-nuevos-aumentos-del-salario-minimo-vital-y-movil\\\/\"},\"wordCount\":347,\"commentCount\":0,\"publisher\":{\"@id\":\"https:\\\/\\\/cvinoticias.com\\\/v3\\\/#organization\"},\"image\":{\"@id\":\"https:\\\/\\\/cvinoticias.com\\\/v3\\\/el-gobierno-preve-nuevos-aumentos-del-salario-minimo-vital-y-movil\\\/#primaryimage\"},\"thumbnailUrl\":\"https:\\\/\\\/cvinoticias.com\\\/wp-content\\\/uploads\\\/2023\\\/09\\\/Screenshot_20230926_032658_Facebook.jpg\",\"articleSection\":[\"Econom\u00eda\"],\"inLanguage\":\"es\",\"potentialAction\":[{\"@type\":\"CommentAction\",\"name\":\"Comment\",\"target\":[\"https:\\\/\\\/cvinoticias.com\\\/v3\\\/el-gobierno-preve-nuevos-aumentos-del-salario-minimo-vital-y-movil\\\/#respond\"]}]},{\"@type\":\"WebPage\",\"@id\":\"https:\\\/\\\/cvinoticias.com\\\/v3\\\/el-gobierno-preve-nuevos-aumentos-del-salario-minimo-vital-y-movil\\\/\",\"url\":\"https:\\\/\\\/cvinoticias.com\\\/v3\\\/el-gobierno-preve-nuevos-aumentos-del-salario-minimo-vital-y-movil\\\/\",\"name\":\"El gobierno prev\u00e9 nuevos aumentos del Salario M\u00ednimo Vital y M\u00f3vil | CVI NOTICIAS\",\"isPartOf\":{\"@id\":\"https:\\\/\\\/cvinoticias.com\\\/v3\\\/#website\"},\"primaryImageOfPage\":{\"@id\":\"https:\\\/\\\/cvinoticias.com\\\/v3\\\/el-gobierno-preve-nuevos-aumentos-del-salario-minimo-vital-y-movil\\\/#primaryimage\"},\"image\":{\"@id\":\"https:\\\/\\\/cvinoticias.com\\\/v3\\\/el-gobierno-preve-nuevos-aumentos-del-salario-minimo-vital-y-movil\\\/#primaryimage\"},\"thumbnailUrl\":\"https:\\\/\\\/cvinoticias.com\\\/wp-content\\\/uploads\\\/2023\\\/09\\\/Screenshot_20230926_032658_Facebook.jpg\",\"datePublished\":\"2023-09-26T06:27:25+00:00\",\"breadcrumb\":{\"@id\":\"https:\\\/\\\/cvinoticias.com\\\/v3\\\/el-gobierno-preve-nuevos-aumentos-del-salario-minimo-vital-y-movil\\\/#breadcrumb\"},\"inLanguage\":\"es\",\"potentialAction\":[{\"@type\":\"ReadAction\",\"target\":[\"https:\\\/\\\/cvinoticias.com\\\/v3\\\/el-gobierno-preve-nuevos-aumentos-del-salario-minimo-vital-y-movil\\\/\"]}]},{\"@type\":\"ImageObject\",\"inLanguage\":\"es\",\"@id\":\"https:\\\/\\\/cvinoticias.com\\\/v3\\\/el-gobierno-preve-nuevos-aumentos-del-salario-minimo-vital-y-movil\\\/#primaryimage\",\"url\":\"https:\\\/\\\/cvinoticias.com\\\/wp-content\\\/uploads\\\/2023\\\/09\\\/Screenshot_20230926_032658_Facebook.jpg\",\"contentUrl\":\"https:\\\/\\\/cvinoticias.com\\\/wp-content\\\/uploads\\\/2023\\\/09\\\/Screenshot_20230926_032658_Facebook.jpg\",\"width\":1079,\"height\":660},{\"@type\":\"BreadcrumbList\",\"@id\":\"https:\\\/\\\/cvinoticias.com\\\/v3\\\/el-gobierno-preve-nuevos-aumentos-del-salario-minimo-vital-y-movil\\\/#breadcrumb\",\"itemListElement\":[{\"@type\":\"ListItem\",\"position\":1,\"name\":\"Portada\",\"item\":\"https:\\\/\\\/cvinoticias.com\\\/v3\\\/\"},{\"@type\":\"ListItem\",\"position\":2,\"name\":\"El gobierno prev\u00e9 nuevos aumentos del Salario M\u00ednimo Vital y M\u00f3vil\"}]},{\"@type\":\"WebSite\",\"@id\":\"https:\\\/\\\/cvinoticias.com\\\/v3\\\/#website\",\"url\":\"https:\\\/\\\/cvinoticias.com\\\/v3\\\/\",\"name\":\"CVI NOTICIAS\",\"description\":\"\",\"publisher\":{\"@id\":\"https:\\\/\\\/cvinoticias.com\\\/v3\\\/#organization\"},\"alternateName\":\"CVI\",\"potentialAction\":[{\"@type\":\"SearchAction\",\"target\":{\"@type\":\"EntryPoint\",\"urlTemplate\":\"https:\\\/\\\/cvinoticias.com\\\/v3\\\/?s={search_term_string}\"},\"query-input\":{\"@type\":\"PropertyValueSpecification\",\"valueRequired\":true,\"valueName\":\"search_term_string\"}}],\"inLanguage\":\"es\"},{\"@type\":\"Organization\",\"@id\":\"https:\\\/\\\/cvinoticias.com\\\/v3\\\/#organization\",\"name\":\"CVI NOTICIAS\",\"url\":\"https:\\\/\\\/cvinoticias.com\\\/v3\\\/\",\"logo\":{\"@type\":\"ImageObject\",\"inLanguage\":\"es\",\"@id\":\"https:\\\/\\\/cvinoticias.com\\\/v3\\\/#\\\/schema\\\/logo\\\/image\\\/\",\"url\":\"https:\\\/\\\/cvinoticias.com\\\/wp-content\\\/uploads\\\/2023\\\/04\\\/cropped-cropped-cropped-cropped-cropped-3-1.png\",\"contentUrl\":\"https:\\\/\\\/cvinoticias.com\\\/wp-content\\\/uploads\\\/2023\\\/04\\\/cropped-cropped-cropped-cropped-cropped-3-1.png\",\"width\":95,\"height\":122,\"caption\":\"CVI NOTICIAS\"},\"image\":{\"@id\":\"https:\\\/\\\/cvinoticias.com\\\/v3\\\/#\\\/schema\\\/logo\\\/image\\\/\"},\"sameAs\":[\"https:\\\/\\\/www.facebook.com\\\/cvinoticias\",\"https:\\\/\\\/www.instagram.com\\\/cvinoticias\\\/\",\"https:\\\/\\\/www.youtube.com\\\/@CVINOTICIAS\"]},{\"@type\":\"Person\",\"@id\":\"https:\\\/\\\/cvinoticias.com\\\/v3\\\/#\\\/schema\\\/person\\\/2db77e3c6bc03c538495d7b2b8be9b66\",\"name\":\"f1000024\",\"image\":{\"@type\":\"ImageObject\",\"inLanguage\":\"es\",\"@id\":\"https:\\\/\\\/secure.gravatar.com\\\/avatar\\\/d4fe7459cfc51ff5129ce1a732bbef5928568b8092d412ef95611616376bbeed?s=96&d=mm&r=g\",\"url\":\"https:\\\/\\\/secure.gravatar.com\\\/avatar\\\/d4fe7459cfc51ff5129ce1a732bbef5928568b8092d412ef95611616376bbeed?s=96&d=mm&r=g\",\"contentUrl\":\"https:\\\/\\\/secure.gravatar.com\\\/avatar\\\/d4fe7459cfc51ff5129ce1a732bbef5928568b8092d412ef95611616376bbeed?s=96&d=mm&r=g\",\"caption\":\"f1000024\"},\"url\":\"https:\\\/\\\/cvinoticias.com\\\/v3\\\/author\\\/f1000024\\\/\"}]}<\/script>\n<!-- \/ Yoast SEO plugin. -->","yoast_head_json":{"title":"El gobierno prev\u00e9 nuevos aumentos del Salario M\u00ednimo Vital y M\u00f3vil | CVI NOTICIAS","robots":{"index":"index","follow":"follow","max-snippet":"max-snippet:-1","max-image-preview":"max-image-preview:large","max-video-preview":"max-video-preview:-1"},"canonical":"https:\/\/cvinoticias.com\/v3\/el-gobierno-preve-nuevos-aumentos-del-salario-minimo-vital-y-movil\/","og_locale":"es_ES","og_type":"article","og_title":"El gobierno prev\u00e9 nuevos aumentos del Salario M\u00ednimo Vital y M\u00f3vil | CVI NOTICIAS","og_description":"Los incrementos ser\u00edan para el \u00faltimo trimestre del a\u00f1o y las paritarias docentes y del sector p\u00fablico constituyen \u00abreferencias posibles\u00bb, se\u00f1al\u00f3 la ministra de Trabajo de la Naci\u00f3n La ministra de Trabajo, Raquel \u00abKelly\u00bb Olmos, sostuvo este lunes que el Gobierno prev\u00e9 m\u00e1s incrementos del Salario M\u00ednimo Vital y M\u00f3vil para el \u00faltimo trimestre del [&hellip;]","og_url":"https:\/\/cvinoticias.com\/v3\/el-gobierno-preve-nuevos-aumentos-del-salario-minimo-vital-y-movil\/","og_site_name":"CVI NOTICIAS","article_publisher":"https:\/\/www.facebook.com\/cvinoticias","article_published_time":"2023-09-26T06:27:25+00:00","og_image":[{"width":1079,"height":660,"url":"https:\/\/cvinoticias.com\/wp-content\/uploads\/2023\/09\/Screenshot_20230926_032658_Facebook.jpg","type":"image\/jpeg"}],"author":"f1000024","twitter_card":"summary_large_image","twitter_misc":{"Escrito por":"f1000024","Tiempo de lectura":"2 minutos"},"schema":{"@context":"https:\/\/schema.org","@graph":[{"@type":"Article","@id":"https:\/\/cvinoticias.com\/v3\/el-gobierno-preve-nuevos-aumentos-del-salario-minimo-vital-y-movil\/#article","isPartOf":{"@id":"https:\/\/cvinoticias.com\/v3\/el-gobierno-preve-nuevos-aumentos-del-salario-minimo-vital-y-movil\/"},"author":{"name":"f1000024","@id":"https:\/\/cvinoticias.com\/v3\/#\/schema\/person\/2db77e3c6bc03c538495d7b2b8be9b66"},"headline":"El gobierno prev\u00e9 nuevos aumentos del Salario M\u00ednimo Vital y M\u00f3vil","datePublished":"2023-09-26T06:27:25+00:00","mainEntityOfPage":{"@id":"https:\/\/cvinoticias.com\/v3\/el-gobierno-preve-nuevos-aumentos-del-salario-minimo-vital-y-movil\/"},"wordCount":347,"commentCount":0,"publisher":{"@id":"https:\/\/cvinoticias.com\/v3\/#organization"},"image":{"@id":"https:\/\/cvinoticias.com\/v3\/el-gobierno-preve-nuevos-aumentos-del-salario-minimo-vital-y-movil\/#primaryimage"},"thumbnailUrl":"https:\/\/cvinoticias.com\/wp-content\/uploads\/2023\/09\/Screenshot_20230926_032658_Facebook.jpg","articleSection":["Econom\u00eda"],"inLanguage":"es","potentialAction":[{"@type":"CommentAction","name":"Comment","target":["https:\/\/cvinoticias.com\/v3\/el-gobierno-preve-nuevos-aumentos-del-salario-minimo-vital-y-movil\/#respond"]}]},{"@type":"WebPage","@id":"https:\/\/cvinoticias.com\/v3\/el-gobierno-preve-nuevos-aumentos-del-salario-minimo-vital-y-movil\/","url":"https:\/\/cvinoticias.com\/v3\/el-gobierno-preve-nuevos-aumentos-del-salario-minimo-vital-y-movil\/","name":"El gobierno prev\u00e9 nuevos aumentos del Salario M\u00ednimo Vital y M\u00f3vil | CVI NOTICIAS","isPartOf":{"@id":"https:\/\/cvinoticias.com\/v3\/#website"},"primaryImageOfPage":{"@id":"https:\/\/cvinoticias.com\/v3\/el-gobierno-preve-nuevos-aumentos-del-salario-minimo-vital-y-movil\/#primaryimage"},"image":{"@id":"https:\/\/cvinoticias.com\/v3\/el-gobierno-preve-nuevos-aumentos-del-salario-minimo-vital-y-movil\/#primaryimage"},"thumbnailUrl":"https:\/\/cvinoticias.com\/wp-content\/uploads\/2023\/09\/Screenshot_20230926_032658_Facebook.jpg","datePublished":"2023-09-26T06:27:25+00:00","breadcrumb":{"@id":"https:\/\/cvinoticias.com\/v3\/el-gobierno-preve-nuevos-aumentos-del-salario-minimo-vital-y-movil\/#breadcrumb"},"inLanguage":"es","potentialAction":[{"@type":"ReadAction","target":["https:\/\/cvinoticias.com\/v3\/el-gobierno-preve-nuevos-aumentos-del-salario-minimo-vital-y-movil\/"]}]},{"@type":"ImageObject","inLanguage":"es","@id":"https:\/\/cvinoticias.com\/v3\/el-gobierno-preve-nuevos-aumentos-del-salario-minimo-vital-y-movil\/#primaryimage","url":"https:\/\/cvinoticias.com\/wp-content\/uploads\/2023\/09\/Screenshot_20230926_032658_Facebook.jpg","contentUrl":"https:\/\/cvinoticias.com\/wp-content\/uploads\/2023\/09\/Screenshot_20230926_032658_Facebook.jpg","width":1079,"height":660},{"@type":"BreadcrumbList","@id":"https:\/\/cvinoticias.com\/v3\/el-gobierno-preve-nuevos-aumentos-del-salario-minimo-vital-y-movil\/#breadcrumb","itemListElement":[{"@type":"ListItem","position":1,"name":"Portada","item":"https:\/\/cvinoticias.com\/v3\/"},{"@type":"ListItem","position":2,"name":"El gobierno prev\u00e9 nuevos aumentos del Salario M\u00ednimo Vital y M\u00f3vil"}]},{"@type":"WebSite","@id":"https:\/\/cvinoticias.com\/v3\/#website","url":"https:\/\/cvinoticias.com\/v3\/","name":"CVI NOTICIAS","description":"","publisher":{"@id":"https:\/\/cvinoticias.com\/v3\/#organization"},"alternateName":"CVI","potentialAction":[{"@type":"SearchAction","target":{"@type":"EntryPoint","urlTemplate":"https:\/\/cvinoticias.com\/v3\/?s={search_term_string}"},"query-input":{"@type":"PropertyValueSpecification","valueRequired":true,"valueName":"search_term_string"}}],"inLanguage":"es"},{"@type":"Organization","@id":"https:\/\/cvinoticias.com\/v3\/#organization","name":"CVI NOTICIAS","url":"https:\/\/cvinoticias.com\/v3\/","logo":{"@type":"ImageObject","inLanguage":"es","@id":"https:\/\/cvinoticias.com\/v3\/#\/schema\/logo\/image\/","url":"https:\/\/cvinoticias.com\/wp-content\/uploads\/2023\/04\/cropped-cropped-cropped-cropped-cropped-3-1.png","contentUrl":"https:\/\/cvinoticias.com\/wp-content\/uploads\/2023\/04\/cropped-cropped-cropped-cropped-cropped-3-1.png","width":95,"height":122,"caption":"CVI NOTICIAS"},"image":{"@id":"https:\/\/cvinoticias.com\/v3\/#\/schema\/logo\/image\/"},"sameAs":["https:\/\/www.facebook.com\/cvinoticias","https:\/\/www.instagram.com\/cvinoticias\/","https:\/\/www.youtube.com\/@CVINOTICIAS"]},{"@type":"Person","@id":"https:\/\/cvinoticias.com\/v3\/#\/schema\/person\/2db77e3c6bc03c538495d7b2b8be9b66","name":"f1000024","image":{"@type":"ImageObject","inLanguage":"es","@id":"https:\/\/secure.gravatar.com\/avatar\/d4fe7459cfc51ff5129ce1a732bbef5928568b8092d412ef95611616376bbeed?s=96&d=mm&r=g","url":"https:\/\/secure.gravatar.com\/avatar\/d4fe7459cfc51ff5129ce1a732bbef5928568b8092d412ef95611616376bbeed?s=96&d=mm&r=g","contentUrl":"https:\/\/secure.gravatar.com\/avatar\/d4fe7459cfc51ff5129ce1a732bbef5928568b8092d412ef95611616376bbeed?s=96&d=mm&r=g","caption":"f1000024"},"url":"https:\/\/cvinoticias.com\/v3\/author\/f1000024\/"}]}},"_links":{"self":[{"href":"https:\/\/cvinoticias.com\/v3\/wp-json\/wp\/v2\/posts\/28297","targetHints":{"allow":["GET"]}}],"collection":[{"href":"https:\/\/cvinoticias.com\/v3\/wp-json\/wp\/v2\/posts"}],"about":[{"href":"https:\/\/cvinoticias.com\/v3\/wp-json\/wp\/v2\/types\/post"}],"author":[{"embeddable":true,"href":"https:\/\/cvinoticias.com\/v3\/wp-json\/wp\/v2\/users\/2"}],"replies":[{"embeddable":true,"href":"https:\/\/cvinoticias.com\/v3\/wp-json\/wp\/v2\/comments?post=28297"}],"version-history":[{"count":1,"href":"https:\/\/cvinoticias.com\/v3\/wp-json\/wp\/v2\/posts\/28297\/revisions"}],"predecessor-version":[{"id":28299,"href":"https:\/\/cvinoticias.com\/v3\/wp-json\/wp\/v2\/posts\/28297\/revisions\/28299"}],"wp:featuredmedia":[{"embeddable":true,"href":"https:\/\/cvinoticias.com\/v3\/wp-json\/wp\/v2\/media\/28298"}],"wp:attachment":[{"href":"https:\/\/cvinoticias.com\/v3\/wp-json\/wp\/v2\/media?parent=28297"}],"wp:term":[{"taxonomy":"category","embeddable":true,"href":"https:\/\/cvinoticias.com\/v3\/wp-json\/wp\/v2\/categories?post=28297"},{"taxonomy":"post_tag","embeddable":true,"href":"https:\/\/cvinoticias.com\/v3\/wp-json\/wp\/v2\/tags?post=28297"}],"curies":[{"name":"wp","href":"https:\/\/api.w.org\/{rel}","templated":true}]}}