{"id":28287,"date":"2023-09-25T11:57:06","date_gmt":"2023-09-25T11:57:06","guid":{"rendered":"https:\/\/cvinoticias.com\/v3\/?p=28287"},"modified":"2023-09-25T11:57:06","modified_gmt":"2023-09-25T11:57:06","slug":"cuantas-provincias-gobernara-la-ucr-desde-el-10-de-diciembre","status":"publish","type":"post","link":"https:\/\/cvinoticias.com\/v3\/cuantas-provincias-gobernara-la-ucr-desde-el-10-de-diciembre\/","title":{"rendered":"\u00bfCu\u00e1ntas provincias gobernar\u00e1 la UCR desde el 10 de diciembre?"},"content":{"rendered":"\n<p><strong><em>El reciente triunfo de Alfredo Cornejo en Mendoza termina de moldear un nuevo escenario para la Uni\u00f3n C\u00edvica Radical (UCR) de cara a su futuro y su vocaci\u00f3n de poder presidencial.<\/em><\/strong><\/p>\n\n\n\n<p>El centenario partido gobernar\u00e1 desde el 10 de diciembre en cinco provincias, n\u00famero que lo deja bien posicionado en el mapa electoral nacional. El primero en retener un territorio provincial en este s\u00faper a\u00f1o electoral fue Carlos Sadir, en Jujuy. Se trata del delf\u00edn de Gerardo Morales, mandatario saliente.<\/p>\n\n\n\n<p>El segundo fue el correntino Gustavo Vald\u00e9s, que fue reelecto hace casi un mes y se erige como uno de los posibles nuevos l\u00edderes de la UCR a nivel nacional. El tercer triunfo vino de la mano de Maximiliano Pullaro, en Santa Fe. Fue m\u00e1s que una sorpresa, al tratarse de un territorio dominado por el peronismo.<\/p>\n\n\n\n<p>La cuarta victoria la consigui\u00f3 Leandro Zdero, en Chaco, que desplaz\u00f3 del cargo al peronista Jorge Capitanich. Cornejo le puso el broche de oro a la seguidilla de victorias del radicalismo en el interior, que tambi\u00e9n estuvo a poco m\u00e1s de 20 mil votos de imponerse en la interna de JxC en la ciudad de Buenos Aires con Mart\u00edn Lousteau.<\/p>\n\n\n\n<p><strong>El triunfo de Cornejo<\/strong><\/p>\n\n\n\n<p>El radical Alfredo Cornejo (Cambia Mendoza) se impon\u00eda con el 39,86% de los votos y es el nuevo gobernador de la provincia de Mendoza, con el 65,61% de las mesas escrutadas, tras las elecciones celebradas este domingo. Lo segu\u00eda el candidato de Uni\u00f3n Mendocina, Omar De Marchi, con el 29,31%.<\/p>\n\n\n\n<p>Con el triunfo de Cornejo, Juntos por el Cambio contin\u00faa con la ola de buenos resultados provinciales y aspira que impulse la candidatura presidencial de Patricia Bullrich, que estuvo en el b\u00fanker del senador radical junto a su compa\u00f1ero de f\u00f3rmula, Luis Petri, tambi\u00e9n mendocino.<\/p>\n","protected":false},"excerpt":{"rendered":"<p>El reciente triunfo de Alfredo Cornejo en Mendoza termina de moldear un nuevo escenario para la Uni\u00f3n C\u00edvica Radical (UCR) de cara a su futuro y su vocaci\u00f3n de poder presidencial. El centenario partido gobernar\u00e1 desde el 10 de diciembre en cinco provincias, n\u00famero que lo deja bien posicionado en el mapa electoral nacional. El [&hellip;]<\/p>\n","protected":false},"author":2,"featured_media":28288,"comment_status":"open","ping_status":"open","sticky":false,"template":"","format":"standard","meta":{"footnotes":""},"categories":[42],"tags":[],"class_list":["post-28287","post","type-post","status-publish","format-standard","has-post-thumbnail","hentry","category-politica"],"yoast_head":"<!-- This site is optimized with the Yoast SEO plugin v27.5 - https:\/\/yoast.com\/product\/yoast-seo-wordpress\/ -->\n<title>\u00bfCu\u00e1ntas provincias gobernar\u00e1 la UCR desde el 10 de diciembre? | CVI NOTICIAS<\/title>\n<meta name=\"robots\" content=\"index, follow, max-snippet:-1, max-image-preview:large, max-video-preview:-1\" \/>\n<link rel=\"canonical\" href=\"https:\/\/cvinoticias.com\/v3\/cuantas-provincias-gobernara-la-ucr-desde-el-10-de-diciembre\/\" \/>\n<meta property=\"og:locale\" content=\"es_ES\" \/>\n<meta property=\"og:type\" content=\"article\" \/>\n<meta property=\"og:title\" content=\"\u00bfCu\u00e1ntas provincias gobernar\u00e1 la UCR desde el 10 de diciembre? | CVI NOTICIAS\" \/>\n<meta property=\"og:description\" content=\"El reciente triunfo de Alfredo Cornejo en Mendoza termina de moldear un nuevo escenario para la Uni\u00f3n C\u00edvica Radical (UCR) de cara a su futuro y su vocaci\u00f3n de poder presidencial. El centenario partido gobernar\u00e1 desde el 10 de diciembre en cinco provincias, n\u00famero que lo deja bien posicionado en el mapa electoral nacional. El [&hellip;]\" \/>\n<meta property=\"og:url\" content=\"https:\/\/cvinoticias.com\/v3\/cuantas-provincias-gobernara-la-ucr-desde-el-10-de-diciembre\/\" \/>\n<meta property=\"og:site_name\" content=\"CVI NOTICIAS\" \/>\n<meta property=\"article:publisher\" content=\"https:\/\/www.facebook.com\/cvinoticias\" \/>\n<meta property=\"article:published_time\" content=\"2023-09-25T11:57:06+00:00\" \/>\n<meta property=\"og:image\" content=\"https:\/\/cvinoticias.com\/wp-content\/uploads\/2023\/09\/39d7290ea737731389dbc303e0195765_M.jpg\" \/>\n\t<meta property=\"og:image:width\" content=\"768\" \/>\n\t<meta property=\"og:image:height\" content=\"429\" \/>\n\t<meta property=\"og:image:type\" content=\"image\/jpeg\" \/>\n<meta name=\"author\" content=\"f1000024\" \/>\n<meta name=\"twitter:card\" content=\"summary_large_image\" \/>\n<meta name=\"twitter:label1\" content=\"Escrito por\" \/>\n\t<meta name=\"twitter:data1\" content=\"f1000024\" \/>\n\t<meta name=\"twitter:label2\" content=\"Tiempo de lectura\" \/>\n\t<meta name=\"twitter:data2\" content=\"2 minutos\" \/>\n<script type=\"application\/ld+json\" class=\"yoast-schema-graph\">{\"@context\":\"https:\\\/\\\/schema.org\",\"@graph\":[{\"@type\":\"Article\",\"@id\":\"https:\\\/\\\/cvinoticias.com\\\/v3\\\/cuantas-provincias-gobernara-la-ucr-desde-el-10-de-diciembre\\\/#article\",\"isPartOf\":{\"@id\":\"https:\\\/\\\/cvinoticias.com\\\/v3\\\/cuantas-provincias-gobernara-la-ucr-desde-el-10-de-diciembre\\\/\"},\"author\":{\"name\":\"f1000024\",\"@id\":\"https:\\\/\\\/cvinoticias.com\\\/v3\\\/#\\\/schema\\\/person\\\/2db77e3c6bc03c538495d7b2b8be9b66\"},\"headline\":\"\u00bfCu\u00e1ntas provincias gobernar\u00e1 la UCR desde el 10 de diciembre?\",\"datePublished\":\"2023-09-25T11:57:06+00:00\",\"mainEntityOfPage\":{\"@id\":\"https:\\\/\\\/cvinoticias.com\\\/v3\\\/cuantas-provincias-gobernara-la-ucr-desde-el-10-de-diciembre\\\/\"},\"wordCount\":322,\"commentCount\":0,\"publisher\":{\"@id\":\"https:\\\/\\\/cvinoticias.com\\\/v3\\\/#organization\"},\"image\":{\"@id\":\"https:\\\/\\\/cvinoticias.com\\\/v3\\\/cuantas-provincias-gobernara-la-ucr-desde-el-10-de-diciembre\\\/#primaryimage\"},\"thumbnailUrl\":\"https:\\\/\\\/cvinoticias.com\\\/wp-content\\\/uploads\\\/2023\\\/09\\\/39d7290ea737731389dbc303e0195765_M.jpg\",\"articleSection\":[\"Politica\"],\"inLanguage\":\"es\",\"potentialAction\":[{\"@type\":\"CommentAction\",\"name\":\"Comment\",\"target\":[\"https:\\\/\\\/cvinoticias.com\\\/v3\\\/cuantas-provincias-gobernara-la-ucr-desde-el-10-de-diciembre\\\/#respond\"]}]},{\"@type\":\"WebPage\",\"@id\":\"https:\\\/\\\/cvinoticias.com\\\/v3\\\/cuantas-provincias-gobernara-la-ucr-desde-el-10-de-diciembre\\\/\",\"url\":\"https:\\\/\\\/cvinoticias.com\\\/v3\\\/cuantas-provincias-gobernara-la-ucr-desde-el-10-de-diciembre\\\/\",\"name\":\"\u00bfCu\u00e1ntas provincias gobernar\u00e1 la UCR desde el 10 de diciembre? | CVI NOTICIAS\",\"isPartOf\":{\"@id\":\"https:\\\/\\\/cvinoticias.com\\\/v3\\\/#website\"},\"primaryImageOfPage\":{\"@id\":\"https:\\\/\\\/cvinoticias.com\\\/v3\\\/cuantas-provincias-gobernara-la-ucr-desde-el-10-de-diciembre\\\/#primaryimage\"},\"image\":{\"@id\":\"https:\\\/\\\/cvinoticias.com\\\/v3\\\/cuantas-provincias-gobernara-la-ucr-desde-el-10-de-diciembre\\\/#primaryimage\"},\"thumbnailUrl\":\"https:\\\/\\\/cvinoticias.com\\\/wp-content\\\/uploads\\\/2023\\\/09\\\/39d7290ea737731389dbc303e0195765_M.jpg\",\"datePublished\":\"2023-09-25T11:57:06+00:00\",\"breadcrumb\":{\"@id\":\"https:\\\/\\\/cvinoticias.com\\\/v3\\\/cuantas-provincias-gobernara-la-ucr-desde-el-10-de-diciembre\\\/#breadcrumb\"},\"inLanguage\":\"es\",\"potentialAction\":[{\"@type\":\"ReadAction\",\"target\":[\"https:\\\/\\\/cvinoticias.com\\\/v3\\\/cuantas-provincias-gobernara-la-ucr-desde-el-10-de-diciembre\\\/\"]}]},{\"@type\":\"ImageObject\",\"inLanguage\":\"es\",\"@id\":\"https:\\\/\\\/cvinoticias.com\\\/v3\\\/cuantas-provincias-gobernara-la-ucr-desde-el-10-de-diciembre\\\/#primaryimage\",\"url\":\"https:\\\/\\\/cvinoticias.com\\\/wp-content\\\/uploads\\\/2023\\\/09\\\/39d7290ea737731389dbc303e0195765_M.jpg\",\"contentUrl\":\"https:\\\/\\\/cvinoticias.com\\\/wp-content\\\/uploads\\\/2023\\\/09\\\/39d7290ea737731389dbc303e0195765_M.jpg\",\"width\":768,\"height\":429},{\"@type\":\"BreadcrumbList\",\"@id\":\"https:\\\/\\\/cvinoticias.com\\\/v3\\\/cuantas-provincias-gobernara-la-ucr-desde-el-10-de-diciembre\\\/#breadcrumb\",\"itemListElement\":[{\"@type\":\"ListItem\",\"position\":1,\"name\":\"Portada\",\"item\":\"https:\\\/\\\/cvinoticias.com\\\/v3\\\/\"},{\"@type\":\"ListItem\",\"position\":2,\"name\":\"\u00bfCu\u00e1ntas provincias gobernar\u00e1 la UCR desde el 10 de diciembre?\"}]},{\"@type\":\"WebSite\",\"@id\":\"https:\\\/\\\/cvinoticias.com\\\/v3\\\/#website\",\"url\":\"https:\\\/\\\/cvinoticias.com\\\/v3\\\/\",\"name\":\"CVI NOTICIAS\",\"description\":\"\",\"publisher\":{\"@id\":\"https:\\\/\\\/cvinoticias.com\\\/v3\\\/#organization\"},\"alternateName\":\"CVI\",\"potentialAction\":[{\"@type\":\"SearchAction\",\"target\":{\"@type\":\"EntryPoint\",\"urlTemplate\":\"https:\\\/\\\/cvinoticias.com\\\/v3\\\/?s={search_term_string}\"},\"query-input\":{\"@type\":\"PropertyValueSpecification\",\"valueRequired\":true,\"valueName\":\"search_term_string\"}}],\"inLanguage\":\"es\"},{\"@type\":\"Organization\",\"@id\":\"https:\\\/\\\/cvinoticias.com\\\/v3\\\/#organization\",\"name\":\"CVI NOTICIAS\",\"url\":\"https:\\\/\\\/cvinoticias.com\\\/v3\\\/\",\"logo\":{\"@type\":\"ImageObject\",\"inLanguage\":\"es\",\"@id\":\"https:\\\/\\\/cvinoticias.com\\\/v3\\\/#\\\/schema\\\/logo\\\/image\\\/\",\"url\":\"https:\\\/\\\/cvinoticias.com\\\/wp-content\\\/uploads\\\/2023\\\/04\\\/cropped-cropped-cropped-cropped-cropped-3-1.png\",\"contentUrl\":\"https:\\\/\\\/cvinoticias.com\\\/wp-content\\\/uploads\\\/2023\\\/04\\\/cropped-cropped-cropped-cropped-cropped-3-1.png\",\"width\":95,\"height\":122,\"caption\":\"CVI NOTICIAS\"},\"image\":{\"@id\":\"https:\\\/\\\/cvinoticias.com\\\/v3\\\/#\\\/schema\\\/logo\\\/image\\\/\"},\"sameAs\":[\"https:\\\/\\\/www.facebook.com\\\/cvinoticias\",\"https:\\\/\\\/www.instagram.com\\\/cvinoticias\\\/\",\"https:\\\/\\\/www.youtube.com\\\/@CVINOTICIAS\"]},{\"@type\":\"Person\",\"@id\":\"https:\\\/\\\/cvinoticias.com\\\/v3\\\/#\\\/schema\\\/person\\\/2db77e3c6bc03c538495d7b2b8be9b66\",\"name\":\"f1000024\",\"image\":{\"@type\":\"ImageObject\",\"inLanguage\":\"es\",\"@id\":\"https:\\\/\\\/secure.gravatar.com\\\/avatar\\\/d4fe7459cfc51ff5129ce1a732bbef5928568b8092d412ef95611616376bbeed?s=96&d=mm&r=g\",\"url\":\"https:\\\/\\\/secure.gravatar.com\\\/avatar\\\/d4fe7459cfc51ff5129ce1a732bbef5928568b8092d412ef95611616376bbeed?s=96&d=mm&r=g\",\"contentUrl\":\"https:\\\/\\\/secure.gravatar.com\\\/avatar\\\/d4fe7459cfc51ff5129ce1a732bbef5928568b8092d412ef95611616376bbeed?s=96&d=mm&r=g\",\"caption\":\"f1000024\"},\"url\":\"https:\\\/\\\/cvinoticias.com\\\/v3\\\/author\\\/f1000024\\\/\"}]}<\/script>\n<!-- \/ Yoast SEO plugin. -->","yoast_head_json":{"title":"\u00bfCu\u00e1ntas provincias gobernar\u00e1 la UCR desde el 10 de diciembre? | CVI NOTICIAS","robots":{"index":"index","follow":"follow","max-snippet":"max-snippet:-1","max-image-preview":"max-image-preview:large","max-video-preview":"max-video-preview:-1"},"canonical":"https:\/\/cvinoticias.com\/v3\/cuantas-provincias-gobernara-la-ucr-desde-el-10-de-diciembre\/","og_locale":"es_ES","og_type":"article","og_title":"\u00bfCu\u00e1ntas provincias gobernar\u00e1 la UCR desde el 10 de diciembre? | CVI NOTICIAS","og_description":"El reciente triunfo de Alfredo Cornejo en Mendoza termina de moldear un nuevo escenario para la Uni\u00f3n C\u00edvica Radical (UCR) de cara a su futuro y su vocaci\u00f3n de poder presidencial. El centenario partido gobernar\u00e1 desde el 10 de diciembre en cinco provincias, n\u00famero que lo deja bien posicionado en el mapa electoral nacional. El [&hellip;]","og_url":"https:\/\/cvinoticias.com\/v3\/cuantas-provincias-gobernara-la-ucr-desde-el-10-de-diciembre\/","og_site_name":"CVI NOTICIAS","article_publisher":"https:\/\/www.facebook.com\/cvinoticias","article_published_time":"2023-09-25T11:57:06+00:00","og_image":[{"width":768,"height":429,"url":"https:\/\/cvinoticias.com\/wp-content\/uploads\/2023\/09\/39d7290ea737731389dbc303e0195765_M.jpg","type":"image\/jpeg"}],"author":"f1000024","twitter_card":"summary_large_image","twitter_misc":{"Escrito por":"f1000024","Tiempo de lectura":"2 minutos"},"schema":{"@context":"https:\/\/schema.org","@graph":[{"@type":"Article","@id":"https:\/\/cvinoticias.com\/v3\/cuantas-provincias-gobernara-la-ucr-desde-el-10-de-diciembre\/#article","isPartOf":{"@id":"https:\/\/cvinoticias.com\/v3\/cuantas-provincias-gobernara-la-ucr-desde-el-10-de-diciembre\/"},"author":{"name":"f1000024","@id":"https:\/\/cvinoticias.com\/v3\/#\/schema\/person\/2db77e3c6bc03c538495d7b2b8be9b66"},"headline":"\u00bfCu\u00e1ntas provincias gobernar\u00e1 la UCR desde el 10 de diciembre?","datePublished":"2023-09-25T11:57:06+00:00","mainEntityOfPage":{"@id":"https:\/\/cvinoticias.com\/v3\/cuantas-provincias-gobernara-la-ucr-desde-el-10-de-diciembre\/"},"wordCount":322,"commentCount":0,"publisher":{"@id":"https:\/\/cvinoticias.com\/v3\/#organization"},"image":{"@id":"https:\/\/cvinoticias.com\/v3\/cuantas-provincias-gobernara-la-ucr-desde-el-10-de-diciembre\/#primaryimage"},"thumbnailUrl":"https:\/\/cvinoticias.com\/wp-content\/uploads\/2023\/09\/39d7290ea737731389dbc303e0195765_M.jpg","articleSection":["Politica"],"inLanguage":"es","potentialAction":[{"@type":"CommentAction","name":"Comment","target":["https:\/\/cvinoticias.com\/v3\/cuantas-provincias-gobernara-la-ucr-desde-el-10-de-diciembre\/#respond"]}]},{"@type":"WebPage","@id":"https:\/\/cvinoticias.com\/v3\/cuantas-provincias-gobernara-la-ucr-desde-el-10-de-diciembre\/","url":"https:\/\/cvinoticias.com\/v3\/cuantas-provincias-gobernara-la-ucr-desde-el-10-de-diciembre\/","name":"\u00bfCu\u00e1ntas provincias gobernar\u00e1 la UCR desde el 10 de diciembre? | CVI NOTICIAS","isPartOf":{"@id":"https:\/\/cvinoticias.com\/v3\/#website"},"primaryImageOfPage":{"@id":"https:\/\/cvinoticias.com\/v3\/cuantas-provincias-gobernara-la-ucr-desde-el-10-de-diciembre\/#primaryimage"},"image":{"@id":"https:\/\/cvinoticias.com\/v3\/cuantas-provincias-gobernara-la-ucr-desde-el-10-de-diciembre\/#primaryimage"},"thumbnailUrl":"https:\/\/cvinoticias.com\/wp-content\/uploads\/2023\/09\/39d7290ea737731389dbc303e0195765_M.jpg","datePublished":"2023-09-25T11:57:06+00:00","breadcrumb":{"@id":"https:\/\/cvinoticias.com\/v3\/cuantas-provincias-gobernara-la-ucr-desde-el-10-de-diciembre\/#breadcrumb"},"inLanguage":"es","potentialAction":[{"@type":"ReadAction","target":["https:\/\/cvinoticias.com\/v3\/cuantas-provincias-gobernara-la-ucr-desde-el-10-de-diciembre\/"]}]},{"@type":"ImageObject","inLanguage":"es","@id":"https:\/\/cvinoticias.com\/v3\/cuantas-provincias-gobernara-la-ucr-desde-el-10-de-diciembre\/#primaryimage","url":"https:\/\/cvinoticias.com\/wp-content\/uploads\/2023\/09\/39d7290ea737731389dbc303e0195765_M.jpg","contentUrl":"https:\/\/cvinoticias.com\/wp-content\/uploads\/2023\/09\/39d7290ea737731389dbc303e0195765_M.jpg","width":768,"height":429},{"@type":"BreadcrumbList","@id":"https:\/\/cvinoticias.com\/v3\/cuantas-provincias-gobernara-la-ucr-desde-el-10-de-diciembre\/#breadcrumb","itemListElement":[{"@type":"ListItem","position":1,"name":"Portada","item":"https:\/\/cvinoticias.com\/v3\/"},{"@type":"ListItem","position":2,"name":"\u00bfCu\u00e1ntas provincias gobernar\u00e1 la UCR desde el 10 de diciembre?"}]},{"@type":"WebSite","@id":"https:\/\/cvinoticias.com\/v3\/#website","url":"https:\/\/cvinoticias.com\/v3\/","name":"CVI NOTICIAS","description":"","publisher":{"@id":"https:\/\/cvinoticias.com\/v3\/#organization"},"alternateName":"CVI","potentialAction":[{"@type":"SearchAction","target":{"@type":"EntryPoint","urlTemplate":"https:\/\/cvinoticias.com\/v3\/?s={search_term_string}"},"query-input":{"@type":"PropertyValueSpecification","valueRequired":true,"valueName":"search_term_string"}}],"inLanguage":"es"},{"@type":"Organization","@id":"https:\/\/cvinoticias.com\/v3\/#organization","name":"CVI NOTICIAS","url":"https:\/\/cvinoticias.com\/v3\/","logo":{"@type":"ImageObject","inLanguage":"es","@id":"https:\/\/cvinoticias.com\/v3\/#\/schema\/logo\/image\/","url":"https:\/\/cvinoticias.com\/wp-content\/uploads\/2023\/04\/cropped-cropped-cropped-cropped-cropped-3-1.png","contentUrl":"https:\/\/cvinoticias.com\/wp-content\/uploads\/2023\/04\/cropped-cropped-cropped-cropped-cropped-3-1.png","width":95,"height":122,"caption":"CVI NOTICIAS"},"image":{"@id":"https:\/\/cvinoticias.com\/v3\/#\/schema\/logo\/image\/"},"sameAs":["https:\/\/www.facebook.com\/cvinoticias","https:\/\/www.instagram.com\/cvinoticias\/","https:\/\/www.youtube.com\/@CVINOTICIAS"]},{"@type":"Person","@id":"https:\/\/cvinoticias.com\/v3\/#\/schema\/person\/2db77e3c6bc03c538495d7b2b8be9b66","name":"f1000024","image":{"@type":"ImageObject","inLanguage":"es","@id":"https:\/\/secure.gravatar.com\/avatar\/d4fe7459cfc51ff5129ce1a732bbef5928568b8092d412ef95611616376bbeed?s=96&d=mm&r=g","url":"https:\/\/secure.gravatar.com\/avatar\/d4fe7459cfc51ff5129ce1a732bbef5928568b8092d412ef95611616376bbeed?s=96&d=mm&r=g","contentUrl":"https:\/\/secure.gravatar.com\/avatar\/d4fe7459cfc51ff5129ce1a732bbef5928568b8092d412ef95611616376bbeed?s=96&d=mm&r=g","caption":"f1000024"},"url":"https:\/\/cvinoticias.com\/v3\/author\/f1000024\/"}]}},"_links":{"self":[{"href":"https:\/\/cvinoticias.com\/v3\/wp-json\/wp\/v2\/posts\/28287","targetHints":{"allow":["GET"]}}],"collection":[{"href":"https:\/\/cvinoticias.com\/v3\/wp-json\/wp\/v2\/posts"}],"about":[{"href":"https:\/\/cvinoticias.com\/v3\/wp-json\/wp\/v2\/types\/post"}],"author":[{"embeddable":true,"href":"https:\/\/cvinoticias.com\/v3\/wp-json\/wp\/v2\/users\/2"}],"replies":[{"embeddable":true,"href":"https:\/\/cvinoticias.com\/v3\/wp-json\/wp\/v2\/comments?post=28287"}],"version-history":[{"count":1,"href":"https:\/\/cvinoticias.com\/v3\/wp-json\/wp\/v2\/posts\/28287\/revisions"}],"predecessor-version":[{"id":28289,"href":"https:\/\/cvinoticias.com\/v3\/wp-json\/wp\/v2\/posts\/28287\/revisions\/28289"}],"wp:featuredmedia":[{"embeddable":true,"href":"https:\/\/cvinoticias.com\/v3\/wp-json\/wp\/v2\/media\/28288"}],"wp:attachment":[{"href":"https:\/\/cvinoticias.com\/v3\/wp-json\/wp\/v2\/media?parent=28287"}],"wp:term":[{"taxonomy":"category","embeddable":true,"href":"https:\/\/cvinoticias.com\/v3\/wp-json\/wp\/v2\/categories?post=28287"},{"taxonomy":"post_tag","embeddable":true,"href":"https:\/\/cvinoticias.com\/v3\/wp-json\/wp\/v2\/tags?post=28287"}],"curies":[{"name":"wp","href":"https:\/\/api.w.org\/{rel}","templated":true}]}}