{"id":28284,"date":"2023-09-25T11:49:03","date_gmt":"2023-09-25T11:49:03","guid":{"rendered":"https:\/\/cvinoticias.com\/v3\/?p=28284"},"modified":"2023-09-25T11:49:03","modified_gmt":"2023-09-25T11:49:03","slug":"aerolineas-argentinas-hizo-su-primer-vuelo-con-combustible-sostenible","status":"publish","type":"post","link":"https:\/\/cvinoticias.com\/v3\/aerolineas-argentinas-hizo-su-primer-vuelo-con-combustible-sostenible\/","title":{"rendered":"Aerol\u00edneas Argentinas hizo su primer vuelo con combustible sostenible"},"content":{"rendered":"\n<p><strong><em>Aerol\u00edneas Argentinas realiz\u00f3 su primer vuelo con combustible sostenible de aviaci\u00f3n (SAF), derivados de fuentes no f\u00f3siles, en una aeronave que arrib\u00f3 el viernes a la madrugada al Aeropuerto Internacional de Ezeiza, proveniente de Madrid. La meta es alcanzar la neutralidad de carbono en 2050.<\/em><\/strong><\/p>\n\n\n\n<p>El vuelo AR1135 marc\u00f3 el inicio de la experimentaci\u00f3n de la aerol\u00ednea de bandera con el uso de combustibles sostenibles, una iniciativa que forma parte de su Plan de Sostenibilidad. La aeronave llevaba una mezcla de un 2% de combustible SAF para llevar a cabo pruebas de rendimiento.<\/p>\n\n\n\n<p>El plan proyecta que a partir de 2027, Aerol\u00edneas Argentinas utilice combustibles sostenibles en todos sus vuelos con el objetivo de alcanzar la neutralidad de carbono para el a\u00f1o 2050. Esto se alinea con los acuerdos internacionales respaldados por las compa\u00f1\u00edas miembros de la Asociaci\u00f3n Internacional de Transporte A\u00e9reo (IATA).<\/p>\n\n\n\n<p>Qu\u00e9 son los combustibles SAF<\/p>\n\n\n\n<p>Los combustibles SAF, si bien qu\u00edmicamente son similares a los combustibles f\u00f3siles, reducen significativamente las emisiones netas de gases de efecto invernadero a lo largo de su ciclo de vida. Para ser clasificados como SAF, estos combustibles deben reducir las emisiones en un 50% a 60%, y su materia prima debe ser obtenida de manera sostenible, sin afectar la biodiversidad.<\/p>\n\n\n\n<p>Adem\u00e1s de los criterios ambientales, los combustibles SAF tambi\u00e9n deben cumplir con consideraciones sociales y econ\u00f3micas, con el prop\u00f3sito de minimizar el impacto de la aviaci\u00f3n en la atm\u00f3sfera. Debido a su impacto positivo, estos combustibles derivados de fuentes no f\u00f3siles son altamente valorados y cada vez m\u00e1s demandados en la industria de la aviaci\u00f3n.<\/p>\n\n\n\n<p>Las aerol\u00edneas pioneras en la reducci\u00f3n de contaminantes<\/p>\n\n\n\n<p>British Airways marc\u00f3 un hito significativo al convertirse en una de las primeras aerol\u00edneas en el mundo en incorporar combustibles sostenibles de aviaci\u00f3n (SAF) en sus vuelos, con su primer vuelo en el que utiliz\u00f3 SAF que se remonta a septiembre de 2021. El biocombustible utilizado en esta iniciativa fue producido por Phillips 66 Limited en el Reino Unido y se obtuvo a partir de materias primas sostenibles de desecho.<\/p>\n\n\n\n<p>Delta Airlines se sum\u00f3 a esta tendencia con un contrato de compra por 284 millones de litros de SAF al a\u00f1o, en colaboraci\u00f3n con la empresa GEVO. Esta empresa se especializa en la producci\u00f3n de Jet Synthetic Paraffinic Kerosene, un combustible que se obtiene procesando materias primas con bajas emisiones de carbono. Este combustible es capaz de mezclarse en una proporci\u00f3n de hasta el 30% con combustibles de aviaci\u00f3n convencionales de origen f\u00f3sil.<\/p>\n\n\n\n<p>United Airlines, tambi\u00e9n adopt\u00f3 el SAF para sus vuelos, tras invertir en la startup Cemvita Factory para la producci\u00f3n del biocombustible mediante microorganismos gen\u00e9ticamente modificados que transforman el di\u00f3xido de carbono en hidrocarburos renovables.<\/p>\n\n\n\n<p>El movimiento hacia la adopci\u00f3n de combustibles sostenibles no se limita a estas aerol\u00edneas, ya que muchas otras compa\u00f1\u00edas a\u00e9reas l\u00edderes a nivel mundial han comenzado a explorar esta alternativa. Entre ellas se encuentran Air France, KLM, Iberia, Lufthansa, Vueling, Finnair y varias otras, todas comprometidas con la transici\u00f3n hacia una aviaci\u00f3n m\u00e1s amigable con el medio ambiente y la reducci\u00f3n de las emisiones de carbono en la industria. Este esfuerzo colectivo representa un paso significativo hacia un futuro m\u00e1s sostenible para la aviaci\u00f3n global.<\/p>\n","protected":false},"excerpt":{"rendered":"<p>Aerol\u00edneas Argentinas realiz\u00f3 su primer vuelo con combustible sostenible de aviaci\u00f3n (SAF), derivados de fuentes no f\u00f3siles, en una aeronave que arrib\u00f3 el viernes a la madrugada al Aeropuerto Internacional de Ezeiza, proveniente de Madrid. La meta es alcanzar la neutralidad de carbono en 2050. El vuelo AR1135 marc\u00f3 el inicio de la experimentaci\u00f3n de [&hellip;]<\/p>\n","protected":false},"author":2,"featured_media":28285,"comment_status":"open","ping_status":"open","sticky":false,"template":"","format":"standard","meta":{"footnotes":""},"categories":[35],"tags":[],"class_list":["post-28284","post","type-post","status-publish","format-standard","has-post-thumbnail","hentry","category-informacion-general"],"yoast_head":"<!-- This site is optimized with the Yoast SEO plugin v27.5 - https:\/\/yoast.com\/product\/yoast-seo-wordpress\/ -->\n<title>Aerol\u00edneas Argentinas hizo su primer vuelo con combustible sostenible | CVI NOTICIAS<\/title>\n<meta name=\"robots\" content=\"index, follow, max-snippet:-1, max-image-preview:large, max-video-preview:-1\" \/>\n<link rel=\"canonical\" href=\"https:\/\/cvinoticias.com\/v3\/aerolineas-argentinas-hizo-su-primer-vuelo-con-combustible-sostenible\/\" \/>\n<meta property=\"og:locale\" content=\"es_ES\" \/>\n<meta property=\"og:type\" content=\"article\" \/>\n<meta property=\"og:title\" content=\"Aerol\u00edneas Argentinas hizo su primer vuelo con combustible sostenible | CVI NOTICIAS\" \/>\n<meta property=\"og:description\" content=\"Aerol\u00edneas Argentinas realiz\u00f3 su primer vuelo con combustible sostenible de aviaci\u00f3n (SAF), derivados de fuentes no f\u00f3siles, en una aeronave que arrib\u00f3 el viernes a la madrugada al Aeropuerto Internacional de Ezeiza, proveniente de Madrid. La meta es alcanzar la neutralidad de carbono en 2050. El vuelo AR1135 marc\u00f3 el inicio de la experimentaci\u00f3n de [&hellip;]\" \/>\n<meta property=\"og:url\" content=\"https:\/\/cvinoticias.com\/v3\/aerolineas-argentinas-hizo-su-primer-vuelo-con-combustible-sostenible\/\" \/>\n<meta property=\"og:site_name\" content=\"CVI NOTICIAS\" \/>\n<meta property=\"article:publisher\" content=\"https:\/\/www.facebook.com\/cvinoticias\" \/>\n<meta property=\"article:published_time\" content=\"2023-09-25T11:49:03+00:00\" \/>\n<meta property=\"og:image\" content=\"https:\/\/cvinoticias.com\/wp-content\/uploads\/2023\/09\/aerolineas-1140x620-1-1086x591-1.jpeg\" \/>\n\t<meta property=\"og:image:width\" content=\"1086\" \/>\n\t<meta property=\"og:image:height\" content=\"591\" \/>\n\t<meta property=\"og:image:type\" content=\"image\/jpeg\" \/>\n<meta name=\"author\" content=\"f1000024\" \/>\n<meta name=\"twitter:card\" content=\"summary_large_image\" \/>\n<meta name=\"twitter:label1\" content=\"Escrito por\" \/>\n\t<meta name=\"twitter:data1\" content=\"f1000024\" \/>\n\t<meta name=\"twitter:label2\" content=\"Tiempo de lectura\" \/>\n\t<meta name=\"twitter:data2\" content=\"3 minutos\" \/>\n<script type=\"application\/ld+json\" class=\"yoast-schema-graph\">{\"@context\":\"https:\\\/\\\/schema.org\",\"@graph\":[{\"@type\":\"Article\",\"@id\":\"https:\\\/\\\/cvinoticias.com\\\/v3\\\/aerolineas-argentinas-hizo-su-primer-vuelo-con-combustible-sostenible\\\/#article\",\"isPartOf\":{\"@id\":\"https:\\\/\\\/cvinoticias.com\\\/v3\\\/aerolineas-argentinas-hizo-su-primer-vuelo-con-combustible-sostenible\\\/\"},\"author\":{\"name\":\"f1000024\",\"@id\":\"https:\\\/\\\/cvinoticias.com\\\/v3\\\/#\\\/schema\\\/person\\\/2db77e3c6bc03c538495d7b2b8be9b66\"},\"headline\":\"Aerol\u00edneas Argentinas hizo su primer vuelo con combustible sostenible\",\"datePublished\":\"2023-09-25T11:49:03+00:00\",\"mainEntityOfPage\":{\"@id\":\"https:\\\/\\\/cvinoticias.com\\\/v3\\\/aerolineas-argentinas-hizo-su-primer-vuelo-con-combustible-sostenible\\\/\"},\"wordCount\":579,\"commentCount\":0,\"publisher\":{\"@id\":\"https:\\\/\\\/cvinoticias.com\\\/v3\\\/#organization\"},\"image\":{\"@id\":\"https:\\\/\\\/cvinoticias.com\\\/v3\\\/aerolineas-argentinas-hizo-su-primer-vuelo-con-combustible-sostenible\\\/#primaryimage\"},\"thumbnailUrl\":\"https:\\\/\\\/cvinoticias.com\\\/wp-content\\\/uploads\\\/2023\\\/09\\\/aerolineas-1140x620-1-1086x591-1.jpeg\",\"articleSection\":[\"Informaci\u00f3n General\"],\"inLanguage\":\"es\",\"potentialAction\":[{\"@type\":\"CommentAction\",\"name\":\"Comment\",\"target\":[\"https:\\\/\\\/cvinoticias.com\\\/v3\\\/aerolineas-argentinas-hizo-su-primer-vuelo-con-combustible-sostenible\\\/#respond\"]}]},{\"@type\":\"WebPage\",\"@id\":\"https:\\\/\\\/cvinoticias.com\\\/v3\\\/aerolineas-argentinas-hizo-su-primer-vuelo-con-combustible-sostenible\\\/\",\"url\":\"https:\\\/\\\/cvinoticias.com\\\/v3\\\/aerolineas-argentinas-hizo-su-primer-vuelo-con-combustible-sostenible\\\/\",\"name\":\"Aerol\u00edneas Argentinas hizo su primer vuelo con combustible sostenible | CVI NOTICIAS\",\"isPartOf\":{\"@id\":\"https:\\\/\\\/cvinoticias.com\\\/v3\\\/#website\"},\"primaryImageOfPage\":{\"@id\":\"https:\\\/\\\/cvinoticias.com\\\/v3\\\/aerolineas-argentinas-hizo-su-primer-vuelo-con-combustible-sostenible\\\/#primaryimage\"},\"image\":{\"@id\":\"https:\\\/\\\/cvinoticias.com\\\/v3\\\/aerolineas-argentinas-hizo-su-primer-vuelo-con-combustible-sostenible\\\/#primaryimage\"},\"thumbnailUrl\":\"https:\\\/\\\/cvinoticias.com\\\/wp-content\\\/uploads\\\/2023\\\/09\\\/aerolineas-1140x620-1-1086x591-1.jpeg\",\"datePublished\":\"2023-09-25T11:49:03+00:00\",\"breadcrumb\":{\"@id\":\"https:\\\/\\\/cvinoticias.com\\\/v3\\\/aerolineas-argentinas-hizo-su-primer-vuelo-con-combustible-sostenible\\\/#breadcrumb\"},\"inLanguage\":\"es\",\"potentialAction\":[{\"@type\":\"ReadAction\",\"target\":[\"https:\\\/\\\/cvinoticias.com\\\/v3\\\/aerolineas-argentinas-hizo-su-primer-vuelo-con-combustible-sostenible\\\/\"]}]},{\"@type\":\"ImageObject\",\"inLanguage\":\"es\",\"@id\":\"https:\\\/\\\/cvinoticias.com\\\/v3\\\/aerolineas-argentinas-hizo-su-primer-vuelo-con-combustible-sostenible\\\/#primaryimage\",\"url\":\"https:\\\/\\\/cvinoticias.com\\\/wp-content\\\/uploads\\\/2023\\\/09\\\/aerolineas-1140x620-1-1086x591-1.jpeg\",\"contentUrl\":\"https:\\\/\\\/cvinoticias.com\\\/wp-content\\\/uploads\\\/2023\\\/09\\\/aerolineas-1140x620-1-1086x591-1.jpeg\",\"width\":1086,\"height\":591},{\"@type\":\"BreadcrumbList\",\"@id\":\"https:\\\/\\\/cvinoticias.com\\\/v3\\\/aerolineas-argentinas-hizo-su-primer-vuelo-con-combustible-sostenible\\\/#breadcrumb\",\"itemListElement\":[{\"@type\":\"ListItem\",\"position\":1,\"name\":\"Portada\",\"item\":\"https:\\\/\\\/cvinoticias.com\\\/v3\\\/\"},{\"@type\":\"ListItem\",\"position\":2,\"name\":\"Aerol\u00edneas Argentinas hizo su primer vuelo con combustible sostenible\"}]},{\"@type\":\"WebSite\",\"@id\":\"https:\\\/\\\/cvinoticias.com\\\/v3\\\/#website\",\"url\":\"https:\\\/\\\/cvinoticias.com\\\/v3\\\/\",\"name\":\"CVI NOTICIAS\",\"description\":\"\",\"publisher\":{\"@id\":\"https:\\\/\\\/cvinoticias.com\\\/v3\\\/#organization\"},\"alternateName\":\"CVI\",\"potentialAction\":[{\"@type\":\"SearchAction\",\"target\":{\"@type\":\"EntryPoint\",\"urlTemplate\":\"https:\\\/\\\/cvinoticias.com\\\/v3\\\/?s={search_term_string}\"},\"query-input\":{\"@type\":\"PropertyValueSpecification\",\"valueRequired\":true,\"valueName\":\"search_term_string\"}}],\"inLanguage\":\"es\"},{\"@type\":\"Organization\",\"@id\":\"https:\\\/\\\/cvinoticias.com\\\/v3\\\/#organization\",\"name\":\"CVI NOTICIAS\",\"url\":\"https:\\\/\\\/cvinoticias.com\\\/v3\\\/\",\"logo\":{\"@type\":\"ImageObject\",\"inLanguage\":\"es\",\"@id\":\"https:\\\/\\\/cvinoticias.com\\\/v3\\\/#\\\/schema\\\/logo\\\/image\\\/\",\"url\":\"https:\\\/\\\/cvinoticias.com\\\/wp-content\\\/uploads\\\/2023\\\/04\\\/cropped-cropped-cropped-cropped-cropped-3-1.png\",\"contentUrl\":\"https:\\\/\\\/cvinoticias.com\\\/wp-content\\\/uploads\\\/2023\\\/04\\\/cropped-cropped-cropped-cropped-cropped-3-1.png\",\"width\":95,\"height\":122,\"caption\":\"CVI NOTICIAS\"},\"image\":{\"@id\":\"https:\\\/\\\/cvinoticias.com\\\/v3\\\/#\\\/schema\\\/logo\\\/image\\\/\"},\"sameAs\":[\"https:\\\/\\\/www.facebook.com\\\/cvinoticias\",\"https:\\\/\\\/www.instagram.com\\\/cvinoticias\\\/\",\"https:\\\/\\\/www.youtube.com\\\/@CVINOTICIAS\"]},{\"@type\":\"Person\",\"@id\":\"https:\\\/\\\/cvinoticias.com\\\/v3\\\/#\\\/schema\\\/person\\\/2db77e3c6bc03c538495d7b2b8be9b66\",\"name\":\"f1000024\",\"image\":{\"@type\":\"ImageObject\",\"inLanguage\":\"es\",\"@id\":\"https:\\\/\\\/secure.gravatar.com\\\/avatar\\\/d4fe7459cfc51ff5129ce1a732bbef5928568b8092d412ef95611616376bbeed?s=96&d=mm&r=g\",\"url\":\"https:\\\/\\\/secure.gravatar.com\\\/avatar\\\/d4fe7459cfc51ff5129ce1a732bbef5928568b8092d412ef95611616376bbeed?s=96&d=mm&r=g\",\"contentUrl\":\"https:\\\/\\\/secure.gravatar.com\\\/avatar\\\/d4fe7459cfc51ff5129ce1a732bbef5928568b8092d412ef95611616376bbeed?s=96&d=mm&r=g\",\"caption\":\"f1000024\"},\"url\":\"https:\\\/\\\/cvinoticias.com\\\/v3\\\/author\\\/f1000024\\\/\"}]}<\/script>\n<!-- \/ Yoast SEO plugin. -->","yoast_head_json":{"title":"Aerol\u00edneas Argentinas hizo su primer vuelo con combustible sostenible | CVI NOTICIAS","robots":{"index":"index","follow":"follow","max-snippet":"max-snippet:-1","max-image-preview":"max-image-preview:large","max-video-preview":"max-video-preview:-1"},"canonical":"https:\/\/cvinoticias.com\/v3\/aerolineas-argentinas-hizo-su-primer-vuelo-con-combustible-sostenible\/","og_locale":"es_ES","og_type":"article","og_title":"Aerol\u00edneas Argentinas hizo su primer vuelo con combustible sostenible | CVI NOTICIAS","og_description":"Aerol\u00edneas Argentinas realiz\u00f3 su primer vuelo con combustible sostenible de aviaci\u00f3n (SAF), derivados de fuentes no f\u00f3siles, en una aeronave que arrib\u00f3 el viernes a la madrugada al Aeropuerto Internacional de Ezeiza, proveniente de Madrid. La meta es alcanzar la neutralidad de carbono en 2050. El vuelo AR1135 marc\u00f3 el inicio de la experimentaci\u00f3n de [&hellip;]","og_url":"https:\/\/cvinoticias.com\/v3\/aerolineas-argentinas-hizo-su-primer-vuelo-con-combustible-sostenible\/","og_site_name":"CVI NOTICIAS","article_publisher":"https:\/\/www.facebook.com\/cvinoticias","article_published_time":"2023-09-25T11:49:03+00:00","og_image":[{"width":1086,"height":591,"url":"https:\/\/cvinoticias.com\/wp-content\/uploads\/2023\/09\/aerolineas-1140x620-1-1086x591-1.jpeg","type":"image\/jpeg"}],"author":"f1000024","twitter_card":"summary_large_image","twitter_misc":{"Escrito por":"f1000024","Tiempo de lectura":"3 minutos"},"schema":{"@context":"https:\/\/schema.org","@graph":[{"@type":"Article","@id":"https:\/\/cvinoticias.com\/v3\/aerolineas-argentinas-hizo-su-primer-vuelo-con-combustible-sostenible\/#article","isPartOf":{"@id":"https:\/\/cvinoticias.com\/v3\/aerolineas-argentinas-hizo-su-primer-vuelo-con-combustible-sostenible\/"},"author":{"name":"f1000024","@id":"https:\/\/cvinoticias.com\/v3\/#\/schema\/person\/2db77e3c6bc03c538495d7b2b8be9b66"},"headline":"Aerol\u00edneas Argentinas hizo su primer vuelo con combustible sostenible","datePublished":"2023-09-25T11:49:03+00:00","mainEntityOfPage":{"@id":"https:\/\/cvinoticias.com\/v3\/aerolineas-argentinas-hizo-su-primer-vuelo-con-combustible-sostenible\/"},"wordCount":579,"commentCount":0,"publisher":{"@id":"https:\/\/cvinoticias.com\/v3\/#organization"},"image":{"@id":"https:\/\/cvinoticias.com\/v3\/aerolineas-argentinas-hizo-su-primer-vuelo-con-combustible-sostenible\/#primaryimage"},"thumbnailUrl":"https:\/\/cvinoticias.com\/wp-content\/uploads\/2023\/09\/aerolineas-1140x620-1-1086x591-1.jpeg","articleSection":["Informaci\u00f3n General"],"inLanguage":"es","potentialAction":[{"@type":"CommentAction","name":"Comment","target":["https:\/\/cvinoticias.com\/v3\/aerolineas-argentinas-hizo-su-primer-vuelo-con-combustible-sostenible\/#respond"]}]},{"@type":"WebPage","@id":"https:\/\/cvinoticias.com\/v3\/aerolineas-argentinas-hizo-su-primer-vuelo-con-combustible-sostenible\/","url":"https:\/\/cvinoticias.com\/v3\/aerolineas-argentinas-hizo-su-primer-vuelo-con-combustible-sostenible\/","name":"Aerol\u00edneas Argentinas hizo su primer vuelo con combustible sostenible | CVI NOTICIAS","isPartOf":{"@id":"https:\/\/cvinoticias.com\/v3\/#website"},"primaryImageOfPage":{"@id":"https:\/\/cvinoticias.com\/v3\/aerolineas-argentinas-hizo-su-primer-vuelo-con-combustible-sostenible\/#primaryimage"},"image":{"@id":"https:\/\/cvinoticias.com\/v3\/aerolineas-argentinas-hizo-su-primer-vuelo-con-combustible-sostenible\/#primaryimage"},"thumbnailUrl":"https:\/\/cvinoticias.com\/wp-content\/uploads\/2023\/09\/aerolineas-1140x620-1-1086x591-1.jpeg","datePublished":"2023-09-25T11:49:03+00:00","breadcrumb":{"@id":"https:\/\/cvinoticias.com\/v3\/aerolineas-argentinas-hizo-su-primer-vuelo-con-combustible-sostenible\/#breadcrumb"},"inLanguage":"es","potentialAction":[{"@type":"ReadAction","target":["https:\/\/cvinoticias.com\/v3\/aerolineas-argentinas-hizo-su-primer-vuelo-con-combustible-sostenible\/"]}]},{"@type":"ImageObject","inLanguage":"es","@id":"https:\/\/cvinoticias.com\/v3\/aerolineas-argentinas-hizo-su-primer-vuelo-con-combustible-sostenible\/#primaryimage","url":"https:\/\/cvinoticias.com\/wp-content\/uploads\/2023\/09\/aerolineas-1140x620-1-1086x591-1.jpeg","contentUrl":"https:\/\/cvinoticias.com\/wp-content\/uploads\/2023\/09\/aerolineas-1140x620-1-1086x591-1.jpeg","width":1086,"height":591},{"@type":"BreadcrumbList","@id":"https:\/\/cvinoticias.com\/v3\/aerolineas-argentinas-hizo-su-primer-vuelo-con-combustible-sostenible\/#breadcrumb","itemListElement":[{"@type":"ListItem","position":1,"name":"Portada","item":"https:\/\/cvinoticias.com\/v3\/"},{"@type":"ListItem","position":2,"name":"Aerol\u00edneas Argentinas hizo su primer vuelo con combustible sostenible"}]},{"@type":"WebSite","@id":"https:\/\/cvinoticias.com\/v3\/#website","url":"https:\/\/cvinoticias.com\/v3\/","name":"CVI NOTICIAS","description":"","publisher":{"@id":"https:\/\/cvinoticias.com\/v3\/#organization"},"alternateName":"CVI","potentialAction":[{"@type":"SearchAction","target":{"@type":"EntryPoint","urlTemplate":"https:\/\/cvinoticias.com\/v3\/?s={search_term_string}"},"query-input":{"@type":"PropertyValueSpecification","valueRequired":true,"valueName":"search_term_string"}}],"inLanguage":"es"},{"@type":"Organization","@id":"https:\/\/cvinoticias.com\/v3\/#organization","name":"CVI NOTICIAS","url":"https:\/\/cvinoticias.com\/v3\/","logo":{"@type":"ImageObject","inLanguage":"es","@id":"https:\/\/cvinoticias.com\/v3\/#\/schema\/logo\/image\/","url":"https:\/\/cvinoticias.com\/wp-content\/uploads\/2023\/04\/cropped-cropped-cropped-cropped-cropped-3-1.png","contentUrl":"https:\/\/cvinoticias.com\/wp-content\/uploads\/2023\/04\/cropped-cropped-cropped-cropped-cropped-3-1.png","width":95,"height":122,"caption":"CVI NOTICIAS"},"image":{"@id":"https:\/\/cvinoticias.com\/v3\/#\/schema\/logo\/image\/"},"sameAs":["https:\/\/www.facebook.com\/cvinoticias","https:\/\/www.instagram.com\/cvinoticias\/","https:\/\/www.youtube.com\/@CVINOTICIAS"]},{"@type":"Person","@id":"https:\/\/cvinoticias.com\/v3\/#\/schema\/person\/2db77e3c6bc03c538495d7b2b8be9b66","name":"f1000024","image":{"@type":"ImageObject","inLanguage":"es","@id":"https:\/\/secure.gravatar.com\/avatar\/d4fe7459cfc51ff5129ce1a732bbef5928568b8092d412ef95611616376bbeed?s=96&d=mm&r=g","url":"https:\/\/secure.gravatar.com\/avatar\/d4fe7459cfc51ff5129ce1a732bbef5928568b8092d412ef95611616376bbeed?s=96&d=mm&r=g","contentUrl":"https:\/\/secure.gravatar.com\/avatar\/d4fe7459cfc51ff5129ce1a732bbef5928568b8092d412ef95611616376bbeed?s=96&d=mm&r=g","caption":"f1000024"},"url":"https:\/\/cvinoticias.com\/v3\/author\/f1000024\/"}]}},"_links":{"self":[{"href":"https:\/\/cvinoticias.com\/v3\/wp-json\/wp\/v2\/posts\/28284","targetHints":{"allow":["GET"]}}],"collection":[{"href":"https:\/\/cvinoticias.com\/v3\/wp-json\/wp\/v2\/posts"}],"about":[{"href":"https:\/\/cvinoticias.com\/v3\/wp-json\/wp\/v2\/types\/post"}],"author":[{"embeddable":true,"href":"https:\/\/cvinoticias.com\/v3\/wp-json\/wp\/v2\/users\/2"}],"replies":[{"embeddable":true,"href":"https:\/\/cvinoticias.com\/v3\/wp-json\/wp\/v2\/comments?post=28284"}],"version-history":[{"count":1,"href":"https:\/\/cvinoticias.com\/v3\/wp-json\/wp\/v2\/posts\/28284\/revisions"}],"predecessor-version":[{"id":28286,"href":"https:\/\/cvinoticias.com\/v3\/wp-json\/wp\/v2\/posts\/28284\/revisions\/28286"}],"wp:featuredmedia":[{"embeddable":true,"href":"https:\/\/cvinoticias.com\/v3\/wp-json\/wp\/v2\/media\/28285"}],"wp:attachment":[{"href":"https:\/\/cvinoticias.com\/v3\/wp-json\/wp\/v2\/media?parent=28284"}],"wp:term":[{"taxonomy":"category","embeddable":true,"href":"https:\/\/cvinoticias.com\/v3\/wp-json\/wp\/v2\/categories?post=28284"},{"taxonomy":"post_tag","embeddable":true,"href":"https:\/\/cvinoticias.com\/v3\/wp-json\/wp\/v2\/tags?post=28284"}],"curies":[{"name":"wp","href":"https:\/\/api.w.org\/{rel}","templated":true}]}}