{"id":28281,"date":"2023-09-25T11:32:51","date_gmt":"2023-09-25T11:32:51","guid":{"rendered":"https:\/\/cvinoticias.com\/v3\/?p=28281"},"modified":"2023-09-25T11:32:51","modified_gmt":"2023-09-25T11:32:51","slug":"juntos-por-el-cambio-suma-otra-victoria-cornejo-sera-el-proximo-gobernador-de-mendoza","status":"publish","type":"post","link":"https:\/\/cvinoticias.com\/v3\/juntos-por-el-cambio-suma-otra-victoria-cornejo-sera-el-proximo-gobernador-de-mendoza\/","title":{"rendered":"Juntos por el Cambio suma otra victoria: Cornejo ser\u00e1 el pr\u00f3ximo gobernador de Mendoza"},"content":{"rendered":"\n<p><strong><em>El radical Alfredo Cornejo volvi\u00f3 a convertirse en gobernador de Mendoza al imponerse por alrededor de diez puntos a Omar de Marchi en las elecciones provinciales que se celebraron este domingo. Cornejo, de Cambia Mendoza, obten\u00eda el 39,85% de los votos, con el 75,77% de las mesas escrutadas, y lo segu\u00eda el candidato de Uni\u00f3n Mendocina, Omar De Marchi, con el 29,49%.<\/em><\/strong><\/p>\n\n\n\n<p><br>En tercer lugar, se posicionaba el peronista Omar Parisi con el 14,9%. En cuarta posici\u00f3n quedaba Mario Vadillo, del Partido Verde, con el 11,7% y en \u00faltimo lugar se ubicaba Leandro Jim\u00e9nez, del Frente de Izquierda, con el 4,1.<\/p>\n\n\n\n<p>Adem\u00e1s de la f\u00f3rmula a la gobernaci\u00f3n en Mendoza, se vot\u00f3 la renovaci\u00f3n de la mitad de los integrantes de sus c\u00e1maras de senadores y diputados provinciales e intendentes y concejales en once municipios que no desdoblaron sus comicios locales de los provinciales.<\/p>\n\n\n\n<p>Este domingo volvi\u00f3 a utilizarse la boleta \u00fanica de papel, que hab\u00eda sido estrenada en las PASO, ocasi\u00f3n en la que se registr\u00f3 poco m\u00e1s de un 66% de asistencia del padr\u00f3n electoral. \u00abCreemos que estamos en un porcentaje de alrededor del 71%\u00bb, dijo a la prensa local el Secretario de la Junta Electoral, Jorge Albarrac\u00edn, quien destac\u00f3 que el guarismo super\u00f3 al de las primarias del 11 de junio.<\/p>\n\n\n\n<p>El pron\u00f3stico de Bullrich<\/p>\n\n\n\n<p>Con el triunfo de Cornejo, Juntos por el Cambio contin\u00faa con la ola de buenos resultados provinciales y aspira que impulse la candidatura presidencial de Patricia Bullrich, que estuvo en el b\u00fanker del senador radical junto a su compa\u00f1ero de f\u00f3rmula, Luis Petri, tambi\u00e9n mendocino.<\/p>\n\n\n\n<p>\u00abQuiero felicitar a los mendocinos por haber elegido a la f\u00f3rmula de Alfredo Cornejo y Hebe Casado para los pr\u00f3ximos cuatro a\u00f1os. Felicitar la tarea de Rodolfo (Su\u00e1rez) como gobernador y a todos los que han ganado intendencias que parec\u00edan imposibles\u00bb, expres\u00f3 Bullrich. Y sigui\u00f3: \u00abHan logrado sumar una provincia m\u00e1s al cambio que est\u00e1 en marcha en provincias como nunca tuvo Juntos por el Cambio\u00bb.<\/p>\n\n\n\n<p>\u00abEste es un camino que estamos recorriendo, que nosotros hemos logrado conformar una fuerza en base a una fuerte lucha en la Argentina\u00bb, agreg\u00f3 en compa\u00f1\u00eda con la f\u00f3rmula ganadora. Adem\u00e1s, destac\u00f3 que la \u00ablucha que se dio en cada uno de los pasos, para ir en contra de aquellos que son irresponsables econ\u00f3micamente\u00bb.<\/p>\n\n\n\n<p>\u00abQueda la Ciudad de Buenos Aires, la provincia de Entre R\u00edos y la Provincia de Buenos Aires. Con estas tres provincias que vamos a ganar, vamos a lograr un triunfo contundente en las elecciones nacionales\u00bb, vaticin\u00f3.<\/p>\n\n\n\n<p>Mensaje de la dupla ganadora<\/p>\n\n\n\n<p>El flamante gobernador electo celebr\u00f3 su triunfo y lo nacionaliz\u00f3: \u00abQueremos pedirle a los mendocinos, pero tambi\u00e9n a los argentinos, que hagamos un cambio seguro, un cambio sostenido de la Argentina, para que no estemos en vaivenes, subidas y bajadas, con peligro de vuelta al populismo en muy poco tiempo\u00bb.<\/p>\n\n\n\n<p>\u00abAc\u00e1 hay un equipo para gobernar la Argentina. Hay un equipo que puede sacar adelante al pa\u00eds. No s\u00f3lo con bronca vamos a sacar adelante al pa\u00eds. Lo vamos a sacar con ideas, con proyectos\u00bb, agreg\u00f3 Cornejo.<\/p>\n\n\n\n<p>Adem\u00e1s del binomio presidencialista de JxC, Cornejo fue acompa\u00f1ado por Gustavo Vald\u00e9s, gobernador reelecto de Corrientes, y dirigente de la primera l\u00ednea de la coalici\u00f3n opositora.<\/p>\n\n\n\n<p>\u00abMe llena de orgullo, pero me genera compromiso. Mucho m\u00e1s compromiso del que ya tengo por el servicio p\u00fablico, al que amo, al que me he preparado profesionalmente y el que hemos construido con un equipo que sin duda alguna me sobrepasa a m\u00ed\u00bb, reflexion\u00f3 Cornejo, que ya gobern\u00f3 la provincia entre 2015 y 2019.<\/p>\n\n\n\n<p>A su vez, la vicegobernadora electa, Hebe Casado, pronunci\u00f3 un breve discurso en el que apunt\u00f3 contra De Marchi: \u00abA cada uno de los mendocinos, esto es gracias a Alfredo Cornejo, que es un estadista, es una persona que ve m\u00e1s all\u00e1 que el resto de nosotros, y por eso lo acompa\u00f1\u00e9\u00bb.<\/p>\n\n\n\n<p>\u00abAgradecerle a Patricia (Bullrich) por la confianza, porque a pesar de todos los palos en las ruedas que me puso De Marchi, estoy ac\u00e1. Un saludo enorme para De Marchi. Muchas gracias\u00bb, dispar\u00f3 Casado.<\/p>\n\n\n\n<p>De Marchi, conforme<\/p>\n\n\n\n<p>Pasadas las 22 horas, el ex l\u00edder del PRO local y actual referente de Uni\u00f3n Mendocina se subi\u00f3 al escenario de su b\u00fanker y agradeci\u00f3 a los mendocinos que lo acompa\u00f1aron: \u00abEs bueno lo que nos ha pasado, obviamente quer\u00edamos ganar, no vamos a pecar de humildes. Quer\u00edamos ganar, claro que quer\u00edamos ganar. Trabajamos para eso\u00bb.<\/p>\n\n\n\n<p>\u00abLa Uni\u00f3n Mendocina tiene solo 160 d\u00edas y no es el cambio de nombre de un partido preexistente, es el nacimiento de una nueva fuerza que ha llegado a la provincia para instalarse con fuerza, y nuestro punto de partida es, nada m\u00e1s y nada menos, que el 30% de los mendocinos que nos han acompa\u00f1ado desde este inicio\u00bb, inici\u00f3 De Marchi.<\/p>\n\n\n\n<p>Para el legislador nacional, ser\u00e1 la \u00abprimera vez en 8 a\u00f1os\u00bb que la Provincia de Mendoza tendr\u00e1 \u00abuna oposici\u00f3n seria, responsable, sustanciada con los intereses de locales\u00bb.<\/p>\n","protected":false},"excerpt":{"rendered":"<p>El radical Alfredo Cornejo volvi\u00f3 a convertirse en gobernador de Mendoza al imponerse por alrededor de diez puntos a Omar de Marchi en las elecciones provinciales que se celebraron este domingo. Cornejo, de Cambia Mendoza, obten\u00eda el 39,85% de los votos, con el 75,77% de las mesas escrutadas, y lo segu\u00eda el candidato de Uni\u00f3n [&hellip;]<\/p>\n","protected":false},"author":2,"featured_media":28282,"comment_status":"open","ping_status":"open","sticky":false,"template":"","format":"standard","meta":{"footnotes":""},"categories":[39],"tags":[],"class_list":["post-28281","post","type-post","status-publish","format-standard","has-post-thumbnail","hentry","category-nacionales"],"yoast_head":"<!-- This site is optimized with the Yoast SEO plugin v27.5 - https:\/\/yoast.com\/product\/yoast-seo-wordpress\/ -->\n<title>Juntos por el Cambio suma otra victoria: Cornejo ser\u00e1 el pr\u00f3ximo gobernador de Mendoza | CVI NOTICIAS<\/title>\n<meta name=\"robots\" content=\"index, follow, max-snippet:-1, max-image-preview:large, max-video-preview:-1\" \/>\n<link rel=\"canonical\" href=\"https:\/\/cvinoticias.com\/v3\/juntos-por-el-cambio-suma-otra-victoria-cornejo-sera-el-proximo-gobernador-de-mendoza\/\" \/>\n<meta property=\"og:locale\" content=\"es_ES\" \/>\n<meta property=\"og:type\" content=\"article\" \/>\n<meta property=\"og:title\" content=\"Juntos por el Cambio suma otra victoria: Cornejo ser\u00e1 el pr\u00f3ximo gobernador de Mendoza | CVI NOTICIAS\" \/>\n<meta property=\"og:description\" content=\"El radical Alfredo Cornejo volvi\u00f3 a convertirse en gobernador de Mendoza al imponerse por alrededor de diez puntos a Omar de Marchi en las elecciones provinciales que se celebraron este domingo. Cornejo, de Cambia Mendoza, obten\u00eda el 39,85% de los votos, con el 75,77% de las mesas escrutadas, y lo segu\u00eda el candidato de Uni\u00f3n [&hellip;]\" \/>\n<meta property=\"og:url\" content=\"https:\/\/cvinoticias.com\/v3\/juntos-por-el-cambio-suma-otra-victoria-cornejo-sera-el-proximo-gobernador-de-mendoza\/\" \/>\n<meta property=\"og:site_name\" content=\"CVI NOTICIAS\" \/>\n<meta property=\"article:publisher\" content=\"https:\/\/www.facebook.com\/cvinoticias\" \/>\n<meta property=\"article:published_time\" content=\"2023-09-25T11:32:51+00:00\" \/>\n<meta property=\"og:image\" content=\"https:\/\/cvinoticias.com\/wp-content\/uploads\/2023\/09\/alfredo-cornejo-gano-la-eleccion-en-mendoza-2023-42GCKEKZ3JHTNA5GZ3QNA2NRZU.jpeg\" \/>\n\t<meta property=\"og:image:width\" content=\"420\" \/>\n\t<meta property=\"og:image:height\" content=\"280\" \/>\n\t<meta property=\"og:image:type\" content=\"image\/jpeg\" \/>\n<meta name=\"author\" content=\"f1000024\" \/>\n<meta name=\"twitter:card\" content=\"summary_large_image\" \/>\n<meta name=\"twitter:label1\" content=\"Escrito por\" \/>\n\t<meta name=\"twitter:data1\" content=\"f1000024\" \/>\n\t<meta name=\"twitter:label2\" content=\"Tiempo de lectura\" \/>\n\t<meta name=\"twitter:data2\" content=\"4 minutos\" \/>\n<script type=\"application\/ld+json\" class=\"yoast-schema-graph\">{\"@context\":\"https:\\\/\\\/schema.org\",\"@graph\":[{\"@type\":\"Article\",\"@id\":\"https:\\\/\\\/cvinoticias.com\\\/v3\\\/juntos-por-el-cambio-suma-otra-victoria-cornejo-sera-el-proximo-gobernador-de-mendoza\\\/#article\",\"isPartOf\":{\"@id\":\"https:\\\/\\\/cvinoticias.com\\\/v3\\\/juntos-por-el-cambio-suma-otra-victoria-cornejo-sera-el-proximo-gobernador-de-mendoza\\\/\"},\"author\":{\"name\":\"f1000024\",\"@id\":\"https:\\\/\\\/cvinoticias.com\\\/v3\\\/#\\\/schema\\\/person\\\/2db77e3c6bc03c538495d7b2b8be9b66\"},\"headline\":\"Juntos por el Cambio suma otra victoria: Cornejo ser\u00e1 el pr\u00f3ximo gobernador de Mendoza\",\"datePublished\":\"2023-09-25T11:32:51+00:00\",\"mainEntityOfPage\":{\"@id\":\"https:\\\/\\\/cvinoticias.com\\\/v3\\\/juntos-por-el-cambio-suma-otra-victoria-cornejo-sera-el-proximo-gobernador-de-mendoza\\\/\"},\"wordCount\":883,\"commentCount\":0,\"publisher\":{\"@id\":\"https:\\\/\\\/cvinoticias.com\\\/v3\\\/#organization\"},\"image\":{\"@id\":\"https:\\\/\\\/cvinoticias.com\\\/v3\\\/juntos-por-el-cambio-suma-otra-victoria-cornejo-sera-el-proximo-gobernador-de-mendoza\\\/#primaryimage\"},\"thumbnailUrl\":\"https:\\\/\\\/cvinoticias.com\\\/wp-content\\\/uploads\\\/2023\\\/09\\\/alfredo-cornejo-gano-la-eleccion-en-mendoza-2023-42GCKEKZ3JHTNA5GZ3QNA2NRZU.jpeg\",\"articleSection\":[\"Nacionales\"],\"inLanguage\":\"es\",\"potentialAction\":[{\"@type\":\"CommentAction\",\"name\":\"Comment\",\"target\":[\"https:\\\/\\\/cvinoticias.com\\\/v3\\\/juntos-por-el-cambio-suma-otra-victoria-cornejo-sera-el-proximo-gobernador-de-mendoza\\\/#respond\"]}]},{\"@type\":\"WebPage\",\"@id\":\"https:\\\/\\\/cvinoticias.com\\\/v3\\\/juntos-por-el-cambio-suma-otra-victoria-cornejo-sera-el-proximo-gobernador-de-mendoza\\\/\",\"url\":\"https:\\\/\\\/cvinoticias.com\\\/v3\\\/juntos-por-el-cambio-suma-otra-victoria-cornejo-sera-el-proximo-gobernador-de-mendoza\\\/\",\"name\":\"Juntos por el Cambio suma otra victoria: Cornejo ser\u00e1 el pr\u00f3ximo gobernador de Mendoza | CVI NOTICIAS\",\"isPartOf\":{\"@id\":\"https:\\\/\\\/cvinoticias.com\\\/v3\\\/#website\"},\"primaryImageOfPage\":{\"@id\":\"https:\\\/\\\/cvinoticias.com\\\/v3\\\/juntos-por-el-cambio-suma-otra-victoria-cornejo-sera-el-proximo-gobernador-de-mendoza\\\/#primaryimage\"},\"image\":{\"@id\":\"https:\\\/\\\/cvinoticias.com\\\/v3\\\/juntos-por-el-cambio-suma-otra-victoria-cornejo-sera-el-proximo-gobernador-de-mendoza\\\/#primaryimage\"},\"thumbnailUrl\":\"https:\\\/\\\/cvinoticias.com\\\/wp-content\\\/uploads\\\/2023\\\/09\\\/alfredo-cornejo-gano-la-eleccion-en-mendoza-2023-42GCKEKZ3JHTNA5GZ3QNA2NRZU.jpeg\",\"datePublished\":\"2023-09-25T11:32:51+00:00\",\"breadcrumb\":{\"@id\":\"https:\\\/\\\/cvinoticias.com\\\/v3\\\/juntos-por-el-cambio-suma-otra-victoria-cornejo-sera-el-proximo-gobernador-de-mendoza\\\/#breadcrumb\"},\"inLanguage\":\"es\",\"potentialAction\":[{\"@type\":\"ReadAction\",\"target\":[\"https:\\\/\\\/cvinoticias.com\\\/v3\\\/juntos-por-el-cambio-suma-otra-victoria-cornejo-sera-el-proximo-gobernador-de-mendoza\\\/\"]}]},{\"@type\":\"ImageObject\",\"inLanguage\":\"es\",\"@id\":\"https:\\\/\\\/cvinoticias.com\\\/v3\\\/juntos-por-el-cambio-suma-otra-victoria-cornejo-sera-el-proximo-gobernador-de-mendoza\\\/#primaryimage\",\"url\":\"https:\\\/\\\/cvinoticias.com\\\/wp-content\\\/uploads\\\/2023\\\/09\\\/alfredo-cornejo-gano-la-eleccion-en-mendoza-2023-42GCKEKZ3JHTNA5GZ3QNA2NRZU.jpeg\",\"contentUrl\":\"https:\\\/\\\/cvinoticias.com\\\/wp-content\\\/uploads\\\/2023\\\/09\\\/alfredo-cornejo-gano-la-eleccion-en-mendoza-2023-42GCKEKZ3JHTNA5GZ3QNA2NRZU.jpeg\",\"width\":420,\"height\":280},{\"@type\":\"BreadcrumbList\",\"@id\":\"https:\\\/\\\/cvinoticias.com\\\/v3\\\/juntos-por-el-cambio-suma-otra-victoria-cornejo-sera-el-proximo-gobernador-de-mendoza\\\/#breadcrumb\",\"itemListElement\":[{\"@type\":\"ListItem\",\"position\":1,\"name\":\"Portada\",\"item\":\"https:\\\/\\\/cvinoticias.com\\\/v3\\\/\"},{\"@type\":\"ListItem\",\"position\":2,\"name\":\"Juntos por el Cambio suma otra victoria: Cornejo ser\u00e1 el pr\u00f3ximo gobernador de Mendoza\"}]},{\"@type\":\"WebSite\",\"@id\":\"https:\\\/\\\/cvinoticias.com\\\/v3\\\/#website\",\"url\":\"https:\\\/\\\/cvinoticias.com\\\/v3\\\/\",\"name\":\"CVI NOTICIAS\",\"description\":\"\",\"publisher\":{\"@id\":\"https:\\\/\\\/cvinoticias.com\\\/v3\\\/#organization\"},\"alternateName\":\"CVI\",\"potentialAction\":[{\"@type\":\"SearchAction\",\"target\":{\"@type\":\"EntryPoint\",\"urlTemplate\":\"https:\\\/\\\/cvinoticias.com\\\/v3\\\/?s={search_term_string}\"},\"query-input\":{\"@type\":\"PropertyValueSpecification\",\"valueRequired\":true,\"valueName\":\"search_term_string\"}}],\"inLanguage\":\"es\"},{\"@type\":\"Organization\",\"@id\":\"https:\\\/\\\/cvinoticias.com\\\/v3\\\/#organization\",\"name\":\"CVI NOTICIAS\",\"url\":\"https:\\\/\\\/cvinoticias.com\\\/v3\\\/\",\"logo\":{\"@type\":\"ImageObject\",\"inLanguage\":\"es\",\"@id\":\"https:\\\/\\\/cvinoticias.com\\\/v3\\\/#\\\/schema\\\/logo\\\/image\\\/\",\"url\":\"https:\\\/\\\/cvinoticias.com\\\/wp-content\\\/uploads\\\/2023\\\/04\\\/cropped-cropped-cropped-cropped-cropped-3-1.png\",\"contentUrl\":\"https:\\\/\\\/cvinoticias.com\\\/wp-content\\\/uploads\\\/2023\\\/04\\\/cropped-cropped-cropped-cropped-cropped-3-1.png\",\"width\":95,\"height\":122,\"caption\":\"CVI NOTICIAS\"},\"image\":{\"@id\":\"https:\\\/\\\/cvinoticias.com\\\/v3\\\/#\\\/schema\\\/logo\\\/image\\\/\"},\"sameAs\":[\"https:\\\/\\\/www.facebook.com\\\/cvinoticias\",\"https:\\\/\\\/www.instagram.com\\\/cvinoticias\\\/\",\"https:\\\/\\\/www.youtube.com\\\/@CVINOTICIAS\"]},{\"@type\":\"Person\",\"@id\":\"https:\\\/\\\/cvinoticias.com\\\/v3\\\/#\\\/schema\\\/person\\\/2db77e3c6bc03c538495d7b2b8be9b66\",\"name\":\"f1000024\",\"image\":{\"@type\":\"ImageObject\",\"inLanguage\":\"es\",\"@id\":\"https:\\\/\\\/secure.gravatar.com\\\/avatar\\\/d4fe7459cfc51ff5129ce1a732bbef5928568b8092d412ef95611616376bbeed?s=96&d=mm&r=g\",\"url\":\"https:\\\/\\\/secure.gravatar.com\\\/avatar\\\/d4fe7459cfc51ff5129ce1a732bbef5928568b8092d412ef95611616376bbeed?s=96&d=mm&r=g\",\"contentUrl\":\"https:\\\/\\\/secure.gravatar.com\\\/avatar\\\/d4fe7459cfc51ff5129ce1a732bbef5928568b8092d412ef95611616376bbeed?s=96&d=mm&r=g\",\"caption\":\"f1000024\"},\"url\":\"https:\\\/\\\/cvinoticias.com\\\/v3\\\/author\\\/f1000024\\\/\"}]}<\/script>\n<!-- \/ Yoast SEO plugin. -->","yoast_head_json":{"title":"Juntos por el Cambio suma otra victoria: Cornejo ser\u00e1 el pr\u00f3ximo gobernador de Mendoza | CVI NOTICIAS","robots":{"index":"index","follow":"follow","max-snippet":"max-snippet:-1","max-image-preview":"max-image-preview:large","max-video-preview":"max-video-preview:-1"},"canonical":"https:\/\/cvinoticias.com\/v3\/juntos-por-el-cambio-suma-otra-victoria-cornejo-sera-el-proximo-gobernador-de-mendoza\/","og_locale":"es_ES","og_type":"article","og_title":"Juntos por el Cambio suma otra victoria: Cornejo ser\u00e1 el pr\u00f3ximo gobernador de Mendoza | CVI NOTICIAS","og_description":"El radical Alfredo Cornejo volvi\u00f3 a convertirse en gobernador de Mendoza al imponerse por alrededor de diez puntos a Omar de Marchi en las elecciones provinciales que se celebraron este domingo. Cornejo, de Cambia Mendoza, obten\u00eda el 39,85% de los votos, con el 75,77% de las mesas escrutadas, y lo segu\u00eda el candidato de Uni\u00f3n [&hellip;]","og_url":"https:\/\/cvinoticias.com\/v3\/juntos-por-el-cambio-suma-otra-victoria-cornejo-sera-el-proximo-gobernador-de-mendoza\/","og_site_name":"CVI NOTICIAS","article_publisher":"https:\/\/www.facebook.com\/cvinoticias","article_published_time":"2023-09-25T11:32:51+00:00","og_image":[{"width":420,"height":280,"url":"https:\/\/cvinoticias.com\/wp-content\/uploads\/2023\/09\/alfredo-cornejo-gano-la-eleccion-en-mendoza-2023-42GCKEKZ3JHTNA5GZ3QNA2NRZU.jpeg","type":"image\/jpeg"}],"author":"f1000024","twitter_card":"summary_large_image","twitter_misc":{"Escrito por":"f1000024","Tiempo de lectura":"4 minutos"},"schema":{"@context":"https:\/\/schema.org","@graph":[{"@type":"Article","@id":"https:\/\/cvinoticias.com\/v3\/juntos-por-el-cambio-suma-otra-victoria-cornejo-sera-el-proximo-gobernador-de-mendoza\/#article","isPartOf":{"@id":"https:\/\/cvinoticias.com\/v3\/juntos-por-el-cambio-suma-otra-victoria-cornejo-sera-el-proximo-gobernador-de-mendoza\/"},"author":{"name":"f1000024","@id":"https:\/\/cvinoticias.com\/v3\/#\/schema\/person\/2db77e3c6bc03c538495d7b2b8be9b66"},"headline":"Juntos por el Cambio suma otra victoria: Cornejo ser\u00e1 el pr\u00f3ximo gobernador de Mendoza","datePublished":"2023-09-25T11:32:51+00:00","mainEntityOfPage":{"@id":"https:\/\/cvinoticias.com\/v3\/juntos-por-el-cambio-suma-otra-victoria-cornejo-sera-el-proximo-gobernador-de-mendoza\/"},"wordCount":883,"commentCount":0,"publisher":{"@id":"https:\/\/cvinoticias.com\/v3\/#organization"},"image":{"@id":"https:\/\/cvinoticias.com\/v3\/juntos-por-el-cambio-suma-otra-victoria-cornejo-sera-el-proximo-gobernador-de-mendoza\/#primaryimage"},"thumbnailUrl":"https:\/\/cvinoticias.com\/wp-content\/uploads\/2023\/09\/alfredo-cornejo-gano-la-eleccion-en-mendoza-2023-42GCKEKZ3JHTNA5GZ3QNA2NRZU.jpeg","articleSection":["Nacionales"],"inLanguage":"es","potentialAction":[{"@type":"CommentAction","name":"Comment","target":["https:\/\/cvinoticias.com\/v3\/juntos-por-el-cambio-suma-otra-victoria-cornejo-sera-el-proximo-gobernador-de-mendoza\/#respond"]}]},{"@type":"WebPage","@id":"https:\/\/cvinoticias.com\/v3\/juntos-por-el-cambio-suma-otra-victoria-cornejo-sera-el-proximo-gobernador-de-mendoza\/","url":"https:\/\/cvinoticias.com\/v3\/juntos-por-el-cambio-suma-otra-victoria-cornejo-sera-el-proximo-gobernador-de-mendoza\/","name":"Juntos por el Cambio suma otra victoria: Cornejo ser\u00e1 el pr\u00f3ximo gobernador de Mendoza | CVI NOTICIAS","isPartOf":{"@id":"https:\/\/cvinoticias.com\/v3\/#website"},"primaryImageOfPage":{"@id":"https:\/\/cvinoticias.com\/v3\/juntos-por-el-cambio-suma-otra-victoria-cornejo-sera-el-proximo-gobernador-de-mendoza\/#primaryimage"},"image":{"@id":"https:\/\/cvinoticias.com\/v3\/juntos-por-el-cambio-suma-otra-victoria-cornejo-sera-el-proximo-gobernador-de-mendoza\/#primaryimage"},"thumbnailUrl":"https:\/\/cvinoticias.com\/wp-content\/uploads\/2023\/09\/alfredo-cornejo-gano-la-eleccion-en-mendoza-2023-42GCKEKZ3JHTNA5GZ3QNA2NRZU.jpeg","datePublished":"2023-09-25T11:32:51+00:00","breadcrumb":{"@id":"https:\/\/cvinoticias.com\/v3\/juntos-por-el-cambio-suma-otra-victoria-cornejo-sera-el-proximo-gobernador-de-mendoza\/#breadcrumb"},"inLanguage":"es","potentialAction":[{"@type":"ReadAction","target":["https:\/\/cvinoticias.com\/v3\/juntos-por-el-cambio-suma-otra-victoria-cornejo-sera-el-proximo-gobernador-de-mendoza\/"]}]},{"@type":"ImageObject","inLanguage":"es","@id":"https:\/\/cvinoticias.com\/v3\/juntos-por-el-cambio-suma-otra-victoria-cornejo-sera-el-proximo-gobernador-de-mendoza\/#primaryimage","url":"https:\/\/cvinoticias.com\/wp-content\/uploads\/2023\/09\/alfredo-cornejo-gano-la-eleccion-en-mendoza-2023-42GCKEKZ3JHTNA5GZ3QNA2NRZU.jpeg","contentUrl":"https:\/\/cvinoticias.com\/wp-content\/uploads\/2023\/09\/alfredo-cornejo-gano-la-eleccion-en-mendoza-2023-42GCKEKZ3JHTNA5GZ3QNA2NRZU.jpeg","width":420,"height":280},{"@type":"BreadcrumbList","@id":"https:\/\/cvinoticias.com\/v3\/juntos-por-el-cambio-suma-otra-victoria-cornejo-sera-el-proximo-gobernador-de-mendoza\/#breadcrumb","itemListElement":[{"@type":"ListItem","position":1,"name":"Portada","item":"https:\/\/cvinoticias.com\/v3\/"},{"@type":"ListItem","position":2,"name":"Juntos por el Cambio suma otra victoria: Cornejo ser\u00e1 el pr\u00f3ximo gobernador de Mendoza"}]},{"@type":"WebSite","@id":"https:\/\/cvinoticias.com\/v3\/#website","url":"https:\/\/cvinoticias.com\/v3\/","name":"CVI NOTICIAS","description":"","publisher":{"@id":"https:\/\/cvinoticias.com\/v3\/#organization"},"alternateName":"CVI","potentialAction":[{"@type":"SearchAction","target":{"@type":"EntryPoint","urlTemplate":"https:\/\/cvinoticias.com\/v3\/?s={search_term_string}"},"query-input":{"@type":"PropertyValueSpecification","valueRequired":true,"valueName":"search_term_string"}}],"inLanguage":"es"},{"@type":"Organization","@id":"https:\/\/cvinoticias.com\/v3\/#organization","name":"CVI NOTICIAS","url":"https:\/\/cvinoticias.com\/v3\/","logo":{"@type":"ImageObject","inLanguage":"es","@id":"https:\/\/cvinoticias.com\/v3\/#\/schema\/logo\/image\/","url":"https:\/\/cvinoticias.com\/wp-content\/uploads\/2023\/04\/cropped-cropped-cropped-cropped-cropped-3-1.png","contentUrl":"https:\/\/cvinoticias.com\/wp-content\/uploads\/2023\/04\/cropped-cropped-cropped-cropped-cropped-3-1.png","width":95,"height":122,"caption":"CVI NOTICIAS"},"image":{"@id":"https:\/\/cvinoticias.com\/v3\/#\/schema\/logo\/image\/"},"sameAs":["https:\/\/www.facebook.com\/cvinoticias","https:\/\/www.instagram.com\/cvinoticias\/","https:\/\/www.youtube.com\/@CVINOTICIAS"]},{"@type":"Person","@id":"https:\/\/cvinoticias.com\/v3\/#\/schema\/person\/2db77e3c6bc03c538495d7b2b8be9b66","name":"f1000024","image":{"@type":"ImageObject","inLanguage":"es","@id":"https:\/\/secure.gravatar.com\/avatar\/d4fe7459cfc51ff5129ce1a732bbef5928568b8092d412ef95611616376bbeed?s=96&d=mm&r=g","url":"https:\/\/secure.gravatar.com\/avatar\/d4fe7459cfc51ff5129ce1a732bbef5928568b8092d412ef95611616376bbeed?s=96&d=mm&r=g","contentUrl":"https:\/\/secure.gravatar.com\/avatar\/d4fe7459cfc51ff5129ce1a732bbef5928568b8092d412ef95611616376bbeed?s=96&d=mm&r=g","caption":"f1000024"},"url":"https:\/\/cvinoticias.com\/v3\/author\/f1000024\/"}]}},"_links":{"self":[{"href":"https:\/\/cvinoticias.com\/v3\/wp-json\/wp\/v2\/posts\/28281","targetHints":{"allow":["GET"]}}],"collection":[{"href":"https:\/\/cvinoticias.com\/v3\/wp-json\/wp\/v2\/posts"}],"about":[{"href":"https:\/\/cvinoticias.com\/v3\/wp-json\/wp\/v2\/types\/post"}],"author":[{"embeddable":true,"href":"https:\/\/cvinoticias.com\/v3\/wp-json\/wp\/v2\/users\/2"}],"replies":[{"embeddable":true,"href":"https:\/\/cvinoticias.com\/v3\/wp-json\/wp\/v2\/comments?post=28281"}],"version-history":[{"count":1,"href":"https:\/\/cvinoticias.com\/v3\/wp-json\/wp\/v2\/posts\/28281\/revisions"}],"predecessor-version":[{"id":28283,"href":"https:\/\/cvinoticias.com\/v3\/wp-json\/wp\/v2\/posts\/28281\/revisions\/28283"}],"wp:featuredmedia":[{"embeddable":true,"href":"https:\/\/cvinoticias.com\/v3\/wp-json\/wp\/v2\/media\/28282"}],"wp:attachment":[{"href":"https:\/\/cvinoticias.com\/v3\/wp-json\/wp\/v2\/media?parent=28281"}],"wp:term":[{"taxonomy":"category","embeddable":true,"href":"https:\/\/cvinoticias.com\/v3\/wp-json\/wp\/v2\/categories?post=28281"},{"taxonomy":"post_tag","embeddable":true,"href":"https:\/\/cvinoticias.com\/v3\/wp-json\/wp\/v2\/tags?post=28281"}],"curies":[{"name":"wp","href":"https:\/\/api.w.org\/{rel}","templated":true}]}}