{"id":28267,"date":"2023-09-24T00:55:53","date_gmt":"2023-09-24T00:55:53","guid":{"rendered":"https:\/\/cvinoticias.com\/v3\/?p=28267"},"modified":"2023-09-24T00:55:53","modified_gmt":"2023-09-24T00:55:53","slug":"robo-y-recupero-de-2-motos-en-iguazu","status":"publish","type":"post","link":"https:\/\/cvinoticias.com\/v3\/robo-y-recupero-de-2-motos-en-iguazu\/","title":{"rendered":"Robo y recupero de 2 motos en Iguaz\u00fa"},"content":{"rendered":"\n<p><strong><em>Le rob\u00f3 la motocicleta a su hermano y junto a su c\u00f3mplice robaron un segundo motovehiculo: Fue capturado y la polic\u00eda recuper\u00f3 ambas motocicletas<\/em><\/strong><\/p>\n\n\n\n<p>Por medio de un r\u00e1pido accionar, en la tarde de hoy efectivos de la comisar\u00eda seccional 4ta con apoyo de la Divisi\u00f3n Comandante Radioel\u00e9ctrico URV recuperaron una motocicleta marca Yamaha modelo YBR y otra marca Honda; horas despu\u00e9s de hacer sido sustra\u00eddas._<\/p>\n\n\n\n<p>Los investigadores tomaron conocimiento de la sustracci\u00f3n del primer motovehiculo, a trav\u00e9s de un hombre de 27 a\u00f1os quien denunci\u00f3 a su propio hermano Cristian N. Alias \u00abformiga\u00bb de sustraer de su vivienda su motocicleta marca Yamaha YBR.<\/p>\n\n\n\n<figure class=\"wp-block-image size-large\"><a href=\"https:\/\/cvinoticias.com\/wp-content\/uploads\/2023\/09\/FB_IMG_1695516251429.jpg\"><img decoding=\"async\" width=\"690\" height=\"1024\" data-src=\"https:\/\/cvinoticias.com\/wp-content\/uploads\/2023\/09\/FB_IMG_1695516251429-690x1024.jpg\" alt=\"\" class=\"wp-image-28268 lazyload\" data-srcset=\"https:\/\/cvinoticias.com\/wp-content\/uploads\/2023\/09\/FB_IMG_1695516251429-690x1024.jpg 690w, https:\/\/cvinoticias.com\/wp-content\/uploads\/2023\/09\/FB_IMG_1695516251429-202x300.jpg 202w, https:\/\/cvinoticias.com\/wp-content\/uploads\/2023\/09\/FB_IMG_1695516251429-768x1140.jpg 768w, https:\/\/cvinoticias.com\/wp-content\/uploads\/2023\/09\/FB_IMG_1695516251429.jpg 893w\" data-sizes=\"(max-width: 690px) 100vw, 690px\" src=\"data:image\/svg+xml;base64,PHN2ZyB3aWR0aD0iMSIgaGVpZ2h0PSIxIiB4bWxucz0iaHR0cDovL3d3dy53My5vcmcvMjAwMC9zdmciPjwvc3ZnPg==\" style=\"--smush-placeholder-width: 690px; --smush-placeholder-aspect-ratio: 690\/1024;\" \/><\/a><\/figure>\n\n\n\n<p>A partir de ello personal encubierto mientras recorr\u00edan el barrio San Lucas pasado el mediod\u00eda de hoy tomaron conocimiento a trav\u00e9s de una joven de 24 a\u00f1os que momentos antes hab\u00eda dejado estacionado en calles internas del citado barrio su motocicleta marca Honda, del cual desciende a fin de efectuar compras donde logra visualizar a los sindicados quienes descienden de otra motocicleta y uno de ellos le sustrae el citado rodado para ambos darse a la fuga situaci\u00f3n que fue registrada por la c\u00e1maras de seguridad de la zona.<\/p>\n\n\n\n<p>La polic\u00eda mont\u00f3 un amplio operativo logrando recuperar la motocicleta marca Yamaha en la zona de las 2000 Hect\u00e1reas donde se hallaba oculta en una zona de malezas; en tanto el segundo rodado tras pistas firmas, se recuper\u00f3 en una calle interna del barrio 1 de Mayo donde estaba estacionado en la v\u00eda p\u00fablica evidenciando estar abandonado. Se procedi\u00f3 al secuestro de ambos rodados y al dep\u00f3sito en sede policial.<\/p>\n\n\n\n<p>Seguidamente, con las pesquisas realizadas y habi\u00e9ndose identificado a los sospechosos, todas las patrullas fueron comisionadas a efectivizar el arresto de los causantes, fue as\u00ed que en la zona del barrio Bicentenario la polic\u00eda detuvo a Silvio V. de 25 a\u00f1os quien intent\u00f3 evadir a los efectivos policiales.<\/p>\n\n\n\n<figure class=\"wp-block-image size-full is-resized\"><a href=\"https:\/\/cvinoticias.com\/wp-content\/uploads\/2023\/09\/FB_IMG_1695516263651.jpg\"><img decoding=\"async\" data-src=\"https:\/\/cvinoticias.com\/wp-content\/uploads\/2023\/09\/FB_IMG_1695516263651.jpg\" alt=\"\" class=\"wp-image-28269 lazyload\" style=\"--smush-placeholder-width: 667px; --smush-placeholder-aspect-ratio: 667\/731;width:667px;height:731px\" width=\"667\" height=\"731\" data-srcset=\"https:\/\/cvinoticias.com\/wp-content\/uploads\/2023\/09\/FB_IMG_1695516263651.jpg 547w, https:\/\/cvinoticias.com\/wp-content\/uploads\/2023\/09\/FB_IMG_1695516263651-274x300.jpg 274w\" data-sizes=\"(max-width: 667px) 100vw, 667px\" src=\"data:image\/svg+xml;base64,PHN2ZyB3aWR0aD0iMSIgaGVpZ2h0PSIxIiB4bWxucz0iaHR0cDovL3d3dy53My5vcmcvMjAwMC9zdmciPjwvc3ZnPg==\" \/><\/a><\/figure>\n\n\n\n<p>Finalmente, el detenido fue alojado en la comisar\u00eda y puesto a disposici\u00f3n de la Justicia. En cuanto a lo recuperado, fue depositado en la dependencia policial para continuar con los tr\u00e1mites de rigor. Cabe mencionar, que los investigadores trabajan para ubicar al segundo sospechoso quien ya ha sido identificado y registra numerosos antecedentes por delitos similares.<\/p>\n","protected":false},"excerpt":{"rendered":"<p>Le rob\u00f3 la motocicleta a su hermano y junto a su c\u00f3mplice robaron un segundo motovehiculo: Fue capturado y la polic\u00eda recuper\u00f3 ambas motocicletas Por medio de un r\u00e1pido accionar, en la tarde de hoy efectivos de la comisar\u00eda seccional 4ta con apoyo de la Divisi\u00f3n Comandante Radioel\u00e9ctrico URV recuperaron una motocicleta marca Yamaha modelo [&hellip;]<\/p>\n","protected":false},"author":2,"featured_media":28270,"comment_status":"open","ping_status":"open","sticky":false,"template":"","format":"standard","meta":{"footnotes":""},"categories":[41],"tags":[],"class_list":["post-28267","post","type-post","status-publish","format-standard","has-post-thumbnail","hentry","category-policiales"],"yoast_head":"<!-- This site is optimized with the Yoast SEO plugin v27.5 - https:\/\/yoast.com\/product\/yoast-seo-wordpress\/ -->\n<title>Robo y recupero de 2 motos en Iguaz\u00fa | CVI NOTICIAS<\/title>\n<meta name=\"robots\" content=\"index, follow, max-snippet:-1, max-image-preview:large, max-video-preview:-1\" \/>\n<link rel=\"canonical\" href=\"https:\/\/cvinoticias.com\/v3\/robo-y-recupero-de-2-motos-en-iguazu\/\" \/>\n<meta property=\"og:locale\" content=\"es_ES\" \/>\n<meta property=\"og:type\" content=\"article\" \/>\n<meta property=\"og:title\" content=\"Robo y recupero de 2 motos en Iguaz\u00fa | CVI NOTICIAS\" \/>\n<meta property=\"og:description\" content=\"Le rob\u00f3 la motocicleta a su hermano y junto a su c\u00f3mplice robaron un segundo motovehiculo: Fue capturado y la polic\u00eda recuper\u00f3 ambas motocicletas Por medio de un r\u00e1pido accionar, en la tarde de hoy efectivos de la comisar\u00eda seccional 4ta con apoyo de la Divisi\u00f3n Comandante Radioel\u00e9ctrico URV recuperaron una motocicleta marca Yamaha modelo [&hellip;]\" \/>\n<meta property=\"og:url\" content=\"https:\/\/cvinoticias.com\/v3\/robo-y-recupero-de-2-motos-en-iguazu\/\" \/>\n<meta property=\"og:site_name\" content=\"CVI NOTICIAS\" \/>\n<meta property=\"article:publisher\" content=\"https:\/\/www.facebook.com\/cvinoticias\" \/>\n<meta property=\"article:published_time\" content=\"2023-09-24T00:55:53+00:00\" \/>\n<meta property=\"og:image\" content=\"https:\/\/cvinoticias.com\/wp-content\/uploads\/2023\/09\/FB_IMG_1695516255602.jpg\" \/>\n\t<meta property=\"og:image:width\" content=\"1080\" \/>\n\t<meta property=\"og:image:height\" content=\"1440\" \/>\n\t<meta property=\"og:image:type\" content=\"image\/jpeg\" \/>\n<meta name=\"author\" content=\"f1000024\" \/>\n<meta name=\"twitter:card\" content=\"summary_large_image\" \/>\n<meta name=\"twitter:label1\" content=\"Escrito por\" \/>\n\t<meta name=\"twitter:data1\" content=\"f1000024\" \/>\n\t<meta name=\"twitter:label2\" content=\"Tiempo de lectura\" \/>\n\t<meta name=\"twitter:data2\" content=\"2 minutos\" \/>\n<script type=\"application\/ld+json\" class=\"yoast-schema-graph\">{\"@context\":\"https:\\\/\\\/schema.org\",\"@graph\":[{\"@type\":\"Article\",\"@id\":\"https:\\\/\\\/cvinoticias.com\\\/v3\\\/robo-y-recupero-de-2-motos-en-iguazu\\\/#article\",\"isPartOf\":{\"@id\":\"https:\\\/\\\/cvinoticias.com\\\/v3\\\/robo-y-recupero-de-2-motos-en-iguazu\\\/\"},\"author\":{\"name\":\"f1000024\",\"@id\":\"https:\\\/\\\/cvinoticias.com\\\/v3\\\/#\\\/schema\\\/person\\\/2db77e3c6bc03c538495d7b2b8be9b66\"},\"headline\":\"Robo y recupero de 2 motos en Iguaz\u00fa\",\"datePublished\":\"2023-09-24T00:55:53+00:00\",\"mainEntityOfPage\":{\"@id\":\"https:\\\/\\\/cvinoticias.com\\\/v3\\\/robo-y-recupero-de-2-motos-en-iguazu\\\/\"},\"wordCount\":398,\"commentCount\":0,\"publisher\":{\"@id\":\"https:\\\/\\\/cvinoticias.com\\\/v3\\\/#organization\"},\"image\":{\"@id\":\"https:\\\/\\\/cvinoticias.com\\\/v3\\\/robo-y-recupero-de-2-motos-en-iguazu\\\/#primaryimage\"},\"thumbnailUrl\":\"https:\\\/\\\/cvinoticias.com\\\/wp-content\\\/uploads\\\/2023\\\/09\\\/FB_IMG_1695516255602.jpg\",\"articleSection\":[\"Policiales\"],\"inLanguage\":\"es\",\"potentialAction\":[{\"@type\":\"CommentAction\",\"name\":\"Comment\",\"target\":[\"https:\\\/\\\/cvinoticias.com\\\/v3\\\/robo-y-recupero-de-2-motos-en-iguazu\\\/#respond\"]}]},{\"@type\":\"WebPage\",\"@id\":\"https:\\\/\\\/cvinoticias.com\\\/v3\\\/robo-y-recupero-de-2-motos-en-iguazu\\\/\",\"url\":\"https:\\\/\\\/cvinoticias.com\\\/v3\\\/robo-y-recupero-de-2-motos-en-iguazu\\\/\",\"name\":\"Robo y recupero de 2 motos en Iguaz\u00fa | CVI NOTICIAS\",\"isPartOf\":{\"@id\":\"https:\\\/\\\/cvinoticias.com\\\/v3\\\/#website\"},\"primaryImageOfPage\":{\"@id\":\"https:\\\/\\\/cvinoticias.com\\\/v3\\\/robo-y-recupero-de-2-motos-en-iguazu\\\/#primaryimage\"},\"image\":{\"@id\":\"https:\\\/\\\/cvinoticias.com\\\/v3\\\/robo-y-recupero-de-2-motos-en-iguazu\\\/#primaryimage\"},\"thumbnailUrl\":\"https:\\\/\\\/cvinoticias.com\\\/wp-content\\\/uploads\\\/2023\\\/09\\\/FB_IMG_1695516255602.jpg\",\"datePublished\":\"2023-09-24T00:55:53+00:00\",\"breadcrumb\":{\"@id\":\"https:\\\/\\\/cvinoticias.com\\\/v3\\\/robo-y-recupero-de-2-motos-en-iguazu\\\/#breadcrumb\"},\"inLanguage\":\"es\",\"potentialAction\":[{\"@type\":\"ReadAction\",\"target\":[\"https:\\\/\\\/cvinoticias.com\\\/v3\\\/robo-y-recupero-de-2-motos-en-iguazu\\\/\"]}]},{\"@type\":\"ImageObject\",\"inLanguage\":\"es\",\"@id\":\"https:\\\/\\\/cvinoticias.com\\\/v3\\\/robo-y-recupero-de-2-motos-en-iguazu\\\/#primaryimage\",\"url\":\"https:\\\/\\\/cvinoticias.com\\\/wp-content\\\/uploads\\\/2023\\\/09\\\/FB_IMG_1695516255602.jpg\",\"contentUrl\":\"https:\\\/\\\/cvinoticias.com\\\/wp-content\\\/uploads\\\/2023\\\/09\\\/FB_IMG_1695516255602.jpg\",\"width\":1080,\"height\":1440},{\"@type\":\"BreadcrumbList\",\"@id\":\"https:\\\/\\\/cvinoticias.com\\\/v3\\\/robo-y-recupero-de-2-motos-en-iguazu\\\/#breadcrumb\",\"itemListElement\":[{\"@type\":\"ListItem\",\"position\":1,\"name\":\"Portada\",\"item\":\"https:\\\/\\\/cvinoticias.com\\\/v3\\\/\"},{\"@type\":\"ListItem\",\"position\":2,\"name\":\"Robo y recupero de 2 motos en Iguaz\u00fa\"}]},{\"@type\":\"WebSite\",\"@id\":\"https:\\\/\\\/cvinoticias.com\\\/v3\\\/#website\",\"url\":\"https:\\\/\\\/cvinoticias.com\\\/v3\\\/\",\"name\":\"CVI NOTICIAS\",\"description\":\"\",\"publisher\":{\"@id\":\"https:\\\/\\\/cvinoticias.com\\\/v3\\\/#organization\"},\"alternateName\":\"CVI\",\"potentialAction\":[{\"@type\":\"SearchAction\",\"target\":{\"@type\":\"EntryPoint\",\"urlTemplate\":\"https:\\\/\\\/cvinoticias.com\\\/v3\\\/?s={search_term_string}\"},\"query-input\":{\"@type\":\"PropertyValueSpecification\",\"valueRequired\":true,\"valueName\":\"search_term_string\"}}],\"inLanguage\":\"es\"},{\"@type\":\"Organization\",\"@id\":\"https:\\\/\\\/cvinoticias.com\\\/v3\\\/#organization\",\"name\":\"CVI NOTICIAS\",\"url\":\"https:\\\/\\\/cvinoticias.com\\\/v3\\\/\",\"logo\":{\"@type\":\"ImageObject\",\"inLanguage\":\"es\",\"@id\":\"https:\\\/\\\/cvinoticias.com\\\/v3\\\/#\\\/schema\\\/logo\\\/image\\\/\",\"url\":\"https:\\\/\\\/cvinoticias.com\\\/wp-content\\\/uploads\\\/2023\\\/04\\\/cropped-cropped-cropped-cropped-cropped-3-1.png\",\"contentUrl\":\"https:\\\/\\\/cvinoticias.com\\\/wp-content\\\/uploads\\\/2023\\\/04\\\/cropped-cropped-cropped-cropped-cropped-3-1.png\",\"width\":95,\"height\":122,\"caption\":\"CVI NOTICIAS\"},\"image\":{\"@id\":\"https:\\\/\\\/cvinoticias.com\\\/v3\\\/#\\\/schema\\\/logo\\\/image\\\/\"},\"sameAs\":[\"https:\\\/\\\/www.facebook.com\\\/cvinoticias\",\"https:\\\/\\\/www.instagram.com\\\/cvinoticias\\\/\",\"https:\\\/\\\/www.youtube.com\\\/@CVINOTICIAS\"]},{\"@type\":\"Person\",\"@id\":\"https:\\\/\\\/cvinoticias.com\\\/v3\\\/#\\\/schema\\\/person\\\/2db77e3c6bc03c538495d7b2b8be9b66\",\"name\":\"f1000024\",\"image\":{\"@type\":\"ImageObject\",\"inLanguage\":\"es\",\"@id\":\"https:\\\/\\\/secure.gravatar.com\\\/avatar\\\/d4fe7459cfc51ff5129ce1a732bbef5928568b8092d412ef95611616376bbeed?s=96&d=mm&r=g\",\"url\":\"https:\\\/\\\/secure.gravatar.com\\\/avatar\\\/d4fe7459cfc51ff5129ce1a732bbef5928568b8092d412ef95611616376bbeed?s=96&d=mm&r=g\",\"contentUrl\":\"https:\\\/\\\/secure.gravatar.com\\\/avatar\\\/d4fe7459cfc51ff5129ce1a732bbef5928568b8092d412ef95611616376bbeed?s=96&d=mm&r=g\",\"caption\":\"f1000024\"},\"url\":\"https:\\\/\\\/cvinoticias.com\\\/v3\\\/author\\\/f1000024\\\/\"}]}<\/script>\n<!-- \/ Yoast SEO plugin. -->","yoast_head_json":{"title":"Robo y recupero de 2 motos en Iguaz\u00fa | CVI NOTICIAS","robots":{"index":"index","follow":"follow","max-snippet":"max-snippet:-1","max-image-preview":"max-image-preview:large","max-video-preview":"max-video-preview:-1"},"canonical":"https:\/\/cvinoticias.com\/v3\/robo-y-recupero-de-2-motos-en-iguazu\/","og_locale":"es_ES","og_type":"article","og_title":"Robo y recupero de 2 motos en Iguaz\u00fa | CVI NOTICIAS","og_description":"Le rob\u00f3 la motocicleta a su hermano y junto a su c\u00f3mplice robaron un segundo motovehiculo: Fue capturado y la polic\u00eda recuper\u00f3 ambas motocicletas Por medio de un r\u00e1pido accionar, en la tarde de hoy efectivos de la comisar\u00eda seccional 4ta con apoyo de la Divisi\u00f3n Comandante Radioel\u00e9ctrico URV recuperaron una motocicleta marca Yamaha modelo [&hellip;]","og_url":"https:\/\/cvinoticias.com\/v3\/robo-y-recupero-de-2-motos-en-iguazu\/","og_site_name":"CVI NOTICIAS","article_publisher":"https:\/\/www.facebook.com\/cvinoticias","article_published_time":"2023-09-24T00:55:53+00:00","og_image":[{"width":1080,"height":1440,"url":"https:\/\/cvinoticias.com\/wp-content\/uploads\/2023\/09\/FB_IMG_1695516255602.jpg","type":"image\/jpeg"}],"author":"f1000024","twitter_card":"summary_large_image","twitter_misc":{"Escrito por":"f1000024","Tiempo de lectura":"2 minutos"},"schema":{"@context":"https:\/\/schema.org","@graph":[{"@type":"Article","@id":"https:\/\/cvinoticias.com\/v3\/robo-y-recupero-de-2-motos-en-iguazu\/#article","isPartOf":{"@id":"https:\/\/cvinoticias.com\/v3\/robo-y-recupero-de-2-motos-en-iguazu\/"},"author":{"name":"f1000024","@id":"https:\/\/cvinoticias.com\/v3\/#\/schema\/person\/2db77e3c6bc03c538495d7b2b8be9b66"},"headline":"Robo y recupero de 2 motos en Iguaz\u00fa","datePublished":"2023-09-24T00:55:53+00:00","mainEntityOfPage":{"@id":"https:\/\/cvinoticias.com\/v3\/robo-y-recupero-de-2-motos-en-iguazu\/"},"wordCount":398,"commentCount":0,"publisher":{"@id":"https:\/\/cvinoticias.com\/v3\/#organization"},"image":{"@id":"https:\/\/cvinoticias.com\/v3\/robo-y-recupero-de-2-motos-en-iguazu\/#primaryimage"},"thumbnailUrl":"https:\/\/cvinoticias.com\/wp-content\/uploads\/2023\/09\/FB_IMG_1695516255602.jpg","articleSection":["Policiales"],"inLanguage":"es","potentialAction":[{"@type":"CommentAction","name":"Comment","target":["https:\/\/cvinoticias.com\/v3\/robo-y-recupero-de-2-motos-en-iguazu\/#respond"]}]},{"@type":"WebPage","@id":"https:\/\/cvinoticias.com\/v3\/robo-y-recupero-de-2-motos-en-iguazu\/","url":"https:\/\/cvinoticias.com\/v3\/robo-y-recupero-de-2-motos-en-iguazu\/","name":"Robo y recupero de 2 motos en Iguaz\u00fa | CVI NOTICIAS","isPartOf":{"@id":"https:\/\/cvinoticias.com\/v3\/#website"},"primaryImageOfPage":{"@id":"https:\/\/cvinoticias.com\/v3\/robo-y-recupero-de-2-motos-en-iguazu\/#primaryimage"},"image":{"@id":"https:\/\/cvinoticias.com\/v3\/robo-y-recupero-de-2-motos-en-iguazu\/#primaryimage"},"thumbnailUrl":"https:\/\/cvinoticias.com\/wp-content\/uploads\/2023\/09\/FB_IMG_1695516255602.jpg","datePublished":"2023-09-24T00:55:53+00:00","breadcrumb":{"@id":"https:\/\/cvinoticias.com\/v3\/robo-y-recupero-de-2-motos-en-iguazu\/#breadcrumb"},"inLanguage":"es","potentialAction":[{"@type":"ReadAction","target":["https:\/\/cvinoticias.com\/v3\/robo-y-recupero-de-2-motos-en-iguazu\/"]}]},{"@type":"ImageObject","inLanguage":"es","@id":"https:\/\/cvinoticias.com\/v3\/robo-y-recupero-de-2-motos-en-iguazu\/#primaryimage","url":"https:\/\/cvinoticias.com\/wp-content\/uploads\/2023\/09\/FB_IMG_1695516255602.jpg","contentUrl":"https:\/\/cvinoticias.com\/wp-content\/uploads\/2023\/09\/FB_IMG_1695516255602.jpg","width":1080,"height":1440},{"@type":"BreadcrumbList","@id":"https:\/\/cvinoticias.com\/v3\/robo-y-recupero-de-2-motos-en-iguazu\/#breadcrumb","itemListElement":[{"@type":"ListItem","position":1,"name":"Portada","item":"https:\/\/cvinoticias.com\/v3\/"},{"@type":"ListItem","position":2,"name":"Robo y recupero de 2 motos en Iguaz\u00fa"}]},{"@type":"WebSite","@id":"https:\/\/cvinoticias.com\/v3\/#website","url":"https:\/\/cvinoticias.com\/v3\/","name":"CVI NOTICIAS","description":"","publisher":{"@id":"https:\/\/cvinoticias.com\/v3\/#organization"},"alternateName":"CVI","potentialAction":[{"@type":"SearchAction","target":{"@type":"EntryPoint","urlTemplate":"https:\/\/cvinoticias.com\/v3\/?s={search_term_string}"},"query-input":{"@type":"PropertyValueSpecification","valueRequired":true,"valueName":"search_term_string"}}],"inLanguage":"es"},{"@type":"Organization","@id":"https:\/\/cvinoticias.com\/v3\/#organization","name":"CVI NOTICIAS","url":"https:\/\/cvinoticias.com\/v3\/","logo":{"@type":"ImageObject","inLanguage":"es","@id":"https:\/\/cvinoticias.com\/v3\/#\/schema\/logo\/image\/","url":"https:\/\/cvinoticias.com\/wp-content\/uploads\/2023\/04\/cropped-cropped-cropped-cropped-cropped-3-1.png","contentUrl":"https:\/\/cvinoticias.com\/wp-content\/uploads\/2023\/04\/cropped-cropped-cropped-cropped-cropped-3-1.png","width":95,"height":122,"caption":"CVI NOTICIAS"},"image":{"@id":"https:\/\/cvinoticias.com\/v3\/#\/schema\/logo\/image\/"},"sameAs":["https:\/\/www.facebook.com\/cvinoticias","https:\/\/www.instagram.com\/cvinoticias\/","https:\/\/www.youtube.com\/@CVINOTICIAS"]},{"@type":"Person","@id":"https:\/\/cvinoticias.com\/v3\/#\/schema\/person\/2db77e3c6bc03c538495d7b2b8be9b66","name":"f1000024","image":{"@type":"ImageObject","inLanguage":"es","@id":"https:\/\/secure.gravatar.com\/avatar\/d4fe7459cfc51ff5129ce1a732bbef5928568b8092d412ef95611616376bbeed?s=96&d=mm&r=g","url":"https:\/\/secure.gravatar.com\/avatar\/d4fe7459cfc51ff5129ce1a732bbef5928568b8092d412ef95611616376bbeed?s=96&d=mm&r=g","contentUrl":"https:\/\/secure.gravatar.com\/avatar\/d4fe7459cfc51ff5129ce1a732bbef5928568b8092d412ef95611616376bbeed?s=96&d=mm&r=g","caption":"f1000024"},"url":"https:\/\/cvinoticias.com\/v3\/author\/f1000024\/"}]}},"_links":{"self":[{"href":"https:\/\/cvinoticias.com\/v3\/wp-json\/wp\/v2\/posts\/28267","targetHints":{"allow":["GET"]}}],"collection":[{"href":"https:\/\/cvinoticias.com\/v3\/wp-json\/wp\/v2\/posts"}],"about":[{"href":"https:\/\/cvinoticias.com\/v3\/wp-json\/wp\/v2\/types\/post"}],"author":[{"embeddable":true,"href":"https:\/\/cvinoticias.com\/v3\/wp-json\/wp\/v2\/users\/2"}],"replies":[{"embeddable":true,"href":"https:\/\/cvinoticias.com\/v3\/wp-json\/wp\/v2\/comments?post=28267"}],"version-history":[{"count":1,"href":"https:\/\/cvinoticias.com\/v3\/wp-json\/wp\/v2\/posts\/28267\/revisions"}],"predecessor-version":[{"id":28271,"href":"https:\/\/cvinoticias.com\/v3\/wp-json\/wp\/v2\/posts\/28267\/revisions\/28271"}],"wp:featuredmedia":[{"embeddable":true,"href":"https:\/\/cvinoticias.com\/v3\/wp-json\/wp\/v2\/media\/28270"}],"wp:attachment":[{"href":"https:\/\/cvinoticias.com\/v3\/wp-json\/wp\/v2\/media?parent=28267"}],"wp:term":[{"taxonomy":"category","embeddable":true,"href":"https:\/\/cvinoticias.com\/v3\/wp-json\/wp\/v2\/categories?post=28267"},{"taxonomy":"post_tag","embeddable":true,"href":"https:\/\/cvinoticias.com\/v3\/wp-json\/wp\/v2\/tags?post=28267"}],"curies":[{"name":"wp","href":"https:\/\/api.w.org\/{rel}","templated":true}]}}