{"id":28264,"date":"2023-09-23T23:32:42","date_gmt":"2023-09-23T23:32:42","guid":{"rendered":"https:\/\/cvinoticias.com\/v3\/?p=28264"},"modified":"2023-09-23T23:32:42","modified_gmt":"2023-09-23T23:32:42","slug":"policias-detuvieron-al-miembro-de-una-banda-que-robaba-motos-en-puerto-iguazu","status":"publish","type":"post","link":"https:\/\/cvinoticias.com\/v3\/policias-detuvieron-al-miembro-de-una-banda-que-robaba-motos-en-puerto-iguazu\/","title":{"rendered":"Polic\u00edas detuvieron al miembro de una banda que robaba motos en Puerto Iguaz\u00fa"},"content":{"rendered":"\n<p><em><strong>Se trata de un delincuente de frondoso prontuario, quien ya era buscado por la Polic\u00eda. El mismo intent\u00f3 escapar de la fuerza en una moto robada y en el lugar donde alquilaba, se secuestraron un pasamonta\u00f1as, numerosas prendas de vestir y documentaciones varias, elementos que involucran al sospechoso en otros il\u00edcitos vinculados a una banda dedicada a la sustracci\u00f3n de motoveh\u00edculos.<\/strong><\/em><\/p>\n\n\n\n<p>El procedimiento se concret\u00f3 luego de varias semanas de arduos trabajos de inteligencia realizados por personal encubierto de la Divisi\u00f3n Investigaciones UR-V, quienes investigaban hechos denunciados de sustracci\u00f3n de motoveh\u00edculos en la ciudad.<\/p>\n\n\n\n<p>Fue as\u00ed que en circunstancias que personal encubierto recorr\u00eda calles internas del barrio Bel\u00e9n, advirtieron que un joven quien era buscado por otros delitos ocurridos tanto en la ciudad de Eldorado como en Iguaz\u00fa, se desplazaba en una motocicleta, tras una persecuci\u00f3n controlada el joven se dio a la fuga dejando abandonada una motocicleta marca Motomel de 110 c.c. sin dominio procedi\u00e9ndose al secuestro. La persecuci\u00f3n alcanz\u00f3 hasta el cierre de arterias donde el sospechoso ingres\u00f3 a viviendas particulares logr\u00e1ndose finalmente la detenci\u00f3n de Jonas B. De 20 a\u00f1os.<\/p>\n\n\n\n<p>Posteriormente, tras el an\u00e1lisis en la base de datos se estableci\u00f3 que el rodado ten\u00eda pedido de secuestro por Robo ocurrido en la ciudad de Eldorado. Fue as\u00ed que en el marco de la investigaci\u00f3n el propietario del inmueble donde alquilaba el sospechoso a pocos metros del lugar de su detenci\u00f3n, autoriz\u00f3 el ingreso a los investigadores, quienes hallaron numerosos elementos probatorios en distintos hechos ocurridos tanto en la capital del Trabajo como en la ciudad de Iguaz\u00fa. Adem\u00e1s se hallaron documentos personales de la propietaria del rodado de referencia.<\/p>\n\n\n\n<p>El detenido fue alojado en sede policial a disposici\u00f3n de la justicia. En tanto en las pr\u00f3ximas horas el motoveh\u00edculo, y todos los elementos secuestrados ser\u00e1n incorporados en los hechos que se investigan.<\/p>\n","protected":false},"excerpt":{"rendered":"<p>Se trata de un delincuente de frondoso prontuario, quien ya era buscado por la Polic\u00eda. El mismo intent\u00f3 escapar de la fuerza en una moto robada y en el lugar donde alquilaba, se secuestraron un pasamonta\u00f1as, numerosas prendas de vestir y documentaciones varias, elementos que involucran al sospechoso en otros il\u00edcitos vinculados a una banda [&hellip;]<\/p>\n","protected":false},"author":2,"featured_media":28265,"comment_status":"open","ping_status":"open","sticky":false,"template":"","format":"standard","meta":{"footnotes":""},"categories":[41],"tags":[],"class_list":["post-28264","post","type-post","status-publish","format-standard","has-post-thumbnail","hentry","category-policiales"],"yoast_head":"<!-- This site is optimized with the Yoast SEO plugin v27.5 - https:\/\/yoast.com\/product\/yoast-seo-wordpress\/ -->\n<title>Polic\u00edas detuvieron al miembro de una banda que robaba motos en Puerto Iguaz\u00fa | CVI NOTICIAS<\/title>\n<meta name=\"robots\" content=\"index, follow, max-snippet:-1, max-image-preview:large, max-video-preview:-1\" \/>\n<link rel=\"canonical\" href=\"https:\/\/cvinoticias.com\/v3\/policias-detuvieron-al-miembro-de-una-banda-que-robaba-motos-en-puerto-iguazu\/\" \/>\n<meta property=\"og:locale\" content=\"es_ES\" \/>\n<meta property=\"og:type\" content=\"article\" \/>\n<meta property=\"og:title\" content=\"Polic\u00edas detuvieron al miembro de una banda que robaba motos en Puerto Iguaz\u00fa | CVI NOTICIAS\" \/>\n<meta property=\"og:description\" content=\"Se trata de un delincuente de frondoso prontuario, quien ya era buscado por la Polic\u00eda. El mismo intent\u00f3 escapar de la fuerza en una moto robada y en el lugar donde alquilaba, se secuestraron un pasamonta\u00f1as, numerosas prendas de vestir y documentaciones varias, elementos que involucran al sospechoso en otros il\u00edcitos vinculados a una banda [&hellip;]\" \/>\n<meta property=\"og:url\" content=\"https:\/\/cvinoticias.com\/v3\/policias-detuvieron-al-miembro-de-una-banda-que-robaba-motos-en-puerto-iguazu\/\" \/>\n<meta property=\"og:site_name\" content=\"CVI NOTICIAS\" \/>\n<meta property=\"article:publisher\" content=\"https:\/\/www.facebook.com\/cvinoticias\" \/>\n<meta property=\"article:published_time\" content=\"2023-09-23T23:32:42+00:00\" \/>\n<meta property=\"og:image\" content=\"https:\/\/cvinoticias.com\/wp-content\/uploads\/2023\/09\/IMG-20230923-WA0508.jpg\" \/>\n\t<meta property=\"og:image:width\" content=\"1200\" \/>\n\t<meta property=\"og:image:height\" content=\"1600\" \/>\n\t<meta property=\"og:image:type\" content=\"image\/jpeg\" \/>\n<meta name=\"author\" content=\"f1000024\" \/>\n<meta name=\"twitter:card\" content=\"summary_large_image\" \/>\n<meta name=\"twitter:label1\" content=\"Escrito por\" \/>\n\t<meta name=\"twitter:data1\" content=\"f1000024\" \/>\n\t<meta name=\"twitter:label2\" content=\"Tiempo de lectura\" \/>\n\t<meta name=\"twitter:data2\" content=\"2 minutos\" \/>\n<script type=\"application\/ld+json\" class=\"yoast-schema-graph\">{\"@context\":\"https:\\\/\\\/schema.org\",\"@graph\":[{\"@type\":\"Article\",\"@id\":\"https:\\\/\\\/cvinoticias.com\\\/v3\\\/policias-detuvieron-al-miembro-de-una-banda-que-robaba-motos-en-puerto-iguazu\\\/#article\",\"isPartOf\":{\"@id\":\"https:\\\/\\\/cvinoticias.com\\\/v3\\\/policias-detuvieron-al-miembro-de-una-banda-que-robaba-motos-en-puerto-iguazu\\\/\"},\"author\":{\"name\":\"f1000024\",\"@id\":\"https:\\\/\\\/cvinoticias.com\\\/v3\\\/#\\\/schema\\\/person\\\/2db77e3c6bc03c538495d7b2b8be9b66\"},\"headline\":\"Polic\u00edas detuvieron al miembro de una banda que robaba motos en Puerto Iguaz\u00fa\",\"datePublished\":\"2023-09-23T23:32:42+00:00\",\"mainEntityOfPage\":{\"@id\":\"https:\\\/\\\/cvinoticias.com\\\/v3\\\/policias-detuvieron-al-miembro-de-una-banda-que-robaba-motos-en-puerto-iguazu\\\/\"},\"wordCount\":344,\"commentCount\":0,\"publisher\":{\"@id\":\"https:\\\/\\\/cvinoticias.com\\\/v3\\\/#organization\"},\"image\":{\"@id\":\"https:\\\/\\\/cvinoticias.com\\\/v3\\\/policias-detuvieron-al-miembro-de-una-banda-que-robaba-motos-en-puerto-iguazu\\\/#primaryimage\"},\"thumbnailUrl\":\"https:\\\/\\\/cvinoticias.com\\\/wp-content\\\/uploads\\\/2023\\\/09\\\/IMG-20230923-WA0508.jpg\",\"articleSection\":[\"Policiales\"],\"inLanguage\":\"es\",\"potentialAction\":[{\"@type\":\"CommentAction\",\"name\":\"Comment\",\"target\":[\"https:\\\/\\\/cvinoticias.com\\\/v3\\\/policias-detuvieron-al-miembro-de-una-banda-que-robaba-motos-en-puerto-iguazu\\\/#respond\"]}]},{\"@type\":\"WebPage\",\"@id\":\"https:\\\/\\\/cvinoticias.com\\\/v3\\\/policias-detuvieron-al-miembro-de-una-banda-que-robaba-motos-en-puerto-iguazu\\\/\",\"url\":\"https:\\\/\\\/cvinoticias.com\\\/v3\\\/policias-detuvieron-al-miembro-de-una-banda-que-robaba-motos-en-puerto-iguazu\\\/\",\"name\":\"Polic\u00edas detuvieron al miembro de una banda que robaba motos en Puerto Iguaz\u00fa | CVI NOTICIAS\",\"isPartOf\":{\"@id\":\"https:\\\/\\\/cvinoticias.com\\\/v3\\\/#website\"},\"primaryImageOfPage\":{\"@id\":\"https:\\\/\\\/cvinoticias.com\\\/v3\\\/policias-detuvieron-al-miembro-de-una-banda-que-robaba-motos-en-puerto-iguazu\\\/#primaryimage\"},\"image\":{\"@id\":\"https:\\\/\\\/cvinoticias.com\\\/v3\\\/policias-detuvieron-al-miembro-de-una-banda-que-robaba-motos-en-puerto-iguazu\\\/#primaryimage\"},\"thumbnailUrl\":\"https:\\\/\\\/cvinoticias.com\\\/wp-content\\\/uploads\\\/2023\\\/09\\\/IMG-20230923-WA0508.jpg\",\"datePublished\":\"2023-09-23T23:32:42+00:00\",\"breadcrumb\":{\"@id\":\"https:\\\/\\\/cvinoticias.com\\\/v3\\\/policias-detuvieron-al-miembro-de-una-banda-que-robaba-motos-en-puerto-iguazu\\\/#breadcrumb\"},\"inLanguage\":\"es\",\"potentialAction\":[{\"@type\":\"ReadAction\",\"target\":[\"https:\\\/\\\/cvinoticias.com\\\/v3\\\/policias-detuvieron-al-miembro-de-una-banda-que-robaba-motos-en-puerto-iguazu\\\/\"]}]},{\"@type\":\"ImageObject\",\"inLanguage\":\"es\",\"@id\":\"https:\\\/\\\/cvinoticias.com\\\/v3\\\/policias-detuvieron-al-miembro-de-una-banda-que-robaba-motos-en-puerto-iguazu\\\/#primaryimage\",\"url\":\"https:\\\/\\\/cvinoticias.com\\\/wp-content\\\/uploads\\\/2023\\\/09\\\/IMG-20230923-WA0508.jpg\",\"contentUrl\":\"https:\\\/\\\/cvinoticias.com\\\/wp-content\\\/uploads\\\/2023\\\/09\\\/IMG-20230923-WA0508.jpg\",\"width\":1200,\"height\":1600},{\"@type\":\"BreadcrumbList\",\"@id\":\"https:\\\/\\\/cvinoticias.com\\\/v3\\\/policias-detuvieron-al-miembro-de-una-banda-que-robaba-motos-en-puerto-iguazu\\\/#breadcrumb\",\"itemListElement\":[{\"@type\":\"ListItem\",\"position\":1,\"name\":\"Portada\",\"item\":\"https:\\\/\\\/cvinoticias.com\\\/v3\\\/\"},{\"@type\":\"ListItem\",\"position\":2,\"name\":\"Polic\u00edas detuvieron al miembro de una banda que robaba motos en Puerto Iguaz\u00fa\"}]},{\"@type\":\"WebSite\",\"@id\":\"https:\\\/\\\/cvinoticias.com\\\/v3\\\/#website\",\"url\":\"https:\\\/\\\/cvinoticias.com\\\/v3\\\/\",\"name\":\"CVI NOTICIAS\",\"description\":\"\",\"publisher\":{\"@id\":\"https:\\\/\\\/cvinoticias.com\\\/v3\\\/#organization\"},\"alternateName\":\"CVI\",\"potentialAction\":[{\"@type\":\"SearchAction\",\"target\":{\"@type\":\"EntryPoint\",\"urlTemplate\":\"https:\\\/\\\/cvinoticias.com\\\/v3\\\/?s={search_term_string}\"},\"query-input\":{\"@type\":\"PropertyValueSpecification\",\"valueRequired\":true,\"valueName\":\"search_term_string\"}}],\"inLanguage\":\"es\"},{\"@type\":\"Organization\",\"@id\":\"https:\\\/\\\/cvinoticias.com\\\/v3\\\/#organization\",\"name\":\"CVI NOTICIAS\",\"url\":\"https:\\\/\\\/cvinoticias.com\\\/v3\\\/\",\"logo\":{\"@type\":\"ImageObject\",\"inLanguage\":\"es\",\"@id\":\"https:\\\/\\\/cvinoticias.com\\\/v3\\\/#\\\/schema\\\/logo\\\/image\\\/\",\"url\":\"https:\\\/\\\/cvinoticias.com\\\/wp-content\\\/uploads\\\/2023\\\/04\\\/cropped-cropped-cropped-cropped-cropped-3-1.png\",\"contentUrl\":\"https:\\\/\\\/cvinoticias.com\\\/wp-content\\\/uploads\\\/2023\\\/04\\\/cropped-cropped-cropped-cropped-cropped-3-1.png\",\"width\":95,\"height\":122,\"caption\":\"CVI NOTICIAS\"},\"image\":{\"@id\":\"https:\\\/\\\/cvinoticias.com\\\/v3\\\/#\\\/schema\\\/logo\\\/image\\\/\"},\"sameAs\":[\"https:\\\/\\\/www.facebook.com\\\/cvinoticias\",\"https:\\\/\\\/www.instagram.com\\\/cvinoticias\\\/\",\"https:\\\/\\\/www.youtube.com\\\/@CVINOTICIAS\"]},{\"@type\":\"Person\",\"@id\":\"https:\\\/\\\/cvinoticias.com\\\/v3\\\/#\\\/schema\\\/person\\\/2db77e3c6bc03c538495d7b2b8be9b66\",\"name\":\"f1000024\",\"image\":{\"@type\":\"ImageObject\",\"inLanguage\":\"es\",\"@id\":\"https:\\\/\\\/secure.gravatar.com\\\/avatar\\\/d4fe7459cfc51ff5129ce1a732bbef5928568b8092d412ef95611616376bbeed?s=96&d=mm&r=g\",\"url\":\"https:\\\/\\\/secure.gravatar.com\\\/avatar\\\/d4fe7459cfc51ff5129ce1a732bbef5928568b8092d412ef95611616376bbeed?s=96&d=mm&r=g\",\"contentUrl\":\"https:\\\/\\\/secure.gravatar.com\\\/avatar\\\/d4fe7459cfc51ff5129ce1a732bbef5928568b8092d412ef95611616376bbeed?s=96&d=mm&r=g\",\"caption\":\"f1000024\"},\"url\":\"https:\\\/\\\/cvinoticias.com\\\/v3\\\/author\\\/f1000024\\\/\"}]}<\/script>\n<!-- \/ Yoast SEO plugin. -->","yoast_head_json":{"title":"Polic\u00edas detuvieron al miembro de una banda que robaba motos en Puerto Iguaz\u00fa | CVI NOTICIAS","robots":{"index":"index","follow":"follow","max-snippet":"max-snippet:-1","max-image-preview":"max-image-preview:large","max-video-preview":"max-video-preview:-1"},"canonical":"https:\/\/cvinoticias.com\/v3\/policias-detuvieron-al-miembro-de-una-banda-que-robaba-motos-en-puerto-iguazu\/","og_locale":"es_ES","og_type":"article","og_title":"Polic\u00edas detuvieron al miembro de una banda que robaba motos en Puerto Iguaz\u00fa | CVI NOTICIAS","og_description":"Se trata de un delincuente de frondoso prontuario, quien ya era buscado por la Polic\u00eda. El mismo intent\u00f3 escapar de la fuerza en una moto robada y en el lugar donde alquilaba, se secuestraron un pasamonta\u00f1as, numerosas prendas de vestir y documentaciones varias, elementos que involucran al sospechoso en otros il\u00edcitos vinculados a una banda [&hellip;]","og_url":"https:\/\/cvinoticias.com\/v3\/policias-detuvieron-al-miembro-de-una-banda-que-robaba-motos-en-puerto-iguazu\/","og_site_name":"CVI NOTICIAS","article_publisher":"https:\/\/www.facebook.com\/cvinoticias","article_published_time":"2023-09-23T23:32:42+00:00","og_image":[{"width":1200,"height":1600,"url":"https:\/\/cvinoticias.com\/wp-content\/uploads\/2023\/09\/IMG-20230923-WA0508.jpg","type":"image\/jpeg"}],"author":"f1000024","twitter_card":"summary_large_image","twitter_misc":{"Escrito por":"f1000024","Tiempo de lectura":"2 minutos"},"schema":{"@context":"https:\/\/schema.org","@graph":[{"@type":"Article","@id":"https:\/\/cvinoticias.com\/v3\/policias-detuvieron-al-miembro-de-una-banda-que-robaba-motos-en-puerto-iguazu\/#article","isPartOf":{"@id":"https:\/\/cvinoticias.com\/v3\/policias-detuvieron-al-miembro-de-una-banda-que-robaba-motos-en-puerto-iguazu\/"},"author":{"name":"f1000024","@id":"https:\/\/cvinoticias.com\/v3\/#\/schema\/person\/2db77e3c6bc03c538495d7b2b8be9b66"},"headline":"Polic\u00edas detuvieron al miembro de una banda que robaba motos en Puerto Iguaz\u00fa","datePublished":"2023-09-23T23:32:42+00:00","mainEntityOfPage":{"@id":"https:\/\/cvinoticias.com\/v3\/policias-detuvieron-al-miembro-de-una-banda-que-robaba-motos-en-puerto-iguazu\/"},"wordCount":344,"commentCount":0,"publisher":{"@id":"https:\/\/cvinoticias.com\/v3\/#organization"},"image":{"@id":"https:\/\/cvinoticias.com\/v3\/policias-detuvieron-al-miembro-de-una-banda-que-robaba-motos-en-puerto-iguazu\/#primaryimage"},"thumbnailUrl":"https:\/\/cvinoticias.com\/wp-content\/uploads\/2023\/09\/IMG-20230923-WA0508.jpg","articleSection":["Policiales"],"inLanguage":"es","potentialAction":[{"@type":"CommentAction","name":"Comment","target":["https:\/\/cvinoticias.com\/v3\/policias-detuvieron-al-miembro-de-una-banda-que-robaba-motos-en-puerto-iguazu\/#respond"]}]},{"@type":"WebPage","@id":"https:\/\/cvinoticias.com\/v3\/policias-detuvieron-al-miembro-de-una-banda-que-robaba-motos-en-puerto-iguazu\/","url":"https:\/\/cvinoticias.com\/v3\/policias-detuvieron-al-miembro-de-una-banda-que-robaba-motos-en-puerto-iguazu\/","name":"Polic\u00edas detuvieron al miembro de una banda que robaba motos en Puerto Iguaz\u00fa | CVI NOTICIAS","isPartOf":{"@id":"https:\/\/cvinoticias.com\/v3\/#website"},"primaryImageOfPage":{"@id":"https:\/\/cvinoticias.com\/v3\/policias-detuvieron-al-miembro-de-una-banda-que-robaba-motos-en-puerto-iguazu\/#primaryimage"},"image":{"@id":"https:\/\/cvinoticias.com\/v3\/policias-detuvieron-al-miembro-de-una-banda-que-robaba-motos-en-puerto-iguazu\/#primaryimage"},"thumbnailUrl":"https:\/\/cvinoticias.com\/wp-content\/uploads\/2023\/09\/IMG-20230923-WA0508.jpg","datePublished":"2023-09-23T23:32:42+00:00","breadcrumb":{"@id":"https:\/\/cvinoticias.com\/v3\/policias-detuvieron-al-miembro-de-una-banda-que-robaba-motos-en-puerto-iguazu\/#breadcrumb"},"inLanguage":"es","potentialAction":[{"@type":"ReadAction","target":["https:\/\/cvinoticias.com\/v3\/policias-detuvieron-al-miembro-de-una-banda-que-robaba-motos-en-puerto-iguazu\/"]}]},{"@type":"ImageObject","inLanguage":"es","@id":"https:\/\/cvinoticias.com\/v3\/policias-detuvieron-al-miembro-de-una-banda-que-robaba-motos-en-puerto-iguazu\/#primaryimage","url":"https:\/\/cvinoticias.com\/wp-content\/uploads\/2023\/09\/IMG-20230923-WA0508.jpg","contentUrl":"https:\/\/cvinoticias.com\/wp-content\/uploads\/2023\/09\/IMG-20230923-WA0508.jpg","width":1200,"height":1600},{"@type":"BreadcrumbList","@id":"https:\/\/cvinoticias.com\/v3\/policias-detuvieron-al-miembro-de-una-banda-que-robaba-motos-en-puerto-iguazu\/#breadcrumb","itemListElement":[{"@type":"ListItem","position":1,"name":"Portada","item":"https:\/\/cvinoticias.com\/v3\/"},{"@type":"ListItem","position":2,"name":"Polic\u00edas detuvieron al miembro de una banda que robaba motos en Puerto Iguaz\u00fa"}]},{"@type":"WebSite","@id":"https:\/\/cvinoticias.com\/v3\/#website","url":"https:\/\/cvinoticias.com\/v3\/","name":"CVI NOTICIAS","description":"","publisher":{"@id":"https:\/\/cvinoticias.com\/v3\/#organization"},"alternateName":"CVI","potentialAction":[{"@type":"SearchAction","target":{"@type":"EntryPoint","urlTemplate":"https:\/\/cvinoticias.com\/v3\/?s={search_term_string}"},"query-input":{"@type":"PropertyValueSpecification","valueRequired":true,"valueName":"search_term_string"}}],"inLanguage":"es"},{"@type":"Organization","@id":"https:\/\/cvinoticias.com\/v3\/#organization","name":"CVI NOTICIAS","url":"https:\/\/cvinoticias.com\/v3\/","logo":{"@type":"ImageObject","inLanguage":"es","@id":"https:\/\/cvinoticias.com\/v3\/#\/schema\/logo\/image\/","url":"https:\/\/cvinoticias.com\/wp-content\/uploads\/2023\/04\/cropped-cropped-cropped-cropped-cropped-3-1.png","contentUrl":"https:\/\/cvinoticias.com\/wp-content\/uploads\/2023\/04\/cropped-cropped-cropped-cropped-cropped-3-1.png","width":95,"height":122,"caption":"CVI NOTICIAS"},"image":{"@id":"https:\/\/cvinoticias.com\/v3\/#\/schema\/logo\/image\/"},"sameAs":["https:\/\/www.facebook.com\/cvinoticias","https:\/\/www.instagram.com\/cvinoticias\/","https:\/\/www.youtube.com\/@CVINOTICIAS"]},{"@type":"Person","@id":"https:\/\/cvinoticias.com\/v3\/#\/schema\/person\/2db77e3c6bc03c538495d7b2b8be9b66","name":"f1000024","image":{"@type":"ImageObject","inLanguage":"es","@id":"https:\/\/secure.gravatar.com\/avatar\/d4fe7459cfc51ff5129ce1a732bbef5928568b8092d412ef95611616376bbeed?s=96&d=mm&r=g","url":"https:\/\/secure.gravatar.com\/avatar\/d4fe7459cfc51ff5129ce1a732bbef5928568b8092d412ef95611616376bbeed?s=96&d=mm&r=g","contentUrl":"https:\/\/secure.gravatar.com\/avatar\/d4fe7459cfc51ff5129ce1a732bbef5928568b8092d412ef95611616376bbeed?s=96&d=mm&r=g","caption":"f1000024"},"url":"https:\/\/cvinoticias.com\/v3\/author\/f1000024\/"}]}},"_links":{"self":[{"href":"https:\/\/cvinoticias.com\/v3\/wp-json\/wp\/v2\/posts\/28264","targetHints":{"allow":["GET"]}}],"collection":[{"href":"https:\/\/cvinoticias.com\/v3\/wp-json\/wp\/v2\/posts"}],"about":[{"href":"https:\/\/cvinoticias.com\/v3\/wp-json\/wp\/v2\/types\/post"}],"author":[{"embeddable":true,"href":"https:\/\/cvinoticias.com\/v3\/wp-json\/wp\/v2\/users\/2"}],"replies":[{"embeddable":true,"href":"https:\/\/cvinoticias.com\/v3\/wp-json\/wp\/v2\/comments?post=28264"}],"version-history":[{"count":1,"href":"https:\/\/cvinoticias.com\/v3\/wp-json\/wp\/v2\/posts\/28264\/revisions"}],"predecessor-version":[{"id":28266,"href":"https:\/\/cvinoticias.com\/v3\/wp-json\/wp\/v2\/posts\/28264\/revisions\/28266"}],"wp:featuredmedia":[{"embeddable":true,"href":"https:\/\/cvinoticias.com\/v3\/wp-json\/wp\/v2\/media\/28265"}],"wp:attachment":[{"href":"https:\/\/cvinoticias.com\/v3\/wp-json\/wp\/v2\/media?parent=28264"}],"wp:term":[{"taxonomy":"category","embeddable":true,"href":"https:\/\/cvinoticias.com\/v3\/wp-json\/wp\/v2\/categories?post=28264"},{"taxonomy":"post_tag","embeddable":true,"href":"https:\/\/cvinoticias.com\/v3\/wp-json\/wp\/v2\/tags?post=28264"}],"curies":[{"name":"wp","href":"https:\/\/api.w.org\/{rel}","templated":true}]}}