{"id":28230,"date":"2023-09-22T12:33:37","date_gmt":"2023-09-22T12:33:37","guid":{"rendered":"https:\/\/cvinoticias.com\/v3\/?p=28230"},"modified":"2023-09-22T12:33:37","modified_gmt":"2023-09-22T12:33:37","slug":"encomiendan-a-afip-el-dictado-de-una-serie-de-medidas-de-alivio-fiscal","status":"publish","type":"post","link":"https:\/\/cvinoticias.com\/v3\/encomiendan-a-afip-el-dictado-de-una-serie-de-medidas-de-alivio-fiscal\/","title":{"rendered":"Encomiendan a AFIP el dictado de una serie de medidas de alivio fiscal"},"content":{"rendered":"\n<p><strong><em>El MInisterio de Econom\u00eda que se instrumenten los beneficios a pymes, trabajadores aut\u00f3nomos y peque\u00f1os contribuyentes.<\/em><\/strong><\/p>\n\n\n\n<p>El Ministerio de Econom\u00eda encomend\u00f3 a la AFIP el dictado de una serie de medidas de alivio fiscal para pymes, trabajadores aut\u00f3nomos y peque\u00f1os contribuyentes, entre las cuales se destaca un plan de facilidades de pago.<\/p>\n\n\n\n<p>A trav\u00e9s de la Resoluci\u00f3n 1416\/2023, publicada este viernes en el Bolet\u00edn Oficial, el Palacio de Hacienda dispuso que el ente recaudador deber\u00e1:<\/p>\n\n\n\n<p>&#8212; Instrumentar un plan de facilidades de pago para la cancelaci\u00f3n de las obligaciones impositivas, aduaneras y de los recursos de la seguridad social, vencidas hasta el 31 de agosto de 2023, inclusive.<\/p>\n\n\n\n<p>&#8212; Ese plan est\u00e1 destinado a Micro, Peque\u00f1as y Medianas Empresas con \u00abCertificado MiPyME\u00bb vigente a la fecha de adhesi\u00f3n al plan; las personas humanas y sucesiones indivisas que sean consideradas peque\u00f1os contribuyentes en los t\u00e9rminos que determine la AFIP; las entidades sin fines de lucro que se encuentren registradas ante al momento de adhesi\u00f3n al plan de facilidades de pago y dem\u00e1s peque\u00f1os contribuyentes que ese organismo disponga.<\/p>\n\n\n\n<p>&#8212; Disponer la suspensi\u00f3n del inicio de los juicios de ejecuci\u00f3n fiscal y de la traba de medidas cautelares para eso contribuyentes hasta el 31 de diciembre de 2023, inclusive.<\/p>\n\n\n\n<ul class=\"wp-block-list\">\n<li>Noticias Argentinas<br>ECONOM\u00cdA<br>22 de Septiembre de 2023 &#8211; 08:39<br>\u00daltima actualizaci\u00f3n: 22 de Septiembre de 2023 &#8211; 09:11<br>Encomiendan a AFIP el dictado de una serie de medidas de alivio fiscal<br>El MInisterio de Econom\u00eda que se instrumenten los beneficios a pymes, trabajadores aut\u00f3nomos y peque\u00f1os contribuyentes.<br>Por Gerardo Choren<br>Toc\u00f3 el turno de los beneficios a aut\u00f3nomos y Pymes.<br>Toc\u00f3 el turno de los beneficios a aut\u00f3nomos y Pymes.NA<br>El Ministerio de Econom\u00eda encomend\u00f3 a la AFIP el dictado de una serie de medidas de alivio fiscal para pymes, trabajadores aut\u00f3nomos y peque\u00f1os contribuyentes, entre las cuales se destaca un plan de facilidades de pago.<\/li>\n<\/ul>\n\n\n\n<p>A trav\u00e9s de la Resoluci\u00f3n 1416\/2023, publicada este viernes en el Bolet\u00edn Oficial, el Palacio de Hacienda dispuso que el ente recaudador deber\u00e1:<\/p>\n\n\n\n<p>&#8212; Instrumentar un plan de facilidades de pago para la cancelaci\u00f3n de las obligaciones impositivas, aduaneras y de los recursos de la seguridad social, vencidas hasta el 31 de agosto de 2023, inclusive.<\/p>\n\n\n\n<p>&#8212; Ese plan est\u00e1 destinado a Micro, Peque\u00f1as y Medianas Empresas con \u00abCertificado MiPyME\u00bb vigente a la fecha de adhesi\u00f3n al plan; las personas humanas y sucesiones indivisas que sean consideradas peque\u00f1os contribuyentes en los t\u00e9rminos que determine la AFIP; las entidades sin fines de lucro que se encuentren registradas ante al momento de adhesi\u00f3n al plan de facilidades de pago y dem\u00e1s peque\u00f1os contribuyentes que ese organismo disponga.<\/p>\n\n\n\n<p>&#8212; Disponer la suspensi\u00f3n del inicio de los juicios de ejecuci\u00f3n fiscal y de la traba de medidas cautelares para eso contribuyentes hasta el 31 de diciembre de 2023, inclusive.<\/p>\n\n\n\n<p>&#8212; Prorrogar el vencimiento de las obligaciones de pago del aporte personal de los trabajadores aut\u00f3nomos, correspondiente a septiembre, octubre, noviembre y diciembre de 2023, y tambi\u00e9n del IVA, para los mismos per\u00edodos fiscales. Las nuevas fechas de vencimiento para el pago de las obligaciones prorrogadas no podr\u00e1 ser anterior al 1\u00b0 de marzo de 2024.<\/p>\n\n\n\n<p>&#8212; Modificar el r\u00e9gimen de retenci\u00f3n del impuesto a las Ganancias, a los fines de actualizar los importes de la escala y\/o al\u00edcuotas aplicables para el c\u00e1lculo de la citada retenci\u00f3n cuando se trate de pagos por el ejercicio de profesiones liberales u oficios.<\/p>\n\n\n\n<ul class=\"wp-block-list\">\n<li>Suspender hasta el 31 de diciembre de 2023, inclusive, el procedimiento para aplicar la exclusi\u00f3n del R\u00e9gimen Simplificado para Peque\u00f1os Contribuyentes y el mecanismo de baja autom\u00e1tica.<\/li>\n<\/ul>\n\n\n\n<p>&#8212; Establecer un nuevo r\u00e9gimen opcional de presentaci\u00f3n de declaraciones juradas y pago de los impuestos, cuyos vencimientos operen durante enero de 2024, debiendo instrumentar el ingreso de un pago a cuenta por cada obligaci\u00f3n, en los t\u00e9rminos y condiciones que establezca la AFIP.<\/p>\n","protected":false},"excerpt":{"rendered":"<p>El MInisterio de Econom\u00eda que se instrumenten los beneficios a pymes, trabajadores aut\u00f3nomos y peque\u00f1os contribuyentes. El Ministerio de Econom\u00eda encomend\u00f3 a la AFIP el dictado de una serie de medidas de alivio fiscal para pymes, trabajadores aut\u00f3nomos y peque\u00f1os contribuyentes, entre las cuales se destaca un plan de facilidades de pago. A trav\u00e9s de [&hellip;]<\/p>\n","protected":false},"author":2,"featured_media":28231,"comment_status":"open","ping_status":"open","sticky":false,"template":"","format":"standard","meta":{"footnotes":""},"categories":[32],"tags":[],"class_list":["post-28230","post","type-post","status-publish","format-standard","has-post-thumbnail","hentry","category-economia"],"yoast_head":"<!-- This site is optimized with the Yoast SEO plugin v27.4 - https:\/\/yoast.com\/product\/yoast-seo-wordpress\/ -->\n<title>Encomiendan a AFIP el dictado de una serie de medidas de alivio fiscal | CVI NOTICIAS<\/title>\n<meta name=\"robots\" content=\"index, follow, max-snippet:-1, max-image-preview:large, max-video-preview:-1\" \/>\n<link rel=\"canonical\" href=\"https:\/\/cvinoticias.com\/v3\/encomiendan-a-afip-el-dictado-de-una-serie-de-medidas-de-alivio-fiscal\/\" \/>\n<meta property=\"og:locale\" content=\"es_ES\" \/>\n<meta property=\"og:type\" content=\"article\" \/>\n<meta property=\"og:title\" content=\"Encomiendan a AFIP el dictado de una serie de medidas de alivio fiscal | CVI NOTICIAS\" \/>\n<meta property=\"og:description\" content=\"El MInisterio de Econom\u00eda que se instrumenten los beneficios a pymes, trabajadores aut\u00f3nomos y peque\u00f1os contribuyentes. El Ministerio de Econom\u00eda encomend\u00f3 a la AFIP el dictado de una serie de medidas de alivio fiscal para pymes, trabajadores aut\u00f3nomos y peque\u00f1os contribuyentes, entre las cuales se destaca un plan de facilidades de pago. A trav\u00e9s de [&hellip;]\" \/>\n<meta property=\"og:url\" content=\"https:\/\/cvinoticias.com\/v3\/encomiendan-a-afip-el-dictado-de-una-serie-de-medidas-de-alivio-fiscal\/\" \/>\n<meta property=\"og:site_name\" content=\"CVI NOTICIAS\" \/>\n<meta property=\"article:publisher\" content=\"https:\/\/www.facebook.com\/cvinoticias\" \/>\n<meta property=\"article:published_time\" content=\"2023-09-22T12:33:37+00:00\" \/>\n<meta property=\"og:image\" content=\"https:\/\/cvinoticias.com\/wp-content\/uploads\/2023\/09\/22b4955fc5aa2a41cd4c297f17c80315_M.jpg\" \/>\n\t<meta property=\"og:image:width\" content=\"768\" \/>\n\t<meta property=\"og:image:height\" content=\"512\" \/>\n\t<meta property=\"og:image:type\" content=\"image\/jpeg\" \/>\n<meta name=\"author\" content=\"f1000024\" \/>\n<meta name=\"twitter:card\" content=\"summary_large_image\" \/>\n<meta name=\"twitter:label1\" content=\"Escrito por\" \/>\n\t<meta name=\"twitter:data1\" content=\"f1000024\" \/>\n\t<meta name=\"twitter:label2\" content=\"Tiempo de lectura\" \/>\n\t<meta name=\"twitter:data2\" content=\"3 minutos\" \/>\n<script type=\"application\/ld+json\" class=\"yoast-schema-graph\">{\"@context\":\"https:\\\/\\\/schema.org\",\"@graph\":[{\"@type\":\"Article\",\"@id\":\"https:\\\/\\\/cvinoticias.com\\\/v3\\\/encomiendan-a-afip-el-dictado-de-una-serie-de-medidas-de-alivio-fiscal\\\/#article\",\"isPartOf\":{\"@id\":\"https:\\\/\\\/cvinoticias.com\\\/v3\\\/encomiendan-a-afip-el-dictado-de-una-serie-de-medidas-de-alivio-fiscal\\\/\"},\"author\":{\"name\":\"f1000024\",\"@id\":\"https:\\\/\\\/cvinoticias.com\\\/v3\\\/#\\\/schema\\\/person\\\/2db77e3c6bc03c538495d7b2b8be9b66\"},\"headline\":\"Encomiendan a AFIP el dictado de una serie de medidas de alivio fiscal\",\"datePublished\":\"2023-09-22T12:33:37+00:00\",\"mainEntityOfPage\":{\"@id\":\"https:\\\/\\\/cvinoticias.com\\\/v3\\\/encomiendan-a-afip-el-dictado-de-una-serie-de-medidas-de-alivio-fiscal\\\/\"},\"wordCount\":687,\"commentCount\":0,\"publisher\":{\"@id\":\"https:\\\/\\\/cvinoticias.com\\\/v3\\\/#organization\"},\"image\":{\"@id\":\"https:\\\/\\\/cvinoticias.com\\\/v3\\\/encomiendan-a-afip-el-dictado-de-una-serie-de-medidas-de-alivio-fiscal\\\/#primaryimage\"},\"thumbnailUrl\":\"https:\\\/\\\/cvinoticias.com\\\/wp-content\\\/uploads\\\/2023\\\/09\\\/22b4955fc5aa2a41cd4c297f17c80315_M.jpg\",\"articleSection\":[\"Econom\u00eda\"],\"inLanguage\":\"es\",\"potentialAction\":[{\"@type\":\"CommentAction\",\"name\":\"Comment\",\"target\":[\"https:\\\/\\\/cvinoticias.com\\\/v3\\\/encomiendan-a-afip-el-dictado-de-una-serie-de-medidas-de-alivio-fiscal\\\/#respond\"]}]},{\"@type\":\"WebPage\",\"@id\":\"https:\\\/\\\/cvinoticias.com\\\/v3\\\/encomiendan-a-afip-el-dictado-de-una-serie-de-medidas-de-alivio-fiscal\\\/\",\"url\":\"https:\\\/\\\/cvinoticias.com\\\/v3\\\/encomiendan-a-afip-el-dictado-de-una-serie-de-medidas-de-alivio-fiscal\\\/\",\"name\":\"Encomiendan a AFIP el dictado de una serie de medidas de alivio fiscal | CVI NOTICIAS\",\"isPartOf\":{\"@id\":\"https:\\\/\\\/cvinoticias.com\\\/v3\\\/#website\"},\"primaryImageOfPage\":{\"@id\":\"https:\\\/\\\/cvinoticias.com\\\/v3\\\/encomiendan-a-afip-el-dictado-de-una-serie-de-medidas-de-alivio-fiscal\\\/#primaryimage\"},\"image\":{\"@id\":\"https:\\\/\\\/cvinoticias.com\\\/v3\\\/encomiendan-a-afip-el-dictado-de-una-serie-de-medidas-de-alivio-fiscal\\\/#primaryimage\"},\"thumbnailUrl\":\"https:\\\/\\\/cvinoticias.com\\\/wp-content\\\/uploads\\\/2023\\\/09\\\/22b4955fc5aa2a41cd4c297f17c80315_M.jpg\",\"datePublished\":\"2023-09-22T12:33:37+00:00\",\"breadcrumb\":{\"@id\":\"https:\\\/\\\/cvinoticias.com\\\/v3\\\/encomiendan-a-afip-el-dictado-de-una-serie-de-medidas-de-alivio-fiscal\\\/#breadcrumb\"},\"inLanguage\":\"es\",\"potentialAction\":[{\"@type\":\"ReadAction\",\"target\":[\"https:\\\/\\\/cvinoticias.com\\\/v3\\\/encomiendan-a-afip-el-dictado-de-una-serie-de-medidas-de-alivio-fiscal\\\/\"]}]},{\"@type\":\"ImageObject\",\"inLanguage\":\"es\",\"@id\":\"https:\\\/\\\/cvinoticias.com\\\/v3\\\/encomiendan-a-afip-el-dictado-de-una-serie-de-medidas-de-alivio-fiscal\\\/#primaryimage\",\"url\":\"https:\\\/\\\/cvinoticias.com\\\/wp-content\\\/uploads\\\/2023\\\/09\\\/22b4955fc5aa2a41cd4c297f17c80315_M.jpg\",\"contentUrl\":\"https:\\\/\\\/cvinoticias.com\\\/wp-content\\\/uploads\\\/2023\\\/09\\\/22b4955fc5aa2a41cd4c297f17c80315_M.jpg\",\"width\":768,\"height\":512},{\"@type\":\"BreadcrumbList\",\"@id\":\"https:\\\/\\\/cvinoticias.com\\\/v3\\\/encomiendan-a-afip-el-dictado-de-una-serie-de-medidas-de-alivio-fiscal\\\/#breadcrumb\",\"itemListElement\":[{\"@type\":\"ListItem\",\"position\":1,\"name\":\"Portada\",\"item\":\"https:\\\/\\\/cvinoticias.com\\\/v3\\\/\"},{\"@type\":\"ListItem\",\"position\":2,\"name\":\"Encomiendan a AFIP el dictado de una serie de medidas de alivio fiscal\"}]},{\"@type\":\"WebSite\",\"@id\":\"https:\\\/\\\/cvinoticias.com\\\/v3\\\/#website\",\"url\":\"https:\\\/\\\/cvinoticias.com\\\/v3\\\/\",\"name\":\"CVI NOTICIAS\",\"description\":\"\",\"publisher\":{\"@id\":\"https:\\\/\\\/cvinoticias.com\\\/v3\\\/#organization\"},\"alternateName\":\"CVI\",\"potentialAction\":[{\"@type\":\"SearchAction\",\"target\":{\"@type\":\"EntryPoint\",\"urlTemplate\":\"https:\\\/\\\/cvinoticias.com\\\/v3\\\/?s={search_term_string}\"},\"query-input\":{\"@type\":\"PropertyValueSpecification\",\"valueRequired\":true,\"valueName\":\"search_term_string\"}}],\"inLanguage\":\"es\"},{\"@type\":\"Organization\",\"@id\":\"https:\\\/\\\/cvinoticias.com\\\/v3\\\/#organization\",\"name\":\"CVI NOTICIAS\",\"url\":\"https:\\\/\\\/cvinoticias.com\\\/v3\\\/\",\"logo\":{\"@type\":\"ImageObject\",\"inLanguage\":\"es\",\"@id\":\"https:\\\/\\\/cvinoticias.com\\\/v3\\\/#\\\/schema\\\/logo\\\/image\\\/\",\"url\":\"https:\\\/\\\/cvinoticias.com\\\/wp-content\\\/uploads\\\/2023\\\/04\\\/cropped-cropped-cropped-cropped-cropped-3-1.png\",\"contentUrl\":\"https:\\\/\\\/cvinoticias.com\\\/wp-content\\\/uploads\\\/2023\\\/04\\\/cropped-cropped-cropped-cropped-cropped-3-1.png\",\"width\":95,\"height\":122,\"caption\":\"CVI NOTICIAS\"},\"image\":{\"@id\":\"https:\\\/\\\/cvinoticias.com\\\/v3\\\/#\\\/schema\\\/logo\\\/image\\\/\"},\"sameAs\":[\"https:\\\/\\\/www.facebook.com\\\/cvinoticias\",\"https:\\\/\\\/www.instagram.com\\\/cvinoticias\\\/\",\"https:\\\/\\\/www.youtube.com\\\/@CVINOTICIAS\"]},{\"@type\":\"Person\",\"@id\":\"https:\\\/\\\/cvinoticias.com\\\/v3\\\/#\\\/schema\\\/person\\\/2db77e3c6bc03c538495d7b2b8be9b66\",\"name\":\"f1000024\",\"image\":{\"@type\":\"ImageObject\",\"inLanguage\":\"es\",\"@id\":\"https:\\\/\\\/secure.gravatar.com\\\/avatar\\\/d4fe7459cfc51ff5129ce1a732bbef5928568b8092d412ef95611616376bbeed?s=96&d=mm&r=g\",\"url\":\"https:\\\/\\\/secure.gravatar.com\\\/avatar\\\/d4fe7459cfc51ff5129ce1a732bbef5928568b8092d412ef95611616376bbeed?s=96&d=mm&r=g\",\"contentUrl\":\"https:\\\/\\\/secure.gravatar.com\\\/avatar\\\/d4fe7459cfc51ff5129ce1a732bbef5928568b8092d412ef95611616376bbeed?s=96&d=mm&r=g\",\"caption\":\"f1000024\"},\"url\":\"https:\\\/\\\/cvinoticias.com\\\/v3\\\/author\\\/f1000024\\\/\"}]}<\/script>\n<!-- \/ Yoast SEO plugin. -->","yoast_head_json":{"title":"Encomiendan a AFIP el dictado de una serie de medidas de alivio fiscal | CVI NOTICIAS","robots":{"index":"index","follow":"follow","max-snippet":"max-snippet:-1","max-image-preview":"max-image-preview:large","max-video-preview":"max-video-preview:-1"},"canonical":"https:\/\/cvinoticias.com\/v3\/encomiendan-a-afip-el-dictado-de-una-serie-de-medidas-de-alivio-fiscal\/","og_locale":"es_ES","og_type":"article","og_title":"Encomiendan a AFIP el dictado de una serie de medidas de alivio fiscal | CVI NOTICIAS","og_description":"El MInisterio de Econom\u00eda que se instrumenten los beneficios a pymes, trabajadores aut\u00f3nomos y peque\u00f1os contribuyentes. El Ministerio de Econom\u00eda encomend\u00f3 a la AFIP el dictado de una serie de medidas de alivio fiscal para pymes, trabajadores aut\u00f3nomos y peque\u00f1os contribuyentes, entre las cuales se destaca un plan de facilidades de pago. A trav\u00e9s de [&hellip;]","og_url":"https:\/\/cvinoticias.com\/v3\/encomiendan-a-afip-el-dictado-de-una-serie-de-medidas-de-alivio-fiscal\/","og_site_name":"CVI NOTICIAS","article_publisher":"https:\/\/www.facebook.com\/cvinoticias","article_published_time":"2023-09-22T12:33:37+00:00","og_image":[{"width":768,"height":512,"url":"https:\/\/cvinoticias.com\/wp-content\/uploads\/2023\/09\/22b4955fc5aa2a41cd4c297f17c80315_M.jpg","type":"image\/jpeg"}],"author":"f1000024","twitter_card":"summary_large_image","twitter_misc":{"Escrito por":"f1000024","Tiempo de lectura":"3 minutos"},"schema":{"@context":"https:\/\/schema.org","@graph":[{"@type":"Article","@id":"https:\/\/cvinoticias.com\/v3\/encomiendan-a-afip-el-dictado-de-una-serie-de-medidas-de-alivio-fiscal\/#article","isPartOf":{"@id":"https:\/\/cvinoticias.com\/v3\/encomiendan-a-afip-el-dictado-de-una-serie-de-medidas-de-alivio-fiscal\/"},"author":{"name":"f1000024","@id":"https:\/\/cvinoticias.com\/v3\/#\/schema\/person\/2db77e3c6bc03c538495d7b2b8be9b66"},"headline":"Encomiendan a AFIP el dictado de una serie de medidas de alivio fiscal","datePublished":"2023-09-22T12:33:37+00:00","mainEntityOfPage":{"@id":"https:\/\/cvinoticias.com\/v3\/encomiendan-a-afip-el-dictado-de-una-serie-de-medidas-de-alivio-fiscal\/"},"wordCount":687,"commentCount":0,"publisher":{"@id":"https:\/\/cvinoticias.com\/v3\/#organization"},"image":{"@id":"https:\/\/cvinoticias.com\/v3\/encomiendan-a-afip-el-dictado-de-una-serie-de-medidas-de-alivio-fiscal\/#primaryimage"},"thumbnailUrl":"https:\/\/cvinoticias.com\/wp-content\/uploads\/2023\/09\/22b4955fc5aa2a41cd4c297f17c80315_M.jpg","articleSection":["Econom\u00eda"],"inLanguage":"es","potentialAction":[{"@type":"CommentAction","name":"Comment","target":["https:\/\/cvinoticias.com\/v3\/encomiendan-a-afip-el-dictado-de-una-serie-de-medidas-de-alivio-fiscal\/#respond"]}]},{"@type":"WebPage","@id":"https:\/\/cvinoticias.com\/v3\/encomiendan-a-afip-el-dictado-de-una-serie-de-medidas-de-alivio-fiscal\/","url":"https:\/\/cvinoticias.com\/v3\/encomiendan-a-afip-el-dictado-de-una-serie-de-medidas-de-alivio-fiscal\/","name":"Encomiendan a AFIP el dictado de una serie de medidas de alivio fiscal | CVI NOTICIAS","isPartOf":{"@id":"https:\/\/cvinoticias.com\/v3\/#website"},"primaryImageOfPage":{"@id":"https:\/\/cvinoticias.com\/v3\/encomiendan-a-afip-el-dictado-de-una-serie-de-medidas-de-alivio-fiscal\/#primaryimage"},"image":{"@id":"https:\/\/cvinoticias.com\/v3\/encomiendan-a-afip-el-dictado-de-una-serie-de-medidas-de-alivio-fiscal\/#primaryimage"},"thumbnailUrl":"https:\/\/cvinoticias.com\/wp-content\/uploads\/2023\/09\/22b4955fc5aa2a41cd4c297f17c80315_M.jpg","datePublished":"2023-09-22T12:33:37+00:00","breadcrumb":{"@id":"https:\/\/cvinoticias.com\/v3\/encomiendan-a-afip-el-dictado-de-una-serie-de-medidas-de-alivio-fiscal\/#breadcrumb"},"inLanguage":"es","potentialAction":[{"@type":"ReadAction","target":["https:\/\/cvinoticias.com\/v3\/encomiendan-a-afip-el-dictado-de-una-serie-de-medidas-de-alivio-fiscal\/"]}]},{"@type":"ImageObject","inLanguage":"es","@id":"https:\/\/cvinoticias.com\/v3\/encomiendan-a-afip-el-dictado-de-una-serie-de-medidas-de-alivio-fiscal\/#primaryimage","url":"https:\/\/cvinoticias.com\/wp-content\/uploads\/2023\/09\/22b4955fc5aa2a41cd4c297f17c80315_M.jpg","contentUrl":"https:\/\/cvinoticias.com\/wp-content\/uploads\/2023\/09\/22b4955fc5aa2a41cd4c297f17c80315_M.jpg","width":768,"height":512},{"@type":"BreadcrumbList","@id":"https:\/\/cvinoticias.com\/v3\/encomiendan-a-afip-el-dictado-de-una-serie-de-medidas-de-alivio-fiscal\/#breadcrumb","itemListElement":[{"@type":"ListItem","position":1,"name":"Portada","item":"https:\/\/cvinoticias.com\/v3\/"},{"@type":"ListItem","position":2,"name":"Encomiendan a AFIP el dictado de una serie de medidas de alivio fiscal"}]},{"@type":"WebSite","@id":"https:\/\/cvinoticias.com\/v3\/#website","url":"https:\/\/cvinoticias.com\/v3\/","name":"CVI NOTICIAS","description":"","publisher":{"@id":"https:\/\/cvinoticias.com\/v3\/#organization"},"alternateName":"CVI","potentialAction":[{"@type":"SearchAction","target":{"@type":"EntryPoint","urlTemplate":"https:\/\/cvinoticias.com\/v3\/?s={search_term_string}"},"query-input":{"@type":"PropertyValueSpecification","valueRequired":true,"valueName":"search_term_string"}}],"inLanguage":"es"},{"@type":"Organization","@id":"https:\/\/cvinoticias.com\/v3\/#organization","name":"CVI NOTICIAS","url":"https:\/\/cvinoticias.com\/v3\/","logo":{"@type":"ImageObject","inLanguage":"es","@id":"https:\/\/cvinoticias.com\/v3\/#\/schema\/logo\/image\/","url":"https:\/\/cvinoticias.com\/wp-content\/uploads\/2023\/04\/cropped-cropped-cropped-cropped-cropped-3-1.png","contentUrl":"https:\/\/cvinoticias.com\/wp-content\/uploads\/2023\/04\/cropped-cropped-cropped-cropped-cropped-3-1.png","width":95,"height":122,"caption":"CVI NOTICIAS"},"image":{"@id":"https:\/\/cvinoticias.com\/v3\/#\/schema\/logo\/image\/"},"sameAs":["https:\/\/www.facebook.com\/cvinoticias","https:\/\/www.instagram.com\/cvinoticias\/","https:\/\/www.youtube.com\/@CVINOTICIAS"]},{"@type":"Person","@id":"https:\/\/cvinoticias.com\/v3\/#\/schema\/person\/2db77e3c6bc03c538495d7b2b8be9b66","name":"f1000024","image":{"@type":"ImageObject","inLanguage":"es","@id":"https:\/\/secure.gravatar.com\/avatar\/d4fe7459cfc51ff5129ce1a732bbef5928568b8092d412ef95611616376bbeed?s=96&d=mm&r=g","url":"https:\/\/secure.gravatar.com\/avatar\/d4fe7459cfc51ff5129ce1a732bbef5928568b8092d412ef95611616376bbeed?s=96&d=mm&r=g","contentUrl":"https:\/\/secure.gravatar.com\/avatar\/d4fe7459cfc51ff5129ce1a732bbef5928568b8092d412ef95611616376bbeed?s=96&d=mm&r=g","caption":"f1000024"},"url":"https:\/\/cvinoticias.com\/v3\/author\/f1000024\/"}]}},"_links":{"self":[{"href":"https:\/\/cvinoticias.com\/v3\/wp-json\/wp\/v2\/posts\/28230","targetHints":{"allow":["GET"]}}],"collection":[{"href":"https:\/\/cvinoticias.com\/v3\/wp-json\/wp\/v2\/posts"}],"about":[{"href":"https:\/\/cvinoticias.com\/v3\/wp-json\/wp\/v2\/types\/post"}],"author":[{"embeddable":true,"href":"https:\/\/cvinoticias.com\/v3\/wp-json\/wp\/v2\/users\/2"}],"replies":[{"embeddable":true,"href":"https:\/\/cvinoticias.com\/v3\/wp-json\/wp\/v2\/comments?post=28230"}],"version-history":[{"count":1,"href":"https:\/\/cvinoticias.com\/v3\/wp-json\/wp\/v2\/posts\/28230\/revisions"}],"predecessor-version":[{"id":28232,"href":"https:\/\/cvinoticias.com\/v3\/wp-json\/wp\/v2\/posts\/28230\/revisions\/28232"}],"wp:featuredmedia":[{"embeddable":true,"href":"https:\/\/cvinoticias.com\/v3\/wp-json\/wp\/v2\/media\/28231"}],"wp:attachment":[{"href":"https:\/\/cvinoticias.com\/v3\/wp-json\/wp\/v2\/media?parent=28230"}],"wp:term":[{"taxonomy":"category","embeddable":true,"href":"https:\/\/cvinoticias.com\/v3\/wp-json\/wp\/v2\/categories?post=28230"},{"taxonomy":"post_tag","embeddable":true,"href":"https:\/\/cvinoticias.com\/v3\/wp-json\/wp\/v2\/tags?post=28230"}],"curies":[{"name":"wp","href":"https:\/\/api.w.org\/{rel}","templated":true}]}}