{"id":28227,"date":"2023-09-22T12:25:17","date_gmt":"2023-09-22T12:25:17","guid":{"rendered":"https:\/\/cvinoticias.com\/v3\/?p=28227"},"modified":"2023-09-22T12:25:17","modified_gmt":"2023-09-22T12:25:17","slug":"hoy-se-celebra-el-dia-mundial-sin-automovil","status":"publish","type":"post","link":"https:\/\/cvinoticias.com\/v3\/hoy-se-celebra-el-dia-mundial-sin-automovil\/","title":{"rendered":"Hoy se celebra el D\u00eda Mundial sin Autom\u00f3vil"},"content":{"rendered":"\n<p><strong><em>Cada 22 de septiembre se celebra el D\u00eda Mundial sin Autom\u00f3vil, desde que se estableci\u00f3 esta fecha en 1998 y se llev\u00f3 a cabo la primera jornada en el marco de la Semana de la Movilidad.<\/em><\/strong><\/p>\n\n\n\n<p>El origen del D\u00eda Mundial sin Autom\u00f3vil se remonta a una primera manifestaci\u00f3n ocurrida en 1973, durante la crisis petrolera. Los pa\u00edses aliados en la OPEP (Organizaci\u00f3n de Pa\u00edses \u00c1rabes Exportadores de Petr\u00f3leo) cortaron por primera vez sus ventas a los pa\u00edses que apoyaron a Israel durante la guerra de Yom Kipur, incentivando el uso de alternativas independientes de los combustibles f\u00f3siles.<\/p>\n\n\n\n<p>Pero la celebraci\u00f3n se efectiviz\u00f3 formalmente en 1998, cuando se estableci\u00f3 que el 22 de septiembre se conmemore el D\u00eda sin Autom\u00f3viles. Las primeras ciudades que se sumaron a este movimiento fueron Reykjavik (Islandia), La Rochelle (Francia) y Bath (Reino Unido). A nivel nacional, el primer D\u00eda sin Autom\u00f3vil se celebr\u00f3 en Gran Breta\u00f1a.<\/p>\n\n\n\n<p><strong>Cu\u00e1les son los contaminantes que arrojan los autom\u00f3viles<\/strong><\/p>\n\n\n\n<p>Adem\u00e1s de reducir la esperanza de vida de la poblaci\u00f3n mundial, la circulaci\u00f3n en autom\u00f3vil aporta grandes cantidades de di\u00f3xido de carbono a la atm\u00f3sfera (2,28 toneladas, seg\u00fan un estudio de la Organizaci\u00f3n de Consumidores y Usuarios).<\/p>\n\n\n\n<p>La Organizaci\u00f3n Mundial de la Salud se qued\u00f3 atr\u00e1s cuando estim\u00f3 que unas 80.000 personas adultas mor\u00edan a causa de la exposici\u00f3n constante a los contaminantes del tr\u00e1fico en las grandes ciudades. La cifra se elev\u00f3 a m\u00e1s de 310.000 personas fallecidas.<\/p>\n\n\n\n<p>Por lo tanto, el incentivo del uso de otros medios de transporte, principalmente las eco bicis, es una urgencia que deben analizar todos los gobiernos, propiciando las condiciones b\u00e1sicas para que los ciudadanos puedan avanzar en ellas.<\/p>\n\n\n\n<p>En conclusi\u00f3n, los veh\u00edculos cuyo sistema procede a trav\u00e9s de la quema de combustibles f\u00f3siles, ya sea gas, carb\u00f3n o petr\u00f3leo, producen una gran cantidad de di\u00f3xido de carbono y otros gases que contaminan el aire que se respira. Entre ellos: mon\u00f3xido de carbono, hidrocarburos no quemados, compuestos de plomo, \u00f3xidos de nitr\u00f3geno, anh\u00eddrido sulfuroso y part\u00edculas s\u00f3lidas.<\/p>\n\n\n\n<p><strong>Las opciones para celebrar el D\u00eda sin Autom\u00f3vil en la Argentina<\/strong><\/p>\n\n\n\n<p>Nuestro pa\u00eds se une a esta celebraci\u00f3n mundial a trav\u00e9s del Ministerio de Transporte y su Agencia Nacional de Seguridad Vial. La iniciativa completa se puede revisar en el sitio web oficial del organismo.<\/p>\n\n\n\n<p>Seg\u00fan se indica all\u00ed: \u201cLa semana de la movilidad sustentable busca visibilizar y generar conciencia los efectos del cambio clim\u00e1tico, a partir de promover formas alternativas de tr\u00e1nsito como el uso de la bicicleta, la caminata y los viajes en transporte p\u00fablico, que aportan al desarrollo sostenible, mejoran el uso y apreciaci\u00f3n del espacio p\u00fablico por parte de los ciudadanos\u201d.<\/p>\n","protected":false},"excerpt":{"rendered":"<p>Cada 22 de septiembre se celebra el D\u00eda Mundial sin Autom\u00f3vil, desde que se estableci\u00f3 esta fecha en 1998 y se llev\u00f3 a cabo la primera jornada en el marco de la Semana de la Movilidad. El origen del D\u00eda Mundial sin Autom\u00f3vil se remonta a una primera manifestaci\u00f3n ocurrida en 1973, durante la crisis [&hellip;]<\/p>\n","protected":false},"author":2,"featured_media":28228,"comment_status":"open","ping_status":"open","sticky":false,"template":"","format":"standard","meta":{"footnotes":""},"categories":[35],"tags":[],"class_list":["post-28227","post","type-post","status-publish","format-standard","has-post-thumbnail","hentry","category-informacion-general"],"yoast_head":"<!-- This site is optimized with the Yoast SEO plugin v27.5 - https:\/\/yoast.com\/product\/yoast-seo-wordpress\/ -->\n<title>Hoy se celebra el D\u00eda Mundial sin Autom\u00f3vil | CVI NOTICIAS<\/title>\n<meta name=\"robots\" content=\"index, follow, max-snippet:-1, max-image-preview:large, max-video-preview:-1\" \/>\n<link rel=\"canonical\" href=\"https:\/\/cvinoticias.com\/v3\/hoy-se-celebra-el-dia-mundial-sin-automovil\/\" \/>\n<meta property=\"og:locale\" content=\"es_ES\" \/>\n<meta property=\"og:type\" content=\"article\" \/>\n<meta property=\"og:title\" content=\"Hoy se celebra el D\u00eda Mundial sin Autom\u00f3vil | CVI NOTICIAS\" \/>\n<meta property=\"og:description\" content=\"Cada 22 de septiembre se celebra el D\u00eda Mundial sin Autom\u00f3vil, desde que se estableci\u00f3 esta fecha en 1998 y se llev\u00f3 a cabo la primera jornada en el marco de la Semana de la Movilidad. El origen del D\u00eda Mundial sin Autom\u00f3vil se remonta a una primera manifestaci\u00f3n ocurrida en 1973, durante la crisis [&hellip;]\" \/>\n<meta property=\"og:url\" content=\"https:\/\/cvinoticias.com\/v3\/hoy-se-celebra-el-dia-mundial-sin-automovil\/\" \/>\n<meta property=\"og:site_name\" content=\"CVI NOTICIAS\" \/>\n<meta property=\"article:publisher\" content=\"https:\/\/www.facebook.com\/cvinoticias\" \/>\n<meta property=\"article:published_time\" content=\"2023-09-22T12:25:17+00:00\" \/>\n<meta property=\"og:image\" content=\"https:\/\/cvinoticias.com\/wp-content\/uploads\/2023\/09\/despues-de-cuatro-meses-se-reabren-plazas-y-7FBUL2O5VNFZZGUYN5A6YNWBXM.jpg\" \/>\n\t<meta property=\"og:image:width\" content=\"420\" \/>\n\t<meta property=\"og:image:height\" content=\"280\" \/>\n\t<meta property=\"og:image:type\" content=\"image\/jpeg\" \/>\n<meta name=\"author\" content=\"f1000024\" \/>\n<meta name=\"twitter:card\" content=\"summary_large_image\" \/>\n<meta name=\"twitter:label1\" content=\"Escrito por\" \/>\n\t<meta name=\"twitter:data1\" content=\"f1000024\" \/>\n\t<meta name=\"twitter:label2\" content=\"Tiempo de lectura\" \/>\n\t<meta name=\"twitter:data2\" content=\"2 minutos\" \/>\n<script type=\"application\/ld+json\" class=\"yoast-schema-graph\">{\"@context\":\"https:\\\/\\\/schema.org\",\"@graph\":[{\"@type\":\"Article\",\"@id\":\"https:\\\/\\\/cvinoticias.com\\\/v3\\\/hoy-se-celebra-el-dia-mundial-sin-automovil\\\/#article\",\"isPartOf\":{\"@id\":\"https:\\\/\\\/cvinoticias.com\\\/v3\\\/hoy-se-celebra-el-dia-mundial-sin-automovil\\\/\"},\"author\":{\"name\":\"f1000024\",\"@id\":\"https:\\\/\\\/cvinoticias.com\\\/v3\\\/#\\\/schema\\\/person\\\/2db77e3c6bc03c538495d7b2b8be9b66\"},\"headline\":\"Hoy se celebra el D\u00eda Mundial sin Autom\u00f3vil\",\"datePublished\":\"2023-09-22T12:25:17+00:00\",\"mainEntityOfPage\":{\"@id\":\"https:\\\/\\\/cvinoticias.com\\\/v3\\\/hoy-se-celebra-el-dia-mundial-sin-automovil\\\/\"},\"wordCount\":498,\"commentCount\":0,\"publisher\":{\"@id\":\"https:\\\/\\\/cvinoticias.com\\\/v3\\\/#organization\"},\"image\":{\"@id\":\"https:\\\/\\\/cvinoticias.com\\\/v3\\\/hoy-se-celebra-el-dia-mundial-sin-automovil\\\/#primaryimage\"},\"thumbnailUrl\":\"https:\\\/\\\/cvinoticias.com\\\/wp-content\\\/uploads\\\/2023\\\/09\\\/despues-de-cuatro-meses-se-reabren-plazas-y-7FBUL2O5VNFZZGUYN5A6YNWBXM.jpg\",\"articleSection\":[\"Informaci\u00f3n General\"],\"inLanguage\":\"es\",\"potentialAction\":[{\"@type\":\"CommentAction\",\"name\":\"Comment\",\"target\":[\"https:\\\/\\\/cvinoticias.com\\\/v3\\\/hoy-se-celebra-el-dia-mundial-sin-automovil\\\/#respond\"]}]},{\"@type\":\"WebPage\",\"@id\":\"https:\\\/\\\/cvinoticias.com\\\/v3\\\/hoy-se-celebra-el-dia-mundial-sin-automovil\\\/\",\"url\":\"https:\\\/\\\/cvinoticias.com\\\/v3\\\/hoy-se-celebra-el-dia-mundial-sin-automovil\\\/\",\"name\":\"Hoy se celebra el D\u00eda Mundial sin Autom\u00f3vil | CVI NOTICIAS\",\"isPartOf\":{\"@id\":\"https:\\\/\\\/cvinoticias.com\\\/v3\\\/#website\"},\"primaryImageOfPage\":{\"@id\":\"https:\\\/\\\/cvinoticias.com\\\/v3\\\/hoy-se-celebra-el-dia-mundial-sin-automovil\\\/#primaryimage\"},\"image\":{\"@id\":\"https:\\\/\\\/cvinoticias.com\\\/v3\\\/hoy-se-celebra-el-dia-mundial-sin-automovil\\\/#primaryimage\"},\"thumbnailUrl\":\"https:\\\/\\\/cvinoticias.com\\\/wp-content\\\/uploads\\\/2023\\\/09\\\/despues-de-cuatro-meses-se-reabren-plazas-y-7FBUL2O5VNFZZGUYN5A6YNWBXM.jpg\",\"datePublished\":\"2023-09-22T12:25:17+00:00\",\"breadcrumb\":{\"@id\":\"https:\\\/\\\/cvinoticias.com\\\/v3\\\/hoy-se-celebra-el-dia-mundial-sin-automovil\\\/#breadcrumb\"},\"inLanguage\":\"es\",\"potentialAction\":[{\"@type\":\"ReadAction\",\"target\":[\"https:\\\/\\\/cvinoticias.com\\\/v3\\\/hoy-se-celebra-el-dia-mundial-sin-automovil\\\/\"]}]},{\"@type\":\"ImageObject\",\"inLanguage\":\"es\",\"@id\":\"https:\\\/\\\/cvinoticias.com\\\/v3\\\/hoy-se-celebra-el-dia-mundial-sin-automovil\\\/#primaryimage\",\"url\":\"https:\\\/\\\/cvinoticias.com\\\/wp-content\\\/uploads\\\/2023\\\/09\\\/despues-de-cuatro-meses-se-reabren-plazas-y-7FBUL2O5VNFZZGUYN5A6YNWBXM.jpg\",\"contentUrl\":\"https:\\\/\\\/cvinoticias.com\\\/wp-content\\\/uploads\\\/2023\\\/09\\\/despues-de-cuatro-meses-se-reabren-plazas-y-7FBUL2O5VNFZZGUYN5A6YNWBXM.jpg\",\"width\":420,\"height\":280},{\"@type\":\"BreadcrumbList\",\"@id\":\"https:\\\/\\\/cvinoticias.com\\\/v3\\\/hoy-se-celebra-el-dia-mundial-sin-automovil\\\/#breadcrumb\",\"itemListElement\":[{\"@type\":\"ListItem\",\"position\":1,\"name\":\"Portada\",\"item\":\"https:\\\/\\\/cvinoticias.com\\\/v3\\\/\"},{\"@type\":\"ListItem\",\"position\":2,\"name\":\"Hoy se celebra el D\u00eda Mundial sin Autom\u00f3vil\"}]},{\"@type\":\"WebSite\",\"@id\":\"https:\\\/\\\/cvinoticias.com\\\/v3\\\/#website\",\"url\":\"https:\\\/\\\/cvinoticias.com\\\/v3\\\/\",\"name\":\"CVI NOTICIAS\",\"description\":\"\",\"publisher\":{\"@id\":\"https:\\\/\\\/cvinoticias.com\\\/v3\\\/#organization\"},\"alternateName\":\"CVI\",\"potentialAction\":[{\"@type\":\"SearchAction\",\"target\":{\"@type\":\"EntryPoint\",\"urlTemplate\":\"https:\\\/\\\/cvinoticias.com\\\/v3\\\/?s={search_term_string}\"},\"query-input\":{\"@type\":\"PropertyValueSpecification\",\"valueRequired\":true,\"valueName\":\"search_term_string\"}}],\"inLanguage\":\"es\"},{\"@type\":\"Organization\",\"@id\":\"https:\\\/\\\/cvinoticias.com\\\/v3\\\/#organization\",\"name\":\"CVI NOTICIAS\",\"url\":\"https:\\\/\\\/cvinoticias.com\\\/v3\\\/\",\"logo\":{\"@type\":\"ImageObject\",\"inLanguage\":\"es\",\"@id\":\"https:\\\/\\\/cvinoticias.com\\\/v3\\\/#\\\/schema\\\/logo\\\/image\\\/\",\"url\":\"https:\\\/\\\/cvinoticias.com\\\/wp-content\\\/uploads\\\/2023\\\/04\\\/cropped-cropped-cropped-cropped-cropped-3-1.png\",\"contentUrl\":\"https:\\\/\\\/cvinoticias.com\\\/wp-content\\\/uploads\\\/2023\\\/04\\\/cropped-cropped-cropped-cropped-cropped-3-1.png\",\"width\":95,\"height\":122,\"caption\":\"CVI NOTICIAS\"},\"image\":{\"@id\":\"https:\\\/\\\/cvinoticias.com\\\/v3\\\/#\\\/schema\\\/logo\\\/image\\\/\"},\"sameAs\":[\"https:\\\/\\\/www.facebook.com\\\/cvinoticias\",\"https:\\\/\\\/www.instagram.com\\\/cvinoticias\\\/\",\"https:\\\/\\\/www.youtube.com\\\/@CVINOTICIAS\"]},{\"@type\":\"Person\",\"@id\":\"https:\\\/\\\/cvinoticias.com\\\/v3\\\/#\\\/schema\\\/person\\\/2db77e3c6bc03c538495d7b2b8be9b66\",\"name\":\"f1000024\",\"image\":{\"@type\":\"ImageObject\",\"inLanguage\":\"es\",\"@id\":\"https:\\\/\\\/secure.gravatar.com\\\/avatar\\\/d4fe7459cfc51ff5129ce1a732bbef5928568b8092d412ef95611616376bbeed?s=96&d=mm&r=g\",\"url\":\"https:\\\/\\\/secure.gravatar.com\\\/avatar\\\/d4fe7459cfc51ff5129ce1a732bbef5928568b8092d412ef95611616376bbeed?s=96&d=mm&r=g\",\"contentUrl\":\"https:\\\/\\\/secure.gravatar.com\\\/avatar\\\/d4fe7459cfc51ff5129ce1a732bbef5928568b8092d412ef95611616376bbeed?s=96&d=mm&r=g\",\"caption\":\"f1000024\"},\"url\":\"https:\\\/\\\/cvinoticias.com\\\/v3\\\/author\\\/f1000024\\\/\"}]}<\/script>\n<!-- \/ Yoast SEO plugin. -->","yoast_head_json":{"title":"Hoy se celebra el D\u00eda Mundial sin Autom\u00f3vil | CVI NOTICIAS","robots":{"index":"index","follow":"follow","max-snippet":"max-snippet:-1","max-image-preview":"max-image-preview:large","max-video-preview":"max-video-preview:-1"},"canonical":"https:\/\/cvinoticias.com\/v3\/hoy-se-celebra-el-dia-mundial-sin-automovil\/","og_locale":"es_ES","og_type":"article","og_title":"Hoy se celebra el D\u00eda Mundial sin Autom\u00f3vil | CVI NOTICIAS","og_description":"Cada 22 de septiembre se celebra el D\u00eda Mundial sin Autom\u00f3vil, desde que se estableci\u00f3 esta fecha en 1998 y se llev\u00f3 a cabo la primera jornada en el marco de la Semana de la Movilidad. El origen del D\u00eda Mundial sin Autom\u00f3vil se remonta a una primera manifestaci\u00f3n ocurrida en 1973, durante la crisis [&hellip;]","og_url":"https:\/\/cvinoticias.com\/v3\/hoy-se-celebra-el-dia-mundial-sin-automovil\/","og_site_name":"CVI NOTICIAS","article_publisher":"https:\/\/www.facebook.com\/cvinoticias","article_published_time":"2023-09-22T12:25:17+00:00","og_image":[{"width":420,"height":280,"url":"https:\/\/cvinoticias.com\/wp-content\/uploads\/2023\/09\/despues-de-cuatro-meses-se-reabren-plazas-y-7FBUL2O5VNFZZGUYN5A6YNWBXM.jpg","type":"image\/jpeg"}],"author":"f1000024","twitter_card":"summary_large_image","twitter_misc":{"Escrito por":"f1000024","Tiempo de lectura":"2 minutos"},"schema":{"@context":"https:\/\/schema.org","@graph":[{"@type":"Article","@id":"https:\/\/cvinoticias.com\/v3\/hoy-se-celebra-el-dia-mundial-sin-automovil\/#article","isPartOf":{"@id":"https:\/\/cvinoticias.com\/v3\/hoy-se-celebra-el-dia-mundial-sin-automovil\/"},"author":{"name":"f1000024","@id":"https:\/\/cvinoticias.com\/v3\/#\/schema\/person\/2db77e3c6bc03c538495d7b2b8be9b66"},"headline":"Hoy se celebra el D\u00eda Mundial sin Autom\u00f3vil","datePublished":"2023-09-22T12:25:17+00:00","mainEntityOfPage":{"@id":"https:\/\/cvinoticias.com\/v3\/hoy-se-celebra-el-dia-mundial-sin-automovil\/"},"wordCount":498,"commentCount":0,"publisher":{"@id":"https:\/\/cvinoticias.com\/v3\/#organization"},"image":{"@id":"https:\/\/cvinoticias.com\/v3\/hoy-se-celebra-el-dia-mundial-sin-automovil\/#primaryimage"},"thumbnailUrl":"https:\/\/cvinoticias.com\/wp-content\/uploads\/2023\/09\/despues-de-cuatro-meses-se-reabren-plazas-y-7FBUL2O5VNFZZGUYN5A6YNWBXM.jpg","articleSection":["Informaci\u00f3n General"],"inLanguage":"es","potentialAction":[{"@type":"CommentAction","name":"Comment","target":["https:\/\/cvinoticias.com\/v3\/hoy-se-celebra-el-dia-mundial-sin-automovil\/#respond"]}]},{"@type":"WebPage","@id":"https:\/\/cvinoticias.com\/v3\/hoy-se-celebra-el-dia-mundial-sin-automovil\/","url":"https:\/\/cvinoticias.com\/v3\/hoy-se-celebra-el-dia-mundial-sin-automovil\/","name":"Hoy se celebra el D\u00eda Mundial sin Autom\u00f3vil | CVI NOTICIAS","isPartOf":{"@id":"https:\/\/cvinoticias.com\/v3\/#website"},"primaryImageOfPage":{"@id":"https:\/\/cvinoticias.com\/v3\/hoy-se-celebra-el-dia-mundial-sin-automovil\/#primaryimage"},"image":{"@id":"https:\/\/cvinoticias.com\/v3\/hoy-se-celebra-el-dia-mundial-sin-automovil\/#primaryimage"},"thumbnailUrl":"https:\/\/cvinoticias.com\/wp-content\/uploads\/2023\/09\/despues-de-cuatro-meses-se-reabren-plazas-y-7FBUL2O5VNFZZGUYN5A6YNWBXM.jpg","datePublished":"2023-09-22T12:25:17+00:00","breadcrumb":{"@id":"https:\/\/cvinoticias.com\/v3\/hoy-se-celebra-el-dia-mundial-sin-automovil\/#breadcrumb"},"inLanguage":"es","potentialAction":[{"@type":"ReadAction","target":["https:\/\/cvinoticias.com\/v3\/hoy-se-celebra-el-dia-mundial-sin-automovil\/"]}]},{"@type":"ImageObject","inLanguage":"es","@id":"https:\/\/cvinoticias.com\/v3\/hoy-se-celebra-el-dia-mundial-sin-automovil\/#primaryimage","url":"https:\/\/cvinoticias.com\/wp-content\/uploads\/2023\/09\/despues-de-cuatro-meses-se-reabren-plazas-y-7FBUL2O5VNFZZGUYN5A6YNWBXM.jpg","contentUrl":"https:\/\/cvinoticias.com\/wp-content\/uploads\/2023\/09\/despues-de-cuatro-meses-se-reabren-plazas-y-7FBUL2O5VNFZZGUYN5A6YNWBXM.jpg","width":420,"height":280},{"@type":"BreadcrumbList","@id":"https:\/\/cvinoticias.com\/v3\/hoy-se-celebra-el-dia-mundial-sin-automovil\/#breadcrumb","itemListElement":[{"@type":"ListItem","position":1,"name":"Portada","item":"https:\/\/cvinoticias.com\/v3\/"},{"@type":"ListItem","position":2,"name":"Hoy se celebra el D\u00eda Mundial sin Autom\u00f3vil"}]},{"@type":"WebSite","@id":"https:\/\/cvinoticias.com\/v3\/#website","url":"https:\/\/cvinoticias.com\/v3\/","name":"CVI NOTICIAS","description":"","publisher":{"@id":"https:\/\/cvinoticias.com\/v3\/#organization"},"alternateName":"CVI","potentialAction":[{"@type":"SearchAction","target":{"@type":"EntryPoint","urlTemplate":"https:\/\/cvinoticias.com\/v3\/?s={search_term_string}"},"query-input":{"@type":"PropertyValueSpecification","valueRequired":true,"valueName":"search_term_string"}}],"inLanguage":"es"},{"@type":"Organization","@id":"https:\/\/cvinoticias.com\/v3\/#organization","name":"CVI NOTICIAS","url":"https:\/\/cvinoticias.com\/v3\/","logo":{"@type":"ImageObject","inLanguage":"es","@id":"https:\/\/cvinoticias.com\/v3\/#\/schema\/logo\/image\/","url":"https:\/\/cvinoticias.com\/wp-content\/uploads\/2023\/04\/cropped-cropped-cropped-cropped-cropped-3-1.png","contentUrl":"https:\/\/cvinoticias.com\/wp-content\/uploads\/2023\/04\/cropped-cropped-cropped-cropped-cropped-3-1.png","width":95,"height":122,"caption":"CVI NOTICIAS"},"image":{"@id":"https:\/\/cvinoticias.com\/v3\/#\/schema\/logo\/image\/"},"sameAs":["https:\/\/www.facebook.com\/cvinoticias","https:\/\/www.instagram.com\/cvinoticias\/","https:\/\/www.youtube.com\/@CVINOTICIAS"]},{"@type":"Person","@id":"https:\/\/cvinoticias.com\/v3\/#\/schema\/person\/2db77e3c6bc03c538495d7b2b8be9b66","name":"f1000024","image":{"@type":"ImageObject","inLanguage":"es","@id":"https:\/\/secure.gravatar.com\/avatar\/d4fe7459cfc51ff5129ce1a732bbef5928568b8092d412ef95611616376bbeed?s=96&d=mm&r=g","url":"https:\/\/secure.gravatar.com\/avatar\/d4fe7459cfc51ff5129ce1a732bbef5928568b8092d412ef95611616376bbeed?s=96&d=mm&r=g","contentUrl":"https:\/\/secure.gravatar.com\/avatar\/d4fe7459cfc51ff5129ce1a732bbef5928568b8092d412ef95611616376bbeed?s=96&d=mm&r=g","caption":"f1000024"},"url":"https:\/\/cvinoticias.com\/v3\/author\/f1000024\/"}]}},"_links":{"self":[{"href":"https:\/\/cvinoticias.com\/v3\/wp-json\/wp\/v2\/posts\/28227","targetHints":{"allow":["GET"]}}],"collection":[{"href":"https:\/\/cvinoticias.com\/v3\/wp-json\/wp\/v2\/posts"}],"about":[{"href":"https:\/\/cvinoticias.com\/v3\/wp-json\/wp\/v2\/types\/post"}],"author":[{"embeddable":true,"href":"https:\/\/cvinoticias.com\/v3\/wp-json\/wp\/v2\/users\/2"}],"replies":[{"embeddable":true,"href":"https:\/\/cvinoticias.com\/v3\/wp-json\/wp\/v2\/comments?post=28227"}],"version-history":[{"count":1,"href":"https:\/\/cvinoticias.com\/v3\/wp-json\/wp\/v2\/posts\/28227\/revisions"}],"predecessor-version":[{"id":28229,"href":"https:\/\/cvinoticias.com\/v3\/wp-json\/wp\/v2\/posts\/28227\/revisions\/28229"}],"wp:featuredmedia":[{"embeddable":true,"href":"https:\/\/cvinoticias.com\/v3\/wp-json\/wp\/v2\/media\/28228"}],"wp:attachment":[{"href":"https:\/\/cvinoticias.com\/v3\/wp-json\/wp\/v2\/media?parent=28227"}],"wp:term":[{"taxonomy":"category","embeddable":true,"href":"https:\/\/cvinoticias.com\/v3\/wp-json\/wp\/v2\/categories?post=28227"},{"taxonomy":"post_tag","embeddable":true,"href":"https:\/\/cvinoticias.com\/v3\/wp-json\/wp\/v2\/tags?post=28227"}],"curies":[{"name":"wp","href":"https:\/\/api.w.org\/{rel}","templated":true}]}}