{"id":28224,"date":"2023-09-22T12:18:22","date_gmt":"2023-09-22T12:18:22","guid":{"rendered":"https:\/\/cvinoticias.com\/v3\/?p=28224"},"modified":"2023-09-22T12:18:22","modified_gmt":"2023-09-22T12:18:22","slug":"se-publico-el-padron-definitivo-para-las-elecciones-presidenciales-del-22-de-octubre","status":"publish","type":"post","link":"https:\/\/cvinoticias.com\/v3\/se-publico-el-padron-definitivo-para-las-elecciones-presidenciales-del-22-de-octubre\/","title":{"rendered":"Se public\u00f3 el padr\u00f3n definitivo para las elecciones presidenciales del 22 de octubre"},"content":{"rendered":"\n<p><strong><em>A 30 d\u00edas de la elecci\u00f3n general, el cronograma electoral dispone la impresi\u00f3n y publicaci\u00f3n del padr\u00f3n definitivo, donde figura el establecimiento donde se debe sufragar y el n\u00famero de mesa.<\/em><\/strong><\/p>\n\n\n\n<p>El padr\u00f3n definitivo para las elecciones presidenciales del 22 de octubre fue publicado hoy y ya puede ser consultado por los electores, seg\u00fan inform\u00f3 la C\u00e1mara Nacional Electoral (CNE).<br>A 30 d\u00edas de la elecci\u00f3n general, el cronograma electoral dispone la impresi\u00f3n y publicaci\u00f3n del padr\u00f3n definitivo, donde figura el establecimiento donde se debe sufragar y el n\u00famero de mesa, con el objetivo de ofrecerlos a las autoridades en el momento del voto y agilizar el tr\u00e1mite durante los comicios.<\/p>\n\n\n\n<p>Los datos se pueden consultar en www.padron.gob.ar y es necesario ingresar el n\u00famero de documento, g\u00e9nero y el c\u00f3digo de validaci\u00f3n.<\/p>\n\n\n\n<p>Luego, el sistema arrojar\u00e1 el nombre y la direcci\u00f3n del establecimiento, el n\u00famero de mesa y el n\u00famero de orden.<\/p>\n\n\n\n<p>Desde la CNE recordaron que si bien el lugar de votaci\u00f3n de las elecciones generales suele ser el mismo que el de las PASO, puede ocurrir que haya cambios, por lo que es conveniente hacer una nueva consulta antes de los comicios del domingo 22 de octubre.<\/p>\n\n\n\n<p>En tanto, los documentos v\u00e1lidos para votar son la libreta c\u00edvica, libreta de Enrolamiento, DNI libreta verde, DNI libreta celeste y DNI tarjeta.<br>Adem\u00e1s los documentos que contienen la leyenda \u00abNo v\u00e1lido para votar\u00bb son v\u00e1lidos para votar, al tiempo que advirtieron que no se podr\u00e1 votar con un certificado de DNI en tr\u00e1mite, ni tampoco si el DNI est\u00e1 en el celular.<\/p>\n\n\n\n<p>Seg\u00fan el cronograma electoral, hoy tambi\u00e9n vence el plazo para la presentaci\u00f3n de boletas ante las juntas electorales nacionales, y para la ratificaci\u00f3n y ubicaci\u00f3n de las autoridades de mesa.<br>La pr\u00f3xima fecha del cronograma es el mi\u00e9rcoles 27 cuando se inicie la prohibici\u00f3n de la publicidad de los actos de gobierno susceptibles de promover la captaci\u00f3n del voto.<\/p>\n\n\n\n<p>Ese mismo d\u00eda tambi\u00e9n vence el plazo para que los jefes de las Fuerzas de Seguridad comuniquen a los jueces electorales la n\u00f3mina de agentes afectados al comicio.<\/p>\n","protected":false},"excerpt":{"rendered":"<p>A 30 d\u00edas de la elecci\u00f3n general, el cronograma electoral dispone la impresi\u00f3n y publicaci\u00f3n del padr\u00f3n definitivo, donde figura el establecimiento donde se debe sufragar y el n\u00famero de mesa. El padr\u00f3n definitivo para las elecciones presidenciales del 22 de octubre fue publicado hoy y ya puede ser consultado por los electores, seg\u00fan inform\u00f3 [&hellip;]<\/p>\n","protected":false},"author":2,"featured_media":28225,"comment_status":"open","ping_status":"open","sticky":false,"template":"","format":"standard","meta":{"footnotes":""},"categories":[42],"tags":[],"class_list":["post-28224","post","type-post","status-publish","format-standard","has-post-thumbnail","hentry","category-politica"],"yoast_head":"<!-- This site is optimized with the Yoast SEO plugin v27.5 - https:\/\/yoast.com\/product\/yoast-seo-wordpress\/ -->\n<title>Se public\u00f3 el padr\u00f3n definitivo para las elecciones presidenciales del 22 de octubre | CVI NOTICIAS<\/title>\n<meta name=\"robots\" content=\"index, follow, max-snippet:-1, max-image-preview:large, max-video-preview:-1\" \/>\n<link rel=\"canonical\" href=\"https:\/\/cvinoticias.com\/v3\/se-publico-el-padron-definitivo-para-las-elecciones-presidenciales-del-22-de-octubre\/\" \/>\n<meta property=\"og:locale\" content=\"es_ES\" \/>\n<meta property=\"og:type\" content=\"article\" \/>\n<meta property=\"og:title\" content=\"Se public\u00f3 el padr\u00f3n definitivo para las elecciones presidenciales del 22 de octubre | CVI NOTICIAS\" \/>\n<meta property=\"og:description\" content=\"A 30 d\u00edas de la elecci\u00f3n general, el cronograma electoral dispone la impresi\u00f3n y publicaci\u00f3n del padr\u00f3n definitivo, donde figura el establecimiento donde se debe sufragar y el n\u00famero de mesa. El padr\u00f3n definitivo para las elecciones presidenciales del 22 de octubre fue publicado hoy y ya puede ser consultado por los electores, seg\u00fan inform\u00f3 [&hellip;]\" \/>\n<meta property=\"og:url\" content=\"https:\/\/cvinoticias.com\/v3\/se-publico-el-padron-definitivo-para-las-elecciones-presidenciales-del-22-de-octubre\/\" \/>\n<meta property=\"og:site_name\" content=\"CVI NOTICIAS\" \/>\n<meta property=\"article:publisher\" content=\"https:\/\/www.facebook.com\/cvinoticias\" \/>\n<meta property=\"article:published_time\" content=\"2023-09-22T12:18:22+00:00\" \/>\n<meta property=\"og:image\" content=\"https:\/\/cvinoticias.com\/wp-content\/uploads\/2023\/09\/04-13.jpg\" \/>\n\t<meta property=\"og:image:width\" content=\"900\" \/>\n\t<meta property=\"og:image:height\" content=\"600\" \/>\n\t<meta property=\"og:image:type\" content=\"image\/jpeg\" \/>\n<meta name=\"author\" content=\"f1000024\" \/>\n<meta name=\"twitter:card\" content=\"summary_large_image\" \/>\n<meta name=\"twitter:label1\" content=\"Escrito por\" \/>\n\t<meta name=\"twitter:data1\" content=\"f1000024\" \/>\n\t<meta name=\"twitter:label2\" content=\"Tiempo de lectura\" \/>\n\t<meta name=\"twitter:data2\" content=\"2 minutos\" \/>\n<script type=\"application\/ld+json\" class=\"yoast-schema-graph\">{\"@context\":\"https:\\\/\\\/schema.org\",\"@graph\":[{\"@type\":\"Article\",\"@id\":\"https:\\\/\\\/cvinoticias.com\\\/v3\\\/se-publico-el-padron-definitivo-para-las-elecciones-presidenciales-del-22-de-octubre\\\/#article\",\"isPartOf\":{\"@id\":\"https:\\\/\\\/cvinoticias.com\\\/v3\\\/se-publico-el-padron-definitivo-para-las-elecciones-presidenciales-del-22-de-octubre\\\/\"},\"author\":{\"name\":\"f1000024\",\"@id\":\"https:\\\/\\\/cvinoticias.com\\\/v3\\\/#\\\/schema\\\/person\\\/2db77e3c6bc03c538495d7b2b8be9b66\"},\"headline\":\"Se public\u00f3 el padr\u00f3n definitivo para las elecciones presidenciales del 22 de octubre\",\"datePublished\":\"2023-09-22T12:18:22+00:00\",\"mainEntityOfPage\":{\"@id\":\"https:\\\/\\\/cvinoticias.com\\\/v3\\\/se-publico-el-padron-definitivo-para-las-elecciones-presidenciales-del-22-de-octubre\\\/\"},\"wordCount\":402,\"commentCount\":0,\"publisher\":{\"@id\":\"https:\\\/\\\/cvinoticias.com\\\/v3\\\/#organization\"},\"image\":{\"@id\":\"https:\\\/\\\/cvinoticias.com\\\/v3\\\/se-publico-el-padron-definitivo-para-las-elecciones-presidenciales-del-22-de-octubre\\\/#primaryimage\"},\"thumbnailUrl\":\"https:\\\/\\\/cvinoticias.com\\\/wp-content\\\/uploads\\\/2023\\\/09\\\/04-13.jpg\",\"articleSection\":[\"Politica\"],\"inLanguage\":\"es\",\"potentialAction\":[{\"@type\":\"CommentAction\",\"name\":\"Comment\",\"target\":[\"https:\\\/\\\/cvinoticias.com\\\/v3\\\/se-publico-el-padron-definitivo-para-las-elecciones-presidenciales-del-22-de-octubre\\\/#respond\"]}]},{\"@type\":\"WebPage\",\"@id\":\"https:\\\/\\\/cvinoticias.com\\\/v3\\\/se-publico-el-padron-definitivo-para-las-elecciones-presidenciales-del-22-de-octubre\\\/\",\"url\":\"https:\\\/\\\/cvinoticias.com\\\/v3\\\/se-publico-el-padron-definitivo-para-las-elecciones-presidenciales-del-22-de-octubre\\\/\",\"name\":\"Se public\u00f3 el padr\u00f3n definitivo para las elecciones presidenciales del 22 de octubre | CVI NOTICIAS\",\"isPartOf\":{\"@id\":\"https:\\\/\\\/cvinoticias.com\\\/v3\\\/#website\"},\"primaryImageOfPage\":{\"@id\":\"https:\\\/\\\/cvinoticias.com\\\/v3\\\/se-publico-el-padron-definitivo-para-las-elecciones-presidenciales-del-22-de-octubre\\\/#primaryimage\"},\"image\":{\"@id\":\"https:\\\/\\\/cvinoticias.com\\\/v3\\\/se-publico-el-padron-definitivo-para-las-elecciones-presidenciales-del-22-de-octubre\\\/#primaryimage\"},\"thumbnailUrl\":\"https:\\\/\\\/cvinoticias.com\\\/wp-content\\\/uploads\\\/2023\\\/09\\\/04-13.jpg\",\"datePublished\":\"2023-09-22T12:18:22+00:00\",\"breadcrumb\":{\"@id\":\"https:\\\/\\\/cvinoticias.com\\\/v3\\\/se-publico-el-padron-definitivo-para-las-elecciones-presidenciales-del-22-de-octubre\\\/#breadcrumb\"},\"inLanguage\":\"es\",\"potentialAction\":[{\"@type\":\"ReadAction\",\"target\":[\"https:\\\/\\\/cvinoticias.com\\\/v3\\\/se-publico-el-padron-definitivo-para-las-elecciones-presidenciales-del-22-de-octubre\\\/\"]}]},{\"@type\":\"ImageObject\",\"inLanguage\":\"es\",\"@id\":\"https:\\\/\\\/cvinoticias.com\\\/v3\\\/se-publico-el-padron-definitivo-para-las-elecciones-presidenciales-del-22-de-octubre\\\/#primaryimage\",\"url\":\"https:\\\/\\\/cvinoticias.com\\\/wp-content\\\/uploads\\\/2023\\\/09\\\/04-13.jpg\",\"contentUrl\":\"https:\\\/\\\/cvinoticias.com\\\/wp-content\\\/uploads\\\/2023\\\/09\\\/04-13.jpg\",\"width\":900,\"height\":600},{\"@type\":\"BreadcrumbList\",\"@id\":\"https:\\\/\\\/cvinoticias.com\\\/v3\\\/se-publico-el-padron-definitivo-para-las-elecciones-presidenciales-del-22-de-octubre\\\/#breadcrumb\",\"itemListElement\":[{\"@type\":\"ListItem\",\"position\":1,\"name\":\"Portada\",\"item\":\"https:\\\/\\\/cvinoticias.com\\\/v3\\\/\"},{\"@type\":\"ListItem\",\"position\":2,\"name\":\"Se public\u00f3 el padr\u00f3n definitivo para las elecciones presidenciales del 22 de octubre\"}]},{\"@type\":\"WebSite\",\"@id\":\"https:\\\/\\\/cvinoticias.com\\\/v3\\\/#website\",\"url\":\"https:\\\/\\\/cvinoticias.com\\\/v3\\\/\",\"name\":\"CVI NOTICIAS\",\"description\":\"\",\"publisher\":{\"@id\":\"https:\\\/\\\/cvinoticias.com\\\/v3\\\/#organization\"},\"alternateName\":\"CVI\",\"potentialAction\":[{\"@type\":\"SearchAction\",\"target\":{\"@type\":\"EntryPoint\",\"urlTemplate\":\"https:\\\/\\\/cvinoticias.com\\\/v3\\\/?s={search_term_string}\"},\"query-input\":{\"@type\":\"PropertyValueSpecification\",\"valueRequired\":true,\"valueName\":\"search_term_string\"}}],\"inLanguage\":\"es\"},{\"@type\":\"Organization\",\"@id\":\"https:\\\/\\\/cvinoticias.com\\\/v3\\\/#organization\",\"name\":\"CVI NOTICIAS\",\"url\":\"https:\\\/\\\/cvinoticias.com\\\/v3\\\/\",\"logo\":{\"@type\":\"ImageObject\",\"inLanguage\":\"es\",\"@id\":\"https:\\\/\\\/cvinoticias.com\\\/v3\\\/#\\\/schema\\\/logo\\\/image\\\/\",\"url\":\"https:\\\/\\\/cvinoticias.com\\\/wp-content\\\/uploads\\\/2023\\\/04\\\/cropped-cropped-cropped-cropped-cropped-3-1.png\",\"contentUrl\":\"https:\\\/\\\/cvinoticias.com\\\/wp-content\\\/uploads\\\/2023\\\/04\\\/cropped-cropped-cropped-cropped-cropped-3-1.png\",\"width\":95,\"height\":122,\"caption\":\"CVI NOTICIAS\"},\"image\":{\"@id\":\"https:\\\/\\\/cvinoticias.com\\\/v3\\\/#\\\/schema\\\/logo\\\/image\\\/\"},\"sameAs\":[\"https:\\\/\\\/www.facebook.com\\\/cvinoticias\",\"https:\\\/\\\/www.instagram.com\\\/cvinoticias\\\/\",\"https:\\\/\\\/www.youtube.com\\\/@CVINOTICIAS\"]},{\"@type\":\"Person\",\"@id\":\"https:\\\/\\\/cvinoticias.com\\\/v3\\\/#\\\/schema\\\/person\\\/2db77e3c6bc03c538495d7b2b8be9b66\",\"name\":\"f1000024\",\"image\":{\"@type\":\"ImageObject\",\"inLanguage\":\"es\",\"@id\":\"https:\\\/\\\/secure.gravatar.com\\\/avatar\\\/d4fe7459cfc51ff5129ce1a732bbef5928568b8092d412ef95611616376bbeed?s=96&d=mm&r=g\",\"url\":\"https:\\\/\\\/secure.gravatar.com\\\/avatar\\\/d4fe7459cfc51ff5129ce1a732bbef5928568b8092d412ef95611616376bbeed?s=96&d=mm&r=g\",\"contentUrl\":\"https:\\\/\\\/secure.gravatar.com\\\/avatar\\\/d4fe7459cfc51ff5129ce1a732bbef5928568b8092d412ef95611616376bbeed?s=96&d=mm&r=g\",\"caption\":\"f1000024\"},\"url\":\"https:\\\/\\\/cvinoticias.com\\\/v3\\\/author\\\/f1000024\\\/\"}]}<\/script>\n<!-- \/ Yoast SEO plugin. -->","yoast_head_json":{"title":"Se public\u00f3 el padr\u00f3n definitivo para las elecciones presidenciales del 22 de octubre | CVI NOTICIAS","robots":{"index":"index","follow":"follow","max-snippet":"max-snippet:-1","max-image-preview":"max-image-preview:large","max-video-preview":"max-video-preview:-1"},"canonical":"https:\/\/cvinoticias.com\/v3\/se-publico-el-padron-definitivo-para-las-elecciones-presidenciales-del-22-de-octubre\/","og_locale":"es_ES","og_type":"article","og_title":"Se public\u00f3 el padr\u00f3n definitivo para las elecciones presidenciales del 22 de octubre | CVI NOTICIAS","og_description":"A 30 d\u00edas de la elecci\u00f3n general, el cronograma electoral dispone la impresi\u00f3n y publicaci\u00f3n del padr\u00f3n definitivo, donde figura el establecimiento donde se debe sufragar y el n\u00famero de mesa. El padr\u00f3n definitivo para las elecciones presidenciales del 22 de octubre fue publicado hoy y ya puede ser consultado por los electores, seg\u00fan inform\u00f3 [&hellip;]","og_url":"https:\/\/cvinoticias.com\/v3\/se-publico-el-padron-definitivo-para-las-elecciones-presidenciales-del-22-de-octubre\/","og_site_name":"CVI NOTICIAS","article_publisher":"https:\/\/www.facebook.com\/cvinoticias","article_published_time":"2023-09-22T12:18:22+00:00","og_image":[{"width":900,"height":600,"url":"https:\/\/cvinoticias.com\/wp-content\/uploads\/2023\/09\/04-13.jpg","type":"image\/jpeg"}],"author":"f1000024","twitter_card":"summary_large_image","twitter_misc":{"Escrito por":"f1000024","Tiempo de lectura":"2 minutos"},"schema":{"@context":"https:\/\/schema.org","@graph":[{"@type":"Article","@id":"https:\/\/cvinoticias.com\/v3\/se-publico-el-padron-definitivo-para-las-elecciones-presidenciales-del-22-de-octubre\/#article","isPartOf":{"@id":"https:\/\/cvinoticias.com\/v3\/se-publico-el-padron-definitivo-para-las-elecciones-presidenciales-del-22-de-octubre\/"},"author":{"name":"f1000024","@id":"https:\/\/cvinoticias.com\/v3\/#\/schema\/person\/2db77e3c6bc03c538495d7b2b8be9b66"},"headline":"Se public\u00f3 el padr\u00f3n definitivo para las elecciones presidenciales del 22 de octubre","datePublished":"2023-09-22T12:18:22+00:00","mainEntityOfPage":{"@id":"https:\/\/cvinoticias.com\/v3\/se-publico-el-padron-definitivo-para-las-elecciones-presidenciales-del-22-de-octubre\/"},"wordCount":402,"commentCount":0,"publisher":{"@id":"https:\/\/cvinoticias.com\/v3\/#organization"},"image":{"@id":"https:\/\/cvinoticias.com\/v3\/se-publico-el-padron-definitivo-para-las-elecciones-presidenciales-del-22-de-octubre\/#primaryimage"},"thumbnailUrl":"https:\/\/cvinoticias.com\/wp-content\/uploads\/2023\/09\/04-13.jpg","articleSection":["Politica"],"inLanguage":"es","potentialAction":[{"@type":"CommentAction","name":"Comment","target":["https:\/\/cvinoticias.com\/v3\/se-publico-el-padron-definitivo-para-las-elecciones-presidenciales-del-22-de-octubre\/#respond"]}]},{"@type":"WebPage","@id":"https:\/\/cvinoticias.com\/v3\/se-publico-el-padron-definitivo-para-las-elecciones-presidenciales-del-22-de-octubre\/","url":"https:\/\/cvinoticias.com\/v3\/se-publico-el-padron-definitivo-para-las-elecciones-presidenciales-del-22-de-octubre\/","name":"Se public\u00f3 el padr\u00f3n definitivo para las elecciones presidenciales del 22 de octubre | CVI NOTICIAS","isPartOf":{"@id":"https:\/\/cvinoticias.com\/v3\/#website"},"primaryImageOfPage":{"@id":"https:\/\/cvinoticias.com\/v3\/se-publico-el-padron-definitivo-para-las-elecciones-presidenciales-del-22-de-octubre\/#primaryimage"},"image":{"@id":"https:\/\/cvinoticias.com\/v3\/se-publico-el-padron-definitivo-para-las-elecciones-presidenciales-del-22-de-octubre\/#primaryimage"},"thumbnailUrl":"https:\/\/cvinoticias.com\/wp-content\/uploads\/2023\/09\/04-13.jpg","datePublished":"2023-09-22T12:18:22+00:00","breadcrumb":{"@id":"https:\/\/cvinoticias.com\/v3\/se-publico-el-padron-definitivo-para-las-elecciones-presidenciales-del-22-de-octubre\/#breadcrumb"},"inLanguage":"es","potentialAction":[{"@type":"ReadAction","target":["https:\/\/cvinoticias.com\/v3\/se-publico-el-padron-definitivo-para-las-elecciones-presidenciales-del-22-de-octubre\/"]}]},{"@type":"ImageObject","inLanguage":"es","@id":"https:\/\/cvinoticias.com\/v3\/se-publico-el-padron-definitivo-para-las-elecciones-presidenciales-del-22-de-octubre\/#primaryimage","url":"https:\/\/cvinoticias.com\/wp-content\/uploads\/2023\/09\/04-13.jpg","contentUrl":"https:\/\/cvinoticias.com\/wp-content\/uploads\/2023\/09\/04-13.jpg","width":900,"height":600},{"@type":"BreadcrumbList","@id":"https:\/\/cvinoticias.com\/v3\/se-publico-el-padron-definitivo-para-las-elecciones-presidenciales-del-22-de-octubre\/#breadcrumb","itemListElement":[{"@type":"ListItem","position":1,"name":"Portada","item":"https:\/\/cvinoticias.com\/v3\/"},{"@type":"ListItem","position":2,"name":"Se public\u00f3 el padr\u00f3n definitivo para las elecciones presidenciales del 22 de octubre"}]},{"@type":"WebSite","@id":"https:\/\/cvinoticias.com\/v3\/#website","url":"https:\/\/cvinoticias.com\/v3\/","name":"CVI NOTICIAS","description":"","publisher":{"@id":"https:\/\/cvinoticias.com\/v3\/#organization"},"alternateName":"CVI","potentialAction":[{"@type":"SearchAction","target":{"@type":"EntryPoint","urlTemplate":"https:\/\/cvinoticias.com\/v3\/?s={search_term_string}"},"query-input":{"@type":"PropertyValueSpecification","valueRequired":true,"valueName":"search_term_string"}}],"inLanguage":"es"},{"@type":"Organization","@id":"https:\/\/cvinoticias.com\/v3\/#organization","name":"CVI NOTICIAS","url":"https:\/\/cvinoticias.com\/v3\/","logo":{"@type":"ImageObject","inLanguage":"es","@id":"https:\/\/cvinoticias.com\/v3\/#\/schema\/logo\/image\/","url":"https:\/\/cvinoticias.com\/wp-content\/uploads\/2023\/04\/cropped-cropped-cropped-cropped-cropped-3-1.png","contentUrl":"https:\/\/cvinoticias.com\/wp-content\/uploads\/2023\/04\/cropped-cropped-cropped-cropped-cropped-3-1.png","width":95,"height":122,"caption":"CVI NOTICIAS"},"image":{"@id":"https:\/\/cvinoticias.com\/v3\/#\/schema\/logo\/image\/"},"sameAs":["https:\/\/www.facebook.com\/cvinoticias","https:\/\/www.instagram.com\/cvinoticias\/","https:\/\/www.youtube.com\/@CVINOTICIAS"]},{"@type":"Person","@id":"https:\/\/cvinoticias.com\/v3\/#\/schema\/person\/2db77e3c6bc03c538495d7b2b8be9b66","name":"f1000024","image":{"@type":"ImageObject","inLanguage":"es","@id":"https:\/\/secure.gravatar.com\/avatar\/d4fe7459cfc51ff5129ce1a732bbef5928568b8092d412ef95611616376bbeed?s=96&d=mm&r=g","url":"https:\/\/secure.gravatar.com\/avatar\/d4fe7459cfc51ff5129ce1a732bbef5928568b8092d412ef95611616376bbeed?s=96&d=mm&r=g","contentUrl":"https:\/\/secure.gravatar.com\/avatar\/d4fe7459cfc51ff5129ce1a732bbef5928568b8092d412ef95611616376bbeed?s=96&d=mm&r=g","caption":"f1000024"},"url":"https:\/\/cvinoticias.com\/v3\/author\/f1000024\/"}]}},"_links":{"self":[{"href":"https:\/\/cvinoticias.com\/v3\/wp-json\/wp\/v2\/posts\/28224","targetHints":{"allow":["GET"]}}],"collection":[{"href":"https:\/\/cvinoticias.com\/v3\/wp-json\/wp\/v2\/posts"}],"about":[{"href":"https:\/\/cvinoticias.com\/v3\/wp-json\/wp\/v2\/types\/post"}],"author":[{"embeddable":true,"href":"https:\/\/cvinoticias.com\/v3\/wp-json\/wp\/v2\/users\/2"}],"replies":[{"embeddable":true,"href":"https:\/\/cvinoticias.com\/v3\/wp-json\/wp\/v2\/comments?post=28224"}],"version-history":[{"count":1,"href":"https:\/\/cvinoticias.com\/v3\/wp-json\/wp\/v2\/posts\/28224\/revisions"}],"predecessor-version":[{"id":28226,"href":"https:\/\/cvinoticias.com\/v3\/wp-json\/wp\/v2\/posts\/28224\/revisions\/28226"}],"wp:featuredmedia":[{"embeddable":true,"href":"https:\/\/cvinoticias.com\/v3\/wp-json\/wp\/v2\/media\/28225"}],"wp:attachment":[{"href":"https:\/\/cvinoticias.com\/v3\/wp-json\/wp\/v2\/media?parent=28224"}],"wp:term":[{"taxonomy":"category","embeddable":true,"href":"https:\/\/cvinoticias.com\/v3\/wp-json\/wp\/v2\/categories?post=28224"},{"taxonomy":"post_tag","embeddable":true,"href":"https:\/\/cvinoticias.com\/v3\/wp-json\/wp\/v2\/tags?post=28224"}],"curies":[{"name":"wp","href":"https:\/\/api.w.org\/{rel}","templated":true}]}}