{"id":28203,"date":"2023-09-22T05:00:53","date_gmt":"2023-09-22T05:00:53","guid":{"rendered":"https:\/\/cvinoticias.com\/v3\/?p=28203"},"modified":"2023-09-22T05:00:53","modified_gmt":"2023-09-22T05:00:53","slug":"un-camion-del-ejercito-cayo-por-un-barranco-en-neuquen-4-muertos-y-18-heridos","status":"publish","type":"post","link":"https:\/\/cvinoticias.com\/v3\/un-camion-del-ejercito-cayo-por-un-barranco-en-neuquen-4-muertos-y-18-heridos\/","title":{"rendered":"Un cami\u00f3n del Ej\u00e9rcito cay\u00f3 por un barranco en Neuqu\u00e9n: 4 muertos y 18 heridos"},"content":{"rendered":"\n<p><strong><em>Fue en la ruta 62 camino a Lolog, en cercan\u00edas a San Mart\u00edn de los Andes. A\u00fan se desconoce qu\u00e9 provoc\u00f3 el accidente. Investiga la Justicia. Difundieron la lista de v\u00edctimas y lesionados.<\/em><\/strong><\/p>\n\n\n\n<p>Al menos cuatro miembros del Ej\u00e9rcito Argentino murieron y 18 sufrieron heridas de diversa gravedad este jueves cuando un cami\u00f3n del Regimiento de Caballer\u00eda de Monta\u00f1a IV volc\u00f3 y cay\u00f3 a un precipicio de unos 20 metros a la vera de la ruta provincial 62, camino al lago Lolog, a seis kil\u00f3metros de la ciudad neuquina de San Mart\u00edn de los Andes.<\/p>\n\n\n\n<p>Un comunicado oficial del Ej\u00e9rcito Argentino inform\u00f3 que se produjeron 4 muertos y 18 heridos, nueve los cuales fueron trasladados al Hospital Ram\u00f3n Carrillo y otros nueve, a la Cl\u00ednica Chapelco, ambos centros de salud en la localidad de San Mart\u00edn de los Andes.<\/p>\n\n\n\n<p>Del Hospital Carrillo, uno de los heridos fue externado a la brevedad, afirmaron fuentes de prensa del nosocomio.<\/p>\n\n\n\n<figure class=\"wp-block-image size-full is-resized\"><a href=\"https:\/\/cvinoticias.com\/wp-content\/uploads\/2023\/09\/smandes_fedesoto-accidente-unimog-ejercito-_dsc4892jpg.jpg\"><img decoding=\"async\" data-src=\"https:\/\/cvinoticias.com\/wp-content\/uploads\/2023\/09\/smandes_fedesoto-accidente-unimog-ejercito-_dsc4892jpg.jpg\" alt=\"\" class=\"wp-image-28205 lazyload\" style=\"--smush-placeholder-width: 681px; --smush-placeholder-aspect-ratio: 681\/382;width:681px;height:382px\" width=\"681\" height=\"382\" data-srcset=\"https:\/\/cvinoticias.com\/wp-content\/uploads\/2023\/09\/smandes_fedesoto-accidente-unimog-ejercito-_dsc4892jpg.jpg 350w, https:\/\/cvinoticias.com\/wp-content\/uploads\/2023\/09\/smandes_fedesoto-accidente-unimog-ejercito-_dsc4892jpg-300x169.jpg 300w\" data-sizes=\"(max-width: 681px) 100vw, 681px\" src=\"data:image\/svg+xml;base64,PHN2ZyB3aWR0aD0iMSIgaGVpZ2h0PSIxIiB4bWxucz0iaHR0cDovL3d3dy53My5vcmcvMjAwMC9zdmciPjwvc3ZnPg==\" \/><\/a><\/figure>\n\n\n\n<p>Mario Faundes, oficial de operaciones de bomberos de San Mart\u00edn de los Andes, dijo \u201cEl cami\u00f3n cay\u00f3 20 metros. Se clav\u00f3 en punta y volc\u00f3 sobre su carrocer\u00eda\u00bb.<\/p>\n\n\n\n<p>\u201cNo llov\u00eda torrencialmente, pero lloviznaba\u201d, detall\u00f3 Faundes y a\u00f1adi\u00f3: \u201cSe trata de un Mercedez Benz con caja playa y lona para llevar a los soldados\u201d.<\/p>\n\n\n\n<p>El comunicado del Ej\u00e9rcito explic\u00f3: \u00abEn el d\u00eda de la fecha, durante el repliegue hacia el cuartel del personal del Escuadr\u00f3n Montado B que se encontraba realizando una actividad de adiestramiento operacional en proximidades del Lago Lolog, el veh\u00edculo en que eran transportados se desbarranc\u00f3 cuando circulaba sobre la ruta Provincial 62\u00bb.<\/p>\n\n\n\n<p>\u00abSe est\u00e1 tomando contacto con los familiares de las v\u00edctimas a los fines de transmitir la lamentable noticia. Conforme se disponga de m\u00e1s informaci\u00f3n, ser\u00e1 difundida a la brevedad\u201d, a\u00f1adi\u00f3.<\/p>\n\n\n\n<p>El cami\u00f3n Mercedes Benz estaba volviendo de Lolog y, en un sector de curva y contracurva, choc\u00f3 contra el guardarra\u00edl y cay\u00f3 por causas que se intentan establecer.<\/p>\n\n\n\n<p>En el lugar, trabajaron seis ambulancias del Municipio y del Hospital Ram\u00f3n Carrillo, junto a personal del Ej\u00e9rcito Argentino, brigadas de Parques Nacionales y de la Direcci\u00f3n de Tr\u00e1nsito de la Polic\u00eda neuquina.<\/p>\n\n\n\n<p>Identidad de los fallecidos<\/p>\n\n\n\n<ul class=\"wp-block-list\">\n<li>Cabo Primero Cristian Gonz\u00e1lez<\/li>\n\n\n\n<li>Cabo Mart\u00edn Rom\u00e1n<\/li>\n\n\n\n<li>Soldado voluntario Oscar Morales<\/li>\n\n\n\n<li>Soldado voluntaria Guadalupe Canuillan<\/li>\n<\/ul>\n\n\n\n<p>Identidad de los heridos<\/p>\n\n\n\n<ul class=\"wp-block-list\">\n<li>Sargento Gonzalo Ledesma<\/li>\n\n\n\n<li>Sargento Claudio Manqui<\/li>\n\n\n\n<li>Sargento Emiliano Linder<\/li>\n\n\n\n<li>Cabo primero Fernando Ramos (alta m\u00e9dica)<\/li>\n\n\n\n<li>Cabo primero Santiago Barrera<\/li>\n\n\n\n<li>Cabo primero Marcos Steinhaus<\/li>\n\n\n\n<li>Cabo primero Oscar Jaramillo<\/li>\n\n\n\n<li>Cabo Alejandra Romero<\/li>\n\n\n\n<li>Soldado voluntario Brian Cariman<\/li>\n\n\n\n<li>Soldado voluntario Alexis Aqueveque<\/li>\n\n\n\n<li>Soldado voluntario Santiago V\u00e1zquez<\/li>\n\n\n\n<li>Soldado voluntaria Agustina Sandoval<\/li>\n\n\n\n<li>Soldado voluntario Jonathan Epullan<\/li>\n\n\n\n<li>Soldado voluntario Mauricio Cheuquepan<\/li>\n\n\n\n<li>Soldado voluntario Jerson Irusta<\/li>\n\n\n\n<li>Soldado voluntario Fabi\u00e1n Gueche<\/li>\n\n\n\n<li>Soldado voluntario Michael Medina<\/li>\n\n\n\n<li>Soldado voluntario Morena Bianchero<\/li>\n<\/ul>\n","protected":false},"excerpt":{"rendered":"<p>Fue en la ruta 62 camino a Lolog, en cercan\u00edas a San Mart\u00edn de los Andes. A\u00fan se desconoce qu\u00e9 provoc\u00f3 el accidente. Investiga la Justicia. Difundieron la lista de v\u00edctimas y lesionados. Al menos cuatro miembros del Ej\u00e9rcito Argentino murieron y 18 sufrieron heridas de diversa gravedad este jueves cuando un cami\u00f3n del Regimiento [&hellip;]<\/p>\n","protected":false},"author":2,"featured_media":28204,"comment_status":"open","ping_status":"open","sticky":false,"template":"","format":"standard","meta":{"footnotes":""},"categories":[39],"tags":[],"class_list":["post-28203","post","type-post","status-publish","format-standard","has-post-thumbnail","hentry","category-nacionales"],"yoast_head":"<!-- This site is optimized with the Yoast SEO plugin v27.4 - https:\/\/yoast.com\/product\/yoast-seo-wordpress\/ -->\n<title>Un cami\u00f3n del Ej\u00e9rcito cay\u00f3 por un barranco en Neuqu\u00e9n: 4 muertos y 18 heridos | CVI NOTICIAS<\/title>\n<meta name=\"robots\" content=\"index, follow, max-snippet:-1, max-image-preview:large, max-video-preview:-1\" \/>\n<link rel=\"canonical\" href=\"https:\/\/cvinoticias.com\/v3\/un-camion-del-ejercito-cayo-por-un-barranco-en-neuquen-4-muertos-y-18-heridos\/\" \/>\n<meta property=\"og:locale\" content=\"es_ES\" \/>\n<meta property=\"og:type\" content=\"article\" \/>\n<meta property=\"og:title\" content=\"Un cami\u00f3n del Ej\u00e9rcito cay\u00f3 por un barranco en Neuqu\u00e9n: 4 muertos y 18 heridos | CVI NOTICIAS\" \/>\n<meta property=\"og:description\" content=\"Fue en la ruta 62 camino a Lolog, en cercan\u00edas a San Mart\u00edn de los Andes. A\u00fan se desconoce qu\u00e9 provoc\u00f3 el accidente. Investiga la Justicia. Difundieron la lista de v\u00edctimas y lesionados. Al menos cuatro miembros del Ej\u00e9rcito Argentino murieron y 18 sufrieron heridas de diversa gravedad este jueves cuando un cami\u00f3n del Regimiento [&hellip;]\" \/>\n<meta property=\"og:url\" content=\"https:\/\/cvinoticias.com\/v3\/un-camion-del-ejercito-cayo-por-un-barranco-en-neuquen-4-muertos-y-18-heridos\/\" \/>\n<meta property=\"og:site_name\" content=\"CVI NOTICIAS\" \/>\n<meta property=\"article:publisher\" content=\"https:\/\/www.facebook.com\/cvinoticias\" \/>\n<meta property=\"article:published_time\" content=\"2023-09-22T05:00:53+00:00\" \/>\n<meta property=\"og:image\" content=\"https:\/\/cvinoticias.com\/wp-content\/uploads\/2023\/09\/f638x638-145987_204154_5050.jpg\" \/>\n\t<meta property=\"og:image:width\" content=\"638\" \/>\n\t<meta property=\"og:image:height\" content=\"638\" \/>\n\t<meta property=\"og:image:type\" content=\"image\/jpeg\" \/>\n<meta name=\"author\" content=\"f1000024\" \/>\n<meta name=\"twitter:card\" content=\"summary_large_image\" \/>\n<meta name=\"twitter:label1\" content=\"Escrito por\" \/>\n\t<meta name=\"twitter:data1\" content=\"f1000024\" \/>\n\t<meta name=\"twitter:label2\" content=\"Tiempo de lectura\" \/>\n\t<meta name=\"twitter:data2\" content=\"2 minutos\" \/>\n<script type=\"application\/ld+json\" class=\"yoast-schema-graph\">{\"@context\":\"https:\\\/\\\/schema.org\",\"@graph\":[{\"@type\":\"Article\",\"@id\":\"https:\\\/\\\/cvinoticias.com\\\/v3\\\/un-camion-del-ejercito-cayo-por-un-barranco-en-neuquen-4-muertos-y-18-heridos\\\/#article\",\"isPartOf\":{\"@id\":\"https:\\\/\\\/cvinoticias.com\\\/v3\\\/un-camion-del-ejercito-cayo-por-un-barranco-en-neuquen-4-muertos-y-18-heridos\\\/\"},\"author\":{\"name\":\"f1000024\",\"@id\":\"https:\\\/\\\/cvinoticias.com\\\/v3\\\/#\\\/schema\\\/person\\\/2db77e3c6bc03c538495d7b2b8be9b66\"},\"headline\":\"Un cami\u00f3n del Ej\u00e9rcito cay\u00f3 por un barranco en Neuqu\u00e9n: 4 muertos y 18 heridos\",\"datePublished\":\"2023-09-22T05:00:53+00:00\",\"mainEntityOfPage\":{\"@id\":\"https:\\\/\\\/cvinoticias.com\\\/v3\\\/un-camion-del-ejercito-cayo-por-un-barranco-en-neuquen-4-muertos-y-18-heridos\\\/\"},\"wordCount\":494,\"commentCount\":0,\"publisher\":{\"@id\":\"https:\\\/\\\/cvinoticias.com\\\/v3\\\/#organization\"},\"image\":{\"@id\":\"https:\\\/\\\/cvinoticias.com\\\/v3\\\/un-camion-del-ejercito-cayo-por-un-barranco-en-neuquen-4-muertos-y-18-heridos\\\/#primaryimage\"},\"thumbnailUrl\":\"https:\\\/\\\/cvinoticias.com\\\/wp-content\\\/uploads\\\/2023\\\/09\\\/f638x638-145987_204154_5050.jpg\",\"articleSection\":[\"Nacionales\"],\"inLanguage\":\"es\",\"potentialAction\":[{\"@type\":\"CommentAction\",\"name\":\"Comment\",\"target\":[\"https:\\\/\\\/cvinoticias.com\\\/v3\\\/un-camion-del-ejercito-cayo-por-un-barranco-en-neuquen-4-muertos-y-18-heridos\\\/#respond\"]}]},{\"@type\":\"WebPage\",\"@id\":\"https:\\\/\\\/cvinoticias.com\\\/v3\\\/un-camion-del-ejercito-cayo-por-un-barranco-en-neuquen-4-muertos-y-18-heridos\\\/\",\"url\":\"https:\\\/\\\/cvinoticias.com\\\/v3\\\/un-camion-del-ejercito-cayo-por-un-barranco-en-neuquen-4-muertos-y-18-heridos\\\/\",\"name\":\"Un cami\u00f3n del Ej\u00e9rcito cay\u00f3 por un barranco en Neuqu\u00e9n: 4 muertos y 18 heridos | CVI NOTICIAS\",\"isPartOf\":{\"@id\":\"https:\\\/\\\/cvinoticias.com\\\/v3\\\/#website\"},\"primaryImageOfPage\":{\"@id\":\"https:\\\/\\\/cvinoticias.com\\\/v3\\\/un-camion-del-ejercito-cayo-por-un-barranco-en-neuquen-4-muertos-y-18-heridos\\\/#primaryimage\"},\"image\":{\"@id\":\"https:\\\/\\\/cvinoticias.com\\\/v3\\\/un-camion-del-ejercito-cayo-por-un-barranco-en-neuquen-4-muertos-y-18-heridos\\\/#primaryimage\"},\"thumbnailUrl\":\"https:\\\/\\\/cvinoticias.com\\\/wp-content\\\/uploads\\\/2023\\\/09\\\/f638x638-145987_204154_5050.jpg\",\"datePublished\":\"2023-09-22T05:00:53+00:00\",\"breadcrumb\":{\"@id\":\"https:\\\/\\\/cvinoticias.com\\\/v3\\\/un-camion-del-ejercito-cayo-por-un-barranco-en-neuquen-4-muertos-y-18-heridos\\\/#breadcrumb\"},\"inLanguage\":\"es\",\"potentialAction\":[{\"@type\":\"ReadAction\",\"target\":[\"https:\\\/\\\/cvinoticias.com\\\/v3\\\/un-camion-del-ejercito-cayo-por-un-barranco-en-neuquen-4-muertos-y-18-heridos\\\/\"]}]},{\"@type\":\"ImageObject\",\"inLanguage\":\"es\",\"@id\":\"https:\\\/\\\/cvinoticias.com\\\/v3\\\/un-camion-del-ejercito-cayo-por-un-barranco-en-neuquen-4-muertos-y-18-heridos\\\/#primaryimage\",\"url\":\"https:\\\/\\\/cvinoticias.com\\\/wp-content\\\/uploads\\\/2023\\\/09\\\/f638x638-145987_204154_5050.jpg\",\"contentUrl\":\"https:\\\/\\\/cvinoticias.com\\\/wp-content\\\/uploads\\\/2023\\\/09\\\/f638x638-145987_204154_5050.jpg\",\"width\":638,\"height\":638},{\"@type\":\"BreadcrumbList\",\"@id\":\"https:\\\/\\\/cvinoticias.com\\\/v3\\\/un-camion-del-ejercito-cayo-por-un-barranco-en-neuquen-4-muertos-y-18-heridos\\\/#breadcrumb\",\"itemListElement\":[{\"@type\":\"ListItem\",\"position\":1,\"name\":\"Portada\",\"item\":\"https:\\\/\\\/cvinoticias.com\\\/v3\\\/\"},{\"@type\":\"ListItem\",\"position\":2,\"name\":\"Un cami\u00f3n del Ej\u00e9rcito cay\u00f3 por un barranco en Neuqu\u00e9n: 4 muertos y 18 heridos\"}]},{\"@type\":\"WebSite\",\"@id\":\"https:\\\/\\\/cvinoticias.com\\\/v3\\\/#website\",\"url\":\"https:\\\/\\\/cvinoticias.com\\\/v3\\\/\",\"name\":\"CVI NOTICIAS\",\"description\":\"\",\"publisher\":{\"@id\":\"https:\\\/\\\/cvinoticias.com\\\/v3\\\/#organization\"},\"alternateName\":\"CVI\",\"potentialAction\":[{\"@type\":\"SearchAction\",\"target\":{\"@type\":\"EntryPoint\",\"urlTemplate\":\"https:\\\/\\\/cvinoticias.com\\\/v3\\\/?s={search_term_string}\"},\"query-input\":{\"@type\":\"PropertyValueSpecification\",\"valueRequired\":true,\"valueName\":\"search_term_string\"}}],\"inLanguage\":\"es\"},{\"@type\":\"Organization\",\"@id\":\"https:\\\/\\\/cvinoticias.com\\\/v3\\\/#organization\",\"name\":\"CVI NOTICIAS\",\"url\":\"https:\\\/\\\/cvinoticias.com\\\/v3\\\/\",\"logo\":{\"@type\":\"ImageObject\",\"inLanguage\":\"es\",\"@id\":\"https:\\\/\\\/cvinoticias.com\\\/v3\\\/#\\\/schema\\\/logo\\\/image\\\/\",\"url\":\"https:\\\/\\\/cvinoticias.com\\\/wp-content\\\/uploads\\\/2023\\\/04\\\/cropped-cropped-cropped-cropped-cropped-3-1.png\",\"contentUrl\":\"https:\\\/\\\/cvinoticias.com\\\/wp-content\\\/uploads\\\/2023\\\/04\\\/cropped-cropped-cropped-cropped-cropped-3-1.png\",\"width\":95,\"height\":122,\"caption\":\"CVI NOTICIAS\"},\"image\":{\"@id\":\"https:\\\/\\\/cvinoticias.com\\\/v3\\\/#\\\/schema\\\/logo\\\/image\\\/\"},\"sameAs\":[\"https:\\\/\\\/www.facebook.com\\\/cvinoticias\",\"https:\\\/\\\/www.instagram.com\\\/cvinoticias\\\/\",\"https:\\\/\\\/www.youtube.com\\\/@CVINOTICIAS\"]},{\"@type\":\"Person\",\"@id\":\"https:\\\/\\\/cvinoticias.com\\\/v3\\\/#\\\/schema\\\/person\\\/2db77e3c6bc03c538495d7b2b8be9b66\",\"name\":\"f1000024\",\"image\":{\"@type\":\"ImageObject\",\"inLanguage\":\"es\",\"@id\":\"https:\\\/\\\/secure.gravatar.com\\\/avatar\\\/d4fe7459cfc51ff5129ce1a732bbef5928568b8092d412ef95611616376bbeed?s=96&d=mm&r=g\",\"url\":\"https:\\\/\\\/secure.gravatar.com\\\/avatar\\\/d4fe7459cfc51ff5129ce1a732bbef5928568b8092d412ef95611616376bbeed?s=96&d=mm&r=g\",\"contentUrl\":\"https:\\\/\\\/secure.gravatar.com\\\/avatar\\\/d4fe7459cfc51ff5129ce1a732bbef5928568b8092d412ef95611616376bbeed?s=96&d=mm&r=g\",\"caption\":\"f1000024\"},\"url\":\"https:\\\/\\\/cvinoticias.com\\\/v3\\\/author\\\/f1000024\\\/\"}]}<\/script>\n<!-- \/ Yoast SEO plugin. -->","yoast_head_json":{"title":"Un cami\u00f3n del Ej\u00e9rcito cay\u00f3 por un barranco en Neuqu\u00e9n: 4 muertos y 18 heridos | CVI NOTICIAS","robots":{"index":"index","follow":"follow","max-snippet":"max-snippet:-1","max-image-preview":"max-image-preview:large","max-video-preview":"max-video-preview:-1"},"canonical":"https:\/\/cvinoticias.com\/v3\/un-camion-del-ejercito-cayo-por-un-barranco-en-neuquen-4-muertos-y-18-heridos\/","og_locale":"es_ES","og_type":"article","og_title":"Un cami\u00f3n del Ej\u00e9rcito cay\u00f3 por un barranco en Neuqu\u00e9n: 4 muertos y 18 heridos | CVI NOTICIAS","og_description":"Fue en la ruta 62 camino a Lolog, en cercan\u00edas a San Mart\u00edn de los Andes. A\u00fan se desconoce qu\u00e9 provoc\u00f3 el accidente. Investiga la Justicia. Difundieron la lista de v\u00edctimas y lesionados. Al menos cuatro miembros del Ej\u00e9rcito Argentino murieron y 18 sufrieron heridas de diversa gravedad este jueves cuando un cami\u00f3n del Regimiento [&hellip;]","og_url":"https:\/\/cvinoticias.com\/v3\/un-camion-del-ejercito-cayo-por-un-barranco-en-neuquen-4-muertos-y-18-heridos\/","og_site_name":"CVI NOTICIAS","article_publisher":"https:\/\/www.facebook.com\/cvinoticias","article_published_time":"2023-09-22T05:00:53+00:00","og_image":[{"width":638,"height":638,"url":"https:\/\/cvinoticias.com\/wp-content\/uploads\/2023\/09\/f638x638-145987_204154_5050.jpg","type":"image\/jpeg"}],"author":"f1000024","twitter_card":"summary_large_image","twitter_misc":{"Escrito por":"f1000024","Tiempo de lectura":"2 minutos"},"schema":{"@context":"https:\/\/schema.org","@graph":[{"@type":"Article","@id":"https:\/\/cvinoticias.com\/v3\/un-camion-del-ejercito-cayo-por-un-barranco-en-neuquen-4-muertos-y-18-heridos\/#article","isPartOf":{"@id":"https:\/\/cvinoticias.com\/v3\/un-camion-del-ejercito-cayo-por-un-barranco-en-neuquen-4-muertos-y-18-heridos\/"},"author":{"name":"f1000024","@id":"https:\/\/cvinoticias.com\/v3\/#\/schema\/person\/2db77e3c6bc03c538495d7b2b8be9b66"},"headline":"Un cami\u00f3n del Ej\u00e9rcito cay\u00f3 por un barranco en Neuqu\u00e9n: 4 muertos y 18 heridos","datePublished":"2023-09-22T05:00:53+00:00","mainEntityOfPage":{"@id":"https:\/\/cvinoticias.com\/v3\/un-camion-del-ejercito-cayo-por-un-barranco-en-neuquen-4-muertos-y-18-heridos\/"},"wordCount":494,"commentCount":0,"publisher":{"@id":"https:\/\/cvinoticias.com\/v3\/#organization"},"image":{"@id":"https:\/\/cvinoticias.com\/v3\/un-camion-del-ejercito-cayo-por-un-barranco-en-neuquen-4-muertos-y-18-heridos\/#primaryimage"},"thumbnailUrl":"https:\/\/cvinoticias.com\/wp-content\/uploads\/2023\/09\/f638x638-145987_204154_5050.jpg","articleSection":["Nacionales"],"inLanguage":"es","potentialAction":[{"@type":"CommentAction","name":"Comment","target":["https:\/\/cvinoticias.com\/v3\/un-camion-del-ejercito-cayo-por-un-barranco-en-neuquen-4-muertos-y-18-heridos\/#respond"]}]},{"@type":"WebPage","@id":"https:\/\/cvinoticias.com\/v3\/un-camion-del-ejercito-cayo-por-un-barranco-en-neuquen-4-muertos-y-18-heridos\/","url":"https:\/\/cvinoticias.com\/v3\/un-camion-del-ejercito-cayo-por-un-barranco-en-neuquen-4-muertos-y-18-heridos\/","name":"Un cami\u00f3n del Ej\u00e9rcito cay\u00f3 por un barranco en Neuqu\u00e9n: 4 muertos y 18 heridos | CVI NOTICIAS","isPartOf":{"@id":"https:\/\/cvinoticias.com\/v3\/#website"},"primaryImageOfPage":{"@id":"https:\/\/cvinoticias.com\/v3\/un-camion-del-ejercito-cayo-por-un-barranco-en-neuquen-4-muertos-y-18-heridos\/#primaryimage"},"image":{"@id":"https:\/\/cvinoticias.com\/v3\/un-camion-del-ejercito-cayo-por-un-barranco-en-neuquen-4-muertos-y-18-heridos\/#primaryimage"},"thumbnailUrl":"https:\/\/cvinoticias.com\/wp-content\/uploads\/2023\/09\/f638x638-145987_204154_5050.jpg","datePublished":"2023-09-22T05:00:53+00:00","breadcrumb":{"@id":"https:\/\/cvinoticias.com\/v3\/un-camion-del-ejercito-cayo-por-un-barranco-en-neuquen-4-muertos-y-18-heridos\/#breadcrumb"},"inLanguage":"es","potentialAction":[{"@type":"ReadAction","target":["https:\/\/cvinoticias.com\/v3\/un-camion-del-ejercito-cayo-por-un-barranco-en-neuquen-4-muertos-y-18-heridos\/"]}]},{"@type":"ImageObject","inLanguage":"es","@id":"https:\/\/cvinoticias.com\/v3\/un-camion-del-ejercito-cayo-por-un-barranco-en-neuquen-4-muertos-y-18-heridos\/#primaryimage","url":"https:\/\/cvinoticias.com\/wp-content\/uploads\/2023\/09\/f638x638-145987_204154_5050.jpg","contentUrl":"https:\/\/cvinoticias.com\/wp-content\/uploads\/2023\/09\/f638x638-145987_204154_5050.jpg","width":638,"height":638},{"@type":"BreadcrumbList","@id":"https:\/\/cvinoticias.com\/v3\/un-camion-del-ejercito-cayo-por-un-barranco-en-neuquen-4-muertos-y-18-heridos\/#breadcrumb","itemListElement":[{"@type":"ListItem","position":1,"name":"Portada","item":"https:\/\/cvinoticias.com\/v3\/"},{"@type":"ListItem","position":2,"name":"Un cami\u00f3n del Ej\u00e9rcito cay\u00f3 por un barranco en Neuqu\u00e9n: 4 muertos y 18 heridos"}]},{"@type":"WebSite","@id":"https:\/\/cvinoticias.com\/v3\/#website","url":"https:\/\/cvinoticias.com\/v3\/","name":"CVI NOTICIAS","description":"","publisher":{"@id":"https:\/\/cvinoticias.com\/v3\/#organization"},"alternateName":"CVI","potentialAction":[{"@type":"SearchAction","target":{"@type":"EntryPoint","urlTemplate":"https:\/\/cvinoticias.com\/v3\/?s={search_term_string}"},"query-input":{"@type":"PropertyValueSpecification","valueRequired":true,"valueName":"search_term_string"}}],"inLanguage":"es"},{"@type":"Organization","@id":"https:\/\/cvinoticias.com\/v3\/#organization","name":"CVI NOTICIAS","url":"https:\/\/cvinoticias.com\/v3\/","logo":{"@type":"ImageObject","inLanguage":"es","@id":"https:\/\/cvinoticias.com\/v3\/#\/schema\/logo\/image\/","url":"https:\/\/cvinoticias.com\/wp-content\/uploads\/2023\/04\/cropped-cropped-cropped-cropped-cropped-3-1.png","contentUrl":"https:\/\/cvinoticias.com\/wp-content\/uploads\/2023\/04\/cropped-cropped-cropped-cropped-cropped-3-1.png","width":95,"height":122,"caption":"CVI NOTICIAS"},"image":{"@id":"https:\/\/cvinoticias.com\/v3\/#\/schema\/logo\/image\/"},"sameAs":["https:\/\/www.facebook.com\/cvinoticias","https:\/\/www.instagram.com\/cvinoticias\/","https:\/\/www.youtube.com\/@CVINOTICIAS"]},{"@type":"Person","@id":"https:\/\/cvinoticias.com\/v3\/#\/schema\/person\/2db77e3c6bc03c538495d7b2b8be9b66","name":"f1000024","image":{"@type":"ImageObject","inLanguage":"es","@id":"https:\/\/secure.gravatar.com\/avatar\/d4fe7459cfc51ff5129ce1a732bbef5928568b8092d412ef95611616376bbeed?s=96&d=mm&r=g","url":"https:\/\/secure.gravatar.com\/avatar\/d4fe7459cfc51ff5129ce1a732bbef5928568b8092d412ef95611616376bbeed?s=96&d=mm&r=g","contentUrl":"https:\/\/secure.gravatar.com\/avatar\/d4fe7459cfc51ff5129ce1a732bbef5928568b8092d412ef95611616376bbeed?s=96&d=mm&r=g","caption":"f1000024"},"url":"https:\/\/cvinoticias.com\/v3\/author\/f1000024\/"}]}},"_links":{"self":[{"href":"https:\/\/cvinoticias.com\/v3\/wp-json\/wp\/v2\/posts\/28203","targetHints":{"allow":["GET"]}}],"collection":[{"href":"https:\/\/cvinoticias.com\/v3\/wp-json\/wp\/v2\/posts"}],"about":[{"href":"https:\/\/cvinoticias.com\/v3\/wp-json\/wp\/v2\/types\/post"}],"author":[{"embeddable":true,"href":"https:\/\/cvinoticias.com\/v3\/wp-json\/wp\/v2\/users\/2"}],"replies":[{"embeddable":true,"href":"https:\/\/cvinoticias.com\/v3\/wp-json\/wp\/v2\/comments?post=28203"}],"version-history":[{"count":1,"href":"https:\/\/cvinoticias.com\/v3\/wp-json\/wp\/v2\/posts\/28203\/revisions"}],"predecessor-version":[{"id":28206,"href":"https:\/\/cvinoticias.com\/v3\/wp-json\/wp\/v2\/posts\/28203\/revisions\/28206"}],"wp:featuredmedia":[{"embeddable":true,"href":"https:\/\/cvinoticias.com\/v3\/wp-json\/wp\/v2\/media\/28204"}],"wp:attachment":[{"href":"https:\/\/cvinoticias.com\/v3\/wp-json\/wp\/v2\/media?parent=28203"}],"wp:term":[{"taxonomy":"category","embeddable":true,"href":"https:\/\/cvinoticias.com\/v3\/wp-json\/wp\/v2\/categories?post=28203"},{"taxonomy":"post_tag","embeddable":true,"href":"https:\/\/cvinoticias.com\/v3\/wp-json\/wp\/v2\/tags?post=28203"}],"curies":[{"name":"wp","href":"https:\/\/api.w.org\/{rel}","templated":true}]}}