{"id":28200,"date":"2023-09-21T23:53:06","date_gmt":"2023-09-21T23:53:06","guid":{"rendered":"https:\/\/cvinoticias.com\/v3\/?p=28200"},"modified":"2023-09-21T23:53:06","modified_gmt":"2023-09-21T23:53:06","slug":"fallecio-un-hombre-tras-un-despiste-en-pozo-azul","status":"publish","type":"post","link":"https:\/\/cvinoticias.com\/v3\/fallecio-un-hombre-tras-un-despiste-en-pozo-azul\/","title":{"rendered":"Falleci\u00f3 un hombre tras un despiste en Pozo Azul"},"content":{"rendered":"\n<p><strong><em>Un hombre identificado como\u00a0Mat\u00edas\u00a0Olivera, de 32 a\u00f1os, falleci\u00f3 este mediod\u00eda luego de perder el control con su veh\u00edculo y despistar en la banquina de la Ruta Provincial 17 de la localidad de Pozo Azul.<\/em><\/strong><\/p>\n\n\n\n<p>Seg\u00fan las primeras averiguaciones, el hecho se registr\u00f3 cerca de las 13 horas de hoy, cuando una camioneta Mercedes Benz&nbsp;Sprinter&nbsp;que circulaba en sentido a Bernardo de&nbsp;Irigoyen, habr\u00eda intentado sobrepasar otro veh\u00edculo y en esa maniobra, por causas que se tratan de establecer, perdi\u00f3 el control del rodado y termin\u00f3 despistando sobre la banquina.<\/p>\n\n\n\n<p>A ra\u00edz de ello, el&nbsp;conductor sali\u00f3 despedido del habit\u00e1culo y perdi\u00f3 la vida. En tanto, un m\u00f3vil policial que circulaba detr\u00e1s del utilitario, realiz\u00f3 una maniobra evasiva evitando el contacto con otros veh\u00edculos y termin\u00f3 despistando al costado de la ruta, registrando \u00fanicamente da\u00f1os materiales.<\/p>\n\n\n\n<p>Trabajaron en el lugar, efectivos de la comisar\u00eda local, la Polic\u00eda Cient\u00edfica que&nbsp;llev\u00f3 a cabo&nbsp;las pericias de rigor, el m\u00e9dico y bioqu\u00edmico policial. Intervino el Juzgado de Instrucci\u00f3n&nbsp;Nro&nbsp;1 de San Pedro.<\/p>\n","protected":false},"excerpt":{"rendered":"<p>Un hombre identificado como\u00a0Mat\u00edas\u00a0Olivera, de 32 a\u00f1os, falleci\u00f3 este mediod\u00eda luego de perder el control con su veh\u00edculo y despistar en la banquina de la Ruta Provincial 17 de la localidad de Pozo Azul. Seg\u00fan las primeras averiguaciones, el hecho se registr\u00f3 cerca de las 13 horas de hoy, cuando una camioneta Mercedes Benz&nbsp;Sprinter&nbsp;que circulaba [&hellip;]<\/p>\n","protected":false},"author":2,"featured_media":28201,"comment_status":"open","ping_status":"open","sticky":false,"template":"","format":"standard","meta":{"footnotes":""},"categories":[41],"tags":[],"class_list":["post-28200","post","type-post","status-publish","format-standard","has-post-thumbnail","hentry","category-policiales"],"yoast_head":"<!-- This site is optimized with the Yoast SEO plugin v27.5 - https:\/\/yoast.com\/product\/yoast-seo-wordpress\/ -->\n<title>Falleci\u00f3 un hombre tras un despiste en Pozo Azul | CVI NOTICIAS<\/title>\n<meta name=\"robots\" content=\"index, follow, max-snippet:-1, max-image-preview:large, max-video-preview:-1\" \/>\n<link rel=\"canonical\" href=\"https:\/\/cvinoticias.com\/v3\/fallecio-un-hombre-tras-un-despiste-en-pozo-azul\/\" \/>\n<meta property=\"og:locale\" content=\"es_ES\" \/>\n<meta property=\"og:type\" content=\"article\" \/>\n<meta property=\"og:title\" content=\"Falleci\u00f3 un hombre tras un despiste en Pozo Azul | CVI NOTICIAS\" \/>\n<meta property=\"og:description\" content=\"Un hombre identificado como\u00a0Mat\u00edas\u00a0Olivera, de 32 a\u00f1os, falleci\u00f3 este mediod\u00eda luego de perder el control con su veh\u00edculo y despistar en la banquina de la Ruta Provincial 17 de la localidad de Pozo Azul. Seg\u00fan las primeras averiguaciones, el hecho se registr\u00f3 cerca de las 13 horas de hoy, cuando una camioneta Mercedes Benz&nbsp;Sprinter&nbsp;que circulaba [&hellip;]\" \/>\n<meta property=\"og:url\" content=\"https:\/\/cvinoticias.com\/v3\/fallecio-un-hombre-tras-un-despiste-en-pozo-azul\/\" \/>\n<meta property=\"og:site_name\" content=\"CVI NOTICIAS\" \/>\n<meta property=\"article:publisher\" content=\"https:\/\/www.facebook.com\/cvinoticias\" \/>\n<meta property=\"article:published_time\" content=\"2023-09-21T23:53:06+00:00\" \/>\n<meta property=\"og:image\" content=\"https:\/\/cvinoticias.com\/wp-content\/uploads\/2023\/09\/IMG-20230921-WA1114.jpg\" \/>\n\t<meta property=\"og:image:width\" content=\"1271\" \/>\n\t<meta property=\"og:image:height\" content=\"971\" \/>\n\t<meta property=\"og:image:type\" content=\"image\/jpeg\" \/>\n<meta name=\"author\" content=\"f1000024\" \/>\n<meta name=\"twitter:card\" content=\"summary_large_image\" \/>\n<meta name=\"twitter:label1\" content=\"Escrito por\" \/>\n\t<meta name=\"twitter:data1\" content=\"f1000024\" \/>\n\t<meta name=\"twitter:label2\" content=\"Tiempo de lectura\" \/>\n\t<meta name=\"twitter:data2\" content=\"1 minuto\" \/>\n<script type=\"application\/ld+json\" class=\"yoast-schema-graph\">{\"@context\":\"https:\\\/\\\/schema.org\",\"@graph\":[{\"@type\":\"Article\",\"@id\":\"https:\\\/\\\/cvinoticias.com\\\/v3\\\/fallecio-un-hombre-tras-un-despiste-en-pozo-azul\\\/#article\",\"isPartOf\":{\"@id\":\"https:\\\/\\\/cvinoticias.com\\\/v3\\\/fallecio-un-hombre-tras-un-despiste-en-pozo-azul\\\/\"},\"author\":{\"name\":\"f1000024\",\"@id\":\"https:\\\/\\\/cvinoticias.com\\\/v3\\\/#\\\/schema\\\/person\\\/2db77e3c6bc03c538495d7b2b8be9b66\"},\"headline\":\"Falleci\u00f3 un hombre tras un despiste en Pozo Azul\",\"datePublished\":\"2023-09-21T23:53:06+00:00\",\"mainEntityOfPage\":{\"@id\":\"https:\\\/\\\/cvinoticias.com\\\/v3\\\/fallecio-un-hombre-tras-un-despiste-en-pozo-azul\\\/\"},\"wordCount\":205,\"commentCount\":0,\"publisher\":{\"@id\":\"https:\\\/\\\/cvinoticias.com\\\/v3\\\/#organization\"},\"image\":{\"@id\":\"https:\\\/\\\/cvinoticias.com\\\/v3\\\/fallecio-un-hombre-tras-un-despiste-en-pozo-azul\\\/#primaryimage\"},\"thumbnailUrl\":\"https:\\\/\\\/cvinoticias.com\\\/wp-content\\\/uploads\\\/2023\\\/09\\\/IMG-20230921-WA1114.jpg\",\"articleSection\":[\"Policiales\"],\"inLanguage\":\"es\",\"potentialAction\":[{\"@type\":\"CommentAction\",\"name\":\"Comment\",\"target\":[\"https:\\\/\\\/cvinoticias.com\\\/v3\\\/fallecio-un-hombre-tras-un-despiste-en-pozo-azul\\\/#respond\"]}]},{\"@type\":\"WebPage\",\"@id\":\"https:\\\/\\\/cvinoticias.com\\\/v3\\\/fallecio-un-hombre-tras-un-despiste-en-pozo-azul\\\/\",\"url\":\"https:\\\/\\\/cvinoticias.com\\\/v3\\\/fallecio-un-hombre-tras-un-despiste-en-pozo-azul\\\/\",\"name\":\"Falleci\u00f3 un hombre tras un despiste en Pozo Azul | CVI NOTICIAS\",\"isPartOf\":{\"@id\":\"https:\\\/\\\/cvinoticias.com\\\/v3\\\/#website\"},\"primaryImageOfPage\":{\"@id\":\"https:\\\/\\\/cvinoticias.com\\\/v3\\\/fallecio-un-hombre-tras-un-despiste-en-pozo-azul\\\/#primaryimage\"},\"image\":{\"@id\":\"https:\\\/\\\/cvinoticias.com\\\/v3\\\/fallecio-un-hombre-tras-un-despiste-en-pozo-azul\\\/#primaryimage\"},\"thumbnailUrl\":\"https:\\\/\\\/cvinoticias.com\\\/wp-content\\\/uploads\\\/2023\\\/09\\\/IMG-20230921-WA1114.jpg\",\"datePublished\":\"2023-09-21T23:53:06+00:00\",\"breadcrumb\":{\"@id\":\"https:\\\/\\\/cvinoticias.com\\\/v3\\\/fallecio-un-hombre-tras-un-despiste-en-pozo-azul\\\/#breadcrumb\"},\"inLanguage\":\"es\",\"potentialAction\":[{\"@type\":\"ReadAction\",\"target\":[\"https:\\\/\\\/cvinoticias.com\\\/v3\\\/fallecio-un-hombre-tras-un-despiste-en-pozo-azul\\\/\"]}]},{\"@type\":\"ImageObject\",\"inLanguage\":\"es\",\"@id\":\"https:\\\/\\\/cvinoticias.com\\\/v3\\\/fallecio-un-hombre-tras-un-despiste-en-pozo-azul\\\/#primaryimage\",\"url\":\"https:\\\/\\\/cvinoticias.com\\\/wp-content\\\/uploads\\\/2023\\\/09\\\/IMG-20230921-WA1114.jpg\",\"contentUrl\":\"https:\\\/\\\/cvinoticias.com\\\/wp-content\\\/uploads\\\/2023\\\/09\\\/IMG-20230921-WA1114.jpg\",\"width\":1271,\"height\":971},{\"@type\":\"BreadcrumbList\",\"@id\":\"https:\\\/\\\/cvinoticias.com\\\/v3\\\/fallecio-un-hombre-tras-un-despiste-en-pozo-azul\\\/#breadcrumb\",\"itemListElement\":[{\"@type\":\"ListItem\",\"position\":1,\"name\":\"Portada\",\"item\":\"https:\\\/\\\/cvinoticias.com\\\/v3\\\/\"},{\"@type\":\"ListItem\",\"position\":2,\"name\":\"Falleci\u00f3 un hombre tras un despiste en Pozo Azul\"}]},{\"@type\":\"WebSite\",\"@id\":\"https:\\\/\\\/cvinoticias.com\\\/v3\\\/#website\",\"url\":\"https:\\\/\\\/cvinoticias.com\\\/v3\\\/\",\"name\":\"CVI NOTICIAS\",\"description\":\"\",\"publisher\":{\"@id\":\"https:\\\/\\\/cvinoticias.com\\\/v3\\\/#organization\"},\"alternateName\":\"CVI\",\"potentialAction\":[{\"@type\":\"SearchAction\",\"target\":{\"@type\":\"EntryPoint\",\"urlTemplate\":\"https:\\\/\\\/cvinoticias.com\\\/v3\\\/?s={search_term_string}\"},\"query-input\":{\"@type\":\"PropertyValueSpecification\",\"valueRequired\":true,\"valueName\":\"search_term_string\"}}],\"inLanguage\":\"es\"},{\"@type\":\"Organization\",\"@id\":\"https:\\\/\\\/cvinoticias.com\\\/v3\\\/#organization\",\"name\":\"CVI NOTICIAS\",\"url\":\"https:\\\/\\\/cvinoticias.com\\\/v3\\\/\",\"logo\":{\"@type\":\"ImageObject\",\"inLanguage\":\"es\",\"@id\":\"https:\\\/\\\/cvinoticias.com\\\/v3\\\/#\\\/schema\\\/logo\\\/image\\\/\",\"url\":\"https:\\\/\\\/cvinoticias.com\\\/wp-content\\\/uploads\\\/2023\\\/04\\\/cropped-cropped-cropped-cropped-cropped-3-1.png\",\"contentUrl\":\"https:\\\/\\\/cvinoticias.com\\\/wp-content\\\/uploads\\\/2023\\\/04\\\/cropped-cropped-cropped-cropped-cropped-3-1.png\",\"width\":95,\"height\":122,\"caption\":\"CVI NOTICIAS\"},\"image\":{\"@id\":\"https:\\\/\\\/cvinoticias.com\\\/v3\\\/#\\\/schema\\\/logo\\\/image\\\/\"},\"sameAs\":[\"https:\\\/\\\/www.facebook.com\\\/cvinoticias\",\"https:\\\/\\\/www.instagram.com\\\/cvinoticias\\\/\",\"https:\\\/\\\/www.youtube.com\\\/@CVINOTICIAS\"]},{\"@type\":\"Person\",\"@id\":\"https:\\\/\\\/cvinoticias.com\\\/v3\\\/#\\\/schema\\\/person\\\/2db77e3c6bc03c538495d7b2b8be9b66\",\"name\":\"f1000024\",\"image\":{\"@type\":\"ImageObject\",\"inLanguage\":\"es\",\"@id\":\"https:\\\/\\\/secure.gravatar.com\\\/avatar\\\/d4fe7459cfc51ff5129ce1a732bbef5928568b8092d412ef95611616376bbeed?s=96&d=mm&r=g\",\"url\":\"https:\\\/\\\/secure.gravatar.com\\\/avatar\\\/d4fe7459cfc51ff5129ce1a732bbef5928568b8092d412ef95611616376bbeed?s=96&d=mm&r=g\",\"contentUrl\":\"https:\\\/\\\/secure.gravatar.com\\\/avatar\\\/d4fe7459cfc51ff5129ce1a732bbef5928568b8092d412ef95611616376bbeed?s=96&d=mm&r=g\",\"caption\":\"f1000024\"},\"url\":\"https:\\\/\\\/cvinoticias.com\\\/v3\\\/author\\\/f1000024\\\/\"}]}<\/script>\n<!-- \/ Yoast SEO plugin. -->","yoast_head_json":{"title":"Falleci\u00f3 un hombre tras un despiste en Pozo Azul | CVI NOTICIAS","robots":{"index":"index","follow":"follow","max-snippet":"max-snippet:-1","max-image-preview":"max-image-preview:large","max-video-preview":"max-video-preview:-1"},"canonical":"https:\/\/cvinoticias.com\/v3\/fallecio-un-hombre-tras-un-despiste-en-pozo-azul\/","og_locale":"es_ES","og_type":"article","og_title":"Falleci\u00f3 un hombre tras un despiste en Pozo Azul | CVI NOTICIAS","og_description":"Un hombre identificado como\u00a0Mat\u00edas\u00a0Olivera, de 32 a\u00f1os, falleci\u00f3 este mediod\u00eda luego de perder el control con su veh\u00edculo y despistar en la banquina de la Ruta Provincial 17 de la localidad de Pozo Azul. Seg\u00fan las primeras averiguaciones, el hecho se registr\u00f3 cerca de las 13 horas de hoy, cuando una camioneta Mercedes Benz&nbsp;Sprinter&nbsp;que circulaba [&hellip;]","og_url":"https:\/\/cvinoticias.com\/v3\/fallecio-un-hombre-tras-un-despiste-en-pozo-azul\/","og_site_name":"CVI NOTICIAS","article_publisher":"https:\/\/www.facebook.com\/cvinoticias","article_published_time":"2023-09-21T23:53:06+00:00","og_image":[{"width":1271,"height":971,"url":"https:\/\/cvinoticias.com\/wp-content\/uploads\/2023\/09\/IMG-20230921-WA1114.jpg","type":"image\/jpeg"}],"author":"f1000024","twitter_card":"summary_large_image","twitter_misc":{"Escrito por":"f1000024","Tiempo de lectura":"1 minuto"},"schema":{"@context":"https:\/\/schema.org","@graph":[{"@type":"Article","@id":"https:\/\/cvinoticias.com\/v3\/fallecio-un-hombre-tras-un-despiste-en-pozo-azul\/#article","isPartOf":{"@id":"https:\/\/cvinoticias.com\/v3\/fallecio-un-hombre-tras-un-despiste-en-pozo-azul\/"},"author":{"name":"f1000024","@id":"https:\/\/cvinoticias.com\/v3\/#\/schema\/person\/2db77e3c6bc03c538495d7b2b8be9b66"},"headline":"Falleci\u00f3 un hombre tras un despiste en Pozo Azul","datePublished":"2023-09-21T23:53:06+00:00","mainEntityOfPage":{"@id":"https:\/\/cvinoticias.com\/v3\/fallecio-un-hombre-tras-un-despiste-en-pozo-azul\/"},"wordCount":205,"commentCount":0,"publisher":{"@id":"https:\/\/cvinoticias.com\/v3\/#organization"},"image":{"@id":"https:\/\/cvinoticias.com\/v3\/fallecio-un-hombre-tras-un-despiste-en-pozo-azul\/#primaryimage"},"thumbnailUrl":"https:\/\/cvinoticias.com\/wp-content\/uploads\/2023\/09\/IMG-20230921-WA1114.jpg","articleSection":["Policiales"],"inLanguage":"es","potentialAction":[{"@type":"CommentAction","name":"Comment","target":["https:\/\/cvinoticias.com\/v3\/fallecio-un-hombre-tras-un-despiste-en-pozo-azul\/#respond"]}]},{"@type":"WebPage","@id":"https:\/\/cvinoticias.com\/v3\/fallecio-un-hombre-tras-un-despiste-en-pozo-azul\/","url":"https:\/\/cvinoticias.com\/v3\/fallecio-un-hombre-tras-un-despiste-en-pozo-azul\/","name":"Falleci\u00f3 un hombre tras un despiste en Pozo Azul | CVI NOTICIAS","isPartOf":{"@id":"https:\/\/cvinoticias.com\/v3\/#website"},"primaryImageOfPage":{"@id":"https:\/\/cvinoticias.com\/v3\/fallecio-un-hombre-tras-un-despiste-en-pozo-azul\/#primaryimage"},"image":{"@id":"https:\/\/cvinoticias.com\/v3\/fallecio-un-hombre-tras-un-despiste-en-pozo-azul\/#primaryimage"},"thumbnailUrl":"https:\/\/cvinoticias.com\/wp-content\/uploads\/2023\/09\/IMG-20230921-WA1114.jpg","datePublished":"2023-09-21T23:53:06+00:00","breadcrumb":{"@id":"https:\/\/cvinoticias.com\/v3\/fallecio-un-hombre-tras-un-despiste-en-pozo-azul\/#breadcrumb"},"inLanguage":"es","potentialAction":[{"@type":"ReadAction","target":["https:\/\/cvinoticias.com\/v3\/fallecio-un-hombre-tras-un-despiste-en-pozo-azul\/"]}]},{"@type":"ImageObject","inLanguage":"es","@id":"https:\/\/cvinoticias.com\/v3\/fallecio-un-hombre-tras-un-despiste-en-pozo-azul\/#primaryimage","url":"https:\/\/cvinoticias.com\/wp-content\/uploads\/2023\/09\/IMG-20230921-WA1114.jpg","contentUrl":"https:\/\/cvinoticias.com\/wp-content\/uploads\/2023\/09\/IMG-20230921-WA1114.jpg","width":1271,"height":971},{"@type":"BreadcrumbList","@id":"https:\/\/cvinoticias.com\/v3\/fallecio-un-hombre-tras-un-despiste-en-pozo-azul\/#breadcrumb","itemListElement":[{"@type":"ListItem","position":1,"name":"Portada","item":"https:\/\/cvinoticias.com\/v3\/"},{"@type":"ListItem","position":2,"name":"Falleci\u00f3 un hombre tras un despiste en Pozo Azul"}]},{"@type":"WebSite","@id":"https:\/\/cvinoticias.com\/v3\/#website","url":"https:\/\/cvinoticias.com\/v3\/","name":"CVI NOTICIAS","description":"","publisher":{"@id":"https:\/\/cvinoticias.com\/v3\/#organization"},"alternateName":"CVI","potentialAction":[{"@type":"SearchAction","target":{"@type":"EntryPoint","urlTemplate":"https:\/\/cvinoticias.com\/v3\/?s={search_term_string}"},"query-input":{"@type":"PropertyValueSpecification","valueRequired":true,"valueName":"search_term_string"}}],"inLanguage":"es"},{"@type":"Organization","@id":"https:\/\/cvinoticias.com\/v3\/#organization","name":"CVI NOTICIAS","url":"https:\/\/cvinoticias.com\/v3\/","logo":{"@type":"ImageObject","inLanguage":"es","@id":"https:\/\/cvinoticias.com\/v3\/#\/schema\/logo\/image\/","url":"https:\/\/cvinoticias.com\/wp-content\/uploads\/2023\/04\/cropped-cropped-cropped-cropped-cropped-3-1.png","contentUrl":"https:\/\/cvinoticias.com\/wp-content\/uploads\/2023\/04\/cropped-cropped-cropped-cropped-cropped-3-1.png","width":95,"height":122,"caption":"CVI NOTICIAS"},"image":{"@id":"https:\/\/cvinoticias.com\/v3\/#\/schema\/logo\/image\/"},"sameAs":["https:\/\/www.facebook.com\/cvinoticias","https:\/\/www.instagram.com\/cvinoticias\/","https:\/\/www.youtube.com\/@CVINOTICIAS"]},{"@type":"Person","@id":"https:\/\/cvinoticias.com\/v3\/#\/schema\/person\/2db77e3c6bc03c538495d7b2b8be9b66","name":"f1000024","image":{"@type":"ImageObject","inLanguage":"es","@id":"https:\/\/secure.gravatar.com\/avatar\/d4fe7459cfc51ff5129ce1a732bbef5928568b8092d412ef95611616376bbeed?s=96&d=mm&r=g","url":"https:\/\/secure.gravatar.com\/avatar\/d4fe7459cfc51ff5129ce1a732bbef5928568b8092d412ef95611616376bbeed?s=96&d=mm&r=g","contentUrl":"https:\/\/secure.gravatar.com\/avatar\/d4fe7459cfc51ff5129ce1a732bbef5928568b8092d412ef95611616376bbeed?s=96&d=mm&r=g","caption":"f1000024"},"url":"https:\/\/cvinoticias.com\/v3\/author\/f1000024\/"}]}},"_links":{"self":[{"href":"https:\/\/cvinoticias.com\/v3\/wp-json\/wp\/v2\/posts\/28200","targetHints":{"allow":["GET"]}}],"collection":[{"href":"https:\/\/cvinoticias.com\/v3\/wp-json\/wp\/v2\/posts"}],"about":[{"href":"https:\/\/cvinoticias.com\/v3\/wp-json\/wp\/v2\/types\/post"}],"author":[{"embeddable":true,"href":"https:\/\/cvinoticias.com\/v3\/wp-json\/wp\/v2\/users\/2"}],"replies":[{"embeddable":true,"href":"https:\/\/cvinoticias.com\/v3\/wp-json\/wp\/v2\/comments?post=28200"}],"version-history":[{"count":1,"href":"https:\/\/cvinoticias.com\/v3\/wp-json\/wp\/v2\/posts\/28200\/revisions"}],"predecessor-version":[{"id":28202,"href":"https:\/\/cvinoticias.com\/v3\/wp-json\/wp\/v2\/posts\/28200\/revisions\/28202"}],"wp:featuredmedia":[{"embeddable":true,"href":"https:\/\/cvinoticias.com\/v3\/wp-json\/wp\/v2\/media\/28201"}],"wp:attachment":[{"href":"https:\/\/cvinoticias.com\/v3\/wp-json\/wp\/v2\/media?parent=28200"}],"wp:term":[{"taxonomy":"category","embeddable":true,"href":"https:\/\/cvinoticias.com\/v3\/wp-json\/wp\/v2\/categories?post=28200"},{"taxonomy":"post_tag","embeddable":true,"href":"https:\/\/cvinoticias.com\/v3\/wp-json\/wp\/v2\/tags?post=28200"}],"curies":[{"name":"wp","href":"https:\/\/api.w.org\/{rel}","templated":true}]}}