{"id":28179,"date":"2023-09-21T11:57:45","date_gmt":"2023-09-21T11:57:45","guid":{"rendered":"https:\/\/cvinoticias.com\/v3\/?p=28179"},"modified":"2023-09-21T11:57:45","modified_gmt":"2023-09-21T11:57:45","slug":"por-que-la-primavera-en-argentina-no-empieza-el-21-de-septiembre-este-ano","status":"publish","type":"post","link":"https:\/\/cvinoticias.com\/v3\/por-que-la-primavera-en-argentina-no-empieza-el-21-de-septiembre-este-ano\/","title":{"rendered":"\u00bfPor qu\u00e9 la primavera en Argentina no empieza el 21 de septiembre este a\u00f1o?"},"content":{"rendered":"\n<p><strong><em>El equinoccio es el fen\u00f3meno astron\u00f3mico que da inicio a la estaci\u00f3n de las flores y no suele ocurrir el d\u00eda exacto en que se celebra el final del invierno. Cu\u00e1ndo suceder\u00e1 este a\u00f1o.<\/em><\/strong><\/p>\n\n\n\n<p>Cada 21 de septiembre se celebra en el hemisferio sur la llegada de la primavera, que da inicio a un clima m\u00e1s amigable para muchos, y precede al verano.<\/p>\n\n\n\n<p>Sin embargo, el equinoccio, tal como se conoce al evento astron\u00f3mico que da origen a la llamada estaci\u00f3n del amor, no ocurre todos los a\u00f1os el mismo d\u00eda, y este 2023 no es la excepci\u00f3n.<\/p>\n\n\n\n<p>As\u00ed es que, en esta oportunidad, el inicio de la primavera ser\u00e1 el 23 de septiembre, mientras que simult\u00e1neamente y en la misma fecha, se producir\u00e1 el equinoccio de oto\u00f1o en el hemisferio norte.<\/p>\n\n\n\n<p>Espec\u00edficamente, seg\u00fan anticip\u00f3 el Servicio de Hidrograf\u00eda Naval (SHN), el equinoccio de primavera ocurrir\u00e1 el 23 de septiembre a las 3:50 horas en la Argentina.<\/p>\n\n\n\n<p><strong>\u00bfQu\u00e9 es el equinoccio de primavera?<\/strong><\/p>\n\n\n\n<p>\u201cEl equinoccio, conocido tambi\u00e9n como \u00e6quinoctium, significa &#8216;noche igual&#8217; en lat\u00edn, y es un fen\u00f3meno astron\u00f3mico que ocurre dos veces al a\u00f1o, en primavera y en oto\u00f1o\u201d, explica National Geographic.<\/p>\n\n\n\n<p>Se refiere al momento en que el Sol est\u00e1 directamente sobre la l\u00ednea del Ecuador terrestre y, por consiguiente, los d\u00edas y las noches tienen aproximadamente la misma duraci\u00f3n en todo el mundo: unas doce horas.<\/p>\n\n\n\n<p>Los equinoccios suceden en marzo (entre el 19 y el 21) y en septiembre (entre el 21 y el 24). Durante este periodo, ambos hemisferios terrestres reciben una iluminaci\u00f3n solar equitativa.<\/p>\n\n\n\n<p>En el hemisferio sur, el equinoccio de primavera marca el inicio de la primavera y en el hemisferio norte, marca el inicio del oto\u00f1o, mientras que en el hemisferio sur el equinoccio de oto\u00f1o marca el inicio del oto\u00f1o y en el hemisferio norte marca el inicio de la primavera.<\/p>\n\n\n\n<p><strong>C\u00f3mo ser\u00e1 el clima en la primavera en Argentina<\/strong><\/p>\n\n\n\n<p>La primavera de 2023 se presenta con variaciones clim\u00e1ticas notables en diferentes regiones de Argentina, de acuerdo con el Servicio Meteorol\u00f3gico Nacional (SMN). A trav\u00e9s de un informe, el SMN anticip\u00f3 que se pronostica \u201cun trimestre normal o m\u00e1s c\u00e1lido que lo normal en el norte y este de la provincia de Buenos Aires\u201d.<\/p>\n\n\n\n<p>En las provincias de La Rioja, Catamarca, Tucum\u00e1n, Salta y Jujuy, se espera que las temperaturas superen los promedios habituales para la estaci\u00f3n. Paralelamente, C\u00f3rdoba, el sur del Litoral.<\/p>\n\n\n\n<p>En contraposici\u00f3n, Cuyo, La Pampa y el oeste bonaerense presentar\u00e1n temperaturas promedio, adecuadas para esta \u00e9poca del a\u00f1o. Pero la Patagonia revela un pron\u00f3stico distinto: su primavera podr\u00eda ser normal o incluso m\u00e1s fr\u00eda de lo usual.<\/p>\n\n\n\n<p>En cuanto a las precipitaciones, todo el norte del Litoral se prepara para una temporada con lluvias que superar\u00edan lo habitual. Sin embargo, hacia el sur del Litoral y el oeste patag\u00f3nico, las lluvias podr\u00edan oscilar entre lo normal y valores superiores. En tanto, el Noroeste Argentino (NOA), C\u00f3rdoba, San Luis y el sur patag\u00f3nico esperan lluvias dentro del promedio o incluso inferiores. Para el resto del territorio, las precipitaciones se mantendr\u00edan en los rangos esperados para la primavera.<\/p>\n\n\n\n<p>Estas variaciones clim\u00e1ticas en Argentina se encuentran en sinton\u00eda con una fase c\u00e1lida del ENOS, popularmente reconocida como \u201cEl Ni\u00f1o\u201d. Los expertos del SMN indican que hay un 99% de probabilidad de que estas condiciones perduren a lo largo de todo el trimestre.<\/p>\n","protected":false},"excerpt":{"rendered":"<p>El equinoccio es el fen\u00f3meno astron\u00f3mico que da inicio a la estaci\u00f3n de las flores y no suele ocurrir el d\u00eda exacto en que se celebra el final del invierno. Cu\u00e1ndo suceder\u00e1 este a\u00f1o. Cada 21 de septiembre se celebra en el hemisferio sur la llegada de la primavera, que da inicio a un clima [&hellip;]<\/p>\n","protected":false},"author":2,"featured_media":28180,"comment_status":"open","ping_status":"open","sticky":false,"template":"","format":"standard","meta":{"footnotes":""},"categories":[35],"tags":[],"class_list":["post-28179","post","type-post","status-publish","format-standard","has-post-thumbnail","hentry","category-informacion-general"],"yoast_head":"<!-- This site is optimized with the Yoast SEO plugin v27.5 - https:\/\/yoast.com\/product\/yoast-seo-wordpress\/ -->\n<title>\u00bfPor qu\u00e9 la primavera en Argentina no empieza el 21 de septiembre este a\u00f1o? | CVI NOTICIAS<\/title>\n<meta name=\"robots\" content=\"index, follow, max-snippet:-1, max-image-preview:large, max-video-preview:-1\" \/>\n<link rel=\"canonical\" href=\"https:\/\/cvinoticias.com\/v3\/por-que-la-primavera-en-argentina-no-empieza-el-21-de-septiembre-este-ano\/\" \/>\n<meta property=\"og:locale\" content=\"es_ES\" \/>\n<meta property=\"og:type\" content=\"article\" \/>\n<meta property=\"og:title\" content=\"\u00bfPor qu\u00e9 la primavera en Argentina no empieza el 21 de septiembre este a\u00f1o? | CVI NOTICIAS\" \/>\n<meta property=\"og:description\" content=\"El equinoccio es el fen\u00f3meno astron\u00f3mico que da inicio a la estaci\u00f3n de las flores y no suele ocurrir el d\u00eda exacto en que se celebra el final del invierno. Cu\u00e1ndo suceder\u00e1 este a\u00f1o. Cada 21 de septiembre se celebra en el hemisferio sur la llegada de la primavera, que da inicio a un clima [&hellip;]\" \/>\n<meta property=\"og:url\" content=\"https:\/\/cvinoticias.com\/v3\/por-que-la-primavera-en-argentina-no-empieza-el-21-de-septiembre-este-ano\/\" \/>\n<meta property=\"og:site_name\" content=\"CVI NOTICIAS\" \/>\n<meta property=\"article:publisher\" content=\"https:\/\/www.facebook.com\/cvinoticias\" \/>\n<meta property=\"article:published_time\" content=\"2023-09-21T11:57:45+00:00\" \/>\n<meta property=\"og:image\" content=\"https:\/\/cvinoticias.com\/wp-content\/uploads\/2023\/09\/azaleasx_el_arbusto_de_gran_floracixn_1_2_crop1569465410758.jpg_423682103.jpg\" \/>\n\t<meta property=\"og:image:width\" content=\"1200\" \/>\n\t<meta property=\"og:image:height\" content=\"1200\" \/>\n\t<meta property=\"og:image:type\" content=\"image\/jpeg\" \/>\n<meta name=\"author\" content=\"f1000024\" \/>\n<meta name=\"twitter:card\" content=\"summary_large_image\" \/>\n<meta name=\"twitter:label1\" content=\"Escrito por\" \/>\n\t<meta name=\"twitter:data1\" content=\"f1000024\" \/>\n\t<meta name=\"twitter:label2\" content=\"Tiempo de lectura\" \/>\n\t<meta name=\"twitter:data2\" content=\"3 minutos\" \/>\n<script type=\"application\/ld+json\" class=\"yoast-schema-graph\">{\"@context\":\"https:\\\/\\\/schema.org\",\"@graph\":[{\"@type\":\"Article\",\"@id\":\"https:\\\/\\\/cvinoticias.com\\\/v3\\\/por-que-la-primavera-en-argentina-no-empieza-el-21-de-septiembre-este-ano\\\/#article\",\"isPartOf\":{\"@id\":\"https:\\\/\\\/cvinoticias.com\\\/v3\\\/por-que-la-primavera-en-argentina-no-empieza-el-21-de-septiembre-este-ano\\\/\"},\"author\":{\"name\":\"f1000024\",\"@id\":\"https:\\\/\\\/cvinoticias.com\\\/v3\\\/#\\\/schema\\\/person\\\/2db77e3c6bc03c538495d7b2b8be9b66\"},\"headline\":\"\u00bfPor qu\u00e9 la primavera en Argentina no empieza el 21 de septiembre este a\u00f1o?\",\"datePublished\":\"2023-09-21T11:57:45+00:00\",\"mainEntityOfPage\":{\"@id\":\"https:\\\/\\\/cvinoticias.com\\\/v3\\\/por-que-la-primavera-en-argentina-no-empieza-el-21-de-septiembre-este-ano\\\/\"},\"wordCount\":620,\"commentCount\":0,\"publisher\":{\"@id\":\"https:\\\/\\\/cvinoticias.com\\\/v3\\\/#organization\"},\"image\":{\"@id\":\"https:\\\/\\\/cvinoticias.com\\\/v3\\\/por-que-la-primavera-en-argentina-no-empieza-el-21-de-septiembre-este-ano\\\/#primaryimage\"},\"thumbnailUrl\":\"https:\\\/\\\/cvinoticias.com\\\/wp-content\\\/uploads\\\/2023\\\/09\\\/azaleasx_el_arbusto_de_gran_floracixn_1_2_crop1569465410758.jpg_423682103.jpg\",\"articleSection\":[\"Informaci\u00f3n General\"],\"inLanguage\":\"es\",\"potentialAction\":[{\"@type\":\"CommentAction\",\"name\":\"Comment\",\"target\":[\"https:\\\/\\\/cvinoticias.com\\\/v3\\\/por-que-la-primavera-en-argentina-no-empieza-el-21-de-septiembre-este-ano\\\/#respond\"]}]},{\"@type\":\"WebPage\",\"@id\":\"https:\\\/\\\/cvinoticias.com\\\/v3\\\/por-que-la-primavera-en-argentina-no-empieza-el-21-de-septiembre-este-ano\\\/\",\"url\":\"https:\\\/\\\/cvinoticias.com\\\/v3\\\/por-que-la-primavera-en-argentina-no-empieza-el-21-de-septiembre-este-ano\\\/\",\"name\":\"\u00bfPor qu\u00e9 la primavera en Argentina no empieza el 21 de septiembre este a\u00f1o? | CVI NOTICIAS\",\"isPartOf\":{\"@id\":\"https:\\\/\\\/cvinoticias.com\\\/v3\\\/#website\"},\"primaryImageOfPage\":{\"@id\":\"https:\\\/\\\/cvinoticias.com\\\/v3\\\/por-que-la-primavera-en-argentina-no-empieza-el-21-de-septiembre-este-ano\\\/#primaryimage\"},\"image\":{\"@id\":\"https:\\\/\\\/cvinoticias.com\\\/v3\\\/por-que-la-primavera-en-argentina-no-empieza-el-21-de-septiembre-este-ano\\\/#primaryimage\"},\"thumbnailUrl\":\"https:\\\/\\\/cvinoticias.com\\\/wp-content\\\/uploads\\\/2023\\\/09\\\/azaleasx_el_arbusto_de_gran_floracixn_1_2_crop1569465410758.jpg_423682103.jpg\",\"datePublished\":\"2023-09-21T11:57:45+00:00\",\"breadcrumb\":{\"@id\":\"https:\\\/\\\/cvinoticias.com\\\/v3\\\/por-que-la-primavera-en-argentina-no-empieza-el-21-de-septiembre-este-ano\\\/#breadcrumb\"},\"inLanguage\":\"es\",\"potentialAction\":[{\"@type\":\"ReadAction\",\"target\":[\"https:\\\/\\\/cvinoticias.com\\\/v3\\\/por-que-la-primavera-en-argentina-no-empieza-el-21-de-septiembre-este-ano\\\/\"]}]},{\"@type\":\"ImageObject\",\"inLanguage\":\"es\",\"@id\":\"https:\\\/\\\/cvinoticias.com\\\/v3\\\/por-que-la-primavera-en-argentina-no-empieza-el-21-de-septiembre-este-ano\\\/#primaryimage\",\"url\":\"https:\\\/\\\/cvinoticias.com\\\/wp-content\\\/uploads\\\/2023\\\/09\\\/azaleasx_el_arbusto_de_gran_floracixn_1_2_crop1569465410758.jpg_423682103.jpg\",\"contentUrl\":\"https:\\\/\\\/cvinoticias.com\\\/wp-content\\\/uploads\\\/2023\\\/09\\\/azaleasx_el_arbusto_de_gran_floracixn_1_2_crop1569465410758.jpg_423682103.jpg\",\"width\":1200,\"height\":1200},{\"@type\":\"BreadcrumbList\",\"@id\":\"https:\\\/\\\/cvinoticias.com\\\/v3\\\/por-que-la-primavera-en-argentina-no-empieza-el-21-de-septiembre-este-ano\\\/#breadcrumb\",\"itemListElement\":[{\"@type\":\"ListItem\",\"position\":1,\"name\":\"Portada\",\"item\":\"https:\\\/\\\/cvinoticias.com\\\/v3\\\/\"},{\"@type\":\"ListItem\",\"position\":2,\"name\":\"\u00bfPor qu\u00e9 la primavera en Argentina no empieza el 21 de septiembre este a\u00f1o?\"}]},{\"@type\":\"WebSite\",\"@id\":\"https:\\\/\\\/cvinoticias.com\\\/v3\\\/#website\",\"url\":\"https:\\\/\\\/cvinoticias.com\\\/v3\\\/\",\"name\":\"CVI NOTICIAS\",\"description\":\"\",\"publisher\":{\"@id\":\"https:\\\/\\\/cvinoticias.com\\\/v3\\\/#organization\"},\"alternateName\":\"CVI\",\"potentialAction\":[{\"@type\":\"SearchAction\",\"target\":{\"@type\":\"EntryPoint\",\"urlTemplate\":\"https:\\\/\\\/cvinoticias.com\\\/v3\\\/?s={search_term_string}\"},\"query-input\":{\"@type\":\"PropertyValueSpecification\",\"valueRequired\":true,\"valueName\":\"search_term_string\"}}],\"inLanguage\":\"es\"},{\"@type\":\"Organization\",\"@id\":\"https:\\\/\\\/cvinoticias.com\\\/v3\\\/#organization\",\"name\":\"CVI NOTICIAS\",\"url\":\"https:\\\/\\\/cvinoticias.com\\\/v3\\\/\",\"logo\":{\"@type\":\"ImageObject\",\"inLanguage\":\"es\",\"@id\":\"https:\\\/\\\/cvinoticias.com\\\/v3\\\/#\\\/schema\\\/logo\\\/image\\\/\",\"url\":\"https:\\\/\\\/cvinoticias.com\\\/wp-content\\\/uploads\\\/2023\\\/04\\\/cropped-cropped-cropped-cropped-cropped-3-1.png\",\"contentUrl\":\"https:\\\/\\\/cvinoticias.com\\\/wp-content\\\/uploads\\\/2023\\\/04\\\/cropped-cropped-cropped-cropped-cropped-3-1.png\",\"width\":95,\"height\":122,\"caption\":\"CVI NOTICIAS\"},\"image\":{\"@id\":\"https:\\\/\\\/cvinoticias.com\\\/v3\\\/#\\\/schema\\\/logo\\\/image\\\/\"},\"sameAs\":[\"https:\\\/\\\/www.facebook.com\\\/cvinoticias\",\"https:\\\/\\\/www.instagram.com\\\/cvinoticias\\\/\",\"https:\\\/\\\/www.youtube.com\\\/@CVINOTICIAS\"]},{\"@type\":\"Person\",\"@id\":\"https:\\\/\\\/cvinoticias.com\\\/v3\\\/#\\\/schema\\\/person\\\/2db77e3c6bc03c538495d7b2b8be9b66\",\"name\":\"f1000024\",\"image\":{\"@type\":\"ImageObject\",\"inLanguage\":\"es\",\"@id\":\"https:\\\/\\\/secure.gravatar.com\\\/avatar\\\/d4fe7459cfc51ff5129ce1a732bbef5928568b8092d412ef95611616376bbeed?s=96&d=mm&r=g\",\"url\":\"https:\\\/\\\/secure.gravatar.com\\\/avatar\\\/d4fe7459cfc51ff5129ce1a732bbef5928568b8092d412ef95611616376bbeed?s=96&d=mm&r=g\",\"contentUrl\":\"https:\\\/\\\/secure.gravatar.com\\\/avatar\\\/d4fe7459cfc51ff5129ce1a732bbef5928568b8092d412ef95611616376bbeed?s=96&d=mm&r=g\",\"caption\":\"f1000024\"},\"url\":\"https:\\\/\\\/cvinoticias.com\\\/v3\\\/author\\\/f1000024\\\/\"}]}<\/script>\n<!-- \/ Yoast SEO plugin. -->","yoast_head_json":{"title":"\u00bfPor qu\u00e9 la primavera en Argentina no empieza el 21 de septiembre este a\u00f1o? | CVI NOTICIAS","robots":{"index":"index","follow":"follow","max-snippet":"max-snippet:-1","max-image-preview":"max-image-preview:large","max-video-preview":"max-video-preview:-1"},"canonical":"https:\/\/cvinoticias.com\/v3\/por-que-la-primavera-en-argentina-no-empieza-el-21-de-septiembre-este-ano\/","og_locale":"es_ES","og_type":"article","og_title":"\u00bfPor qu\u00e9 la primavera en Argentina no empieza el 21 de septiembre este a\u00f1o? | CVI NOTICIAS","og_description":"El equinoccio es el fen\u00f3meno astron\u00f3mico que da inicio a la estaci\u00f3n de las flores y no suele ocurrir el d\u00eda exacto en que se celebra el final del invierno. Cu\u00e1ndo suceder\u00e1 este a\u00f1o. Cada 21 de septiembre se celebra en el hemisferio sur la llegada de la primavera, que da inicio a un clima [&hellip;]","og_url":"https:\/\/cvinoticias.com\/v3\/por-que-la-primavera-en-argentina-no-empieza-el-21-de-septiembre-este-ano\/","og_site_name":"CVI NOTICIAS","article_publisher":"https:\/\/www.facebook.com\/cvinoticias","article_published_time":"2023-09-21T11:57:45+00:00","og_image":[{"width":1200,"height":1200,"url":"https:\/\/cvinoticias.com\/wp-content\/uploads\/2023\/09\/azaleasx_el_arbusto_de_gran_floracixn_1_2_crop1569465410758.jpg_423682103.jpg","type":"image\/jpeg"}],"author":"f1000024","twitter_card":"summary_large_image","twitter_misc":{"Escrito por":"f1000024","Tiempo de lectura":"3 minutos"},"schema":{"@context":"https:\/\/schema.org","@graph":[{"@type":"Article","@id":"https:\/\/cvinoticias.com\/v3\/por-que-la-primavera-en-argentina-no-empieza-el-21-de-septiembre-este-ano\/#article","isPartOf":{"@id":"https:\/\/cvinoticias.com\/v3\/por-que-la-primavera-en-argentina-no-empieza-el-21-de-septiembre-este-ano\/"},"author":{"name":"f1000024","@id":"https:\/\/cvinoticias.com\/v3\/#\/schema\/person\/2db77e3c6bc03c538495d7b2b8be9b66"},"headline":"\u00bfPor qu\u00e9 la primavera en Argentina no empieza el 21 de septiembre este a\u00f1o?","datePublished":"2023-09-21T11:57:45+00:00","mainEntityOfPage":{"@id":"https:\/\/cvinoticias.com\/v3\/por-que-la-primavera-en-argentina-no-empieza-el-21-de-septiembre-este-ano\/"},"wordCount":620,"commentCount":0,"publisher":{"@id":"https:\/\/cvinoticias.com\/v3\/#organization"},"image":{"@id":"https:\/\/cvinoticias.com\/v3\/por-que-la-primavera-en-argentina-no-empieza-el-21-de-septiembre-este-ano\/#primaryimage"},"thumbnailUrl":"https:\/\/cvinoticias.com\/wp-content\/uploads\/2023\/09\/azaleasx_el_arbusto_de_gran_floracixn_1_2_crop1569465410758.jpg_423682103.jpg","articleSection":["Informaci\u00f3n General"],"inLanguage":"es","potentialAction":[{"@type":"CommentAction","name":"Comment","target":["https:\/\/cvinoticias.com\/v3\/por-que-la-primavera-en-argentina-no-empieza-el-21-de-septiembre-este-ano\/#respond"]}]},{"@type":"WebPage","@id":"https:\/\/cvinoticias.com\/v3\/por-que-la-primavera-en-argentina-no-empieza-el-21-de-septiembre-este-ano\/","url":"https:\/\/cvinoticias.com\/v3\/por-que-la-primavera-en-argentina-no-empieza-el-21-de-septiembre-este-ano\/","name":"\u00bfPor qu\u00e9 la primavera en Argentina no empieza el 21 de septiembre este a\u00f1o? | CVI NOTICIAS","isPartOf":{"@id":"https:\/\/cvinoticias.com\/v3\/#website"},"primaryImageOfPage":{"@id":"https:\/\/cvinoticias.com\/v3\/por-que-la-primavera-en-argentina-no-empieza-el-21-de-septiembre-este-ano\/#primaryimage"},"image":{"@id":"https:\/\/cvinoticias.com\/v3\/por-que-la-primavera-en-argentina-no-empieza-el-21-de-septiembre-este-ano\/#primaryimage"},"thumbnailUrl":"https:\/\/cvinoticias.com\/wp-content\/uploads\/2023\/09\/azaleasx_el_arbusto_de_gran_floracixn_1_2_crop1569465410758.jpg_423682103.jpg","datePublished":"2023-09-21T11:57:45+00:00","breadcrumb":{"@id":"https:\/\/cvinoticias.com\/v3\/por-que-la-primavera-en-argentina-no-empieza-el-21-de-septiembre-este-ano\/#breadcrumb"},"inLanguage":"es","potentialAction":[{"@type":"ReadAction","target":["https:\/\/cvinoticias.com\/v3\/por-que-la-primavera-en-argentina-no-empieza-el-21-de-septiembre-este-ano\/"]}]},{"@type":"ImageObject","inLanguage":"es","@id":"https:\/\/cvinoticias.com\/v3\/por-que-la-primavera-en-argentina-no-empieza-el-21-de-septiembre-este-ano\/#primaryimage","url":"https:\/\/cvinoticias.com\/wp-content\/uploads\/2023\/09\/azaleasx_el_arbusto_de_gran_floracixn_1_2_crop1569465410758.jpg_423682103.jpg","contentUrl":"https:\/\/cvinoticias.com\/wp-content\/uploads\/2023\/09\/azaleasx_el_arbusto_de_gran_floracixn_1_2_crop1569465410758.jpg_423682103.jpg","width":1200,"height":1200},{"@type":"BreadcrumbList","@id":"https:\/\/cvinoticias.com\/v3\/por-que-la-primavera-en-argentina-no-empieza-el-21-de-septiembre-este-ano\/#breadcrumb","itemListElement":[{"@type":"ListItem","position":1,"name":"Portada","item":"https:\/\/cvinoticias.com\/v3\/"},{"@type":"ListItem","position":2,"name":"\u00bfPor qu\u00e9 la primavera en Argentina no empieza el 21 de septiembre este a\u00f1o?"}]},{"@type":"WebSite","@id":"https:\/\/cvinoticias.com\/v3\/#website","url":"https:\/\/cvinoticias.com\/v3\/","name":"CVI NOTICIAS","description":"","publisher":{"@id":"https:\/\/cvinoticias.com\/v3\/#organization"},"alternateName":"CVI","potentialAction":[{"@type":"SearchAction","target":{"@type":"EntryPoint","urlTemplate":"https:\/\/cvinoticias.com\/v3\/?s={search_term_string}"},"query-input":{"@type":"PropertyValueSpecification","valueRequired":true,"valueName":"search_term_string"}}],"inLanguage":"es"},{"@type":"Organization","@id":"https:\/\/cvinoticias.com\/v3\/#organization","name":"CVI NOTICIAS","url":"https:\/\/cvinoticias.com\/v3\/","logo":{"@type":"ImageObject","inLanguage":"es","@id":"https:\/\/cvinoticias.com\/v3\/#\/schema\/logo\/image\/","url":"https:\/\/cvinoticias.com\/wp-content\/uploads\/2023\/04\/cropped-cropped-cropped-cropped-cropped-3-1.png","contentUrl":"https:\/\/cvinoticias.com\/wp-content\/uploads\/2023\/04\/cropped-cropped-cropped-cropped-cropped-3-1.png","width":95,"height":122,"caption":"CVI NOTICIAS"},"image":{"@id":"https:\/\/cvinoticias.com\/v3\/#\/schema\/logo\/image\/"},"sameAs":["https:\/\/www.facebook.com\/cvinoticias","https:\/\/www.instagram.com\/cvinoticias\/","https:\/\/www.youtube.com\/@CVINOTICIAS"]},{"@type":"Person","@id":"https:\/\/cvinoticias.com\/v3\/#\/schema\/person\/2db77e3c6bc03c538495d7b2b8be9b66","name":"f1000024","image":{"@type":"ImageObject","inLanguage":"es","@id":"https:\/\/secure.gravatar.com\/avatar\/d4fe7459cfc51ff5129ce1a732bbef5928568b8092d412ef95611616376bbeed?s=96&d=mm&r=g","url":"https:\/\/secure.gravatar.com\/avatar\/d4fe7459cfc51ff5129ce1a732bbef5928568b8092d412ef95611616376bbeed?s=96&d=mm&r=g","contentUrl":"https:\/\/secure.gravatar.com\/avatar\/d4fe7459cfc51ff5129ce1a732bbef5928568b8092d412ef95611616376bbeed?s=96&d=mm&r=g","caption":"f1000024"},"url":"https:\/\/cvinoticias.com\/v3\/author\/f1000024\/"}]}},"_links":{"self":[{"href":"https:\/\/cvinoticias.com\/v3\/wp-json\/wp\/v2\/posts\/28179","targetHints":{"allow":["GET"]}}],"collection":[{"href":"https:\/\/cvinoticias.com\/v3\/wp-json\/wp\/v2\/posts"}],"about":[{"href":"https:\/\/cvinoticias.com\/v3\/wp-json\/wp\/v2\/types\/post"}],"author":[{"embeddable":true,"href":"https:\/\/cvinoticias.com\/v3\/wp-json\/wp\/v2\/users\/2"}],"replies":[{"embeddable":true,"href":"https:\/\/cvinoticias.com\/v3\/wp-json\/wp\/v2\/comments?post=28179"}],"version-history":[{"count":1,"href":"https:\/\/cvinoticias.com\/v3\/wp-json\/wp\/v2\/posts\/28179\/revisions"}],"predecessor-version":[{"id":28181,"href":"https:\/\/cvinoticias.com\/v3\/wp-json\/wp\/v2\/posts\/28179\/revisions\/28181"}],"wp:featuredmedia":[{"embeddable":true,"href":"https:\/\/cvinoticias.com\/v3\/wp-json\/wp\/v2\/media\/28180"}],"wp:attachment":[{"href":"https:\/\/cvinoticias.com\/v3\/wp-json\/wp\/v2\/media?parent=28179"}],"wp:term":[{"taxonomy":"category","embeddable":true,"href":"https:\/\/cvinoticias.com\/v3\/wp-json\/wp\/v2\/categories?post=28179"},{"taxonomy":"post_tag","embeddable":true,"href":"https:\/\/cvinoticias.com\/v3\/wp-json\/wp\/v2\/tags?post=28179"}],"curies":[{"name":"wp","href":"https:\/\/api.w.org\/{rel}","templated":true}]}}