{"id":28176,"date":"2023-09-21T11:42:29","date_gmt":"2023-09-21T11:42:29","guid":{"rendered":"https:\/\/cvinoticias.com\/v3\/?p=28176"},"modified":"2023-09-21T11:42:29","modified_gmt":"2023-09-21T11:42:29","slug":"massa-anuncio-la-suspension-de-retenciones-por-90-dias-para-el-sector-lechero","status":"publish","type":"post","link":"https:\/\/cvinoticias.com\/v3\/massa-anuncio-la-suspension-de-retenciones-por-90-dias-para-el-sector-lechero\/","title":{"rendered":"Massa anunci\u00f3 la suspensi\u00f3n de retenciones por 90 d\u00edas para el sector lechero"},"content":{"rendered":"\n<p><strong><em>El ministro de Econom\u00eda, Sergio Massa, anunci\u00f3 una suspensi\u00f3n de las retenciones por 90 d\u00edas para los productos l\u00e1cteos, el aumento de 20% en la cuota de Impulso Tambero y la extensi\u00f3n del programa hasta el 31 de diciembre.<\/em><\/strong><\/p>\n\n\n\n<p>Las medidas fueron dispuestas tras una reuni\u00f3n que, junto al secretario de Agricultura, Ganader\u00eda y Pesca, Juan Jos\u00e9 Bahillo, mantuvo con representantes de la cadena lechera y funcionarios de las provincias productoras en la localidad santafesina de Pilar.<\/p>\n\n\n\n<p>Desde las instalaciones de la empresa l\u00e1ctea Tremblay, el tambi\u00e9n candidato a presidente por Uni\u00f3n por la Patria (UxP) anunci\u00f3 estas medidas con la intenci\u00f3n de reparar los efectos perjudiciales que tuvo la sequ\u00eda en la estructura de costos de los productores. Las medidas son a cambio de congelar los precios de los productos por tres meses y mantener la rentabilidad de los tamberos, implicando una inversi\u00f3n superior a $10.000 millones por parte del Estado.<\/p>\n\n\n\n<p>\u00abEl tema de los precios y de que tengamos acordado un sendero de precios claros para la gente en los pr\u00f3ximos 90 d\u00edas en las g\u00f3ndolas es clave y es clave tambi\u00e9n que el esfuerzo llegue al productor, porque si bajamos retenciones y el productor no ve una mejora en el precio no habr\u00e1 servido nada en t\u00e9rminos de vol\u00famenes\u00bb, asegur\u00f3.<\/p>\n\n\n\n<p>Por su parte, Bahillo destac\u00f3 la vocaci\u00f3n de di\u00e1logo del ministro Massa al acercarse a dialogar con los actores de la cadena l\u00e1ctea y reafirm\u00f3 \u00abel compromiso de continuar acompa\u00f1ando a los productores porque los problemas no se solucionan con la primera lluvia\u00bb. Y el gobernador de Santa Fe, Omar Perotti, sostuvo que \u201ces una oportunidad para ratificar el potencial que tiene la lecher\u00eda y la regi\u00f3n centro por el arraigo, la incorporaci\u00f3n de valor y la distribuci\u00f3n en cada uno de los distintos pueblos, generando industrias, con la trascendencia y la historia que la lecher\u00eda santafesina tiene llegando a los mercados internacionales\u201d.<\/p>\n","protected":false},"excerpt":{"rendered":"<p>El ministro de Econom\u00eda, Sergio Massa, anunci\u00f3 una suspensi\u00f3n de las retenciones por 90 d\u00edas para los productos l\u00e1cteos, el aumento de 20% en la cuota de Impulso Tambero y la extensi\u00f3n del programa hasta el 31 de diciembre. Las medidas fueron dispuestas tras una reuni\u00f3n que, junto al secretario de Agricultura, Ganader\u00eda y Pesca, [&hellip;]<\/p>\n","protected":false},"author":2,"featured_media":28177,"comment_status":"open","ping_status":"open","sticky":false,"template":"","format":"standard","meta":{"footnotes":""},"categories":[39],"tags":[],"class_list":["post-28176","post","type-post","status-publish","format-standard","has-post-thumbnail","hentry","category-nacionales"],"yoast_head":"<!-- This site is optimized with the Yoast SEO plugin v27.4 - https:\/\/yoast.com\/product\/yoast-seo-wordpress\/ -->\n<title>Massa anunci\u00f3 la suspensi\u00f3n de retenciones por 90 d\u00edas para el sector lechero | CVI NOTICIAS<\/title>\n<meta name=\"robots\" content=\"index, follow, max-snippet:-1, max-image-preview:large, max-video-preview:-1\" \/>\n<link rel=\"canonical\" href=\"https:\/\/cvinoticias.com\/v3\/massa-anuncio-la-suspension-de-retenciones-por-90-dias-para-el-sector-lechero\/\" \/>\n<meta property=\"og:locale\" content=\"es_ES\" \/>\n<meta property=\"og:type\" content=\"article\" \/>\n<meta property=\"og:title\" content=\"Massa anunci\u00f3 la suspensi\u00f3n de retenciones por 90 d\u00edas para el sector lechero | CVI NOTICIAS\" \/>\n<meta property=\"og:description\" content=\"El ministro de Econom\u00eda, Sergio Massa, anunci\u00f3 una suspensi\u00f3n de las retenciones por 90 d\u00edas para los productos l\u00e1cteos, el aumento de 20% en la cuota de Impulso Tambero y la extensi\u00f3n del programa hasta el 31 de diciembre. Las medidas fueron dispuestas tras una reuni\u00f3n que, junto al secretario de Agricultura, Ganader\u00eda y Pesca, [&hellip;]\" \/>\n<meta property=\"og:url\" content=\"https:\/\/cvinoticias.com\/v3\/massa-anuncio-la-suspension-de-retenciones-por-90-dias-para-el-sector-lechero\/\" \/>\n<meta property=\"og:site_name\" content=\"CVI NOTICIAS\" \/>\n<meta property=\"article:publisher\" content=\"https:\/\/www.facebook.com\/cvinoticias\" \/>\n<meta property=\"article:published_time\" content=\"2023-09-21T11:42:29+00:00\" \/>\n<meta property=\"og:image\" content=\"https:\/\/cvinoticias.com\/wp-content\/uploads\/2023\/09\/14-1.png\" \/>\n\t<meta property=\"og:image:width\" content=\"885\" \/>\n\t<meta property=\"og:image:height\" content=\"517\" \/>\n\t<meta property=\"og:image:type\" content=\"image\/png\" \/>\n<meta name=\"author\" content=\"f1000024\" \/>\n<meta name=\"twitter:card\" content=\"summary_large_image\" \/>\n<meta name=\"twitter:label1\" content=\"Escrito por\" \/>\n\t<meta name=\"twitter:data1\" content=\"f1000024\" \/>\n\t<meta name=\"twitter:label2\" content=\"Tiempo de lectura\" \/>\n\t<meta name=\"twitter:data2\" content=\"2 minutos\" \/>\n<script type=\"application\/ld+json\" class=\"yoast-schema-graph\">{\"@context\":\"https:\\\/\\\/schema.org\",\"@graph\":[{\"@type\":\"Article\",\"@id\":\"https:\\\/\\\/cvinoticias.com\\\/v3\\\/massa-anuncio-la-suspension-de-retenciones-por-90-dias-para-el-sector-lechero\\\/#article\",\"isPartOf\":{\"@id\":\"https:\\\/\\\/cvinoticias.com\\\/v3\\\/massa-anuncio-la-suspension-de-retenciones-por-90-dias-para-el-sector-lechero\\\/\"},\"author\":{\"name\":\"f1000024\",\"@id\":\"https:\\\/\\\/cvinoticias.com\\\/v3\\\/#\\\/schema\\\/person\\\/2db77e3c6bc03c538495d7b2b8be9b66\"},\"headline\":\"Massa anunci\u00f3 la suspensi\u00f3n de retenciones por 90 d\u00edas para el sector lechero\",\"datePublished\":\"2023-09-21T11:42:29+00:00\",\"mainEntityOfPage\":{\"@id\":\"https:\\\/\\\/cvinoticias.com\\\/v3\\\/massa-anuncio-la-suspension-de-retenciones-por-90-dias-para-el-sector-lechero\\\/\"},\"wordCount\":353,\"commentCount\":0,\"publisher\":{\"@id\":\"https:\\\/\\\/cvinoticias.com\\\/v3\\\/#organization\"},\"image\":{\"@id\":\"https:\\\/\\\/cvinoticias.com\\\/v3\\\/massa-anuncio-la-suspension-de-retenciones-por-90-dias-para-el-sector-lechero\\\/#primaryimage\"},\"thumbnailUrl\":\"https:\\\/\\\/cvinoticias.com\\\/wp-content\\\/uploads\\\/2023\\\/09\\\/14-1.png\",\"articleSection\":[\"Nacionales\"],\"inLanguage\":\"es\",\"potentialAction\":[{\"@type\":\"CommentAction\",\"name\":\"Comment\",\"target\":[\"https:\\\/\\\/cvinoticias.com\\\/v3\\\/massa-anuncio-la-suspension-de-retenciones-por-90-dias-para-el-sector-lechero\\\/#respond\"]}]},{\"@type\":\"WebPage\",\"@id\":\"https:\\\/\\\/cvinoticias.com\\\/v3\\\/massa-anuncio-la-suspension-de-retenciones-por-90-dias-para-el-sector-lechero\\\/\",\"url\":\"https:\\\/\\\/cvinoticias.com\\\/v3\\\/massa-anuncio-la-suspension-de-retenciones-por-90-dias-para-el-sector-lechero\\\/\",\"name\":\"Massa anunci\u00f3 la suspensi\u00f3n de retenciones por 90 d\u00edas para el sector lechero | CVI NOTICIAS\",\"isPartOf\":{\"@id\":\"https:\\\/\\\/cvinoticias.com\\\/v3\\\/#website\"},\"primaryImageOfPage\":{\"@id\":\"https:\\\/\\\/cvinoticias.com\\\/v3\\\/massa-anuncio-la-suspension-de-retenciones-por-90-dias-para-el-sector-lechero\\\/#primaryimage\"},\"image\":{\"@id\":\"https:\\\/\\\/cvinoticias.com\\\/v3\\\/massa-anuncio-la-suspension-de-retenciones-por-90-dias-para-el-sector-lechero\\\/#primaryimage\"},\"thumbnailUrl\":\"https:\\\/\\\/cvinoticias.com\\\/wp-content\\\/uploads\\\/2023\\\/09\\\/14-1.png\",\"datePublished\":\"2023-09-21T11:42:29+00:00\",\"breadcrumb\":{\"@id\":\"https:\\\/\\\/cvinoticias.com\\\/v3\\\/massa-anuncio-la-suspension-de-retenciones-por-90-dias-para-el-sector-lechero\\\/#breadcrumb\"},\"inLanguage\":\"es\",\"potentialAction\":[{\"@type\":\"ReadAction\",\"target\":[\"https:\\\/\\\/cvinoticias.com\\\/v3\\\/massa-anuncio-la-suspension-de-retenciones-por-90-dias-para-el-sector-lechero\\\/\"]}]},{\"@type\":\"ImageObject\",\"inLanguage\":\"es\",\"@id\":\"https:\\\/\\\/cvinoticias.com\\\/v3\\\/massa-anuncio-la-suspension-de-retenciones-por-90-dias-para-el-sector-lechero\\\/#primaryimage\",\"url\":\"https:\\\/\\\/cvinoticias.com\\\/wp-content\\\/uploads\\\/2023\\\/09\\\/14-1.png\",\"contentUrl\":\"https:\\\/\\\/cvinoticias.com\\\/wp-content\\\/uploads\\\/2023\\\/09\\\/14-1.png\",\"width\":885,\"height\":517},{\"@type\":\"BreadcrumbList\",\"@id\":\"https:\\\/\\\/cvinoticias.com\\\/v3\\\/massa-anuncio-la-suspension-de-retenciones-por-90-dias-para-el-sector-lechero\\\/#breadcrumb\",\"itemListElement\":[{\"@type\":\"ListItem\",\"position\":1,\"name\":\"Portada\",\"item\":\"https:\\\/\\\/cvinoticias.com\\\/v3\\\/\"},{\"@type\":\"ListItem\",\"position\":2,\"name\":\"Massa anunci\u00f3 la suspensi\u00f3n de retenciones por 90 d\u00edas para el sector lechero\"}]},{\"@type\":\"WebSite\",\"@id\":\"https:\\\/\\\/cvinoticias.com\\\/v3\\\/#website\",\"url\":\"https:\\\/\\\/cvinoticias.com\\\/v3\\\/\",\"name\":\"CVI NOTICIAS\",\"description\":\"\",\"publisher\":{\"@id\":\"https:\\\/\\\/cvinoticias.com\\\/v3\\\/#organization\"},\"alternateName\":\"CVI\",\"potentialAction\":[{\"@type\":\"SearchAction\",\"target\":{\"@type\":\"EntryPoint\",\"urlTemplate\":\"https:\\\/\\\/cvinoticias.com\\\/v3\\\/?s={search_term_string}\"},\"query-input\":{\"@type\":\"PropertyValueSpecification\",\"valueRequired\":true,\"valueName\":\"search_term_string\"}}],\"inLanguage\":\"es\"},{\"@type\":\"Organization\",\"@id\":\"https:\\\/\\\/cvinoticias.com\\\/v3\\\/#organization\",\"name\":\"CVI NOTICIAS\",\"url\":\"https:\\\/\\\/cvinoticias.com\\\/v3\\\/\",\"logo\":{\"@type\":\"ImageObject\",\"inLanguage\":\"es\",\"@id\":\"https:\\\/\\\/cvinoticias.com\\\/v3\\\/#\\\/schema\\\/logo\\\/image\\\/\",\"url\":\"https:\\\/\\\/cvinoticias.com\\\/wp-content\\\/uploads\\\/2023\\\/04\\\/cropped-cropped-cropped-cropped-cropped-3-1.png\",\"contentUrl\":\"https:\\\/\\\/cvinoticias.com\\\/wp-content\\\/uploads\\\/2023\\\/04\\\/cropped-cropped-cropped-cropped-cropped-3-1.png\",\"width\":95,\"height\":122,\"caption\":\"CVI NOTICIAS\"},\"image\":{\"@id\":\"https:\\\/\\\/cvinoticias.com\\\/v3\\\/#\\\/schema\\\/logo\\\/image\\\/\"},\"sameAs\":[\"https:\\\/\\\/www.facebook.com\\\/cvinoticias\",\"https:\\\/\\\/www.instagram.com\\\/cvinoticias\\\/\",\"https:\\\/\\\/www.youtube.com\\\/@CVINOTICIAS\"]},{\"@type\":\"Person\",\"@id\":\"https:\\\/\\\/cvinoticias.com\\\/v3\\\/#\\\/schema\\\/person\\\/2db77e3c6bc03c538495d7b2b8be9b66\",\"name\":\"f1000024\",\"image\":{\"@type\":\"ImageObject\",\"inLanguage\":\"es\",\"@id\":\"https:\\\/\\\/secure.gravatar.com\\\/avatar\\\/d4fe7459cfc51ff5129ce1a732bbef5928568b8092d412ef95611616376bbeed?s=96&d=mm&r=g\",\"url\":\"https:\\\/\\\/secure.gravatar.com\\\/avatar\\\/d4fe7459cfc51ff5129ce1a732bbef5928568b8092d412ef95611616376bbeed?s=96&d=mm&r=g\",\"contentUrl\":\"https:\\\/\\\/secure.gravatar.com\\\/avatar\\\/d4fe7459cfc51ff5129ce1a732bbef5928568b8092d412ef95611616376bbeed?s=96&d=mm&r=g\",\"caption\":\"f1000024\"},\"url\":\"https:\\\/\\\/cvinoticias.com\\\/v3\\\/author\\\/f1000024\\\/\"}]}<\/script>\n<!-- \/ Yoast SEO plugin. -->","yoast_head_json":{"title":"Massa anunci\u00f3 la suspensi\u00f3n de retenciones por 90 d\u00edas para el sector lechero | CVI NOTICIAS","robots":{"index":"index","follow":"follow","max-snippet":"max-snippet:-1","max-image-preview":"max-image-preview:large","max-video-preview":"max-video-preview:-1"},"canonical":"https:\/\/cvinoticias.com\/v3\/massa-anuncio-la-suspension-de-retenciones-por-90-dias-para-el-sector-lechero\/","og_locale":"es_ES","og_type":"article","og_title":"Massa anunci\u00f3 la suspensi\u00f3n de retenciones por 90 d\u00edas para el sector lechero | CVI NOTICIAS","og_description":"El ministro de Econom\u00eda, Sergio Massa, anunci\u00f3 una suspensi\u00f3n de las retenciones por 90 d\u00edas para los productos l\u00e1cteos, el aumento de 20% en la cuota de Impulso Tambero y la extensi\u00f3n del programa hasta el 31 de diciembre. Las medidas fueron dispuestas tras una reuni\u00f3n que, junto al secretario de Agricultura, Ganader\u00eda y Pesca, [&hellip;]","og_url":"https:\/\/cvinoticias.com\/v3\/massa-anuncio-la-suspension-de-retenciones-por-90-dias-para-el-sector-lechero\/","og_site_name":"CVI NOTICIAS","article_publisher":"https:\/\/www.facebook.com\/cvinoticias","article_published_time":"2023-09-21T11:42:29+00:00","og_image":[{"width":885,"height":517,"url":"https:\/\/cvinoticias.com\/wp-content\/uploads\/2023\/09\/14-1.png","type":"image\/png"}],"author":"f1000024","twitter_card":"summary_large_image","twitter_misc":{"Escrito por":"f1000024","Tiempo de lectura":"2 minutos"},"schema":{"@context":"https:\/\/schema.org","@graph":[{"@type":"Article","@id":"https:\/\/cvinoticias.com\/v3\/massa-anuncio-la-suspension-de-retenciones-por-90-dias-para-el-sector-lechero\/#article","isPartOf":{"@id":"https:\/\/cvinoticias.com\/v3\/massa-anuncio-la-suspension-de-retenciones-por-90-dias-para-el-sector-lechero\/"},"author":{"name":"f1000024","@id":"https:\/\/cvinoticias.com\/v3\/#\/schema\/person\/2db77e3c6bc03c538495d7b2b8be9b66"},"headline":"Massa anunci\u00f3 la suspensi\u00f3n de retenciones por 90 d\u00edas para el sector lechero","datePublished":"2023-09-21T11:42:29+00:00","mainEntityOfPage":{"@id":"https:\/\/cvinoticias.com\/v3\/massa-anuncio-la-suspension-de-retenciones-por-90-dias-para-el-sector-lechero\/"},"wordCount":353,"commentCount":0,"publisher":{"@id":"https:\/\/cvinoticias.com\/v3\/#organization"},"image":{"@id":"https:\/\/cvinoticias.com\/v3\/massa-anuncio-la-suspension-de-retenciones-por-90-dias-para-el-sector-lechero\/#primaryimage"},"thumbnailUrl":"https:\/\/cvinoticias.com\/wp-content\/uploads\/2023\/09\/14-1.png","articleSection":["Nacionales"],"inLanguage":"es","potentialAction":[{"@type":"CommentAction","name":"Comment","target":["https:\/\/cvinoticias.com\/v3\/massa-anuncio-la-suspension-de-retenciones-por-90-dias-para-el-sector-lechero\/#respond"]}]},{"@type":"WebPage","@id":"https:\/\/cvinoticias.com\/v3\/massa-anuncio-la-suspension-de-retenciones-por-90-dias-para-el-sector-lechero\/","url":"https:\/\/cvinoticias.com\/v3\/massa-anuncio-la-suspension-de-retenciones-por-90-dias-para-el-sector-lechero\/","name":"Massa anunci\u00f3 la suspensi\u00f3n de retenciones por 90 d\u00edas para el sector lechero | CVI NOTICIAS","isPartOf":{"@id":"https:\/\/cvinoticias.com\/v3\/#website"},"primaryImageOfPage":{"@id":"https:\/\/cvinoticias.com\/v3\/massa-anuncio-la-suspension-de-retenciones-por-90-dias-para-el-sector-lechero\/#primaryimage"},"image":{"@id":"https:\/\/cvinoticias.com\/v3\/massa-anuncio-la-suspension-de-retenciones-por-90-dias-para-el-sector-lechero\/#primaryimage"},"thumbnailUrl":"https:\/\/cvinoticias.com\/wp-content\/uploads\/2023\/09\/14-1.png","datePublished":"2023-09-21T11:42:29+00:00","breadcrumb":{"@id":"https:\/\/cvinoticias.com\/v3\/massa-anuncio-la-suspension-de-retenciones-por-90-dias-para-el-sector-lechero\/#breadcrumb"},"inLanguage":"es","potentialAction":[{"@type":"ReadAction","target":["https:\/\/cvinoticias.com\/v3\/massa-anuncio-la-suspension-de-retenciones-por-90-dias-para-el-sector-lechero\/"]}]},{"@type":"ImageObject","inLanguage":"es","@id":"https:\/\/cvinoticias.com\/v3\/massa-anuncio-la-suspension-de-retenciones-por-90-dias-para-el-sector-lechero\/#primaryimage","url":"https:\/\/cvinoticias.com\/wp-content\/uploads\/2023\/09\/14-1.png","contentUrl":"https:\/\/cvinoticias.com\/wp-content\/uploads\/2023\/09\/14-1.png","width":885,"height":517},{"@type":"BreadcrumbList","@id":"https:\/\/cvinoticias.com\/v3\/massa-anuncio-la-suspension-de-retenciones-por-90-dias-para-el-sector-lechero\/#breadcrumb","itemListElement":[{"@type":"ListItem","position":1,"name":"Portada","item":"https:\/\/cvinoticias.com\/v3\/"},{"@type":"ListItem","position":2,"name":"Massa anunci\u00f3 la suspensi\u00f3n de retenciones por 90 d\u00edas para el sector lechero"}]},{"@type":"WebSite","@id":"https:\/\/cvinoticias.com\/v3\/#website","url":"https:\/\/cvinoticias.com\/v3\/","name":"CVI NOTICIAS","description":"","publisher":{"@id":"https:\/\/cvinoticias.com\/v3\/#organization"},"alternateName":"CVI","potentialAction":[{"@type":"SearchAction","target":{"@type":"EntryPoint","urlTemplate":"https:\/\/cvinoticias.com\/v3\/?s={search_term_string}"},"query-input":{"@type":"PropertyValueSpecification","valueRequired":true,"valueName":"search_term_string"}}],"inLanguage":"es"},{"@type":"Organization","@id":"https:\/\/cvinoticias.com\/v3\/#organization","name":"CVI NOTICIAS","url":"https:\/\/cvinoticias.com\/v3\/","logo":{"@type":"ImageObject","inLanguage":"es","@id":"https:\/\/cvinoticias.com\/v3\/#\/schema\/logo\/image\/","url":"https:\/\/cvinoticias.com\/wp-content\/uploads\/2023\/04\/cropped-cropped-cropped-cropped-cropped-3-1.png","contentUrl":"https:\/\/cvinoticias.com\/wp-content\/uploads\/2023\/04\/cropped-cropped-cropped-cropped-cropped-3-1.png","width":95,"height":122,"caption":"CVI NOTICIAS"},"image":{"@id":"https:\/\/cvinoticias.com\/v3\/#\/schema\/logo\/image\/"},"sameAs":["https:\/\/www.facebook.com\/cvinoticias","https:\/\/www.instagram.com\/cvinoticias\/","https:\/\/www.youtube.com\/@CVINOTICIAS"]},{"@type":"Person","@id":"https:\/\/cvinoticias.com\/v3\/#\/schema\/person\/2db77e3c6bc03c538495d7b2b8be9b66","name":"f1000024","image":{"@type":"ImageObject","inLanguage":"es","@id":"https:\/\/secure.gravatar.com\/avatar\/d4fe7459cfc51ff5129ce1a732bbef5928568b8092d412ef95611616376bbeed?s=96&d=mm&r=g","url":"https:\/\/secure.gravatar.com\/avatar\/d4fe7459cfc51ff5129ce1a732bbef5928568b8092d412ef95611616376bbeed?s=96&d=mm&r=g","contentUrl":"https:\/\/secure.gravatar.com\/avatar\/d4fe7459cfc51ff5129ce1a732bbef5928568b8092d412ef95611616376bbeed?s=96&d=mm&r=g","caption":"f1000024"},"url":"https:\/\/cvinoticias.com\/v3\/author\/f1000024\/"}]}},"_links":{"self":[{"href":"https:\/\/cvinoticias.com\/v3\/wp-json\/wp\/v2\/posts\/28176","targetHints":{"allow":["GET"]}}],"collection":[{"href":"https:\/\/cvinoticias.com\/v3\/wp-json\/wp\/v2\/posts"}],"about":[{"href":"https:\/\/cvinoticias.com\/v3\/wp-json\/wp\/v2\/types\/post"}],"author":[{"embeddable":true,"href":"https:\/\/cvinoticias.com\/v3\/wp-json\/wp\/v2\/users\/2"}],"replies":[{"embeddable":true,"href":"https:\/\/cvinoticias.com\/v3\/wp-json\/wp\/v2\/comments?post=28176"}],"version-history":[{"count":1,"href":"https:\/\/cvinoticias.com\/v3\/wp-json\/wp\/v2\/posts\/28176\/revisions"}],"predecessor-version":[{"id":28178,"href":"https:\/\/cvinoticias.com\/v3\/wp-json\/wp\/v2\/posts\/28176\/revisions\/28178"}],"wp:featuredmedia":[{"embeddable":true,"href":"https:\/\/cvinoticias.com\/v3\/wp-json\/wp\/v2\/media\/28177"}],"wp:attachment":[{"href":"https:\/\/cvinoticias.com\/v3\/wp-json\/wp\/v2\/media?parent=28176"}],"wp:term":[{"taxonomy":"category","embeddable":true,"href":"https:\/\/cvinoticias.com\/v3\/wp-json\/wp\/v2\/categories?post=28176"},{"taxonomy":"post_tag","embeddable":true,"href":"https:\/\/cvinoticias.com\/v3\/wp-json\/wp\/v2\/tags?post=28176"}],"curies":[{"name":"wp","href":"https:\/\/api.w.org\/{rel}","templated":true}]}}