{"id":28170,"date":"2023-09-20T21:01:14","date_gmt":"2023-09-20T21:01:14","guid":{"rendered":"https:\/\/cvinoticias.com\/v3\/?p=28170"},"modified":"2023-09-20T21:01:14","modified_gmt":"2023-09-20T21:01:14","slug":"alto-uruguay-exponencial-el-diseno-estrategico-de-un-proyecto-de-desarrollo-sostenible-para-la-region","status":"publish","type":"post","link":"https:\/\/cvinoticias.com\/v3\/alto-uruguay-exponencial-el-diseno-estrategico-de-un-proyecto-de-desarrollo-sostenible-para-la-region\/","title":{"rendered":"Alto Uruguay Exponencial: el dise\u00f1o estrat\u00e9gico de un proyecto de desarrollo sostenible para la regi\u00f3n"},"content":{"rendered":"\n<p><strong><em>Esta ma\u00f1ana se reunieron diferentes actores de la gesti\u00f3n provincial para trabajar en la expansi\u00f3n programada de la regi\u00f3n del alto uruguay. Un proyecto \u00abambicioso pero en el que ya estamos trabajando\u00bb, seg\u00fan coincidieron los involucrados.\u00a0<\/em><\/strong><\/p>\n\n\n\n<p>La mesa conformada por -de derecha a izquierda en la foto de portada- Sebasti\u00e1n Mac\u00edas, de la Direcci\u00f3n Provincial de Vialidad de Misiones, Juan Carlos Pereyra, quien tiene el IProDHa a su cargo; Adolfo Safr\u00e1n, Ministro de Hacienda, Finanzas, Obras y Servicios P\u00fablicos; Sergio Bresiski, de la Direcci\u00f3n General De Arquitectura provincial; Fabi\u00e1n Rodr\u00edguez, el intendente de San Vicente, el municipio m\u00e1s populoso de la zona del Alto Uruguay y Virginia Kluka, la abogada oriunda de Jard\u00edn Am\u00e9rica que tiene Energ\u00eda de Misiones a su cargo; discuti\u00f3 y acord\u00f3 diferentes proyectos para una expansi\u00f3n programada y \u00abprolija\u00bb de la urbanizaci\u00f3n en el territorio.<\/p>\n\n\n\n<p>Mac\u00edas tendr\u00e1 a su cargo el mejoramiento de los cordones cuneta, el asfaltado y empedrado de barrios (San Roque y El Progreso en principio), pero tambi\u00e9n del asfalto sobre empedrado de alrededor de 240 cuadras en la zona, una obra de gran impacto que se espera comience a la brevedad.<\/p>\n\n\n\n<p>Por su parte Energ\u00eda de Misiones, seg\u00fan precis\u00f3 la Dr. Kluka, ya se encuentra trabajando en la entrega de energ\u00eda abundante y de calidad para el nuevo parque industrial. Tambi\u00e9n ser\u00e1 responsable de la entrega del servicio el\u00e9ctrico para el nuevo barrio proyectado.<\/p>\n\n\n\n<p>La Direcci\u00f3n de Arquitectura comenz\u00f3 esta semana con obras en diferentes colegios de todos los niveles y continuar\u00e1 con estas acciones en toda la regi\u00f3n . El objetivo es que el crecimiento demogr\u00e1fico tenga acceso a escuelas y centros de salud en cercan\u00edas a sus domicilios.<\/p>\n\n\n\n<p>Tambi\u00e9n Bresiski adelant\u00f3 que est\u00e1n trabajando en el dise\u00f1o y planificaci\u00f3n de obras para el Polideportivo Municipal \u00abEl Hueco\u00bb en San Vicente.<\/p>\n\n\n\n<p>El Instituto Provincial de Desarrollo Habitacional, haciendo honor a su nombre, ser\u00e1 el organismo responsable de desarrollar un estrat\u00e9gico plan habitacional para la regi\u00f3n brindando mejoras y soluciones habitacionales a las familias misioneras.<\/p>\n\n\n\n<p>Ayer se entregaron otras 180 casas en Itaemb\u00e9 Guaz\u00fa, fruto de los acuerdos entre Misiones y Naci\u00f3n. El sue\u00f1o de la casa propia se hizo realidad para esas familias y ahora el objetivo de \u00abAlto Uruguay Exponencial\u00bb es un crecimiento programado de las ciudades y pueblos de este territorio, permitiendo el acceso a la vivienda, lotes y servicios de calidad; una realidad que pareciera imposible fuera de las fronteras provinciales.<\/p>\n","protected":false},"excerpt":{"rendered":"<p>Esta ma\u00f1ana se reunieron diferentes actores de la gesti\u00f3n provincial para trabajar en la expansi\u00f3n programada de la regi\u00f3n del alto uruguay. Un proyecto \u00abambicioso pero en el que ya estamos trabajando\u00bb, seg\u00fan coincidieron los involucrados.\u00a0 La mesa conformada por -de derecha a izquierda en la foto de portada- Sebasti\u00e1n Mac\u00edas, de la Direcci\u00f3n Provincial [&hellip;]<\/p>\n","protected":false},"author":2,"featured_media":28171,"comment_status":"open","ping_status":"open","sticky":false,"template":"","format":"standard","meta":{"footnotes":""},"categories":[35],"tags":[],"class_list":["post-28170","post","type-post","status-publish","format-standard","has-post-thumbnail","hentry","category-informacion-general"],"yoast_head":"<!-- This site is optimized with the Yoast SEO plugin v27.5 - https:\/\/yoast.com\/product\/yoast-seo-wordpress\/ -->\n<title>Alto Uruguay Exponencial: el dise\u00f1o estrat\u00e9gico de un proyecto de desarrollo sostenible para la regi\u00f3n | CVI NOTICIAS<\/title>\n<meta name=\"robots\" content=\"index, follow, max-snippet:-1, max-image-preview:large, max-video-preview:-1\" \/>\n<link rel=\"canonical\" href=\"https:\/\/cvinoticias.com\/v3\/alto-uruguay-exponencial-el-diseno-estrategico-de-un-proyecto-de-desarrollo-sostenible-para-la-region\/\" \/>\n<meta property=\"og:locale\" content=\"es_ES\" \/>\n<meta property=\"og:type\" content=\"article\" \/>\n<meta property=\"og:title\" content=\"Alto Uruguay Exponencial: el dise\u00f1o estrat\u00e9gico de un proyecto de desarrollo sostenible para la regi\u00f3n | CVI NOTICIAS\" \/>\n<meta property=\"og:description\" content=\"Esta ma\u00f1ana se reunieron diferentes actores de la gesti\u00f3n provincial para trabajar en la expansi\u00f3n programada de la regi\u00f3n del alto uruguay. Un proyecto \u00abambicioso pero en el que ya estamos trabajando\u00bb, seg\u00fan coincidieron los involucrados.\u00a0 La mesa conformada por -de derecha a izquierda en la foto de portada- Sebasti\u00e1n Mac\u00edas, de la Direcci\u00f3n Provincial [&hellip;]\" \/>\n<meta property=\"og:url\" content=\"https:\/\/cvinoticias.com\/v3\/alto-uruguay-exponencial-el-diseno-estrategico-de-un-proyecto-de-desarrollo-sostenible-para-la-region\/\" \/>\n<meta property=\"og:site_name\" content=\"CVI NOTICIAS\" \/>\n<meta property=\"article:publisher\" content=\"https:\/\/www.facebook.com\/cvinoticias\" \/>\n<meta property=\"article:published_time\" content=\"2023-09-20T21:01:14+00:00\" \/>\n<meta property=\"og:image\" content=\"https:\/\/cvinoticias.com\/wp-content\/uploads\/2023\/09\/IMG-20230920-WA0408.jpg\" \/>\n\t<meta property=\"og:image:width\" content=\"1600\" \/>\n\t<meta property=\"og:image:height\" content=\"1200\" \/>\n\t<meta property=\"og:image:type\" content=\"image\/jpeg\" \/>\n<meta name=\"author\" content=\"f1000024\" \/>\n<meta name=\"twitter:card\" content=\"summary_large_image\" \/>\n<meta name=\"twitter:label1\" content=\"Escrito por\" \/>\n\t<meta name=\"twitter:data1\" content=\"f1000024\" \/>\n\t<meta name=\"twitter:label2\" content=\"Tiempo de lectura\" \/>\n\t<meta name=\"twitter:data2\" content=\"2 minutos\" \/>\n<script type=\"application\/ld+json\" class=\"yoast-schema-graph\">{\"@context\":\"https:\\\/\\\/schema.org\",\"@graph\":[{\"@type\":\"Article\",\"@id\":\"https:\\\/\\\/cvinoticias.com\\\/v3\\\/alto-uruguay-exponencial-el-diseno-estrategico-de-un-proyecto-de-desarrollo-sostenible-para-la-region\\\/#article\",\"isPartOf\":{\"@id\":\"https:\\\/\\\/cvinoticias.com\\\/v3\\\/alto-uruguay-exponencial-el-diseno-estrategico-de-un-proyecto-de-desarrollo-sostenible-para-la-region\\\/\"},\"author\":{\"name\":\"f1000024\",\"@id\":\"https:\\\/\\\/cvinoticias.com\\\/v3\\\/#\\\/schema\\\/person\\\/2db77e3c6bc03c538495d7b2b8be9b66\"},\"headline\":\"Alto Uruguay Exponencial: el dise\u00f1o estrat\u00e9gico de un proyecto de desarrollo sostenible para la regi\u00f3n\",\"datePublished\":\"2023-09-20T21:01:14+00:00\",\"mainEntityOfPage\":{\"@id\":\"https:\\\/\\\/cvinoticias.com\\\/v3\\\/alto-uruguay-exponencial-el-diseno-estrategico-de-un-proyecto-de-desarrollo-sostenible-para-la-region\\\/\"},\"wordCount\":456,\"commentCount\":0,\"publisher\":{\"@id\":\"https:\\\/\\\/cvinoticias.com\\\/v3\\\/#organization\"},\"image\":{\"@id\":\"https:\\\/\\\/cvinoticias.com\\\/v3\\\/alto-uruguay-exponencial-el-diseno-estrategico-de-un-proyecto-de-desarrollo-sostenible-para-la-region\\\/#primaryimage\"},\"thumbnailUrl\":\"https:\\\/\\\/cvinoticias.com\\\/wp-content\\\/uploads\\\/2023\\\/09\\\/IMG-20230920-WA0408.jpg\",\"articleSection\":[\"Informaci\u00f3n General\"],\"inLanguage\":\"es\",\"potentialAction\":[{\"@type\":\"CommentAction\",\"name\":\"Comment\",\"target\":[\"https:\\\/\\\/cvinoticias.com\\\/v3\\\/alto-uruguay-exponencial-el-diseno-estrategico-de-un-proyecto-de-desarrollo-sostenible-para-la-region\\\/#respond\"]}]},{\"@type\":\"WebPage\",\"@id\":\"https:\\\/\\\/cvinoticias.com\\\/v3\\\/alto-uruguay-exponencial-el-diseno-estrategico-de-un-proyecto-de-desarrollo-sostenible-para-la-region\\\/\",\"url\":\"https:\\\/\\\/cvinoticias.com\\\/v3\\\/alto-uruguay-exponencial-el-diseno-estrategico-de-un-proyecto-de-desarrollo-sostenible-para-la-region\\\/\",\"name\":\"Alto Uruguay Exponencial: el dise\u00f1o estrat\u00e9gico de un proyecto de desarrollo sostenible para la regi\u00f3n | CVI NOTICIAS\",\"isPartOf\":{\"@id\":\"https:\\\/\\\/cvinoticias.com\\\/v3\\\/#website\"},\"primaryImageOfPage\":{\"@id\":\"https:\\\/\\\/cvinoticias.com\\\/v3\\\/alto-uruguay-exponencial-el-diseno-estrategico-de-un-proyecto-de-desarrollo-sostenible-para-la-region\\\/#primaryimage\"},\"image\":{\"@id\":\"https:\\\/\\\/cvinoticias.com\\\/v3\\\/alto-uruguay-exponencial-el-diseno-estrategico-de-un-proyecto-de-desarrollo-sostenible-para-la-region\\\/#primaryimage\"},\"thumbnailUrl\":\"https:\\\/\\\/cvinoticias.com\\\/wp-content\\\/uploads\\\/2023\\\/09\\\/IMG-20230920-WA0408.jpg\",\"datePublished\":\"2023-09-20T21:01:14+00:00\",\"breadcrumb\":{\"@id\":\"https:\\\/\\\/cvinoticias.com\\\/v3\\\/alto-uruguay-exponencial-el-diseno-estrategico-de-un-proyecto-de-desarrollo-sostenible-para-la-region\\\/#breadcrumb\"},\"inLanguage\":\"es\",\"potentialAction\":[{\"@type\":\"ReadAction\",\"target\":[\"https:\\\/\\\/cvinoticias.com\\\/v3\\\/alto-uruguay-exponencial-el-diseno-estrategico-de-un-proyecto-de-desarrollo-sostenible-para-la-region\\\/\"]}]},{\"@type\":\"ImageObject\",\"inLanguage\":\"es\",\"@id\":\"https:\\\/\\\/cvinoticias.com\\\/v3\\\/alto-uruguay-exponencial-el-diseno-estrategico-de-un-proyecto-de-desarrollo-sostenible-para-la-region\\\/#primaryimage\",\"url\":\"https:\\\/\\\/cvinoticias.com\\\/wp-content\\\/uploads\\\/2023\\\/09\\\/IMG-20230920-WA0408.jpg\",\"contentUrl\":\"https:\\\/\\\/cvinoticias.com\\\/wp-content\\\/uploads\\\/2023\\\/09\\\/IMG-20230920-WA0408.jpg\",\"width\":1600,\"height\":1200},{\"@type\":\"BreadcrumbList\",\"@id\":\"https:\\\/\\\/cvinoticias.com\\\/v3\\\/alto-uruguay-exponencial-el-diseno-estrategico-de-un-proyecto-de-desarrollo-sostenible-para-la-region\\\/#breadcrumb\",\"itemListElement\":[{\"@type\":\"ListItem\",\"position\":1,\"name\":\"Portada\",\"item\":\"https:\\\/\\\/cvinoticias.com\\\/v3\\\/\"},{\"@type\":\"ListItem\",\"position\":2,\"name\":\"Alto Uruguay Exponencial: el dise\u00f1o estrat\u00e9gico de un proyecto de desarrollo sostenible para la regi\u00f3n\"}]},{\"@type\":\"WebSite\",\"@id\":\"https:\\\/\\\/cvinoticias.com\\\/v3\\\/#website\",\"url\":\"https:\\\/\\\/cvinoticias.com\\\/v3\\\/\",\"name\":\"CVI NOTICIAS\",\"description\":\"\",\"publisher\":{\"@id\":\"https:\\\/\\\/cvinoticias.com\\\/v3\\\/#organization\"},\"alternateName\":\"CVI\",\"potentialAction\":[{\"@type\":\"SearchAction\",\"target\":{\"@type\":\"EntryPoint\",\"urlTemplate\":\"https:\\\/\\\/cvinoticias.com\\\/v3\\\/?s={search_term_string}\"},\"query-input\":{\"@type\":\"PropertyValueSpecification\",\"valueRequired\":true,\"valueName\":\"search_term_string\"}}],\"inLanguage\":\"es\"},{\"@type\":\"Organization\",\"@id\":\"https:\\\/\\\/cvinoticias.com\\\/v3\\\/#organization\",\"name\":\"CVI NOTICIAS\",\"url\":\"https:\\\/\\\/cvinoticias.com\\\/v3\\\/\",\"logo\":{\"@type\":\"ImageObject\",\"inLanguage\":\"es\",\"@id\":\"https:\\\/\\\/cvinoticias.com\\\/v3\\\/#\\\/schema\\\/logo\\\/image\\\/\",\"url\":\"https:\\\/\\\/cvinoticias.com\\\/wp-content\\\/uploads\\\/2023\\\/04\\\/cropped-cropped-cropped-cropped-cropped-3-1.png\",\"contentUrl\":\"https:\\\/\\\/cvinoticias.com\\\/wp-content\\\/uploads\\\/2023\\\/04\\\/cropped-cropped-cropped-cropped-cropped-3-1.png\",\"width\":95,\"height\":122,\"caption\":\"CVI NOTICIAS\"},\"image\":{\"@id\":\"https:\\\/\\\/cvinoticias.com\\\/v3\\\/#\\\/schema\\\/logo\\\/image\\\/\"},\"sameAs\":[\"https:\\\/\\\/www.facebook.com\\\/cvinoticias\",\"https:\\\/\\\/www.instagram.com\\\/cvinoticias\\\/\",\"https:\\\/\\\/www.youtube.com\\\/@CVINOTICIAS\"]},{\"@type\":\"Person\",\"@id\":\"https:\\\/\\\/cvinoticias.com\\\/v3\\\/#\\\/schema\\\/person\\\/2db77e3c6bc03c538495d7b2b8be9b66\",\"name\":\"f1000024\",\"image\":{\"@type\":\"ImageObject\",\"inLanguage\":\"es\",\"@id\":\"https:\\\/\\\/secure.gravatar.com\\\/avatar\\\/d4fe7459cfc51ff5129ce1a732bbef5928568b8092d412ef95611616376bbeed?s=96&d=mm&r=g\",\"url\":\"https:\\\/\\\/secure.gravatar.com\\\/avatar\\\/d4fe7459cfc51ff5129ce1a732bbef5928568b8092d412ef95611616376bbeed?s=96&d=mm&r=g\",\"contentUrl\":\"https:\\\/\\\/secure.gravatar.com\\\/avatar\\\/d4fe7459cfc51ff5129ce1a732bbef5928568b8092d412ef95611616376bbeed?s=96&d=mm&r=g\",\"caption\":\"f1000024\"},\"url\":\"https:\\\/\\\/cvinoticias.com\\\/v3\\\/author\\\/f1000024\\\/\"}]}<\/script>\n<!-- \/ Yoast SEO plugin. -->","yoast_head_json":{"title":"Alto Uruguay Exponencial: el dise\u00f1o estrat\u00e9gico de un proyecto de desarrollo sostenible para la regi\u00f3n | CVI NOTICIAS","robots":{"index":"index","follow":"follow","max-snippet":"max-snippet:-1","max-image-preview":"max-image-preview:large","max-video-preview":"max-video-preview:-1"},"canonical":"https:\/\/cvinoticias.com\/v3\/alto-uruguay-exponencial-el-diseno-estrategico-de-un-proyecto-de-desarrollo-sostenible-para-la-region\/","og_locale":"es_ES","og_type":"article","og_title":"Alto Uruguay Exponencial: el dise\u00f1o estrat\u00e9gico de un proyecto de desarrollo sostenible para la regi\u00f3n | CVI NOTICIAS","og_description":"Esta ma\u00f1ana se reunieron diferentes actores de la gesti\u00f3n provincial para trabajar en la expansi\u00f3n programada de la regi\u00f3n del alto uruguay. Un proyecto \u00abambicioso pero en el que ya estamos trabajando\u00bb, seg\u00fan coincidieron los involucrados.\u00a0 La mesa conformada por -de derecha a izquierda en la foto de portada- Sebasti\u00e1n Mac\u00edas, de la Direcci\u00f3n Provincial [&hellip;]","og_url":"https:\/\/cvinoticias.com\/v3\/alto-uruguay-exponencial-el-diseno-estrategico-de-un-proyecto-de-desarrollo-sostenible-para-la-region\/","og_site_name":"CVI NOTICIAS","article_publisher":"https:\/\/www.facebook.com\/cvinoticias","article_published_time":"2023-09-20T21:01:14+00:00","og_image":[{"width":1600,"height":1200,"url":"https:\/\/cvinoticias.com\/wp-content\/uploads\/2023\/09\/IMG-20230920-WA0408.jpg","type":"image\/jpeg"}],"author":"f1000024","twitter_card":"summary_large_image","twitter_misc":{"Escrito por":"f1000024","Tiempo de lectura":"2 minutos"},"schema":{"@context":"https:\/\/schema.org","@graph":[{"@type":"Article","@id":"https:\/\/cvinoticias.com\/v3\/alto-uruguay-exponencial-el-diseno-estrategico-de-un-proyecto-de-desarrollo-sostenible-para-la-region\/#article","isPartOf":{"@id":"https:\/\/cvinoticias.com\/v3\/alto-uruguay-exponencial-el-diseno-estrategico-de-un-proyecto-de-desarrollo-sostenible-para-la-region\/"},"author":{"name":"f1000024","@id":"https:\/\/cvinoticias.com\/v3\/#\/schema\/person\/2db77e3c6bc03c538495d7b2b8be9b66"},"headline":"Alto Uruguay Exponencial: el dise\u00f1o estrat\u00e9gico de un proyecto de desarrollo sostenible para la regi\u00f3n","datePublished":"2023-09-20T21:01:14+00:00","mainEntityOfPage":{"@id":"https:\/\/cvinoticias.com\/v3\/alto-uruguay-exponencial-el-diseno-estrategico-de-un-proyecto-de-desarrollo-sostenible-para-la-region\/"},"wordCount":456,"commentCount":0,"publisher":{"@id":"https:\/\/cvinoticias.com\/v3\/#organization"},"image":{"@id":"https:\/\/cvinoticias.com\/v3\/alto-uruguay-exponencial-el-diseno-estrategico-de-un-proyecto-de-desarrollo-sostenible-para-la-region\/#primaryimage"},"thumbnailUrl":"https:\/\/cvinoticias.com\/wp-content\/uploads\/2023\/09\/IMG-20230920-WA0408.jpg","articleSection":["Informaci\u00f3n General"],"inLanguage":"es","potentialAction":[{"@type":"CommentAction","name":"Comment","target":["https:\/\/cvinoticias.com\/v3\/alto-uruguay-exponencial-el-diseno-estrategico-de-un-proyecto-de-desarrollo-sostenible-para-la-region\/#respond"]}]},{"@type":"WebPage","@id":"https:\/\/cvinoticias.com\/v3\/alto-uruguay-exponencial-el-diseno-estrategico-de-un-proyecto-de-desarrollo-sostenible-para-la-region\/","url":"https:\/\/cvinoticias.com\/v3\/alto-uruguay-exponencial-el-diseno-estrategico-de-un-proyecto-de-desarrollo-sostenible-para-la-region\/","name":"Alto Uruguay Exponencial: el dise\u00f1o estrat\u00e9gico de un proyecto de desarrollo sostenible para la regi\u00f3n | CVI NOTICIAS","isPartOf":{"@id":"https:\/\/cvinoticias.com\/v3\/#website"},"primaryImageOfPage":{"@id":"https:\/\/cvinoticias.com\/v3\/alto-uruguay-exponencial-el-diseno-estrategico-de-un-proyecto-de-desarrollo-sostenible-para-la-region\/#primaryimage"},"image":{"@id":"https:\/\/cvinoticias.com\/v3\/alto-uruguay-exponencial-el-diseno-estrategico-de-un-proyecto-de-desarrollo-sostenible-para-la-region\/#primaryimage"},"thumbnailUrl":"https:\/\/cvinoticias.com\/wp-content\/uploads\/2023\/09\/IMG-20230920-WA0408.jpg","datePublished":"2023-09-20T21:01:14+00:00","breadcrumb":{"@id":"https:\/\/cvinoticias.com\/v3\/alto-uruguay-exponencial-el-diseno-estrategico-de-un-proyecto-de-desarrollo-sostenible-para-la-region\/#breadcrumb"},"inLanguage":"es","potentialAction":[{"@type":"ReadAction","target":["https:\/\/cvinoticias.com\/v3\/alto-uruguay-exponencial-el-diseno-estrategico-de-un-proyecto-de-desarrollo-sostenible-para-la-region\/"]}]},{"@type":"ImageObject","inLanguage":"es","@id":"https:\/\/cvinoticias.com\/v3\/alto-uruguay-exponencial-el-diseno-estrategico-de-un-proyecto-de-desarrollo-sostenible-para-la-region\/#primaryimage","url":"https:\/\/cvinoticias.com\/wp-content\/uploads\/2023\/09\/IMG-20230920-WA0408.jpg","contentUrl":"https:\/\/cvinoticias.com\/wp-content\/uploads\/2023\/09\/IMG-20230920-WA0408.jpg","width":1600,"height":1200},{"@type":"BreadcrumbList","@id":"https:\/\/cvinoticias.com\/v3\/alto-uruguay-exponencial-el-diseno-estrategico-de-un-proyecto-de-desarrollo-sostenible-para-la-region\/#breadcrumb","itemListElement":[{"@type":"ListItem","position":1,"name":"Portada","item":"https:\/\/cvinoticias.com\/v3\/"},{"@type":"ListItem","position":2,"name":"Alto Uruguay Exponencial: el dise\u00f1o estrat\u00e9gico de un proyecto de desarrollo sostenible para la regi\u00f3n"}]},{"@type":"WebSite","@id":"https:\/\/cvinoticias.com\/v3\/#website","url":"https:\/\/cvinoticias.com\/v3\/","name":"CVI NOTICIAS","description":"","publisher":{"@id":"https:\/\/cvinoticias.com\/v3\/#organization"},"alternateName":"CVI","potentialAction":[{"@type":"SearchAction","target":{"@type":"EntryPoint","urlTemplate":"https:\/\/cvinoticias.com\/v3\/?s={search_term_string}"},"query-input":{"@type":"PropertyValueSpecification","valueRequired":true,"valueName":"search_term_string"}}],"inLanguage":"es"},{"@type":"Organization","@id":"https:\/\/cvinoticias.com\/v3\/#organization","name":"CVI NOTICIAS","url":"https:\/\/cvinoticias.com\/v3\/","logo":{"@type":"ImageObject","inLanguage":"es","@id":"https:\/\/cvinoticias.com\/v3\/#\/schema\/logo\/image\/","url":"https:\/\/cvinoticias.com\/wp-content\/uploads\/2023\/04\/cropped-cropped-cropped-cropped-cropped-3-1.png","contentUrl":"https:\/\/cvinoticias.com\/wp-content\/uploads\/2023\/04\/cropped-cropped-cropped-cropped-cropped-3-1.png","width":95,"height":122,"caption":"CVI NOTICIAS"},"image":{"@id":"https:\/\/cvinoticias.com\/v3\/#\/schema\/logo\/image\/"},"sameAs":["https:\/\/www.facebook.com\/cvinoticias","https:\/\/www.instagram.com\/cvinoticias\/","https:\/\/www.youtube.com\/@CVINOTICIAS"]},{"@type":"Person","@id":"https:\/\/cvinoticias.com\/v3\/#\/schema\/person\/2db77e3c6bc03c538495d7b2b8be9b66","name":"f1000024","image":{"@type":"ImageObject","inLanguage":"es","@id":"https:\/\/secure.gravatar.com\/avatar\/d4fe7459cfc51ff5129ce1a732bbef5928568b8092d412ef95611616376bbeed?s=96&d=mm&r=g","url":"https:\/\/secure.gravatar.com\/avatar\/d4fe7459cfc51ff5129ce1a732bbef5928568b8092d412ef95611616376bbeed?s=96&d=mm&r=g","contentUrl":"https:\/\/secure.gravatar.com\/avatar\/d4fe7459cfc51ff5129ce1a732bbef5928568b8092d412ef95611616376bbeed?s=96&d=mm&r=g","caption":"f1000024"},"url":"https:\/\/cvinoticias.com\/v3\/author\/f1000024\/"}]}},"_links":{"self":[{"href":"https:\/\/cvinoticias.com\/v3\/wp-json\/wp\/v2\/posts\/28170","targetHints":{"allow":["GET"]}}],"collection":[{"href":"https:\/\/cvinoticias.com\/v3\/wp-json\/wp\/v2\/posts"}],"about":[{"href":"https:\/\/cvinoticias.com\/v3\/wp-json\/wp\/v2\/types\/post"}],"author":[{"embeddable":true,"href":"https:\/\/cvinoticias.com\/v3\/wp-json\/wp\/v2\/users\/2"}],"replies":[{"embeddable":true,"href":"https:\/\/cvinoticias.com\/v3\/wp-json\/wp\/v2\/comments?post=28170"}],"version-history":[{"count":1,"href":"https:\/\/cvinoticias.com\/v3\/wp-json\/wp\/v2\/posts\/28170\/revisions"}],"predecessor-version":[{"id":28172,"href":"https:\/\/cvinoticias.com\/v3\/wp-json\/wp\/v2\/posts\/28170\/revisions\/28172"}],"wp:featuredmedia":[{"embeddable":true,"href":"https:\/\/cvinoticias.com\/v3\/wp-json\/wp\/v2\/media\/28171"}],"wp:attachment":[{"href":"https:\/\/cvinoticias.com\/v3\/wp-json\/wp\/v2\/media?parent=28170"}],"wp:term":[{"taxonomy":"category","embeddable":true,"href":"https:\/\/cvinoticias.com\/v3\/wp-json\/wp\/v2\/categories?post=28170"},{"taxonomy":"post_tag","embeddable":true,"href":"https:\/\/cvinoticias.com\/v3\/wp-json\/wp\/v2\/tags?post=28170"}],"curies":[{"name":"wp","href":"https:\/\/api.w.org\/{rel}","templated":true}]}}