{"id":28129,"date":"2023-09-20T11:52:19","date_gmt":"2023-09-20T11:52:19","guid":{"rendered":"https:\/\/cvinoticias.com\/v3\/?p=28129"},"modified":"2023-09-20T11:52:19","modified_gmt":"2023-09-20T11:52:19","slug":"diputados-dio-media-sancion-al-proyecto-que-quita-el-impuesto-a-las-ganancias","status":"publish","type":"post","link":"https:\/\/cvinoticias.com\/v3\/diputados-dio-media-sancion-al-proyecto-que-quita-el-impuesto-a-las-ganancias\/","title":{"rendered":"Diputados dio media sanci\u00f3n al proyecto que quita el impuesto a las Ganancias"},"content":{"rendered":"\n<p><strong><em>La C\u00e1mara de Diputados acaba de dar media sanci\u00f3n a la reforma de Ganancias propuesta por el oficialismo. Fue por 135 votos a favor y 103 en contra. Ahora se debatir\u00e1 la creaci\u00f3n de la Universidad del Delta y luego la de Pilar.<\/em><\/strong><\/p>\n\n\n\n<p>El oficialismo logr\u00f3 hoy darle media sanci\u00f3n en la C\u00e1mara de Diputados al proyecto que elimina la cuarta categor\u00eda del Impuesto a las Ganancias y crea el nuevo r\u00e9gimen de Mayores Ingresos para quienes cobran m\u00e1s de 15 salarios m\u00ednimos, actualmente $1.770.000. El Frente de Todos cont\u00f3 con el apoyo de parte del interbloque Federal, Provincias Unidas, la izquierda y los libertarios de Javier Milei. Juntos por el Cambio vot\u00f3 en contra y calific\u00f3 la medida como \u201celectoralista e irresponsable\u201d.<\/p>\n\n\n\n<p>La votaci\u00f3n concluy\u00f3 con 135 positivos, 103 negativos y ninguna abstenci\u00f3n.<\/p>\n\n\n\n<p>El oficialismo ten\u00eda el qu\u00f3rum asegurado desde la semana pasada gracias a la fractura del interbloque Federal (Alejandro \u201cTopo\u201d Rodr\u00edguez, Natalia De la Sota y Graciela Cama\u00f1o votaron a favor) y al apoyo de Provincias Unidas y el Frente de Izquierda. Sin embargo, sorpresivamente tambi\u00e9n bajaron al recinto el gobernador electo de Santa Cruz, Claudio Vidal, su compa\u00f1ero de bloque Felipe \u00c1lvarez, el gobernador electo de Neuqu\u00e9n, Rolando Figueroa y cuatro diputados de Evoluci\u00f3n, Emiliano Yacobitti, Marcela Antola; Gabriela Brower y Danya Tavela.<\/p>\n\n\n\n<p>Carlos Heller, como miembro informante del proyecto oficialista, fue el primero en hacer uso de la palabra y detall\u00f3 que la reforma significa \u201cuna mejora del poder adquisitivo del 21%\u201d. En ese sentido, asegur\u00f3 que \u201cse trata de una herramienta altamente progresiva y dinamizadora del mercado interno\u201d.<\/p>\n\n\n\n<p>Por otro lado, desestim\u00f3 las cr\u00edticas que hizo la oposici\u00f3n durante las \u00faltimas semanas relacionadas con la intencionalidad electoral del proyecto. \u201cHemos escuchado que esta era una medida electoralista. \u00bfQu\u00e9 quiere decir? \u00bfQue es buena para la gente? Enhorabuena\u201d, dijo, y record\u00f3 que en Argentina hay elecciones cada dos a\u00f1os, por lo que \u201cbajo esa \u00f3ptica casi todas las medidas ser\u00edan electoralistas\u201d.<\/p>\n\n\n\n<p>En la bancada que conduce Germ\u00e1n Mart\u00ednez argumentan que no existen razones para que la oposici\u00f3n rechace la suba del m\u00ednimo no imponible a $1.770.000 pesos (cerca de 700 mil trabajadores dejar\u00edan de pagar el gravamen) ya que es una de la pol\u00edticas que figura en su plataforma electoral y ha sido una promesa de campa\u00f1a, tanto en 2015 como en la actualidad.<\/p>\n\n\n\n<p>Sin embargo, desde la oposici\u00f3n insistieron en que la medida tendr\u00e1 un impacto fiscal de $1 bill\u00f3n que no ser\u00e1 compensado con una reducci\u00f3n del d\u00e9ficit. \u201cSi no es compensada con una reducci\u00f3n del gasto p\u00fablico, despu\u00e9s terminan emitiendo dinero y entonces lo que se da con una mano, se lo sacan con la otra mano a trav\u00e9s de la inflaci\u00f3n\u201d, explic\u00f3 Alejandro Cacace, del bloque Evoluci\u00f3n.<\/p>\n\n\n\n<p>En la misma l\u00ednea, cuestion\u00f3 que el proyecto haya sido presentado a cuatro meses del cambio de gobierno. \u201cDurante cuatro a\u00f1os aumentaron 20 impuestos y ahora proponen una reforma fiscal que se aplica para el pr\u00f3ximo gobierno cuando ya no est\u00e1n. Es electoralista, antidemocr\u00e1tico e irresponsable\u201d, sentenci\u00f3.<\/p>\n\n\n\n<p>En tanto, Luciano Laspina, uno de los economistas m\u00e1s cercanos a Patricia Bullrich, se\u00f1al\u00f3 que si consideramos la masa total de trabajadores esta medida \u201csolo beneficia al 5% de los que tienen mayores ingresos\u201d.<\/p>\n\n\n\n<p>\u201cEn un pa\u00eds al borde de la hiperinflaci\u00f3n, esto equivale a emitir un cheque de 1.250.000 para los 800 mil trabajadores con los salarios m\u00e1s altos de la Argentina. Esto demuestra que es una concesi\u00f3n a los jerarcas sindicales, un conjunto de dirigentes que ya no representan a los trabajadores\u201d, afirm\u00f3.<\/p>\n\n\n\n<p>Una de las sorpresas de la jornada fue la posici\u00f3n de los libertarios, que dieron qu\u00f3rum y votaron a favor del gobierno. El propio Javier Milei pidi\u00f3 la palabra para explicar su postura y fue contundente: \u201cEl Estado es una organizaci\u00f3n criminal que vive de los impuestos y, por lo tanto, todos los impuestos son un robo\u201d.<\/p>\n\n\n\n<p>Asimismo, minimiz\u00f3 el debate en torno al oportunismo pol\u00edtico del anuncio del Gobierno: \u201cS\u00ed, el Gobierno va a intentar sacar un r\u00e9dito electoral, va a creer que la gente es tonta. Pero pese a que la gente es subestimada sistem\u00e1ticamente por la casta pol\u00edtica parece que la gente est\u00e1 reaccionando\u201d.<\/p>\n\n\n\n<p>Y apunt\u00f3 en duros t\u00e9rminos contra Juntos por el Cambio: \u201cLes recuerdo que le aprobaron el Presupuesto con d\u00e9ficit fiscal, que es inmoral, le han avalado la locura del FMI o han hecho leyes ustedes mismos como la ley de G\u00f3ndolas o de Alquileres, que son ataques directos al derecho de propiedad\u201d.<\/p>\n\n\n\n<p>\u201cEstamos frente a un cambio de \u00e9poca, est\u00e1 apareciendo una nueva fuerza que grita libertad. Nosotros vamos a acompa\u00f1ar esta baja de impuestos\u201d, concluy\u00f3.<\/p>\n\n\n\n<p>Varios diputados de Juntos por el Cambio apuntaron contra los libertarios por \u201cvotar con el kirchnerismo\u201d. El jefe del bloque de la Coalici\u00f3n C\u00edvica, Juan Manuel L\u00f3pez, se pregunt\u00f3 por qu\u00e9 Milei y su bloque, \u201cque supuestamente no son keynesianos\u201d, apoyan una iniciativa que expande el gasto p\u00fablico.<\/p>\n\n\n\n<p>\u201cEs porque quieren llegar en el medio del caos. Porque el plan fantasioso de la dolarizaci\u00f3n necesita de una hiperinflaci\u00f3n al principio, de m\u00ednima. La sociedad debe saber que el objetivo es deliberadamente la hiperinflaci\u00f3n, por eso dieron qu\u00f3rum y por eso votan a favor\u201d, denunci\u00f3.<\/p>\n\n\n\n<p>A su turno, Martin Tetaz denunci\u00f3 un pacto pol\u00edtico entre Milei y Massa durante el debate de la reforma al impuesto a las ganancias. \u201cMilei declar\u00f3 que bajar impuestos sin bajar el gasto es demencial. Hoy confes\u00f3 que va a votar una baja de impuestos demencial. No podemos acompa\u00f1ar este proyecto porque va a causar m\u00e1s desigualdad. Vamos a denunciar el pacto entre Milei y Massa que va a pavimentar el camino hacia la hiperinflaci\u00f3n en Argentina\u201d.<\/p>\n\n\n\n<p>En la previa de la sesi\u00f3n, diputados del interbloque Federal, Juntos Somos R\u00edo Negro, SER y MPN presentaron un proyecto para que el 30% del los fondos del impuesto al cheque sean coparticipables. La medida apunta a compensar el impacto sobre las arcas provinciales que tendr\u00e1 la reforma de Ganancias y podr\u00eda ser clave para la aprobaci\u00f3n en el Senado, donde el voto del rionegrino Alberto Weretilneck ser\u00e1 importante para alcanzar el qu\u00f3rum.<\/p>\n\n\n\n<p>Sergio Massa sigui\u00f3 el tramo final del debate desde el despacho de la presidenta de la C\u00e1mara, Cecilia Moreau, junto con el director general de Aduana Guillermo Michel y el titular de AFIP Carlos Castagneto. Seg\u00fan explicaron desde el entorno de ministro, tambi\u00e9n trabajaron \u201cen el env\u00edo de la ley que reintegra el IVA a los monotributistas, jubilados y trabajadores\u201d.<\/p>\n\n\n\n<p>Minutos antes de la votaci\u00f3n, el presidente del bloque radical, Mario Negri, apunt\u00f3 contra la CGT y contra la bancada oficialista. \u201cSolo quedan 90 d\u00edas para terminar el gobierno y nunca pens\u00e9 que iban a convertir el recinto en un comit\u00e9 de campa\u00f1a de Massa, no tienen pudor, est\u00e1n asustados\u201d, dijo.<\/p>\n","protected":false},"excerpt":{"rendered":"<p>La C\u00e1mara de Diputados acaba de dar media sanci\u00f3n a la reforma de Ganancias propuesta por el oficialismo. Fue por 135 votos a favor y 103 en contra. Ahora se debatir\u00e1 la creaci\u00f3n de la Universidad del Delta y luego la de Pilar. El oficialismo logr\u00f3 hoy darle media sanci\u00f3n en la C\u00e1mara de Diputados [&hellip;]<\/p>\n","protected":false},"author":2,"featured_media":28130,"comment_status":"open","ping_status":"open","sticky":false,"template":"","format":"standard","meta":{"footnotes":""},"categories":[39],"tags":[],"class_list":["post-28129","post","type-post","status-publish","format-standard","has-post-thumbnail","hentry","category-nacionales"],"yoast_head":"<!-- This site is optimized with the Yoast SEO plugin v27.4 - https:\/\/yoast.com\/product\/yoast-seo-wordpress\/ -->\n<title>Diputados dio media sanci\u00f3n al proyecto que quita el impuesto a las Ganancias | CVI NOTICIAS<\/title>\n<meta name=\"robots\" content=\"index, follow, max-snippet:-1, max-image-preview:large, max-video-preview:-1\" \/>\n<link rel=\"canonical\" href=\"https:\/\/cvinoticias.com\/v3\/diputados-dio-media-sancion-al-proyecto-que-quita-el-impuesto-a-las-ganancias\/\" \/>\n<meta property=\"og:locale\" content=\"es_ES\" \/>\n<meta property=\"og:type\" content=\"article\" \/>\n<meta property=\"og:title\" content=\"Diputados dio media sanci\u00f3n al proyecto que quita el impuesto a las Ganancias | CVI NOTICIAS\" \/>\n<meta property=\"og:description\" content=\"La C\u00e1mara de Diputados acaba de dar media sanci\u00f3n a la reforma de Ganancias propuesta por el oficialismo. Fue por 135 votos a favor y 103 en contra. Ahora se debatir\u00e1 la creaci\u00f3n de la Universidad del Delta y luego la de Pilar. El oficialismo logr\u00f3 hoy darle media sanci\u00f3n en la C\u00e1mara de Diputados [&hellip;]\" \/>\n<meta property=\"og:url\" content=\"https:\/\/cvinoticias.com\/v3\/diputados-dio-media-sancion-al-proyecto-que-quita-el-impuesto-a-las-ganancias\/\" \/>\n<meta property=\"og:site_name\" content=\"CVI NOTICIAS\" \/>\n<meta property=\"article:publisher\" content=\"https:\/\/www.facebook.com\/cvinoticias\" \/>\n<meta property=\"article:published_time\" content=\"2023-09-20T11:52:19+00:00\" \/>\n<meta property=\"og:image\" content=\"https:\/\/cvinoticias.com\/wp-content\/uploads\/2023\/09\/233263.jpg_nota.jpg\" \/>\n\t<meta property=\"og:image:width\" content=\"700\" \/>\n\t<meta property=\"og:image:height\" content=\"466\" \/>\n\t<meta property=\"og:image:type\" content=\"image\/jpeg\" \/>\n<meta name=\"author\" content=\"f1000024\" \/>\n<meta name=\"twitter:card\" content=\"summary_large_image\" \/>\n<meta name=\"twitter:label1\" content=\"Escrito por\" \/>\n\t<meta name=\"twitter:data1\" content=\"f1000024\" \/>\n\t<meta name=\"twitter:label2\" content=\"Tiempo de lectura\" \/>\n\t<meta name=\"twitter:data2\" content=\"6 minutos\" \/>\n<script type=\"application\/ld+json\" class=\"yoast-schema-graph\">{\"@context\":\"https:\\\/\\\/schema.org\",\"@graph\":[{\"@type\":\"Article\",\"@id\":\"https:\\\/\\\/cvinoticias.com\\\/v3\\\/diputados-dio-media-sancion-al-proyecto-que-quita-el-impuesto-a-las-ganancias\\\/#article\",\"isPartOf\":{\"@id\":\"https:\\\/\\\/cvinoticias.com\\\/v3\\\/diputados-dio-media-sancion-al-proyecto-que-quita-el-impuesto-a-las-ganancias\\\/\"},\"author\":{\"name\":\"f1000024\",\"@id\":\"https:\\\/\\\/cvinoticias.com\\\/v3\\\/#\\\/schema\\\/person\\\/2db77e3c6bc03c538495d7b2b8be9b66\"},\"headline\":\"Diputados dio media sanci\u00f3n al proyecto que quita el impuesto a las Ganancias\",\"datePublished\":\"2023-09-20T11:52:19+00:00\",\"mainEntityOfPage\":{\"@id\":\"https:\\\/\\\/cvinoticias.com\\\/v3\\\/diputados-dio-media-sancion-al-proyecto-que-quita-el-impuesto-a-las-ganancias\\\/\"},\"wordCount\":1211,\"commentCount\":0,\"publisher\":{\"@id\":\"https:\\\/\\\/cvinoticias.com\\\/v3\\\/#organization\"},\"image\":{\"@id\":\"https:\\\/\\\/cvinoticias.com\\\/v3\\\/diputados-dio-media-sancion-al-proyecto-que-quita-el-impuesto-a-las-ganancias\\\/#primaryimage\"},\"thumbnailUrl\":\"https:\\\/\\\/cvinoticias.com\\\/wp-content\\\/uploads\\\/2023\\\/09\\\/233263.jpg_nota.jpg\",\"articleSection\":[\"Nacionales\"],\"inLanguage\":\"es\",\"potentialAction\":[{\"@type\":\"CommentAction\",\"name\":\"Comment\",\"target\":[\"https:\\\/\\\/cvinoticias.com\\\/v3\\\/diputados-dio-media-sancion-al-proyecto-que-quita-el-impuesto-a-las-ganancias\\\/#respond\"]}]},{\"@type\":\"WebPage\",\"@id\":\"https:\\\/\\\/cvinoticias.com\\\/v3\\\/diputados-dio-media-sancion-al-proyecto-que-quita-el-impuesto-a-las-ganancias\\\/\",\"url\":\"https:\\\/\\\/cvinoticias.com\\\/v3\\\/diputados-dio-media-sancion-al-proyecto-que-quita-el-impuesto-a-las-ganancias\\\/\",\"name\":\"Diputados dio media sanci\u00f3n al proyecto que quita el impuesto a las Ganancias | CVI NOTICIAS\",\"isPartOf\":{\"@id\":\"https:\\\/\\\/cvinoticias.com\\\/v3\\\/#website\"},\"primaryImageOfPage\":{\"@id\":\"https:\\\/\\\/cvinoticias.com\\\/v3\\\/diputados-dio-media-sancion-al-proyecto-que-quita-el-impuesto-a-las-ganancias\\\/#primaryimage\"},\"image\":{\"@id\":\"https:\\\/\\\/cvinoticias.com\\\/v3\\\/diputados-dio-media-sancion-al-proyecto-que-quita-el-impuesto-a-las-ganancias\\\/#primaryimage\"},\"thumbnailUrl\":\"https:\\\/\\\/cvinoticias.com\\\/wp-content\\\/uploads\\\/2023\\\/09\\\/233263.jpg_nota.jpg\",\"datePublished\":\"2023-09-20T11:52:19+00:00\",\"breadcrumb\":{\"@id\":\"https:\\\/\\\/cvinoticias.com\\\/v3\\\/diputados-dio-media-sancion-al-proyecto-que-quita-el-impuesto-a-las-ganancias\\\/#breadcrumb\"},\"inLanguage\":\"es\",\"potentialAction\":[{\"@type\":\"ReadAction\",\"target\":[\"https:\\\/\\\/cvinoticias.com\\\/v3\\\/diputados-dio-media-sancion-al-proyecto-que-quita-el-impuesto-a-las-ganancias\\\/\"]}]},{\"@type\":\"ImageObject\",\"inLanguage\":\"es\",\"@id\":\"https:\\\/\\\/cvinoticias.com\\\/v3\\\/diputados-dio-media-sancion-al-proyecto-que-quita-el-impuesto-a-las-ganancias\\\/#primaryimage\",\"url\":\"https:\\\/\\\/cvinoticias.com\\\/wp-content\\\/uploads\\\/2023\\\/09\\\/233263.jpg_nota.jpg\",\"contentUrl\":\"https:\\\/\\\/cvinoticias.com\\\/wp-content\\\/uploads\\\/2023\\\/09\\\/233263.jpg_nota.jpg\",\"width\":700,\"height\":466},{\"@type\":\"BreadcrumbList\",\"@id\":\"https:\\\/\\\/cvinoticias.com\\\/v3\\\/diputados-dio-media-sancion-al-proyecto-que-quita-el-impuesto-a-las-ganancias\\\/#breadcrumb\",\"itemListElement\":[{\"@type\":\"ListItem\",\"position\":1,\"name\":\"Portada\",\"item\":\"https:\\\/\\\/cvinoticias.com\\\/v3\\\/\"},{\"@type\":\"ListItem\",\"position\":2,\"name\":\"Diputados dio media sanci\u00f3n al proyecto que quita el impuesto a las Ganancias\"}]},{\"@type\":\"WebSite\",\"@id\":\"https:\\\/\\\/cvinoticias.com\\\/v3\\\/#website\",\"url\":\"https:\\\/\\\/cvinoticias.com\\\/v3\\\/\",\"name\":\"CVI NOTICIAS\",\"description\":\"\",\"publisher\":{\"@id\":\"https:\\\/\\\/cvinoticias.com\\\/v3\\\/#organization\"},\"alternateName\":\"CVI\",\"potentialAction\":[{\"@type\":\"SearchAction\",\"target\":{\"@type\":\"EntryPoint\",\"urlTemplate\":\"https:\\\/\\\/cvinoticias.com\\\/v3\\\/?s={search_term_string}\"},\"query-input\":{\"@type\":\"PropertyValueSpecification\",\"valueRequired\":true,\"valueName\":\"search_term_string\"}}],\"inLanguage\":\"es\"},{\"@type\":\"Organization\",\"@id\":\"https:\\\/\\\/cvinoticias.com\\\/v3\\\/#organization\",\"name\":\"CVI NOTICIAS\",\"url\":\"https:\\\/\\\/cvinoticias.com\\\/v3\\\/\",\"logo\":{\"@type\":\"ImageObject\",\"inLanguage\":\"es\",\"@id\":\"https:\\\/\\\/cvinoticias.com\\\/v3\\\/#\\\/schema\\\/logo\\\/image\\\/\",\"url\":\"https:\\\/\\\/cvinoticias.com\\\/wp-content\\\/uploads\\\/2023\\\/04\\\/cropped-cropped-cropped-cropped-cropped-3-1.png\",\"contentUrl\":\"https:\\\/\\\/cvinoticias.com\\\/wp-content\\\/uploads\\\/2023\\\/04\\\/cropped-cropped-cropped-cropped-cropped-3-1.png\",\"width\":95,\"height\":122,\"caption\":\"CVI NOTICIAS\"},\"image\":{\"@id\":\"https:\\\/\\\/cvinoticias.com\\\/v3\\\/#\\\/schema\\\/logo\\\/image\\\/\"},\"sameAs\":[\"https:\\\/\\\/www.facebook.com\\\/cvinoticias\",\"https:\\\/\\\/www.instagram.com\\\/cvinoticias\\\/\",\"https:\\\/\\\/www.youtube.com\\\/@CVINOTICIAS\"]},{\"@type\":\"Person\",\"@id\":\"https:\\\/\\\/cvinoticias.com\\\/v3\\\/#\\\/schema\\\/person\\\/2db77e3c6bc03c538495d7b2b8be9b66\",\"name\":\"f1000024\",\"image\":{\"@type\":\"ImageObject\",\"inLanguage\":\"es\",\"@id\":\"https:\\\/\\\/secure.gravatar.com\\\/avatar\\\/d4fe7459cfc51ff5129ce1a732bbef5928568b8092d412ef95611616376bbeed?s=96&d=mm&r=g\",\"url\":\"https:\\\/\\\/secure.gravatar.com\\\/avatar\\\/d4fe7459cfc51ff5129ce1a732bbef5928568b8092d412ef95611616376bbeed?s=96&d=mm&r=g\",\"contentUrl\":\"https:\\\/\\\/secure.gravatar.com\\\/avatar\\\/d4fe7459cfc51ff5129ce1a732bbef5928568b8092d412ef95611616376bbeed?s=96&d=mm&r=g\",\"caption\":\"f1000024\"},\"url\":\"https:\\\/\\\/cvinoticias.com\\\/v3\\\/author\\\/f1000024\\\/\"}]}<\/script>\n<!-- \/ Yoast SEO plugin. -->","yoast_head_json":{"title":"Diputados dio media sanci\u00f3n al proyecto que quita el impuesto a las Ganancias | CVI NOTICIAS","robots":{"index":"index","follow":"follow","max-snippet":"max-snippet:-1","max-image-preview":"max-image-preview:large","max-video-preview":"max-video-preview:-1"},"canonical":"https:\/\/cvinoticias.com\/v3\/diputados-dio-media-sancion-al-proyecto-que-quita-el-impuesto-a-las-ganancias\/","og_locale":"es_ES","og_type":"article","og_title":"Diputados dio media sanci\u00f3n al proyecto que quita el impuesto a las Ganancias | CVI NOTICIAS","og_description":"La C\u00e1mara de Diputados acaba de dar media sanci\u00f3n a la reforma de Ganancias propuesta por el oficialismo. Fue por 135 votos a favor y 103 en contra. Ahora se debatir\u00e1 la creaci\u00f3n de la Universidad del Delta y luego la de Pilar. El oficialismo logr\u00f3 hoy darle media sanci\u00f3n en la C\u00e1mara de Diputados [&hellip;]","og_url":"https:\/\/cvinoticias.com\/v3\/diputados-dio-media-sancion-al-proyecto-que-quita-el-impuesto-a-las-ganancias\/","og_site_name":"CVI NOTICIAS","article_publisher":"https:\/\/www.facebook.com\/cvinoticias","article_published_time":"2023-09-20T11:52:19+00:00","og_image":[{"width":700,"height":466,"url":"https:\/\/cvinoticias.com\/wp-content\/uploads\/2023\/09\/233263.jpg_nota.jpg","type":"image\/jpeg"}],"author":"f1000024","twitter_card":"summary_large_image","twitter_misc":{"Escrito por":"f1000024","Tiempo de lectura":"6 minutos"},"schema":{"@context":"https:\/\/schema.org","@graph":[{"@type":"Article","@id":"https:\/\/cvinoticias.com\/v3\/diputados-dio-media-sancion-al-proyecto-que-quita-el-impuesto-a-las-ganancias\/#article","isPartOf":{"@id":"https:\/\/cvinoticias.com\/v3\/diputados-dio-media-sancion-al-proyecto-que-quita-el-impuesto-a-las-ganancias\/"},"author":{"name":"f1000024","@id":"https:\/\/cvinoticias.com\/v3\/#\/schema\/person\/2db77e3c6bc03c538495d7b2b8be9b66"},"headline":"Diputados dio media sanci\u00f3n al proyecto que quita el impuesto a las Ganancias","datePublished":"2023-09-20T11:52:19+00:00","mainEntityOfPage":{"@id":"https:\/\/cvinoticias.com\/v3\/diputados-dio-media-sancion-al-proyecto-que-quita-el-impuesto-a-las-ganancias\/"},"wordCount":1211,"commentCount":0,"publisher":{"@id":"https:\/\/cvinoticias.com\/v3\/#organization"},"image":{"@id":"https:\/\/cvinoticias.com\/v3\/diputados-dio-media-sancion-al-proyecto-que-quita-el-impuesto-a-las-ganancias\/#primaryimage"},"thumbnailUrl":"https:\/\/cvinoticias.com\/wp-content\/uploads\/2023\/09\/233263.jpg_nota.jpg","articleSection":["Nacionales"],"inLanguage":"es","potentialAction":[{"@type":"CommentAction","name":"Comment","target":["https:\/\/cvinoticias.com\/v3\/diputados-dio-media-sancion-al-proyecto-que-quita-el-impuesto-a-las-ganancias\/#respond"]}]},{"@type":"WebPage","@id":"https:\/\/cvinoticias.com\/v3\/diputados-dio-media-sancion-al-proyecto-que-quita-el-impuesto-a-las-ganancias\/","url":"https:\/\/cvinoticias.com\/v3\/diputados-dio-media-sancion-al-proyecto-que-quita-el-impuesto-a-las-ganancias\/","name":"Diputados dio media sanci\u00f3n al proyecto que quita el impuesto a las Ganancias | CVI NOTICIAS","isPartOf":{"@id":"https:\/\/cvinoticias.com\/v3\/#website"},"primaryImageOfPage":{"@id":"https:\/\/cvinoticias.com\/v3\/diputados-dio-media-sancion-al-proyecto-que-quita-el-impuesto-a-las-ganancias\/#primaryimage"},"image":{"@id":"https:\/\/cvinoticias.com\/v3\/diputados-dio-media-sancion-al-proyecto-que-quita-el-impuesto-a-las-ganancias\/#primaryimage"},"thumbnailUrl":"https:\/\/cvinoticias.com\/wp-content\/uploads\/2023\/09\/233263.jpg_nota.jpg","datePublished":"2023-09-20T11:52:19+00:00","breadcrumb":{"@id":"https:\/\/cvinoticias.com\/v3\/diputados-dio-media-sancion-al-proyecto-que-quita-el-impuesto-a-las-ganancias\/#breadcrumb"},"inLanguage":"es","potentialAction":[{"@type":"ReadAction","target":["https:\/\/cvinoticias.com\/v3\/diputados-dio-media-sancion-al-proyecto-que-quita-el-impuesto-a-las-ganancias\/"]}]},{"@type":"ImageObject","inLanguage":"es","@id":"https:\/\/cvinoticias.com\/v3\/diputados-dio-media-sancion-al-proyecto-que-quita-el-impuesto-a-las-ganancias\/#primaryimage","url":"https:\/\/cvinoticias.com\/wp-content\/uploads\/2023\/09\/233263.jpg_nota.jpg","contentUrl":"https:\/\/cvinoticias.com\/wp-content\/uploads\/2023\/09\/233263.jpg_nota.jpg","width":700,"height":466},{"@type":"BreadcrumbList","@id":"https:\/\/cvinoticias.com\/v3\/diputados-dio-media-sancion-al-proyecto-que-quita-el-impuesto-a-las-ganancias\/#breadcrumb","itemListElement":[{"@type":"ListItem","position":1,"name":"Portada","item":"https:\/\/cvinoticias.com\/v3\/"},{"@type":"ListItem","position":2,"name":"Diputados dio media sanci\u00f3n al proyecto que quita el impuesto a las Ganancias"}]},{"@type":"WebSite","@id":"https:\/\/cvinoticias.com\/v3\/#website","url":"https:\/\/cvinoticias.com\/v3\/","name":"CVI NOTICIAS","description":"","publisher":{"@id":"https:\/\/cvinoticias.com\/v3\/#organization"},"alternateName":"CVI","potentialAction":[{"@type":"SearchAction","target":{"@type":"EntryPoint","urlTemplate":"https:\/\/cvinoticias.com\/v3\/?s={search_term_string}"},"query-input":{"@type":"PropertyValueSpecification","valueRequired":true,"valueName":"search_term_string"}}],"inLanguage":"es"},{"@type":"Organization","@id":"https:\/\/cvinoticias.com\/v3\/#organization","name":"CVI NOTICIAS","url":"https:\/\/cvinoticias.com\/v3\/","logo":{"@type":"ImageObject","inLanguage":"es","@id":"https:\/\/cvinoticias.com\/v3\/#\/schema\/logo\/image\/","url":"https:\/\/cvinoticias.com\/wp-content\/uploads\/2023\/04\/cropped-cropped-cropped-cropped-cropped-3-1.png","contentUrl":"https:\/\/cvinoticias.com\/wp-content\/uploads\/2023\/04\/cropped-cropped-cropped-cropped-cropped-3-1.png","width":95,"height":122,"caption":"CVI NOTICIAS"},"image":{"@id":"https:\/\/cvinoticias.com\/v3\/#\/schema\/logo\/image\/"},"sameAs":["https:\/\/www.facebook.com\/cvinoticias","https:\/\/www.instagram.com\/cvinoticias\/","https:\/\/www.youtube.com\/@CVINOTICIAS"]},{"@type":"Person","@id":"https:\/\/cvinoticias.com\/v3\/#\/schema\/person\/2db77e3c6bc03c538495d7b2b8be9b66","name":"f1000024","image":{"@type":"ImageObject","inLanguage":"es","@id":"https:\/\/secure.gravatar.com\/avatar\/d4fe7459cfc51ff5129ce1a732bbef5928568b8092d412ef95611616376bbeed?s=96&d=mm&r=g","url":"https:\/\/secure.gravatar.com\/avatar\/d4fe7459cfc51ff5129ce1a732bbef5928568b8092d412ef95611616376bbeed?s=96&d=mm&r=g","contentUrl":"https:\/\/secure.gravatar.com\/avatar\/d4fe7459cfc51ff5129ce1a732bbef5928568b8092d412ef95611616376bbeed?s=96&d=mm&r=g","caption":"f1000024"},"url":"https:\/\/cvinoticias.com\/v3\/author\/f1000024\/"}]}},"_links":{"self":[{"href":"https:\/\/cvinoticias.com\/v3\/wp-json\/wp\/v2\/posts\/28129","targetHints":{"allow":["GET"]}}],"collection":[{"href":"https:\/\/cvinoticias.com\/v3\/wp-json\/wp\/v2\/posts"}],"about":[{"href":"https:\/\/cvinoticias.com\/v3\/wp-json\/wp\/v2\/types\/post"}],"author":[{"embeddable":true,"href":"https:\/\/cvinoticias.com\/v3\/wp-json\/wp\/v2\/users\/2"}],"replies":[{"embeddable":true,"href":"https:\/\/cvinoticias.com\/v3\/wp-json\/wp\/v2\/comments?post=28129"}],"version-history":[{"count":2,"href":"https:\/\/cvinoticias.com\/v3\/wp-json\/wp\/v2\/posts\/28129\/revisions"}],"predecessor-version":[{"id":28132,"href":"https:\/\/cvinoticias.com\/v3\/wp-json\/wp\/v2\/posts\/28129\/revisions\/28132"}],"wp:featuredmedia":[{"embeddable":true,"href":"https:\/\/cvinoticias.com\/v3\/wp-json\/wp\/v2\/media\/28130"}],"wp:attachment":[{"href":"https:\/\/cvinoticias.com\/v3\/wp-json\/wp\/v2\/media?parent=28129"}],"wp:term":[{"taxonomy":"category","embeddable":true,"href":"https:\/\/cvinoticias.com\/v3\/wp-json\/wp\/v2\/categories?post=28129"},{"taxonomy":"post_tag","embeddable":true,"href":"https:\/\/cvinoticias.com\/v3\/wp-json\/wp\/v2\/tags?post=28129"}],"curies":[{"name":"wp","href":"https:\/\/api.w.org\/{rel}","templated":true}]}}