{"id":28126,"date":"2023-09-20T11:39:51","date_gmt":"2023-09-20T11:39:51","guid":{"rendered":"https:\/\/cvinoticias.com\/v3\/?p=28126"},"modified":"2023-09-20T11:39:51","modified_gmt":"2023-09-20T11:39:51","slug":"el-consejo-del-salario-vuelve-a-reunirse-el-27-de-septiembre","status":"publish","type":"post","link":"https:\/\/cvinoticias.com\/v3\/el-consejo-del-salario-vuelve-a-reunirse-el-27-de-septiembre\/","title":{"rendered":"El Consejo del salario vuelve a reunirse el 27 de septiembre"},"content":{"rendered":"\n<p><strong><em>El Ministerio de Trabajo convoc\u00f3 a sindicalistas y c\u00e1maras empresarias para el 27 de septiembre pr\u00f3ximo a un nuevo encuentro del Consejo Nacional del Empleo, la Productividad y el Salario M\u00ednimo, Vital y M\u00f3vil para actualizar el valor de ese ingreso.<\/em><\/strong><\/p>\n\n\n\n<p>La cartera laboral inform\u00f3 que los integrantes del organismo tripartito se reunir\u00e1n en sesi\u00f3n plenaria ordinaria a las 16 de ese d\u00eda a trav\u00e9s de plataforma virtual, en tanto media hora despu\u00e9s habr\u00e1 una segunda deliberaci\u00f3n, se\u00f1al\u00f3 la resoluci\u00f3n de Trabajo.<\/p>\n\n\n\n<p>Los 16 representantes sindicales y otros tantos empresarios analizar\u00e1n \u201clos temas elevados al plenario por la Comisi\u00f3n del Salario M\u00ednimo, Vital y M\u00f3vil y las prestaciones por desempleo, por lo que quienes participan en ese cuerpo deliberar\u00e1n a las 14 tambi\u00e9n de forma virtual para determinar ese ingreso en el contexto de lo dispuesto por el art\u00edculo 135, inciso a, de la Ley 24.013, y los montos m\u00ednimo y m\u00e1ximo para los desocupados\u201d.<\/p>\n\n\n\n<p>El organismo tripartito -que integran funcionarios, sindicalistas de la CGT y de ambas CTA (de los Trabajadores y Aut\u00f3noma) y empresarios- fue creado por la Ley 24.013, y su presidente es la ministra de Trabajo, Raquel Olmos, quien tiene la posibilidad de laudar si el debate o las discusiones entre las partes obrera y patronal no halla coincidencias.<\/p>\n\n\n\n<p>El \u00faltimo encuentro del Consejo se realiz\u00f3 el 13 de julio para actualizar el valor del ingreso y, en la ocasi\u00f3n y por 30 votos a favor, uno en contra (CTAA) y una abstenci\u00f3n (CTA), aument\u00f3 a 105.500 pesos ese mes, a 112.500 en agosto y a 118.000 en septiembre.<\/p>\n\n\n\n<p>Entonces, Olmos hab\u00eda se\u00f1alado su \u201csatisfacci\u00f3n\u201d a 40 a\u00f1os de continuidad democr\u00e1tica por el hecho de que \u201cese mecanismo de negociaci\u00f3n tripartito haya encontrado en esta gesti\u00f3n absoluta continuidad para avanzar en su fortalecimiento, que constituye junto con las paritarias y los convenios colectivos instituciones que favorecen la paz social\u201d.<\/p>\n","protected":false},"excerpt":{"rendered":"<p>El Ministerio de Trabajo convoc\u00f3 a sindicalistas y c\u00e1maras empresarias para el 27 de septiembre pr\u00f3ximo a un nuevo encuentro del Consejo Nacional del Empleo, la Productividad y el Salario M\u00ednimo, Vital y M\u00f3vil para actualizar el valor de ese ingreso. La cartera laboral inform\u00f3 que los integrantes del organismo tripartito se reunir\u00e1n en sesi\u00f3n [&hellip;]<\/p>\n","protected":false},"author":2,"featured_media":28127,"comment_status":"open","ping_status":"open","sticky":false,"template":"","format":"standard","meta":{"footnotes":""},"categories":[39],"tags":[],"class_list":["post-28126","post","type-post","status-publish","format-standard","has-post-thumbnail","hentry","category-nacionales"],"yoast_head":"<!-- This site is optimized with the Yoast SEO plugin v27.4 - https:\/\/yoast.com\/product\/yoast-seo-wordpress\/ -->\n<title>El Consejo del salario vuelve a reunirse el 27 de septiembre | CVI NOTICIAS<\/title>\n<meta name=\"robots\" content=\"index, follow, max-snippet:-1, max-image-preview:large, max-video-preview:-1\" \/>\n<link rel=\"canonical\" href=\"https:\/\/cvinoticias.com\/v3\/el-consejo-del-salario-vuelve-a-reunirse-el-27-de-septiembre\/\" \/>\n<meta property=\"og:locale\" content=\"es_ES\" \/>\n<meta property=\"og:type\" content=\"article\" \/>\n<meta property=\"og:title\" content=\"El Consejo del salario vuelve a reunirse el 27 de septiembre | CVI NOTICIAS\" \/>\n<meta property=\"og:description\" content=\"El Ministerio de Trabajo convoc\u00f3 a sindicalistas y c\u00e1maras empresarias para el 27 de septiembre pr\u00f3ximo a un nuevo encuentro del Consejo Nacional del Empleo, la Productividad y el Salario M\u00ednimo, Vital y M\u00f3vil para actualizar el valor de ese ingreso. La cartera laboral inform\u00f3 que los integrantes del organismo tripartito se reunir\u00e1n en sesi\u00f3n [&hellip;]\" \/>\n<meta property=\"og:url\" content=\"https:\/\/cvinoticias.com\/v3\/el-consejo-del-salario-vuelve-a-reunirse-el-27-de-septiembre\/\" \/>\n<meta property=\"og:site_name\" content=\"CVI NOTICIAS\" \/>\n<meta property=\"article:publisher\" content=\"https:\/\/www.facebook.com\/cvinoticias\" \/>\n<meta property=\"article:published_time\" content=\"2023-09-20T11:39:51+00:00\" \/>\n<meta property=\"og:image\" content=\"https:\/\/cvinoticias.com\/wp-content\/uploads\/2023\/09\/kelly-1080x608-1.jpg\" \/>\n\t<meta property=\"og:image:width\" content=\"1080\" \/>\n\t<meta property=\"og:image:height\" content=\"608\" \/>\n\t<meta property=\"og:image:type\" content=\"image\/jpeg\" \/>\n<meta name=\"author\" content=\"f1000024\" \/>\n<meta name=\"twitter:card\" content=\"summary_large_image\" \/>\n<meta name=\"twitter:label1\" content=\"Escrito por\" \/>\n\t<meta name=\"twitter:data1\" content=\"f1000024\" \/>\n\t<meta name=\"twitter:label2\" content=\"Tiempo de lectura\" \/>\n\t<meta name=\"twitter:data2\" content=\"2 minutos\" \/>\n<script type=\"application\/ld+json\" class=\"yoast-schema-graph\">{\"@context\":\"https:\\\/\\\/schema.org\",\"@graph\":[{\"@type\":\"Article\",\"@id\":\"https:\\\/\\\/cvinoticias.com\\\/v3\\\/el-consejo-del-salario-vuelve-a-reunirse-el-27-de-septiembre\\\/#article\",\"isPartOf\":{\"@id\":\"https:\\\/\\\/cvinoticias.com\\\/v3\\\/el-consejo-del-salario-vuelve-a-reunirse-el-27-de-septiembre\\\/\"},\"author\":{\"name\":\"f1000024\",\"@id\":\"https:\\\/\\\/cvinoticias.com\\\/v3\\\/#\\\/schema\\\/person\\\/2db77e3c6bc03c538495d7b2b8be9b66\"},\"headline\":\"El Consejo del salario vuelve a reunirse el 27 de septiembre\",\"datePublished\":\"2023-09-20T11:39:51+00:00\",\"mainEntityOfPage\":{\"@id\":\"https:\\\/\\\/cvinoticias.com\\\/v3\\\/el-consejo-del-salario-vuelve-a-reunirse-el-27-de-septiembre\\\/\"},\"wordCount\":341,\"commentCount\":0,\"publisher\":{\"@id\":\"https:\\\/\\\/cvinoticias.com\\\/v3\\\/#organization\"},\"image\":{\"@id\":\"https:\\\/\\\/cvinoticias.com\\\/v3\\\/el-consejo-del-salario-vuelve-a-reunirse-el-27-de-septiembre\\\/#primaryimage\"},\"thumbnailUrl\":\"https:\\\/\\\/cvinoticias.com\\\/wp-content\\\/uploads\\\/2023\\\/09\\\/kelly-1080x608-1.jpg\",\"articleSection\":[\"Nacionales\"],\"inLanguage\":\"es\",\"potentialAction\":[{\"@type\":\"CommentAction\",\"name\":\"Comment\",\"target\":[\"https:\\\/\\\/cvinoticias.com\\\/v3\\\/el-consejo-del-salario-vuelve-a-reunirse-el-27-de-septiembre\\\/#respond\"]}]},{\"@type\":\"WebPage\",\"@id\":\"https:\\\/\\\/cvinoticias.com\\\/v3\\\/el-consejo-del-salario-vuelve-a-reunirse-el-27-de-septiembre\\\/\",\"url\":\"https:\\\/\\\/cvinoticias.com\\\/v3\\\/el-consejo-del-salario-vuelve-a-reunirse-el-27-de-septiembre\\\/\",\"name\":\"El Consejo del salario vuelve a reunirse el 27 de septiembre | CVI NOTICIAS\",\"isPartOf\":{\"@id\":\"https:\\\/\\\/cvinoticias.com\\\/v3\\\/#website\"},\"primaryImageOfPage\":{\"@id\":\"https:\\\/\\\/cvinoticias.com\\\/v3\\\/el-consejo-del-salario-vuelve-a-reunirse-el-27-de-septiembre\\\/#primaryimage\"},\"image\":{\"@id\":\"https:\\\/\\\/cvinoticias.com\\\/v3\\\/el-consejo-del-salario-vuelve-a-reunirse-el-27-de-septiembre\\\/#primaryimage\"},\"thumbnailUrl\":\"https:\\\/\\\/cvinoticias.com\\\/wp-content\\\/uploads\\\/2023\\\/09\\\/kelly-1080x608-1.jpg\",\"datePublished\":\"2023-09-20T11:39:51+00:00\",\"breadcrumb\":{\"@id\":\"https:\\\/\\\/cvinoticias.com\\\/v3\\\/el-consejo-del-salario-vuelve-a-reunirse-el-27-de-septiembre\\\/#breadcrumb\"},\"inLanguage\":\"es\",\"potentialAction\":[{\"@type\":\"ReadAction\",\"target\":[\"https:\\\/\\\/cvinoticias.com\\\/v3\\\/el-consejo-del-salario-vuelve-a-reunirse-el-27-de-septiembre\\\/\"]}]},{\"@type\":\"ImageObject\",\"inLanguage\":\"es\",\"@id\":\"https:\\\/\\\/cvinoticias.com\\\/v3\\\/el-consejo-del-salario-vuelve-a-reunirse-el-27-de-septiembre\\\/#primaryimage\",\"url\":\"https:\\\/\\\/cvinoticias.com\\\/wp-content\\\/uploads\\\/2023\\\/09\\\/kelly-1080x608-1.jpg\",\"contentUrl\":\"https:\\\/\\\/cvinoticias.com\\\/wp-content\\\/uploads\\\/2023\\\/09\\\/kelly-1080x608-1.jpg\",\"width\":1080,\"height\":608},{\"@type\":\"BreadcrumbList\",\"@id\":\"https:\\\/\\\/cvinoticias.com\\\/v3\\\/el-consejo-del-salario-vuelve-a-reunirse-el-27-de-septiembre\\\/#breadcrumb\",\"itemListElement\":[{\"@type\":\"ListItem\",\"position\":1,\"name\":\"Portada\",\"item\":\"https:\\\/\\\/cvinoticias.com\\\/v3\\\/\"},{\"@type\":\"ListItem\",\"position\":2,\"name\":\"El Consejo del salario vuelve a reunirse el 27 de septiembre\"}]},{\"@type\":\"WebSite\",\"@id\":\"https:\\\/\\\/cvinoticias.com\\\/v3\\\/#website\",\"url\":\"https:\\\/\\\/cvinoticias.com\\\/v3\\\/\",\"name\":\"CVI NOTICIAS\",\"description\":\"\",\"publisher\":{\"@id\":\"https:\\\/\\\/cvinoticias.com\\\/v3\\\/#organization\"},\"alternateName\":\"CVI\",\"potentialAction\":[{\"@type\":\"SearchAction\",\"target\":{\"@type\":\"EntryPoint\",\"urlTemplate\":\"https:\\\/\\\/cvinoticias.com\\\/v3\\\/?s={search_term_string}\"},\"query-input\":{\"@type\":\"PropertyValueSpecification\",\"valueRequired\":true,\"valueName\":\"search_term_string\"}}],\"inLanguage\":\"es\"},{\"@type\":\"Organization\",\"@id\":\"https:\\\/\\\/cvinoticias.com\\\/v3\\\/#organization\",\"name\":\"CVI NOTICIAS\",\"url\":\"https:\\\/\\\/cvinoticias.com\\\/v3\\\/\",\"logo\":{\"@type\":\"ImageObject\",\"inLanguage\":\"es\",\"@id\":\"https:\\\/\\\/cvinoticias.com\\\/v3\\\/#\\\/schema\\\/logo\\\/image\\\/\",\"url\":\"https:\\\/\\\/cvinoticias.com\\\/wp-content\\\/uploads\\\/2023\\\/04\\\/cropped-cropped-cropped-cropped-cropped-3-1.png\",\"contentUrl\":\"https:\\\/\\\/cvinoticias.com\\\/wp-content\\\/uploads\\\/2023\\\/04\\\/cropped-cropped-cropped-cropped-cropped-3-1.png\",\"width\":95,\"height\":122,\"caption\":\"CVI NOTICIAS\"},\"image\":{\"@id\":\"https:\\\/\\\/cvinoticias.com\\\/v3\\\/#\\\/schema\\\/logo\\\/image\\\/\"},\"sameAs\":[\"https:\\\/\\\/www.facebook.com\\\/cvinoticias\",\"https:\\\/\\\/www.instagram.com\\\/cvinoticias\\\/\",\"https:\\\/\\\/www.youtube.com\\\/@CVINOTICIAS\"]},{\"@type\":\"Person\",\"@id\":\"https:\\\/\\\/cvinoticias.com\\\/v3\\\/#\\\/schema\\\/person\\\/2db77e3c6bc03c538495d7b2b8be9b66\",\"name\":\"f1000024\",\"image\":{\"@type\":\"ImageObject\",\"inLanguage\":\"es\",\"@id\":\"https:\\\/\\\/secure.gravatar.com\\\/avatar\\\/d4fe7459cfc51ff5129ce1a732bbef5928568b8092d412ef95611616376bbeed?s=96&d=mm&r=g\",\"url\":\"https:\\\/\\\/secure.gravatar.com\\\/avatar\\\/d4fe7459cfc51ff5129ce1a732bbef5928568b8092d412ef95611616376bbeed?s=96&d=mm&r=g\",\"contentUrl\":\"https:\\\/\\\/secure.gravatar.com\\\/avatar\\\/d4fe7459cfc51ff5129ce1a732bbef5928568b8092d412ef95611616376bbeed?s=96&d=mm&r=g\",\"caption\":\"f1000024\"},\"url\":\"https:\\\/\\\/cvinoticias.com\\\/v3\\\/author\\\/f1000024\\\/\"}]}<\/script>\n<!-- \/ Yoast SEO plugin. -->","yoast_head_json":{"title":"El Consejo del salario vuelve a reunirse el 27 de septiembre | CVI NOTICIAS","robots":{"index":"index","follow":"follow","max-snippet":"max-snippet:-1","max-image-preview":"max-image-preview:large","max-video-preview":"max-video-preview:-1"},"canonical":"https:\/\/cvinoticias.com\/v3\/el-consejo-del-salario-vuelve-a-reunirse-el-27-de-septiembre\/","og_locale":"es_ES","og_type":"article","og_title":"El Consejo del salario vuelve a reunirse el 27 de septiembre | CVI NOTICIAS","og_description":"El Ministerio de Trabajo convoc\u00f3 a sindicalistas y c\u00e1maras empresarias para el 27 de septiembre pr\u00f3ximo a un nuevo encuentro del Consejo Nacional del Empleo, la Productividad y el Salario M\u00ednimo, Vital y M\u00f3vil para actualizar el valor de ese ingreso. La cartera laboral inform\u00f3 que los integrantes del organismo tripartito se reunir\u00e1n en sesi\u00f3n [&hellip;]","og_url":"https:\/\/cvinoticias.com\/v3\/el-consejo-del-salario-vuelve-a-reunirse-el-27-de-septiembre\/","og_site_name":"CVI NOTICIAS","article_publisher":"https:\/\/www.facebook.com\/cvinoticias","article_published_time":"2023-09-20T11:39:51+00:00","og_image":[{"width":1080,"height":608,"url":"https:\/\/cvinoticias.com\/wp-content\/uploads\/2023\/09\/kelly-1080x608-1.jpg","type":"image\/jpeg"}],"author":"f1000024","twitter_card":"summary_large_image","twitter_misc":{"Escrito por":"f1000024","Tiempo de lectura":"2 minutos"},"schema":{"@context":"https:\/\/schema.org","@graph":[{"@type":"Article","@id":"https:\/\/cvinoticias.com\/v3\/el-consejo-del-salario-vuelve-a-reunirse-el-27-de-septiembre\/#article","isPartOf":{"@id":"https:\/\/cvinoticias.com\/v3\/el-consejo-del-salario-vuelve-a-reunirse-el-27-de-septiembre\/"},"author":{"name":"f1000024","@id":"https:\/\/cvinoticias.com\/v3\/#\/schema\/person\/2db77e3c6bc03c538495d7b2b8be9b66"},"headline":"El Consejo del salario vuelve a reunirse el 27 de septiembre","datePublished":"2023-09-20T11:39:51+00:00","mainEntityOfPage":{"@id":"https:\/\/cvinoticias.com\/v3\/el-consejo-del-salario-vuelve-a-reunirse-el-27-de-septiembre\/"},"wordCount":341,"commentCount":0,"publisher":{"@id":"https:\/\/cvinoticias.com\/v3\/#organization"},"image":{"@id":"https:\/\/cvinoticias.com\/v3\/el-consejo-del-salario-vuelve-a-reunirse-el-27-de-septiembre\/#primaryimage"},"thumbnailUrl":"https:\/\/cvinoticias.com\/wp-content\/uploads\/2023\/09\/kelly-1080x608-1.jpg","articleSection":["Nacionales"],"inLanguage":"es","potentialAction":[{"@type":"CommentAction","name":"Comment","target":["https:\/\/cvinoticias.com\/v3\/el-consejo-del-salario-vuelve-a-reunirse-el-27-de-septiembre\/#respond"]}]},{"@type":"WebPage","@id":"https:\/\/cvinoticias.com\/v3\/el-consejo-del-salario-vuelve-a-reunirse-el-27-de-septiembre\/","url":"https:\/\/cvinoticias.com\/v3\/el-consejo-del-salario-vuelve-a-reunirse-el-27-de-septiembre\/","name":"El Consejo del salario vuelve a reunirse el 27 de septiembre | CVI NOTICIAS","isPartOf":{"@id":"https:\/\/cvinoticias.com\/v3\/#website"},"primaryImageOfPage":{"@id":"https:\/\/cvinoticias.com\/v3\/el-consejo-del-salario-vuelve-a-reunirse-el-27-de-septiembre\/#primaryimage"},"image":{"@id":"https:\/\/cvinoticias.com\/v3\/el-consejo-del-salario-vuelve-a-reunirse-el-27-de-septiembre\/#primaryimage"},"thumbnailUrl":"https:\/\/cvinoticias.com\/wp-content\/uploads\/2023\/09\/kelly-1080x608-1.jpg","datePublished":"2023-09-20T11:39:51+00:00","breadcrumb":{"@id":"https:\/\/cvinoticias.com\/v3\/el-consejo-del-salario-vuelve-a-reunirse-el-27-de-septiembre\/#breadcrumb"},"inLanguage":"es","potentialAction":[{"@type":"ReadAction","target":["https:\/\/cvinoticias.com\/v3\/el-consejo-del-salario-vuelve-a-reunirse-el-27-de-septiembre\/"]}]},{"@type":"ImageObject","inLanguage":"es","@id":"https:\/\/cvinoticias.com\/v3\/el-consejo-del-salario-vuelve-a-reunirse-el-27-de-septiembre\/#primaryimage","url":"https:\/\/cvinoticias.com\/wp-content\/uploads\/2023\/09\/kelly-1080x608-1.jpg","contentUrl":"https:\/\/cvinoticias.com\/wp-content\/uploads\/2023\/09\/kelly-1080x608-1.jpg","width":1080,"height":608},{"@type":"BreadcrumbList","@id":"https:\/\/cvinoticias.com\/v3\/el-consejo-del-salario-vuelve-a-reunirse-el-27-de-septiembre\/#breadcrumb","itemListElement":[{"@type":"ListItem","position":1,"name":"Portada","item":"https:\/\/cvinoticias.com\/v3\/"},{"@type":"ListItem","position":2,"name":"El Consejo del salario vuelve a reunirse el 27 de septiembre"}]},{"@type":"WebSite","@id":"https:\/\/cvinoticias.com\/v3\/#website","url":"https:\/\/cvinoticias.com\/v3\/","name":"CVI NOTICIAS","description":"","publisher":{"@id":"https:\/\/cvinoticias.com\/v3\/#organization"},"alternateName":"CVI","potentialAction":[{"@type":"SearchAction","target":{"@type":"EntryPoint","urlTemplate":"https:\/\/cvinoticias.com\/v3\/?s={search_term_string}"},"query-input":{"@type":"PropertyValueSpecification","valueRequired":true,"valueName":"search_term_string"}}],"inLanguage":"es"},{"@type":"Organization","@id":"https:\/\/cvinoticias.com\/v3\/#organization","name":"CVI NOTICIAS","url":"https:\/\/cvinoticias.com\/v3\/","logo":{"@type":"ImageObject","inLanguage":"es","@id":"https:\/\/cvinoticias.com\/v3\/#\/schema\/logo\/image\/","url":"https:\/\/cvinoticias.com\/wp-content\/uploads\/2023\/04\/cropped-cropped-cropped-cropped-cropped-3-1.png","contentUrl":"https:\/\/cvinoticias.com\/wp-content\/uploads\/2023\/04\/cropped-cropped-cropped-cropped-cropped-3-1.png","width":95,"height":122,"caption":"CVI NOTICIAS"},"image":{"@id":"https:\/\/cvinoticias.com\/v3\/#\/schema\/logo\/image\/"},"sameAs":["https:\/\/www.facebook.com\/cvinoticias","https:\/\/www.instagram.com\/cvinoticias\/","https:\/\/www.youtube.com\/@CVINOTICIAS"]},{"@type":"Person","@id":"https:\/\/cvinoticias.com\/v3\/#\/schema\/person\/2db77e3c6bc03c538495d7b2b8be9b66","name":"f1000024","image":{"@type":"ImageObject","inLanguage":"es","@id":"https:\/\/secure.gravatar.com\/avatar\/d4fe7459cfc51ff5129ce1a732bbef5928568b8092d412ef95611616376bbeed?s=96&d=mm&r=g","url":"https:\/\/secure.gravatar.com\/avatar\/d4fe7459cfc51ff5129ce1a732bbef5928568b8092d412ef95611616376bbeed?s=96&d=mm&r=g","contentUrl":"https:\/\/secure.gravatar.com\/avatar\/d4fe7459cfc51ff5129ce1a732bbef5928568b8092d412ef95611616376bbeed?s=96&d=mm&r=g","caption":"f1000024"},"url":"https:\/\/cvinoticias.com\/v3\/author\/f1000024\/"}]}},"_links":{"self":[{"href":"https:\/\/cvinoticias.com\/v3\/wp-json\/wp\/v2\/posts\/28126","targetHints":{"allow":["GET"]}}],"collection":[{"href":"https:\/\/cvinoticias.com\/v3\/wp-json\/wp\/v2\/posts"}],"about":[{"href":"https:\/\/cvinoticias.com\/v3\/wp-json\/wp\/v2\/types\/post"}],"author":[{"embeddable":true,"href":"https:\/\/cvinoticias.com\/v3\/wp-json\/wp\/v2\/users\/2"}],"replies":[{"embeddable":true,"href":"https:\/\/cvinoticias.com\/v3\/wp-json\/wp\/v2\/comments?post=28126"}],"version-history":[{"count":1,"href":"https:\/\/cvinoticias.com\/v3\/wp-json\/wp\/v2\/posts\/28126\/revisions"}],"predecessor-version":[{"id":28128,"href":"https:\/\/cvinoticias.com\/v3\/wp-json\/wp\/v2\/posts\/28126\/revisions\/28128"}],"wp:featuredmedia":[{"embeddable":true,"href":"https:\/\/cvinoticias.com\/v3\/wp-json\/wp\/v2\/media\/28127"}],"wp:attachment":[{"href":"https:\/\/cvinoticias.com\/v3\/wp-json\/wp\/v2\/media?parent=28126"}],"wp:term":[{"taxonomy":"category","embeddable":true,"href":"https:\/\/cvinoticias.com\/v3\/wp-json\/wp\/v2\/categories?post=28126"},{"taxonomy":"post_tag","embeddable":true,"href":"https:\/\/cvinoticias.com\/v3\/wp-json\/wp\/v2\/tags?post=28126"}],"curies":[{"name":"wp","href":"https:\/\/api.w.org\/{rel}","templated":true}]}}