{"id":28109,"date":"2023-09-19T11:56:18","date_gmt":"2023-09-19T11:56:18","guid":{"rendered":"https:\/\/cvinoticias.com\/v3\/?p=28109"},"modified":"2023-09-19T11:56:18","modified_gmt":"2023-09-19T11:56:18","slug":"este-miercoles-pagan-suplementarias-fonid-y-otros-aportes-a-docentes-misioneros","status":"publish","type":"post","link":"https:\/\/cvinoticias.com\/v3\/este-miercoles-pagan-suplementarias-fonid-y-otros-aportes-a-docentes-misioneros\/","title":{"rendered":"Este mi\u00e9rcoles pagan Suplementarias, Fonid y otros aportes a docentes misioneros"},"content":{"rendered":"\n<p>As\u00ed lo anunci\u00f3 el gobernador de la provincia, Oscar Herrera Ahuad, este martes por la ma\u00f1ana. Los fondos estar\u00e1n depositados en cajeros autom\u00e1ticos habituales.<\/p>\n\n\n\n<p>Seg\u00fan el mandatario este mi\u00e9rcoles se abona, con fondos provinciales, Suplementarias de agosto de 2023. Tambi\u00e9n con adelanto local, Fonid cuota septiembre 2023 de $ 16.450,00 por cargo (2\u00b0 trimestre\/23).<\/p>\n\n\n\n<p>Tambi\u00e9n Educaci\u00f3n Profesional Secundaria \u2013 INET agosto 2023 y compensaci\u00f3n salarial docente Garant\u00eda Nacional del mes de agosto 2023. (Por cargo con criterio FONID).<\/p>\n\n\n\n<p>Con Fondos Nacionales se pagar\u00e1 Conectividad Nacional cuota agosto 2023 de $ 4.750,00 por cargo.<\/p>\n\n\n\n<p>As\u00ed lo anunci\u00f3 el gobernador de la provincia, Oscar Herrera Ahuad, este martes por la ma\u00f1ana. Los fondos estar\u00e1n depositados en cajeros autom\u00e1ticos habituales.Seg\u00fan el mandatario este mi\u00e9rcoles se abona, con fondos provinciales, Suplementarias de agosto de 2023. Tambi\u00e9n con adelanto local, Fonid cuota septiembre 2023 de $ 16.450,00 por cargo (2\u00b0 trimestre\/23).Tambi\u00e9n Educaci\u00f3n Profesional Secundaria \u2013 INET agosto 2023 y compensaci\u00f3n salarial docente Garant\u00eda Nacional del mes de agosto 2023. (Por cargo con criterio FONID).Con Fondos Nacionales se pagar\u00e1 Conectividad Nacional cuota agosto 2023 de $ 4.750,00 por cargo.<\/p>\n","protected":false},"excerpt":{"rendered":"<p>As\u00ed lo anunci\u00f3 el gobernador de la provincia, Oscar Herrera Ahuad, este martes por la ma\u00f1ana. Los fondos estar\u00e1n depositados en cajeros autom\u00e1ticos habituales. Seg\u00fan el mandatario este mi\u00e9rcoles se abona, con fondos provinciales, Suplementarias de agosto de 2023. Tambi\u00e9n con adelanto local, Fonid cuota septiembre 2023 de $ 16.450,00 por cargo (2\u00b0 trimestre\/23). Tambi\u00e9n [&hellip;]<\/p>\n","protected":false},"author":2,"featured_media":28110,"comment_status":"open","ping_status":"open","sticky":false,"template":"","format":"standard","meta":{"footnotes":""},"categories":[32],"tags":[],"class_list":["post-28109","post","type-post","status-publish","format-standard","has-post-thumbnail","hentry","category-economia"],"yoast_head":"<!-- This site is optimized with the Yoast SEO plugin v27.4 - https:\/\/yoast.com\/product\/yoast-seo-wordpress\/ -->\n<title>Este mi\u00e9rcoles pagan Suplementarias, Fonid y otros aportes a docentes misioneros | CVI NOTICIAS<\/title>\n<meta name=\"robots\" content=\"index, follow, max-snippet:-1, max-image-preview:large, max-video-preview:-1\" \/>\n<link rel=\"canonical\" href=\"https:\/\/cvinoticias.com\/v3\/este-miercoles-pagan-suplementarias-fonid-y-otros-aportes-a-docentes-misioneros\/\" \/>\n<meta property=\"og:locale\" content=\"es_ES\" \/>\n<meta property=\"og:type\" content=\"article\" \/>\n<meta property=\"og:title\" content=\"Este mi\u00e9rcoles pagan Suplementarias, Fonid y otros aportes a docentes misioneros | CVI NOTICIAS\" \/>\n<meta property=\"og:description\" content=\"As\u00ed lo anunci\u00f3 el gobernador de la provincia, Oscar Herrera Ahuad, este martes por la ma\u00f1ana. Los fondos estar\u00e1n depositados en cajeros autom\u00e1ticos habituales. Seg\u00fan el mandatario este mi\u00e9rcoles se abona, con fondos provinciales, Suplementarias de agosto de 2023. Tambi\u00e9n con adelanto local, Fonid cuota septiembre 2023 de $ 16.450,00 por cargo (2\u00b0 trimestre\/23). Tambi\u00e9n [&hellip;]\" \/>\n<meta property=\"og:url\" content=\"https:\/\/cvinoticias.com\/v3\/este-miercoles-pagan-suplementarias-fonid-y-otros-aportes-a-docentes-misioneros\/\" \/>\n<meta property=\"og:site_name\" content=\"CVI NOTICIAS\" \/>\n<meta property=\"article:publisher\" content=\"https:\/\/www.facebook.com\/cvinoticias\" \/>\n<meta property=\"article:published_time\" content=\"2023-09-19T11:56:18+00:00\" \/>\n<meta property=\"og:image\" content=\"https:\/\/cvinoticias.com\/wp-content\/uploads\/2023\/09\/Docentes-misioneros-cobran-hoy-Fonid.jpg\" \/>\n\t<meta property=\"og:image:width\" content=\"800\" \/>\n\t<meta property=\"og:image:height\" content=\"485\" \/>\n\t<meta property=\"og:image:type\" content=\"image\/jpeg\" \/>\n<meta name=\"author\" content=\"f1000024\" \/>\n<meta name=\"twitter:card\" content=\"summary_large_image\" \/>\n<meta name=\"twitter:label1\" content=\"Escrito por\" \/>\n\t<meta name=\"twitter:data1\" content=\"f1000024\" \/>\n\t<meta name=\"twitter:label2\" content=\"Tiempo de lectura\" \/>\n\t<meta name=\"twitter:data2\" content=\"1 minuto\" \/>\n<script type=\"application\/ld+json\" class=\"yoast-schema-graph\">{\"@context\":\"https:\\\/\\\/schema.org\",\"@graph\":[{\"@type\":\"Article\",\"@id\":\"https:\\\/\\\/cvinoticias.com\\\/v3\\\/este-miercoles-pagan-suplementarias-fonid-y-otros-aportes-a-docentes-misioneros\\\/#article\",\"isPartOf\":{\"@id\":\"https:\\\/\\\/cvinoticias.com\\\/v3\\\/este-miercoles-pagan-suplementarias-fonid-y-otros-aportes-a-docentes-misioneros\\\/\"},\"author\":{\"name\":\"f1000024\",\"@id\":\"https:\\\/\\\/cvinoticias.com\\\/v3\\\/#\\\/schema\\\/person\\\/2db77e3c6bc03c538495d7b2b8be9b66\"},\"headline\":\"Este mi\u00e9rcoles pagan Suplementarias, Fonid y otros aportes a docentes misioneros\",\"datePublished\":\"2023-09-19T11:56:18+00:00\",\"mainEntityOfPage\":{\"@id\":\"https:\\\/\\\/cvinoticias.com\\\/v3\\\/este-miercoles-pagan-suplementarias-fonid-y-otros-aportes-a-docentes-misioneros\\\/\"},\"wordCount\":196,\"commentCount\":0,\"publisher\":{\"@id\":\"https:\\\/\\\/cvinoticias.com\\\/v3\\\/#organization\"},\"image\":{\"@id\":\"https:\\\/\\\/cvinoticias.com\\\/v3\\\/este-miercoles-pagan-suplementarias-fonid-y-otros-aportes-a-docentes-misioneros\\\/#primaryimage\"},\"thumbnailUrl\":\"https:\\\/\\\/cvinoticias.com\\\/wp-content\\\/uploads\\\/2023\\\/09\\\/Docentes-misioneros-cobran-hoy-Fonid.jpg\",\"articleSection\":[\"Econom\u00eda\"],\"inLanguage\":\"es\",\"potentialAction\":[{\"@type\":\"CommentAction\",\"name\":\"Comment\",\"target\":[\"https:\\\/\\\/cvinoticias.com\\\/v3\\\/este-miercoles-pagan-suplementarias-fonid-y-otros-aportes-a-docentes-misioneros\\\/#respond\"]}]},{\"@type\":\"WebPage\",\"@id\":\"https:\\\/\\\/cvinoticias.com\\\/v3\\\/este-miercoles-pagan-suplementarias-fonid-y-otros-aportes-a-docentes-misioneros\\\/\",\"url\":\"https:\\\/\\\/cvinoticias.com\\\/v3\\\/este-miercoles-pagan-suplementarias-fonid-y-otros-aportes-a-docentes-misioneros\\\/\",\"name\":\"Este mi\u00e9rcoles pagan Suplementarias, Fonid y otros aportes a docentes misioneros | CVI NOTICIAS\",\"isPartOf\":{\"@id\":\"https:\\\/\\\/cvinoticias.com\\\/v3\\\/#website\"},\"primaryImageOfPage\":{\"@id\":\"https:\\\/\\\/cvinoticias.com\\\/v3\\\/este-miercoles-pagan-suplementarias-fonid-y-otros-aportes-a-docentes-misioneros\\\/#primaryimage\"},\"image\":{\"@id\":\"https:\\\/\\\/cvinoticias.com\\\/v3\\\/este-miercoles-pagan-suplementarias-fonid-y-otros-aportes-a-docentes-misioneros\\\/#primaryimage\"},\"thumbnailUrl\":\"https:\\\/\\\/cvinoticias.com\\\/wp-content\\\/uploads\\\/2023\\\/09\\\/Docentes-misioneros-cobran-hoy-Fonid.jpg\",\"datePublished\":\"2023-09-19T11:56:18+00:00\",\"breadcrumb\":{\"@id\":\"https:\\\/\\\/cvinoticias.com\\\/v3\\\/este-miercoles-pagan-suplementarias-fonid-y-otros-aportes-a-docentes-misioneros\\\/#breadcrumb\"},\"inLanguage\":\"es\",\"potentialAction\":[{\"@type\":\"ReadAction\",\"target\":[\"https:\\\/\\\/cvinoticias.com\\\/v3\\\/este-miercoles-pagan-suplementarias-fonid-y-otros-aportes-a-docentes-misioneros\\\/\"]}]},{\"@type\":\"ImageObject\",\"inLanguage\":\"es\",\"@id\":\"https:\\\/\\\/cvinoticias.com\\\/v3\\\/este-miercoles-pagan-suplementarias-fonid-y-otros-aportes-a-docentes-misioneros\\\/#primaryimage\",\"url\":\"https:\\\/\\\/cvinoticias.com\\\/wp-content\\\/uploads\\\/2023\\\/09\\\/Docentes-misioneros-cobran-hoy-Fonid.jpg\",\"contentUrl\":\"https:\\\/\\\/cvinoticias.com\\\/wp-content\\\/uploads\\\/2023\\\/09\\\/Docentes-misioneros-cobran-hoy-Fonid.jpg\",\"width\":800,\"height\":485},{\"@type\":\"BreadcrumbList\",\"@id\":\"https:\\\/\\\/cvinoticias.com\\\/v3\\\/este-miercoles-pagan-suplementarias-fonid-y-otros-aportes-a-docentes-misioneros\\\/#breadcrumb\",\"itemListElement\":[{\"@type\":\"ListItem\",\"position\":1,\"name\":\"Portada\",\"item\":\"https:\\\/\\\/cvinoticias.com\\\/v3\\\/\"},{\"@type\":\"ListItem\",\"position\":2,\"name\":\"Este mi\u00e9rcoles pagan Suplementarias, Fonid y otros aportes a docentes misioneros\"}]},{\"@type\":\"WebSite\",\"@id\":\"https:\\\/\\\/cvinoticias.com\\\/v3\\\/#website\",\"url\":\"https:\\\/\\\/cvinoticias.com\\\/v3\\\/\",\"name\":\"CVI NOTICIAS\",\"description\":\"\",\"publisher\":{\"@id\":\"https:\\\/\\\/cvinoticias.com\\\/v3\\\/#organization\"},\"alternateName\":\"CVI\",\"potentialAction\":[{\"@type\":\"SearchAction\",\"target\":{\"@type\":\"EntryPoint\",\"urlTemplate\":\"https:\\\/\\\/cvinoticias.com\\\/v3\\\/?s={search_term_string}\"},\"query-input\":{\"@type\":\"PropertyValueSpecification\",\"valueRequired\":true,\"valueName\":\"search_term_string\"}}],\"inLanguage\":\"es\"},{\"@type\":\"Organization\",\"@id\":\"https:\\\/\\\/cvinoticias.com\\\/v3\\\/#organization\",\"name\":\"CVI NOTICIAS\",\"url\":\"https:\\\/\\\/cvinoticias.com\\\/v3\\\/\",\"logo\":{\"@type\":\"ImageObject\",\"inLanguage\":\"es\",\"@id\":\"https:\\\/\\\/cvinoticias.com\\\/v3\\\/#\\\/schema\\\/logo\\\/image\\\/\",\"url\":\"https:\\\/\\\/cvinoticias.com\\\/wp-content\\\/uploads\\\/2023\\\/04\\\/cropped-cropped-cropped-cropped-cropped-3-1.png\",\"contentUrl\":\"https:\\\/\\\/cvinoticias.com\\\/wp-content\\\/uploads\\\/2023\\\/04\\\/cropped-cropped-cropped-cropped-cropped-3-1.png\",\"width\":95,\"height\":122,\"caption\":\"CVI NOTICIAS\"},\"image\":{\"@id\":\"https:\\\/\\\/cvinoticias.com\\\/v3\\\/#\\\/schema\\\/logo\\\/image\\\/\"},\"sameAs\":[\"https:\\\/\\\/www.facebook.com\\\/cvinoticias\",\"https:\\\/\\\/www.instagram.com\\\/cvinoticias\\\/\",\"https:\\\/\\\/www.youtube.com\\\/@CVINOTICIAS\"]},{\"@type\":\"Person\",\"@id\":\"https:\\\/\\\/cvinoticias.com\\\/v3\\\/#\\\/schema\\\/person\\\/2db77e3c6bc03c538495d7b2b8be9b66\",\"name\":\"f1000024\",\"image\":{\"@type\":\"ImageObject\",\"inLanguage\":\"es\",\"@id\":\"https:\\\/\\\/secure.gravatar.com\\\/avatar\\\/d4fe7459cfc51ff5129ce1a732bbef5928568b8092d412ef95611616376bbeed?s=96&d=mm&r=g\",\"url\":\"https:\\\/\\\/secure.gravatar.com\\\/avatar\\\/d4fe7459cfc51ff5129ce1a732bbef5928568b8092d412ef95611616376bbeed?s=96&d=mm&r=g\",\"contentUrl\":\"https:\\\/\\\/secure.gravatar.com\\\/avatar\\\/d4fe7459cfc51ff5129ce1a732bbef5928568b8092d412ef95611616376bbeed?s=96&d=mm&r=g\",\"caption\":\"f1000024\"},\"url\":\"https:\\\/\\\/cvinoticias.com\\\/v3\\\/author\\\/f1000024\\\/\"}]}<\/script>\n<!-- \/ Yoast SEO plugin. -->","yoast_head_json":{"title":"Este mi\u00e9rcoles pagan Suplementarias, Fonid y otros aportes a docentes misioneros | CVI NOTICIAS","robots":{"index":"index","follow":"follow","max-snippet":"max-snippet:-1","max-image-preview":"max-image-preview:large","max-video-preview":"max-video-preview:-1"},"canonical":"https:\/\/cvinoticias.com\/v3\/este-miercoles-pagan-suplementarias-fonid-y-otros-aportes-a-docentes-misioneros\/","og_locale":"es_ES","og_type":"article","og_title":"Este mi\u00e9rcoles pagan Suplementarias, Fonid y otros aportes a docentes misioneros | CVI NOTICIAS","og_description":"As\u00ed lo anunci\u00f3 el gobernador de la provincia, Oscar Herrera Ahuad, este martes por la ma\u00f1ana. Los fondos estar\u00e1n depositados en cajeros autom\u00e1ticos habituales. Seg\u00fan el mandatario este mi\u00e9rcoles se abona, con fondos provinciales, Suplementarias de agosto de 2023. Tambi\u00e9n con adelanto local, Fonid cuota septiembre 2023 de $ 16.450,00 por cargo (2\u00b0 trimestre\/23). Tambi\u00e9n [&hellip;]","og_url":"https:\/\/cvinoticias.com\/v3\/este-miercoles-pagan-suplementarias-fonid-y-otros-aportes-a-docentes-misioneros\/","og_site_name":"CVI NOTICIAS","article_publisher":"https:\/\/www.facebook.com\/cvinoticias","article_published_time":"2023-09-19T11:56:18+00:00","og_image":[{"width":800,"height":485,"url":"https:\/\/cvinoticias.com\/wp-content\/uploads\/2023\/09\/Docentes-misioneros-cobran-hoy-Fonid.jpg","type":"image\/jpeg"}],"author":"f1000024","twitter_card":"summary_large_image","twitter_misc":{"Escrito por":"f1000024","Tiempo de lectura":"1 minuto"},"schema":{"@context":"https:\/\/schema.org","@graph":[{"@type":"Article","@id":"https:\/\/cvinoticias.com\/v3\/este-miercoles-pagan-suplementarias-fonid-y-otros-aportes-a-docentes-misioneros\/#article","isPartOf":{"@id":"https:\/\/cvinoticias.com\/v3\/este-miercoles-pagan-suplementarias-fonid-y-otros-aportes-a-docentes-misioneros\/"},"author":{"name":"f1000024","@id":"https:\/\/cvinoticias.com\/v3\/#\/schema\/person\/2db77e3c6bc03c538495d7b2b8be9b66"},"headline":"Este mi\u00e9rcoles pagan Suplementarias, Fonid y otros aportes a docentes misioneros","datePublished":"2023-09-19T11:56:18+00:00","mainEntityOfPage":{"@id":"https:\/\/cvinoticias.com\/v3\/este-miercoles-pagan-suplementarias-fonid-y-otros-aportes-a-docentes-misioneros\/"},"wordCount":196,"commentCount":0,"publisher":{"@id":"https:\/\/cvinoticias.com\/v3\/#organization"},"image":{"@id":"https:\/\/cvinoticias.com\/v3\/este-miercoles-pagan-suplementarias-fonid-y-otros-aportes-a-docentes-misioneros\/#primaryimage"},"thumbnailUrl":"https:\/\/cvinoticias.com\/wp-content\/uploads\/2023\/09\/Docentes-misioneros-cobran-hoy-Fonid.jpg","articleSection":["Econom\u00eda"],"inLanguage":"es","potentialAction":[{"@type":"CommentAction","name":"Comment","target":["https:\/\/cvinoticias.com\/v3\/este-miercoles-pagan-suplementarias-fonid-y-otros-aportes-a-docentes-misioneros\/#respond"]}]},{"@type":"WebPage","@id":"https:\/\/cvinoticias.com\/v3\/este-miercoles-pagan-suplementarias-fonid-y-otros-aportes-a-docentes-misioneros\/","url":"https:\/\/cvinoticias.com\/v3\/este-miercoles-pagan-suplementarias-fonid-y-otros-aportes-a-docentes-misioneros\/","name":"Este mi\u00e9rcoles pagan Suplementarias, Fonid y otros aportes a docentes misioneros | CVI NOTICIAS","isPartOf":{"@id":"https:\/\/cvinoticias.com\/v3\/#website"},"primaryImageOfPage":{"@id":"https:\/\/cvinoticias.com\/v3\/este-miercoles-pagan-suplementarias-fonid-y-otros-aportes-a-docentes-misioneros\/#primaryimage"},"image":{"@id":"https:\/\/cvinoticias.com\/v3\/este-miercoles-pagan-suplementarias-fonid-y-otros-aportes-a-docentes-misioneros\/#primaryimage"},"thumbnailUrl":"https:\/\/cvinoticias.com\/wp-content\/uploads\/2023\/09\/Docentes-misioneros-cobran-hoy-Fonid.jpg","datePublished":"2023-09-19T11:56:18+00:00","breadcrumb":{"@id":"https:\/\/cvinoticias.com\/v3\/este-miercoles-pagan-suplementarias-fonid-y-otros-aportes-a-docentes-misioneros\/#breadcrumb"},"inLanguage":"es","potentialAction":[{"@type":"ReadAction","target":["https:\/\/cvinoticias.com\/v3\/este-miercoles-pagan-suplementarias-fonid-y-otros-aportes-a-docentes-misioneros\/"]}]},{"@type":"ImageObject","inLanguage":"es","@id":"https:\/\/cvinoticias.com\/v3\/este-miercoles-pagan-suplementarias-fonid-y-otros-aportes-a-docentes-misioneros\/#primaryimage","url":"https:\/\/cvinoticias.com\/wp-content\/uploads\/2023\/09\/Docentes-misioneros-cobran-hoy-Fonid.jpg","contentUrl":"https:\/\/cvinoticias.com\/wp-content\/uploads\/2023\/09\/Docentes-misioneros-cobran-hoy-Fonid.jpg","width":800,"height":485},{"@type":"BreadcrumbList","@id":"https:\/\/cvinoticias.com\/v3\/este-miercoles-pagan-suplementarias-fonid-y-otros-aportes-a-docentes-misioneros\/#breadcrumb","itemListElement":[{"@type":"ListItem","position":1,"name":"Portada","item":"https:\/\/cvinoticias.com\/v3\/"},{"@type":"ListItem","position":2,"name":"Este mi\u00e9rcoles pagan Suplementarias, Fonid y otros aportes a docentes misioneros"}]},{"@type":"WebSite","@id":"https:\/\/cvinoticias.com\/v3\/#website","url":"https:\/\/cvinoticias.com\/v3\/","name":"CVI NOTICIAS","description":"","publisher":{"@id":"https:\/\/cvinoticias.com\/v3\/#organization"},"alternateName":"CVI","potentialAction":[{"@type":"SearchAction","target":{"@type":"EntryPoint","urlTemplate":"https:\/\/cvinoticias.com\/v3\/?s={search_term_string}"},"query-input":{"@type":"PropertyValueSpecification","valueRequired":true,"valueName":"search_term_string"}}],"inLanguage":"es"},{"@type":"Organization","@id":"https:\/\/cvinoticias.com\/v3\/#organization","name":"CVI NOTICIAS","url":"https:\/\/cvinoticias.com\/v3\/","logo":{"@type":"ImageObject","inLanguage":"es","@id":"https:\/\/cvinoticias.com\/v3\/#\/schema\/logo\/image\/","url":"https:\/\/cvinoticias.com\/wp-content\/uploads\/2023\/04\/cropped-cropped-cropped-cropped-cropped-3-1.png","contentUrl":"https:\/\/cvinoticias.com\/wp-content\/uploads\/2023\/04\/cropped-cropped-cropped-cropped-cropped-3-1.png","width":95,"height":122,"caption":"CVI NOTICIAS"},"image":{"@id":"https:\/\/cvinoticias.com\/v3\/#\/schema\/logo\/image\/"},"sameAs":["https:\/\/www.facebook.com\/cvinoticias","https:\/\/www.instagram.com\/cvinoticias\/","https:\/\/www.youtube.com\/@CVINOTICIAS"]},{"@type":"Person","@id":"https:\/\/cvinoticias.com\/v3\/#\/schema\/person\/2db77e3c6bc03c538495d7b2b8be9b66","name":"f1000024","image":{"@type":"ImageObject","inLanguage":"es","@id":"https:\/\/secure.gravatar.com\/avatar\/d4fe7459cfc51ff5129ce1a732bbef5928568b8092d412ef95611616376bbeed?s=96&d=mm&r=g","url":"https:\/\/secure.gravatar.com\/avatar\/d4fe7459cfc51ff5129ce1a732bbef5928568b8092d412ef95611616376bbeed?s=96&d=mm&r=g","contentUrl":"https:\/\/secure.gravatar.com\/avatar\/d4fe7459cfc51ff5129ce1a732bbef5928568b8092d412ef95611616376bbeed?s=96&d=mm&r=g","caption":"f1000024"},"url":"https:\/\/cvinoticias.com\/v3\/author\/f1000024\/"}]}},"_links":{"self":[{"href":"https:\/\/cvinoticias.com\/v3\/wp-json\/wp\/v2\/posts\/28109","targetHints":{"allow":["GET"]}}],"collection":[{"href":"https:\/\/cvinoticias.com\/v3\/wp-json\/wp\/v2\/posts"}],"about":[{"href":"https:\/\/cvinoticias.com\/v3\/wp-json\/wp\/v2\/types\/post"}],"author":[{"embeddable":true,"href":"https:\/\/cvinoticias.com\/v3\/wp-json\/wp\/v2\/users\/2"}],"replies":[{"embeddable":true,"href":"https:\/\/cvinoticias.com\/v3\/wp-json\/wp\/v2\/comments?post=28109"}],"version-history":[{"count":1,"href":"https:\/\/cvinoticias.com\/v3\/wp-json\/wp\/v2\/posts\/28109\/revisions"}],"predecessor-version":[{"id":28111,"href":"https:\/\/cvinoticias.com\/v3\/wp-json\/wp\/v2\/posts\/28109\/revisions\/28111"}],"wp:featuredmedia":[{"embeddable":true,"href":"https:\/\/cvinoticias.com\/v3\/wp-json\/wp\/v2\/media\/28110"}],"wp:attachment":[{"href":"https:\/\/cvinoticias.com\/v3\/wp-json\/wp\/v2\/media?parent=28109"}],"wp:term":[{"taxonomy":"category","embeddable":true,"href":"https:\/\/cvinoticias.com\/v3\/wp-json\/wp\/v2\/categories?post=28109"},{"taxonomy":"post_tag","embeddable":true,"href":"https:\/\/cvinoticias.com\/v3\/wp-json\/wp\/v2\/tags?post=28109"}],"curies":[{"name":"wp","href":"https:\/\/api.w.org\/{rel}","templated":true}]}}