{"id":28102,"date":"2023-09-19T11:37:50","date_gmt":"2023-09-19T11:37:50","guid":{"rendered":"https:\/\/cvinoticias.com\/v3\/?p=28102"},"modified":"2023-09-19T11:37:50","modified_gmt":"2023-09-19T11:37:50","slug":"misiones-macabro-femicidio-mato-a-una-chica-de-16-anos-y-convivio-cinco-dias-con-el-cuerpo-en-la-heladera","status":"publish","type":"post","link":"https:\/\/cvinoticias.com\/v3\/misiones-macabro-femicidio-mato-a-una-chica-de-16-anos-y-convivio-cinco-dias-con-el-cuerpo-en-la-heladera\/","title":{"rendered":"Misiones: Macabro femicidio, mat\u00f3 a una chica de 16 a\u00f1os y convivi\u00f3 cinco d\u00edas con el cuerpo en la heladera"},"content":{"rendered":"\n<p><strong><em>El femicida de 41 a\u00f1os fue detenido luego de la denuncia de vecinos por olores nauseabundos. La joven estaba desaparecida desde el 8 de septiembre.<\/em><\/strong><\/p>\n\n\n\n<p>Un hombre de 41 a\u00f1os fue detenido por matar a una adolescente de 16 a\u00f1os y convivir cinco d\u00edas con su cuerpo en la heladera. El macabro hallazgo ocurri\u00f3 en San Pedro, Misiones.<\/p>\n\n\n\n<p>Todo comenz\u00f3 en las \u00faltimas horas cuando vecinos del femicida denunciaron que sal\u00eda olores nauseabundos del departamento donde viv\u00eda. Tras la llegada de efectivos de la Polic\u00eda al lugar constataron que dentro de la heladera estaba el cuerpo de la chica en un alto grado de descomposici\u00f3n.<\/p>\n\n\n\n<p>Se constat\u00f3 que la v\u00edctima era Estefan\u00eda Adriana Dos Santos, una joven que estaba desaparecida desde el 8 de septiembre. Estaba envuelta en s\u00e1banas y una frazada. Tambi\u00e9n su cuerpo estaba atado con cables y para evitar que la puerta se abriera la sell\u00f3 con cinta tipo embalaje.<\/p>\n\n\n\n<p>Sin embargo, Nelson Osvaldo Winnik se hab\u00eda dado a la fuga d\u00edas antes cuando personas se acercaron para preguntarle porque hab\u00eda olor, algo que \u00e9l adujo que era un problema con las cloacas.<\/p>\n\n\n\n<p>En las \u00faltimas horas la Polic\u00eda detuvo al femicida a 250 kil\u00f3metros de San Pedro y ten\u00eda en su poder el DNI, una tarjeta de d\u00e9bito bancaria y algunas prendas que Estefan\u00eda llevaba el d\u00eda que fue vista por \u00faltima vez.<\/p>\n\n\n\n<figure class=\"wp-block-image size-full\"><a href=\"https:\/\/cvinoticias.com\/wp-content\/uploads\/2023\/09\/bbx_1073626827_olp.jpg\"><img decoding=\"async\" width=\"800\" height=\"579\" data-src=\"https:\/\/cvinoticias.com\/wp-content\/uploads\/2023\/09\/bbx_1073626827_olp.jpg\" alt=\"\" class=\"wp-image-28104 lazyload\" data-srcset=\"https:\/\/cvinoticias.com\/wp-content\/uploads\/2023\/09\/bbx_1073626827_olp.jpg 800w, https:\/\/cvinoticias.com\/wp-content\/uploads\/2023\/09\/bbx_1073626827_olp-300x217.jpg 300w, https:\/\/cvinoticias.com\/wp-content\/uploads\/2023\/09\/bbx_1073626827_olp-768x556.jpg 768w\" data-sizes=\"(max-width: 800px) 100vw, 800px\" src=\"data:image\/svg+xml;base64,PHN2ZyB3aWR0aD0iMSIgaGVpZ2h0PSIxIiB4bWxucz0iaHR0cDovL3d3dy53My5vcmcvMjAwMC9zdmciPjwvc3ZnPg==\" style=\"--smush-placeholder-width: 800px; --smush-placeholder-aspect-ratio: 800\/579;\" \/><\/a><\/figure>\n\n\n\n<p>Los primeros resultados preliminares de la autopsia confirmaron que la adolescente fue asesinada a puntazos ya que ten\u00eda varias lesiones punzocortantes en el cuerpo. Por su estado no se pudo constatar que arma utiliz\u00f3 el atacante y si fue abusada.<\/p>\n\n\n\n<p>\u00abSe trat\u00f3 de una muerte violenta causada por un elemento punzocortante que la lastim\u00f3 en varias partes del cuerpo\u00bb, detallaron desde el Juzgado de Instrucci\u00f3n 1.<\/p>\n\n\n\n<p>Asimismo, los m\u00e9dicos indicaron que la v\u00edctima llevaba muerta seis d\u00edas, algo que concuerda con la escena del crimen. Ahora, resta saber que imputaci\u00f3n le atribuir\u00e1 el juez Ariel Belda Palomar.<\/p>\n\n\n\n<p>\u201cEstoy destrozada, estamos destrozados como familia\u201d. Y pidi\u00f3: \u201cQueremos justicia, no puede quedar impune lo que hizo\u201d, expres\u00f3 con dolor Olga Bento, madre de Estefan\u00eda.<\/p>\n","protected":false},"excerpt":{"rendered":"<p>El femicida de 41 a\u00f1os fue detenido luego de la denuncia de vecinos por olores nauseabundos. La joven estaba desaparecida desde el 8 de septiembre. Un hombre de 41 a\u00f1os fue detenido por matar a una adolescente de 16 a\u00f1os y convivir cinco d\u00edas con su cuerpo en la heladera. El macabro hallazgo ocurri\u00f3 en [&hellip;]<\/p>\n","protected":false},"author":2,"featured_media":28103,"comment_status":"open","ping_status":"open","sticky":false,"template":"","format":"standard","meta":{"footnotes":""},"categories":[41],"tags":[],"class_list":["post-28102","post","type-post","status-publish","format-standard","has-post-thumbnail","hentry","category-policiales"],"yoast_head":"<!-- This site is optimized with the Yoast SEO plugin v27.5 - https:\/\/yoast.com\/product\/yoast-seo-wordpress\/ -->\n<title>Misiones: Macabro femicidio, mat\u00f3 a una chica de 16 a\u00f1os y convivi\u00f3 cinco d\u00edas con el cuerpo en la heladera | CVI NOTICIAS<\/title>\n<meta name=\"robots\" content=\"index, follow, max-snippet:-1, max-image-preview:large, max-video-preview:-1\" \/>\n<link rel=\"canonical\" href=\"https:\/\/cvinoticias.com\/v3\/misiones-macabro-femicidio-mato-a-una-chica-de-16-anos-y-convivio-cinco-dias-con-el-cuerpo-en-la-heladera\/\" \/>\n<meta property=\"og:locale\" content=\"es_ES\" \/>\n<meta property=\"og:type\" content=\"article\" \/>\n<meta property=\"og:title\" content=\"Misiones: Macabro femicidio, mat\u00f3 a una chica de 16 a\u00f1os y convivi\u00f3 cinco d\u00edas con el cuerpo en la heladera | CVI NOTICIAS\" \/>\n<meta property=\"og:description\" content=\"El femicida de 41 a\u00f1os fue detenido luego de la denuncia de vecinos por olores nauseabundos. La joven estaba desaparecida desde el 8 de septiembre. Un hombre de 41 a\u00f1os fue detenido por matar a una adolescente de 16 a\u00f1os y convivir cinco d\u00edas con su cuerpo en la heladera. El macabro hallazgo ocurri\u00f3 en [&hellip;]\" \/>\n<meta property=\"og:url\" content=\"https:\/\/cvinoticias.com\/v3\/misiones-macabro-femicidio-mato-a-una-chica-de-16-anos-y-convivio-cinco-dias-con-el-cuerpo-en-la-heladera\/\" \/>\n<meta property=\"og:site_name\" content=\"CVI NOTICIAS\" \/>\n<meta property=\"article:publisher\" content=\"https:\/\/www.facebook.com\/cvinoticias\" \/>\n<meta property=\"article:published_time\" content=\"2023-09-19T11:37:50+00:00\" \/>\n<meta property=\"og:image\" content=\"https:\/\/cvinoticias.com\/wp-content\/uploads\/2023\/09\/8421032b6b04d95da565a54f1e9555a8_M.jpg\" \/>\n\t<meta property=\"og:image:width\" content=\"768\" \/>\n\t<meta property=\"og:image:height\" content=\"432\" \/>\n\t<meta property=\"og:image:type\" content=\"image\/jpeg\" \/>\n<meta name=\"author\" content=\"f1000024\" \/>\n<meta name=\"twitter:card\" content=\"summary_large_image\" \/>\n<meta name=\"twitter:label1\" content=\"Escrito por\" \/>\n\t<meta name=\"twitter:data1\" content=\"f1000024\" \/>\n\t<meta name=\"twitter:label2\" content=\"Tiempo de lectura\" \/>\n\t<meta name=\"twitter:data2\" content=\"2 minutos\" \/>\n<script type=\"application\/ld+json\" class=\"yoast-schema-graph\">{\"@context\":\"https:\\\/\\\/schema.org\",\"@graph\":[{\"@type\":\"Article\",\"@id\":\"https:\\\/\\\/cvinoticias.com\\\/v3\\\/misiones-macabro-femicidio-mato-a-una-chica-de-16-anos-y-convivio-cinco-dias-con-el-cuerpo-en-la-heladera\\\/#article\",\"isPartOf\":{\"@id\":\"https:\\\/\\\/cvinoticias.com\\\/v3\\\/misiones-macabro-femicidio-mato-a-una-chica-de-16-anos-y-convivio-cinco-dias-con-el-cuerpo-en-la-heladera\\\/\"},\"author\":{\"name\":\"f1000024\",\"@id\":\"https:\\\/\\\/cvinoticias.com\\\/v3\\\/#\\\/schema\\\/person\\\/2db77e3c6bc03c538495d7b2b8be9b66\"},\"headline\":\"Misiones: Macabro femicidio, mat\u00f3 a una chica de 16 a\u00f1os y convivi\u00f3 cinco d\u00edas con el cuerpo en la heladera\",\"datePublished\":\"2023-09-19T11:37:50+00:00\",\"mainEntityOfPage\":{\"@id\":\"https:\\\/\\\/cvinoticias.com\\\/v3\\\/misiones-macabro-femicidio-mato-a-una-chica-de-16-anos-y-convivio-cinco-dias-con-el-cuerpo-en-la-heladera\\\/\"},\"wordCount\":391,\"commentCount\":0,\"publisher\":{\"@id\":\"https:\\\/\\\/cvinoticias.com\\\/v3\\\/#organization\"},\"image\":{\"@id\":\"https:\\\/\\\/cvinoticias.com\\\/v3\\\/misiones-macabro-femicidio-mato-a-una-chica-de-16-anos-y-convivio-cinco-dias-con-el-cuerpo-en-la-heladera\\\/#primaryimage\"},\"thumbnailUrl\":\"https:\\\/\\\/cvinoticias.com\\\/wp-content\\\/uploads\\\/2023\\\/09\\\/8421032b6b04d95da565a54f1e9555a8_M.jpg\",\"articleSection\":[\"Policiales\"],\"inLanguage\":\"es\",\"potentialAction\":[{\"@type\":\"CommentAction\",\"name\":\"Comment\",\"target\":[\"https:\\\/\\\/cvinoticias.com\\\/v3\\\/misiones-macabro-femicidio-mato-a-una-chica-de-16-anos-y-convivio-cinco-dias-con-el-cuerpo-en-la-heladera\\\/#respond\"]}]},{\"@type\":\"WebPage\",\"@id\":\"https:\\\/\\\/cvinoticias.com\\\/v3\\\/misiones-macabro-femicidio-mato-a-una-chica-de-16-anos-y-convivio-cinco-dias-con-el-cuerpo-en-la-heladera\\\/\",\"url\":\"https:\\\/\\\/cvinoticias.com\\\/v3\\\/misiones-macabro-femicidio-mato-a-una-chica-de-16-anos-y-convivio-cinco-dias-con-el-cuerpo-en-la-heladera\\\/\",\"name\":\"Misiones: Macabro femicidio, mat\u00f3 a una chica de 16 a\u00f1os y convivi\u00f3 cinco d\u00edas con el cuerpo en la heladera | CVI NOTICIAS\",\"isPartOf\":{\"@id\":\"https:\\\/\\\/cvinoticias.com\\\/v3\\\/#website\"},\"primaryImageOfPage\":{\"@id\":\"https:\\\/\\\/cvinoticias.com\\\/v3\\\/misiones-macabro-femicidio-mato-a-una-chica-de-16-anos-y-convivio-cinco-dias-con-el-cuerpo-en-la-heladera\\\/#primaryimage\"},\"image\":{\"@id\":\"https:\\\/\\\/cvinoticias.com\\\/v3\\\/misiones-macabro-femicidio-mato-a-una-chica-de-16-anos-y-convivio-cinco-dias-con-el-cuerpo-en-la-heladera\\\/#primaryimage\"},\"thumbnailUrl\":\"https:\\\/\\\/cvinoticias.com\\\/wp-content\\\/uploads\\\/2023\\\/09\\\/8421032b6b04d95da565a54f1e9555a8_M.jpg\",\"datePublished\":\"2023-09-19T11:37:50+00:00\",\"breadcrumb\":{\"@id\":\"https:\\\/\\\/cvinoticias.com\\\/v3\\\/misiones-macabro-femicidio-mato-a-una-chica-de-16-anos-y-convivio-cinco-dias-con-el-cuerpo-en-la-heladera\\\/#breadcrumb\"},\"inLanguage\":\"es\",\"potentialAction\":[{\"@type\":\"ReadAction\",\"target\":[\"https:\\\/\\\/cvinoticias.com\\\/v3\\\/misiones-macabro-femicidio-mato-a-una-chica-de-16-anos-y-convivio-cinco-dias-con-el-cuerpo-en-la-heladera\\\/\"]}]},{\"@type\":\"ImageObject\",\"inLanguage\":\"es\",\"@id\":\"https:\\\/\\\/cvinoticias.com\\\/v3\\\/misiones-macabro-femicidio-mato-a-una-chica-de-16-anos-y-convivio-cinco-dias-con-el-cuerpo-en-la-heladera\\\/#primaryimage\",\"url\":\"https:\\\/\\\/cvinoticias.com\\\/wp-content\\\/uploads\\\/2023\\\/09\\\/8421032b6b04d95da565a54f1e9555a8_M.jpg\",\"contentUrl\":\"https:\\\/\\\/cvinoticias.com\\\/wp-content\\\/uploads\\\/2023\\\/09\\\/8421032b6b04d95da565a54f1e9555a8_M.jpg\",\"width\":768,\"height\":432},{\"@type\":\"BreadcrumbList\",\"@id\":\"https:\\\/\\\/cvinoticias.com\\\/v3\\\/misiones-macabro-femicidio-mato-a-una-chica-de-16-anos-y-convivio-cinco-dias-con-el-cuerpo-en-la-heladera\\\/#breadcrumb\",\"itemListElement\":[{\"@type\":\"ListItem\",\"position\":1,\"name\":\"Portada\",\"item\":\"https:\\\/\\\/cvinoticias.com\\\/v3\\\/\"},{\"@type\":\"ListItem\",\"position\":2,\"name\":\"Misiones: Macabro femicidio, mat\u00f3 a una chica de 16 a\u00f1os y convivi\u00f3 cinco d\u00edas con el cuerpo en la heladera\"}]},{\"@type\":\"WebSite\",\"@id\":\"https:\\\/\\\/cvinoticias.com\\\/v3\\\/#website\",\"url\":\"https:\\\/\\\/cvinoticias.com\\\/v3\\\/\",\"name\":\"CVI NOTICIAS\",\"description\":\"\",\"publisher\":{\"@id\":\"https:\\\/\\\/cvinoticias.com\\\/v3\\\/#organization\"},\"alternateName\":\"CVI\",\"potentialAction\":[{\"@type\":\"SearchAction\",\"target\":{\"@type\":\"EntryPoint\",\"urlTemplate\":\"https:\\\/\\\/cvinoticias.com\\\/v3\\\/?s={search_term_string}\"},\"query-input\":{\"@type\":\"PropertyValueSpecification\",\"valueRequired\":true,\"valueName\":\"search_term_string\"}}],\"inLanguage\":\"es\"},{\"@type\":\"Organization\",\"@id\":\"https:\\\/\\\/cvinoticias.com\\\/v3\\\/#organization\",\"name\":\"CVI NOTICIAS\",\"url\":\"https:\\\/\\\/cvinoticias.com\\\/v3\\\/\",\"logo\":{\"@type\":\"ImageObject\",\"inLanguage\":\"es\",\"@id\":\"https:\\\/\\\/cvinoticias.com\\\/v3\\\/#\\\/schema\\\/logo\\\/image\\\/\",\"url\":\"https:\\\/\\\/cvinoticias.com\\\/wp-content\\\/uploads\\\/2023\\\/04\\\/cropped-cropped-cropped-cropped-cropped-3-1.png\",\"contentUrl\":\"https:\\\/\\\/cvinoticias.com\\\/wp-content\\\/uploads\\\/2023\\\/04\\\/cropped-cropped-cropped-cropped-cropped-3-1.png\",\"width\":95,\"height\":122,\"caption\":\"CVI NOTICIAS\"},\"image\":{\"@id\":\"https:\\\/\\\/cvinoticias.com\\\/v3\\\/#\\\/schema\\\/logo\\\/image\\\/\"},\"sameAs\":[\"https:\\\/\\\/www.facebook.com\\\/cvinoticias\",\"https:\\\/\\\/www.instagram.com\\\/cvinoticias\\\/\",\"https:\\\/\\\/www.youtube.com\\\/@CVINOTICIAS\"]},{\"@type\":\"Person\",\"@id\":\"https:\\\/\\\/cvinoticias.com\\\/v3\\\/#\\\/schema\\\/person\\\/2db77e3c6bc03c538495d7b2b8be9b66\",\"name\":\"f1000024\",\"image\":{\"@type\":\"ImageObject\",\"inLanguage\":\"es\",\"@id\":\"https:\\\/\\\/secure.gravatar.com\\\/avatar\\\/d4fe7459cfc51ff5129ce1a732bbef5928568b8092d412ef95611616376bbeed?s=96&d=mm&r=g\",\"url\":\"https:\\\/\\\/secure.gravatar.com\\\/avatar\\\/d4fe7459cfc51ff5129ce1a732bbef5928568b8092d412ef95611616376bbeed?s=96&d=mm&r=g\",\"contentUrl\":\"https:\\\/\\\/secure.gravatar.com\\\/avatar\\\/d4fe7459cfc51ff5129ce1a732bbef5928568b8092d412ef95611616376bbeed?s=96&d=mm&r=g\",\"caption\":\"f1000024\"},\"url\":\"https:\\\/\\\/cvinoticias.com\\\/v3\\\/author\\\/f1000024\\\/\"}]}<\/script>\n<!-- \/ Yoast SEO plugin. -->","yoast_head_json":{"title":"Misiones: Macabro femicidio, mat\u00f3 a una chica de 16 a\u00f1os y convivi\u00f3 cinco d\u00edas con el cuerpo en la heladera | CVI NOTICIAS","robots":{"index":"index","follow":"follow","max-snippet":"max-snippet:-1","max-image-preview":"max-image-preview:large","max-video-preview":"max-video-preview:-1"},"canonical":"https:\/\/cvinoticias.com\/v3\/misiones-macabro-femicidio-mato-a-una-chica-de-16-anos-y-convivio-cinco-dias-con-el-cuerpo-en-la-heladera\/","og_locale":"es_ES","og_type":"article","og_title":"Misiones: Macabro femicidio, mat\u00f3 a una chica de 16 a\u00f1os y convivi\u00f3 cinco d\u00edas con el cuerpo en la heladera | CVI NOTICIAS","og_description":"El femicida de 41 a\u00f1os fue detenido luego de la denuncia de vecinos por olores nauseabundos. La joven estaba desaparecida desde el 8 de septiembre. Un hombre de 41 a\u00f1os fue detenido por matar a una adolescente de 16 a\u00f1os y convivir cinco d\u00edas con su cuerpo en la heladera. El macabro hallazgo ocurri\u00f3 en [&hellip;]","og_url":"https:\/\/cvinoticias.com\/v3\/misiones-macabro-femicidio-mato-a-una-chica-de-16-anos-y-convivio-cinco-dias-con-el-cuerpo-en-la-heladera\/","og_site_name":"CVI NOTICIAS","article_publisher":"https:\/\/www.facebook.com\/cvinoticias","article_published_time":"2023-09-19T11:37:50+00:00","og_image":[{"width":768,"height":432,"url":"https:\/\/cvinoticias.com\/wp-content\/uploads\/2023\/09\/8421032b6b04d95da565a54f1e9555a8_M.jpg","type":"image\/jpeg"}],"author":"f1000024","twitter_card":"summary_large_image","twitter_misc":{"Escrito por":"f1000024","Tiempo de lectura":"2 minutos"},"schema":{"@context":"https:\/\/schema.org","@graph":[{"@type":"Article","@id":"https:\/\/cvinoticias.com\/v3\/misiones-macabro-femicidio-mato-a-una-chica-de-16-anos-y-convivio-cinco-dias-con-el-cuerpo-en-la-heladera\/#article","isPartOf":{"@id":"https:\/\/cvinoticias.com\/v3\/misiones-macabro-femicidio-mato-a-una-chica-de-16-anos-y-convivio-cinco-dias-con-el-cuerpo-en-la-heladera\/"},"author":{"name":"f1000024","@id":"https:\/\/cvinoticias.com\/v3\/#\/schema\/person\/2db77e3c6bc03c538495d7b2b8be9b66"},"headline":"Misiones: Macabro femicidio, mat\u00f3 a una chica de 16 a\u00f1os y convivi\u00f3 cinco d\u00edas con el cuerpo en la heladera","datePublished":"2023-09-19T11:37:50+00:00","mainEntityOfPage":{"@id":"https:\/\/cvinoticias.com\/v3\/misiones-macabro-femicidio-mato-a-una-chica-de-16-anos-y-convivio-cinco-dias-con-el-cuerpo-en-la-heladera\/"},"wordCount":391,"commentCount":0,"publisher":{"@id":"https:\/\/cvinoticias.com\/v3\/#organization"},"image":{"@id":"https:\/\/cvinoticias.com\/v3\/misiones-macabro-femicidio-mato-a-una-chica-de-16-anos-y-convivio-cinco-dias-con-el-cuerpo-en-la-heladera\/#primaryimage"},"thumbnailUrl":"https:\/\/cvinoticias.com\/wp-content\/uploads\/2023\/09\/8421032b6b04d95da565a54f1e9555a8_M.jpg","articleSection":["Policiales"],"inLanguage":"es","potentialAction":[{"@type":"CommentAction","name":"Comment","target":["https:\/\/cvinoticias.com\/v3\/misiones-macabro-femicidio-mato-a-una-chica-de-16-anos-y-convivio-cinco-dias-con-el-cuerpo-en-la-heladera\/#respond"]}]},{"@type":"WebPage","@id":"https:\/\/cvinoticias.com\/v3\/misiones-macabro-femicidio-mato-a-una-chica-de-16-anos-y-convivio-cinco-dias-con-el-cuerpo-en-la-heladera\/","url":"https:\/\/cvinoticias.com\/v3\/misiones-macabro-femicidio-mato-a-una-chica-de-16-anos-y-convivio-cinco-dias-con-el-cuerpo-en-la-heladera\/","name":"Misiones: Macabro femicidio, mat\u00f3 a una chica de 16 a\u00f1os y convivi\u00f3 cinco d\u00edas con el cuerpo en la heladera | CVI NOTICIAS","isPartOf":{"@id":"https:\/\/cvinoticias.com\/v3\/#website"},"primaryImageOfPage":{"@id":"https:\/\/cvinoticias.com\/v3\/misiones-macabro-femicidio-mato-a-una-chica-de-16-anos-y-convivio-cinco-dias-con-el-cuerpo-en-la-heladera\/#primaryimage"},"image":{"@id":"https:\/\/cvinoticias.com\/v3\/misiones-macabro-femicidio-mato-a-una-chica-de-16-anos-y-convivio-cinco-dias-con-el-cuerpo-en-la-heladera\/#primaryimage"},"thumbnailUrl":"https:\/\/cvinoticias.com\/wp-content\/uploads\/2023\/09\/8421032b6b04d95da565a54f1e9555a8_M.jpg","datePublished":"2023-09-19T11:37:50+00:00","breadcrumb":{"@id":"https:\/\/cvinoticias.com\/v3\/misiones-macabro-femicidio-mato-a-una-chica-de-16-anos-y-convivio-cinco-dias-con-el-cuerpo-en-la-heladera\/#breadcrumb"},"inLanguage":"es","potentialAction":[{"@type":"ReadAction","target":["https:\/\/cvinoticias.com\/v3\/misiones-macabro-femicidio-mato-a-una-chica-de-16-anos-y-convivio-cinco-dias-con-el-cuerpo-en-la-heladera\/"]}]},{"@type":"ImageObject","inLanguage":"es","@id":"https:\/\/cvinoticias.com\/v3\/misiones-macabro-femicidio-mato-a-una-chica-de-16-anos-y-convivio-cinco-dias-con-el-cuerpo-en-la-heladera\/#primaryimage","url":"https:\/\/cvinoticias.com\/wp-content\/uploads\/2023\/09\/8421032b6b04d95da565a54f1e9555a8_M.jpg","contentUrl":"https:\/\/cvinoticias.com\/wp-content\/uploads\/2023\/09\/8421032b6b04d95da565a54f1e9555a8_M.jpg","width":768,"height":432},{"@type":"BreadcrumbList","@id":"https:\/\/cvinoticias.com\/v3\/misiones-macabro-femicidio-mato-a-una-chica-de-16-anos-y-convivio-cinco-dias-con-el-cuerpo-en-la-heladera\/#breadcrumb","itemListElement":[{"@type":"ListItem","position":1,"name":"Portada","item":"https:\/\/cvinoticias.com\/v3\/"},{"@type":"ListItem","position":2,"name":"Misiones: Macabro femicidio, mat\u00f3 a una chica de 16 a\u00f1os y convivi\u00f3 cinco d\u00edas con el cuerpo en la heladera"}]},{"@type":"WebSite","@id":"https:\/\/cvinoticias.com\/v3\/#website","url":"https:\/\/cvinoticias.com\/v3\/","name":"CVI NOTICIAS","description":"","publisher":{"@id":"https:\/\/cvinoticias.com\/v3\/#organization"},"alternateName":"CVI","potentialAction":[{"@type":"SearchAction","target":{"@type":"EntryPoint","urlTemplate":"https:\/\/cvinoticias.com\/v3\/?s={search_term_string}"},"query-input":{"@type":"PropertyValueSpecification","valueRequired":true,"valueName":"search_term_string"}}],"inLanguage":"es"},{"@type":"Organization","@id":"https:\/\/cvinoticias.com\/v3\/#organization","name":"CVI NOTICIAS","url":"https:\/\/cvinoticias.com\/v3\/","logo":{"@type":"ImageObject","inLanguage":"es","@id":"https:\/\/cvinoticias.com\/v3\/#\/schema\/logo\/image\/","url":"https:\/\/cvinoticias.com\/wp-content\/uploads\/2023\/04\/cropped-cropped-cropped-cropped-cropped-3-1.png","contentUrl":"https:\/\/cvinoticias.com\/wp-content\/uploads\/2023\/04\/cropped-cropped-cropped-cropped-cropped-3-1.png","width":95,"height":122,"caption":"CVI NOTICIAS"},"image":{"@id":"https:\/\/cvinoticias.com\/v3\/#\/schema\/logo\/image\/"},"sameAs":["https:\/\/www.facebook.com\/cvinoticias","https:\/\/www.instagram.com\/cvinoticias\/","https:\/\/www.youtube.com\/@CVINOTICIAS"]},{"@type":"Person","@id":"https:\/\/cvinoticias.com\/v3\/#\/schema\/person\/2db77e3c6bc03c538495d7b2b8be9b66","name":"f1000024","image":{"@type":"ImageObject","inLanguage":"es","@id":"https:\/\/secure.gravatar.com\/avatar\/d4fe7459cfc51ff5129ce1a732bbef5928568b8092d412ef95611616376bbeed?s=96&d=mm&r=g","url":"https:\/\/secure.gravatar.com\/avatar\/d4fe7459cfc51ff5129ce1a732bbef5928568b8092d412ef95611616376bbeed?s=96&d=mm&r=g","contentUrl":"https:\/\/secure.gravatar.com\/avatar\/d4fe7459cfc51ff5129ce1a732bbef5928568b8092d412ef95611616376bbeed?s=96&d=mm&r=g","caption":"f1000024"},"url":"https:\/\/cvinoticias.com\/v3\/author\/f1000024\/"}]}},"_links":{"self":[{"href":"https:\/\/cvinoticias.com\/v3\/wp-json\/wp\/v2\/posts\/28102","targetHints":{"allow":["GET"]}}],"collection":[{"href":"https:\/\/cvinoticias.com\/v3\/wp-json\/wp\/v2\/posts"}],"about":[{"href":"https:\/\/cvinoticias.com\/v3\/wp-json\/wp\/v2\/types\/post"}],"author":[{"embeddable":true,"href":"https:\/\/cvinoticias.com\/v3\/wp-json\/wp\/v2\/users\/2"}],"replies":[{"embeddable":true,"href":"https:\/\/cvinoticias.com\/v3\/wp-json\/wp\/v2\/comments?post=28102"}],"version-history":[{"count":1,"href":"https:\/\/cvinoticias.com\/v3\/wp-json\/wp\/v2\/posts\/28102\/revisions"}],"predecessor-version":[{"id":28105,"href":"https:\/\/cvinoticias.com\/v3\/wp-json\/wp\/v2\/posts\/28102\/revisions\/28105"}],"wp:featuredmedia":[{"embeddable":true,"href":"https:\/\/cvinoticias.com\/v3\/wp-json\/wp\/v2\/media\/28103"}],"wp:attachment":[{"href":"https:\/\/cvinoticias.com\/v3\/wp-json\/wp\/v2\/media?parent=28102"}],"wp:term":[{"taxonomy":"category","embeddable":true,"href":"https:\/\/cvinoticias.com\/v3\/wp-json\/wp\/v2\/categories?post=28102"},{"taxonomy":"post_tag","embeddable":true,"href":"https:\/\/cvinoticias.com\/v3\/wp-json\/wp\/v2\/tags?post=28102"}],"curies":[{"name":"wp","href":"https:\/\/api.w.org\/{rel}","templated":true}]}}