{"id":28056,"date":"2023-09-16T10:27:16","date_gmt":"2023-09-16T10:27:16","guid":{"rendered":"https:\/\/cvinoticias.com\/v3\/?p=28056"},"modified":"2023-09-16T10:27:16","modified_gmt":"2023-09-16T10:27:16","slug":"el-modelo-misionero-se-exporta-a-cordoba","status":"publish","type":"post","link":"https:\/\/cvinoticias.com\/v3\/el-modelo-misionero-se-exporta-a-cordoba\/","title":{"rendered":"El Modelo Misionero se exporta a C\u00f3rdoba"},"content":{"rendered":"\n<p><em><strong>En tiempos de refundaci\u00f3n de la matriz pol\u00edtica en la Argentina, cada vez m\u00e1s dirigentes posan los ojos en Misiones como modelo superador de la grieta. El flamante gobernador electo de C\u00f3rdoba Mart\u00edn Llaryora comienza a delinear las bases de un proyecto pol\u00edtico inspirado en el esquema dise\u00f1ado con visi\u00f3n estrat\u00e9gica por Carlos Rovira en nuestra provincia.\u00a0<\/strong><\/em><\/p>\n\n\n\n<p><strong>(*) Por Nicol\u00e1s Marchiori<\/strong><\/p>\n\n\n\n<p>El te\u00f3rico brit\u00e1nico Bernard Crick cita de la Pol\u00edtica de Arist\u00f3teles la idea de una \u201cuna buena polis\u201d. Propone una clase de unidad que supone que la sociedad civilizada es inherentemente pluralista, que vivir juntos dentro de esa sociedad implica negociaci\u00f3n y conciliaci\u00f3n de intereses \u201cnaturalmente diferentes\u201d, y que \u201cnormalmente es mejor conciliar diferentes intereses que coercionarlos y oprimirlos perpetuamente\u201d. La visi\u00f3n de Crick busca ampliar los horizontes humanos y multiplicar las posibilidades de tener una vida mejor. En efecto, y considerando la idea desarrollada podr\u00edamos decir que la clase de unidad m\u00e1s prometedora es la que se logra, d\u00eda a d\u00eda, por medio del debate, la negociaci\u00f3n y la concesi\u00f3n entre valores, preferencias y modos de vida y de autoidentificaci\u00f3n de muchos y diferentes miembros de la polis.<\/p>\n\n\n\n<p>A decir del brillante Zygmunt Bauman, este es un modelo de una unidad conseguida como logro conjunto de los agentes dedicados a autoidentificarse, una unidad que es una consecuencia y no una condici\u00f3n a priori de la vida compartida, una unidad conseguida por medio de la negociaci\u00f3n y la reconciliaci\u00f3n, y no a trav\u00e9s de la negaci\u00f3n, la atenuaci\u00f3n o la eliminaci\u00f3n de las diferencias. Es, por lo tanto, la \u00fanica variante de unidad (la \u00fanica forma de reuni\u00f3n) que es compatible, plausible y realista dentro de las condiciones establecidas por la modernidad l\u00edquida.<\/p>\n\n\n\n<p>En las distintas elecciones provinciales que se llevaron a cabo este a\u00f1o, surge que el elemento predominante y, a la vez, configurativo de un nuevo mapa del poder es el fortalecimiento de los provincialismos. La gente, en la mayor\u00eda de los casos, demostr\u00f3 su preferencia por aquellos partidos o frentes provinciales con fuerte arraigo en lo local. Misiones, Neuqu\u00e9n, Rio Negro, Salta, Tierra del Fuego, La Pampa, La Rioja, Tucum\u00e1n y C\u00f3rdoba son ejemplos que demuestran esta impronta, pese a la fuerte operaci\u00f3n de posicionamiento perpetrada desde los medios de Buenos Aires para inclinar la balanza a favor de los candidatos que responden al centralismo porte\u00f1o.<\/p>\n\n\n\n<p>Los movimientos provincialistas han demostrado que supieron entender el sentir de una sociedad ap\u00e1tica y harta de las disputas intestinas del poder que s\u00f3lo interesan a los pol\u00edticos y, al mismo tiempo, fueron capaces de mostrar un camino diferente al de la grieta, promoviendo los consensos necesarios para garantizar un clima de concordia y paz social en momentos en donde los altos niveles de confrontaci\u00f3n generados e irradiados desde un sector de la clase pol\u00edtica han calado hondo en la sociedad, agregando m\u00e1s incertidumbre al dif\u00edcil contexto que vive el pa\u00eds.<br>En el caso concreto de Misiones, tanto desde la conducci\u00f3n de Carlos Rovira, como desde los diferentes gobernadores misioneristas que se fueron sucediendo y desde los legisladores, queda demostrado que se han convertido en hidalgos defensores de los intereses de la provincia, en soledad y ante la mirada esquiva y el silencio c\u00f3mplice de los dirigentes que pertenecen a un espacio nacional como Juntos por el Cambio que les marca la agenda y les pasa el libreto de lo que pueden o no decir.<\/p>\n\n\n\n<p><strong>Pol\u00edtica en clave misionerista<\/strong><\/p>\n\n\n\n<p>El 25 de junio el pueblo cordob\u00e9s consagr\u00f3 a trav\u00e9s del voto a Mart\u00edn Llaryora como el nuevo gobernador de la provincia. El actual intendente de la capital de la provincia mediterr\u00e1nea adquiri\u00f3 gran relevancia medi\u00e1tica cuando en ocasi\u00f3n de su discurso post triunfo exclam\u00f3: \u201cque no nos vengan a explicar qu\u00e9 hacerlos pituquitos de Recoleta\u201d, luego del intento fallido de nacionalizaci\u00f3n de las elecciones provinciales por parte de Juntos por el Cambio en C\u00f3rdoba. Fue un mensaje directo a quienes promueven, defienden y vanaglorian el centralismo porte\u00f1o.<\/p>\n\n\n\n<p>Si bien faltan meses para que tome las riendas de una de las provincias m\u00e1s importantes del pa\u00eds, el gobernador electo ya comenz\u00f3 a dise\u00f1ar lo que ser\u00e1 el proyecto provincialista cordob\u00e9s. Llaryora da por descontado que las elecciones generales del 22 de octubre decantar\u00e1n en la ruptura de Juntos por el Cambio y desde esa l\u00f3gica, se embarc\u00f3 en la tarea de captar la mayor cantidad de intendentes radicales y del PRO.<\/p>\n\n\n\n<p>El oriundo de San Francisco es un admirador del modelo misionerista ideado por el Ing. Carlos Rovira y lo confirma en cada uno de sus movimientos estrat\u00e9gicos. En Misiones, la Renovaci\u00f3n surgi\u00f3 luego del \u201cque se vayan todos\u201d, una \u00e9poca marcada por una profunda crisis de los partidos pol\u00edticos tradicionales: el justicialismo y el radicalismo. En aquel entonces, la gente sent\u00eda exactamente lo que siente ahora, un importante sector de la clase dirigente transita y vive en un mundo paralelo que arroja como resultado una disociaci\u00f3n entre los intereses de ese sector y los de la gente de a pie. Gran parte de la dirigencia pol\u00edtica no le soluciona los problemas a la gente.<br>El proyecto pol\u00edtico pensado por Rovira naci\u00f3, no de la fusi\u00f3n o anexi\u00f3n del Partido Justicialista o de la Uni\u00f3n C\u00edvica Radical al Frente Renovador de la Concordia, sino de la incorporaci\u00f3n de los mejores hombres y mujeres del justicialismo y del radicalismo, que entendieron que llegaba un cambio de \u00e9poca y terminaba la era de los capangas.<\/p>\n\n\n\n<p>Llaryora es consciente de que despu\u00e9s del 10 de diciembre, cuando el pa\u00eds sea conducido por Javier Milei o Sergio Massa (considerando que la mayor\u00eda de las encuestas ubican a Patricia Bullrich fuera del ballotage), ser\u00e1 el \u00fanico salvavidas para los intendentes que fueron electos con el sello de Juntos por el Cambio.<\/p>\n\n\n\n<p>El proceso de apertura a dirigentes m\u00e1s all\u00e1 del peronismo comenz\u00f3 en el momento que fue formalizada la hoy electa vice gobernadora Myrian Prunotto, proveniente de la UCR, y Javier Pretto, ex PRO, como vice intendente de la ciudad de C\u00f3rdoba.<\/p>\n\n\n\n<p>En ese esquema, Orlando Arduh, hist\u00f3rico jefe legislativo del radicalismo y Juntos por el Cambio, se ha transformado en un jugador clave, ya que es quien tiene la tarea de aportar intendentes radicales, vecinalistas y del PRO al proyecto provincialista con sello misionero pensado por Llaryora.<\/p>\n\n\n\n<p>Cada vez que Arduh hace referencia del \u201cpartido cordob\u00e9s\u201d en proceso de gestaci\u00f3n, habla de un proyecto con \u201cesquema misionero\u201d. El hist\u00f3rico operador no oculta su admiraci\u00f3n por el proyecto pol\u00edtico impulsado por Rovira y destaca su capacidad para reunir y contener bajo un mismo paraguas tanto a peronistas como a radicales sin que pierdan su identidad pol\u00edtica.<\/p>\n\n\n\n<p><strong>La consolidaci\u00f3n de los provincialismos<\/strong><\/p>\n\n\n\n<p>El hist\u00f3rico dirigente radical enrolado en las filas de Llaryora sostiene que luego del 10 de diciembre se acaban los partidos pol\u00edticos y comienza la gesti\u00f3n. Arduh asumi\u00f3 el desaf\u00edo de convencer a los nuevos intendentes que fueron elegidos bajo sello de JxC desembarquen en el proyecto que impulsa el gobernador cordob\u00e9s electo. Dentro de sus m\u00e1ximas aspiraciones se encuentra la de integrar al espacio a Rodrigo De Loredo, el ex candidato a gobernador cambiemita derrotado por Llaryora.<\/p>\n\n\n\n<p>Arduh ya dio inicio al operativo disparando fuertemente contra los radicales hist\u00f3ricos. Sostiene que \u201cson los responsables de la derrota porque le entregaron el partido a Luis Juez. Y Juez perdi\u00f3 departamentos mientras el radicalismo gan\u00f3 legisladores\u201d.<\/p>\n\n\n\n<p>En el marco de la campa\u00f1a nacional de Schiaretti presidente, Arduh sent\u00f3 al actual gobernador cordob\u00e9s con m\u00e1s de 50 intendentes radicales y de partidos vecinales, tanto electos como salientes en la denominada \u201cMesa Provincia-Municipios\u00bb.<\/p>\n\n\n\n<p>Los resultados ya se empiezan a ver: Mario Sariago, intendente electo de Villa Parque, S\u00edquiman del departamento de Punilla por Juntos por el Cambio, ya trabajan en la campa\u00f1a de Schiaretti.<\/p>\n\n\n\n<p><strong>Abogado. Diplomado en Manejo de Crisis y en An\u00e1lisis de Procesos Electorales. Especializado en Comunicaci\u00f3n de Gobierno y Electoral.<\/strong><\/p>\n","protected":false},"excerpt":{"rendered":"<p>En tiempos de refundaci\u00f3n de la matriz pol\u00edtica en la Argentina, cada vez m\u00e1s dirigentes posan los ojos en Misiones como modelo superador de la grieta. El flamante gobernador electo de C\u00f3rdoba Mart\u00edn Llaryora comienza a delinear las bases de un proyecto pol\u00edtico inspirado en el esquema dise\u00f1ado con visi\u00f3n estrat\u00e9gica por Carlos Rovira en [&hellip;]<\/p>\n","protected":false},"author":2,"featured_media":28057,"comment_status":"open","ping_status":"open","sticky":false,"template":"","format":"standard","meta":{"footnotes":""},"categories":[42],"tags":[],"class_list":["post-28056","post","type-post","status-publish","format-standard","has-post-thumbnail","hentry","category-politica"],"yoast_head":"<!-- This site is optimized with the Yoast SEO plugin v27.5 - https:\/\/yoast.com\/product\/yoast-seo-wordpress\/ -->\n<title>El Modelo Misionero se exporta a C\u00f3rdoba | CVI NOTICIAS<\/title>\n<meta name=\"robots\" content=\"index, follow, max-snippet:-1, max-image-preview:large, max-video-preview:-1\" \/>\n<link rel=\"canonical\" href=\"https:\/\/cvinoticias.com\/v3\/el-modelo-misionero-se-exporta-a-cordoba\/\" \/>\n<meta property=\"og:locale\" content=\"es_ES\" \/>\n<meta property=\"og:type\" content=\"article\" \/>\n<meta property=\"og:title\" content=\"El Modelo Misionero se exporta a C\u00f3rdoba | CVI NOTICIAS\" \/>\n<meta property=\"og:description\" content=\"En tiempos de refundaci\u00f3n de la matriz pol\u00edtica en la Argentina, cada vez m\u00e1s dirigentes posan los ojos en Misiones como modelo superador de la grieta. El flamante gobernador electo de C\u00f3rdoba Mart\u00edn Llaryora comienza a delinear las bases de un proyecto pol\u00edtico inspirado en el esquema dise\u00f1ado con visi\u00f3n estrat\u00e9gica por Carlos Rovira en [&hellip;]\" \/>\n<meta property=\"og:url\" content=\"https:\/\/cvinoticias.com\/v3\/el-modelo-misionero-se-exporta-a-cordoba\/\" \/>\n<meta property=\"og:site_name\" content=\"CVI NOTICIAS\" \/>\n<meta property=\"article:publisher\" content=\"https:\/\/www.facebook.com\/cvinoticias\" \/>\n<meta property=\"article:published_time\" content=\"2023-09-16T10:27:16+00:00\" \/>\n<meta property=\"og:image\" content=\"https:\/\/cvinoticias.com\/wp-content\/uploads\/2023\/09\/IMG-20230915-WA1107.jpg\" \/>\n\t<meta property=\"og:image:width\" content=\"823\" \/>\n\t<meta property=\"og:image:height\" content=\"502\" \/>\n\t<meta property=\"og:image:type\" content=\"image\/jpeg\" \/>\n<meta name=\"author\" content=\"f1000024\" \/>\n<meta name=\"twitter:card\" content=\"summary_large_image\" \/>\n<meta name=\"twitter:label1\" content=\"Escrito por\" \/>\n\t<meta name=\"twitter:data1\" content=\"f1000024\" \/>\n\t<meta name=\"twitter:label2\" content=\"Tiempo de lectura\" \/>\n\t<meta name=\"twitter:data2\" content=\"7 minutos\" \/>\n<script type=\"application\/ld+json\" class=\"yoast-schema-graph\">{\"@context\":\"https:\\\/\\\/schema.org\",\"@graph\":[{\"@type\":\"Article\",\"@id\":\"https:\\\/\\\/cvinoticias.com\\\/v3\\\/el-modelo-misionero-se-exporta-a-cordoba\\\/#article\",\"isPartOf\":{\"@id\":\"https:\\\/\\\/cvinoticias.com\\\/v3\\\/el-modelo-misionero-se-exporta-a-cordoba\\\/\"},\"author\":{\"name\":\"f1000024\",\"@id\":\"https:\\\/\\\/cvinoticias.com\\\/v3\\\/#\\\/schema\\\/person\\\/2db77e3c6bc03c538495d7b2b8be9b66\"},\"headline\":\"El Modelo Misionero se exporta a C\u00f3rdoba\",\"datePublished\":\"2023-09-16T10:27:16+00:00\",\"mainEntityOfPage\":{\"@id\":\"https:\\\/\\\/cvinoticias.com\\\/v3\\\/el-modelo-misionero-se-exporta-a-cordoba\\\/\"},\"wordCount\":1412,\"commentCount\":0,\"publisher\":{\"@id\":\"https:\\\/\\\/cvinoticias.com\\\/v3\\\/#organization\"},\"image\":{\"@id\":\"https:\\\/\\\/cvinoticias.com\\\/v3\\\/el-modelo-misionero-se-exporta-a-cordoba\\\/#primaryimage\"},\"thumbnailUrl\":\"https:\\\/\\\/cvinoticias.com\\\/wp-content\\\/uploads\\\/2023\\\/09\\\/IMG-20230915-WA1107.jpg\",\"articleSection\":[\"Politica\"],\"inLanguage\":\"es\",\"potentialAction\":[{\"@type\":\"CommentAction\",\"name\":\"Comment\",\"target\":[\"https:\\\/\\\/cvinoticias.com\\\/v3\\\/el-modelo-misionero-se-exporta-a-cordoba\\\/#respond\"]}]},{\"@type\":\"WebPage\",\"@id\":\"https:\\\/\\\/cvinoticias.com\\\/v3\\\/el-modelo-misionero-se-exporta-a-cordoba\\\/\",\"url\":\"https:\\\/\\\/cvinoticias.com\\\/v3\\\/el-modelo-misionero-se-exporta-a-cordoba\\\/\",\"name\":\"El Modelo Misionero se exporta a C\u00f3rdoba | CVI NOTICIAS\",\"isPartOf\":{\"@id\":\"https:\\\/\\\/cvinoticias.com\\\/v3\\\/#website\"},\"primaryImageOfPage\":{\"@id\":\"https:\\\/\\\/cvinoticias.com\\\/v3\\\/el-modelo-misionero-se-exporta-a-cordoba\\\/#primaryimage\"},\"image\":{\"@id\":\"https:\\\/\\\/cvinoticias.com\\\/v3\\\/el-modelo-misionero-se-exporta-a-cordoba\\\/#primaryimage\"},\"thumbnailUrl\":\"https:\\\/\\\/cvinoticias.com\\\/wp-content\\\/uploads\\\/2023\\\/09\\\/IMG-20230915-WA1107.jpg\",\"datePublished\":\"2023-09-16T10:27:16+00:00\",\"breadcrumb\":{\"@id\":\"https:\\\/\\\/cvinoticias.com\\\/v3\\\/el-modelo-misionero-se-exporta-a-cordoba\\\/#breadcrumb\"},\"inLanguage\":\"es\",\"potentialAction\":[{\"@type\":\"ReadAction\",\"target\":[\"https:\\\/\\\/cvinoticias.com\\\/v3\\\/el-modelo-misionero-se-exporta-a-cordoba\\\/\"]}]},{\"@type\":\"ImageObject\",\"inLanguage\":\"es\",\"@id\":\"https:\\\/\\\/cvinoticias.com\\\/v3\\\/el-modelo-misionero-se-exporta-a-cordoba\\\/#primaryimage\",\"url\":\"https:\\\/\\\/cvinoticias.com\\\/wp-content\\\/uploads\\\/2023\\\/09\\\/IMG-20230915-WA1107.jpg\",\"contentUrl\":\"https:\\\/\\\/cvinoticias.com\\\/wp-content\\\/uploads\\\/2023\\\/09\\\/IMG-20230915-WA1107.jpg\",\"width\":823,\"height\":502},{\"@type\":\"BreadcrumbList\",\"@id\":\"https:\\\/\\\/cvinoticias.com\\\/v3\\\/el-modelo-misionero-se-exporta-a-cordoba\\\/#breadcrumb\",\"itemListElement\":[{\"@type\":\"ListItem\",\"position\":1,\"name\":\"Portada\",\"item\":\"https:\\\/\\\/cvinoticias.com\\\/v3\\\/\"},{\"@type\":\"ListItem\",\"position\":2,\"name\":\"El Modelo Misionero se exporta a C\u00f3rdoba\"}]},{\"@type\":\"WebSite\",\"@id\":\"https:\\\/\\\/cvinoticias.com\\\/v3\\\/#website\",\"url\":\"https:\\\/\\\/cvinoticias.com\\\/v3\\\/\",\"name\":\"CVI NOTICIAS\",\"description\":\"\",\"publisher\":{\"@id\":\"https:\\\/\\\/cvinoticias.com\\\/v3\\\/#organization\"},\"alternateName\":\"CVI\",\"potentialAction\":[{\"@type\":\"SearchAction\",\"target\":{\"@type\":\"EntryPoint\",\"urlTemplate\":\"https:\\\/\\\/cvinoticias.com\\\/v3\\\/?s={search_term_string}\"},\"query-input\":{\"@type\":\"PropertyValueSpecification\",\"valueRequired\":true,\"valueName\":\"search_term_string\"}}],\"inLanguage\":\"es\"},{\"@type\":\"Organization\",\"@id\":\"https:\\\/\\\/cvinoticias.com\\\/v3\\\/#organization\",\"name\":\"CVI NOTICIAS\",\"url\":\"https:\\\/\\\/cvinoticias.com\\\/v3\\\/\",\"logo\":{\"@type\":\"ImageObject\",\"inLanguage\":\"es\",\"@id\":\"https:\\\/\\\/cvinoticias.com\\\/v3\\\/#\\\/schema\\\/logo\\\/image\\\/\",\"url\":\"https:\\\/\\\/cvinoticias.com\\\/wp-content\\\/uploads\\\/2023\\\/04\\\/cropped-cropped-cropped-cropped-cropped-3-1.png\",\"contentUrl\":\"https:\\\/\\\/cvinoticias.com\\\/wp-content\\\/uploads\\\/2023\\\/04\\\/cropped-cropped-cropped-cropped-cropped-3-1.png\",\"width\":95,\"height\":122,\"caption\":\"CVI NOTICIAS\"},\"image\":{\"@id\":\"https:\\\/\\\/cvinoticias.com\\\/v3\\\/#\\\/schema\\\/logo\\\/image\\\/\"},\"sameAs\":[\"https:\\\/\\\/www.facebook.com\\\/cvinoticias\",\"https:\\\/\\\/www.instagram.com\\\/cvinoticias\\\/\",\"https:\\\/\\\/www.youtube.com\\\/@CVINOTICIAS\"]},{\"@type\":\"Person\",\"@id\":\"https:\\\/\\\/cvinoticias.com\\\/v3\\\/#\\\/schema\\\/person\\\/2db77e3c6bc03c538495d7b2b8be9b66\",\"name\":\"f1000024\",\"image\":{\"@type\":\"ImageObject\",\"inLanguage\":\"es\",\"@id\":\"https:\\\/\\\/secure.gravatar.com\\\/avatar\\\/d4fe7459cfc51ff5129ce1a732bbef5928568b8092d412ef95611616376bbeed?s=96&d=mm&r=g\",\"url\":\"https:\\\/\\\/secure.gravatar.com\\\/avatar\\\/d4fe7459cfc51ff5129ce1a732bbef5928568b8092d412ef95611616376bbeed?s=96&d=mm&r=g\",\"contentUrl\":\"https:\\\/\\\/secure.gravatar.com\\\/avatar\\\/d4fe7459cfc51ff5129ce1a732bbef5928568b8092d412ef95611616376bbeed?s=96&d=mm&r=g\",\"caption\":\"f1000024\"},\"url\":\"https:\\\/\\\/cvinoticias.com\\\/v3\\\/author\\\/f1000024\\\/\"}]}<\/script>\n<!-- \/ Yoast SEO plugin. -->","yoast_head_json":{"title":"El Modelo Misionero se exporta a C\u00f3rdoba | CVI NOTICIAS","robots":{"index":"index","follow":"follow","max-snippet":"max-snippet:-1","max-image-preview":"max-image-preview:large","max-video-preview":"max-video-preview:-1"},"canonical":"https:\/\/cvinoticias.com\/v3\/el-modelo-misionero-se-exporta-a-cordoba\/","og_locale":"es_ES","og_type":"article","og_title":"El Modelo Misionero se exporta a C\u00f3rdoba | CVI NOTICIAS","og_description":"En tiempos de refundaci\u00f3n de la matriz pol\u00edtica en la Argentina, cada vez m\u00e1s dirigentes posan los ojos en Misiones como modelo superador de la grieta. El flamante gobernador electo de C\u00f3rdoba Mart\u00edn Llaryora comienza a delinear las bases de un proyecto pol\u00edtico inspirado en el esquema dise\u00f1ado con visi\u00f3n estrat\u00e9gica por Carlos Rovira en [&hellip;]","og_url":"https:\/\/cvinoticias.com\/v3\/el-modelo-misionero-se-exporta-a-cordoba\/","og_site_name":"CVI NOTICIAS","article_publisher":"https:\/\/www.facebook.com\/cvinoticias","article_published_time":"2023-09-16T10:27:16+00:00","og_image":[{"width":823,"height":502,"url":"https:\/\/cvinoticias.com\/wp-content\/uploads\/2023\/09\/IMG-20230915-WA1107.jpg","type":"image\/jpeg"}],"author":"f1000024","twitter_card":"summary_large_image","twitter_misc":{"Escrito por":"f1000024","Tiempo de lectura":"7 minutos"},"schema":{"@context":"https:\/\/schema.org","@graph":[{"@type":"Article","@id":"https:\/\/cvinoticias.com\/v3\/el-modelo-misionero-se-exporta-a-cordoba\/#article","isPartOf":{"@id":"https:\/\/cvinoticias.com\/v3\/el-modelo-misionero-se-exporta-a-cordoba\/"},"author":{"name":"f1000024","@id":"https:\/\/cvinoticias.com\/v3\/#\/schema\/person\/2db77e3c6bc03c538495d7b2b8be9b66"},"headline":"El Modelo Misionero se exporta a C\u00f3rdoba","datePublished":"2023-09-16T10:27:16+00:00","mainEntityOfPage":{"@id":"https:\/\/cvinoticias.com\/v3\/el-modelo-misionero-se-exporta-a-cordoba\/"},"wordCount":1412,"commentCount":0,"publisher":{"@id":"https:\/\/cvinoticias.com\/v3\/#organization"},"image":{"@id":"https:\/\/cvinoticias.com\/v3\/el-modelo-misionero-se-exporta-a-cordoba\/#primaryimage"},"thumbnailUrl":"https:\/\/cvinoticias.com\/wp-content\/uploads\/2023\/09\/IMG-20230915-WA1107.jpg","articleSection":["Politica"],"inLanguage":"es","potentialAction":[{"@type":"CommentAction","name":"Comment","target":["https:\/\/cvinoticias.com\/v3\/el-modelo-misionero-se-exporta-a-cordoba\/#respond"]}]},{"@type":"WebPage","@id":"https:\/\/cvinoticias.com\/v3\/el-modelo-misionero-se-exporta-a-cordoba\/","url":"https:\/\/cvinoticias.com\/v3\/el-modelo-misionero-se-exporta-a-cordoba\/","name":"El Modelo Misionero se exporta a C\u00f3rdoba | CVI NOTICIAS","isPartOf":{"@id":"https:\/\/cvinoticias.com\/v3\/#website"},"primaryImageOfPage":{"@id":"https:\/\/cvinoticias.com\/v3\/el-modelo-misionero-se-exporta-a-cordoba\/#primaryimage"},"image":{"@id":"https:\/\/cvinoticias.com\/v3\/el-modelo-misionero-se-exporta-a-cordoba\/#primaryimage"},"thumbnailUrl":"https:\/\/cvinoticias.com\/wp-content\/uploads\/2023\/09\/IMG-20230915-WA1107.jpg","datePublished":"2023-09-16T10:27:16+00:00","breadcrumb":{"@id":"https:\/\/cvinoticias.com\/v3\/el-modelo-misionero-se-exporta-a-cordoba\/#breadcrumb"},"inLanguage":"es","potentialAction":[{"@type":"ReadAction","target":["https:\/\/cvinoticias.com\/v3\/el-modelo-misionero-se-exporta-a-cordoba\/"]}]},{"@type":"ImageObject","inLanguage":"es","@id":"https:\/\/cvinoticias.com\/v3\/el-modelo-misionero-se-exporta-a-cordoba\/#primaryimage","url":"https:\/\/cvinoticias.com\/wp-content\/uploads\/2023\/09\/IMG-20230915-WA1107.jpg","contentUrl":"https:\/\/cvinoticias.com\/wp-content\/uploads\/2023\/09\/IMG-20230915-WA1107.jpg","width":823,"height":502},{"@type":"BreadcrumbList","@id":"https:\/\/cvinoticias.com\/v3\/el-modelo-misionero-se-exporta-a-cordoba\/#breadcrumb","itemListElement":[{"@type":"ListItem","position":1,"name":"Portada","item":"https:\/\/cvinoticias.com\/v3\/"},{"@type":"ListItem","position":2,"name":"El Modelo Misionero se exporta a C\u00f3rdoba"}]},{"@type":"WebSite","@id":"https:\/\/cvinoticias.com\/v3\/#website","url":"https:\/\/cvinoticias.com\/v3\/","name":"CVI NOTICIAS","description":"","publisher":{"@id":"https:\/\/cvinoticias.com\/v3\/#organization"},"alternateName":"CVI","potentialAction":[{"@type":"SearchAction","target":{"@type":"EntryPoint","urlTemplate":"https:\/\/cvinoticias.com\/v3\/?s={search_term_string}"},"query-input":{"@type":"PropertyValueSpecification","valueRequired":true,"valueName":"search_term_string"}}],"inLanguage":"es"},{"@type":"Organization","@id":"https:\/\/cvinoticias.com\/v3\/#organization","name":"CVI NOTICIAS","url":"https:\/\/cvinoticias.com\/v3\/","logo":{"@type":"ImageObject","inLanguage":"es","@id":"https:\/\/cvinoticias.com\/v3\/#\/schema\/logo\/image\/","url":"https:\/\/cvinoticias.com\/wp-content\/uploads\/2023\/04\/cropped-cropped-cropped-cropped-cropped-3-1.png","contentUrl":"https:\/\/cvinoticias.com\/wp-content\/uploads\/2023\/04\/cropped-cropped-cropped-cropped-cropped-3-1.png","width":95,"height":122,"caption":"CVI NOTICIAS"},"image":{"@id":"https:\/\/cvinoticias.com\/v3\/#\/schema\/logo\/image\/"},"sameAs":["https:\/\/www.facebook.com\/cvinoticias","https:\/\/www.instagram.com\/cvinoticias\/","https:\/\/www.youtube.com\/@CVINOTICIAS"]},{"@type":"Person","@id":"https:\/\/cvinoticias.com\/v3\/#\/schema\/person\/2db77e3c6bc03c538495d7b2b8be9b66","name":"f1000024","image":{"@type":"ImageObject","inLanguage":"es","@id":"https:\/\/secure.gravatar.com\/avatar\/d4fe7459cfc51ff5129ce1a732bbef5928568b8092d412ef95611616376bbeed?s=96&d=mm&r=g","url":"https:\/\/secure.gravatar.com\/avatar\/d4fe7459cfc51ff5129ce1a732bbef5928568b8092d412ef95611616376bbeed?s=96&d=mm&r=g","contentUrl":"https:\/\/secure.gravatar.com\/avatar\/d4fe7459cfc51ff5129ce1a732bbef5928568b8092d412ef95611616376bbeed?s=96&d=mm&r=g","caption":"f1000024"},"url":"https:\/\/cvinoticias.com\/v3\/author\/f1000024\/"}]}},"_links":{"self":[{"href":"https:\/\/cvinoticias.com\/v3\/wp-json\/wp\/v2\/posts\/28056","targetHints":{"allow":["GET"]}}],"collection":[{"href":"https:\/\/cvinoticias.com\/v3\/wp-json\/wp\/v2\/posts"}],"about":[{"href":"https:\/\/cvinoticias.com\/v3\/wp-json\/wp\/v2\/types\/post"}],"author":[{"embeddable":true,"href":"https:\/\/cvinoticias.com\/v3\/wp-json\/wp\/v2\/users\/2"}],"replies":[{"embeddable":true,"href":"https:\/\/cvinoticias.com\/v3\/wp-json\/wp\/v2\/comments?post=28056"}],"version-history":[{"count":1,"href":"https:\/\/cvinoticias.com\/v3\/wp-json\/wp\/v2\/posts\/28056\/revisions"}],"predecessor-version":[{"id":28058,"href":"https:\/\/cvinoticias.com\/v3\/wp-json\/wp\/v2\/posts\/28056\/revisions\/28058"}],"wp:featuredmedia":[{"embeddable":true,"href":"https:\/\/cvinoticias.com\/v3\/wp-json\/wp\/v2\/media\/28057"}],"wp:attachment":[{"href":"https:\/\/cvinoticias.com\/v3\/wp-json\/wp\/v2\/media?parent=28056"}],"wp:term":[{"taxonomy":"category","embeddable":true,"href":"https:\/\/cvinoticias.com\/v3\/wp-json\/wp\/v2\/categories?post=28056"},{"taxonomy":"post_tag","embeddable":true,"href":"https:\/\/cvinoticias.com\/v3\/wp-json\/wp\/v2\/tags?post=28056"}],"curies":[{"name":"wp","href":"https:\/\/api.w.org\/{rel}","templated":true}]}}