{"id":28040,"date":"2023-09-15T11:37:54","date_gmt":"2023-09-15T11:37:54","guid":{"rendered":"https:\/\/cvinoticias.com\/v3\/?p=28040"},"modified":"2023-09-15T11:37:54","modified_gmt":"2023-09-15T11:37:54","slug":"massa-envia-el-presupuesto-2024-al-congreso-y-sera-debatido-despues-de-las-elecciones","status":"publish","type":"post","link":"https:\/\/cvinoticias.com\/v3\/massa-envia-el-presupuesto-2024-al-congreso-y-sera-debatido-despues-de-las-elecciones\/","title":{"rendered":"Massa env\u00eda el presupuesto 2024 al Congreso y ser\u00e1 debatido despu\u00e9s de las elecciones"},"content":{"rendered":"\n<p><strong><em>El ministro de Econom\u00eda, Sergio Massa, enviar\u00e1 hoy al Congreso el proyecto de Ley de Presupuesto 2024, tal como lo establece la ley de Administraci\u00f3n Financiera.<\/em><\/strong><\/p>\n\n\n\n<p>\u201cMa\u00f1ana (por hoy) estamos mandando el presupuesto nacional\u201d al Congreso, afirm\u00f3 ayer el tambi\u00e9n candidato presidencial de Uni\u00f3n por la Patria (UxP) durante su visita a la provincia de La Rioja.<\/p>\n\n\n\n<p>De esta manera, el oficialismo ratific\u00f3 que presentar\u00e1 \u201cen tiempo y forma\u201d el proyecto, que establecer\u00e1 los recursos, las fuentes de financiamiento y los gastos de los que dispondr\u00e1 la administraci\u00f3n p\u00fablica nacional para el a\u00f1o pr\u00f3ximo.<\/p>\n\n\n\n<p>La presentaci\u00f3n de la iniciativa en la mesa de entradas de Diputados podr\u00e1 ser \u201cen cualquier hora\u201d de la jornada, precisaron fuentes oficiales cercanas al ministro. Sin embargo, agregaron que el tratamiento del proyecto se postergar\u00e1 \u201chasta despu\u00e9s de las elecciones\u201d.<\/p>\n\n\n\n<p>\u201cNo vamos a someter a La Rioja de vuelta a la discusi\u00f3n de todos los a\u00f1os alrededor de los fondos extracoparticipables. Hemos incrementado en el proyecto de presupuesto el 100% de los fondos de la provincia de la Rioja\u201d, anunci\u00f3 Massa durante un encuentro realizado en dicha provincia, ante m\u00e1s de 100 empresarios, que cont\u00f3 tambi\u00e9n con la presencia del gobernador de Ricardo Quintela<\/p>\n\n\n\n<p>La ley de Administraci\u00f3n Financiera establece que cada 15 de setiembre el Gobierno debe presentar el presupuesto del per\u00edodo del a\u00f1o pr\u00f3ximo, para luego garantizar su tratamiento y ser votado en el Congreso.<\/p>\n\n\n\n<p>En esta oportunidad, el candidato presidencial de La Liberad Avanza, Javier Milei, solicit\u00f3 al oficialismo en una carta enviada el lunes \u00faltimo que se postergue la presentaci\u00f3n del Presupuesto para despu\u00e9s de las elecciones del 22 de octubre.<\/p>\n\n\n\n<p>Desde el Gobierno aseguraron que \u201ces razonable el pedido de Milei porque plantea que el pr\u00f3ximo presidente debe tener la posibilidad de redise\u00f1ar su propio Presupuesto con el que gobernar\u00e1, pero se debe cumplir con la ley\u201d. \u201cPor eso, es l\u00f3gico que se presente el Presupuesto 2024 este viernes y luego se espere para tratarlo a que se conozca cu\u00e1l ser\u00e1 el pr\u00f3ximo presidente que elija la gente en las urnas\u201c, agregaron.<\/p>\n","protected":false},"excerpt":{"rendered":"<p>El ministro de Econom\u00eda, Sergio Massa, enviar\u00e1 hoy al Congreso el proyecto de Ley de Presupuesto 2024, tal como lo establece la ley de Administraci\u00f3n Financiera. \u201cMa\u00f1ana (por hoy) estamos mandando el presupuesto nacional\u201d al Congreso, afirm\u00f3 ayer el tambi\u00e9n candidato presidencial de Uni\u00f3n por la Patria (UxP) durante su visita a la provincia de [&hellip;]<\/p>\n","protected":false},"author":2,"featured_media":28041,"comment_status":"open","ping_status":"open","sticky":false,"template":"","format":"standard","meta":{"footnotes":""},"categories":[42],"tags":[],"class_list":["post-28040","post","type-post","status-publish","format-standard","has-post-thumbnail","hentry","category-politica"],"yoast_head":"<!-- This site is optimized with the Yoast SEO plugin v27.5 - https:\/\/yoast.com\/product\/yoast-seo-wordpress\/ -->\n<title>Massa env\u00eda el presupuesto 2024 al Congreso y ser\u00e1 debatido despu\u00e9s de las elecciones | CVI NOTICIAS<\/title>\n<meta name=\"robots\" content=\"index, follow, max-snippet:-1, max-image-preview:large, max-video-preview:-1\" \/>\n<link rel=\"canonical\" href=\"https:\/\/cvinoticias.com\/v3\/massa-envia-el-presupuesto-2024-al-congreso-y-sera-debatido-despues-de-las-elecciones\/\" \/>\n<meta property=\"og:locale\" content=\"es_ES\" \/>\n<meta property=\"og:type\" content=\"article\" \/>\n<meta property=\"og:title\" content=\"Massa env\u00eda el presupuesto 2024 al Congreso y ser\u00e1 debatido despu\u00e9s de las elecciones | CVI NOTICIAS\" \/>\n<meta property=\"og:description\" content=\"El ministro de Econom\u00eda, Sergio Massa, enviar\u00e1 hoy al Congreso el proyecto de Ley de Presupuesto 2024, tal como lo establece la ley de Administraci\u00f3n Financiera. \u201cMa\u00f1ana (por hoy) estamos mandando el presupuesto nacional\u201d al Congreso, afirm\u00f3 ayer el tambi\u00e9n candidato presidencial de Uni\u00f3n por la Patria (UxP) durante su visita a la provincia de [&hellip;]\" \/>\n<meta property=\"og:url\" content=\"https:\/\/cvinoticias.com\/v3\/massa-envia-el-presupuesto-2024-al-congreso-y-sera-debatido-despues-de-las-elecciones\/\" \/>\n<meta property=\"og:site_name\" content=\"CVI NOTICIAS\" \/>\n<meta property=\"article:publisher\" content=\"https:\/\/www.facebook.com\/cvinoticias\" \/>\n<meta property=\"article:published_time\" content=\"2023-09-15T11:37:54+00:00\" \/>\n<meta property=\"og:image\" content=\"https:\/\/cvinoticias.com\/wp-content\/uploads\/2023\/09\/massa-4-1080x608-1.jpg\" \/>\n\t<meta property=\"og:image:width\" content=\"1080\" \/>\n\t<meta property=\"og:image:height\" content=\"608\" \/>\n\t<meta property=\"og:image:type\" content=\"image\/jpeg\" \/>\n<meta name=\"author\" content=\"f1000024\" \/>\n<meta name=\"twitter:card\" content=\"summary_large_image\" \/>\n<meta name=\"twitter:label1\" content=\"Escrito por\" \/>\n\t<meta name=\"twitter:data1\" content=\"f1000024\" \/>\n\t<meta name=\"twitter:label2\" content=\"Tiempo de lectura\" \/>\n\t<meta name=\"twitter:data2\" content=\"2 minutos\" \/>\n<script type=\"application\/ld+json\" class=\"yoast-schema-graph\">{\"@context\":\"https:\\\/\\\/schema.org\",\"@graph\":[{\"@type\":\"Article\",\"@id\":\"https:\\\/\\\/cvinoticias.com\\\/v3\\\/massa-envia-el-presupuesto-2024-al-congreso-y-sera-debatido-despues-de-las-elecciones\\\/#article\",\"isPartOf\":{\"@id\":\"https:\\\/\\\/cvinoticias.com\\\/v3\\\/massa-envia-el-presupuesto-2024-al-congreso-y-sera-debatido-despues-de-las-elecciones\\\/\"},\"author\":{\"name\":\"f1000024\",\"@id\":\"https:\\\/\\\/cvinoticias.com\\\/v3\\\/#\\\/schema\\\/person\\\/2db77e3c6bc03c538495d7b2b8be9b66\"},\"headline\":\"Massa env\u00eda el presupuesto 2024 al Congreso y ser\u00e1 debatido despu\u00e9s de las elecciones\",\"datePublished\":\"2023-09-15T11:37:54+00:00\",\"mainEntityOfPage\":{\"@id\":\"https:\\\/\\\/cvinoticias.com\\\/v3\\\/massa-envia-el-presupuesto-2024-al-congreso-y-sera-debatido-despues-de-las-elecciones\\\/\"},\"wordCount\":377,\"commentCount\":0,\"publisher\":{\"@id\":\"https:\\\/\\\/cvinoticias.com\\\/v3\\\/#organization\"},\"image\":{\"@id\":\"https:\\\/\\\/cvinoticias.com\\\/v3\\\/massa-envia-el-presupuesto-2024-al-congreso-y-sera-debatido-despues-de-las-elecciones\\\/#primaryimage\"},\"thumbnailUrl\":\"https:\\\/\\\/cvinoticias.com\\\/wp-content\\\/uploads\\\/2023\\\/09\\\/massa-4-1080x608-1.jpg\",\"articleSection\":[\"Politica\"],\"inLanguage\":\"es\",\"potentialAction\":[{\"@type\":\"CommentAction\",\"name\":\"Comment\",\"target\":[\"https:\\\/\\\/cvinoticias.com\\\/v3\\\/massa-envia-el-presupuesto-2024-al-congreso-y-sera-debatido-despues-de-las-elecciones\\\/#respond\"]}]},{\"@type\":\"WebPage\",\"@id\":\"https:\\\/\\\/cvinoticias.com\\\/v3\\\/massa-envia-el-presupuesto-2024-al-congreso-y-sera-debatido-despues-de-las-elecciones\\\/\",\"url\":\"https:\\\/\\\/cvinoticias.com\\\/v3\\\/massa-envia-el-presupuesto-2024-al-congreso-y-sera-debatido-despues-de-las-elecciones\\\/\",\"name\":\"Massa env\u00eda el presupuesto 2024 al Congreso y ser\u00e1 debatido despu\u00e9s de las elecciones | CVI NOTICIAS\",\"isPartOf\":{\"@id\":\"https:\\\/\\\/cvinoticias.com\\\/v3\\\/#website\"},\"primaryImageOfPage\":{\"@id\":\"https:\\\/\\\/cvinoticias.com\\\/v3\\\/massa-envia-el-presupuesto-2024-al-congreso-y-sera-debatido-despues-de-las-elecciones\\\/#primaryimage\"},\"image\":{\"@id\":\"https:\\\/\\\/cvinoticias.com\\\/v3\\\/massa-envia-el-presupuesto-2024-al-congreso-y-sera-debatido-despues-de-las-elecciones\\\/#primaryimage\"},\"thumbnailUrl\":\"https:\\\/\\\/cvinoticias.com\\\/wp-content\\\/uploads\\\/2023\\\/09\\\/massa-4-1080x608-1.jpg\",\"datePublished\":\"2023-09-15T11:37:54+00:00\",\"breadcrumb\":{\"@id\":\"https:\\\/\\\/cvinoticias.com\\\/v3\\\/massa-envia-el-presupuesto-2024-al-congreso-y-sera-debatido-despues-de-las-elecciones\\\/#breadcrumb\"},\"inLanguage\":\"es\",\"potentialAction\":[{\"@type\":\"ReadAction\",\"target\":[\"https:\\\/\\\/cvinoticias.com\\\/v3\\\/massa-envia-el-presupuesto-2024-al-congreso-y-sera-debatido-despues-de-las-elecciones\\\/\"]}]},{\"@type\":\"ImageObject\",\"inLanguage\":\"es\",\"@id\":\"https:\\\/\\\/cvinoticias.com\\\/v3\\\/massa-envia-el-presupuesto-2024-al-congreso-y-sera-debatido-despues-de-las-elecciones\\\/#primaryimage\",\"url\":\"https:\\\/\\\/cvinoticias.com\\\/wp-content\\\/uploads\\\/2023\\\/09\\\/massa-4-1080x608-1.jpg\",\"contentUrl\":\"https:\\\/\\\/cvinoticias.com\\\/wp-content\\\/uploads\\\/2023\\\/09\\\/massa-4-1080x608-1.jpg\",\"width\":1080,\"height\":608},{\"@type\":\"BreadcrumbList\",\"@id\":\"https:\\\/\\\/cvinoticias.com\\\/v3\\\/massa-envia-el-presupuesto-2024-al-congreso-y-sera-debatido-despues-de-las-elecciones\\\/#breadcrumb\",\"itemListElement\":[{\"@type\":\"ListItem\",\"position\":1,\"name\":\"Portada\",\"item\":\"https:\\\/\\\/cvinoticias.com\\\/v3\\\/\"},{\"@type\":\"ListItem\",\"position\":2,\"name\":\"Massa env\u00eda el presupuesto 2024 al Congreso y ser\u00e1 debatido despu\u00e9s de las elecciones\"}]},{\"@type\":\"WebSite\",\"@id\":\"https:\\\/\\\/cvinoticias.com\\\/v3\\\/#website\",\"url\":\"https:\\\/\\\/cvinoticias.com\\\/v3\\\/\",\"name\":\"CVI NOTICIAS\",\"description\":\"\",\"publisher\":{\"@id\":\"https:\\\/\\\/cvinoticias.com\\\/v3\\\/#organization\"},\"alternateName\":\"CVI\",\"potentialAction\":[{\"@type\":\"SearchAction\",\"target\":{\"@type\":\"EntryPoint\",\"urlTemplate\":\"https:\\\/\\\/cvinoticias.com\\\/v3\\\/?s={search_term_string}\"},\"query-input\":{\"@type\":\"PropertyValueSpecification\",\"valueRequired\":true,\"valueName\":\"search_term_string\"}}],\"inLanguage\":\"es\"},{\"@type\":\"Organization\",\"@id\":\"https:\\\/\\\/cvinoticias.com\\\/v3\\\/#organization\",\"name\":\"CVI NOTICIAS\",\"url\":\"https:\\\/\\\/cvinoticias.com\\\/v3\\\/\",\"logo\":{\"@type\":\"ImageObject\",\"inLanguage\":\"es\",\"@id\":\"https:\\\/\\\/cvinoticias.com\\\/v3\\\/#\\\/schema\\\/logo\\\/image\\\/\",\"url\":\"https:\\\/\\\/cvinoticias.com\\\/wp-content\\\/uploads\\\/2023\\\/04\\\/cropped-cropped-cropped-cropped-cropped-3-1.png\",\"contentUrl\":\"https:\\\/\\\/cvinoticias.com\\\/wp-content\\\/uploads\\\/2023\\\/04\\\/cropped-cropped-cropped-cropped-cropped-3-1.png\",\"width\":95,\"height\":122,\"caption\":\"CVI NOTICIAS\"},\"image\":{\"@id\":\"https:\\\/\\\/cvinoticias.com\\\/v3\\\/#\\\/schema\\\/logo\\\/image\\\/\"},\"sameAs\":[\"https:\\\/\\\/www.facebook.com\\\/cvinoticias\",\"https:\\\/\\\/www.instagram.com\\\/cvinoticias\\\/\",\"https:\\\/\\\/www.youtube.com\\\/@CVINOTICIAS\"]},{\"@type\":\"Person\",\"@id\":\"https:\\\/\\\/cvinoticias.com\\\/v3\\\/#\\\/schema\\\/person\\\/2db77e3c6bc03c538495d7b2b8be9b66\",\"name\":\"f1000024\",\"image\":{\"@type\":\"ImageObject\",\"inLanguage\":\"es\",\"@id\":\"https:\\\/\\\/secure.gravatar.com\\\/avatar\\\/d4fe7459cfc51ff5129ce1a732bbef5928568b8092d412ef95611616376bbeed?s=96&d=mm&r=g\",\"url\":\"https:\\\/\\\/secure.gravatar.com\\\/avatar\\\/d4fe7459cfc51ff5129ce1a732bbef5928568b8092d412ef95611616376bbeed?s=96&d=mm&r=g\",\"contentUrl\":\"https:\\\/\\\/secure.gravatar.com\\\/avatar\\\/d4fe7459cfc51ff5129ce1a732bbef5928568b8092d412ef95611616376bbeed?s=96&d=mm&r=g\",\"caption\":\"f1000024\"},\"url\":\"https:\\\/\\\/cvinoticias.com\\\/v3\\\/author\\\/f1000024\\\/\"}]}<\/script>\n<!-- \/ Yoast SEO plugin. -->","yoast_head_json":{"title":"Massa env\u00eda el presupuesto 2024 al Congreso y ser\u00e1 debatido despu\u00e9s de las elecciones | CVI NOTICIAS","robots":{"index":"index","follow":"follow","max-snippet":"max-snippet:-1","max-image-preview":"max-image-preview:large","max-video-preview":"max-video-preview:-1"},"canonical":"https:\/\/cvinoticias.com\/v3\/massa-envia-el-presupuesto-2024-al-congreso-y-sera-debatido-despues-de-las-elecciones\/","og_locale":"es_ES","og_type":"article","og_title":"Massa env\u00eda el presupuesto 2024 al Congreso y ser\u00e1 debatido despu\u00e9s de las elecciones | CVI NOTICIAS","og_description":"El ministro de Econom\u00eda, Sergio Massa, enviar\u00e1 hoy al Congreso el proyecto de Ley de Presupuesto 2024, tal como lo establece la ley de Administraci\u00f3n Financiera. \u201cMa\u00f1ana (por hoy) estamos mandando el presupuesto nacional\u201d al Congreso, afirm\u00f3 ayer el tambi\u00e9n candidato presidencial de Uni\u00f3n por la Patria (UxP) durante su visita a la provincia de [&hellip;]","og_url":"https:\/\/cvinoticias.com\/v3\/massa-envia-el-presupuesto-2024-al-congreso-y-sera-debatido-despues-de-las-elecciones\/","og_site_name":"CVI NOTICIAS","article_publisher":"https:\/\/www.facebook.com\/cvinoticias","article_published_time":"2023-09-15T11:37:54+00:00","og_image":[{"width":1080,"height":608,"url":"https:\/\/cvinoticias.com\/wp-content\/uploads\/2023\/09\/massa-4-1080x608-1.jpg","type":"image\/jpeg"}],"author":"f1000024","twitter_card":"summary_large_image","twitter_misc":{"Escrito por":"f1000024","Tiempo de lectura":"2 minutos"},"schema":{"@context":"https:\/\/schema.org","@graph":[{"@type":"Article","@id":"https:\/\/cvinoticias.com\/v3\/massa-envia-el-presupuesto-2024-al-congreso-y-sera-debatido-despues-de-las-elecciones\/#article","isPartOf":{"@id":"https:\/\/cvinoticias.com\/v3\/massa-envia-el-presupuesto-2024-al-congreso-y-sera-debatido-despues-de-las-elecciones\/"},"author":{"name":"f1000024","@id":"https:\/\/cvinoticias.com\/v3\/#\/schema\/person\/2db77e3c6bc03c538495d7b2b8be9b66"},"headline":"Massa env\u00eda el presupuesto 2024 al Congreso y ser\u00e1 debatido despu\u00e9s de las elecciones","datePublished":"2023-09-15T11:37:54+00:00","mainEntityOfPage":{"@id":"https:\/\/cvinoticias.com\/v3\/massa-envia-el-presupuesto-2024-al-congreso-y-sera-debatido-despues-de-las-elecciones\/"},"wordCount":377,"commentCount":0,"publisher":{"@id":"https:\/\/cvinoticias.com\/v3\/#organization"},"image":{"@id":"https:\/\/cvinoticias.com\/v3\/massa-envia-el-presupuesto-2024-al-congreso-y-sera-debatido-despues-de-las-elecciones\/#primaryimage"},"thumbnailUrl":"https:\/\/cvinoticias.com\/wp-content\/uploads\/2023\/09\/massa-4-1080x608-1.jpg","articleSection":["Politica"],"inLanguage":"es","potentialAction":[{"@type":"CommentAction","name":"Comment","target":["https:\/\/cvinoticias.com\/v3\/massa-envia-el-presupuesto-2024-al-congreso-y-sera-debatido-despues-de-las-elecciones\/#respond"]}]},{"@type":"WebPage","@id":"https:\/\/cvinoticias.com\/v3\/massa-envia-el-presupuesto-2024-al-congreso-y-sera-debatido-despues-de-las-elecciones\/","url":"https:\/\/cvinoticias.com\/v3\/massa-envia-el-presupuesto-2024-al-congreso-y-sera-debatido-despues-de-las-elecciones\/","name":"Massa env\u00eda el presupuesto 2024 al Congreso y ser\u00e1 debatido despu\u00e9s de las elecciones | CVI NOTICIAS","isPartOf":{"@id":"https:\/\/cvinoticias.com\/v3\/#website"},"primaryImageOfPage":{"@id":"https:\/\/cvinoticias.com\/v3\/massa-envia-el-presupuesto-2024-al-congreso-y-sera-debatido-despues-de-las-elecciones\/#primaryimage"},"image":{"@id":"https:\/\/cvinoticias.com\/v3\/massa-envia-el-presupuesto-2024-al-congreso-y-sera-debatido-despues-de-las-elecciones\/#primaryimage"},"thumbnailUrl":"https:\/\/cvinoticias.com\/wp-content\/uploads\/2023\/09\/massa-4-1080x608-1.jpg","datePublished":"2023-09-15T11:37:54+00:00","breadcrumb":{"@id":"https:\/\/cvinoticias.com\/v3\/massa-envia-el-presupuesto-2024-al-congreso-y-sera-debatido-despues-de-las-elecciones\/#breadcrumb"},"inLanguage":"es","potentialAction":[{"@type":"ReadAction","target":["https:\/\/cvinoticias.com\/v3\/massa-envia-el-presupuesto-2024-al-congreso-y-sera-debatido-despues-de-las-elecciones\/"]}]},{"@type":"ImageObject","inLanguage":"es","@id":"https:\/\/cvinoticias.com\/v3\/massa-envia-el-presupuesto-2024-al-congreso-y-sera-debatido-despues-de-las-elecciones\/#primaryimage","url":"https:\/\/cvinoticias.com\/wp-content\/uploads\/2023\/09\/massa-4-1080x608-1.jpg","contentUrl":"https:\/\/cvinoticias.com\/wp-content\/uploads\/2023\/09\/massa-4-1080x608-1.jpg","width":1080,"height":608},{"@type":"BreadcrumbList","@id":"https:\/\/cvinoticias.com\/v3\/massa-envia-el-presupuesto-2024-al-congreso-y-sera-debatido-despues-de-las-elecciones\/#breadcrumb","itemListElement":[{"@type":"ListItem","position":1,"name":"Portada","item":"https:\/\/cvinoticias.com\/v3\/"},{"@type":"ListItem","position":2,"name":"Massa env\u00eda el presupuesto 2024 al Congreso y ser\u00e1 debatido despu\u00e9s de las elecciones"}]},{"@type":"WebSite","@id":"https:\/\/cvinoticias.com\/v3\/#website","url":"https:\/\/cvinoticias.com\/v3\/","name":"CVI NOTICIAS","description":"","publisher":{"@id":"https:\/\/cvinoticias.com\/v3\/#organization"},"alternateName":"CVI","potentialAction":[{"@type":"SearchAction","target":{"@type":"EntryPoint","urlTemplate":"https:\/\/cvinoticias.com\/v3\/?s={search_term_string}"},"query-input":{"@type":"PropertyValueSpecification","valueRequired":true,"valueName":"search_term_string"}}],"inLanguage":"es"},{"@type":"Organization","@id":"https:\/\/cvinoticias.com\/v3\/#organization","name":"CVI NOTICIAS","url":"https:\/\/cvinoticias.com\/v3\/","logo":{"@type":"ImageObject","inLanguage":"es","@id":"https:\/\/cvinoticias.com\/v3\/#\/schema\/logo\/image\/","url":"https:\/\/cvinoticias.com\/wp-content\/uploads\/2023\/04\/cropped-cropped-cropped-cropped-cropped-3-1.png","contentUrl":"https:\/\/cvinoticias.com\/wp-content\/uploads\/2023\/04\/cropped-cropped-cropped-cropped-cropped-3-1.png","width":95,"height":122,"caption":"CVI NOTICIAS"},"image":{"@id":"https:\/\/cvinoticias.com\/v3\/#\/schema\/logo\/image\/"},"sameAs":["https:\/\/www.facebook.com\/cvinoticias","https:\/\/www.instagram.com\/cvinoticias\/","https:\/\/www.youtube.com\/@CVINOTICIAS"]},{"@type":"Person","@id":"https:\/\/cvinoticias.com\/v3\/#\/schema\/person\/2db77e3c6bc03c538495d7b2b8be9b66","name":"f1000024","image":{"@type":"ImageObject","inLanguage":"es","@id":"https:\/\/secure.gravatar.com\/avatar\/d4fe7459cfc51ff5129ce1a732bbef5928568b8092d412ef95611616376bbeed?s=96&d=mm&r=g","url":"https:\/\/secure.gravatar.com\/avatar\/d4fe7459cfc51ff5129ce1a732bbef5928568b8092d412ef95611616376bbeed?s=96&d=mm&r=g","contentUrl":"https:\/\/secure.gravatar.com\/avatar\/d4fe7459cfc51ff5129ce1a732bbef5928568b8092d412ef95611616376bbeed?s=96&d=mm&r=g","caption":"f1000024"},"url":"https:\/\/cvinoticias.com\/v3\/author\/f1000024\/"}]}},"_links":{"self":[{"href":"https:\/\/cvinoticias.com\/v3\/wp-json\/wp\/v2\/posts\/28040","targetHints":{"allow":["GET"]}}],"collection":[{"href":"https:\/\/cvinoticias.com\/v3\/wp-json\/wp\/v2\/posts"}],"about":[{"href":"https:\/\/cvinoticias.com\/v3\/wp-json\/wp\/v2\/types\/post"}],"author":[{"embeddable":true,"href":"https:\/\/cvinoticias.com\/v3\/wp-json\/wp\/v2\/users\/2"}],"replies":[{"embeddable":true,"href":"https:\/\/cvinoticias.com\/v3\/wp-json\/wp\/v2\/comments?post=28040"}],"version-history":[{"count":1,"href":"https:\/\/cvinoticias.com\/v3\/wp-json\/wp\/v2\/posts\/28040\/revisions"}],"predecessor-version":[{"id":28042,"href":"https:\/\/cvinoticias.com\/v3\/wp-json\/wp\/v2\/posts\/28040\/revisions\/28042"}],"wp:featuredmedia":[{"embeddable":true,"href":"https:\/\/cvinoticias.com\/v3\/wp-json\/wp\/v2\/media\/28041"}],"wp:attachment":[{"href":"https:\/\/cvinoticias.com\/v3\/wp-json\/wp\/v2\/media?parent=28040"}],"wp:term":[{"taxonomy":"category","embeddable":true,"href":"https:\/\/cvinoticias.com\/v3\/wp-json\/wp\/v2\/categories?post=28040"},{"taxonomy":"post_tag","embeddable":true,"href":"https:\/\/cvinoticias.com\/v3\/wp-json\/wp\/v2\/tags?post=28040"}],"curies":[{"name":"wp","href":"https:\/\/api.w.org\/{rel}","templated":true}]}}