{"id":27968,"date":"2023-09-13T14:25:43","date_gmt":"2023-09-13T14:25:43","guid":{"rendered":"https:\/\/cvinoticias.com\/v3\/?p=27968"},"modified":"2023-09-13T14:25:43","modified_gmt":"2023-09-13T14:25:43","slug":"iguazu-charla-hablemos-del-suicidio-hablar-es-la-mejor-solucion-en-el-iturem","status":"publish","type":"post","link":"https:\/\/cvinoticias.com\/v3\/iguazu-charla-hablemos-del-suicidio-hablar-es-la-mejor-solucion-en-el-iturem\/","title":{"rendered":"Iguaz\u00fa: Charla \u00abHablemos del Suicidio, hablar es la mejor soluci\u00f3n\u00bb en el Iturem"},"content":{"rendered":"\n<p><strong><em>En el marco del mes de septiembre Mes Amarillo, mes de la prevenci\u00f3n del suicidio, se est\u00e1 desarrollando en las instalaciones del Iturem una charla bajo el lema \u00abHablemos del Suicidio, hablar es la mejor soluci\u00f3n\u00bb .<\/em><\/strong><\/p>\n\n\n\n<p>Con un p\u00fablico n\u00fameroso y la presencia de funcionarios p\u00fablicos, fuerzas de seguridad, personal de salud, alumnos de diferentes instituciones p\u00fablicas y privadas; las psic\u00f3logas<br>Nancy Almir\u00f3n y Luciana Salvador llevan adelante esta charla de prevenci\u00f3n con el objetivo de concienciar que el suicidio puede prevenirse hasta en un 90%.<\/p>\n\n\n\n<figure class=\"wp-block-image size-large\"><a href=\"https:\/\/cvinoticias.com\/wp-content\/uploads\/2023\/09\/IMG-20230913-WA0113.jpg\"><img decoding=\"async\" width=\"1024\" height=\"461\" data-src=\"https:\/\/cvinoticias.com\/wp-content\/uploads\/2023\/09\/IMG-20230913-WA0113-1024x461.jpg\" alt=\"\" class=\"wp-image-27969 lazyload\" data-srcset=\"https:\/\/cvinoticias.com\/wp-content\/uploads\/2023\/09\/IMG-20230913-WA0113-1024x461.jpg 1024w, https:\/\/cvinoticias.com\/wp-content\/uploads\/2023\/09\/IMG-20230913-WA0113-300x135.jpg 300w, https:\/\/cvinoticias.com\/wp-content\/uploads\/2023\/09\/IMG-20230913-WA0113-768x346.jpg 768w, https:\/\/cvinoticias.com\/wp-content\/uploads\/2023\/09\/IMG-20230913-WA0113.jpg 1280w\" data-sizes=\"(max-width: 1024px) 100vw, 1024px\" src=\"data:image\/svg+xml;base64,PHN2ZyB3aWR0aD0iMSIgaGVpZ2h0PSIxIiB4bWxucz0iaHR0cDovL3d3dy53My5vcmcvMjAwMC9zdmciPjwvc3ZnPg==\" style=\"--smush-placeholder-width: 1024px; --smush-placeholder-aspect-ratio: 1024\/461;\" \/><\/a><\/figure>\n\n\n\n<p>La campa\u00f1a de \u201cSeptiembre Amarillo\u201d esta organizada por el Grupo \u00abCu\u00eddate Iguaz\u00fa\u00bb y se vincula al mes, semana y D\u00eda Mundial para la Prevenci\u00f3n del Suicidio.<\/p>\n\n\n\n<p>El color escogido se debe a que en 1994 se fund\u00f3 el programa Yellow Ribbon (Cinta Amarilla) por los padres y amigos de un adolescente sobresaliente y divertido, Mike Emme, quien se quit\u00f3 la vida cuando no sab\u00eda las palabras que decir, o c\u00f3mo hacerle saber a alguien que estaba en problemas. \u201cNo se culpen, mam\u00e1 y pap\u00e1, los amo\u201d , dec\u00eda en su carta de despedida.<\/p>\n\n\n\n<figure class=\"wp-block-image size-large\"><a href=\"https:\/\/cvinoticias.com\/wp-content\/uploads\/2023\/09\/IMG-20230913-WA0117.jpg\"><img decoding=\"async\" width=\"1024\" height=\"461\" data-src=\"https:\/\/cvinoticias.com\/wp-content\/uploads\/2023\/09\/IMG-20230913-WA0117-1024x461.jpg\" alt=\"\" class=\"wp-image-27970 lazyload\" data-srcset=\"https:\/\/cvinoticias.com\/wp-content\/uploads\/2023\/09\/IMG-20230913-WA0117-1024x461.jpg 1024w, https:\/\/cvinoticias.com\/wp-content\/uploads\/2023\/09\/IMG-20230913-WA0117-300x135.jpg 300w, https:\/\/cvinoticias.com\/wp-content\/uploads\/2023\/09\/IMG-20230913-WA0117-768x346.jpg 768w, https:\/\/cvinoticias.com\/wp-content\/uploads\/2023\/09\/IMG-20230913-WA0117.jpg 1280w\" data-sizes=\"(max-width: 1024px) 100vw, 1024px\" src=\"data:image\/svg+xml;base64,PHN2ZyB3aWR0aD0iMSIgaGVpZ2h0PSIxIiB4bWxucz0iaHR0cDovL3d3dy53My5vcmcvMjAwMC9zdmciPjwvc3ZnPg==\" style=\"--smush-placeholder-width: 1024px; --smush-placeholder-aspect-ratio: 1024\/461;\" \/><\/a><\/figure>\n","protected":false},"excerpt":{"rendered":"<p>En el marco del mes de septiembre Mes Amarillo, mes de la prevenci\u00f3n del suicidio, se est\u00e1 desarrollando en las instalaciones del Iturem una charla bajo el lema \u00abHablemos del Suicidio, hablar es la mejor soluci\u00f3n\u00bb . Con un p\u00fablico n\u00fameroso y la presencia de funcionarios p\u00fablicos, fuerzas de seguridad, personal de salud, alumnos de [&hellip;]<\/p>\n","protected":false},"author":2,"featured_media":27971,"comment_status":"open","ping_status":"open","sticky":false,"template":"","format":"standard","meta":{"footnotes":""},"categories":[29],"tags":[],"class_list":["post-27968","post","type-post","status-publish","format-standard","has-post-thumbnail","hentry","category-locales"],"yoast_head":"<!-- This site is optimized with the Yoast SEO plugin v27.5 - https:\/\/yoast.com\/product\/yoast-seo-wordpress\/ -->\n<title>Iguaz\u00fa: Charla &quot;Hablemos del Suicidio, hablar es la mejor soluci\u00f3n&quot; en el Iturem | CVI NOTICIAS<\/title>\n<meta name=\"robots\" content=\"index, follow, max-snippet:-1, max-image-preview:large, max-video-preview:-1\" \/>\n<link rel=\"canonical\" href=\"https:\/\/cvinoticias.com\/v3\/iguazu-charla-hablemos-del-suicidio-hablar-es-la-mejor-solucion-en-el-iturem\/\" \/>\n<meta property=\"og:locale\" content=\"es_ES\" \/>\n<meta property=\"og:type\" content=\"article\" \/>\n<meta property=\"og:title\" content=\"Iguaz\u00fa: Charla &quot;Hablemos del Suicidio, hablar es la mejor soluci\u00f3n&quot; en el Iturem | CVI NOTICIAS\" \/>\n<meta property=\"og:description\" content=\"En el marco del mes de septiembre Mes Amarillo, mes de la prevenci\u00f3n del suicidio, se est\u00e1 desarrollando en las instalaciones del Iturem una charla bajo el lema \u00abHablemos del Suicidio, hablar es la mejor soluci\u00f3n\u00bb . Con un p\u00fablico n\u00fameroso y la presencia de funcionarios p\u00fablicos, fuerzas de seguridad, personal de salud, alumnos de [&hellip;]\" \/>\n<meta property=\"og:url\" content=\"https:\/\/cvinoticias.com\/v3\/iguazu-charla-hablemos-del-suicidio-hablar-es-la-mejor-solucion-en-el-iturem\/\" \/>\n<meta property=\"og:site_name\" content=\"CVI NOTICIAS\" \/>\n<meta property=\"article:publisher\" content=\"https:\/\/www.facebook.com\/cvinoticias\" \/>\n<meta property=\"article:published_time\" content=\"2023-09-13T14:25:43+00:00\" \/>\n<meta property=\"og:image\" content=\"https:\/\/cvinoticias.com\/wp-content\/uploads\/2023\/09\/IMG-20230913-WA0112.jpg\" \/>\n\t<meta property=\"og:image:width\" content=\"1280\" \/>\n\t<meta property=\"og:image:height\" content=\"576\" \/>\n\t<meta property=\"og:image:type\" content=\"image\/jpeg\" \/>\n<meta name=\"author\" content=\"f1000024\" \/>\n<meta name=\"twitter:card\" content=\"summary_large_image\" \/>\n<meta name=\"twitter:label1\" content=\"Escrito por\" \/>\n\t<meta name=\"twitter:data1\" content=\"f1000024\" \/>\n\t<meta name=\"twitter:label2\" content=\"Tiempo de lectura\" \/>\n\t<meta name=\"twitter:data2\" content=\"1 minuto\" \/>\n<script type=\"application\/ld+json\" class=\"yoast-schema-graph\">{\"@context\":\"https:\\\/\\\/schema.org\",\"@graph\":[{\"@type\":\"Article\",\"@id\":\"https:\\\/\\\/cvinoticias.com\\\/v3\\\/iguazu-charla-hablemos-del-suicidio-hablar-es-la-mejor-solucion-en-el-iturem\\\/#article\",\"isPartOf\":{\"@id\":\"https:\\\/\\\/cvinoticias.com\\\/v3\\\/iguazu-charla-hablemos-del-suicidio-hablar-es-la-mejor-solucion-en-el-iturem\\\/\"},\"author\":{\"name\":\"f1000024\",\"@id\":\"https:\\\/\\\/cvinoticias.com\\\/v3\\\/#\\\/schema\\\/person\\\/2db77e3c6bc03c538495d7b2b8be9b66\"},\"headline\":\"Iguaz\u00fa: Charla \u00abHablemos del Suicidio, hablar es la mejor soluci\u00f3n\u00bb en el Iturem\",\"datePublished\":\"2023-09-13T14:25:43+00:00\",\"mainEntityOfPage\":{\"@id\":\"https:\\\/\\\/cvinoticias.com\\\/v3\\\/iguazu-charla-hablemos-del-suicidio-hablar-es-la-mejor-solucion-en-el-iturem\\\/\"},\"wordCount\":205,\"commentCount\":0,\"publisher\":{\"@id\":\"https:\\\/\\\/cvinoticias.com\\\/v3\\\/#organization\"},\"image\":{\"@id\":\"https:\\\/\\\/cvinoticias.com\\\/v3\\\/iguazu-charla-hablemos-del-suicidio-hablar-es-la-mejor-solucion-en-el-iturem\\\/#primaryimage\"},\"thumbnailUrl\":\"https:\\\/\\\/cvinoticias.com\\\/wp-content\\\/uploads\\\/2023\\\/09\\\/IMG-20230913-WA0112.jpg\",\"articleSection\":[\"Locales\"],\"inLanguage\":\"es\",\"potentialAction\":[{\"@type\":\"CommentAction\",\"name\":\"Comment\",\"target\":[\"https:\\\/\\\/cvinoticias.com\\\/v3\\\/iguazu-charla-hablemos-del-suicidio-hablar-es-la-mejor-solucion-en-el-iturem\\\/#respond\"]}]},{\"@type\":\"WebPage\",\"@id\":\"https:\\\/\\\/cvinoticias.com\\\/v3\\\/iguazu-charla-hablemos-del-suicidio-hablar-es-la-mejor-solucion-en-el-iturem\\\/\",\"url\":\"https:\\\/\\\/cvinoticias.com\\\/v3\\\/iguazu-charla-hablemos-del-suicidio-hablar-es-la-mejor-solucion-en-el-iturem\\\/\",\"name\":\"Iguaz\u00fa: Charla \\\"Hablemos del Suicidio, hablar es la mejor soluci\u00f3n\\\" en el Iturem | CVI NOTICIAS\",\"isPartOf\":{\"@id\":\"https:\\\/\\\/cvinoticias.com\\\/v3\\\/#website\"},\"primaryImageOfPage\":{\"@id\":\"https:\\\/\\\/cvinoticias.com\\\/v3\\\/iguazu-charla-hablemos-del-suicidio-hablar-es-la-mejor-solucion-en-el-iturem\\\/#primaryimage\"},\"image\":{\"@id\":\"https:\\\/\\\/cvinoticias.com\\\/v3\\\/iguazu-charla-hablemos-del-suicidio-hablar-es-la-mejor-solucion-en-el-iturem\\\/#primaryimage\"},\"thumbnailUrl\":\"https:\\\/\\\/cvinoticias.com\\\/wp-content\\\/uploads\\\/2023\\\/09\\\/IMG-20230913-WA0112.jpg\",\"datePublished\":\"2023-09-13T14:25:43+00:00\",\"breadcrumb\":{\"@id\":\"https:\\\/\\\/cvinoticias.com\\\/v3\\\/iguazu-charla-hablemos-del-suicidio-hablar-es-la-mejor-solucion-en-el-iturem\\\/#breadcrumb\"},\"inLanguage\":\"es\",\"potentialAction\":[{\"@type\":\"ReadAction\",\"target\":[\"https:\\\/\\\/cvinoticias.com\\\/v3\\\/iguazu-charla-hablemos-del-suicidio-hablar-es-la-mejor-solucion-en-el-iturem\\\/\"]}]},{\"@type\":\"ImageObject\",\"inLanguage\":\"es\",\"@id\":\"https:\\\/\\\/cvinoticias.com\\\/v3\\\/iguazu-charla-hablemos-del-suicidio-hablar-es-la-mejor-solucion-en-el-iturem\\\/#primaryimage\",\"url\":\"https:\\\/\\\/cvinoticias.com\\\/wp-content\\\/uploads\\\/2023\\\/09\\\/IMG-20230913-WA0112.jpg\",\"contentUrl\":\"https:\\\/\\\/cvinoticias.com\\\/wp-content\\\/uploads\\\/2023\\\/09\\\/IMG-20230913-WA0112.jpg\",\"width\":1280,\"height\":576},{\"@type\":\"BreadcrumbList\",\"@id\":\"https:\\\/\\\/cvinoticias.com\\\/v3\\\/iguazu-charla-hablemos-del-suicidio-hablar-es-la-mejor-solucion-en-el-iturem\\\/#breadcrumb\",\"itemListElement\":[{\"@type\":\"ListItem\",\"position\":1,\"name\":\"Portada\",\"item\":\"https:\\\/\\\/cvinoticias.com\\\/v3\\\/\"},{\"@type\":\"ListItem\",\"position\":2,\"name\":\"Iguaz\u00fa: Charla \u00abHablemos del Suicidio, hablar es la mejor soluci\u00f3n\u00bb en el Iturem\"}]},{\"@type\":\"WebSite\",\"@id\":\"https:\\\/\\\/cvinoticias.com\\\/v3\\\/#website\",\"url\":\"https:\\\/\\\/cvinoticias.com\\\/v3\\\/\",\"name\":\"CVI NOTICIAS\",\"description\":\"\",\"publisher\":{\"@id\":\"https:\\\/\\\/cvinoticias.com\\\/v3\\\/#organization\"},\"alternateName\":\"CVI\",\"potentialAction\":[{\"@type\":\"SearchAction\",\"target\":{\"@type\":\"EntryPoint\",\"urlTemplate\":\"https:\\\/\\\/cvinoticias.com\\\/v3\\\/?s={search_term_string}\"},\"query-input\":{\"@type\":\"PropertyValueSpecification\",\"valueRequired\":true,\"valueName\":\"search_term_string\"}}],\"inLanguage\":\"es\"},{\"@type\":\"Organization\",\"@id\":\"https:\\\/\\\/cvinoticias.com\\\/v3\\\/#organization\",\"name\":\"CVI NOTICIAS\",\"url\":\"https:\\\/\\\/cvinoticias.com\\\/v3\\\/\",\"logo\":{\"@type\":\"ImageObject\",\"inLanguage\":\"es\",\"@id\":\"https:\\\/\\\/cvinoticias.com\\\/v3\\\/#\\\/schema\\\/logo\\\/image\\\/\",\"url\":\"https:\\\/\\\/cvinoticias.com\\\/wp-content\\\/uploads\\\/2023\\\/04\\\/cropped-cropped-cropped-cropped-cropped-3-1.png\",\"contentUrl\":\"https:\\\/\\\/cvinoticias.com\\\/wp-content\\\/uploads\\\/2023\\\/04\\\/cropped-cropped-cropped-cropped-cropped-3-1.png\",\"width\":95,\"height\":122,\"caption\":\"CVI NOTICIAS\"},\"image\":{\"@id\":\"https:\\\/\\\/cvinoticias.com\\\/v3\\\/#\\\/schema\\\/logo\\\/image\\\/\"},\"sameAs\":[\"https:\\\/\\\/www.facebook.com\\\/cvinoticias\",\"https:\\\/\\\/www.instagram.com\\\/cvinoticias\\\/\",\"https:\\\/\\\/www.youtube.com\\\/@CVINOTICIAS\"]},{\"@type\":\"Person\",\"@id\":\"https:\\\/\\\/cvinoticias.com\\\/v3\\\/#\\\/schema\\\/person\\\/2db77e3c6bc03c538495d7b2b8be9b66\",\"name\":\"f1000024\",\"image\":{\"@type\":\"ImageObject\",\"inLanguage\":\"es\",\"@id\":\"https:\\\/\\\/secure.gravatar.com\\\/avatar\\\/d4fe7459cfc51ff5129ce1a732bbef5928568b8092d412ef95611616376bbeed?s=96&d=mm&r=g\",\"url\":\"https:\\\/\\\/secure.gravatar.com\\\/avatar\\\/d4fe7459cfc51ff5129ce1a732bbef5928568b8092d412ef95611616376bbeed?s=96&d=mm&r=g\",\"contentUrl\":\"https:\\\/\\\/secure.gravatar.com\\\/avatar\\\/d4fe7459cfc51ff5129ce1a732bbef5928568b8092d412ef95611616376bbeed?s=96&d=mm&r=g\",\"caption\":\"f1000024\"},\"url\":\"https:\\\/\\\/cvinoticias.com\\\/v3\\\/author\\\/f1000024\\\/\"}]}<\/script>\n<!-- \/ Yoast SEO plugin. -->","yoast_head_json":{"title":"Iguaz\u00fa: Charla \"Hablemos del Suicidio, hablar es la mejor soluci\u00f3n\" en el Iturem | CVI NOTICIAS","robots":{"index":"index","follow":"follow","max-snippet":"max-snippet:-1","max-image-preview":"max-image-preview:large","max-video-preview":"max-video-preview:-1"},"canonical":"https:\/\/cvinoticias.com\/v3\/iguazu-charla-hablemos-del-suicidio-hablar-es-la-mejor-solucion-en-el-iturem\/","og_locale":"es_ES","og_type":"article","og_title":"Iguaz\u00fa: Charla \"Hablemos del Suicidio, hablar es la mejor soluci\u00f3n\" en el Iturem | CVI NOTICIAS","og_description":"En el marco del mes de septiembre Mes Amarillo, mes de la prevenci\u00f3n del suicidio, se est\u00e1 desarrollando en las instalaciones del Iturem una charla bajo el lema \u00abHablemos del Suicidio, hablar es la mejor soluci\u00f3n\u00bb . Con un p\u00fablico n\u00fameroso y la presencia de funcionarios p\u00fablicos, fuerzas de seguridad, personal de salud, alumnos de [&hellip;]","og_url":"https:\/\/cvinoticias.com\/v3\/iguazu-charla-hablemos-del-suicidio-hablar-es-la-mejor-solucion-en-el-iturem\/","og_site_name":"CVI NOTICIAS","article_publisher":"https:\/\/www.facebook.com\/cvinoticias","article_published_time":"2023-09-13T14:25:43+00:00","og_image":[{"width":1280,"height":576,"url":"https:\/\/cvinoticias.com\/wp-content\/uploads\/2023\/09\/IMG-20230913-WA0112.jpg","type":"image\/jpeg"}],"author":"f1000024","twitter_card":"summary_large_image","twitter_misc":{"Escrito por":"f1000024","Tiempo de lectura":"1 minuto"},"schema":{"@context":"https:\/\/schema.org","@graph":[{"@type":"Article","@id":"https:\/\/cvinoticias.com\/v3\/iguazu-charla-hablemos-del-suicidio-hablar-es-la-mejor-solucion-en-el-iturem\/#article","isPartOf":{"@id":"https:\/\/cvinoticias.com\/v3\/iguazu-charla-hablemos-del-suicidio-hablar-es-la-mejor-solucion-en-el-iturem\/"},"author":{"name":"f1000024","@id":"https:\/\/cvinoticias.com\/v3\/#\/schema\/person\/2db77e3c6bc03c538495d7b2b8be9b66"},"headline":"Iguaz\u00fa: Charla \u00abHablemos del Suicidio, hablar es la mejor soluci\u00f3n\u00bb en el Iturem","datePublished":"2023-09-13T14:25:43+00:00","mainEntityOfPage":{"@id":"https:\/\/cvinoticias.com\/v3\/iguazu-charla-hablemos-del-suicidio-hablar-es-la-mejor-solucion-en-el-iturem\/"},"wordCount":205,"commentCount":0,"publisher":{"@id":"https:\/\/cvinoticias.com\/v3\/#organization"},"image":{"@id":"https:\/\/cvinoticias.com\/v3\/iguazu-charla-hablemos-del-suicidio-hablar-es-la-mejor-solucion-en-el-iturem\/#primaryimage"},"thumbnailUrl":"https:\/\/cvinoticias.com\/wp-content\/uploads\/2023\/09\/IMG-20230913-WA0112.jpg","articleSection":["Locales"],"inLanguage":"es","potentialAction":[{"@type":"CommentAction","name":"Comment","target":["https:\/\/cvinoticias.com\/v3\/iguazu-charla-hablemos-del-suicidio-hablar-es-la-mejor-solucion-en-el-iturem\/#respond"]}]},{"@type":"WebPage","@id":"https:\/\/cvinoticias.com\/v3\/iguazu-charla-hablemos-del-suicidio-hablar-es-la-mejor-solucion-en-el-iturem\/","url":"https:\/\/cvinoticias.com\/v3\/iguazu-charla-hablemos-del-suicidio-hablar-es-la-mejor-solucion-en-el-iturem\/","name":"Iguaz\u00fa: Charla \"Hablemos del Suicidio, hablar es la mejor soluci\u00f3n\" en el Iturem | CVI NOTICIAS","isPartOf":{"@id":"https:\/\/cvinoticias.com\/v3\/#website"},"primaryImageOfPage":{"@id":"https:\/\/cvinoticias.com\/v3\/iguazu-charla-hablemos-del-suicidio-hablar-es-la-mejor-solucion-en-el-iturem\/#primaryimage"},"image":{"@id":"https:\/\/cvinoticias.com\/v3\/iguazu-charla-hablemos-del-suicidio-hablar-es-la-mejor-solucion-en-el-iturem\/#primaryimage"},"thumbnailUrl":"https:\/\/cvinoticias.com\/wp-content\/uploads\/2023\/09\/IMG-20230913-WA0112.jpg","datePublished":"2023-09-13T14:25:43+00:00","breadcrumb":{"@id":"https:\/\/cvinoticias.com\/v3\/iguazu-charla-hablemos-del-suicidio-hablar-es-la-mejor-solucion-en-el-iturem\/#breadcrumb"},"inLanguage":"es","potentialAction":[{"@type":"ReadAction","target":["https:\/\/cvinoticias.com\/v3\/iguazu-charla-hablemos-del-suicidio-hablar-es-la-mejor-solucion-en-el-iturem\/"]}]},{"@type":"ImageObject","inLanguage":"es","@id":"https:\/\/cvinoticias.com\/v3\/iguazu-charla-hablemos-del-suicidio-hablar-es-la-mejor-solucion-en-el-iturem\/#primaryimage","url":"https:\/\/cvinoticias.com\/wp-content\/uploads\/2023\/09\/IMG-20230913-WA0112.jpg","contentUrl":"https:\/\/cvinoticias.com\/wp-content\/uploads\/2023\/09\/IMG-20230913-WA0112.jpg","width":1280,"height":576},{"@type":"BreadcrumbList","@id":"https:\/\/cvinoticias.com\/v3\/iguazu-charla-hablemos-del-suicidio-hablar-es-la-mejor-solucion-en-el-iturem\/#breadcrumb","itemListElement":[{"@type":"ListItem","position":1,"name":"Portada","item":"https:\/\/cvinoticias.com\/v3\/"},{"@type":"ListItem","position":2,"name":"Iguaz\u00fa: Charla \u00abHablemos del Suicidio, hablar es la mejor soluci\u00f3n\u00bb en el Iturem"}]},{"@type":"WebSite","@id":"https:\/\/cvinoticias.com\/v3\/#website","url":"https:\/\/cvinoticias.com\/v3\/","name":"CVI NOTICIAS","description":"","publisher":{"@id":"https:\/\/cvinoticias.com\/v3\/#organization"},"alternateName":"CVI","potentialAction":[{"@type":"SearchAction","target":{"@type":"EntryPoint","urlTemplate":"https:\/\/cvinoticias.com\/v3\/?s={search_term_string}"},"query-input":{"@type":"PropertyValueSpecification","valueRequired":true,"valueName":"search_term_string"}}],"inLanguage":"es"},{"@type":"Organization","@id":"https:\/\/cvinoticias.com\/v3\/#organization","name":"CVI NOTICIAS","url":"https:\/\/cvinoticias.com\/v3\/","logo":{"@type":"ImageObject","inLanguage":"es","@id":"https:\/\/cvinoticias.com\/v3\/#\/schema\/logo\/image\/","url":"https:\/\/cvinoticias.com\/wp-content\/uploads\/2023\/04\/cropped-cropped-cropped-cropped-cropped-3-1.png","contentUrl":"https:\/\/cvinoticias.com\/wp-content\/uploads\/2023\/04\/cropped-cropped-cropped-cropped-cropped-3-1.png","width":95,"height":122,"caption":"CVI NOTICIAS"},"image":{"@id":"https:\/\/cvinoticias.com\/v3\/#\/schema\/logo\/image\/"},"sameAs":["https:\/\/www.facebook.com\/cvinoticias","https:\/\/www.instagram.com\/cvinoticias\/","https:\/\/www.youtube.com\/@CVINOTICIAS"]},{"@type":"Person","@id":"https:\/\/cvinoticias.com\/v3\/#\/schema\/person\/2db77e3c6bc03c538495d7b2b8be9b66","name":"f1000024","image":{"@type":"ImageObject","inLanguage":"es","@id":"https:\/\/secure.gravatar.com\/avatar\/d4fe7459cfc51ff5129ce1a732bbef5928568b8092d412ef95611616376bbeed?s=96&d=mm&r=g","url":"https:\/\/secure.gravatar.com\/avatar\/d4fe7459cfc51ff5129ce1a732bbef5928568b8092d412ef95611616376bbeed?s=96&d=mm&r=g","contentUrl":"https:\/\/secure.gravatar.com\/avatar\/d4fe7459cfc51ff5129ce1a732bbef5928568b8092d412ef95611616376bbeed?s=96&d=mm&r=g","caption":"f1000024"},"url":"https:\/\/cvinoticias.com\/v3\/author\/f1000024\/"}]}},"_links":{"self":[{"href":"https:\/\/cvinoticias.com\/v3\/wp-json\/wp\/v2\/posts\/27968","targetHints":{"allow":["GET"]}}],"collection":[{"href":"https:\/\/cvinoticias.com\/v3\/wp-json\/wp\/v2\/posts"}],"about":[{"href":"https:\/\/cvinoticias.com\/v3\/wp-json\/wp\/v2\/types\/post"}],"author":[{"embeddable":true,"href":"https:\/\/cvinoticias.com\/v3\/wp-json\/wp\/v2\/users\/2"}],"replies":[{"embeddable":true,"href":"https:\/\/cvinoticias.com\/v3\/wp-json\/wp\/v2\/comments?post=27968"}],"version-history":[{"count":1,"href":"https:\/\/cvinoticias.com\/v3\/wp-json\/wp\/v2\/posts\/27968\/revisions"}],"predecessor-version":[{"id":27972,"href":"https:\/\/cvinoticias.com\/v3\/wp-json\/wp\/v2\/posts\/27968\/revisions\/27972"}],"wp:featuredmedia":[{"embeddable":true,"href":"https:\/\/cvinoticias.com\/v3\/wp-json\/wp\/v2\/media\/27971"}],"wp:attachment":[{"href":"https:\/\/cvinoticias.com\/v3\/wp-json\/wp\/v2\/media?parent=27968"}],"wp:term":[{"taxonomy":"category","embeddable":true,"href":"https:\/\/cvinoticias.com\/v3\/wp-json\/wp\/v2\/categories?post=27968"},{"taxonomy":"post_tag","embeddable":true,"href":"https:\/\/cvinoticias.com\/v3\/wp-json\/wp\/v2\/tags?post=27968"}],"curies":[{"name":"wp","href":"https:\/\/api.w.org\/{rel}","templated":true}]}}