{"id":2795,"date":"2021-02-21T00:35:56","date_gmt":"2021-02-21T00:35:56","guid":{"rendered":"https:\/\/cvinoticias.com\/v3\/?p=2795"},"modified":"2021-02-21T00:35:56","modified_gmt":"2021-02-21T00:35:56","slug":"detuvieron-a-un-joven-acusado-de-vender-la-casa-amueblada-de-su-prima-en-garupa","status":"publish","type":"post","link":"https:\/\/cvinoticias.com\/v3\/detuvieron-a-un-joven-acusado-de-vender-la-casa-amueblada-de-su-prima-en-garupa\/","title":{"rendered":"Detuvieron a un joven acusado de vender la casa amueblada de su prima en Garup\u00e1"},"content":{"rendered":"\n<p><strong><em>La investigaci\u00f3n se inici\u00f3 el pasado 16 de febrero, con la denuncia de una joven de 24 a\u00f1os, en la que manifest\u00f3 que mientras se fue de viaje dej\u00f3 al cuidado de su primo, Ezequiel E. de 22, una casa de madera amueblada en el barrio Piedras Blancas. Siguiendo con su relato, se\u00f1al\u00f3 que al volver se enter\u00f3 que el inmueble fue vendido por su familiar a un hombre.<\/em><\/strong><\/p>\n\n\n\n<p>Con los datos aportados y a ra\u00edz de averiguaciones, la Mini Brigada de Investigaciones de la comisar\u00eda 5ta localiz\u00f3 y detuvo al acusado en el barrio F\u00e1tima.<\/p>\n\n\n\n<p>Continuado con las pesquisas, se determin\u00f3 que los muebles denunciados fueron adquiridos por una joven del barrio Las Tacuaritas. En el lugar, la compradora entreg\u00f3 voluntariamente los objetos, desconociendo su procedencia.<\/p>\n\n\n\n<p>Finalmente, el joven termin\u00f3 alojado en sede policial a disposici\u00f3n del Juzgado de Instrucci\u00f3n N\u00ba7 de Posadas. Lo incautado, terminados los tr\u00e1mites de rigor ser\u00e1 restituido.<\/p>\n","protected":false},"excerpt":{"rendered":"<p>La investigaci\u00f3n se inici\u00f3 el pasado 16 de febrero, con la denuncia de una joven de 24 a\u00f1os, en la que manifest\u00f3 que mientras se fue de viaje dej\u00f3 al cuidado de su primo, Ezequiel E. de 22, una casa de madera amueblada en el barrio Piedras Blancas. Siguiendo con su relato, se\u00f1al\u00f3 que al [&hellip;]<\/p>\n","protected":false},"author":2,"featured_media":2796,"comment_status":"open","ping_status":"open","sticky":false,"template":"","format":"standard","meta":{"footnotes":""},"categories":[41],"tags":[],"class_list":["post-2795","post","type-post","status-publish","format-standard","has-post-thumbnail","hentry","category-policiales"],"yoast_head":"<!-- This site is optimized with the Yoast SEO plugin v27.5 - https:\/\/yoast.com\/product\/yoast-seo-wordpress\/ -->\n<title>Detuvieron a un joven acusado de vender la casa amueblada de su prima en Garup\u00e1 | CVI NOTICIAS<\/title>\n<meta name=\"robots\" content=\"index, follow, max-snippet:-1, max-image-preview:large, max-video-preview:-1\" \/>\n<link rel=\"canonical\" href=\"https:\/\/cvinoticias.com\/v3\/detuvieron-a-un-joven-acusado-de-vender-la-casa-amueblada-de-su-prima-en-garupa\/\" \/>\n<meta property=\"og:locale\" content=\"es_ES\" \/>\n<meta property=\"og:type\" content=\"article\" \/>\n<meta property=\"og:title\" content=\"Detuvieron a un joven acusado de vender la casa amueblada de su prima en Garup\u00e1 | CVI NOTICIAS\" \/>\n<meta property=\"og:description\" content=\"La investigaci\u00f3n se inici\u00f3 el pasado 16 de febrero, con la denuncia de una joven de 24 a\u00f1os, en la que manifest\u00f3 que mientras se fue de viaje dej\u00f3 al cuidado de su primo, Ezequiel E. de 22, una casa de madera amueblada en el barrio Piedras Blancas. Siguiendo con su relato, se\u00f1al\u00f3 que al [&hellip;]\" \/>\n<meta property=\"og:url\" content=\"https:\/\/cvinoticias.com\/v3\/detuvieron-a-un-joven-acusado-de-vender-la-casa-amueblada-de-su-prima-en-garupa\/\" \/>\n<meta property=\"og:site_name\" content=\"CVI NOTICIAS\" \/>\n<meta property=\"article:publisher\" content=\"https:\/\/www.facebook.com\/cvinoticias\" \/>\n<meta property=\"article:published_time\" content=\"2021-02-21T00:35:56+00:00\" \/>\n<meta property=\"og:image\" content=\"https:\/\/cvinoticias.com\/wp-content\/uploads\/2021\/02\/IMG-20210220-WA0010.jpg\" \/>\n\t<meta property=\"og:image:width\" content=\"1031\" \/>\n\t<meta property=\"og:image:height\" content=\"855\" \/>\n\t<meta property=\"og:image:type\" content=\"image\/jpeg\" \/>\n<meta name=\"author\" content=\"f1000024\" \/>\n<meta name=\"twitter:card\" content=\"summary_large_image\" \/>\n<meta name=\"twitter:label1\" content=\"Escrito por\" \/>\n\t<meta name=\"twitter:data1\" content=\"f1000024\" \/>\n\t<meta name=\"twitter:label2\" content=\"Tiempo de lectura\" \/>\n\t<meta name=\"twitter:data2\" content=\"1 minuto\" \/>\n<script type=\"application\/ld+json\" class=\"yoast-schema-graph\">{\"@context\":\"https:\\\/\\\/schema.org\",\"@graph\":[{\"@type\":\"Article\",\"@id\":\"https:\\\/\\\/cvinoticias.com\\\/v3\\\/detuvieron-a-un-joven-acusado-de-vender-la-casa-amueblada-de-su-prima-en-garupa\\\/#article\",\"isPartOf\":{\"@id\":\"https:\\\/\\\/cvinoticias.com\\\/v3\\\/detuvieron-a-un-joven-acusado-de-vender-la-casa-amueblada-de-su-prima-en-garupa\\\/\"},\"author\":{\"name\":\"f1000024\",\"@id\":\"https:\\\/\\\/cvinoticias.com\\\/v3\\\/#\\\/schema\\\/person\\\/2db77e3c6bc03c538495d7b2b8be9b66\"},\"headline\":\"Detuvieron a un joven acusado de vender la casa amueblada de su prima en Garup\u00e1\",\"datePublished\":\"2021-02-21T00:35:56+00:00\",\"mainEntityOfPage\":{\"@id\":\"https:\\\/\\\/cvinoticias.com\\\/v3\\\/detuvieron-a-un-joven-acusado-de-vender-la-casa-amueblada-de-su-prima-en-garupa\\\/\"},\"wordCount\":174,\"commentCount\":1,\"publisher\":{\"@id\":\"https:\\\/\\\/cvinoticias.com\\\/v3\\\/#organization\"},\"image\":{\"@id\":\"https:\\\/\\\/cvinoticias.com\\\/v3\\\/detuvieron-a-un-joven-acusado-de-vender-la-casa-amueblada-de-su-prima-en-garupa\\\/#primaryimage\"},\"thumbnailUrl\":\"https:\\\/\\\/cvinoticias.com\\\/wp-content\\\/uploads\\\/2021\\\/02\\\/IMG-20210220-WA0010.jpg\",\"articleSection\":[\"Policiales\"],\"inLanguage\":\"es\",\"potentialAction\":[{\"@type\":\"CommentAction\",\"name\":\"Comment\",\"target\":[\"https:\\\/\\\/cvinoticias.com\\\/v3\\\/detuvieron-a-un-joven-acusado-de-vender-la-casa-amueblada-de-su-prima-en-garupa\\\/#respond\"]}]},{\"@type\":\"WebPage\",\"@id\":\"https:\\\/\\\/cvinoticias.com\\\/v3\\\/detuvieron-a-un-joven-acusado-de-vender-la-casa-amueblada-de-su-prima-en-garupa\\\/\",\"url\":\"https:\\\/\\\/cvinoticias.com\\\/v3\\\/detuvieron-a-un-joven-acusado-de-vender-la-casa-amueblada-de-su-prima-en-garupa\\\/\",\"name\":\"Detuvieron a un joven acusado de vender la casa amueblada de su prima en Garup\u00e1 | CVI NOTICIAS\",\"isPartOf\":{\"@id\":\"https:\\\/\\\/cvinoticias.com\\\/v3\\\/#website\"},\"primaryImageOfPage\":{\"@id\":\"https:\\\/\\\/cvinoticias.com\\\/v3\\\/detuvieron-a-un-joven-acusado-de-vender-la-casa-amueblada-de-su-prima-en-garupa\\\/#primaryimage\"},\"image\":{\"@id\":\"https:\\\/\\\/cvinoticias.com\\\/v3\\\/detuvieron-a-un-joven-acusado-de-vender-la-casa-amueblada-de-su-prima-en-garupa\\\/#primaryimage\"},\"thumbnailUrl\":\"https:\\\/\\\/cvinoticias.com\\\/wp-content\\\/uploads\\\/2021\\\/02\\\/IMG-20210220-WA0010.jpg\",\"datePublished\":\"2021-02-21T00:35:56+00:00\",\"breadcrumb\":{\"@id\":\"https:\\\/\\\/cvinoticias.com\\\/v3\\\/detuvieron-a-un-joven-acusado-de-vender-la-casa-amueblada-de-su-prima-en-garupa\\\/#breadcrumb\"},\"inLanguage\":\"es\",\"potentialAction\":[{\"@type\":\"ReadAction\",\"target\":[\"https:\\\/\\\/cvinoticias.com\\\/v3\\\/detuvieron-a-un-joven-acusado-de-vender-la-casa-amueblada-de-su-prima-en-garupa\\\/\"]}]},{\"@type\":\"ImageObject\",\"inLanguage\":\"es\",\"@id\":\"https:\\\/\\\/cvinoticias.com\\\/v3\\\/detuvieron-a-un-joven-acusado-de-vender-la-casa-amueblada-de-su-prima-en-garupa\\\/#primaryimage\",\"url\":\"https:\\\/\\\/cvinoticias.com\\\/wp-content\\\/uploads\\\/2021\\\/02\\\/IMG-20210220-WA0010.jpg\",\"contentUrl\":\"https:\\\/\\\/cvinoticias.com\\\/wp-content\\\/uploads\\\/2021\\\/02\\\/IMG-20210220-WA0010.jpg\",\"width\":1031,\"height\":855},{\"@type\":\"BreadcrumbList\",\"@id\":\"https:\\\/\\\/cvinoticias.com\\\/v3\\\/detuvieron-a-un-joven-acusado-de-vender-la-casa-amueblada-de-su-prima-en-garupa\\\/#breadcrumb\",\"itemListElement\":[{\"@type\":\"ListItem\",\"position\":1,\"name\":\"Portada\",\"item\":\"https:\\\/\\\/cvinoticias.com\\\/v3\\\/\"},{\"@type\":\"ListItem\",\"position\":2,\"name\":\"Detuvieron a un joven acusado de vender la casa amueblada de su prima en Garup\u00e1\"}]},{\"@type\":\"WebSite\",\"@id\":\"https:\\\/\\\/cvinoticias.com\\\/v3\\\/#website\",\"url\":\"https:\\\/\\\/cvinoticias.com\\\/v3\\\/\",\"name\":\"CVI NOTICIAS\",\"description\":\"\",\"publisher\":{\"@id\":\"https:\\\/\\\/cvinoticias.com\\\/v3\\\/#organization\"},\"alternateName\":\"CVI\",\"potentialAction\":[{\"@type\":\"SearchAction\",\"target\":{\"@type\":\"EntryPoint\",\"urlTemplate\":\"https:\\\/\\\/cvinoticias.com\\\/v3\\\/?s={search_term_string}\"},\"query-input\":{\"@type\":\"PropertyValueSpecification\",\"valueRequired\":true,\"valueName\":\"search_term_string\"}}],\"inLanguage\":\"es\"},{\"@type\":\"Organization\",\"@id\":\"https:\\\/\\\/cvinoticias.com\\\/v3\\\/#organization\",\"name\":\"CVI NOTICIAS\",\"url\":\"https:\\\/\\\/cvinoticias.com\\\/v3\\\/\",\"logo\":{\"@type\":\"ImageObject\",\"inLanguage\":\"es\",\"@id\":\"https:\\\/\\\/cvinoticias.com\\\/v3\\\/#\\\/schema\\\/logo\\\/image\\\/\",\"url\":\"https:\\\/\\\/cvinoticias.com\\\/wp-content\\\/uploads\\\/2023\\\/04\\\/cropped-cropped-cropped-cropped-cropped-3-1.png\",\"contentUrl\":\"https:\\\/\\\/cvinoticias.com\\\/wp-content\\\/uploads\\\/2023\\\/04\\\/cropped-cropped-cropped-cropped-cropped-3-1.png\",\"width\":95,\"height\":122,\"caption\":\"CVI NOTICIAS\"},\"image\":{\"@id\":\"https:\\\/\\\/cvinoticias.com\\\/v3\\\/#\\\/schema\\\/logo\\\/image\\\/\"},\"sameAs\":[\"https:\\\/\\\/www.facebook.com\\\/cvinoticias\",\"https:\\\/\\\/www.instagram.com\\\/cvinoticias\\\/\",\"https:\\\/\\\/www.youtube.com\\\/@CVINOTICIAS\"]},{\"@type\":\"Person\",\"@id\":\"https:\\\/\\\/cvinoticias.com\\\/v3\\\/#\\\/schema\\\/person\\\/2db77e3c6bc03c538495d7b2b8be9b66\",\"name\":\"f1000024\",\"image\":{\"@type\":\"ImageObject\",\"inLanguage\":\"es\",\"@id\":\"https:\\\/\\\/secure.gravatar.com\\\/avatar\\\/d4fe7459cfc51ff5129ce1a732bbef5928568b8092d412ef95611616376bbeed?s=96&d=mm&r=g\",\"url\":\"https:\\\/\\\/secure.gravatar.com\\\/avatar\\\/d4fe7459cfc51ff5129ce1a732bbef5928568b8092d412ef95611616376bbeed?s=96&d=mm&r=g\",\"contentUrl\":\"https:\\\/\\\/secure.gravatar.com\\\/avatar\\\/d4fe7459cfc51ff5129ce1a732bbef5928568b8092d412ef95611616376bbeed?s=96&d=mm&r=g\",\"caption\":\"f1000024\"},\"url\":\"https:\\\/\\\/cvinoticias.com\\\/v3\\\/author\\\/f1000024\\\/\"}]}<\/script>\n<!-- \/ Yoast SEO plugin. -->","yoast_head_json":{"title":"Detuvieron a un joven acusado de vender la casa amueblada de su prima en Garup\u00e1 | CVI NOTICIAS","robots":{"index":"index","follow":"follow","max-snippet":"max-snippet:-1","max-image-preview":"max-image-preview:large","max-video-preview":"max-video-preview:-1"},"canonical":"https:\/\/cvinoticias.com\/v3\/detuvieron-a-un-joven-acusado-de-vender-la-casa-amueblada-de-su-prima-en-garupa\/","og_locale":"es_ES","og_type":"article","og_title":"Detuvieron a un joven acusado de vender la casa amueblada de su prima en Garup\u00e1 | CVI NOTICIAS","og_description":"La investigaci\u00f3n se inici\u00f3 el pasado 16 de febrero, con la denuncia de una joven de 24 a\u00f1os, en la que manifest\u00f3 que mientras se fue de viaje dej\u00f3 al cuidado de su primo, Ezequiel E. de 22, una casa de madera amueblada en el barrio Piedras Blancas. Siguiendo con su relato, se\u00f1al\u00f3 que al [&hellip;]","og_url":"https:\/\/cvinoticias.com\/v3\/detuvieron-a-un-joven-acusado-de-vender-la-casa-amueblada-de-su-prima-en-garupa\/","og_site_name":"CVI NOTICIAS","article_publisher":"https:\/\/www.facebook.com\/cvinoticias","article_published_time":"2021-02-21T00:35:56+00:00","og_image":[{"width":1031,"height":855,"url":"https:\/\/cvinoticias.com\/wp-content\/uploads\/2021\/02\/IMG-20210220-WA0010.jpg","type":"image\/jpeg"}],"author":"f1000024","twitter_card":"summary_large_image","twitter_misc":{"Escrito por":"f1000024","Tiempo de lectura":"1 minuto"},"schema":{"@context":"https:\/\/schema.org","@graph":[{"@type":"Article","@id":"https:\/\/cvinoticias.com\/v3\/detuvieron-a-un-joven-acusado-de-vender-la-casa-amueblada-de-su-prima-en-garupa\/#article","isPartOf":{"@id":"https:\/\/cvinoticias.com\/v3\/detuvieron-a-un-joven-acusado-de-vender-la-casa-amueblada-de-su-prima-en-garupa\/"},"author":{"name":"f1000024","@id":"https:\/\/cvinoticias.com\/v3\/#\/schema\/person\/2db77e3c6bc03c538495d7b2b8be9b66"},"headline":"Detuvieron a un joven acusado de vender la casa amueblada de su prima en Garup\u00e1","datePublished":"2021-02-21T00:35:56+00:00","mainEntityOfPage":{"@id":"https:\/\/cvinoticias.com\/v3\/detuvieron-a-un-joven-acusado-de-vender-la-casa-amueblada-de-su-prima-en-garupa\/"},"wordCount":174,"commentCount":1,"publisher":{"@id":"https:\/\/cvinoticias.com\/v3\/#organization"},"image":{"@id":"https:\/\/cvinoticias.com\/v3\/detuvieron-a-un-joven-acusado-de-vender-la-casa-amueblada-de-su-prima-en-garupa\/#primaryimage"},"thumbnailUrl":"https:\/\/cvinoticias.com\/wp-content\/uploads\/2021\/02\/IMG-20210220-WA0010.jpg","articleSection":["Policiales"],"inLanguage":"es","potentialAction":[{"@type":"CommentAction","name":"Comment","target":["https:\/\/cvinoticias.com\/v3\/detuvieron-a-un-joven-acusado-de-vender-la-casa-amueblada-de-su-prima-en-garupa\/#respond"]}]},{"@type":"WebPage","@id":"https:\/\/cvinoticias.com\/v3\/detuvieron-a-un-joven-acusado-de-vender-la-casa-amueblada-de-su-prima-en-garupa\/","url":"https:\/\/cvinoticias.com\/v3\/detuvieron-a-un-joven-acusado-de-vender-la-casa-amueblada-de-su-prima-en-garupa\/","name":"Detuvieron a un joven acusado de vender la casa amueblada de su prima en Garup\u00e1 | CVI NOTICIAS","isPartOf":{"@id":"https:\/\/cvinoticias.com\/v3\/#website"},"primaryImageOfPage":{"@id":"https:\/\/cvinoticias.com\/v3\/detuvieron-a-un-joven-acusado-de-vender-la-casa-amueblada-de-su-prima-en-garupa\/#primaryimage"},"image":{"@id":"https:\/\/cvinoticias.com\/v3\/detuvieron-a-un-joven-acusado-de-vender-la-casa-amueblada-de-su-prima-en-garupa\/#primaryimage"},"thumbnailUrl":"https:\/\/cvinoticias.com\/wp-content\/uploads\/2021\/02\/IMG-20210220-WA0010.jpg","datePublished":"2021-02-21T00:35:56+00:00","breadcrumb":{"@id":"https:\/\/cvinoticias.com\/v3\/detuvieron-a-un-joven-acusado-de-vender-la-casa-amueblada-de-su-prima-en-garupa\/#breadcrumb"},"inLanguage":"es","potentialAction":[{"@type":"ReadAction","target":["https:\/\/cvinoticias.com\/v3\/detuvieron-a-un-joven-acusado-de-vender-la-casa-amueblada-de-su-prima-en-garupa\/"]}]},{"@type":"ImageObject","inLanguage":"es","@id":"https:\/\/cvinoticias.com\/v3\/detuvieron-a-un-joven-acusado-de-vender-la-casa-amueblada-de-su-prima-en-garupa\/#primaryimage","url":"https:\/\/cvinoticias.com\/wp-content\/uploads\/2021\/02\/IMG-20210220-WA0010.jpg","contentUrl":"https:\/\/cvinoticias.com\/wp-content\/uploads\/2021\/02\/IMG-20210220-WA0010.jpg","width":1031,"height":855},{"@type":"BreadcrumbList","@id":"https:\/\/cvinoticias.com\/v3\/detuvieron-a-un-joven-acusado-de-vender-la-casa-amueblada-de-su-prima-en-garupa\/#breadcrumb","itemListElement":[{"@type":"ListItem","position":1,"name":"Portada","item":"https:\/\/cvinoticias.com\/v3\/"},{"@type":"ListItem","position":2,"name":"Detuvieron a un joven acusado de vender la casa amueblada de su prima en Garup\u00e1"}]},{"@type":"WebSite","@id":"https:\/\/cvinoticias.com\/v3\/#website","url":"https:\/\/cvinoticias.com\/v3\/","name":"CVI NOTICIAS","description":"","publisher":{"@id":"https:\/\/cvinoticias.com\/v3\/#organization"},"alternateName":"CVI","potentialAction":[{"@type":"SearchAction","target":{"@type":"EntryPoint","urlTemplate":"https:\/\/cvinoticias.com\/v3\/?s={search_term_string}"},"query-input":{"@type":"PropertyValueSpecification","valueRequired":true,"valueName":"search_term_string"}}],"inLanguage":"es"},{"@type":"Organization","@id":"https:\/\/cvinoticias.com\/v3\/#organization","name":"CVI NOTICIAS","url":"https:\/\/cvinoticias.com\/v3\/","logo":{"@type":"ImageObject","inLanguage":"es","@id":"https:\/\/cvinoticias.com\/v3\/#\/schema\/logo\/image\/","url":"https:\/\/cvinoticias.com\/wp-content\/uploads\/2023\/04\/cropped-cropped-cropped-cropped-cropped-3-1.png","contentUrl":"https:\/\/cvinoticias.com\/wp-content\/uploads\/2023\/04\/cropped-cropped-cropped-cropped-cropped-3-1.png","width":95,"height":122,"caption":"CVI NOTICIAS"},"image":{"@id":"https:\/\/cvinoticias.com\/v3\/#\/schema\/logo\/image\/"},"sameAs":["https:\/\/www.facebook.com\/cvinoticias","https:\/\/www.instagram.com\/cvinoticias\/","https:\/\/www.youtube.com\/@CVINOTICIAS"]},{"@type":"Person","@id":"https:\/\/cvinoticias.com\/v3\/#\/schema\/person\/2db77e3c6bc03c538495d7b2b8be9b66","name":"f1000024","image":{"@type":"ImageObject","inLanguage":"es","@id":"https:\/\/secure.gravatar.com\/avatar\/d4fe7459cfc51ff5129ce1a732bbef5928568b8092d412ef95611616376bbeed?s=96&d=mm&r=g","url":"https:\/\/secure.gravatar.com\/avatar\/d4fe7459cfc51ff5129ce1a732bbef5928568b8092d412ef95611616376bbeed?s=96&d=mm&r=g","contentUrl":"https:\/\/secure.gravatar.com\/avatar\/d4fe7459cfc51ff5129ce1a732bbef5928568b8092d412ef95611616376bbeed?s=96&d=mm&r=g","caption":"f1000024"},"url":"https:\/\/cvinoticias.com\/v3\/author\/f1000024\/"}]}},"_links":{"self":[{"href":"https:\/\/cvinoticias.com\/v3\/wp-json\/wp\/v2\/posts\/2795","targetHints":{"allow":["GET"]}}],"collection":[{"href":"https:\/\/cvinoticias.com\/v3\/wp-json\/wp\/v2\/posts"}],"about":[{"href":"https:\/\/cvinoticias.com\/v3\/wp-json\/wp\/v2\/types\/post"}],"author":[{"embeddable":true,"href":"https:\/\/cvinoticias.com\/v3\/wp-json\/wp\/v2\/users\/2"}],"replies":[{"embeddable":true,"href":"https:\/\/cvinoticias.com\/v3\/wp-json\/wp\/v2\/comments?post=2795"}],"version-history":[{"count":1,"href":"https:\/\/cvinoticias.com\/v3\/wp-json\/wp\/v2\/posts\/2795\/revisions"}],"predecessor-version":[{"id":2797,"href":"https:\/\/cvinoticias.com\/v3\/wp-json\/wp\/v2\/posts\/2795\/revisions\/2797"}],"wp:featuredmedia":[{"embeddable":true,"href":"https:\/\/cvinoticias.com\/v3\/wp-json\/wp\/v2\/media\/2796"}],"wp:attachment":[{"href":"https:\/\/cvinoticias.com\/v3\/wp-json\/wp\/v2\/media?parent=2795"}],"wp:term":[{"taxonomy":"category","embeddable":true,"href":"https:\/\/cvinoticias.com\/v3\/wp-json\/wp\/v2\/categories?post=2795"},{"taxonomy":"post_tag","embeddable":true,"href":"https:\/\/cvinoticias.com\/v3\/wp-json\/wp\/v2\/tags?post=2795"}],"curies":[{"name":"wp","href":"https:\/\/api.w.org\/{rel}","templated":true}]}}