{"id":27930,"date":"2023-09-12T21:32:49","date_gmt":"2023-09-12T21:32:49","guid":{"rendered":"https:\/\/cvinoticias.com\/v3\/?p=27930"},"modified":"2023-09-12T22:14:39","modified_gmt":"2023-09-12T22:14:39","slug":"presentacion-del-render-de-lo-que-sera-el-stand-de-iguazu-en-fit-2023","status":"publish","type":"post","link":"https:\/\/cvinoticias.com\/v3\/presentacion-del-render-de-lo-que-sera-el-stand-de-iguazu-en-fit-2023\/","title":{"rendered":"Presentaci\u00f3n del render de lo que ser\u00e1 el stand de Iguaz\u00fa en FIT 2023 \u00a0"},"content":{"rendered":"\n<p><strong><em>La 27\u00b0 edici\u00f3n de Feria Internacional de Turismo de Am\u00e9rica Latina &#8211; FIT 2023 &#8211; se celebrar\u00e1 del 30 de septiembre al 03 de octubre en La Rural (Buenos Aires) y el destino Iguaz\u00fa nuevamente se presentar\u00e1 con stand propio.<\/em><\/strong><\/p>\n\n\n\n<p>Continuando con la l\u00ednea de dise\u00f1o que connota a la sustentabilidad, generamos un gran p\u00f3rtico que enmarca una pantalla de leds en altura y el logo \u201cIguaz\u00fa Todo El A\u00f1o\u201d en letras corp\u00f3reas sobre un muro de plantas naturales. Este p\u00f3rtico est\u00e1 enmarcado por una estructura blanca con un centro de madera que brinda calidez al espacio.<\/p>\n\n\n\n<p>El frente impacta por el juego de elementos que generan distinto puntos visuales y permiten tener distintos atractivos en el stand. Hacia la izquierda se ubica la pantalla con el counter institucional. Hacia la derecha la marca con el muro verde en altura y por debajo el espacio para fotos donde los visitantes podr\u00e1n retratarse en el stand. <\/p>\n\n\n\n<figure class=\"wp-block-image size-full\"><a href=\"https:\/\/cvinoticias.com\/wp-content\/uploads\/2023\/09\/FB_IMG_1694553499323.jpg\"><img decoding=\"async\" width=\"960\" height=\"540\" data-src=\"https:\/\/cvinoticias.com\/wp-content\/uploads\/2023\/09\/FB_IMG_1694553499323.jpg\" alt=\"\" class=\"wp-image-27931 lazyload\" data-srcset=\"https:\/\/cvinoticias.com\/wp-content\/uploads\/2023\/09\/FB_IMG_1694553499323.jpg 960w, https:\/\/cvinoticias.com\/wp-content\/uploads\/2023\/09\/FB_IMG_1694553499323-300x169.jpg 300w, https:\/\/cvinoticias.com\/wp-content\/uploads\/2023\/09\/FB_IMG_1694553499323-768x432.jpg 768w\" data-sizes=\"(max-width: 960px) 100vw, 960px\" src=\"data:image\/svg+xml;base64,PHN2ZyB3aWR0aD0iMSIgaGVpZ2h0PSIxIiB4bWxucz0iaHR0cDovL3d3dy53My5vcmcvMjAwMC9zdmciPjwvc3ZnPg==\" style=\"--smush-placeholder-width: 960px; --smush-placeholder-aspect-ratio: 960\/540;\" \/><\/a><\/figure>\n\n\n\n<p>Hacia el frente los counters de atenci\u00f3n general. En todos sus lados puede verse el hashtag Iguaz\u00fa todo el a\u00f1o, tanto en el frente como en los laterales del p\u00f3rtico.<\/p>\n\n\n\n<p>En el interior del stand y por debajo del muro verde, generamos un espacio para fotos donde los visitantes podr\u00e1n retratarse como si estuvieran en la pasarela de las Cataratas del Iguazu. Este espacio se conforma por una gr\u00e1fica de fondo que tiene una pared larga y dos tramos peque\u00f1os en sus laterales y continua por el techo para dar la sensaci\u00f3n de profundidad. Por delante se ubica una baranda de madera junto al hashtag Iguaz\u00fa todo el a\u00f1o.<\/p>\n\n\n\n<figure class=\"wp-block-image size-large\"><a href=\"https:\/\/cvinoticias.com\/wp-content\/uploads\/2023\/09\/FB_IMG_1694553473080.jpg\"><img decoding=\"async\" width=\"1024\" height=\"576\" data-src=\"https:\/\/cvinoticias.com\/wp-content\/uploads\/2023\/09\/FB_IMG_1694553473080-1024x576.jpg\" alt=\"\" class=\"wp-image-27932 lazyload\" data-srcset=\"https:\/\/cvinoticias.com\/wp-content\/uploads\/2023\/09\/FB_IMG_1694553473080-1024x576.jpg 1024w, https:\/\/cvinoticias.com\/wp-content\/uploads\/2023\/09\/FB_IMG_1694553473080-300x169.jpg 300w, https:\/\/cvinoticias.com\/wp-content\/uploads\/2023\/09\/FB_IMG_1694553473080-768x432.jpg 768w, https:\/\/cvinoticias.com\/wp-content\/uploads\/2023\/09\/FB_IMG_1694553473080.jpg 1080w\" data-sizes=\"(max-width: 1024px) 100vw, 1024px\" src=\"data:image\/svg+xml;base64,PHN2ZyB3aWR0aD0iMSIgaGVpZ2h0PSIxIiB4bWxucz0iaHR0cDovL3d3dy53My5vcmcvMjAwMC9zdmciPjwvc3ZnPg==\" style=\"--smush-placeholder-width: 1024px; --smush-placeholder-aspect-ratio: 1024\/576;\" \/><\/a><\/figure>\n\n\n\n<p>La inversi\u00f3n, en conjunto con la Municipalidad de Iguaz\u00fa y el Ente de Turismo de Iguaz\u00fa en compa\u00f1\u00eda con el sector privado, hace parte del Plan de Promoci\u00f3n y Competitividad 2023 del destino Iguazu. Mas turismo, mas trabajo para nuestra gente.<\/p>\n\n\n\n<p>#IguazuTodoElA\u00f1o #IguazuSustentable<\/p>\n","protected":false},"excerpt":{"rendered":"<p>La 27\u00b0 edici\u00f3n de Feria Internacional de Turismo de Am\u00e9rica Latina &#8211; FIT 2023 &#8211; se celebrar\u00e1 del 30 de septiembre al 03 de octubre en La Rural (Buenos Aires) y el destino Iguaz\u00fa nuevamente se presentar\u00e1 con stand propio. Continuando con la l\u00ednea de dise\u00f1o que connota a la sustentabilidad, generamos un gran p\u00f3rtico [&hellip;]<\/p>\n","protected":false},"author":2,"featured_media":27933,"comment_status":"open","ping_status":"open","sticky":false,"template":"","format":"standard","meta":{"footnotes":""},"categories":[50],"tags":[],"class_list":["post-27930","post","type-post","status-publish","format-standard","has-post-thumbnail","hentry","category-turismo"],"yoast_head":"<!-- This site is optimized with the Yoast SEO plugin v27.5 - https:\/\/yoast.com\/product\/yoast-seo-wordpress\/ -->\n<title>Presentaci\u00f3n del render de lo que ser\u00e1 el stand de Iguaz\u00fa en FIT 2023 \u00a0 | CVI NOTICIAS<\/title>\n<meta name=\"robots\" content=\"index, follow, max-snippet:-1, max-image-preview:large, max-video-preview:-1\" \/>\n<link rel=\"canonical\" href=\"https:\/\/cvinoticias.com\/v3\/presentacion-del-render-de-lo-que-sera-el-stand-de-iguazu-en-fit-2023\/\" \/>\n<meta property=\"og:locale\" content=\"es_ES\" \/>\n<meta property=\"og:type\" content=\"article\" \/>\n<meta property=\"og:title\" content=\"Presentaci\u00f3n del render de lo que ser\u00e1 el stand de Iguaz\u00fa en FIT 2023 \u00a0 | CVI NOTICIAS\" \/>\n<meta property=\"og:description\" content=\"La 27\u00b0 edici\u00f3n de Feria Internacional de Turismo de Am\u00e9rica Latina &#8211; FIT 2023 &#8211; se celebrar\u00e1 del 30 de septiembre al 03 de octubre en La Rural (Buenos Aires) y el destino Iguaz\u00fa nuevamente se presentar\u00e1 con stand propio. Continuando con la l\u00ednea de dise\u00f1o que connota a la sustentabilidad, generamos un gran p\u00f3rtico [&hellip;]\" \/>\n<meta property=\"og:url\" content=\"https:\/\/cvinoticias.com\/v3\/presentacion-del-render-de-lo-que-sera-el-stand-de-iguazu-en-fit-2023\/\" \/>\n<meta property=\"og:site_name\" content=\"CVI NOTICIAS\" \/>\n<meta property=\"article:publisher\" content=\"https:\/\/www.facebook.com\/cvinoticias\" \/>\n<meta property=\"article:published_time\" content=\"2023-09-12T21:32:49+00:00\" \/>\n<meta property=\"article:modified_time\" content=\"2023-09-12T22:14:39+00:00\" \/>\n<meta property=\"og:image\" content=\"https:\/\/cvinoticias.com\/wp-content\/uploads\/2023\/09\/FB_IMG_1694553467062.jpg\" \/>\n\t<meta property=\"og:image:width\" content=\"1080\" \/>\n\t<meta property=\"og:image:height\" content=\"607\" \/>\n\t<meta property=\"og:image:type\" content=\"image\/jpeg\" \/>\n<meta name=\"author\" content=\"f1000024\" \/>\n<meta name=\"twitter:card\" content=\"summary_large_image\" \/>\n<meta name=\"twitter:label1\" content=\"Escrito por\" \/>\n\t<meta name=\"twitter:data1\" content=\"f1000024\" \/>\n\t<meta name=\"twitter:label2\" content=\"Tiempo de lectura\" \/>\n\t<meta name=\"twitter:data2\" content=\"2 minutos\" \/>\n<script type=\"application\/ld+json\" class=\"yoast-schema-graph\">{\"@context\":\"https:\\\/\\\/schema.org\",\"@graph\":[{\"@type\":\"Article\",\"@id\":\"https:\\\/\\\/cvinoticias.com\\\/v3\\\/presentacion-del-render-de-lo-que-sera-el-stand-de-iguazu-en-fit-2023\\\/#article\",\"isPartOf\":{\"@id\":\"https:\\\/\\\/cvinoticias.com\\\/v3\\\/presentacion-del-render-de-lo-que-sera-el-stand-de-iguazu-en-fit-2023\\\/\"},\"author\":{\"name\":\"f1000024\",\"@id\":\"https:\\\/\\\/cvinoticias.com\\\/v3\\\/#\\\/schema\\\/person\\\/2db77e3c6bc03c538495d7b2b8be9b66\"},\"headline\":\"Presentaci\u00f3n del render de lo que ser\u00e1 el stand de Iguaz\u00fa en FIT 2023 \u00a0\",\"datePublished\":\"2023-09-12T21:32:49+00:00\",\"dateModified\":\"2023-09-12T22:14:39+00:00\",\"mainEntityOfPage\":{\"@id\":\"https:\\\/\\\/cvinoticias.com\\\/v3\\\/presentacion-del-render-de-lo-que-sera-el-stand-de-iguazu-en-fit-2023\\\/\"},\"wordCount\":337,\"commentCount\":0,\"publisher\":{\"@id\":\"https:\\\/\\\/cvinoticias.com\\\/v3\\\/#organization\"},\"image\":{\"@id\":\"https:\\\/\\\/cvinoticias.com\\\/v3\\\/presentacion-del-render-de-lo-que-sera-el-stand-de-iguazu-en-fit-2023\\\/#primaryimage\"},\"thumbnailUrl\":\"https:\\\/\\\/cvinoticias.com\\\/wp-content\\\/uploads\\\/2023\\\/09\\\/FB_IMG_1694553467062.jpg\",\"articleSection\":[\"Turismo\"],\"inLanguage\":\"es\",\"potentialAction\":[{\"@type\":\"CommentAction\",\"name\":\"Comment\",\"target\":[\"https:\\\/\\\/cvinoticias.com\\\/v3\\\/presentacion-del-render-de-lo-que-sera-el-stand-de-iguazu-en-fit-2023\\\/#respond\"]}]},{\"@type\":\"WebPage\",\"@id\":\"https:\\\/\\\/cvinoticias.com\\\/v3\\\/presentacion-del-render-de-lo-que-sera-el-stand-de-iguazu-en-fit-2023\\\/\",\"url\":\"https:\\\/\\\/cvinoticias.com\\\/v3\\\/presentacion-del-render-de-lo-que-sera-el-stand-de-iguazu-en-fit-2023\\\/\",\"name\":\"Presentaci\u00f3n del render de lo que ser\u00e1 el stand de Iguaz\u00fa en FIT 2023 \u00a0 | CVI NOTICIAS\",\"isPartOf\":{\"@id\":\"https:\\\/\\\/cvinoticias.com\\\/v3\\\/#website\"},\"primaryImageOfPage\":{\"@id\":\"https:\\\/\\\/cvinoticias.com\\\/v3\\\/presentacion-del-render-de-lo-que-sera-el-stand-de-iguazu-en-fit-2023\\\/#primaryimage\"},\"image\":{\"@id\":\"https:\\\/\\\/cvinoticias.com\\\/v3\\\/presentacion-del-render-de-lo-que-sera-el-stand-de-iguazu-en-fit-2023\\\/#primaryimage\"},\"thumbnailUrl\":\"https:\\\/\\\/cvinoticias.com\\\/wp-content\\\/uploads\\\/2023\\\/09\\\/FB_IMG_1694553467062.jpg\",\"datePublished\":\"2023-09-12T21:32:49+00:00\",\"dateModified\":\"2023-09-12T22:14:39+00:00\",\"breadcrumb\":{\"@id\":\"https:\\\/\\\/cvinoticias.com\\\/v3\\\/presentacion-del-render-de-lo-que-sera-el-stand-de-iguazu-en-fit-2023\\\/#breadcrumb\"},\"inLanguage\":\"es\",\"potentialAction\":[{\"@type\":\"ReadAction\",\"target\":[\"https:\\\/\\\/cvinoticias.com\\\/v3\\\/presentacion-del-render-de-lo-que-sera-el-stand-de-iguazu-en-fit-2023\\\/\"]}]},{\"@type\":\"ImageObject\",\"inLanguage\":\"es\",\"@id\":\"https:\\\/\\\/cvinoticias.com\\\/v3\\\/presentacion-del-render-de-lo-que-sera-el-stand-de-iguazu-en-fit-2023\\\/#primaryimage\",\"url\":\"https:\\\/\\\/cvinoticias.com\\\/wp-content\\\/uploads\\\/2023\\\/09\\\/FB_IMG_1694553467062.jpg\",\"contentUrl\":\"https:\\\/\\\/cvinoticias.com\\\/wp-content\\\/uploads\\\/2023\\\/09\\\/FB_IMG_1694553467062.jpg\",\"width\":1080,\"height\":607},{\"@type\":\"BreadcrumbList\",\"@id\":\"https:\\\/\\\/cvinoticias.com\\\/v3\\\/presentacion-del-render-de-lo-que-sera-el-stand-de-iguazu-en-fit-2023\\\/#breadcrumb\",\"itemListElement\":[{\"@type\":\"ListItem\",\"position\":1,\"name\":\"Portada\",\"item\":\"https:\\\/\\\/cvinoticias.com\\\/v3\\\/\"},{\"@type\":\"ListItem\",\"position\":2,\"name\":\"Presentaci\u00f3n del render de lo que ser\u00e1 el stand de Iguaz\u00fa en FIT 2023 \u00a0\"}]},{\"@type\":\"WebSite\",\"@id\":\"https:\\\/\\\/cvinoticias.com\\\/v3\\\/#website\",\"url\":\"https:\\\/\\\/cvinoticias.com\\\/v3\\\/\",\"name\":\"CVI NOTICIAS\",\"description\":\"\",\"publisher\":{\"@id\":\"https:\\\/\\\/cvinoticias.com\\\/v3\\\/#organization\"},\"alternateName\":\"CVI\",\"potentialAction\":[{\"@type\":\"SearchAction\",\"target\":{\"@type\":\"EntryPoint\",\"urlTemplate\":\"https:\\\/\\\/cvinoticias.com\\\/v3\\\/?s={search_term_string}\"},\"query-input\":{\"@type\":\"PropertyValueSpecification\",\"valueRequired\":true,\"valueName\":\"search_term_string\"}}],\"inLanguage\":\"es\"},{\"@type\":\"Organization\",\"@id\":\"https:\\\/\\\/cvinoticias.com\\\/v3\\\/#organization\",\"name\":\"CVI NOTICIAS\",\"url\":\"https:\\\/\\\/cvinoticias.com\\\/v3\\\/\",\"logo\":{\"@type\":\"ImageObject\",\"inLanguage\":\"es\",\"@id\":\"https:\\\/\\\/cvinoticias.com\\\/v3\\\/#\\\/schema\\\/logo\\\/image\\\/\",\"url\":\"https:\\\/\\\/cvinoticias.com\\\/wp-content\\\/uploads\\\/2023\\\/04\\\/cropped-cropped-cropped-cropped-cropped-3-1.png\",\"contentUrl\":\"https:\\\/\\\/cvinoticias.com\\\/wp-content\\\/uploads\\\/2023\\\/04\\\/cropped-cropped-cropped-cropped-cropped-3-1.png\",\"width\":95,\"height\":122,\"caption\":\"CVI NOTICIAS\"},\"image\":{\"@id\":\"https:\\\/\\\/cvinoticias.com\\\/v3\\\/#\\\/schema\\\/logo\\\/image\\\/\"},\"sameAs\":[\"https:\\\/\\\/www.facebook.com\\\/cvinoticias\",\"https:\\\/\\\/www.instagram.com\\\/cvinoticias\\\/\",\"https:\\\/\\\/www.youtube.com\\\/@CVINOTICIAS\"]},{\"@type\":\"Person\",\"@id\":\"https:\\\/\\\/cvinoticias.com\\\/v3\\\/#\\\/schema\\\/person\\\/2db77e3c6bc03c538495d7b2b8be9b66\",\"name\":\"f1000024\",\"image\":{\"@type\":\"ImageObject\",\"inLanguage\":\"es\",\"@id\":\"https:\\\/\\\/secure.gravatar.com\\\/avatar\\\/d4fe7459cfc51ff5129ce1a732bbef5928568b8092d412ef95611616376bbeed?s=96&d=mm&r=g\",\"url\":\"https:\\\/\\\/secure.gravatar.com\\\/avatar\\\/d4fe7459cfc51ff5129ce1a732bbef5928568b8092d412ef95611616376bbeed?s=96&d=mm&r=g\",\"contentUrl\":\"https:\\\/\\\/secure.gravatar.com\\\/avatar\\\/d4fe7459cfc51ff5129ce1a732bbef5928568b8092d412ef95611616376bbeed?s=96&d=mm&r=g\",\"caption\":\"f1000024\"},\"url\":\"https:\\\/\\\/cvinoticias.com\\\/v3\\\/author\\\/f1000024\\\/\"}]}<\/script>\n<!-- \/ Yoast SEO plugin. -->","yoast_head_json":{"title":"Presentaci\u00f3n del render de lo que ser\u00e1 el stand de Iguaz\u00fa en FIT 2023 \u00a0 | CVI NOTICIAS","robots":{"index":"index","follow":"follow","max-snippet":"max-snippet:-1","max-image-preview":"max-image-preview:large","max-video-preview":"max-video-preview:-1"},"canonical":"https:\/\/cvinoticias.com\/v3\/presentacion-del-render-de-lo-que-sera-el-stand-de-iguazu-en-fit-2023\/","og_locale":"es_ES","og_type":"article","og_title":"Presentaci\u00f3n del render de lo que ser\u00e1 el stand de Iguaz\u00fa en FIT 2023 \u00a0 | CVI NOTICIAS","og_description":"La 27\u00b0 edici\u00f3n de Feria Internacional de Turismo de Am\u00e9rica Latina &#8211; FIT 2023 &#8211; se celebrar\u00e1 del 30 de septiembre al 03 de octubre en La Rural (Buenos Aires) y el destino Iguaz\u00fa nuevamente se presentar\u00e1 con stand propio. Continuando con la l\u00ednea de dise\u00f1o que connota a la sustentabilidad, generamos un gran p\u00f3rtico [&hellip;]","og_url":"https:\/\/cvinoticias.com\/v3\/presentacion-del-render-de-lo-que-sera-el-stand-de-iguazu-en-fit-2023\/","og_site_name":"CVI NOTICIAS","article_publisher":"https:\/\/www.facebook.com\/cvinoticias","article_published_time":"2023-09-12T21:32:49+00:00","article_modified_time":"2023-09-12T22:14:39+00:00","og_image":[{"width":1080,"height":607,"url":"https:\/\/cvinoticias.com\/wp-content\/uploads\/2023\/09\/FB_IMG_1694553467062.jpg","type":"image\/jpeg"}],"author":"f1000024","twitter_card":"summary_large_image","twitter_misc":{"Escrito por":"f1000024","Tiempo de lectura":"2 minutos"},"schema":{"@context":"https:\/\/schema.org","@graph":[{"@type":"Article","@id":"https:\/\/cvinoticias.com\/v3\/presentacion-del-render-de-lo-que-sera-el-stand-de-iguazu-en-fit-2023\/#article","isPartOf":{"@id":"https:\/\/cvinoticias.com\/v3\/presentacion-del-render-de-lo-que-sera-el-stand-de-iguazu-en-fit-2023\/"},"author":{"name":"f1000024","@id":"https:\/\/cvinoticias.com\/v3\/#\/schema\/person\/2db77e3c6bc03c538495d7b2b8be9b66"},"headline":"Presentaci\u00f3n del render de lo que ser\u00e1 el stand de Iguaz\u00fa en FIT 2023 \u00a0","datePublished":"2023-09-12T21:32:49+00:00","dateModified":"2023-09-12T22:14:39+00:00","mainEntityOfPage":{"@id":"https:\/\/cvinoticias.com\/v3\/presentacion-del-render-de-lo-que-sera-el-stand-de-iguazu-en-fit-2023\/"},"wordCount":337,"commentCount":0,"publisher":{"@id":"https:\/\/cvinoticias.com\/v3\/#organization"},"image":{"@id":"https:\/\/cvinoticias.com\/v3\/presentacion-del-render-de-lo-que-sera-el-stand-de-iguazu-en-fit-2023\/#primaryimage"},"thumbnailUrl":"https:\/\/cvinoticias.com\/wp-content\/uploads\/2023\/09\/FB_IMG_1694553467062.jpg","articleSection":["Turismo"],"inLanguage":"es","potentialAction":[{"@type":"CommentAction","name":"Comment","target":["https:\/\/cvinoticias.com\/v3\/presentacion-del-render-de-lo-que-sera-el-stand-de-iguazu-en-fit-2023\/#respond"]}]},{"@type":"WebPage","@id":"https:\/\/cvinoticias.com\/v3\/presentacion-del-render-de-lo-que-sera-el-stand-de-iguazu-en-fit-2023\/","url":"https:\/\/cvinoticias.com\/v3\/presentacion-del-render-de-lo-que-sera-el-stand-de-iguazu-en-fit-2023\/","name":"Presentaci\u00f3n del render de lo que ser\u00e1 el stand de Iguaz\u00fa en FIT 2023 \u00a0 | CVI NOTICIAS","isPartOf":{"@id":"https:\/\/cvinoticias.com\/v3\/#website"},"primaryImageOfPage":{"@id":"https:\/\/cvinoticias.com\/v3\/presentacion-del-render-de-lo-que-sera-el-stand-de-iguazu-en-fit-2023\/#primaryimage"},"image":{"@id":"https:\/\/cvinoticias.com\/v3\/presentacion-del-render-de-lo-que-sera-el-stand-de-iguazu-en-fit-2023\/#primaryimage"},"thumbnailUrl":"https:\/\/cvinoticias.com\/wp-content\/uploads\/2023\/09\/FB_IMG_1694553467062.jpg","datePublished":"2023-09-12T21:32:49+00:00","dateModified":"2023-09-12T22:14:39+00:00","breadcrumb":{"@id":"https:\/\/cvinoticias.com\/v3\/presentacion-del-render-de-lo-que-sera-el-stand-de-iguazu-en-fit-2023\/#breadcrumb"},"inLanguage":"es","potentialAction":[{"@type":"ReadAction","target":["https:\/\/cvinoticias.com\/v3\/presentacion-del-render-de-lo-que-sera-el-stand-de-iguazu-en-fit-2023\/"]}]},{"@type":"ImageObject","inLanguage":"es","@id":"https:\/\/cvinoticias.com\/v3\/presentacion-del-render-de-lo-que-sera-el-stand-de-iguazu-en-fit-2023\/#primaryimage","url":"https:\/\/cvinoticias.com\/wp-content\/uploads\/2023\/09\/FB_IMG_1694553467062.jpg","contentUrl":"https:\/\/cvinoticias.com\/wp-content\/uploads\/2023\/09\/FB_IMG_1694553467062.jpg","width":1080,"height":607},{"@type":"BreadcrumbList","@id":"https:\/\/cvinoticias.com\/v3\/presentacion-del-render-de-lo-que-sera-el-stand-de-iguazu-en-fit-2023\/#breadcrumb","itemListElement":[{"@type":"ListItem","position":1,"name":"Portada","item":"https:\/\/cvinoticias.com\/v3\/"},{"@type":"ListItem","position":2,"name":"Presentaci\u00f3n del render de lo que ser\u00e1 el stand de Iguaz\u00fa en FIT 2023 \u00a0"}]},{"@type":"WebSite","@id":"https:\/\/cvinoticias.com\/v3\/#website","url":"https:\/\/cvinoticias.com\/v3\/","name":"CVI NOTICIAS","description":"","publisher":{"@id":"https:\/\/cvinoticias.com\/v3\/#organization"},"alternateName":"CVI","potentialAction":[{"@type":"SearchAction","target":{"@type":"EntryPoint","urlTemplate":"https:\/\/cvinoticias.com\/v3\/?s={search_term_string}"},"query-input":{"@type":"PropertyValueSpecification","valueRequired":true,"valueName":"search_term_string"}}],"inLanguage":"es"},{"@type":"Organization","@id":"https:\/\/cvinoticias.com\/v3\/#organization","name":"CVI NOTICIAS","url":"https:\/\/cvinoticias.com\/v3\/","logo":{"@type":"ImageObject","inLanguage":"es","@id":"https:\/\/cvinoticias.com\/v3\/#\/schema\/logo\/image\/","url":"https:\/\/cvinoticias.com\/wp-content\/uploads\/2023\/04\/cropped-cropped-cropped-cropped-cropped-3-1.png","contentUrl":"https:\/\/cvinoticias.com\/wp-content\/uploads\/2023\/04\/cropped-cropped-cropped-cropped-cropped-3-1.png","width":95,"height":122,"caption":"CVI NOTICIAS"},"image":{"@id":"https:\/\/cvinoticias.com\/v3\/#\/schema\/logo\/image\/"},"sameAs":["https:\/\/www.facebook.com\/cvinoticias","https:\/\/www.instagram.com\/cvinoticias\/","https:\/\/www.youtube.com\/@CVINOTICIAS"]},{"@type":"Person","@id":"https:\/\/cvinoticias.com\/v3\/#\/schema\/person\/2db77e3c6bc03c538495d7b2b8be9b66","name":"f1000024","image":{"@type":"ImageObject","inLanguage":"es","@id":"https:\/\/secure.gravatar.com\/avatar\/d4fe7459cfc51ff5129ce1a732bbef5928568b8092d412ef95611616376bbeed?s=96&d=mm&r=g","url":"https:\/\/secure.gravatar.com\/avatar\/d4fe7459cfc51ff5129ce1a732bbef5928568b8092d412ef95611616376bbeed?s=96&d=mm&r=g","contentUrl":"https:\/\/secure.gravatar.com\/avatar\/d4fe7459cfc51ff5129ce1a732bbef5928568b8092d412ef95611616376bbeed?s=96&d=mm&r=g","caption":"f1000024"},"url":"https:\/\/cvinoticias.com\/v3\/author\/f1000024\/"}]}},"_links":{"self":[{"href":"https:\/\/cvinoticias.com\/v3\/wp-json\/wp\/v2\/posts\/27930","targetHints":{"allow":["GET"]}}],"collection":[{"href":"https:\/\/cvinoticias.com\/v3\/wp-json\/wp\/v2\/posts"}],"about":[{"href":"https:\/\/cvinoticias.com\/v3\/wp-json\/wp\/v2\/types\/post"}],"author":[{"embeddable":true,"href":"https:\/\/cvinoticias.com\/v3\/wp-json\/wp\/v2\/users\/2"}],"replies":[{"embeddable":true,"href":"https:\/\/cvinoticias.com\/v3\/wp-json\/wp\/v2\/comments?post=27930"}],"version-history":[{"count":1,"href":"https:\/\/cvinoticias.com\/v3\/wp-json\/wp\/v2\/posts\/27930\/revisions"}],"predecessor-version":[{"id":27934,"href":"https:\/\/cvinoticias.com\/v3\/wp-json\/wp\/v2\/posts\/27930\/revisions\/27934"}],"wp:featuredmedia":[{"embeddable":true,"href":"https:\/\/cvinoticias.com\/v3\/wp-json\/wp\/v2\/media\/27933"}],"wp:attachment":[{"href":"https:\/\/cvinoticias.com\/v3\/wp-json\/wp\/v2\/media?parent=27930"}],"wp:term":[{"taxonomy":"category","embeddable":true,"href":"https:\/\/cvinoticias.com\/v3\/wp-json\/wp\/v2\/categories?post=27930"},{"taxonomy":"post_tag","embeddable":true,"href":"https:\/\/cvinoticias.com\/v3\/wp-json\/wp\/v2\/tags?post=27930"}],"curies":[{"name":"wp","href":"https:\/\/api.w.org\/{rel}","templated":true}]}}