{"id":27910,"date":"2023-09-12T11:52:43","date_gmt":"2023-09-12T11:52:43","guid":{"rendered":"https:\/\/cvinoticias.com\/v3\/?p=27910"},"modified":"2023-09-12T11:54:07","modified_gmt":"2023-09-12T11:54:07","slug":"atletas-iguazuences-en-lo-mas-alto-de-la-ultra-maraton-yaboty","status":"publish","type":"post","link":"https:\/\/cvinoticias.com\/v3\/atletas-iguazuences-en-lo-mas-alto-de-la-ultra-maraton-yaboty\/","title":{"rendered":"Atletas iguazuences en lo m\u00e1s alto de la Ultra Marat\u00f3n Yaboty"},"content":{"rendered":"\n<p><em><strong>Los runners Mar\u00eda Fernanda Fiol y Mat\u00edas Moreira brillaron en la destaca competencia en plena selva.<\/strong><\/em><\/p>\n\n\n\n<p>En un emocionante evento que reuni\u00f3 a m\u00e1s de 1600 corredores de todo el pa\u00eds y pa\u00edses lim\u00edtrofes, la corredora iguazuense, Mar\u00eda Fernanda Fiol, se destac\u00f3 al alcanzar el podio en la categor\u00eda de 50Km de la 12\u00ba edici\u00f3n de la Ultra Marat\u00f3n Yaboty, desarrollada el pasado domingo en El Soberbio. Con 35 a\u00f1os de edad, Fiol demostr\u00f3 su destreza en medio de la selva y consolid\u00f3 su presencia en el mundo de las carreras de larga distancia.<\/p>\n\n\n\n<figure class=\"wp-block-image size-large\"><a href=\"https:\/\/cvinoticias.com\/wp-content\/uploads\/2023\/09\/IMG-20230912-WA0078.jpg\"><img decoding=\"async\" width=\"1024\" height=\"753\" data-src=\"https:\/\/cvinoticias.com\/wp-content\/uploads\/2023\/09\/IMG-20230912-WA0078-1024x753.jpg\" alt=\"\" class=\"wp-image-27911 lazyload\" data-srcset=\"https:\/\/cvinoticias.com\/wp-content\/uploads\/2023\/09\/IMG-20230912-WA0078-1024x753.jpg 1024w, https:\/\/cvinoticias.com\/wp-content\/uploads\/2023\/09\/IMG-20230912-WA0078-300x220.jpg 300w, https:\/\/cvinoticias.com\/wp-content\/uploads\/2023\/09\/IMG-20230912-WA0078-768x564.jpg 768w, https:\/\/cvinoticias.com\/wp-content\/uploads\/2023\/09\/IMG-20230912-WA0078.jpg 1290w\" data-sizes=\"(max-width: 1024px) 100vw, 1024px\" src=\"data:image\/svg+xml;base64,PHN2ZyB3aWR0aD0iMSIgaGVpZ2h0PSIxIiB4bWxucz0iaHR0cDovL3d3dy53My5vcmcvMjAwMC9zdmciPjwvc3ZnPg==\" style=\"--smush-placeholder-width: 1024px; --smush-placeholder-aspect-ratio: 1024\/753;\" \/><\/a><\/figure>\n\n\n\n<p>Mar\u00eda Fernanda Fiol, quien ha estado participando activamente en eventos deportivos durante los \u00faltimos 4 a\u00f1os, se enfrent\u00f3 a un desafiante recorrido de 50 kil\u00f3metros en la densa selva de la regi\u00f3n. Su destacada actuaci\u00f3n es un testimonio del talento y la determinaci\u00f3n de los atletas locales.<\/p>\n\n\n\n<p>Los habitantes de Iguaz\u00fa, conocedores de su selva y sus trails, se han ganado una merecida reputaci\u00f3n en el mundo de las carreras de monta\u00f1a. La Ultra Marat\u00f3n Yaboty congreg\u00f3 a corredores de elite de toda de toda la regi\u00f3n.<\/p>\n\n\n\n<figure class=\"wp-block-image size-full\"><a href=\"https:\/\/cvinoticias.com\/wp-content\/uploads\/2023\/09\/IMG-20230912-WA0073.jpg\"><img decoding=\"async\" width=\"900\" height=\"779\" data-src=\"https:\/\/cvinoticias.com\/wp-content\/uploads\/2023\/09\/IMG-20230912-WA0073.jpg\" alt=\"\" class=\"wp-image-27912 lazyload\" data-srcset=\"https:\/\/cvinoticias.com\/wp-content\/uploads\/2023\/09\/IMG-20230912-WA0073.jpg 900w, https:\/\/cvinoticias.com\/wp-content\/uploads\/2023\/09\/IMG-20230912-WA0073-300x260.jpg 300w, https:\/\/cvinoticias.com\/wp-content\/uploads\/2023\/09\/IMG-20230912-WA0073-768x665.jpg 768w\" data-sizes=\"(max-width: 900px) 100vw, 900px\" src=\"data:image\/svg+xml;base64,PHN2ZyB3aWR0aD0iMSIgaGVpZ2h0PSIxIiB4bWxucz0iaHR0cDovL3d3dy53My5vcmcvMjAwMC9zdmciPjwvc3ZnPg==\" style=\"--smush-placeholder-width: 900px; --smush-placeholder-aspect-ratio: 900\/779;\" \/><\/a><\/figure>\n\n\n\n<p>Mat\u00edas Moreira, por su parte, demostr\u00f3 una vez m\u00e1s su velocidad y resistencia al ganar los 36 kil\u00f3metros de la Jungle Trail. Su victoria es un testimonio de su dedicaci\u00f3n y entrenamiento constante en el mundo de las carreras de monta\u00f1a.<\/p>\n\n\n\n<p>Adem\u00e1s, en esta edici\u00f3n, dos mujeres iguazuenses tambi\u00e9n se destacaron en la competencia. Silvia Baez, segundo lugar en la general de 14 kil\u00f3metros, mientras que Karen Ponce se destac\u00f3 al obtener el primer puesto en su categor\u00eda en la carrera de 70 kil\u00f3metros.<\/p>\n\n\n\n<p>La Ultra Marat\u00f3n Yaboty contin\u00faa siendo un evento emblem\u00e1tico que desaf\u00eda a los corredores a superar las dificultades de la naturaleza en medio de la selva. La comunidad de Iguaz\u00fa se enorgullece de sus atletas locales y espera con entusiasmo las futuras haza\u00f1as en este apasionante deporte.<\/p>\n","protected":false},"excerpt":{"rendered":"<p>Los runners Mar\u00eda Fernanda Fiol y Mat\u00edas Moreira brillaron en la destaca competencia en plena selva. En un emocionante evento que reuni\u00f3 a m\u00e1s de 1600 corredores de todo el pa\u00eds y pa\u00edses lim\u00edtrofes, la corredora iguazuense, Mar\u00eda Fernanda Fiol, se destac\u00f3 al alcanzar el podio en la categor\u00eda de 50Km de la 12\u00ba edici\u00f3n [&hellip;]<\/p>\n","protected":false},"author":2,"featured_media":27913,"comment_status":"open","ping_status":"open","sticky":false,"template":"","format":"standard","meta":{"footnotes":""},"categories":[43],"tags":[],"class_list":["post-27910","post","type-post","status-publish","format-standard","has-post-thumbnail","hentry","category-provinciales"],"yoast_head":"<!-- This site is optimized with the Yoast SEO plugin v27.4 - https:\/\/yoast.com\/product\/yoast-seo-wordpress\/ -->\n<title>Atletas iguazuences en lo m\u00e1s alto de la Ultra Marat\u00f3n Yaboty | CVI NOTICIAS<\/title>\n<meta name=\"robots\" content=\"index, follow, max-snippet:-1, max-image-preview:large, max-video-preview:-1\" \/>\n<link rel=\"canonical\" href=\"https:\/\/cvinoticias.com\/v3\/atletas-iguazuences-en-lo-mas-alto-de-la-ultra-maraton-yaboty\/\" \/>\n<meta property=\"og:locale\" content=\"es_ES\" \/>\n<meta property=\"og:type\" content=\"article\" \/>\n<meta property=\"og:title\" content=\"Atletas iguazuences en lo m\u00e1s alto de la Ultra Marat\u00f3n Yaboty | CVI NOTICIAS\" \/>\n<meta property=\"og:description\" content=\"Los runners Mar\u00eda Fernanda Fiol y Mat\u00edas Moreira brillaron en la destaca competencia en plena selva. En un emocionante evento que reuni\u00f3 a m\u00e1s de 1600 corredores de todo el pa\u00eds y pa\u00edses lim\u00edtrofes, la corredora iguazuense, Mar\u00eda Fernanda Fiol, se destac\u00f3 al alcanzar el podio en la categor\u00eda de 50Km de la 12\u00ba edici\u00f3n [&hellip;]\" \/>\n<meta property=\"og:url\" content=\"https:\/\/cvinoticias.com\/v3\/atletas-iguazuences-en-lo-mas-alto-de-la-ultra-maraton-yaboty\/\" \/>\n<meta property=\"og:site_name\" content=\"CVI NOTICIAS\" \/>\n<meta property=\"article:publisher\" content=\"https:\/\/www.facebook.com\/cvinoticias\" \/>\n<meta property=\"article:published_time\" content=\"2023-09-12T11:52:43+00:00\" \/>\n<meta property=\"article:modified_time\" content=\"2023-09-12T11:54:07+00:00\" \/>\n<meta property=\"og:image\" content=\"https:\/\/cvinoticias.com\/wp-content\/uploads\/2023\/09\/IMG-20230912-WA0072.jpg\" \/>\n\t<meta property=\"og:image:width\" content=\"1290\" \/>\n\t<meta property=\"og:image:height\" content=\"1135\" \/>\n\t<meta property=\"og:image:type\" content=\"image\/jpeg\" \/>\n<meta name=\"author\" content=\"f1000024\" \/>\n<meta name=\"twitter:card\" content=\"summary_large_image\" \/>\n<meta name=\"twitter:label1\" content=\"Escrito por\" \/>\n\t<meta name=\"twitter:data1\" content=\"f1000024\" \/>\n\t<meta name=\"twitter:label2\" content=\"Tiempo de lectura\" \/>\n\t<meta name=\"twitter:data2\" content=\"2 minutos\" \/>\n<script type=\"application\/ld+json\" class=\"yoast-schema-graph\">{\"@context\":\"https:\\\/\\\/schema.org\",\"@graph\":[{\"@type\":\"Article\",\"@id\":\"https:\\\/\\\/cvinoticias.com\\\/v3\\\/atletas-iguazuences-en-lo-mas-alto-de-la-ultra-maraton-yaboty\\\/#article\",\"isPartOf\":{\"@id\":\"https:\\\/\\\/cvinoticias.com\\\/v3\\\/atletas-iguazuences-en-lo-mas-alto-de-la-ultra-maraton-yaboty\\\/\"},\"author\":{\"name\":\"f1000024\",\"@id\":\"https:\\\/\\\/cvinoticias.com\\\/v3\\\/#\\\/schema\\\/person\\\/2db77e3c6bc03c538495d7b2b8be9b66\"},\"headline\":\"Atletas iguazuences en lo m\u00e1s alto de la Ultra Marat\u00f3n Yaboty\",\"datePublished\":\"2023-09-12T11:52:43+00:00\",\"dateModified\":\"2023-09-12T11:54:07+00:00\",\"mainEntityOfPage\":{\"@id\":\"https:\\\/\\\/cvinoticias.com\\\/v3\\\/atletas-iguazuences-en-lo-mas-alto-de-la-ultra-maraton-yaboty\\\/\"},\"wordCount\":354,\"commentCount\":0,\"publisher\":{\"@id\":\"https:\\\/\\\/cvinoticias.com\\\/v3\\\/#organization\"},\"image\":{\"@id\":\"https:\\\/\\\/cvinoticias.com\\\/v3\\\/atletas-iguazuences-en-lo-mas-alto-de-la-ultra-maraton-yaboty\\\/#primaryimage\"},\"thumbnailUrl\":\"https:\\\/\\\/cvinoticias.com\\\/wp-content\\\/uploads\\\/2023\\\/09\\\/IMG-20230912-WA0072.jpg\",\"articleSection\":[\"Provinciales\"],\"inLanguage\":\"es\",\"potentialAction\":[{\"@type\":\"CommentAction\",\"name\":\"Comment\",\"target\":[\"https:\\\/\\\/cvinoticias.com\\\/v3\\\/atletas-iguazuences-en-lo-mas-alto-de-la-ultra-maraton-yaboty\\\/#respond\"]}]},{\"@type\":\"WebPage\",\"@id\":\"https:\\\/\\\/cvinoticias.com\\\/v3\\\/atletas-iguazuences-en-lo-mas-alto-de-la-ultra-maraton-yaboty\\\/\",\"url\":\"https:\\\/\\\/cvinoticias.com\\\/v3\\\/atletas-iguazuences-en-lo-mas-alto-de-la-ultra-maraton-yaboty\\\/\",\"name\":\"Atletas iguazuences en lo m\u00e1s alto de la Ultra Marat\u00f3n Yaboty | CVI NOTICIAS\",\"isPartOf\":{\"@id\":\"https:\\\/\\\/cvinoticias.com\\\/v3\\\/#website\"},\"primaryImageOfPage\":{\"@id\":\"https:\\\/\\\/cvinoticias.com\\\/v3\\\/atletas-iguazuences-en-lo-mas-alto-de-la-ultra-maraton-yaboty\\\/#primaryimage\"},\"image\":{\"@id\":\"https:\\\/\\\/cvinoticias.com\\\/v3\\\/atletas-iguazuences-en-lo-mas-alto-de-la-ultra-maraton-yaboty\\\/#primaryimage\"},\"thumbnailUrl\":\"https:\\\/\\\/cvinoticias.com\\\/wp-content\\\/uploads\\\/2023\\\/09\\\/IMG-20230912-WA0072.jpg\",\"datePublished\":\"2023-09-12T11:52:43+00:00\",\"dateModified\":\"2023-09-12T11:54:07+00:00\",\"breadcrumb\":{\"@id\":\"https:\\\/\\\/cvinoticias.com\\\/v3\\\/atletas-iguazuences-en-lo-mas-alto-de-la-ultra-maraton-yaboty\\\/#breadcrumb\"},\"inLanguage\":\"es\",\"potentialAction\":[{\"@type\":\"ReadAction\",\"target\":[\"https:\\\/\\\/cvinoticias.com\\\/v3\\\/atletas-iguazuences-en-lo-mas-alto-de-la-ultra-maraton-yaboty\\\/\"]}]},{\"@type\":\"ImageObject\",\"inLanguage\":\"es\",\"@id\":\"https:\\\/\\\/cvinoticias.com\\\/v3\\\/atletas-iguazuences-en-lo-mas-alto-de-la-ultra-maraton-yaboty\\\/#primaryimage\",\"url\":\"https:\\\/\\\/cvinoticias.com\\\/wp-content\\\/uploads\\\/2023\\\/09\\\/IMG-20230912-WA0072.jpg\",\"contentUrl\":\"https:\\\/\\\/cvinoticias.com\\\/wp-content\\\/uploads\\\/2023\\\/09\\\/IMG-20230912-WA0072.jpg\",\"width\":1290,\"height\":1135},{\"@type\":\"BreadcrumbList\",\"@id\":\"https:\\\/\\\/cvinoticias.com\\\/v3\\\/atletas-iguazuences-en-lo-mas-alto-de-la-ultra-maraton-yaboty\\\/#breadcrumb\",\"itemListElement\":[{\"@type\":\"ListItem\",\"position\":1,\"name\":\"Portada\",\"item\":\"https:\\\/\\\/cvinoticias.com\\\/v3\\\/\"},{\"@type\":\"ListItem\",\"position\":2,\"name\":\"Atletas iguazuences en lo m\u00e1s alto de la Ultra Marat\u00f3n Yaboty\"}]},{\"@type\":\"WebSite\",\"@id\":\"https:\\\/\\\/cvinoticias.com\\\/v3\\\/#website\",\"url\":\"https:\\\/\\\/cvinoticias.com\\\/v3\\\/\",\"name\":\"CVI NOTICIAS\",\"description\":\"\",\"publisher\":{\"@id\":\"https:\\\/\\\/cvinoticias.com\\\/v3\\\/#organization\"},\"alternateName\":\"CVI\",\"potentialAction\":[{\"@type\":\"SearchAction\",\"target\":{\"@type\":\"EntryPoint\",\"urlTemplate\":\"https:\\\/\\\/cvinoticias.com\\\/v3\\\/?s={search_term_string}\"},\"query-input\":{\"@type\":\"PropertyValueSpecification\",\"valueRequired\":true,\"valueName\":\"search_term_string\"}}],\"inLanguage\":\"es\"},{\"@type\":\"Organization\",\"@id\":\"https:\\\/\\\/cvinoticias.com\\\/v3\\\/#organization\",\"name\":\"CVI NOTICIAS\",\"url\":\"https:\\\/\\\/cvinoticias.com\\\/v3\\\/\",\"logo\":{\"@type\":\"ImageObject\",\"inLanguage\":\"es\",\"@id\":\"https:\\\/\\\/cvinoticias.com\\\/v3\\\/#\\\/schema\\\/logo\\\/image\\\/\",\"url\":\"https:\\\/\\\/cvinoticias.com\\\/wp-content\\\/uploads\\\/2023\\\/04\\\/cropped-cropped-cropped-cropped-cropped-3-1.png\",\"contentUrl\":\"https:\\\/\\\/cvinoticias.com\\\/wp-content\\\/uploads\\\/2023\\\/04\\\/cropped-cropped-cropped-cropped-cropped-3-1.png\",\"width\":95,\"height\":122,\"caption\":\"CVI NOTICIAS\"},\"image\":{\"@id\":\"https:\\\/\\\/cvinoticias.com\\\/v3\\\/#\\\/schema\\\/logo\\\/image\\\/\"},\"sameAs\":[\"https:\\\/\\\/www.facebook.com\\\/cvinoticias\",\"https:\\\/\\\/www.instagram.com\\\/cvinoticias\\\/\",\"https:\\\/\\\/www.youtube.com\\\/@CVINOTICIAS\"]},{\"@type\":\"Person\",\"@id\":\"https:\\\/\\\/cvinoticias.com\\\/v3\\\/#\\\/schema\\\/person\\\/2db77e3c6bc03c538495d7b2b8be9b66\",\"name\":\"f1000024\",\"image\":{\"@type\":\"ImageObject\",\"inLanguage\":\"es\",\"@id\":\"https:\\\/\\\/secure.gravatar.com\\\/avatar\\\/d4fe7459cfc51ff5129ce1a732bbef5928568b8092d412ef95611616376bbeed?s=96&d=mm&r=g\",\"url\":\"https:\\\/\\\/secure.gravatar.com\\\/avatar\\\/d4fe7459cfc51ff5129ce1a732bbef5928568b8092d412ef95611616376bbeed?s=96&d=mm&r=g\",\"contentUrl\":\"https:\\\/\\\/secure.gravatar.com\\\/avatar\\\/d4fe7459cfc51ff5129ce1a732bbef5928568b8092d412ef95611616376bbeed?s=96&d=mm&r=g\",\"caption\":\"f1000024\"},\"url\":\"https:\\\/\\\/cvinoticias.com\\\/v3\\\/author\\\/f1000024\\\/\"}]}<\/script>\n<!-- \/ Yoast SEO plugin. -->","yoast_head_json":{"title":"Atletas iguazuences en lo m\u00e1s alto de la Ultra Marat\u00f3n Yaboty | CVI NOTICIAS","robots":{"index":"index","follow":"follow","max-snippet":"max-snippet:-1","max-image-preview":"max-image-preview:large","max-video-preview":"max-video-preview:-1"},"canonical":"https:\/\/cvinoticias.com\/v3\/atletas-iguazuences-en-lo-mas-alto-de-la-ultra-maraton-yaboty\/","og_locale":"es_ES","og_type":"article","og_title":"Atletas iguazuences en lo m\u00e1s alto de la Ultra Marat\u00f3n Yaboty | CVI NOTICIAS","og_description":"Los runners Mar\u00eda Fernanda Fiol y Mat\u00edas Moreira brillaron en la destaca competencia en plena selva. En un emocionante evento que reuni\u00f3 a m\u00e1s de 1600 corredores de todo el pa\u00eds y pa\u00edses lim\u00edtrofes, la corredora iguazuense, Mar\u00eda Fernanda Fiol, se destac\u00f3 al alcanzar el podio en la categor\u00eda de 50Km de la 12\u00ba edici\u00f3n [&hellip;]","og_url":"https:\/\/cvinoticias.com\/v3\/atletas-iguazuences-en-lo-mas-alto-de-la-ultra-maraton-yaboty\/","og_site_name":"CVI NOTICIAS","article_publisher":"https:\/\/www.facebook.com\/cvinoticias","article_published_time":"2023-09-12T11:52:43+00:00","article_modified_time":"2023-09-12T11:54:07+00:00","og_image":[{"width":1290,"height":1135,"url":"https:\/\/cvinoticias.com\/wp-content\/uploads\/2023\/09\/IMG-20230912-WA0072.jpg","type":"image\/jpeg"}],"author":"f1000024","twitter_card":"summary_large_image","twitter_misc":{"Escrito por":"f1000024","Tiempo de lectura":"2 minutos"},"schema":{"@context":"https:\/\/schema.org","@graph":[{"@type":"Article","@id":"https:\/\/cvinoticias.com\/v3\/atletas-iguazuences-en-lo-mas-alto-de-la-ultra-maraton-yaboty\/#article","isPartOf":{"@id":"https:\/\/cvinoticias.com\/v3\/atletas-iguazuences-en-lo-mas-alto-de-la-ultra-maraton-yaboty\/"},"author":{"name":"f1000024","@id":"https:\/\/cvinoticias.com\/v3\/#\/schema\/person\/2db77e3c6bc03c538495d7b2b8be9b66"},"headline":"Atletas iguazuences en lo m\u00e1s alto de la Ultra Marat\u00f3n Yaboty","datePublished":"2023-09-12T11:52:43+00:00","dateModified":"2023-09-12T11:54:07+00:00","mainEntityOfPage":{"@id":"https:\/\/cvinoticias.com\/v3\/atletas-iguazuences-en-lo-mas-alto-de-la-ultra-maraton-yaboty\/"},"wordCount":354,"commentCount":0,"publisher":{"@id":"https:\/\/cvinoticias.com\/v3\/#organization"},"image":{"@id":"https:\/\/cvinoticias.com\/v3\/atletas-iguazuences-en-lo-mas-alto-de-la-ultra-maraton-yaboty\/#primaryimage"},"thumbnailUrl":"https:\/\/cvinoticias.com\/wp-content\/uploads\/2023\/09\/IMG-20230912-WA0072.jpg","articleSection":["Provinciales"],"inLanguage":"es","potentialAction":[{"@type":"CommentAction","name":"Comment","target":["https:\/\/cvinoticias.com\/v3\/atletas-iguazuences-en-lo-mas-alto-de-la-ultra-maraton-yaboty\/#respond"]}]},{"@type":"WebPage","@id":"https:\/\/cvinoticias.com\/v3\/atletas-iguazuences-en-lo-mas-alto-de-la-ultra-maraton-yaboty\/","url":"https:\/\/cvinoticias.com\/v3\/atletas-iguazuences-en-lo-mas-alto-de-la-ultra-maraton-yaboty\/","name":"Atletas iguazuences en lo m\u00e1s alto de la Ultra Marat\u00f3n Yaboty | CVI NOTICIAS","isPartOf":{"@id":"https:\/\/cvinoticias.com\/v3\/#website"},"primaryImageOfPage":{"@id":"https:\/\/cvinoticias.com\/v3\/atletas-iguazuences-en-lo-mas-alto-de-la-ultra-maraton-yaboty\/#primaryimage"},"image":{"@id":"https:\/\/cvinoticias.com\/v3\/atletas-iguazuences-en-lo-mas-alto-de-la-ultra-maraton-yaboty\/#primaryimage"},"thumbnailUrl":"https:\/\/cvinoticias.com\/wp-content\/uploads\/2023\/09\/IMG-20230912-WA0072.jpg","datePublished":"2023-09-12T11:52:43+00:00","dateModified":"2023-09-12T11:54:07+00:00","breadcrumb":{"@id":"https:\/\/cvinoticias.com\/v3\/atletas-iguazuences-en-lo-mas-alto-de-la-ultra-maraton-yaboty\/#breadcrumb"},"inLanguage":"es","potentialAction":[{"@type":"ReadAction","target":["https:\/\/cvinoticias.com\/v3\/atletas-iguazuences-en-lo-mas-alto-de-la-ultra-maraton-yaboty\/"]}]},{"@type":"ImageObject","inLanguage":"es","@id":"https:\/\/cvinoticias.com\/v3\/atletas-iguazuences-en-lo-mas-alto-de-la-ultra-maraton-yaboty\/#primaryimage","url":"https:\/\/cvinoticias.com\/wp-content\/uploads\/2023\/09\/IMG-20230912-WA0072.jpg","contentUrl":"https:\/\/cvinoticias.com\/wp-content\/uploads\/2023\/09\/IMG-20230912-WA0072.jpg","width":1290,"height":1135},{"@type":"BreadcrumbList","@id":"https:\/\/cvinoticias.com\/v3\/atletas-iguazuences-en-lo-mas-alto-de-la-ultra-maraton-yaboty\/#breadcrumb","itemListElement":[{"@type":"ListItem","position":1,"name":"Portada","item":"https:\/\/cvinoticias.com\/v3\/"},{"@type":"ListItem","position":2,"name":"Atletas iguazuences en lo m\u00e1s alto de la Ultra Marat\u00f3n Yaboty"}]},{"@type":"WebSite","@id":"https:\/\/cvinoticias.com\/v3\/#website","url":"https:\/\/cvinoticias.com\/v3\/","name":"CVI NOTICIAS","description":"","publisher":{"@id":"https:\/\/cvinoticias.com\/v3\/#organization"},"alternateName":"CVI","potentialAction":[{"@type":"SearchAction","target":{"@type":"EntryPoint","urlTemplate":"https:\/\/cvinoticias.com\/v3\/?s={search_term_string}"},"query-input":{"@type":"PropertyValueSpecification","valueRequired":true,"valueName":"search_term_string"}}],"inLanguage":"es"},{"@type":"Organization","@id":"https:\/\/cvinoticias.com\/v3\/#organization","name":"CVI NOTICIAS","url":"https:\/\/cvinoticias.com\/v3\/","logo":{"@type":"ImageObject","inLanguage":"es","@id":"https:\/\/cvinoticias.com\/v3\/#\/schema\/logo\/image\/","url":"https:\/\/cvinoticias.com\/wp-content\/uploads\/2023\/04\/cropped-cropped-cropped-cropped-cropped-3-1.png","contentUrl":"https:\/\/cvinoticias.com\/wp-content\/uploads\/2023\/04\/cropped-cropped-cropped-cropped-cropped-3-1.png","width":95,"height":122,"caption":"CVI NOTICIAS"},"image":{"@id":"https:\/\/cvinoticias.com\/v3\/#\/schema\/logo\/image\/"},"sameAs":["https:\/\/www.facebook.com\/cvinoticias","https:\/\/www.instagram.com\/cvinoticias\/","https:\/\/www.youtube.com\/@CVINOTICIAS"]},{"@type":"Person","@id":"https:\/\/cvinoticias.com\/v3\/#\/schema\/person\/2db77e3c6bc03c538495d7b2b8be9b66","name":"f1000024","image":{"@type":"ImageObject","inLanguage":"es","@id":"https:\/\/secure.gravatar.com\/avatar\/d4fe7459cfc51ff5129ce1a732bbef5928568b8092d412ef95611616376bbeed?s=96&d=mm&r=g","url":"https:\/\/secure.gravatar.com\/avatar\/d4fe7459cfc51ff5129ce1a732bbef5928568b8092d412ef95611616376bbeed?s=96&d=mm&r=g","contentUrl":"https:\/\/secure.gravatar.com\/avatar\/d4fe7459cfc51ff5129ce1a732bbef5928568b8092d412ef95611616376bbeed?s=96&d=mm&r=g","caption":"f1000024"},"url":"https:\/\/cvinoticias.com\/v3\/author\/f1000024\/"}]}},"_links":{"self":[{"href":"https:\/\/cvinoticias.com\/v3\/wp-json\/wp\/v2\/posts\/27910","targetHints":{"allow":["GET"]}}],"collection":[{"href":"https:\/\/cvinoticias.com\/v3\/wp-json\/wp\/v2\/posts"}],"about":[{"href":"https:\/\/cvinoticias.com\/v3\/wp-json\/wp\/v2\/types\/post"}],"author":[{"embeddable":true,"href":"https:\/\/cvinoticias.com\/v3\/wp-json\/wp\/v2\/users\/2"}],"replies":[{"embeddable":true,"href":"https:\/\/cvinoticias.com\/v3\/wp-json\/wp\/v2\/comments?post=27910"}],"version-history":[{"count":2,"href":"https:\/\/cvinoticias.com\/v3\/wp-json\/wp\/v2\/posts\/27910\/revisions"}],"predecessor-version":[{"id":27916,"href":"https:\/\/cvinoticias.com\/v3\/wp-json\/wp\/v2\/posts\/27910\/revisions\/27916"}],"wp:featuredmedia":[{"embeddable":true,"href":"https:\/\/cvinoticias.com\/v3\/wp-json\/wp\/v2\/media\/27913"}],"wp:attachment":[{"href":"https:\/\/cvinoticias.com\/v3\/wp-json\/wp\/v2\/media?parent=27910"}],"wp:term":[{"taxonomy":"category","embeddable":true,"href":"https:\/\/cvinoticias.com\/v3\/wp-json\/wp\/v2\/categories?post=27910"},{"taxonomy":"post_tag","embeddable":true,"href":"https:\/\/cvinoticias.com\/v3\/wp-json\/wp\/v2\/tags?post=27910"}],"curies":[{"name":"wp","href":"https:\/\/api.w.org\/{rel}","templated":true}]}}