{"id":27879,"date":"2023-09-11T11:43:56","date_gmt":"2023-09-11T11:43:56","guid":{"rendered":"https:\/\/cvinoticias.com\/v3\/?p=27879"},"modified":"2023-09-11T11:43:56","modified_gmt":"2023-09-11T11:43:56","slug":"elecciones-maximiliano-pullaro-de-jxc-arraso-en-santa-fe","status":"publish","type":"post","link":"https:\/\/cvinoticias.com\/v3\/elecciones-maximiliano-pullaro-de-jxc-arraso-en-santa-fe\/","title":{"rendered":"Elecciones: Maximiliano Pullaro de JxC arras\u00f3 en Santa Fe"},"content":{"rendered":"\n<p><strong><em>En las elecciones Santa Fe 2023, el radical Maximiliano Pullaro se impuso ampliamente con el 58,4% de los votos junto a su compa\u00f1era de f\u00f3rmula, Gisela Scaglia (Unidos para Cambiar Santa Fe), con el 99,7% de las mesas escrutadas. De esta manera, el candidato que represent\u00f3 a Juntos por el Cambio (JxC) se impuso por encima de su principal rival, Marcelo Lewandowski (Juntos Avancemos), que fue derrotado con el 30,86%.<\/em><\/strong><\/p>\n\n\n\n<p>Adem\u00e1s, en tercer lugar se ubic\u00f3 Edelvino Luis Bodoira de Viva La Libertad (6,47%) y detr\u00e1s estuvo la candidata del Frente de Izquierda, Carla Deiana (4,26%), mientras que el 4,72% de los votos fueron en blanco y el 3,51% fueron nulos.<\/p>\n\n\n\n<p>En los comicios, se observ\u00f3 una amplia diferencia entre la cantidad de votos que obtuvo cada candidato desde el momento que se conocieron los primeros resultados, alrededor de las 18:30, que ya posicionaban al radicalismo por encima del peronismo.<\/p>\n\n\n\n<p>Se trata de un resultado de alto impacto a nivel pa\u00eds, ya que Santa Fe es el tercer distrito electoral m\u00e1s grande del pa\u00eds, detr\u00e1s de la provincia de Buenos Aires y de C\u00f3rdoba.<\/p>\n\n\n\n<p>As\u00ed, el actual diputado provincial, arras\u00f3 en las urnas y le puso final al peronismo en la provincia, convirti\u00e9ndose as\u00ed en el primer gobernador radical desde el regreso de la democracia, en 1983.<\/p>\n\n\n\n<p>En este sentido, el radicalismo liderar\u00e1 la provincia que estuvo casi 40 a\u00f1os en manos del partido justicialista y socialista, siendo su \u00faltimo gobernador el contador p\u00fablico, Omar Perotti, quien cerca de las 21, cuando a\u00fan no se conoc\u00edan los resultados definitivos, asumi\u00f3 la derrota y llam\u00f3 a Pullaro para felicitarlo.<\/p>\n\n\n\n<p>De esta forma, Pullaro, respaldado por Horacio Rodr\u00edguez Larreta y Patricia Bullrich, se celebr\u00f3 los resultados desde el b\u00fanker en Rosario, donde tambi\u00e9n se hicieron presentes otros funcionarios de peso en JxC como Luis Petri, Jos\u00e9 Luis Espert, Rodrigo De Loredo y quien lo acompa\u00f1a a nivel nacional, Mart\u00edn Lousteau.<\/p>\n\n\n\n<p>\u201cEstuve con cada uno de los sectores y quiero que sepan que escuchamos a cada uno de ustedes, sabemos cu\u00e1les son sus problemas y vamos a trabajar fuertemente para responder a cada uno de esos reclamos\u201d, expres\u00f3 el futuro gobernador en el escenario.<\/p>\n\n\n\n<p>En este sentido, asegur\u00f3: \u201cNosotros vamos a trabajar 24 horas, los siete d\u00edas de la semana, para que los problemas de las personas se puedan resolver. Vamos a dejar nuestra vida en estos cuatro a\u00f1os para que los santafesinos puedan vivir mejor\u201d.<\/p>\n\n\n\n<p>Para concluir en su discurso remarc\u00f3 que la provincia \u201cse tiene que alinear al cambio que tiene que venir tambi\u00e9n a nivel nacional\u201d.<\/p>\n","protected":false},"excerpt":{"rendered":"<p>En las elecciones Santa Fe 2023, el radical Maximiliano Pullaro se impuso ampliamente con el 58,4% de los votos junto a su compa\u00f1era de f\u00f3rmula, Gisela Scaglia (Unidos para Cambiar Santa Fe), con el 99,7% de las mesas escrutadas. De esta manera, el candidato que represent\u00f3 a Juntos por el Cambio (JxC) se impuso por [&hellip;]<\/p>\n","protected":false},"author":2,"featured_media":27880,"comment_status":"open","ping_status":"open","sticky":false,"template":"","format":"standard","meta":{"footnotes":""},"categories":[42],"tags":[],"class_list":["post-27879","post","type-post","status-publish","format-standard","has-post-thumbnail","hentry","category-politica"],"yoast_head":"<!-- This site is optimized with the Yoast SEO plugin v27.5 - https:\/\/yoast.com\/product\/yoast-seo-wordpress\/ -->\n<title>Elecciones: Maximiliano Pullaro de JxC arras\u00f3 en Santa Fe | CVI NOTICIAS<\/title>\n<meta name=\"robots\" content=\"index, follow, max-snippet:-1, max-image-preview:large, max-video-preview:-1\" \/>\n<link rel=\"canonical\" href=\"https:\/\/cvinoticias.com\/v3\/elecciones-maximiliano-pullaro-de-jxc-arraso-en-santa-fe\/\" \/>\n<meta property=\"og:locale\" content=\"es_ES\" \/>\n<meta property=\"og:type\" content=\"article\" \/>\n<meta property=\"og:title\" content=\"Elecciones: Maximiliano Pullaro de JxC arras\u00f3 en Santa Fe | CVI NOTICIAS\" \/>\n<meta property=\"og:description\" content=\"En las elecciones Santa Fe 2023, el radical Maximiliano Pullaro se impuso ampliamente con el 58,4% de los votos junto a su compa\u00f1era de f\u00f3rmula, Gisela Scaglia (Unidos para Cambiar Santa Fe), con el 99,7% de las mesas escrutadas. De esta manera, el candidato que represent\u00f3 a Juntos por el Cambio (JxC) se impuso por [&hellip;]\" \/>\n<meta property=\"og:url\" content=\"https:\/\/cvinoticias.com\/v3\/elecciones-maximiliano-pullaro-de-jxc-arraso-en-santa-fe\/\" \/>\n<meta property=\"og:site_name\" content=\"CVI NOTICIAS\" \/>\n<meta property=\"article:publisher\" content=\"https:\/\/www.facebook.com\/cvinoticias\" \/>\n<meta property=\"article:published_time\" content=\"2023-09-11T11:43:56+00:00\" \/>\n<meta property=\"og:image\" content=\"https:\/\/cvinoticias.com\/wp-content\/uploads\/2023\/09\/4d08a3125421b05fb39e1a82cfbc370f_M.jpg\" \/>\n\t<meta property=\"og:image:width\" content=\"768\" \/>\n\t<meta property=\"og:image:height\" content=\"512\" \/>\n\t<meta property=\"og:image:type\" content=\"image\/jpeg\" \/>\n<meta name=\"author\" content=\"f1000024\" \/>\n<meta name=\"twitter:card\" content=\"summary_large_image\" \/>\n<meta name=\"twitter:label1\" content=\"Escrito por\" \/>\n\t<meta name=\"twitter:data1\" content=\"f1000024\" \/>\n\t<meta name=\"twitter:label2\" content=\"Tiempo de lectura\" \/>\n\t<meta name=\"twitter:data2\" content=\"2 minutos\" \/>\n<script type=\"application\/ld+json\" class=\"yoast-schema-graph\">{\"@context\":\"https:\\\/\\\/schema.org\",\"@graph\":[{\"@type\":\"Article\",\"@id\":\"https:\\\/\\\/cvinoticias.com\\\/v3\\\/elecciones-maximiliano-pullaro-de-jxc-arraso-en-santa-fe\\\/#article\",\"isPartOf\":{\"@id\":\"https:\\\/\\\/cvinoticias.com\\\/v3\\\/elecciones-maximiliano-pullaro-de-jxc-arraso-en-santa-fe\\\/\"},\"author\":{\"name\":\"f1000024\",\"@id\":\"https:\\\/\\\/cvinoticias.com\\\/v3\\\/#\\\/schema\\\/person\\\/2db77e3c6bc03c538495d7b2b8be9b66\"},\"headline\":\"Elecciones: Maximiliano Pullaro de JxC arras\u00f3 en Santa Fe\",\"datePublished\":\"2023-09-11T11:43:56+00:00\",\"mainEntityOfPage\":{\"@id\":\"https:\\\/\\\/cvinoticias.com\\\/v3\\\/elecciones-maximiliano-pullaro-de-jxc-arraso-en-santa-fe\\\/\"},\"wordCount\":445,\"commentCount\":0,\"publisher\":{\"@id\":\"https:\\\/\\\/cvinoticias.com\\\/v3\\\/#organization\"},\"image\":{\"@id\":\"https:\\\/\\\/cvinoticias.com\\\/v3\\\/elecciones-maximiliano-pullaro-de-jxc-arraso-en-santa-fe\\\/#primaryimage\"},\"thumbnailUrl\":\"https:\\\/\\\/cvinoticias.com\\\/wp-content\\\/uploads\\\/2023\\\/09\\\/4d08a3125421b05fb39e1a82cfbc370f_M.jpg\",\"articleSection\":[\"Politica\"],\"inLanguage\":\"es\",\"potentialAction\":[{\"@type\":\"CommentAction\",\"name\":\"Comment\",\"target\":[\"https:\\\/\\\/cvinoticias.com\\\/v3\\\/elecciones-maximiliano-pullaro-de-jxc-arraso-en-santa-fe\\\/#respond\"]}]},{\"@type\":\"WebPage\",\"@id\":\"https:\\\/\\\/cvinoticias.com\\\/v3\\\/elecciones-maximiliano-pullaro-de-jxc-arraso-en-santa-fe\\\/\",\"url\":\"https:\\\/\\\/cvinoticias.com\\\/v3\\\/elecciones-maximiliano-pullaro-de-jxc-arraso-en-santa-fe\\\/\",\"name\":\"Elecciones: Maximiliano Pullaro de JxC arras\u00f3 en Santa Fe | CVI NOTICIAS\",\"isPartOf\":{\"@id\":\"https:\\\/\\\/cvinoticias.com\\\/v3\\\/#website\"},\"primaryImageOfPage\":{\"@id\":\"https:\\\/\\\/cvinoticias.com\\\/v3\\\/elecciones-maximiliano-pullaro-de-jxc-arraso-en-santa-fe\\\/#primaryimage\"},\"image\":{\"@id\":\"https:\\\/\\\/cvinoticias.com\\\/v3\\\/elecciones-maximiliano-pullaro-de-jxc-arraso-en-santa-fe\\\/#primaryimage\"},\"thumbnailUrl\":\"https:\\\/\\\/cvinoticias.com\\\/wp-content\\\/uploads\\\/2023\\\/09\\\/4d08a3125421b05fb39e1a82cfbc370f_M.jpg\",\"datePublished\":\"2023-09-11T11:43:56+00:00\",\"breadcrumb\":{\"@id\":\"https:\\\/\\\/cvinoticias.com\\\/v3\\\/elecciones-maximiliano-pullaro-de-jxc-arraso-en-santa-fe\\\/#breadcrumb\"},\"inLanguage\":\"es\",\"potentialAction\":[{\"@type\":\"ReadAction\",\"target\":[\"https:\\\/\\\/cvinoticias.com\\\/v3\\\/elecciones-maximiliano-pullaro-de-jxc-arraso-en-santa-fe\\\/\"]}]},{\"@type\":\"ImageObject\",\"inLanguage\":\"es\",\"@id\":\"https:\\\/\\\/cvinoticias.com\\\/v3\\\/elecciones-maximiliano-pullaro-de-jxc-arraso-en-santa-fe\\\/#primaryimage\",\"url\":\"https:\\\/\\\/cvinoticias.com\\\/wp-content\\\/uploads\\\/2023\\\/09\\\/4d08a3125421b05fb39e1a82cfbc370f_M.jpg\",\"contentUrl\":\"https:\\\/\\\/cvinoticias.com\\\/wp-content\\\/uploads\\\/2023\\\/09\\\/4d08a3125421b05fb39e1a82cfbc370f_M.jpg\",\"width\":768,\"height\":512},{\"@type\":\"BreadcrumbList\",\"@id\":\"https:\\\/\\\/cvinoticias.com\\\/v3\\\/elecciones-maximiliano-pullaro-de-jxc-arraso-en-santa-fe\\\/#breadcrumb\",\"itemListElement\":[{\"@type\":\"ListItem\",\"position\":1,\"name\":\"Portada\",\"item\":\"https:\\\/\\\/cvinoticias.com\\\/v3\\\/\"},{\"@type\":\"ListItem\",\"position\":2,\"name\":\"Elecciones: Maximiliano Pullaro de JxC arras\u00f3 en Santa Fe\"}]},{\"@type\":\"WebSite\",\"@id\":\"https:\\\/\\\/cvinoticias.com\\\/v3\\\/#website\",\"url\":\"https:\\\/\\\/cvinoticias.com\\\/v3\\\/\",\"name\":\"CVI NOTICIAS\",\"description\":\"\",\"publisher\":{\"@id\":\"https:\\\/\\\/cvinoticias.com\\\/v3\\\/#organization\"},\"alternateName\":\"CVI\",\"potentialAction\":[{\"@type\":\"SearchAction\",\"target\":{\"@type\":\"EntryPoint\",\"urlTemplate\":\"https:\\\/\\\/cvinoticias.com\\\/v3\\\/?s={search_term_string}\"},\"query-input\":{\"@type\":\"PropertyValueSpecification\",\"valueRequired\":true,\"valueName\":\"search_term_string\"}}],\"inLanguage\":\"es\"},{\"@type\":\"Organization\",\"@id\":\"https:\\\/\\\/cvinoticias.com\\\/v3\\\/#organization\",\"name\":\"CVI NOTICIAS\",\"url\":\"https:\\\/\\\/cvinoticias.com\\\/v3\\\/\",\"logo\":{\"@type\":\"ImageObject\",\"inLanguage\":\"es\",\"@id\":\"https:\\\/\\\/cvinoticias.com\\\/v3\\\/#\\\/schema\\\/logo\\\/image\\\/\",\"url\":\"https:\\\/\\\/cvinoticias.com\\\/wp-content\\\/uploads\\\/2023\\\/04\\\/cropped-cropped-cropped-cropped-cropped-3-1.png\",\"contentUrl\":\"https:\\\/\\\/cvinoticias.com\\\/wp-content\\\/uploads\\\/2023\\\/04\\\/cropped-cropped-cropped-cropped-cropped-3-1.png\",\"width\":95,\"height\":122,\"caption\":\"CVI NOTICIAS\"},\"image\":{\"@id\":\"https:\\\/\\\/cvinoticias.com\\\/v3\\\/#\\\/schema\\\/logo\\\/image\\\/\"},\"sameAs\":[\"https:\\\/\\\/www.facebook.com\\\/cvinoticias\",\"https:\\\/\\\/www.instagram.com\\\/cvinoticias\\\/\",\"https:\\\/\\\/www.youtube.com\\\/@CVINOTICIAS\"]},{\"@type\":\"Person\",\"@id\":\"https:\\\/\\\/cvinoticias.com\\\/v3\\\/#\\\/schema\\\/person\\\/2db77e3c6bc03c538495d7b2b8be9b66\",\"name\":\"f1000024\",\"image\":{\"@type\":\"ImageObject\",\"inLanguage\":\"es\",\"@id\":\"https:\\\/\\\/secure.gravatar.com\\\/avatar\\\/d4fe7459cfc51ff5129ce1a732bbef5928568b8092d412ef95611616376bbeed?s=96&d=mm&r=g\",\"url\":\"https:\\\/\\\/secure.gravatar.com\\\/avatar\\\/d4fe7459cfc51ff5129ce1a732bbef5928568b8092d412ef95611616376bbeed?s=96&d=mm&r=g\",\"contentUrl\":\"https:\\\/\\\/secure.gravatar.com\\\/avatar\\\/d4fe7459cfc51ff5129ce1a732bbef5928568b8092d412ef95611616376bbeed?s=96&d=mm&r=g\",\"caption\":\"f1000024\"},\"url\":\"https:\\\/\\\/cvinoticias.com\\\/v3\\\/author\\\/f1000024\\\/\"}]}<\/script>\n<!-- \/ Yoast SEO plugin. -->","yoast_head_json":{"title":"Elecciones: Maximiliano Pullaro de JxC arras\u00f3 en Santa Fe | CVI NOTICIAS","robots":{"index":"index","follow":"follow","max-snippet":"max-snippet:-1","max-image-preview":"max-image-preview:large","max-video-preview":"max-video-preview:-1"},"canonical":"https:\/\/cvinoticias.com\/v3\/elecciones-maximiliano-pullaro-de-jxc-arraso-en-santa-fe\/","og_locale":"es_ES","og_type":"article","og_title":"Elecciones: Maximiliano Pullaro de JxC arras\u00f3 en Santa Fe | CVI NOTICIAS","og_description":"En las elecciones Santa Fe 2023, el radical Maximiliano Pullaro se impuso ampliamente con el 58,4% de los votos junto a su compa\u00f1era de f\u00f3rmula, Gisela Scaglia (Unidos para Cambiar Santa Fe), con el 99,7% de las mesas escrutadas. De esta manera, el candidato que represent\u00f3 a Juntos por el Cambio (JxC) se impuso por [&hellip;]","og_url":"https:\/\/cvinoticias.com\/v3\/elecciones-maximiliano-pullaro-de-jxc-arraso-en-santa-fe\/","og_site_name":"CVI NOTICIAS","article_publisher":"https:\/\/www.facebook.com\/cvinoticias","article_published_time":"2023-09-11T11:43:56+00:00","og_image":[{"width":768,"height":512,"url":"https:\/\/cvinoticias.com\/wp-content\/uploads\/2023\/09\/4d08a3125421b05fb39e1a82cfbc370f_M.jpg","type":"image\/jpeg"}],"author":"f1000024","twitter_card":"summary_large_image","twitter_misc":{"Escrito por":"f1000024","Tiempo de lectura":"2 minutos"},"schema":{"@context":"https:\/\/schema.org","@graph":[{"@type":"Article","@id":"https:\/\/cvinoticias.com\/v3\/elecciones-maximiliano-pullaro-de-jxc-arraso-en-santa-fe\/#article","isPartOf":{"@id":"https:\/\/cvinoticias.com\/v3\/elecciones-maximiliano-pullaro-de-jxc-arraso-en-santa-fe\/"},"author":{"name":"f1000024","@id":"https:\/\/cvinoticias.com\/v3\/#\/schema\/person\/2db77e3c6bc03c538495d7b2b8be9b66"},"headline":"Elecciones: Maximiliano Pullaro de JxC arras\u00f3 en Santa Fe","datePublished":"2023-09-11T11:43:56+00:00","mainEntityOfPage":{"@id":"https:\/\/cvinoticias.com\/v3\/elecciones-maximiliano-pullaro-de-jxc-arraso-en-santa-fe\/"},"wordCount":445,"commentCount":0,"publisher":{"@id":"https:\/\/cvinoticias.com\/v3\/#organization"},"image":{"@id":"https:\/\/cvinoticias.com\/v3\/elecciones-maximiliano-pullaro-de-jxc-arraso-en-santa-fe\/#primaryimage"},"thumbnailUrl":"https:\/\/cvinoticias.com\/wp-content\/uploads\/2023\/09\/4d08a3125421b05fb39e1a82cfbc370f_M.jpg","articleSection":["Politica"],"inLanguage":"es","potentialAction":[{"@type":"CommentAction","name":"Comment","target":["https:\/\/cvinoticias.com\/v3\/elecciones-maximiliano-pullaro-de-jxc-arraso-en-santa-fe\/#respond"]}]},{"@type":"WebPage","@id":"https:\/\/cvinoticias.com\/v3\/elecciones-maximiliano-pullaro-de-jxc-arraso-en-santa-fe\/","url":"https:\/\/cvinoticias.com\/v3\/elecciones-maximiliano-pullaro-de-jxc-arraso-en-santa-fe\/","name":"Elecciones: Maximiliano Pullaro de JxC arras\u00f3 en Santa Fe | CVI NOTICIAS","isPartOf":{"@id":"https:\/\/cvinoticias.com\/v3\/#website"},"primaryImageOfPage":{"@id":"https:\/\/cvinoticias.com\/v3\/elecciones-maximiliano-pullaro-de-jxc-arraso-en-santa-fe\/#primaryimage"},"image":{"@id":"https:\/\/cvinoticias.com\/v3\/elecciones-maximiliano-pullaro-de-jxc-arraso-en-santa-fe\/#primaryimage"},"thumbnailUrl":"https:\/\/cvinoticias.com\/wp-content\/uploads\/2023\/09\/4d08a3125421b05fb39e1a82cfbc370f_M.jpg","datePublished":"2023-09-11T11:43:56+00:00","breadcrumb":{"@id":"https:\/\/cvinoticias.com\/v3\/elecciones-maximiliano-pullaro-de-jxc-arraso-en-santa-fe\/#breadcrumb"},"inLanguage":"es","potentialAction":[{"@type":"ReadAction","target":["https:\/\/cvinoticias.com\/v3\/elecciones-maximiliano-pullaro-de-jxc-arraso-en-santa-fe\/"]}]},{"@type":"ImageObject","inLanguage":"es","@id":"https:\/\/cvinoticias.com\/v3\/elecciones-maximiliano-pullaro-de-jxc-arraso-en-santa-fe\/#primaryimage","url":"https:\/\/cvinoticias.com\/wp-content\/uploads\/2023\/09\/4d08a3125421b05fb39e1a82cfbc370f_M.jpg","contentUrl":"https:\/\/cvinoticias.com\/wp-content\/uploads\/2023\/09\/4d08a3125421b05fb39e1a82cfbc370f_M.jpg","width":768,"height":512},{"@type":"BreadcrumbList","@id":"https:\/\/cvinoticias.com\/v3\/elecciones-maximiliano-pullaro-de-jxc-arraso-en-santa-fe\/#breadcrumb","itemListElement":[{"@type":"ListItem","position":1,"name":"Portada","item":"https:\/\/cvinoticias.com\/v3\/"},{"@type":"ListItem","position":2,"name":"Elecciones: Maximiliano Pullaro de JxC arras\u00f3 en Santa Fe"}]},{"@type":"WebSite","@id":"https:\/\/cvinoticias.com\/v3\/#website","url":"https:\/\/cvinoticias.com\/v3\/","name":"CVI NOTICIAS","description":"","publisher":{"@id":"https:\/\/cvinoticias.com\/v3\/#organization"},"alternateName":"CVI","potentialAction":[{"@type":"SearchAction","target":{"@type":"EntryPoint","urlTemplate":"https:\/\/cvinoticias.com\/v3\/?s={search_term_string}"},"query-input":{"@type":"PropertyValueSpecification","valueRequired":true,"valueName":"search_term_string"}}],"inLanguage":"es"},{"@type":"Organization","@id":"https:\/\/cvinoticias.com\/v3\/#organization","name":"CVI NOTICIAS","url":"https:\/\/cvinoticias.com\/v3\/","logo":{"@type":"ImageObject","inLanguage":"es","@id":"https:\/\/cvinoticias.com\/v3\/#\/schema\/logo\/image\/","url":"https:\/\/cvinoticias.com\/wp-content\/uploads\/2023\/04\/cropped-cropped-cropped-cropped-cropped-3-1.png","contentUrl":"https:\/\/cvinoticias.com\/wp-content\/uploads\/2023\/04\/cropped-cropped-cropped-cropped-cropped-3-1.png","width":95,"height":122,"caption":"CVI NOTICIAS"},"image":{"@id":"https:\/\/cvinoticias.com\/v3\/#\/schema\/logo\/image\/"},"sameAs":["https:\/\/www.facebook.com\/cvinoticias","https:\/\/www.instagram.com\/cvinoticias\/","https:\/\/www.youtube.com\/@CVINOTICIAS"]},{"@type":"Person","@id":"https:\/\/cvinoticias.com\/v3\/#\/schema\/person\/2db77e3c6bc03c538495d7b2b8be9b66","name":"f1000024","image":{"@type":"ImageObject","inLanguage":"es","@id":"https:\/\/secure.gravatar.com\/avatar\/d4fe7459cfc51ff5129ce1a732bbef5928568b8092d412ef95611616376bbeed?s=96&d=mm&r=g","url":"https:\/\/secure.gravatar.com\/avatar\/d4fe7459cfc51ff5129ce1a732bbef5928568b8092d412ef95611616376bbeed?s=96&d=mm&r=g","contentUrl":"https:\/\/secure.gravatar.com\/avatar\/d4fe7459cfc51ff5129ce1a732bbef5928568b8092d412ef95611616376bbeed?s=96&d=mm&r=g","caption":"f1000024"},"url":"https:\/\/cvinoticias.com\/v3\/author\/f1000024\/"}]}},"_links":{"self":[{"href":"https:\/\/cvinoticias.com\/v3\/wp-json\/wp\/v2\/posts\/27879","targetHints":{"allow":["GET"]}}],"collection":[{"href":"https:\/\/cvinoticias.com\/v3\/wp-json\/wp\/v2\/posts"}],"about":[{"href":"https:\/\/cvinoticias.com\/v3\/wp-json\/wp\/v2\/types\/post"}],"author":[{"embeddable":true,"href":"https:\/\/cvinoticias.com\/v3\/wp-json\/wp\/v2\/users\/2"}],"replies":[{"embeddable":true,"href":"https:\/\/cvinoticias.com\/v3\/wp-json\/wp\/v2\/comments?post=27879"}],"version-history":[{"count":1,"href":"https:\/\/cvinoticias.com\/v3\/wp-json\/wp\/v2\/posts\/27879\/revisions"}],"predecessor-version":[{"id":27881,"href":"https:\/\/cvinoticias.com\/v3\/wp-json\/wp\/v2\/posts\/27879\/revisions\/27881"}],"wp:featuredmedia":[{"embeddable":true,"href":"https:\/\/cvinoticias.com\/v3\/wp-json\/wp\/v2\/media\/27880"}],"wp:attachment":[{"href":"https:\/\/cvinoticias.com\/v3\/wp-json\/wp\/v2\/media?parent=27879"}],"wp:term":[{"taxonomy":"category","embeddable":true,"href":"https:\/\/cvinoticias.com\/v3\/wp-json\/wp\/v2\/categories?post=27879"},{"taxonomy":"post_tag","embeddable":true,"href":"https:\/\/cvinoticias.com\/v3\/wp-json\/wp\/v2\/tags?post=27879"}],"curies":[{"name":"wp","href":"https:\/\/api.w.org\/{rel}","templated":true}]}}