{"id":27849,"date":"2023-09-09T22:15:59","date_gmt":"2023-09-09T22:15:59","guid":{"rendered":"https:\/\/cvinoticias.com\/v3\/?p=27849"},"modified":"2023-09-09T22:15:59","modified_gmt":"2023-09-09T22:15:59","slug":"massa-desde-todo-el-norte-grande-vamos-a-dar-vuelta-la-historia","status":"publish","type":"post","link":"https:\/\/cvinoticias.com\/v3\/massa-desde-todo-el-norte-grande-vamos-a-dar-vuelta-la-historia\/","title":{"rendered":"Massa: \u00abDesde todo el Norte Grande vamos a dar vuelta la historia\u00bb"},"content":{"rendered":"\n<p><strong><em>El Ministro y candidato presidencial asegur\u00f3 que \u00abhay que invitarla a la sociedad al cambio sin miedo\u00bb, y afirm\u00f3 que el Norte Argentino sabe que la coalici\u00f3n oficialista \u00abtiene el coraje y la firmeza como para poner en marcha de un proyecto de pa\u00eds m\u00e1s justo y federal\u00bb.<\/em><\/strong><\/p>\n\n\n\n<p>El ministro de Econom\u00eda y candidato a presidente de Uni\u00f3n por la Patria (UxP), Sergio Massa, dijo que \u00abdesde todo el Norte Grande vamos a dar vuelta la historia\u00bb y \u00abvamos a construir un triunfo el 22 de octubre\u00bb, al encabezar un acto con gobernadores y dirigentes en Tucum\u00e1n.<\/p>\n\n\n\n<p>Massa, dijo que va a ser \u00abel presidente del trabajo en la Argentina\u00bb, el que \u00able devuelva a los trabajadores el poder de compra que han perdido en el salario\u00bb.<\/p>\n\n\n\n<p>\u00abVoy a ser el presidente que devuelva a los trabajadores la dignidad de discutir y lograr su mejor ingreso y no a partir de la receta del Fondo Monetario Internacional, sino de las paritarias en la Argentina\u00bb, sostuvo en el acto.<\/p>\n\n\n\n<p>Adem\u00e1s, el Ministro y candidato dijo que se le va a \u00abpagar\u00bb al Fondo Monetario Internacional \u00abpara que se vayan de la Argentina y nos dejen decidir de manera soberana\u00bb.<\/p>\n\n\n\n<p>En otro pasaje de su discurso, Massa dijo que la oposici\u00f3n \u00abviene a imponer el sistema de AFJP para las jubilaciones pero asegur\u00f3 que no lo van a \u00abpermitir\u00bb y van a \u00abdefender el sistema p\u00fablico\u00bb previsional.<\/p>\n\n\n\n<p>\u00abNo creemos en el s\u00e1lvese quien pueda\u00bb, expres\u00f3 Massa al encabezar un acto en Tucum\u00e1n y en otra parte de su discurso se\u00f1al\u00f3 que \u00abvamos a defender la educaci\u00f3n p\u00fablica gratuita e inclusiva\u00bb.<\/p>\n\n\n\n<p>Massa, convoc\u00f3 adem\u00e1s a \u00abun nuevo pacto federal en la Argentina\u00bb.<\/p>\n\n\n\n<p>\u00abEllos plantean cortar la coparticipaci\u00f3n en las provincias, que cada una tiene que arreglarse con lo propio\u00bb, se\u00f1al\u00f3 el postulante y afirm\u00f3 que \u00abeso es condenar a la mayor\u00eda del norte argentino a la pobreza. Vamos a plantear un nuevo pacto federal\u00bb.<\/p>\n\n\n\n<p>Previamente, Massa vaticin\u00f3 este s\u00e1bado una recuperaci\u00f3n electoral de Uni\u00f3n por la Patria (UxP) en los comicios generales del 22 de octubre y adelant\u00f3 que \u00abahora que jugamos por los porotos van a ver al peronismo en la cancha\u00bb.<\/p>\n\n\n\n<p>\u00abVamos a ganar. El 10 de diciembre voy a estar gobernando la Argentina, liderando la etapa que viene. Voy a estar convocando a un Gobierno de unidad nacional, porque la Argentina que viene necesita de todos\u00bb, subray\u00f3 Massa al dialogar con la prensa en el teatro Mercedes Sosa de Tucum\u00e1n, donde previamente se reuni\u00f3 con dirigentes peronistas del Norte Grande.<\/p>\n\n\n\n<p>Durante su exposici\u00f3n en el teatro de la capital tucumana, Massa afirm\u00f3 que en las provincias del norte del pa\u00eds entienden que la coalici\u00f3n oficialista \u00abtiene el coraje y la firmeza como para cambiar las asimetr\u00edas desde la puesta en marcha de un proyecto de pa\u00eds m\u00e1s justo y federal\u00bb.<\/p>\n\n\n\n<p>\u00abEn esta campa\u00f1a peleamos como proyecto de pa\u00eds desde el norte argentino por el trabajo. Tenemos que ir a buscar a los pibes y pibas que trabajan desde plataformas que hasta ac\u00e1 el Estado los ignor\u00f3 al igual que ocurri\u00f3 con los trabajadores de la econom\u00eda social\u00bb, remarc\u00f3 Massa ante la concurrencia.<\/p>\n\n\n\n<p>Al salir del Teatro Mercedes Sosa, Massa mantuvo un intercambio con la prensa y consider\u00f3 que los que est\u00e1 en discusi\u00f3n en la campa\u00f1a es \u00absi promovemos o se remueven todos los reg\u00edmenes que han generado trabajo y que permiten que en La Rioja se fabrique calzado Puma para toda Sudam\u00e9rica\u00bb.<\/p>\n\n\n\n<p>\u00abEso permite que tengamos la planta de hilado de algod\u00f3n m\u00e1s moderna del mundo o que tengamos la oportunidad de desarrollar las bater\u00edas de litio en Salta y Jujuy. Esa es la discusi\u00f3n, despu\u00e9s vienen con las frases para TikTok, con los cuentitos cortos\u00bb, subray\u00f3 el postulante de UxP.<\/p>\n\n\n\n<p>En ese sentido, afirm\u00f3 que \u00abSe dicen frases que despu\u00e9s no tienen correlato con la realidad, porque para eliminar la coparticipaci\u00f3n van a tener que tocar la constituci\u00f3n, y si quieren tocar la constituci\u00f3n van a terminar con toda la gente en la calle defendiendo la constituci\u00f3n\u00bb.<\/p>\n\n\n\n<p>\u00abLo que hay es esa idea de plantear el pa\u00eds inviable, los economistas que en las ultimas semanas vimos alrededor de ellos, son los economistas que dijeron en los \u00faltimos 30 a\u00f1os que el norte argentino era inviable. Lo que vienen a plantear es que el norte es un bols\u00f3n de pobreza en la Argentina, nosotros lo que venimos a plantear es que es el bols\u00f3n del desarrollo\u00bb, asegur\u00f3..<\/p>\n\n\n\n<p>Massa afirm\u00f3 que desde el oficialismo se plantea \u00abLa capitalidad del norte argentino desde el punto de vista econ\u00f3mico porque se transforma en el centro log\u00edstico entre el Atl\u00e1ntico y el Pac\u00edfico\u00bb.<\/p>\n\n\n\n<p>\u00abEstamos convencidos que lo que empieza ahora es una batalla electoral, plante\u00e1ndolo en t\u00e9rminos literarios, una disputa que lo que tiene como objetivo central es poner blanco sobre negro. Hay dos proyectos de pa\u00eds. Uno el que cree bajo la consigna o bajo la falsa venta de la libertad, el que plantea un modelo de acumulaci\u00f3n financiera y lo que plantea es endeudamiento para la Argentina y la p\u00e9rdida de su moneda. Es ponerle la bandera de los Estados Unidos al Banco Central argentino\u00bb, fundament\u00f3.<\/p>\n\n\n\n<p>En relaci\u00f3n a los postulados de la oposici\u00f3n de Juntos por el Cambio (JxC) y La Libertad Avanza (LLA), Massa anunci\u00f3 que desde esos espacios se impulsa \u00abuna renuncia a la idea de pa\u00eds.<\/p>\n\n\n\n<p>\u00abMacri le dej\u00f3 a la Argentina una hipoteca que estamos administrando. El acreedor de esa hipoteca que es el FMI, que nos quiso poner condiciones que son las que reivindica (Javier) Milei cuando dice d\u00f3lar a 730. Lo que dice es devaluaci\u00f3n del 100%, nosotros eso no lo aceptamos, porque eso es mandar a m\u00e1s del 60% de los argentinos a la pobreza\u00bb, observ\u00f3.<\/p>\n\n\n\n<p>Antes, el Jefe de Gabinete de Ministros y candidato a vicepresidente de UxP, Agust\u00edn Rossi, afirm\u00f3 en Tucum\u00e1n que la f\u00f3rmula liderada por Massa \u201cva a estar en el balotaje\u201d.<\/p>\n\n\n\n<p>\u201cEstoy convencido de que es el \u00fanico candidato en la Argentina que habla de federalismo y desarrollo\u201d se\u00f1al\u00f3 Rossi en una conferencia de prensa al ponderar la figura de Massa.<\/p>\n\n\n\n<p>Tras mantener este encuentro en el Teatro Mercedes Sosa, los integrantes del binomio de UxP caminaron hacia la Casa Hist\u00f3rica de Tucum\u00e1n, donde se sacar\u00e1n una foto con todos los gobernadores presentes en la provincia y junto al ministerio de Interior, Eduardo \u00abWado de Pedro, y el diputado nacional M\u00e1ximo Kirchner.<\/p>\n\n\n\n<p>Manzur: \u00ab\u00c9l va a ser nuestro Presidente\u00bb<\/p>\n\n\n\n<p>El gobernador de Tucum\u00e1n, Juan Manzur, dijo este s\u00e1bado que el Peronismo est\u00e1 \u00aben alerta y movilizaci\u00f3n hasta que Sergio Massa sea Presidente\u00bb, durante un acto de campa\u00f1a de Uni\u00f3n por la Patria (UxP) en el Teatro Mercedes Sosa de esa provincia y sostuvo que el ministro de Econom\u00eda es \u00abun hombre que se form\u00f3 y se prepar\u00f3 toda su vida para esto\u00bb.<\/p>\n\n\n\n<p>\u00abMassa es un hombre que se form\u00f3, se prepar\u00f3 toda su vida para esto, tiene ganas, fuerza, entusiasmo, proyectos y futuro, \u00e9l va a ser nuestro Presidente\u00bb, dijo Manzur en el acto ante militantes.<\/p>\n\n\n\n<p>El encuentro, que tuvo lugar este mediod\u00eda en el teatro Mercedes Sosa, estuvo encabezado por el ministro de Econom\u00eda y candidato a presidente de UxP Sergio Massa y cont\u00f3 con la presencia de gobernadores de diferentes provincias, funcionarios nacionales y provinciales y dirigentes de la Confederaci\u00f3n General del Trabajo (CGT).<\/p>\n\n\n\n<p>\u00abDesde Tucum\u00e1n, hoy declaro al peronismo en alerta y movilizaci\u00f3n hasta que Sergio Massa sea el presidente de la Naci\u00f3n\u00bb, remarc\u00f3 el gobernador.<\/p>\n\n\n\n<p>Y continu\u00f3 \u00abac\u00e1 est\u00e1n nuestros referentes, gobernadores, vicegobernadores, la CGT. Estamos todos los que tenemos que estar, no todos pensamos lo mismo, pero esa es la riqueza que tenemos\u00bb.<\/p>\n\n\n\n<p>\u00abCuando nos ponemos de acuerdo, vamos todos para el mismo lado, y eso est\u00e1 pasando aqu\u00ed: estamos todos de acuerdo en que el peronismo tiene que seguir gobernando en la Argentina\u00bb, agreg\u00f3.<\/p>\n\n\n\n<p>Luego se refiri\u00f3 a la oposici\u00f3n y afirm\u00f3 que \u00able quieren ganar al peronismo con el TikTok, que sigan con el TikTok, nosotros vamos a seguir con la militancia, casa por casa, en cada barrio y en cada pueblo del interior\u00bb. Y destac\u00f3 que \u00abel peronismo no le tiene miedo a nada ni a nadie\u00bb.<\/p>\n","protected":false},"excerpt":{"rendered":"<p>El Ministro y candidato presidencial asegur\u00f3 que \u00abhay que invitarla a la sociedad al cambio sin miedo\u00bb, y afirm\u00f3 que el Norte Argentino sabe que la coalici\u00f3n oficialista \u00abtiene el coraje y la firmeza como para poner en marcha de un proyecto de pa\u00eds m\u00e1s justo y federal\u00bb. El ministro de Econom\u00eda y candidato a [&hellip;]<\/p>\n","protected":false},"author":2,"featured_media":27850,"comment_status":"open","ping_status":"open","sticky":false,"template":"","format":"standard","meta":{"footnotes":""},"categories":[42],"tags":[],"class_list":["post-27849","post","type-post","status-publish","format-standard","has-post-thumbnail","hentry","category-politica"],"yoast_head":"<!-- This site is optimized with the Yoast SEO plugin v27.5 - https:\/\/yoast.com\/product\/yoast-seo-wordpress\/ -->\n<title>Massa: &quot;Desde todo el Norte Grande vamos a dar vuelta la historia&quot; | CVI NOTICIAS<\/title>\n<meta name=\"robots\" content=\"index, follow, max-snippet:-1, max-image-preview:large, max-video-preview:-1\" \/>\n<link rel=\"canonical\" href=\"https:\/\/cvinoticias.com\/v3\/massa-desde-todo-el-norte-grande-vamos-a-dar-vuelta-la-historia\/\" \/>\n<meta property=\"og:locale\" content=\"es_ES\" \/>\n<meta property=\"og:type\" content=\"article\" \/>\n<meta property=\"og:title\" content=\"Massa: &quot;Desde todo el Norte Grande vamos a dar vuelta la historia&quot; | CVI NOTICIAS\" \/>\n<meta property=\"og:description\" content=\"El Ministro y candidato presidencial asegur\u00f3 que \u00abhay que invitarla a la sociedad al cambio sin miedo\u00bb, y afirm\u00f3 que el Norte Argentino sabe que la coalici\u00f3n oficialista \u00abtiene el coraje y la firmeza como para poner en marcha de un proyecto de pa\u00eds m\u00e1s justo y federal\u00bb. El ministro de Econom\u00eda y candidato a [&hellip;]\" \/>\n<meta property=\"og:url\" content=\"https:\/\/cvinoticias.com\/v3\/massa-desde-todo-el-norte-grande-vamos-a-dar-vuelta-la-historia\/\" \/>\n<meta property=\"og:site_name\" content=\"CVI NOTICIAS\" \/>\n<meta property=\"article:publisher\" content=\"https:\/\/www.facebook.com\/cvinoticias\" \/>\n<meta property=\"article:published_time\" content=\"2023-09-09T22:15:59+00:00\" \/>\n<meta property=\"og:image\" content=\"https:\/\/cvinoticias.com\/wp-content\/uploads\/2023\/09\/07-1.jpeg\" \/>\n\t<meta property=\"og:image:width\" content=\"1024\" \/>\n\t<meta property=\"og:image:height\" content=\"682\" \/>\n\t<meta property=\"og:image:type\" content=\"image\/jpeg\" \/>\n<meta name=\"author\" content=\"f1000024\" \/>\n<meta name=\"twitter:card\" content=\"summary_large_image\" \/>\n<meta name=\"twitter:label1\" content=\"Escrito por\" \/>\n\t<meta name=\"twitter:data1\" content=\"f1000024\" \/>\n\t<meta name=\"twitter:label2\" content=\"Tiempo de lectura\" \/>\n\t<meta name=\"twitter:data2\" content=\"7 minutos\" \/>\n<script type=\"application\/ld+json\" class=\"yoast-schema-graph\">{\"@context\":\"https:\\\/\\\/schema.org\",\"@graph\":[{\"@type\":\"Article\",\"@id\":\"https:\\\/\\\/cvinoticias.com\\\/v3\\\/massa-desde-todo-el-norte-grande-vamos-a-dar-vuelta-la-historia\\\/#article\",\"isPartOf\":{\"@id\":\"https:\\\/\\\/cvinoticias.com\\\/v3\\\/massa-desde-todo-el-norte-grande-vamos-a-dar-vuelta-la-historia\\\/\"},\"author\":{\"name\":\"f1000024\",\"@id\":\"https:\\\/\\\/cvinoticias.com\\\/v3\\\/#\\\/schema\\\/person\\\/2db77e3c6bc03c538495d7b2b8be9b66\"},\"headline\":\"Massa: \u00abDesde todo el Norte Grande vamos a dar vuelta la historia\u00bb\",\"datePublished\":\"2023-09-09T22:15:59+00:00\",\"mainEntityOfPage\":{\"@id\":\"https:\\\/\\\/cvinoticias.com\\\/v3\\\/massa-desde-todo-el-norte-grande-vamos-a-dar-vuelta-la-historia\\\/\"},\"wordCount\":1448,\"commentCount\":0,\"publisher\":{\"@id\":\"https:\\\/\\\/cvinoticias.com\\\/v3\\\/#organization\"},\"image\":{\"@id\":\"https:\\\/\\\/cvinoticias.com\\\/v3\\\/massa-desde-todo-el-norte-grande-vamos-a-dar-vuelta-la-historia\\\/#primaryimage\"},\"thumbnailUrl\":\"https:\\\/\\\/cvinoticias.com\\\/wp-content\\\/uploads\\\/2023\\\/09\\\/07-1.jpeg\",\"articleSection\":[\"Politica\"],\"inLanguage\":\"es\",\"potentialAction\":[{\"@type\":\"CommentAction\",\"name\":\"Comment\",\"target\":[\"https:\\\/\\\/cvinoticias.com\\\/v3\\\/massa-desde-todo-el-norte-grande-vamos-a-dar-vuelta-la-historia\\\/#respond\"]}]},{\"@type\":\"WebPage\",\"@id\":\"https:\\\/\\\/cvinoticias.com\\\/v3\\\/massa-desde-todo-el-norte-grande-vamos-a-dar-vuelta-la-historia\\\/\",\"url\":\"https:\\\/\\\/cvinoticias.com\\\/v3\\\/massa-desde-todo-el-norte-grande-vamos-a-dar-vuelta-la-historia\\\/\",\"name\":\"Massa: \\\"Desde todo el Norte Grande vamos a dar vuelta la historia\\\" | CVI NOTICIAS\",\"isPartOf\":{\"@id\":\"https:\\\/\\\/cvinoticias.com\\\/v3\\\/#website\"},\"primaryImageOfPage\":{\"@id\":\"https:\\\/\\\/cvinoticias.com\\\/v3\\\/massa-desde-todo-el-norte-grande-vamos-a-dar-vuelta-la-historia\\\/#primaryimage\"},\"image\":{\"@id\":\"https:\\\/\\\/cvinoticias.com\\\/v3\\\/massa-desde-todo-el-norte-grande-vamos-a-dar-vuelta-la-historia\\\/#primaryimage\"},\"thumbnailUrl\":\"https:\\\/\\\/cvinoticias.com\\\/wp-content\\\/uploads\\\/2023\\\/09\\\/07-1.jpeg\",\"datePublished\":\"2023-09-09T22:15:59+00:00\",\"breadcrumb\":{\"@id\":\"https:\\\/\\\/cvinoticias.com\\\/v3\\\/massa-desde-todo-el-norte-grande-vamos-a-dar-vuelta-la-historia\\\/#breadcrumb\"},\"inLanguage\":\"es\",\"potentialAction\":[{\"@type\":\"ReadAction\",\"target\":[\"https:\\\/\\\/cvinoticias.com\\\/v3\\\/massa-desde-todo-el-norte-grande-vamos-a-dar-vuelta-la-historia\\\/\"]}]},{\"@type\":\"ImageObject\",\"inLanguage\":\"es\",\"@id\":\"https:\\\/\\\/cvinoticias.com\\\/v3\\\/massa-desde-todo-el-norte-grande-vamos-a-dar-vuelta-la-historia\\\/#primaryimage\",\"url\":\"https:\\\/\\\/cvinoticias.com\\\/wp-content\\\/uploads\\\/2023\\\/09\\\/07-1.jpeg\",\"contentUrl\":\"https:\\\/\\\/cvinoticias.com\\\/wp-content\\\/uploads\\\/2023\\\/09\\\/07-1.jpeg\",\"width\":1024,\"height\":682},{\"@type\":\"BreadcrumbList\",\"@id\":\"https:\\\/\\\/cvinoticias.com\\\/v3\\\/massa-desde-todo-el-norte-grande-vamos-a-dar-vuelta-la-historia\\\/#breadcrumb\",\"itemListElement\":[{\"@type\":\"ListItem\",\"position\":1,\"name\":\"Portada\",\"item\":\"https:\\\/\\\/cvinoticias.com\\\/v3\\\/\"},{\"@type\":\"ListItem\",\"position\":2,\"name\":\"Massa: \u00abDesde todo el Norte Grande vamos a dar vuelta la historia\u00bb\"}]},{\"@type\":\"WebSite\",\"@id\":\"https:\\\/\\\/cvinoticias.com\\\/v3\\\/#website\",\"url\":\"https:\\\/\\\/cvinoticias.com\\\/v3\\\/\",\"name\":\"CVI NOTICIAS\",\"description\":\"\",\"publisher\":{\"@id\":\"https:\\\/\\\/cvinoticias.com\\\/v3\\\/#organization\"},\"alternateName\":\"CVI\",\"potentialAction\":[{\"@type\":\"SearchAction\",\"target\":{\"@type\":\"EntryPoint\",\"urlTemplate\":\"https:\\\/\\\/cvinoticias.com\\\/v3\\\/?s={search_term_string}\"},\"query-input\":{\"@type\":\"PropertyValueSpecification\",\"valueRequired\":true,\"valueName\":\"search_term_string\"}}],\"inLanguage\":\"es\"},{\"@type\":\"Organization\",\"@id\":\"https:\\\/\\\/cvinoticias.com\\\/v3\\\/#organization\",\"name\":\"CVI NOTICIAS\",\"url\":\"https:\\\/\\\/cvinoticias.com\\\/v3\\\/\",\"logo\":{\"@type\":\"ImageObject\",\"inLanguage\":\"es\",\"@id\":\"https:\\\/\\\/cvinoticias.com\\\/v3\\\/#\\\/schema\\\/logo\\\/image\\\/\",\"url\":\"https:\\\/\\\/cvinoticias.com\\\/wp-content\\\/uploads\\\/2023\\\/04\\\/cropped-cropped-cropped-cropped-cropped-3-1.png\",\"contentUrl\":\"https:\\\/\\\/cvinoticias.com\\\/wp-content\\\/uploads\\\/2023\\\/04\\\/cropped-cropped-cropped-cropped-cropped-3-1.png\",\"width\":95,\"height\":122,\"caption\":\"CVI NOTICIAS\"},\"image\":{\"@id\":\"https:\\\/\\\/cvinoticias.com\\\/v3\\\/#\\\/schema\\\/logo\\\/image\\\/\"},\"sameAs\":[\"https:\\\/\\\/www.facebook.com\\\/cvinoticias\",\"https:\\\/\\\/www.instagram.com\\\/cvinoticias\\\/\",\"https:\\\/\\\/www.youtube.com\\\/@CVINOTICIAS\"]},{\"@type\":\"Person\",\"@id\":\"https:\\\/\\\/cvinoticias.com\\\/v3\\\/#\\\/schema\\\/person\\\/2db77e3c6bc03c538495d7b2b8be9b66\",\"name\":\"f1000024\",\"image\":{\"@type\":\"ImageObject\",\"inLanguage\":\"es\",\"@id\":\"https:\\\/\\\/secure.gravatar.com\\\/avatar\\\/d4fe7459cfc51ff5129ce1a732bbef5928568b8092d412ef95611616376bbeed?s=96&d=mm&r=g\",\"url\":\"https:\\\/\\\/secure.gravatar.com\\\/avatar\\\/d4fe7459cfc51ff5129ce1a732bbef5928568b8092d412ef95611616376bbeed?s=96&d=mm&r=g\",\"contentUrl\":\"https:\\\/\\\/secure.gravatar.com\\\/avatar\\\/d4fe7459cfc51ff5129ce1a732bbef5928568b8092d412ef95611616376bbeed?s=96&d=mm&r=g\",\"caption\":\"f1000024\"},\"url\":\"https:\\\/\\\/cvinoticias.com\\\/v3\\\/author\\\/f1000024\\\/\"}]}<\/script>\n<!-- \/ Yoast SEO plugin. -->","yoast_head_json":{"title":"Massa: \"Desde todo el Norte Grande vamos a dar vuelta la historia\" | CVI NOTICIAS","robots":{"index":"index","follow":"follow","max-snippet":"max-snippet:-1","max-image-preview":"max-image-preview:large","max-video-preview":"max-video-preview:-1"},"canonical":"https:\/\/cvinoticias.com\/v3\/massa-desde-todo-el-norte-grande-vamos-a-dar-vuelta-la-historia\/","og_locale":"es_ES","og_type":"article","og_title":"Massa: \"Desde todo el Norte Grande vamos a dar vuelta la historia\" | CVI NOTICIAS","og_description":"El Ministro y candidato presidencial asegur\u00f3 que \u00abhay que invitarla a la sociedad al cambio sin miedo\u00bb, y afirm\u00f3 que el Norte Argentino sabe que la coalici\u00f3n oficialista \u00abtiene el coraje y la firmeza como para poner en marcha de un proyecto de pa\u00eds m\u00e1s justo y federal\u00bb. El ministro de Econom\u00eda y candidato a [&hellip;]","og_url":"https:\/\/cvinoticias.com\/v3\/massa-desde-todo-el-norte-grande-vamos-a-dar-vuelta-la-historia\/","og_site_name":"CVI NOTICIAS","article_publisher":"https:\/\/www.facebook.com\/cvinoticias","article_published_time":"2023-09-09T22:15:59+00:00","og_image":[{"width":1024,"height":682,"url":"https:\/\/cvinoticias.com\/wp-content\/uploads\/2023\/09\/07-1.jpeg","type":"image\/jpeg"}],"author":"f1000024","twitter_card":"summary_large_image","twitter_misc":{"Escrito por":"f1000024","Tiempo de lectura":"7 minutos"},"schema":{"@context":"https:\/\/schema.org","@graph":[{"@type":"Article","@id":"https:\/\/cvinoticias.com\/v3\/massa-desde-todo-el-norte-grande-vamos-a-dar-vuelta-la-historia\/#article","isPartOf":{"@id":"https:\/\/cvinoticias.com\/v3\/massa-desde-todo-el-norte-grande-vamos-a-dar-vuelta-la-historia\/"},"author":{"name":"f1000024","@id":"https:\/\/cvinoticias.com\/v3\/#\/schema\/person\/2db77e3c6bc03c538495d7b2b8be9b66"},"headline":"Massa: \u00abDesde todo el Norte Grande vamos a dar vuelta la historia\u00bb","datePublished":"2023-09-09T22:15:59+00:00","mainEntityOfPage":{"@id":"https:\/\/cvinoticias.com\/v3\/massa-desde-todo-el-norte-grande-vamos-a-dar-vuelta-la-historia\/"},"wordCount":1448,"commentCount":0,"publisher":{"@id":"https:\/\/cvinoticias.com\/v3\/#organization"},"image":{"@id":"https:\/\/cvinoticias.com\/v3\/massa-desde-todo-el-norte-grande-vamos-a-dar-vuelta-la-historia\/#primaryimage"},"thumbnailUrl":"https:\/\/cvinoticias.com\/wp-content\/uploads\/2023\/09\/07-1.jpeg","articleSection":["Politica"],"inLanguage":"es","potentialAction":[{"@type":"CommentAction","name":"Comment","target":["https:\/\/cvinoticias.com\/v3\/massa-desde-todo-el-norte-grande-vamos-a-dar-vuelta-la-historia\/#respond"]}]},{"@type":"WebPage","@id":"https:\/\/cvinoticias.com\/v3\/massa-desde-todo-el-norte-grande-vamos-a-dar-vuelta-la-historia\/","url":"https:\/\/cvinoticias.com\/v3\/massa-desde-todo-el-norte-grande-vamos-a-dar-vuelta-la-historia\/","name":"Massa: \"Desde todo el Norte Grande vamos a dar vuelta la historia\" | CVI NOTICIAS","isPartOf":{"@id":"https:\/\/cvinoticias.com\/v3\/#website"},"primaryImageOfPage":{"@id":"https:\/\/cvinoticias.com\/v3\/massa-desde-todo-el-norte-grande-vamos-a-dar-vuelta-la-historia\/#primaryimage"},"image":{"@id":"https:\/\/cvinoticias.com\/v3\/massa-desde-todo-el-norte-grande-vamos-a-dar-vuelta-la-historia\/#primaryimage"},"thumbnailUrl":"https:\/\/cvinoticias.com\/wp-content\/uploads\/2023\/09\/07-1.jpeg","datePublished":"2023-09-09T22:15:59+00:00","breadcrumb":{"@id":"https:\/\/cvinoticias.com\/v3\/massa-desde-todo-el-norte-grande-vamos-a-dar-vuelta-la-historia\/#breadcrumb"},"inLanguage":"es","potentialAction":[{"@type":"ReadAction","target":["https:\/\/cvinoticias.com\/v3\/massa-desde-todo-el-norte-grande-vamos-a-dar-vuelta-la-historia\/"]}]},{"@type":"ImageObject","inLanguage":"es","@id":"https:\/\/cvinoticias.com\/v3\/massa-desde-todo-el-norte-grande-vamos-a-dar-vuelta-la-historia\/#primaryimage","url":"https:\/\/cvinoticias.com\/wp-content\/uploads\/2023\/09\/07-1.jpeg","contentUrl":"https:\/\/cvinoticias.com\/wp-content\/uploads\/2023\/09\/07-1.jpeg","width":1024,"height":682},{"@type":"BreadcrumbList","@id":"https:\/\/cvinoticias.com\/v3\/massa-desde-todo-el-norte-grande-vamos-a-dar-vuelta-la-historia\/#breadcrumb","itemListElement":[{"@type":"ListItem","position":1,"name":"Portada","item":"https:\/\/cvinoticias.com\/v3\/"},{"@type":"ListItem","position":2,"name":"Massa: \u00abDesde todo el Norte Grande vamos a dar vuelta la historia\u00bb"}]},{"@type":"WebSite","@id":"https:\/\/cvinoticias.com\/v3\/#website","url":"https:\/\/cvinoticias.com\/v3\/","name":"CVI NOTICIAS","description":"","publisher":{"@id":"https:\/\/cvinoticias.com\/v3\/#organization"},"alternateName":"CVI","potentialAction":[{"@type":"SearchAction","target":{"@type":"EntryPoint","urlTemplate":"https:\/\/cvinoticias.com\/v3\/?s={search_term_string}"},"query-input":{"@type":"PropertyValueSpecification","valueRequired":true,"valueName":"search_term_string"}}],"inLanguage":"es"},{"@type":"Organization","@id":"https:\/\/cvinoticias.com\/v3\/#organization","name":"CVI NOTICIAS","url":"https:\/\/cvinoticias.com\/v3\/","logo":{"@type":"ImageObject","inLanguage":"es","@id":"https:\/\/cvinoticias.com\/v3\/#\/schema\/logo\/image\/","url":"https:\/\/cvinoticias.com\/wp-content\/uploads\/2023\/04\/cropped-cropped-cropped-cropped-cropped-3-1.png","contentUrl":"https:\/\/cvinoticias.com\/wp-content\/uploads\/2023\/04\/cropped-cropped-cropped-cropped-cropped-3-1.png","width":95,"height":122,"caption":"CVI NOTICIAS"},"image":{"@id":"https:\/\/cvinoticias.com\/v3\/#\/schema\/logo\/image\/"},"sameAs":["https:\/\/www.facebook.com\/cvinoticias","https:\/\/www.instagram.com\/cvinoticias\/","https:\/\/www.youtube.com\/@CVINOTICIAS"]},{"@type":"Person","@id":"https:\/\/cvinoticias.com\/v3\/#\/schema\/person\/2db77e3c6bc03c538495d7b2b8be9b66","name":"f1000024","image":{"@type":"ImageObject","inLanguage":"es","@id":"https:\/\/secure.gravatar.com\/avatar\/d4fe7459cfc51ff5129ce1a732bbef5928568b8092d412ef95611616376bbeed?s=96&d=mm&r=g","url":"https:\/\/secure.gravatar.com\/avatar\/d4fe7459cfc51ff5129ce1a732bbef5928568b8092d412ef95611616376bbeed?s=96&d=mm&r=g","contentUrl":"https:\/\/secure.gravatar.com\/avatar\/d4fe7459cfc51ff5129ce1a732bbef5928568b8092d412ef95611616376bbeed?s=96&d=mm&r=g","caption":"f1000024"},"url":"https:\/\/cvinoticias.com\/v3\/author\/f1000024\/"}]}},"_links":{"self":[{"href":"https:\/\/cvinoticias.com\/v3\/wp-json\/wp\/v2\/posts\/27849","targetHints":{"allow":["GET"]}}],"collection":[{"href":"https:\/\/cvinoticias.com\/v3\/wp-json\/wp\/v2\/posts"}],"about":[{"href":"https:\/\/cvinoticias.com\/v3\/wp-json\/wp\/v2\/types\/post"}],"author":[{"embeddable":true,"href":"https:\/\/cvinoticias.com\/v3\/wp-json\/wp\/v2\/users\/2"}],"replies":[{"embeddable":true,"href":"https:\/\/cvinoticias.com\/v3\/wp-json\/wp\/v2\/comments?post=27849"}],"version-history":[{"count":1,"href":"https:\/\/cvinoticias.com\/v3\/wp-json\/wp\/v2\/posts\/27849\/revisions"}],"predecessor-version":[{"id":27851,"href":"https:\/\/cvinoticias.com\/v3\/wp-json\/wp\/v2\/posts\/27849\/revisions\/27851"}],"wp:featuredmedia":[{"embeddable":true,"href":"https:\/\/cvinoticias.com\/v3\/wp-json\/wp\/v2\/media\/27850"}],"wp:attachment":[{"href":"https:\/\/cvinoticias.com\/v3\/wp-json\/wp\/v2\/media?parent=27849"}],"wp:term":[{"taxonomy":"category","embeddable":true,"href":"https:\/\/cvinoticias.com\/v3\/wp-json\/wp\/v2\/categories?post=27849"},{"taxonomy":"post_tag","embeddable":true,"href":"https:\/\/cvinoticias.com\/v3\/wp-json\/wp\/v2\/tags?post=27849"}],"curies":[{"name":"wp","href":"https:\/\/api.w.org\/{rel}","templated":true}]}}