{"id":27842,"date":"2023-09-09T03:40:00","date_gmt":"2023-09-09T03:40:00","guid":{"rendered":"https:\/\/cvinoticias.com\/v3\/?p=27842"},"modified":"2023-09-09T03:40:00","modified_gmt":"2023-09-09T03:40:00","slug":"ivan-de-pineda-se-sumo-a-la-lista-de-las-celebridades-que-visitaron-cataratas","status":"publish","type":"post","link":"https:\/\/cvinoticias.com\/v3\/ivan-de-pineda-se-sumo-a-la-lista-de-las-celebridades-que-visitaron-cataratas\/","title":{"rendered":"Iv\u00e1n de Pineda se sum\u00f3 a la lista de las celebridades que visitaron Cataratas"},"content":{"rendered":"\n<p><strong><em>El reconocido modelo y conductor de televisi\u00f3n Iv\u00e1n de Pineda que se encuentra recorriendo el pa\u00eds con su nuevo programa de turismo llamado \u00abIv\u00e1n de Viaje\u00bb, que se emite todos los viernes por Telefe.<\/em><\/strong><\/p>\n\n\n\n<figure class=\"wp-block-video\"><video height=\"480\" style=\"aspect-ratio: 832 \/ 480;\" width=\"832\" controls src=\"https:\/\/cvinoticias.com\/wp-content\/uploads\/2023\/09\/VID-20230909-WA0003.mp4\"><\/video><\/figure>\n\n\n\n<p>Apostando al fomento y recorrido de nuestro hermoso pa\u00eds; Iv\u00e1n eligi\u00f3 #IguazuTodoElA\u00f1o para iniciar su ciclo de programas destinados a seguir realzando las cualidades de nuestro hermoso destino.<\/p>\n\n\n\n<p>Con im\u00e1genes exclusivas de nuestras Cataratas, de nuestra gastronom\u00eda, hoteler\u00eda y atractivos, Iv\u00e1n se llev\u00f3 las mejores experiencias de nuestra ciudad.<\/p>\n\n\n\n<p>Gracias a todo el equipo por la visita y por llevarse las mejores im\u00e1genes de #VisitIguazu.<\/p>\n","protected":false},"excerpt":{"rendered":"<p>El reconocido modelo y conductor de televisi\u00f3n Iv\u00e1n de Pineda que se encuentra recorriendo el pa\u00eds con su nuevo programa de turismo llamado \u00abIv\u00e1n de Viaje\u00bb, que se emite todos los viernes por Telefe. Apostando al fomento y recorrido de nuestro hermoso pa\u00eds; Iv\u00e1n eligi\u00f3 #IguazuTodoElA\u00f1o para iniciar su ciclo de programas destinados a seguir [&hellip;]<\/p>\n","protected":false},"author":2,"featured_media":27844,"comment_status":"open","ping_status":"open","sticky":false,"template":"","format":"standard","meta":{"footnotes":""},"categories":[50],"tags":[],"class_list":["post-27842","post","type-post","status-publish","format-standard","has-post-thumbnail","hentry","category-turismo"],"yoast_head":"<!-- This site is optimized with the Yoast SEO plugin v27.5 - https:\/\/yoast.com\/product\/yoast-seo-wordpress\/ -->\n<title>Iv\u00e1n de Pineda se sum\u00f3 a la lista de las celebridades que visitaron Cataratas | CVI NOTICIAS<\/title>\n<meta name=\"robots\" content=\"index, follow, max-snippet:-1, max-image-preview:large, max-video-preview:-1\" \/>\n<link rel=\"canonical\" href=\"https:\/\/cvinoticias.com\/v3\/ivan-de-pineda-se-sumo-a-la-lista-de-las-celebridades-que-visitaron-cataratas\/\" \/>\n<meta property=\"og:locale\" content=\"es_ES\" \/>\n<meta property=\"og:type\" content=\"article\" \/>\n<meta property=\"og:title\" content=\"Iv\u00e1n de Pineda se sum\u00f3 a la lista de las celebridades que visitaron Cataratas | CVI NOTICIAS\" \/>\n<meta property=\"og:description\" content=\"El reconocido modelo y conductor de televisi\u00f3n Iv\u00e1n de Pineda que se encuentra recorriendo el pa\u00eds con su nuevo programa de turismo llamado \u00abIv\u00e1n de Viaje\u00bb, que se emite todos los viernes por Telefe. Apostando al fomento y recorrido de nuestro hermoso pa\u00eds; Iv\u00e1n eligi\u00f3 #IguazuTodoElA\u00f1o para iniciar su ciclo de programas destinados a seguir [&hellip;]\" \/>\n<meta property=\"og:url\" content=\"https:\/\/cvinoticias.com\/v3\/ivan-de-pineda-se-sumo-a-la-lista-de-las-celebridades-que-visitaron-cataratas\/\" \/>\n<meta property=\"og:site_name\" content=\"CVI NOTICIAS\" \/>\n<meta property=\"article:publisher\" content=\"https:\/\/www.facebook.com\/cvinoticias\" \/>\n<meta property=\"article:published_time\" content=\"2023-09-09T03:40:00+00:00\" \/>\n<meta property=\"og:image\" content=\"https:\/\/cvinoticias.com\/wp-content\/uploads\/2023\/09\/375446984_1742649256197061_3527312836410095327_n.jpg\" \/>\n\t<meta property=\"og:image:width\" content=\"819\" \/>\n\t<meta property=\"og:image:height\" content=\"1024\" \/>\n\t<meta property=\"og:image:type\" content=\"image\/jpeg\" \/>\n<meta name=\"author\" content=\"f1000024\" \/>\n<meta name=\"twitter:card\" content=\"summary_large_image\" \/>\n<meta name=\"twitter:label1\" content=\"Escrito por\" \/>\n\t<meta name=\"twitter:data1\" content=\"f1000024\" \/>\n\t<meta name=\"twitter:label2\" content=\"Tiempo de lectura\" \/>\n\t<meta name=\"twitter:data2\" content=\"1 minuto\" \/>\n<script type=\"application\/ld+json\" class=\"yoast-schema-graph\">{\"@context\":\"https:\\\/\\\/schema.org\",\"@graph\":[{\"@type\":\"Article\",\"@id\":\"https:\\\/\\\/cvinoticias.com\\\/v3\\\/ivan-de-pineda-se-sumo-a-la-lista-de-las-celebridades-que-visitaron-cataratas\\\/#article\",\"isPartOf\":{\"@id\":\"https:\\\/\\\/cvinoticias.com\\\/v3\\\/ivan-de-pineda-se-sumo-a-la-lista-de-las-celebridades-que-visitaron-cataratas\\\/\"},\"author\":{\"name\":\"f1000024\",\"@id\":\"https:\\\/\\\/cvinoticias.com\\\/v3\\\/#\\\/schema\\\/person\\\/2db77e3c6bc03c538495d7b2b8be9b66\"},\"headline\":\"Iv\u00e1n de Pineda se sum\u00f3 a la lista de las celebridades que visitaron Cataratas\",\"datePublished\":\"2023-09-09T03:40:00+00:00\",\"mainEntityOfPage\":{\"@id\":\"https:\\\/\\\/cvinoticias.com\\\/v3\\\/ivan-de-pineda-se-sumo-a-la-lista-de-las-celebridades-que-visitaron-cataratas\\\/\"},\"wordCount\":126,\"commentCount\":0,\"publisher\":{\"@id\":\"https:\\\/\\\/cvinoticias.com\\\/v3\\\/#organization\"},\"image\":{\"@id\":\"https:\\\/\\\/cvinoticias.com\\\/v3\\\/ivan-de-pineda-se-sumo-a-la-lista-de-las-celebridades-que-visitaron-cataratas\\\/#primaryimage\"},\"thumbnailUrl\":\"https:\\\/\\\/cvinoticias.com\\\/wp-content\\\/uploads\\\/2023\\\/09\\\/375446984_1742649256197061_3527312836410095327_n.jpg\",\"articleSection\":[\"Turismo\"],\"inLanguage\":\"es\",\"potentialAction\":[{\"@type\":\"CommentAction\",\"name\":\"Comment\",\"target\":[\"https:\\\/\\\/cvinoticias.com\\\/v3\\\/ivan-de-pineda-se-sumo-a-la-lista-de-las-celebridades-que-visitaron-cataratas\\\/#respond\"]}]},{\"@type\":\"WebPage\",\"@id\":\"https:\\\/\\\/cvinoticias.com\\\/v3\\\/ivan-de-pineda-se-sumo-a-la-lista-de-las-celebridades-que-visitaron-cataratas\\\/\",\"url\":\"https:\\\/\\\/cvinoticias.com\\\/v3\\\/ivan-de-pineda-se-sumo-a-la-lista-de-las-celebridades-que-visitaron-cataratas\\\/\",\"name\":\"Iv\u00e1n de Pineda se sum\u00f3 a la lista de las celebridades que visitaron Cataratas | CVI NOTICIAS\",\"isPartOf\":{\"@id\":\"https:\\\/\\\/cvinoticias.com\\\/v3\\\/#website\"},\"primaryImageOfPage\":{\"@id\":\"https:\\\/\\\/cvinoticias.com\\\/v3\\\/ivan-de-pineda-se-sumo-a-la-lista-de-las-celebridades-que-visitaron-cataratas\\\/#primaryimage\"},\"image\":{\"@id\":\"https:\\\/\\\/cvinoticias.com\\\/v3\\\/ivan-de-pineda-se-sumo-a-la-lista-de-las-celebridades-que-visitaron-cataratas\\\/#primaryimage\"},\"thumbnailUrl\":\"https:\\\/\\\/cvinoticias.com\\\/wp-content\\\/uploads\\\/2023\\\/09\\\/375446984_1742649256197061_3527312836410095327_n.jpg\",\"datePublished\":\"2023-09-09T03:40:00+00:00\",\"breadcrumb\":{\"@id\":\"https:\\\/\\\/cvinoticias.com\\\/v3\\\/ivan-de-pineda-se-sumo-a-la-lista-de-las-celebridades-que-visitaron-cataratas\\\/#breadcrumb\"},\"inLanguage\":\"es\",\"potentialAction\":[{\"@type\":\"ReadAction\",\"target\":[\"https:\\\/\\\/cvinoticias.com\\\/v3\\\/ivan-de-pineda-se-sumo-a-la-lista-de-las-celebridades-que-visitaron-cataratas\\\/\"]}]},{\"@type\":\"ImageObject\",\"inLanguage\":\"es\",\"@id\":\"https:\\\/\\\/cvinoticias.com\\\/v3\\\/ivan-de-pineda-se-sumo-a-la-lista-de-las-celebridades-que-visitaron-cataratas\\\/#primaryimage\",\"url\":\"https:\\\/\\\/cvinoticias.com\\\/wp-content\\\/uploads\\\/2023\\\/09\\\/375446984_1742649256197061_3527312836410095327_n.jpg\",\"contentUrl\":\"https:\\\/\\\/cvinoticias.com\\\/wp-content\\\/uploads\\\/2023\\\/09\\\/375446984_1742649256197061_3527312836410095327_n.jpg\",\"width\":819,\"height\":1024},{\"@type\":\"BreadcrumbList\",\"@id\":\"https:\\\/\\\/cvinoticias.com\\\/v3\\\/ivan-de-pineda-se-sumo-a-la-lista-de-las-celebridades-que-visitaron-cataratas\\\/#breadcrumb\",\"itemListElement\":[{\"@type\":\"ListItem\",\"position\":1,\"name\":\"Portada\",\"item\":\"https:\\\/\\\/cvinoticias.com\\\/v3\\\/\"},{\"@type\":\"ListItem\",\"position\":2,\"name\":\"Iv\u00e1n de Pineda se sum\u00f3 a la lista de las celebridades que visitaron Cataratas\"}]},{\"@type\":\"WebSite\",\"@id\":\"https:\\\/\\\/cvinoticias.com\\\/v3\\\/#website\",\"url\":\"https:\\\/\\\/cvinoticias.com\\\/v3\\\/\",\"name\":\"CVI NOTICIAS\",\"description\":\"\",\"publisher\":{\"@id\":\"https:\\\/\\\/cvinoticias.com\\\/v3\\\/#organization\"},\"alternateName\":\"CVI\",\"potentialAction\":[{\"@type\":\"SearchAction\",\"target\":{\"@type\":\"EntryPoint\",\"urlTemplate\":\"https:\\\/\\\/cvinoticias.com\\\/v3\\\/?s={search_term_string}\"},\"query-input\":{\"@type\":\"PropertyValueSpecification\",\"valueRequired\":true,\"valueName\":\"search_term_string\"}}],\"inLanguage\":\"es\"},{\"@type\":\"Organization\",\"@id\":\"https:\\\/\\\/cvinoticias.com\\\/v3\\\/#organization\",\"name\":\"CVI NOTICIAS\",\"url\":\"https:\\\/\\\/cvinoticias.com\\\/v3\\\/\",\"logo\":{\"@type\":\"ImageObject\",\"inLanguage\":\"es\",\"@id\":\"https:\\\/\\\/cvinoticias.com\\\/v3\\\/#\\\/schema\\\/logo\\\/image\\\/\",\"url\":\"https:\\\/\\\/cvinoticias.com\\\/wp-content\\\/uploads\\\/2023\\\/04\\\/cropped-cropped-cropped-cropped-cropped-3-1.png\",\"contentUrl\":\"https:\\\/\\\/cvinoticias.com\\\/wp-content\\\/uploads\\\/2023\\\/04\\\/cropped-cropped-cropped-cropped-cropped-3-1.png\",\"width\":95,\"height\":122,\"caption\":\"CVI NOTICIAS\"},\"image\":{\"@id\":\"https:\\\/\\\/cvinoticias.com\\\/v3\\\/#\\\/schema\\\/logo\\\/image\\\/\"},\"sameAs\":[\"https:\\\/\\\/www.facebook.com\\\/cvinoticias\",\"https:\\\/\\\/www.instagram.com\\\/cvinoticias\\\/\",\"https:\\\/\\\/www.youtube.com\\\/@CVINOTICIAS\"]},{\"@type\":\"Person\",\"@id\":\"https:\\\/\\\/cvinoticias.com\\\/v3\\\/#\\\/schema\\\/person\\\/2db77e3c6bc03c538495d7b2b8be9b66\",\"name\":\"f1000024\",\"image\":{\"@type\":\"ImageObject\",\"inLanguage\":\"es\",\"@id\":\"https:\\\/\\\/secure.gravatar.com\\\/avatar\\\/d4fe7459cfc51ff5129ce1a732bbef5928568b8092d412ef95611616376bbeed?s=96&d=mm&r=g\",\"url\":\"https:\\\/\\\/secure.gravatar.com\\\/avatar\\\/d4fe7459cfc51ff5129ce1a732bbef5928568b8092d412ef95611616376bbeed?s=96&d=mm&r=g\",\"contentUrl\":\"https:\\\/\\\/secure.gravatar.com\\\/avatar\\\/d4fe7459cfc51ff5129ce1a732bbef5928568b8092d412ef95611616376bbeed?s=96&d=mm&r=g\",\"caption\":\"f1000024\"},\"url\":\"https:\\\/\\\/cvinoticias.com\\\/v3\\\/author\\\/f1000024\\\/\"}]}<\/script>\n<!-- \/ Yoast SEO plugin. -->","yoast_head_json":{"title":"Iv\u00e1n de Pineda se sum\u00f3 a la lista de las celebridades que visitaron Cataratas | CVI NOTICIAS","robots":{"index":"index","follow":"follow","max-snippet":"max-snippet:-1","max-image-preview":"max-image-preview:large","max-video-preview":"max-video-preview:-1"},"canonical":"https:\/\/cvinoticias.com\/v3\/ivan-de-pineda-se-sumo-a-la-lista-de-las-celebridades-que-visitaron-cataratas\/","og_locale":"es_ES","og_type":"article","og_title":"Iv\u00e1n de Pineda se sum\u00f3 a la lista de las celebridades que visitaron Cataratas | CVI NOTICIAS","og_description":"El reconocido modelo y conductor de televisi\u00f3n Iv\u00e1n de Pineda que se encuentra recorriendo el pa\u00eds con su nuevo programa de turismo llamado \u00abIv\u00e1n de Viaje\u00bb, que se emite todos los viernes por Telefe. Apostando al fomento y recorrido de nuestro hermoso pa\u00eds; Iv\u00e1n eligi\u00f3 #IguazuTodoElA\u00f1o para iniciar su ciclo de programas destinados a seguir [&hellip;]","og_url":"https:\/\/cvinoticias.com\/v3\/ivan-de-pineda-se-sumo-a-la-lista-de-las-celebridades-que-visitaron-cataratas\/","og_site_name":"CVI NOTICIAS","article_publisher":"https:\/\/www.facebook.com\/cvinoticias","article_published_time":"2023-09-09T03:40:00+00:00","og_image":[{"width":819,"height":1024,"url":"https:\/\/cvinoticias.com\/wp-content\/uploads\/2023\/09\/375446984_1742649256197061_3527312836410095327_n.jpg","type":"image\/jpeg"}],"author":"f1000024","twitter_card":"summary_large_image","twitter_misc":{"Escrito por":"f1000024","Tiempo de lectura":"1 minuto"},"schema":{"@context":"https:\/\/schema.org","@graph":[{"@type":"Article","@id":"https:\/\/cvinoticias.com\/v3\/ivan-de-pineda-se-sumo-a-la-lista-de-las-celebridades-que-visitaron-cataratas\/#article","isPartOf":{"@id":"https:\/\/cvinoticias.com\/v3\/ivan-de-pineda-se-sumo-a-la-lista-de-las-celebridades-que-visitaron-cataratas\/"},"author":{"name":"f1000024","@id":"https:\/\/cvinoticias.com\/v3\/#\/schema\/person\/2db77e3c6bc03c538495d7b2b8be9b66"},"headline":"Iv\u00e1n de Pineda se sum\u00f3 a la lista de las celebridades que visitaron Cataratas","datePublished":"2023-09-09T03:40:00+00:00","mainEntityOfPage":{"@id":"https:\/\/cvinoticias.com\/v3\/ivan-de-pineda-se-sumo-a-la-lista-de-las-celebridades-que-visitaron-cataratas\/"},"wordCount":126,"commentCount":0,"publisher":{"@id":"https:\/\/cvinoticias.com\/v3\/#organization"},"image":{"@id":"https:\/\/cvinoticias.com\/v3\/ivan-de-pineda-se-sumo-a-la-lista-de-las-celebridades-que-visitaron-cataratas\/#primaryimage"},"thumbnailUrl":"https:\/\/cvinoticias.com\/wp-content\/uploads\/2023\/09\/375446984_1742649256197061_3527312836410095327_n.jpg","articleSection":["Turismo"],"inLanguage":"es","potentialAction":[{"@type":"CommentAction","name":"Comment","target":["https:\/\/cvinoticias.com\/v3\/ivan-de-pineda-se-sumo-a-la-lista-de-las-celebridades-que-visitaron-cataratas\/#respond"]}]},{"@type":"WebPage","@id":"https:\/\/cvinoticias.com\/v3\/ivan-de-pineda-se-sumo-a-la-lista-de-las-celebridades-que-visitaron-cataratas\/","url":"https:\/\/cvinoticias.com\/v3\/ivan-de-pineda-se-sumo-a-la-lista-de-las-celebridades-que-visitaron-cataratas\/","name":"Iv\u00e1n de Pineda se sum\u00f3 a la lista de las celebridades que visitaron Cataratas | CVI NOTICIAS","isPartOf":{"@id":"https:\/\/cvinoticias.com\/v3\/#website"},"primaryImageOfPage":{"@id":"https:\/\/cvinoticias.com\/v3\/ivan-de-pineda-se-sumo-a-la-lista-de-las-celebridades-que-visitaron-cataratas\/#primaryimage"},"image":{"@id":"https:\/\/cvinoticias.com\/v3\/ivan-de-pineda-se-sumo-a-la-lista-de-las-celebridades-que-visitaron-cataratas\/#primaryimage"},"thumbnailUrl":"https:\/\/cvinoticias.com\/wp-content\/uploads\/2023\/09\/375446984_1742649256197061_3527312836410095327_n.jpg","datePublished":"2023-09-09T03:40:00+00:00","breadcrumb":{"@id":"https:\/\/cvinoticias.com\/v3\/ivan-de-pineda-se-sumo-a-la-lista-de-las-celebridades-que-visitaron-cataratas\/#breadcrumb"},"inLanguage":"es","potentialAction":[{"@type":"ReadAction","target":["https:\/\/cvinoticias.com\/v3\/ivan-de-pineda-se-sumo-a-la-lista-de-las-celebridades-que-visitaron-cataratas\/"]}]},{"@type":"ImageObject","inLanguage":"es","@id":"https:\/\/cvinoticias.com\/v3\/ivan-de-pineda-se-sumo-a-la-lista-de-las-celebridades-que-visitaron-cataratas\/#primaryimage","url":"https:\/\/cvinoticias.com\/wp-content\/uploads\/2023\/09\/375446984_1742649256197061_3527312836410095327_n.jpg","contentUrl":"https:\/\/cvinoticias.com\/wp-content\/uploads\/2023\/09\/375446984_1742649256197061_3527312836410095327_n.jpg","width":819,"height":1024},{"@type":"BreadcrumbList","@id":"https:\/\/cvinoticias.com\/v3\/ivan-de-pineda-se-sumo-a-la-lista-de-las-celebridades-que-visitaron-cataratas\/#breadcrumb","itemListElement":[{"@type":"ListItem","position":1,"name":"Portada","item":"https:\/\/cvinoticias.com\/v3\/"},{"@type":"ListItem","position":2,"name":"Iv\u00e1n de Pineda se sum\u00f3 a la lista de las celebridades que visitaron Cataratas"}]},{"@type":"WebSite","@id":"https:\/\/cvinoticias.com\/v3\/#website","url":"https:\/\/cvinoticias.com\/v3\/","name":"CVI NOTICIAS","description":"","publisher":{"@id":"https:\/\/cvinoticias.com\/v3\/#organization"},"alternateName":"CVI","potentialAction":[{"@type":"SearchAction","target":{"@type":"EntryPoint","urlTemplate":"https:\/\/cvinoticias.com\/v3\/?s={search_term_string}"},"query-input":{"@type":"PropertyValueSpecification","valueRequired":true,"valueName":"search_term_string"}}],"inLanguage":"es"},{"@type":"Organization","@id":"https:\/\/cvinoticias.com\/v3\/#organization","name":"CVI NOTICIAS","url":"https:\/\/cvinoticias.com\/v3\/","logo":{"@type":"ImageObject","inLanguage":"es","@id":"https:\/\/cvinoticias.com\/v3\/#\/schema\/logo\/image\/","url":"https:\/\/cvinoticias.com\/wp-content\/uploads\/2023\/04\/cropped-cropped-cropped-cropped-cropped-3-1.png","contentUrl":"https:\/\/cvinoticias.com\/wp-content\/uploads\/2023\/04\/cropped-cropped-cropped-cropped-cropped-3-1.png","width":95,"height":122,"caption":"CVI NOTICIAS"},"image":{"@id":"https:\/\/cvinoticias.com\/v3\/#\/schema\/logo\/image\/"},"sameAs":["https:\/\/www.facebook.com\/cvinoticias","https:\/\/www.instagram.com\/cvinoticias\/","https:\/\/www.youtube.com\/@CVINOTICIAS"]},{"@type":"Person","@id":"https:\/\/cvinoticias.com\/v3\/#\/schema\/person\/2db77e3c6bc03c538495d7b2b8be9b66","name":"f1000024","image":{"@type":"ImageObject","inLanguage":"es","@id":"https:\/\/secure.gravatar.com\/avatar\/d4fe7459cfc51ff5129ce1a732bbef5928568b8092d412ef95611616376bbeed?s=96&d=mm&r=g","url":"https:\/\/secure.gravatar.com\/avatar\/d4fe7459cfc51ff5129ce1a732bbef5928568b8092d412ef95611616376bbeed?s=96&d=mm&r=g","contentUrl":"https:\/\/secure.gravatar.com\/avatar\/d4fe7459cfc51ff5129ce1a732bbef5928568b8092d412ef95611616376bbeed?s=96&d=mm&r=g","caption":"f1000024"},"url":"https:\/\/cvinoticias.com\/v3\/author\/f1000024\/"}]}},"_links":{"self":[{"href":"https:\/\/cvinoticias.com\/v3\/wp-json\/wp\/v2\/posts\/27842","targetHints":{"allow":["GET"]}}],"collection":[{"href":"https:\/\/cvinoticias.com\/v3\/wp-json\/wp\/v2\/posts"}],"about":[{"href":"https:\/\/cvinoticias.com\/v3\/wp-json\/wp\/v2\/types\/post"}],"author":[{"embeddable":true,"href":"https:\/\/cvinoticias.com\/v3\/wp-json\/wp\/v2\/users\/2"}],"replies":[{"embeddable":true,"href":"https:\/\/cvinoticias.com\/v3\/wp-json\/wp\/v2\/comments?post=27842"}],"version-history":[{"count":1,"href":"https:\/\/cvinoticias.com\/v3\/wp-json\/wp\/v2\/posts\/27842\/revisions"}],"predecessor-version":[{"id":27845,"href":"https:\/\/cvinoticias.com\/v3\/wp-json\/wp\/v2\/posts\/27842\/revisions\/27845"}],"wp:featuredmedia":[{"embeddable":true,"href":"https:\/\/cvinoticias.com\/v3\/wp-json\/wp\/v2\/media\/27844"}],"wp:attachment":[{"href":"https:\/\/cvinoticias.com\/v3\/wp-json\/wp\/v2\/media?parent=27842"}],"wp:term":[{"taxonomy":"category","embeddable":true,"href":"https:\/\/cvinoticias.com\/v3\/wp-json\/wp\/v2\/categories?post=27842"},{"taxonomy":"post_tag","embeddable":true,"href":"https:\/\/cvinoticias.com\/v3\/wp-json\/wp\/v2\/tags?post=27842"}],"curies":[{"name":"wp","href":"https:\/\/api.w.org\/{rel}","templated":true}]}}